{"id":26498,"date":"2022-01-06T14:40:24","date_gmt":"2022-01-06T17:40:24","guid":{"rendered":"https:\/\/jornalfatosenoticias.com.br\/?p=26498"},"modified":"2022-01-06T14:40:28","modified_gmt":"2022-01-06T17:40:28","slug":"acao-de-inconstitucionalidade-revogacao-da-lei-de-alienacao-parental-tributo-a-joanna-marcenal-parte-iiif","status":"publish","type":"post","link":"https:\/\/jornalfatosenoticias.com.br\/index.php\/2022\/01\/06\/acao-de-inconstitucionalidade-revogacao-da-lei-de-alienacao-parental-tributo-a-joanna-marcenal-parte-iiif\/","title":{"rendered":"A\u00e7\u00e3o de Inconstitucionalidade. Revoga\u00e7\u00e3o da Lei de Aliena\u00e7\u00e3o Parental. Tributo \u00e0 Joanna Marcenal \u2014 Parte IIIf"},"content":{"rendered":"\n<p><em><span class=\"has-inline-color has-black-color\">Apontada como primeira v\u00edtima da Aliena\u00e7\u00e3o Parental, Joanna Marcenal perdeu a vida aos cinco anos de idade. A menina teve a guarda disputada entre os pais ap\u00f3s a separa\u00e7\u00e3o do casal<\/span><\/em><\/p>\n\n\n\n<p>Sim. Um Processo que nasce como cumprimento ao Art. 13 do Estatuto da Crian\u00e7a e do Adolescente (ECA), den\u00fancia de abuso sexual intrafamiliar, a pr\u00e1tica do incesto, predador, e que \u00e9 logo travestido de uma alega\u00e7\u00e3o de aliena\u00e7\u00e3o parental, a armadilha dogm\u00e1tica, custa cerca de um milh\u00e3o de reais. Refiro-me aos custos legais, n\u00e3o estando computados aqui os valores paralelos, que t\u00eam at\u00e9 tabela para contemplar a gradua\u00e7\u00e3o dos recebedores. Falamos dos custos legais. Portanto, algu\u00e9m tem a ingenuidade de pensar que esta gorda fatia, nutriente de uma cadeia alimentar bem estruturada em torno desse ganho f\u00e1cil, vai ser retirado deste mercado s\u00f3 porque a criancinha n\u00e3o pode ser abusada? \u00c9 mais f\u00e1cil.<br>A interdi\u00e7\u00e3o desse comportamento predador e primitivo, <span class=\"has-inline-color has-black-color\"><strong>o incesto,<\/strong><\/span> \u00e9 o marco civilizat\u00f3rio para a humanidade, porque demarca territ\u00f3rios distintos, um que se refere \u00e0 consanguinidade e afins, que \u00e9 preenchido por responsabilidade e prote\u00e7\u00e3o \u00e0s crias, onde <strong><span class=\"has-inline-color has-black-color\">o afeto n\u00e3o sexualizado<\/span><\/strong> tem seu maior espa\u00e7o. O outro territ\u00f3rio diz respeito \u00e0 busca pelo outro n\u00e3o consangu\u00edneo, o que estimula os humanos \u00e0 conquista afetiva. Sociabilidade, amores, amizades, cidadania, s\u00e3o pilares da civiliza\u00e7\u00e3o humana. A Justi\u00e7a \u00e9 o regramento da administra\u00e7\u00e3o desses pilares, que deveria ser repartido por todos. Todos. Mas<br>A humanicidade \u00e9 o recheio que preenche todos, mulheres e homens. Mas, sabemos que, o homem e a mulher adquirem comportamentos que n\u00e3o encontramos entre animais. S\u00e3o subanimais. A maldade com o outro, e, particularmente, contra o outro enquanto vulner\u00e1vel, atinge os piores e mais cru\u00e9is requintes de viol\u00eancia, em geral, n\u00e3o expl\u00edcita.<br>A ADI \u2014 A\u00e7\u00e3o de Inconstitucionalidade da Lei de Aliena\u00e7\u00e3o Parental \u2014 foi extinta por interpreta\u00e7\u00e3o de causas processuais, por formalidades. O M\u00c9RITO, o teor da inconstitucionalidade, nem foi tocado. N\u00e3o tem import\u00e2ncia? N\u00e3o importam a integridade f\u00edsica, psicol\u00f3gica e moral de Crian\u00e7as? A doutrina do direito enxerga muitos direitos de pais transgressores, e nenhum direito da Crian\u00e7a. <\/p>\n\n\n\n<figure class=\"wp-block-image size-large\"><img loading=\"lazy\" decoding=\"async\" width=\"1000\" height=\"666\" src=\"https:\/\/jornalfatosenoticias.com.br\/wp-content\/uploads\/2022\/01\/alienacao-parental_joanna-marcenal.jpg\" alt=\"\" class=\"wp-image-26499\" srcset=\"https:\/\/jornalfatosenoticias.com.br\/wp-content\/uploads\/2022\/01\/alienacao-parental_joanna-marcenal.jpg 1000w, https:\/\/jornalfatosenoticias.com.br\/wp-content\/uploads\/2022\/01\/alienacao-parental_joanna-marcenal-300x200.jpg 300w, https:\/\/jornalfatosenoticias.com.br\/wp-content\/uploads\/2022\/01\/alienacao-parental_joanna-marcenal-768x511.jpg 768w\" sizes=\"auto, (max-width: 1000px) 100vw, 1000px\" \/><figcaption><em><span class=\"has-inline-color has-black-color\">\u201cJoanna foi mais uma crian\u00e7a revitimizada dentro deste sistema. Pedimos justi\u00e7a para ela, sua m\u00e3e e tantas outras que enfrentam realidades t\u00e3o extremas quanto\u201d, declara uma das manifestantes durante o ato em frente ao TJ-RS (Foto: Joana Berwanger\/Sul21)<\/span><\/em><\/figcaption><\/figure>\n\n\n\n<p>Continuamos promovendo a condena\u00e7\u00e3o da m\u00e3e que ousar denunciar um abusador, procurando prote\u00e7\u00e3o para um vulner\u00e1vel, seu filho, sua filha. Nesse cen\u00e1rio, a sa\u00fade f\u00edsica e a sa\u00fade mental de Crian\u00e7as, n\u00e3o importam. A superficialidade que comp\u00f5e o Sofisma de desqualifica\u00e7\u00e3o da voz da Mulher, a louca, e da Crian\u00e7a, a mentirosa, garante a p\u00edfia argumenta\u00e7\u00e3o que atropela provas materiais, fissura anal, rompimento de h\u00edmen, a contamina\u00e7\u00e3o de uma Crian\u00e7a da Primeira Inf\u00e2ncia por DST, doen\u00e7a sexualmente transmitida, relato de abusos sexuais, pormenorizado e coerente, da Crian\u00e7a, nada, nada, \u00e9 suficiente para que o aparato judicial escute, s\u00f3 escute, e tenha bom senso. Em lugar disso, operadores de justi\u00e7a optam por descumprir a Justi\u00e7a, obrigam Mulheres que, receberam da Justi\u00e7a, uma Medida Protetiva que determina o distanciamento de no m\u00ednimo 200 metros, a se sentar ao lado de seu agressor, ou manda que ela o receba dentro de casa, e ainda justificam dizendo que, assim, a crian\u00e7a vai pensar que os pais n\u00e3o brigam mais. \u00c9 a institucionaliza\u00e7\u00e3o da mentira, \u00e0s custas do sofrimento por humilha\u00e7\u00e3o e terror daquela que era espancada. Se h\u00e1 um indiciamento de um pai abusador por uma Vara, a outra, o inocenta e inverte a guarda em favor do abusador, condenando a m\u00e3e pela fal\u00e1cia da aliena\u00e7\u00e3o e proibindo, sem respaldo, o exerc\u00edcio da maternidade, Direito da M\u00e3e Natureza. Todos os mam\u00edferos t\u00eam direito \u00e0 m\u00e3e. Menos os humanos que t\u00eam um pai que pratica a transgress\u00e3o da interdi\u00e7\u00e3o do incesto.<br>A condena\u00e7\u00e3o da m\u00e3e, nesse dogma da aliena\u00e7\u00e3o parental, termo inventado por um m\u00e9dico defensor expl\u00edcito da pedofilia, e praticante, \u00e9 estabelecida por proje\u00e7\u00e3o futura, uma estimativa imposs\u00edvel de acerto quando se trata da versatilidade do g\u00eanero humano, sem evid\u00eancia nem consist\u00eancia. Quem falou que causa patologias? Quem pesquisou e provou essa hip\u00f3tese? N\u00e3o h\u00e1 estudos longitudinais sobre Crian\u00e7as que na inf\u00e2ncia ouviram \u201cfalar mal\u201d de um dos genitores, ou dos dois, simultaneamente, o que \u00e9 o mais comum. N\u00e3o h\u00e1 aceita\u00e7\u00e3o nas Sociedades Cient\u00edficas de Psiquiatria nem de Psicologia do que esse m\u00e9dico ped\u00f3filo quis criar, uma patologia da m\u00e3e que prejudicasse o desenvolvimento da Crian\u00e7a. \u00c9 a cleptoepsitemologia.<br>Assim, como uma seita, cr\u00ea-se que faz mal para o pleno desenvolvimento da Crian\u00e7a, ficar sem o conv\u00edvio do pai, Direito do pai, acima de tudo, que vem em defesa, at\u00e9, dos pais estupradores. \u00c9 como se a Crian\u00e7a n\u00e3o conseguisse sobreviver sem a presen\u00e7a do pai, seja ele, cocain\u00f4mano, estuprador, agressor da m\u00e3e.<\/p>\n\n\n\n<figure class=\"wp-block-image size-large\"><img loading=\"lazy\" decoding=\"async\" width=\"1000\" height=\"666\" src=\"https:\/\/jornalfatosenoticias.com.br\/wp-content\/uploads\/2022\/01\/maternicidio_joanna-marcenal2_credito_joana-berwanger.jpg\" alt=\"\" class=\"wp-image-26500\" srcset=\"https:\/\/jornalfatosenoticias.com.br\/wp-content\/uploads\/2022\/01\/maternicidio_joanna-marcenal2_credito_joana-berwanger.jpg 1000w, https:\/\/jornalfatosenoticias.com.br\/wp-content\/uploads\/2022\/01\/maternicidio_joanna-marcenal2_credito_joana-berwanger-300x200.jpg 300w, https:\/\/jornalfatosenoticias.com.br\/wp-content\/uploads\/2022\/01\/maternicidio_joanna-marcenal2_credito_joana-berwanger-768x511.jpg 768w\" sizes=\"auto, (max-width: 1000px) 100vw, 1000px\" \/><figcaption><em><span class=\"has-inline-color has-black-color\">\u201cJoanna foi mais uma crian\u00e7a revitimizada dentro deste sistema. Pedimos justi\u00e7a para ela, sua m\u00e3e e tantas outras que enfrentam realidades t\u00e3o extremas quanto\u201d, declara uma das manifestantes durante o ato em frente ao TJ-RS (Foto: Joana Berwanger\/Sul21)<\/span><\/em><\/figcaption><\/figure>\n\n\n\n<p>No entanto, essa justi\u00e7a t\u00e3o \u201czelosa\u201d pelo conv\u00edvio com o pai, de qualquer perfil, n\u00e3o considera que o conv\u00edvio com a m\u00e3e tenha qualquer import\u00e2ncia, porque, em nome dessa cren\u00e7a aliena\u00e7\u00e3o, a m\u00e3e \u00e9 afastada brutalmente da Crian\u00e7a. Algu\u00e9m j\u00e1 calculou quantas vezes uma menina ou um menino pronuncia essa palavra por dia? M\u00e3e, t\u00f4 com fome; m\u00e3e, j\u00e1 acabei; m\u00e3e, n\u00e3o quero; m\u00e3e, t\u00e1 doendo; m\u00e3e, t\u00f4 com medo. E, de um dia para o outro, sem que ningu\u00e9m lhe d\u00ea um \u00fanico aviso, ele n\u00e3o tem mais como pronunciar essa palavra que lhe \u00e9 t\u00e3o significativa. Aprende, precocemente, a sufocar o que era natural. As crian\u00e7as ainda amamentadas ao peito, que ainda est\u00e3o aprendendo a articular sua primeira palavra, perdem o leite, o cheiro, o olhar, o colo aconchegante. Justificativas que desconsideram o Direito da Crian\u00e7a, argumentam com a mamadeira que o pai e a madrasta v\u00e3o fornecer. Fornecer. A madrasta, ali\u00e1s, em muitos casos ganha a guarda da Crian\u00e7a, sem nenhuma considera\u00e7\u00e3o com a complexidade dessas rela\u00e7\u00f5es imbricadas. As Crian\u00e7as um pouco maiores, s\u00e3o obrigadas a chamar de m\u00e3e essa madrasta. Quem se importa com o que a Crian\u00e7a sente? Afinal, se a m\u00e3e \u00e9 alcunhada de \u201calienadora de grau severo\u201d, s\u00f3 isso \u00e9 o bastante para <em><span class=\"has-inline-color has-black-color\"><strong>trocar a m\u00e3e da Crian\u00e7a.<\/strong><\/span><\/em><br>A emboscada jur\u00eddica, o substitutivo, recentemente, votado pela C\u00e2mara Federal, consagrou a \u201cdoen\u00e7a aliena\u00e7\u00e3o\u201d, de uma s\u00f3 tacada. Tratada como doen\u00e7a que o juiz manda, compulsoriamente, para a psic\u00f3loga que far\u00e1 Relat\u00f3rios, um inicial, outro peri\u00f3dicos e um final, violando assim, o Princ\u00edpio Fundamental da \u00c9tica do Psic\u00f3logo, o <em><strong><span class=\"has-inline-color has-black-color\">SIGILO.<\/span><\/strong><\/em> Exposta a terceiros em suas dores emocionais e em suas intimidades mais secretas, o que sobrar\u00e1 dessa m\u00e3e, taxada de \u201calienadora\u201d? \u00c9 a lei descumprindo a lei.<br>A lei de aliena\u00e7\u00e3o parental, que nasceu suja de sangue da Joanna Marcenal, sua primeira v\u00edtima letal, tem erros graves em sua raiz e em sua permiss\u00e3o a manobras sofism\u00e1ticas. Fonte dourada de enriquecimento de alguns, patrocinada pela dor da desqualifica\u00e7\u00e3o da Voz da Crian\u00e7a. Dolo e Prevarica\u00e7\u00e3o, robustecem a Cultura da Impunidade.<br>Em p\u00e9 de jaca n\u00e3o d\u00e1 morango.<\/p>\n\n\n\n<p><span class=\"has-inline-color has-black-color\"><em><strong>Foto de capa: <\/strong>Marcelo Carnaval\/Ag\u00eancia O Globo<\/em><\/span><\/p>\n","protected":false},"excerpt":{"rendered":"<p>Apontada como primeira v\u00edtima da Aliena\u00e7\u00e3o Parental, Joanna Marcenal perdeu a vida aos cinco anos de idade. A menina teve a guarda disputada entre os pais ap\u00f3s a separa\u00e7\u00e3o do casal Sim. Um Processo que nasce como cumprimento ao Art. 13 do Estatuto da Crian\u00e7a e do Adolescente (ECA), den\u00fancia de abuso sexual intrafamiliar, a [&hellip;]<\/p>\n","protected":false},"author":8,"featured_media":26501,"comment_status":"open","ping_status":"open","sticky":false,"template":"","format":"standard","meta":{"footnotes":""},"categories":[2522],"tags":[4400,12757,8318,1345,12758,12759],"class_list":["post-26498","post","type-post","status-publish","format-standard","has-post-thumbnail","hentry","category-comportamento","tag-abuso-sexual-infantil","tag-incesto","tag-joanna-marcenal","tag-justica","tag-predador-sexual","tag-prevaricacao"],"yoast_head":"<!-- This site is optimized with the Yoast SEO plugin v26.5 - https:\/\/yoast.com\/wordpress\/plugins\/seo\/ -->\n<title>A\u00e7\u00e3o de Inconstitucionalidade. Revoga\u00e7\u00e3o da Lei de Aliena\u00e7\u00e3o Parental. Tributo \u00e0 Joanna Marcenal \u2014 Parte IIIf - Jornal Fatos e Not\u00edcias<\/title>\n<meta name=\"robots\" content=\"index, follow, max-snippet:-1, max-image-preview:large, max-video-preview:-1\" \/>\n<link rel=\"canonical\" href=\"https:\/\/jornalfatosenoticias.com.br\/index.php\/2022\/01\/06\/acao-de-inconstitucionalidade-revogacao-da-lei-de-alienacao-parental-tributo-a-joanna-marcenal-parte-iiif\/\" \/>\n<meta property=\"og:locale\" content=\"pt_BR\" \/>\n<meta property=\"og:type\" content=\"article\" \/>\n<meta property=\"og:title\" content=\"A\u00e7\u00e3o de Inconstitucionalidade. Revoga\u00e7\u00e3o da Lei de Aliena\u00e7\u00e3o Parental. Tributo \u00e0 Joanna Marcenal \u2014 Parte IIIf - Jornal Fatos e Not\u00edcias\" \/>\n<meta property=\"og:description\" content=\"Apontada como primeira v\u00edtima da Aliena\u00e7\u00e3o Parental, Joanna Marcenal perdeu a vida aos cinco anos de idade. A menina teve a guarda disputada entre os pais ap\u00f3s a separa\u00e7\u00e3o do casal Sim. Um Processo que nasce como cumprimento ao Art. 13 do Estatuto da Crian\u00e7a e do Adolescente (ECA), den\u00fancia de abuso sexual intrafamiliar, a [&hellip;]\" \/>\n<meta property=\"og:url\" content=\"https:\/\/jornalfatosenoticias.com.br\/index.php\/2022\/01\/06\/acao-de-inconstitucionalidade-revogacao-da-lei-de-alienacao-parental-tributo-a-joanna-marcenal-parte-iiif\/\" \/>\n<meta property=\"og:site_name\" content=\"Jornal Fatos e Not\u00edcias\" \/>\n<meta property=\"article:published_time\" content=\"2022-01-06T17:40:24+00:00\" \/>\n<meta property=\"article:modified_time\" content=\"2022-01-06T17:40:28+00:00\" \/>\n<meta property=\"og:image\" content=\"https:\/\/jornalfatosenoticias.com.br\/wp-content\/uploads\/2022\/01\/joanna-marcenal.jpg\" \/>\n\t<meta property=\"og:image:width\" content=\"1000\" \/>\n\t<meta property=\"og:image:height\" content=\"492\" \/>\n\t<meta property=\"og:image:type\" content=\"image\/jpeg\" \/>\n<meta name=\"author\" content=\"Ana Maria Iencarelli\" \/>\n<meta name=\"twitter:card\" content=\"summary_large_image\" \/>\n<meta name=\"twitter:label1\" content=\"Escrito por\" \/>\n\t<meta name=\"twitter:data1\" content=\"Ana Maria Iencarelli\" \/>\n\t<meta name=\"twitter:label2\" content=\"Est. tempo de leitura\" \/>\n\t<meta name=\"twitter:data2\" content=\"7 minutos\" \/>\n<script type=\"application\/ld+json\" class=\"yoast-schema-graph\">{\"@context\":\"https:\/\/schema.org\",\"@graph\":[{\"@type\":\"Article\",\"@id\":\"https:\/\/jornalfatosenoticias.com.br\/index.php\/2022\/01\/06\/acao-de-inconstitucionalidade-revogacao-da-lei-de-alienacao-parental-tributo-a-joanna-marcenal-parte-iiif\/#article\",\"isPartOf\":{\"@id\":\"https:\/\/jornalfatosenoticias.com.br\/index.php\/2022\/01\/06\/acao-de-inconstitucionalidade-revogacao-da-lei-de-alienacao-parental-tributo-a-joanna-marcenal-parte-iiif\/\"},\"author\":{\"name\":\"Ana Maria Iencarelli\",\"@id\":\"https:\/\/jornalfatosenoticias.com.br\/#\/schema\/person\/c33fcf5fb02d729d3fec92c6737a22d1\"},\"headline\":\"A\u00e7\u00e3o de Inconstitucionalidade. Revoga\u00e7\u00e3o da Lei de Aliena\u00e7\u00e3o Parental. Tributo \u00e0 Joanna Marcenal \u2014 Parte IIIf\",\"datePublished\":\"2022-01-06T17:40:24+00:00\",\"dateModified\":\"2022-01-06T17:40:28+00:00\",\"mainEntityOfPage\":{\"@id\":\"https:\/\/jornalfatosenoticias.com.br\/index.php\/2022\/01\/06\/acao-de-inconstitucionalidade-revogacao-da-lei-de-alienacao-parental-tributo-a-joanna-marcenal-parte-iiif\/\"},\"wordCount\":1367,\"commentCount\":0,\"publisher\":{\"@id\":\"https:\/\/jornalfatosenoticias.com.br\/#organization\"},\"image\":{\"@id\":\"https:\/\/jornalfatosenoticias.com.br\/index.php\/2022\/01\/06\/acao-de-inconstitucionalidade-revogacao-da-lei-de-alienacao-parental-tributo-a-joanna-marcenal-parte-iiif\/#primaryimage\"},\"thumbnailUrl\":\"https:\/\/jornalfatosenoticias.com.br\/wp-content\/uploads\/2022\/01\/joanna-marcenal.jpg\",\"keywords\":[\"abuso sexual infantil\",\"incesto\",\"Joanna Marcenal\",\"justi\u00e7a\",\"predador sexual\",\"prevarica\u00e7\u00e3o\"],\"articleSection\":[\"Comportamento &amp; Equil\u00edbrio\"],\"inLanguage\":\"pt-BR\",\"potentialAction\":[{\"@type\":\"CommentAction\",\"name\":\"Comment\",\"target\":[\"https:\/\/jornalfatosenoticias.com.br\/index.php\/2022\/01\/06\/acao-de-inconstitucionalidade-revogacao-da-lei-de-alienacao-parental-tributo-a-joanna-marcenal-parte-iiif\/#respond\"]}]},{\"@type\":\"WebPage\",\"@id\":\"https:\/\/jornalfatosenoticias.com.br\/index.php\/2022\/01\/06\/acao-de-inconstitucionalidade-revogacao-da-lei-de-alienacao-parental-tributo-a-joanna-marcenal-parte-iiif\/\",\"url\":\"https:\/\/jornalfatosenoticias.com.br\/index.php\/2022\/01\/06\/acao-de-inconstitucionalidade-revogacao-da-lei-de-alienacao-parental-tributo-a-joanna-marcenal-parte-iiif\/\",\"name\":\"A\u00e7\u00e3o de Inconstitucionalidade. Revoga\u00e7\u00e3o da Lei de Aliena\u00e7\u00e3o Parental. Tributo \u00e0 Joanna Marcenal \u2014 Parte IIIf - Jornal Fatos e Not\u00edcias\",\"isPartOf\":{\"@id\":\"https:\/\/jornalfatosenoticias.com.br\/#website\"},\"primaryImageOfPage\":{\"@id\":\"https:\/\/jornalfatosenoticias.com.br\/index.php\/2022\/01\/06\/acao-de-inconstitucionalidade-revogacao-da-lei-de-alienacao-parental-tributo-a-joanna-marcenal-parte-iiif\/#primaryimage\"},\"image\":{\"@id\":\"https:\/\/jornalfatosenoticias.com.br\/index.php\/2022\/01\/06\/acao-de-inconstitucionalidade-revogacao-da-lei-de-alienacao-parental-tributo-a-joanna-marcenal-parte-iiif\/#primaryimage\"},\"thumbnailUrl\":\"https:\/\/jornalfatosenoticias.com.br\/wp-content\/uploads\/2022\/01\/joanna-marcenal.jpg\",\"datePublished\":\"2022-01-06T17:40:24+00:00\",\"dateModified\":\"2022-01-06T17:40:28+00:00\",\"breadcrumb\":{\"@id\":\"https:\/\/jornalfatosenoticias.com.br\/index.php\/2022\/01\/06\/acao-de-inconstitucionalidade-revogacao-da-lei-de-alienacao-parental-tributo-a-joanna-marcenal-parte-iiif\/#breadcrumb\"},\"inLanguage\":\"pt-BR\",\"potentialAction\":[{\"@type\":\"ReadAction\",\"target\":[\"https:\/\/jornalfatosenoticias.com.br\/index.php\/2022\/01\/06\/acao-de-inconstitucionalidade-revogacao-da-lei-de-alienacao-parental-tributo-a-joanna-marcenal-parte-iiif\/\"]}]},{\"@type\":\"ImageObject\",\"inLanguage\":\"pt-BR\",\"@id\":\"https:\/\/jornalfatosenoticias.com.br\/index.php\/2022\/01\/06\/acao-de-inconstitucionalidade-revogacao-da-lei-de-alienacao-parental-tributo-a-joanna-marcenal-parte-iiif\/#primaryimage\",\"url\":\"https:\/\/jornalfatosenoticias.com.br\/wp-content\/uploads\/2022\/01\/joanna-marcenal.jpg\",\"contentUrl\":\"https:\/\/jornalfatosenoticias.com.br\/wp-content\/uploads\/2022\/01\/joanna-marcenal.jpg\",\"width\":1000,\"height\":492},{\"@type\":\"BreadcrumbList\",\"@id\":\"https:\/\/jornalfatosenoticias.com.br\/index.php\/2022\/01\/06\/acao-de-inconstitucionalidade-revogacao-da-lei-de-alienacao-parental-tributo-a-joanna-marcenal-parte-iiif\/#breadcrumb\",\"itemListElement\":[{\"@type\":\"ListItem\",\"position\":1,\"name\":\"In\u00edcio\",\"item\":\"https:\/\/jornalfatosenoticias.com.br\/\"},{\"@type\":\"ListItem\",\"position\":2,\"name\":\"A\u00e7\u00e3o de Inconstitucionalidade. Revoga\u00e7\u00e3o da Lei de Aliena\u00e7\u00e3o Parental. Tributo \u00e0 Joanna Marcenal \u2014 Parte IIIf\"}]},{\"@type\":\"WebSite\",\"@id\":\"https:\/\/jornalfatosenoticias.com.br\/#website\",\"url\":\"https:\/\/jornalfatosenoticias.com.br\/\",\"name\":\"Jornal Fatos e Not\u00edcias\",\"description\":\"Not\u00edcias em geral\",\"publisher\":{\"@id\":\"https:\/\/jornalfatosenoticias.com.br\/#organization\"},\"potentialAction\":[{\"@type\":\"SearchAction\",\"target\":{\"@type\":\"EntryPoint\",\"urlTemplate\":\"https:\/\/jornalfatosenoticias.com.br\/?s={search_term_string}\"},\"query-input\":{\"@type\":\"PropertyValueSpecification\",\"valueRequired\":true,\"valueName\":\"search_term_string\"}}],\"inLanguage\":\"pt-BR\"},{\"@type\":\"Organization\",\"@id\":\"https:\/\/jornalfatosenoticias.com.br\/#organization\",\"name\":\"Jornal Fatos e Not\u00edcias\",\"url\":\"https:\/\/jornalfatosenoticias.com.br\/\",\"logo\":{\"@type\":\"ImageObject\",\"inLanguage\":\"pt-BR\",\"@id\":\"https:\/\/jornalfatosenoticias.com.br\/#\/schema\/logo\/image\/\",\"url\":\"https:\/\/jornalfatosenoticias.com.br\/wp-content\/uploads\/2020\/02\/logo120.png\",\"contentUrl\":\"https:\/\/jornalfatosenoticias.com.br\/wp-content\/uploads\/2020\/02\/logo120.png\",\"width\":1227,\"height\":120,\"caption\":\"Jornal Fatos e Not\u00edcias\"},\"image\":{\"@id\":\"https:\/\/jornalfatosenoticias.com.br\/#\/schema\/logo\/image\/\"}},{\"@type\":\"Person\",\"@id\":\"https:\/\/jornalfatosenoticias.com.br\/#\/schema\/person\/c33fcf5fb02d729d3fec92c6737a22d1\",\"name\":\"Ana Maria Iencarelli\",\"image\":{\"@type\":\"ImageObject\",\"inLanguage\":\"pt-BR\",\"@id\":\"https:\/\/jornalfatosenoticias.com.br\/#\/schema\/person\/image\/\",\"url\":\"https:\/\/jornalfatosenoticias.com.br\/wp-content\/uploads\/2020\/02\/Ana-Maria-Iencarelli-1-150x150.jpg\",\"contentUrl\":\"https:\/\/jornalfatosenoticias.com.br\/wp-content\/uploads\/2020\/02\/Ana-Maria-Iencarelli-1-150x150.jpg\",\"caption\":\"Ana Maria Iencarelli\"},\"description\":\"Psicanalista Cl\u00ednica, especializada no atendimento a Crian\u00e7as e Adolescentes. Presidente da ONG Vozes de Anjos.\",\"url\":\"https:\/\/jornalfatosenoticias.com.br\/index.php\/author\/anamaria\/\"}]}<\/script>\n<!-- \/ Yoast SEO plugin. -->","yoast_head_json":{"title":"A\u00e7\u00e3o de Inconstitucionalidade. Revoga\u00e7\u00e3o da Lei de Aliena\u00e7\u00e3o Parental. Tributo \u00e0 Joanna Marcenal \u2014 Parte IIIf - Jornal Fatos e Not\u00edcias","robots":{"index":"index","follow":"follow","max-snippet":"max-snippet:-1","max-image-preview":"max-image-preview:large","max-video-preview":"max-video-preview:-1"},"canonical":"https:\/\/jornalfatosenoticias.com.br\/index.php\/2022\/01\/06\/acao-de-inconstitucionalidade-revogacao-da-lei-de-alienacao-parental-tributo-a-joanna-marcenal-parte-iiif\/","og_locale":"pt_BR","og_type":"article","og_title":"A\u00e7\u00e3o de Inconstitucionalidade. Revoga\u00e7\u00e3o da Lei de Aliena\u00e7\u00e3o Parental. Tributo \u00e0 Joanna Marcenal \u2014 Parte IIIf - Jornal Fatos e Not\u00edcias","og_description":"Apontada como primeira v\u00edtima da Aliena\u00e7\u00e3o Parental, Joanna Marcenal perdeu a vida aos cinco anos de idade. A menina teve a guarda disputada entre os pais ap\u00f3s a separa\u00e7\u00e3o do casal Sim. Um Processo que nasce como cumprimento ao Art. 13 do Estatuto da Crian\u00e7a e do Adolescente (ECA), den\u00fancia de abuso sexual intrafamiliar, a [&hellip;]","og_url":"https:\/\/jornalfatosenoticias.com.br\/index.php\/2022\/01\/06\/acao-de-inconstitucionalidade-revogacao-da-lei-de-alienacao-parental-tributo-a-joanna-marcenal-parte-iiif\/","og_site_name":"Jornal Fatos e Not\u00edcias","article_published_time":"2022-01-06T17:40:24+00:00","article_modified_time":"2022-01-06T17:40:28+00:00","og_image":[{"width":1000,"height":492,"url":"https:\/\/jornalfatosenoticias.com.br\/wp-content\/uploads\/2022\/01\/joanna-marcenal.jpg","type":"image\/jpeg"}],"author":"Ana Maria Iencarelli","twitter_card":"summary_large_image","twitter_misc":{"Escrito por":"Ana Maria Iencarelli","Est. tempo de leitura":"7 minutos"},"schema":{"@context":"https:\/\/schema.org","@graph":[{"@type":"Article","@id":"https:\/\/jornalfatosenoticias.com.br\/index.php\/2022\/01\/06\/acao-de-inconstitucionalidade-revogacao-da-lei-de-alienacao-parental-tributo-a-joanna-marcenal-parte-iiif\/#article","isPartOf":{"@id":"https:\/\/jornalfatosenoticias.com.br\/index.php\/2022\/01\/06\/acao-de-inconstitucionalidade-revogacao-da-lei-de-alienacao-parental-tributo-a-joanna-marcenal-parte-iiif\/"},"author":{"name":"Ana Maria Iencarelli","@id":"https:\/\/jornalfatosenoticias.com.br\/#\/schema\/person\/c33fcf5fb02d729d3fec92c6737a22d1"},"headline":"A\u00e7\u00e3o de Inconstitucionalidade. Revoga\u00e7\u00e3o da Lei de Aliena\u00e7\u00e3o Parental. Tributo \u00e0 Joanna Marcenal \u2014 Parte IIIf","datePublished":"2022-01-06T17:40:24+00:00","dateModified":"2022-01-06T17:40:28+00:00","mainEntityOfPage":{"@id":"https:\/\/jornalfatosenoticias.com.br\/index.php\/2022\/01\/06\/acao-de-inconstitucionalidade-revogacao-da-lei-de-alienacao-parental-tributo-a-joanna-marcenal-parte-iiif\/"},"wordCount":1367,"commentCount":0,"publisher":{"@id":"https:\/\/jornalfatosenoticias.com.br\/#organization"},"image":{"@id":"https:\/\/jornalfatosenoticias.com.br\/index.php\/2022\/01\/06\/acao-de-inconstitucionalidade-revogacao-da-lei-de-alienacao-parental-tributo-a-joanna-marcenal-parte-iiif\/#primaryimage"},"thumbnailUrl":"https:\/\/jornalfatosenoticias.com.br\/wp-content\/uploads\/2022\/01\/joanna-marcenal.jpg","keywords":["abuso sexual infantil","incesto","Joanna Marcenal","justi\u00e7a","predador sexual","prevarica\u00e7\u00e3o"],"articleSection":["Comportamento &amp; Equil\u00edbrio"],"inLanguage":"pt-BR","potentialAction":[{"@type":"CommentAction","name":"Comment","target":["https:\/\/jornalfatosenoticias.com.br\/index.php\/2022\/01\/06\/acao-de-inconstitucionalidade-revogacao-da-lei-de-alienacao-parental-tributo-a-joanna-marcenal-parte-iiif\/#respond"]}]},{"@type":"WebPage","@id":"https:\/\/jornalfatosenoticias.com.br\/index.php\/2022\/01\/06\/acao-de-inconstitucionalidade-revogacao-da-lei-de-alienacao-parental-tributo-a-joanna-marcenal-parte-iiif\/","url":"https:\/\/jornalfatosenoticias.com.br\/index.php\/2022\/01\/06\/acao-de-inconstitucionalidade-revogacao-da-lei-de-alienacao-parental-tributo-a-joanna-marcenal-parte-iiif\/","name":"A\u00e7\u00e3o de Inconstitucionalidade. Revoga\u00e7\u00e3o da Lei de Aliena\u00e7\u00e3o Parental. Tributo \u00e0 Joanna Marcenal \u2014 Parte IIIf - Jornal Fatos e Not\u00edcias","isPartOf":{"@id":"https:\/\/jornalfatosenoticias.com.br\/#website"},"primaryImageOfPage":{"@id":"https:\/\/jornalfatosenoticias.com.br\/index.php\/2022\/01\/06\/acao-de-inconstitucionalidade-revogacao-da-lei-de-alienacao-parental-tributo-a-joanna-marcenal-parte-iiif\/#primaryimage"},"image":{"@id":"https:\/\/jornalfatosenoticias.com.br\/index.php\/2022\/01\/06\/acao-de-inconstitucionalidade-revogacao-da-lei-de-alienacao-parental-tributo-a-joanna-marcenal-parte-iiif\/#primaryimage"},"thumbnailUrl":"https:\/\/jornalfatosenoticias.com.br\/wp-content\/uploads\/2022\/01\/joanna-marcenal.jpg","datePublished":"2022-01-06T17:40:24+00:00","dateModified":"2022-01-06T17:40:28+00:00","breadcrumb":{"@id":"https:\/\/jornalfatosenoticias.com.br\/index.php\/2022\/01\/06\/acao-de-inconstitucionalidade-revogacao-da-lei-de-alienacao-parental-tributo-a-joanna-marcenal-parte-iiif\/#breadcrumb"},"inLanguage":"pt-BR","potentialAction":[{"@type":"ReadAction","target":["https:\/\/jornalfatosenoticias.com.br\/index.php\/2022\/01\/06\/acao-de-inconstitucionalidade-revogacao-da-lei-de-alienacao-parental-tributo-a-joanna-marcenal-parte-iiif\/"]}]},{"@type":"ImageObject","inLanguage":"pt-BR","@id":"https:\/\/jornalfatosenoticias.com.br\/index.php\/2022\/01\/06\/acao-de-inconstitucionalidade-revogacao-da-lei-de-alienacao-parental-tributo-a-joanna-marcenal-parte-iiif\/#primaryimage","url":"https:\/\/jornalfatosenoticias.com.br\/wp-content\/uploads\/2022\/01\/joanna-marcenal.jpg","contentUrl":"https:\/\/jornalfatosenoticias.com.br\/wp-content\/uploads\/2022\/01\/joanna-marcenal.jpg","width":1000,"height":492},{"@type":"BreadcrumbList","@id":"https:\/\/jornalfatosenoticias.com.br\/index.php\/2022\/01\/06\/acao-de-inconstitucionalidade-revogacao-da-lei-de-alienacao-parental-tributo-a-joanna-marcenal-parte-iiif\/#breadcrumb","itemListElement":[{"@type":"ListItem","position":1,"name":"In\u00edcio","item":"https:\/\/jornalfatosenoticias.com.br\/"},{"@type":"ListItem","position":2,"name":"A\u00e7\u00e3o de Inconstitucionalidade. Revoga\u00e7\u00e3o da Lei de Aliena\u00e7\u00e3o Parental. Tributo \u00e0 Joanna Marcenal \u2014 Parte IIIf"}]},{"@type":"WebSite","@id":"https:\/\/jornalfatosenoticias.com.br\/#website","url":"https:\/\/jornalfatosenoticias.com.br\/","name":"Jornal Fatos e Not\u00edcias","description":"Not\u00edcias em geral","publisher":{"@id":"https:\/\/jornalfatosenoticias.com.br\/#organization"},"potentialAction":[{"@type":"SearchAction","target":{"@type":"EntryPoint","urlTemplate":"https:\/\/jornalfatosenoticias.com.br\/?s={search_term_string}"},"query-input":{"@type":"PropertyValueSpecification","valueRequired":true,"valueName":"search_term_string"}}],"inLanguage":"pt-BR"},{"@type":"Organization","@id":"https:\/\/jornalfatosenoticias.com.br\/#organization","name":"Jornal Fatos e Not\u00edcias","url":"https:\/\/jornalfatosenoticias.com.br\/","logo":{"@type":"ImageObject","inLanguage":"pt-BR","@id":"https:\/\/jornalfatosenoticias.com.br\/#\/schema\/logo\/image\/","url":"https:\/\/jornalfatosenoticias.com.br\/wp-content\/uploads\/2020\/02\/logo120.png","contentUrl":"https:\/\/jornalfatosenoticias.com.br\/wp-content\/uploads\/2020\/02\/logo120.png","width":1227,"height":120,"caption":"Jornal Fatos e Not\u00edcias"},"image":{"@id":"https:\/\/jornalfatosenoticias.com.br\/#\/schema\/logo\/image\/"}},{"@type":"Person","@id":"https:\/\/jornalfatosenoticias.com.br\/#\/schema\/person\/c33fcf5fb02d729d3fec92c6737a22d1","name":"Ana Maria Iencarelli","image":{"@type":"ImageObject","inLanguage":"pt-BR","@id":"https:\/\/jornalfatosenoticias.com.br\/#\/schema\/person\/image\/","url":"https:\/\/jornalfatosenoticias.com.br\/wp-content\/uploads\/2020\/02\/Ana-Maria-Iencarelli-1-150x150.jpg","contentUrl":"https:\/\/jornalfatosenoticias.com.br\/wp-content\/uploads\/2020\/02\/Ana-Maria-Iencarelli-1-150x150.jpg","caption":"Ana Maria Iencarelli"},"description":"Psicanalista Cl\u00ednica, especializada no atendimento a Crian\u00e7as e Adolescentes. Presidente da ONG Vozes de Anjos.","url":"https:\/\/jornalfatosenoticias.com.br\/index.php\/author\/anamaria\/"}]}},"cc_featured_image_caption":{"caption_text":"Joanna Marcenal ","source_text":"","source_url":""},"jetpack_featured_media_url":"https:\/\/jornalfatosenoticias.com.br\/wp-content\/uploads\/2022\/01\/joanna-marcenal.jpg","_links":{"self":[{"href":"https:\/\/jornalfatosenoticias.com.br\/index.php\/wp-json\/wp\/v2\/posts\/26498","targetHints":{"allow":["GET"]}}],"collection":[{"href":"https:\/\/jornalfatosenoticias.com.br\/index.php\/wp-json\/wp\/v2\/posts"}],"about":[{"href":"https:\/\/jornalfatosenoticias.com.br\/index.php\/wp-json\/wp\/v2\/types\/post"}],"author":[{"embeddable":true,"href":"https:\/\/jornalfatosenoticias.com.br\/index.php\/wp-json\/wp\/v2\/users\/8"}],"replies":[{"embeddable":true,"href":"https:\/\/jornalfatosenoticias.com.br\/index.php\/wp-json\/wp\/v2\/comments?post=26498"}],"version-history":[{"count":0,"href":"https:\/\/jornalfatosenoticias.com.br\/index.php\/wp-json\/wp\/v2\/posts\/26498\/revisions"}],"wp:featuredmedia":[{"embeddable":true,"href":"https:\/\/jornalfatosenoticias.com.br\/index.php\/wp-json\/wp\/v2\/media\/26501"}],"wp:attachment":[{"href":"https:\/\/jornalfatosenoticias.com.br\/index.php\/wp-json\/wp\/v2\/media?parent=26498"}],"wp:term":[{"taxonomy":"category","embeddable":true,"href":"https:\/\/jornalfatosenoticias.com.br\/index.php\/wp-json\/wp\/v2\/categories?post=26498"},{"taxonomy":"post_tag","embeddable":true,"href":"https:\/\/jornalfatosenoticias.com.br\/index.php\/wp-json\/wp\/v2\/tags?post=26498"}],"curies":[{"name":"wp","href":"https:\/\/api.w.org\/{rel}","templated":true}]}}