{"id":26509,"date":"2022-01-06T15:07:08","date_gmt":"2022-01-06T18:07:08","guid":{"rendered":"https:\/\/jornalfatosenoticias.com.br\/?p=26509"},"modified":"2022-01-06T15:07:19","modified_gmt":"2022-01-06T18:07:19","slug":"cientistas-finalmente-descobrem-por-que-os-pandas-gigantes-sao-preto-e-branco","status":"publish","type":"post","link":"https:\/\/jornalfatosenoticias.com.br\/index.php\/2022\/01\/06\/cientistas-finalmente-descobrem-por-que-os-pandas-gigantes-sao-preto-e-branco\/","title":{"rendered":"Cientistas finalmente descobrem por que os pandas gigantes s\u00e3o preto e branco"},"content":{"rendered":"\n<p><em><span class=\"has-inline-color has-black-color\">A pelagem caracter\u00edstica dos mam\u00edferos despertava curiosidade. Descoberta indica que as duas cores s\u00e3o a melhor forma de camuflagem da esp\u00e9cie na natureza<\/span><\/em><\/p>\n\n\n\n<p>Voc\u00ea nunca se perguntou por que os ursos pandas s\u00e3o brancos com manchas pretas? Esses mam\u00edferos gigantes e muito fofos chamam a aten\u00e7\u00e3o pela sua inconfund\u00edvel pelagem nessas duas cores, em meio \u00e0s florestas coloridas onde vivem e outros habitats. Durante anos isso despertou curiosidade em cientistas e agora eles descobriram o porqu\u00ea.<br>Uma equipe de pesquisadores de tr\u00eas pa\u00edses concluiu que o pelo preto e branco \u00e9 a melhor forma de <strong>camuflagem da esp\u00e9cie na natureza,<\/strong>\u00a0ap\u00f3s analisar fotos de 15 pandas selvagens durante sete anos. Ossi Nokelainen, l\u00edder do estudo publicado na revista\u00a0<em>Scientific reports<\/em>, disse \u00e0 BBC: &#8220;As raras evid\u00eancias fotogr\u00e1ficas nos permitiram examinar a apar\u00eancia do panda gigante em seu ambiente natural pela primeira vez&#8221;.<\/p>\n\n\n\n<figure class=\"wp-block-image size-large\"><img loading=\"lazy\" decoding=\"async\" width=\"1000\" height=\"660\" src=\"https:\/\/jornalfatosenoticias.com.br\/wp-content\/uploads\/2022\/01\/PANDA_gettyimages-2.jpg\" alt=\"\" class=\"wp-image-26510\" srcset=\"https:\/\/jornalfatosenoticias.com.br\/wp-content\/uploads\/2022\/01\/PANDA_gettyimages-2.jpg 1000w, https:\/\/jornalfatosenoticias.com.br\/wp-content\/uploads\/2022\/01\/PANDA_gettyimages-2-300x198.jpg 300w, https:\/\/jornalfatosenoticias.com.br\/wp-content\/uploads\/2022\/01\/PANDA_gettyimages-2-768x507.jpg 768w\" sizes=\"auto, (max-width: 1000px) 100vw, 1000px\" \/><figcaption><em><span class=\"has-inline-color has-black-color\">Na neve, o pelo branco do Panda se mistura (Foto: Getty Images)<\/span><\/em><\/figcaption><\/figure>\n\n\n\n<p>Segundo os cientistas, a colora\u00e7\u00e3o caracter\u00edsticas pode ajud\u00e1-los a fugir e confundir predadores, como leopardos, tigres e c\u00e3es selvagens. &#8220;O pelo preto se mistura em tons escuros e troncos de \u00e1rvore, enquanto o pelo branco combina com a folhagem e a neve quando presente, e os tons de pelagem intermedi\u00e1rios combinam com as rochas e o solo&#8221;, apontou a pesquisa.<\/p>\n\n\n\n<p><strong><em>Fonte: <a href=\"https:\/\/umsoplaneta.globo.com\/biodiversidade\/noticia\/2021\/12\/29\/cientistas-finalmente-descobrem-por-que-os-pandas-gigantes-sao-preto-e-branco.ghtml\">Um S\u00f3 Planeta<\/a><\/em><\/strong><\/p>\n","protected":false},"excerpt":{"rendered":"<p>A pelagem caracter\u00edstica dos mam\u00edferos despertava curiosidade. Descoberta indica que as duas cores s\u00e3o a melhor forma de camuflagem da esp\u00e9cie na natureza Voc\u00ea nunca se perguntou por que os ursos pandas s\u00e3o brancos com manchas pretas? Esses mam\u00edferos gigantes e muito fofos chamam a aten\u00e7\u00e3o pela sua inconfund\u00edvel pelagem nessas duas cores, em meio [&hellip;]<\/p>\n","protected":false},"author":2,"featured_media":26511,"comment_status":"open","ping_status":"open","sticky":false,"template":"","format":"standard","meta":{"footnotes":""},"categories":[8],"tags":[4765,12767,2666,12768,4083],"class_list":["post-26509","post","type-post","status-publish","format-standard","has-post-thumbnail","hentry","category-meio-ambiente","tag-animais-fofos","tag-pandas","tag-pandas-gigantes","tag-pelagem","tag-ursos"],"yoast_head":"<!-- This site is optimized with the Yoast SEO plugin v26.5 - https:\/\/yoast.com\/wordpress\/plugins\/seo\/ -->\n<title>Cientistas finalmente descobrem por que os pandas gigantes s\u00e3o preto e branco - Jornal Fatos e Not\u00edcias<\/title>\n<meta name=\"robots\" content=\"index, follow, max-snippet:-1, max-image-preview:large, max-video-preview:-1\" \/>\n<link rel=\"canonical\" href=\"https:\/\/jornalfatosenoticias.com.br\/index.php\/2022\/01\/06\/cientistas-finalmente-descobrem-por-que-os-pandas-gigantes-sao-preto-e-branco\/\" \/>\n<meta property=\"og:locale\" content=\"pt_BR\" \/>\n<meta property=\"og:type\" content=\"article\" \/>\n<meta property=\"og:title\" content=\"Cientistas finalmente descobrem por que os pandas gigantes s\u00e3o preto e branco - Jornal Fatos e Not\u00edcias\" \/>\n<meta property=\"og:description\" content=\"A pelagem caracter\u00edstica dos mam\u00edferos despertava curiosidade. Descoberta indica que as duas cores s\u00e3o a melhor forma de camuflagem da esp\u00e9cie na natureza Voc\u00ea nunca se perguntou por que os ursos pandas s\u00e3o brancos com manchas pretas? Esses mam\u00edferos gigantes e muito fofos chamam a aten\u00e7\u00e3o pela sua inconfund\u00edvel pelagem nessas duas cores, em meio [&hellip;]\" \/>\n<meta property=\"og:url\" content=\"https:\/\/jornalfatosenoticias.com.br\/index.php\/2022\/01\/06\/cientistas-finalmente-descobrem-por-que-os-pandas-gigantes-sao-preto-e-branco\/\" \/>\n<meta property=\"og:site_name\" content=\"Jornal Fatos e Not\u00edcias\" \/>\n<meta property=\"article:published_time\" content=\"2022-01-06T18:07:08+00:00\" \/>\n<meta property=\"article:modified_time\" content=\"2022-01-06T18:07:19+00:00\" \/>\n<meta property=\"og:image\" content=\"https:\/\/jornalfatosenoticias.com.br\/wp-content\/uploads\/2022\/01\/pandas_gettyimages.jpg\" \/>\n\t<meta property=\"og:image:width\" content=\"1000\" \/>\n\t<meta property=\"og:image:height\" content=\"666\" \/>\n\t<meta property=\"og:image:type\" content=\"image\/jpeg\" \/>\n<meta name=\"author\" content=\"Luzimara Fernandes\" \/>\n<meta name=\"twitter:card\" content=\"summary_large_image\" \/>\n<meta name=\"twitter:label1\" content=\"Escrito por\" \/>\n\t<meta name=\"twitter:data1\" content=\"Luzimara Fernandes\" \/>\n\t<meta name=\"twitter:label2\" content=\"Est. tempo de leitura\" \/>\n\t<meta name=\"twitter:data2\" content=\"1 minuto\" \/>\n<script type=\"application\/ld+json\" class=\"yoast-schema-graph\">{\"@context\":\"https:\/\/schema.org\",\"@graph\":[{\"@type\":\"Article\",\"@id\":\"https:\/\/jornalfatosenoticias.com.br\/index.php\/2022\/01\/06\/cientistas-finalmente-descobrem-por-que-os-pandas-gigantes-sao-preto-e-branco\/#article\",\"isPartOf\":{\"@id\":\"https:\/\/jornalfatosenoticias.com.br\/index.php\/2022\/01\/06\/cientistas-finalmente-descobrem-por-que-os-pandas-gigantes-sao-preto-e-branco\/\"},\"author\":{\"name\":\"Luzimara Fernandes\",\"@id\":\"https:\/\/jornalfatosenoticias.com.br\/#\/schema\/person\/d63837fa13ac8666eb9e74e0985d6f81\"},\"headline\":\"Cientistas finalmente descobrem por que os pandas gigantes s\u00e3o preto e branco\",\"datePublished\":\"2022-01-06T18:07:08+00:00\",\"dateModified\":\"2022-01-06T18:07:19+00:00\",\"mainEntityOfPage\":{\"@id\":\"https:\/\/jornalfatosenoticias.com.br\/index.php\/2022\/01\/06\/cientistas-finalmente-descobrem-por-que-os-pandas-gigantes-sao-preto-e-branco\/\"},\"wordCount\":249,\"commentCount\":0,\"publisher\":{\"@id\":\"https:\/\/jornalfatosenoticias.com.br\/#organization\"},\"image\":{\"@id\":\"https:\/\/jornalfatosenoticias.com.br\/index.php\/2022\/01\/06\/cientistas-finalmente-descobrem-por-que-os-pandas-gigantes-sao-preto-e-branco\/#primaryimage\"},\"thumbnailUrl\":\"https:\/\/jornalfatosenoticias.com.br\/wp-content\/uploads\/2022\/01\/pandas_gettyimages.jpg\",\"keywords\":[\"animais fofos\",\"pandas\",\"pandas-gigantes\",\"pelagem\",\"ursos\"],\"articleSection\":[\"Meio ambiente\"],\"inLanguage\":\"pt-BR\",\"potentialAction\":[{\"@type\":\"CommentAction\",\"name\":\"Comment\",\"target\":[\"https:\/\/jornalfatosenoticias.com.br\/index.php\/2022\/01\/06\/cientistas-finalmente-descobrem-por-que-os-pandas-gigantes-sao-preto-e-branco\/#respond\"]}]},{\"@type\":\"WebPage\",\"@id\":\"https:\/\/jornalfatosenoticias.com.br\/index.php\/2022\/01\/06\/cientistas-finalmente-descobrem-por-que-os-pandas-gigantes-sao-preto-e-branco\/\",\"url\":\"https:\/\/jornalfatosenoticias.com.br\/index.php\/2022\/01\/06\/cientistas-finalmente-descobrem-por-que-os-pandas-gigantes-sao-preto-e-branco\/\",\"name\":\"Cientistas finalmente descobrem por que os pandas gigantes s\u00e3o preto e branco - Jornal Fatos e Not\u00edcias\",\"isPartOf\":{\"@id\":\"https:\/\/jornalfatosenoticias.com.br\/#website\"},\"primaryImageOfPage\":{\"@id\":\"https:\/\/jornalfatosenoticias.com.br\/index.php\/2022\/01\/06\/cientistas-finalmente-descobrem-por-que-os-pandas-gigantes-sao-preto-e-branco\/#primaryimage\"},\"image\":{\"@id\":\"https:\/\/jornalfatosenoticias.com.br\/index.php\/2022\/01\/06\/cientistas-finalmente-descobrem-por-que-os-pandas-gigantes-sao-preto-e-branco\/#primaryimage\"},\"thumbnailUrl\":\"https:\/\/jornalfatosenoticias.com.br\/wp-content\/uploads\/2022\/01\/pandas_gettyimages.jpg\",\"datePublished\":\"2022-01-06T18:07:08+00:00\",\"dateModified\":\"2022-01-06T18:07:19+00:00\",\"breadcrumb\":{\"@id\":\"https:\/\/jornalfatosenoticias.com.br\/index.php\/2022\/01\/06\/cientistas-finalmente-descobrem-por-que-os-pandas-gigantes-sao-preto-e-branco\/#breadcrumb\"},\"inLanguage\":\"pt-BR\",\"potentialAction\":[{\"@type\":\"ReadAction\",\"target\":[\"https:\/\/jornalfatosenoticias.com.br\/index.php\/2022\/01\/06\/cientistas-finalmente-descobrem-por-que-os-pandas-gigantes-sao-preto-e-branco\/\"]}]},{\"@type\":\"ImageObject\",\"inLanguage\":\"pt-BR\",\"@id\":\"https:\/\/jornalfatosenoticias.com.br\/index.php\/2022\/01\/06\/cientistas-finalmente-descobrem-por-que-os-pandas-gigantes-sao-preto-e-branco\/#primaryimage\",\"url\":\"https:\/\/jornalfatosenoticias.com.br\/wp-content\/uploads\/2022\/01\/pandas_gettyimages.jpg\",\"contentUrl\":\"https:\/\/jornalfatosenoticias.com.br\/wp-content\/uploads\/2022\/01\/pandas_gettyimages.jpg\",\"width\":1000,\"height\":666},{\"@type\":\"BreadcrumbList\",\"@id\":\"https:\/\/jornalfatosenoticias.com.br\/index.php\/2022\/01\/06\/cientistas-finalmente-descobrem-por-que-os-pandas-gigantes-sao-preto-e-branco\/#breadcrumb\",\"itemListElement\":[{\"@type\":\"ListItem\",\"position\":1,\"name\":\"In\u00edcio\",\"item\":\"https:\/\/jornalfatosenoticias.com.br\/\"},{\"@type\":\"ListItem\",\"position\":2,\"name\":\"Cientistas finalmente descobrem por que os pandas gigantes s\u00e3o preto e branco\"}]},{\"@type\":\"WebSite\",\"@id\":\"https:\/\/jornalfatosenoticias.com.br\/#website\",\"url\":\"https:\/\/jornalfatosenoticias.com.br\/\",\"name\":\"Jornal Fatos e Not\u00edcias\",\"description\":\"Not\u00edcias em geral\",\"publisher\":{\"@id\":\"https:\/\/jornalfatosenoticias.com.br\/#organization\"},\"potentialAction\":[{\"@type\":\"SearchAction\",\"target\":{\"@type\":\"EntryPoint\",\"urlTemplate\":\"https:\/\/jornalfatosenoticias.com.br\/?s={search_term_string}\"},\"query-input\":{\"@type\":\"PropertyValueSpecification\",\"valueRequired\":true,\"valueName\":\"search_term_string\"}}],\"inLanguage\":\"pt-BR\"},{\"@type\":\"Organization\",\"@id\":\"https:\/\/jornalfatosenoticias.com.br\/#organization\",\"name\":\"Jornal Fatos e Not\u00edcias\",\"url\":\"https:\/\/jornalfatosenoticias.com.br\/\",\"logo\":{\"@type\":\"ImageObject\",\"inLanguage\":\"pt-BR\",\"@id\":\"https:\/\/jornalfatosenoticias.com.br\/#\/schema\/logo\/image\/\",\"url\":\"https:\/\/jornalfatosenoticias.com.br\/wp-content\/uploads\/2020\/02\/logo120.png\",\"contentUrl\":\"https:\/\/jornalfatosenoticias.com.br\/wp-content\/uploads\/2020\/02\/logo120.png\",\"width\":1227,\"height\":120,\"caption\":\"Jornal Fatos e Not\u00edcias\"},\"image\":{\"@id\":\"https:\/\/jornalfatosenoticias.com.br\/#\/schema\/logo\/image\/\"}},{\"@type\":\"Person\",\"@id\":\"https:\/\/jornalfatosenoticias.com.br\/#\/schema\/person\/d63837fa13ac8666eb9e74e0985d6f81\",\"name\":\"Luzimara Fernandes\",\"image\":{\"@type\":\"ImageObject\",\"inLanguage\":\"pt-BR\",\"@id\":\"https:\/\/jornalfatosenoticias.com.br\/#\/schema\/person\/image\/\",\"url\":\"https:\/\/jornalfatosenoticias.com.br\/wp-content\/uploads\/2025\/05\/EU_portal.jpg\",\"contentUrl\":\"https:\/\/jornalfatosenoticias.com.br\/wp-content\/uploads\/2025\/05\/EU_portal.jpg\",\"caption\":\"Luzimara Fernandes\"},\"description\":\"Jornalista MTB 2358-ES\",\"sameAs\":[\"https:\/\/jornalfatosenoticias.com.br\"],\"url\":\"https:\/\/jornalfatosenoticias.com.br\/index.php\/author\/luzimara\/\"}]}<\/script>\n<!-- \/ Yoast SEO plugin. -->","yoast_head_json":{"title":"Cientistas finalmente descobrem por que os pandas gigantes s\u00e3o preto e branco - Jornal Fatos e Not\u00edcias","robots":{"index":"index","follow":"follow","max-snippet":"max-snippet:-1","max-image-preview":"max-image-preview:large","max-video-preview":"max-video-preview:-1"},"canonical":"https:\/\/jornalfatosenoticias.com.br\/index.php\/2022\/01\/06\/cientistas-finalmente-descobrem-por-que-os-pandas-gigantes-sao-preto-e-branco\/","og_locale":"pt_BR","og_type":"article","og_title":"Cientistas finalmente descobrem por que os pandas gigantes s\u00e3o preto e branco - Jornal Fatos e Not\u00edcias","og_description":"A pelagem caracter\u00edstica dos mam\u00edferos despertava curiosidade. Descoberta indica que as duas cores s\u00e3o a melhor forma de camuflagem da esp\u00e9cie na natureza Voc\u00ea nunca se perguntou por que os ursos pandas s\u00e3o brancos com manchas pretas? Esses mam\u00edferos gigantes e muito fofos chamam a aten\u00e7\u00e3o pela sua inconfund\u00edvel pelagem nessas duas cores, em meio [&hellip;]","og_url":"https:\/\/jornalfatosenoticias.com.br\/index.php\/2022\/01\/06\/cientistas-finalmente-descobrem-por-que-os-pandas-gigantes-sao-preto-e-branco\/","og_site_name":"Jornal Fatos e Not\u00edcias","article_published_time":"2022-01-06T18:07:08+00:00","article_modified_time":"2022-01-06T18:07:19+00:00","og_image":[{"width":1000,"height":666,"url":"https:\/\/jornalfatosenoticias.com.br\/wp-content\/uploads\/2022\/01\/pandas_gettyimages.jpg","type":"image\/jpeg"}],"author":"Luzimara Fernandes","twitter_card":"summary_large_image","twitter_misc":{"Escrito por":"Luzimara Fernandes","Est. tempo de leitura":"1 minuto"},"schema":{"@context":"https:\/\/schema.org","@graph":[{"@type":"Article","@id":"https:\/\/jornalfatosenoticias.com.br\/index.php\/2022\/01\/06\/cientistas-finalmente-descobrem-por-que-os-pandas-gigantes-sao-preto-e-branco\/#article","isPartOf":{"@id":"https:\/\/jornalfatosenoticias.com.br\/index.php\/2022\/01\/06\/cientistas-finalmente-descobrem-por-que-os-pandas-gigantes-sao-preto-e-branco\/"},"author":{"name":"Luzimara Fernandes","@id":"https:\/\/jornalfatosenoticias.com.br\/#\/schema\/person\/d63837fa13ac8666eb9e74e0985d6f81"},"headline":"Cientistas finalmente descobrem por que os pandas gigantes s\u00e3o preto e branco","datePublished":"2022-01-06T18:07:08+00:00","dateModified":"2022-01-06T18:07:19+00:00","mainEntityOfPage":{"@id":"https:\/\/jornalfatosenoticias.com.br\/index.php\/2022\/01\/06\/cientistas-finalmente-descobrem-por-que-os-pandas-gigantes-sao-preto-e-branco\/"},"wordCount":249,"commentCount":0,"publisher":{"@id":"https:\/\/jornalfatosenoticias.com.br\/#organization"},"image":{"@id":"https:\/\/jornalfatosenoticias.com.br\/index.php\/2022\/01\/06\/cientistas-finalmente-descobrem-por-que-os-pandas-gigantes-sao-preto-e-branco\/#primaryimage"},"thumbnailUrl":"https:\/\/jornalfatosenoticias.com.br\/wp-content\/uploads\/2022\/01\/pandas_gettyimages.jpg","keywords":["animais fofos","pandas","pandas-gigantes","pelagem","ursos"],"articleSection":["Meio ambiente"],"inLanguage":"pt-BR","potentialAction":[{"@type":"CommentAction","name":"Comment","target":["https:\/\/jornalfatosenoticias.com.br\/index.php\/2022\/01\/06\/cientistas-finalmente-descobrem-por-que-os-pandas-gigantes-sao-preto-e-branco\/#respond"]}]},{"@type":"WebPage","@id":"https:\/\/jornalfatosenoticias.com.br\/index.php\/2022\/01\/06\/cientistas-finalmente-descobrem-por-que-os-pandas-gigantes-sao-preto-e-branco\/","url":"https:\/\/jornalfatosenoticias.com.br\/index.php\/2022\/01\/06\/cientistas-finalmente-descobrem-por-que-os-pandas-gigantes-sao-preto-e-branco\/","name":"Cientistas finalmente descobrem por que os pandas gigantes s\u00e3o preto e branco - Jornal Fatos e Not\u00edcias","isPartOf":{"@id":"https:\/\/jornalfatosenoticias.com.br\/#website"},"primaryImageOfPage":{"@id":"https:\/\/jornalfatosenoticias.com.br\/index.php\/2022\/01\/06\/cientistas-finalmente-descobrem-por-que-os-pandas-gigantes-sao-preto-e-branco\/#primaryimage"},"image":{"@id":"https:\/\/jornalfatosenoticias.com.br\/index.php\/2022\/01\/06\/cientistas-finalmente-descobrem-por-que-os-pandas-gigantes-sao-preto-e-branco\/#primaryimage"},"thumbnailUrl":"https:\/\/jornalfatosenoticias.com.br\/wp-content\/uploads\/2022\/01\/pandas_gettyimages.jpg","datePublished":"2022-01-06T18:07:08+00:00","dateModified":"2022-01-06T18:07:19+00:00","breadcrumb":{"@id":"https:\/\/jornalfatosenoticias.com.br\/index.php\/2022\/01\/06\/cientistas-finalmente-descobrem-por-que-os-pandas-gigantes-sao-preto-e-branco\/#breadcrumb"},"inLanguage":"pt-BR","potentialAction":[{"@type":"ReadAction","target":["https:\/\/jornalfatosenoticias.com.br\/index.php\/2022\/01\/06\/cientistas-finalmente-descobrem-por-que-os-pandas-gigantes-sao-preto-e-branco\/"]}]},{"@type":"ImageObject","inLanguage":"pt-BR","@id":"https:\/\/jornalfatosenoticias.com.br\/index.php\/2022\/01\/06\/cientistas-finalmente-descobrem-por-que-os-pandas-gigantes-sao-preto-e-branco\/#primaryimage","url":"https:\/\/jornalfatosenoticias.com.br\/wp-content\/uploads\/2022\/01\/pandas_gettyimages.jpg","contentUrl":"https:\/\/jornalfatosenoticias.com.br\/wp-content\/uploads\/2022\/01\/pandas_gettyimages.jpg","width":1000,"height":666},{"@type":"BreadcrumbList","@id":"https:\/\/jornalfatosenoticias.com.br\/index.php\/2022\/01\/06\/cientistas-finalmente-descobrem-por-que-os-pandas-gigantes-sao-preto-e-branco\/#breadcrumb","itemListElement":[{"@type":"ListItem","position":1,"name":"In\u00edcio","item":"https:\/\/jornalfatosenoticias.com.br\/"},{"@type":"ListItem","position":2,"name":"Cientistas finalmente descobrem por que os pandas gigantes s\u00e3o preto e branco"}]},{"@type":"WebSite","@id":"https:\/\/jornalfatosenoticias.com.br\/#website","url":"https:\/\/jornalfatosenoticias.com.br\/","name":"Jornal Fatos e Not\u00edcias","description":"Not\u00edcias em geral","publisher":{"@id":"https:\/\/jornalfatosenoticias.com.br\/#organization"},"potentialAction":[{"@type":"SearchAction","target":{"@type":"EntryPoint","urlTemplate":"https:\/\/jornalfatosenoticias.com.br\/?s={search_term_string}"},"query-input":{"@type":"PropertyValueSpecification","valueRequired":true,"valueName":"search_term_string"}}],"inLanguage":"pt-BR"},{"@type":"Organization","@id":"https:\/\/jornalfatosenoticias.com.br\/#organization","name":"Jornal Fatos e Not\u00edcias","url":"https:\/\/jornalfatosenoticias.com.br\/","logo":{"@type":"ImageObject","inLanguage":"pt-BR","@id":"https:\/\/jornalfatosenoticias.com.br\/#\/schema\/logo\/image\/","url":"https:\/\/jornalfatosenoticias.com.br\/wp-content\/uploads\/2020\/02\/logo120.png","contentUrl":"https:\/\/jornalfatosenoticias.com.br\/wp-content\/uploads\/2020\/02\/logo120.png","width":1227,"height":120,"caption":"Jornal Fatos e Not\u00edcias"},"image":{"@id":"https:\/\/jornalfatosenoticias.com.br\/#\/schema\/logo\/image\/"}},{"@type":"Person","@id":"https:\/\/jornalfatosenoticias.com.br\/#\/schema\/person\/d63837fa13ac8666eb9e74e0985d6f81","name":"Luzimara Fernandes","image":{"@type":"ImageObject","inLanguage":"pt-BR","@id":"https:\/\/jornalfatosenoticias.com.br\/#\/schema\/person\/image\/","url":"https:\/\/jornalfatosenoticias.com.br\/wp-content\/uploads\/2025\/05\/EU_portal.jpg","contentUrl":"https:\/\/jornalfatosenoticias.com.br\/wp-content\/uploads\/2025\/05\/EU_portal.jpg","caption":"Luzimara Fernandes"},"description":"Jornalista MTB 2358-ES","sameAs":["https:\/\/jornalfatosenoticias.com.br"],"url":"https:\/\/jornalfatosenoticias.com.br\/index.php\/author\/luzimara\/"}]}},"cc_featured_image_caption":{"caption_text":"(Foto: Getty Images) ","source_text":"","source_url":""},"jetpack_featured_media_url":"https:\/\/jornalfatosenoticias.com.br\/wp-content\/uploads\/2022\/01\/pandas_gettyimages.jpg","_links":{"self":[{"href":"https:\/\/jornalfatosenoticias.com.br\/index.php\/wp-json\/wp\/v2\/posts\/26509","targetHints":{"allow":["GET"]}}],"collection":[{"href":"https:\/\/jornalfatosenoticias.com.br\/index.php\/wp-json\/wp\/v2\/posts"}],"about":[{"href":"https:\/\/jornalfatosenoticias.com.br\/index.php\/wp-json\/wp\/v2\/types\/post"}],"author":[{"embeddable":true,"href":"https:\/\/jornalfatosenoticias.com.br\/index.php\/wp-json\/wp\/v2\/users\/2"}],"replies":[{"embeddable":true,"href":"https:\/\/jornalfatosenoticias.com.br\/index.php\/wp-json\/wp\/v2\/comments?post=26509"}],"version-history":[{"count":0,"href":"https:\/\/jornalfatosenoticias.com.br\/index.php\/wp-json\/wp\/v2\/posts\/26509\/revisions"}],"wp:featuredmedia":[{"embeddable":true,"href":"https:\/\/jornalfatosenoticias.com.br\/index.php\/wp-json\/wp\/v2\/media\/26511"}],"wp:attachment":[{"href":"https:\/\/jornalfatosenoticias.com.br\/index.php\/wp-json\/wp\/v2\/media?parent=26509"}],"wp:term":[{"taxonomy":"category","embeddable":true,"href":"https:\/\/jornalfatosenoticias.com.br\/index.php\/wp-json\/wp\/v2\/categories?post=26509"},{"taxonomy":"post_tag","embeddable":true,"href":"https:\/\/jornalfatosenoticias.com.br\/index.php\/wp-json\/wp\/v2\/tags?post=26509"}],"curies":[{"name":"wp","href":"https:\/\/api.w.org\/{rel}","templated":true}]}}