{"id":26594,"date":"2022-01-10T11:55:23","date_gmt":"2022-01-10T14:55:23","guid":{"rendered":"https:\/\/jornalfatosenoticias.com.br\/?p=26594"},"modified":"2022-01-10T11:55:27","modified_gmt":"2022-01-10T14:55:27","slug":"governo-do-estado-oficializa-criacao-de-duas-novas-escolas-tecnicas-estaduais","status":"publish","type":"post","link":"https:\/\/jornalfatosenoticias.com.br\/index.php\/2022\/01\/10\/governo-do-estado-oficializa-criacao-de-duas-novas-escolas-tecnicas-estaduais\/","title":{"rendered":"Governo do Estado oficializa cria\u00e7\u00e3o de duas novas escolas t\u00e9cnicas estaduais"},"content":{"rendered":"\n<p>O governo do Estado, por meio da Secretaria de Inova\u00e7\u00e3o e Desenvolvimento (Sectides), anunciou, na sexta-feira (07) a cria\u00e7\u00e3o de duas novas escolas t\u00e9cnicas estaduais: Em\u00edlio Nemer, em Castelo, e de Vargem Alta, no munic\u00edpio de mesmo nome. O in\u00edcio das atividades das novas escolas est\u00e1 previsto para o segundo semestre de 2022. Com o an\u00fancio, o governo amplia a Rede de Escolas T\u00e9cnicas Estaduais (Redetec). As novas escolas t\u00e9cnicas foram institu\u00eddas pelas portarias n\u00ba 125-R\/2021 e a de n\u00ba 126-R\/2021.<br>A iniciativa visa ampliar a oferta de vagas voltadas \u00e0 forma\u00e7\u00e3o profissional, nos munic\u00edpios do interior, estimulando o desenvolvimento regional equilibrado e fomentando o empreendedorismo. O an\u00fancio representa a cria\u00e7\u00e3o das primeiras escolas t\u00e9cnicas estaduais da regi\u00e3o Sul do Esp\u00edrito Santo. Atualmente, as regi\u00f5es Metropolitana e Norte j\u00e1 possuem escolas t\u00e9cnicas do governo do Estado: a Vasco Coutinho, em Vila Velha, e a Talmo Luiz Silva, em Jo\u00e3o Neiva.<br>O secret\u00e1rio de Estado de Inova\u00e7\u00e3o e Desenvolvimento, Tyago Hoffmann, explica que a cria\u00e7\u00e3o das duas novas escolas t\u00e9cnicas estaduais foi defendida como prioridade pelo governador que, desde 2013, tem a meta de ampliar a oferta de educa\u00e7\u00e3o profissional no interior do Estado e hoje se consolida dentro da pol\u00edtica de educa\u00e7\u00e3o do governo.<br>\u201cA meta foi proposta pelo governador Renato Casagrande e agora ela se concretiza. Os processos dos cursos foram encaminhados para o Conselho Estadual de Educa\u00e7\u00e3o, em cumprimento \u00e0 legisla\u00e7\u00e3o. No segundo semestre deste ano, j\u00e1 temos a expectativa de realizar o processo seletivo e anunciar o in\u00edcio das aulas nas novas escolas t\u00e9cnicas. O acesso \u00e0 forma\u00e7\u00e3o profissional ser\u00e1 realidade para muitos capixabas. O que era um sonho se tornar\u00e1 realidade em breve\u201d, garante Hoffmann.<br>De acordo com o secret\u00e1rio, al\u00e9m da microrregi\u00e3o em que est\u00e3o localizadas essas novas unidades (Central Sul), as escolas t\u00e9cnicas v\u00e3o contemplar todo o entorno do munic\u00edpio (microrregi\u00f5es Litoral Sul, Capara\u00f3, Sudoeste Serrana). \u201cSer\u00e1 poss\u00edvel evitar a sa\u00edda dos estudantes para os grandes Centros e com isso, a inten\u00e7\u00e3o \u00e9 contribuir com o crescimento da regi\u00e3o\u201d, completou.<br>Em Vargem Alta, a escola t\u00e9cnica estadual funcionar\u00e1 no distrito de Jacigu\u00e1 e, al\u00e9m da oferta de cursos t\u00e9cnicos, a unidade ser\u00e1 um polo de ensino para oferta de cursos presenciais do Programa Qualificar ES, com cursos de qualifica\u00e7\u00e3o profissional. A cria\u00e7\u00e3o da unidade est\u00e1 regulamentada, de acordo com a Portaria n\u00ba 126-R\/2021. No local, ser\u00e1 oferecido o curso t\u00e9cnico em Cooperativismo, visando atender a demanda de m\u00e3o de obra em sintonia com a voca\u00e7\u00e3o regional.<br>O curso ter\u00e1 carga hor\u00e1ria de 800 horas, no turno diurno, e 900 horas, no turno noturno. A oferta ser\u00e1 de 90 vagas com entradas semestrais, com 30 vagas em cada turno (matutino, vespertino e noturno). Para se inscrever \u00e9 necess\u00e1rio j\u00e1 ter conclu\u00eddo ou estar cursando o \u00faltimo ano do ensino m\u00e9dio.<br>No munic\u00edpio de Castelo, a escola t\u00e9cnica Em\u00edlio Nemer funcionar\u00e1 no Centro da cidade e as vagas ser\u00e3o destinadas ao curso t\u00e9cnico em Internet das Coisas. A atividade est\u00e1 em alta no mercado em fun\u00e7\u00e3o da informatiza\u00e7\u00e3o de diversos setores da economia. Dessa forma, o curso acompanha as mudan\u00e7as tecnol\u00f3gicas no mundo do trabalho e contemplar\u00e1 os jovens do munic\u00edpio e do entorno. O curso ter\u00e1 carga hor\u00e1ria de 1.200 horas. Ser\u00e3o ofertadas 90 vagas com entradas semestrais, com 30 vagas em cada turno (matutino, vespertino e noturno). A cria\u00e7\u00e3o da unidade est\u00e1 registrada na Portaria n\u00ba 125-R\/2021, publicada no Di\u00e1rio Oficial.<\/p>\n\n\n\n<p><strong><span class=\"has-inline-color has-black-color\">Sele\u00e7\u00e3o<br><\/span><\/strong>Para se inscrever \u00e9 necess\u00e1rio j\u00e1 ter conclu\u00eddo ou estar cursando o \u00faltimo ano do ensino m\u00e9dio. A previs\u00e3o \u00e9 que o processo seletivo seja realizado em junho e o in\u00edcio das aulas, em julho. As etapas de inscri\u00e7\u00e3o e sele\u00e7\u00e3o ser\u00e3o on-line, por meio do site: <a href=\"http:\/\/www.selecaoaluno.es.gov.br\/\">www.selecaoaluno.es.gov.br<\/a>. O candidato se inscrever\u00e1 inserindo a m\u00e9dia das notas nas disciplinas de L\u00edngua Portuguesa e Matem\u00e1tica do \u00faltimo ano cursado.<\/p>\n\n\n\n<p><em><span class=\"has-inline-color has-black-color\">(<strong>Foto: <\/strong>Secom\/Esp\u00edrito Santo)<\/span><\/em><\/p>\n\n\n\n<p><strong><em>Fonte: <a href=\"https:\/\/www.es.gov.br\/Noticia\/governo-do-estado-oficializa-criacao-de-duas-novas-escolas-tecnicas-estaduais#\">Governo do ES<\/a><\/em><\/strong><\/p>\n","protected":false},"excerpt":{"rendered":"<p>O governo do Estado, por meio da Secretaria de Inova\u00e7\u00e3o e Desenvolvimento (Sectides), anunciou, na sexta-feira (07) a cria\u00e7\u00e3o de duas novas escolas t\u00e9cnicas estaduais: Em\u00edlio Nemer, em Castelo, e de Vargem Alta, no munic\u00edpio de mesmo nome. O in\u00edcio das atividades das novas escolas est\u00e1 previsto para o segundo semestre de 2022. Com o [&hellip;]<\/p>\n","protected":false},"author":2,"featured_media":26595,"comment_status":"open","ping_status":"open","sticky":false,"template":"","format":"standard","meta":{"footnotes":""},"categories":[7],"tags":[12799,12800,12128],"class_list":["post-26594","post","type-post","status-publish","format-standard","has-post-thumbnail","hentry","category-educacao","tag-escolas-tecnicas-estaduais","tag-redetec","tag-sectides"],"yoast_head":"<!-- This site is optimized with the Yoast SEO plugin v26.5 - https:\/\/yoast.com\/wordpress\/plugins\/seo\/ -->\n<title>Governo do Estado oficializa cria\u00e7\u00e3o de duas novas escolas t\u00e9cnicas estaduais - Jornal Fatos e Not\u00edcias<\/title>\n<meta name=\"robots\" content=\"index, follow, max-snippet:-1, max-image-preview:large, max-video-preview:-1\" \/>\n<link rel=\"canonical\" href=\"https:\/\/jornalfatosenoticias.com.br\/index.php\/2022\/01\/10\/governo-do-estado-oficializa-criacao-de-duas-novas-escolas-tecnicas-estaduais\/\" \/>\n<meta property=\"og:locale\" content=\"pt_BR\" \/>\n<meta property=\"og:type\" content=\"article\" \/>\n<meta property=\"og:title\" content=\"Governo do Estado oficializa cria\u00e7\u00e3o de duas novas escolas t\u00e9cnicas estaduais - Jornal Fatos e Not\u00edcias\" \/>\n<meta property=\"og:description\" content=\"O governo do Estado, por meio da Secretaria de Inova\u00e7\u00e3o e Desenvolvimento (Sectides), anunciou, na sexta-feira (07) a cria\u00e7\u00e3o de duas novas escolas t\u00e9cnicas estaduais: Em\u00edlio Nemer, em Castelo, e de Vargem Alta, no munic\u00edpio de mesmo nome. O in\u00edcio das atividades das novas escolas est\u00e1 previsto para o segundo semestre de 2022. Com o [&hellip;]\" \/>\n<meta property=\"og:url\" content=\"https:\/\/jornalfatosenoticias.com.br\/index.php\/2022\/01\/10\/governo-do-estado-oficializa-criacao-de-duas-novas-escolas-tecnicas-estaduais\/\" \/>\n<meta property=\"og:site_name\" content=\"Jornal Fatos e Not\u00edcias\" \/>\n<meta property=\"article:published_time\" content=\"2022-01-10T14:55:23+00:00\" \/>\n<meta property=\"article:modified_time\" content=\"2022-01-10T14:55:27+00:00\" \/>\n<meta property=\"og:image\" content=\"https:\/\/jornalfatosenoticias.com.br\/wp-content\/uploads\/2022\/01\/escola-tecnica-estadual-es.jpeg\" \/>\n\t<meta property=\"og:image:width\" content=\"1000\" \/>\n\t<meta property=\"og:image:height\" content=\"562\" \/>\n\t<meta property=\"og:image:type\" content=\"image\/jpeg\" \/>\n<meta name=\"author\" content=\"Luzimara Fernandes\" \/>\n<meta name=\"twitter:card\" content=\"summary_large_image\" \/>\n<meta name=\"twitter:label1\" content=\"Escrito por\" \/>\n\t<meta name=\"twitter:data1\" content=\"Luzimara Fernandes\" \/>\n\t<meta name=\"twitter:label2\" content=\"Est. tempo de leitura\" \/>\n\t<meta name=\"twitter:data2\" content=\"4 minutos\" \/>\n<script type=\"application\/ld+json\" class=\"yoast-schema-graph\">{\"@context\":\"https:\/\/schema.org\",\"@graph\":[{\"@type\":\"Article\",\"@id\":\"https:\/\/jornalfatosenoticias.com.br\/index.php\/2022\/01\/10\/governo-do-estado-oficializa-criacao-de-duas-novas-escolas-tecnicas-estaduais\/#article\",\"isPartOf\":{\"@id\":\"https:\/\/jornalfatosenoticias.com.br\/index.php\/2022\/01\/10\/governo-do-estado-oficializa-criacao-de-duas-novas-escolas-tecnicas-estaduais\/\"},\"author\":{\"name\":\"Luzimara Fernandes\",\"@id\":\"https:\/\/jornalfatosenoticias.com.br\/#\/schema\/person\/d63837fa13ac8666eb9e74e0985d6f81\"},\"headline\":\"Governo do Estado oficializa cria\u00e7\u00e3o de duas novas escolas t\u00e9cnicas estaduais\",\"datePublished\":\"2022-01-10T14:55:23+00:00\",\"dateModified\":\"2022-01-10T14:55:27+00:00\",\"mainEntityOfPage\":{\"@id\":\"https:\/\/jornalfatosenoticias.com.br\/index.php\/2022\/01\/10\/governo-do-estado-oficializa-criacao-de-duas-novas-escolas-tecnicas-estaduais\/\"},\"wordCount\":727,\"commentCount\":0,\"publisher\":{\"@id\":\"https:\/\/jornalfatosenoticias.com.br\/#organization\"},\"image\":{\"@id\":\"https:\/\/jornalfatosenoticias.com.br\/index.php\/2022\/01\/10\/governo-do-estado-oficializa-criacao-de-duas-novas-escolas-tecnicas-estaduais\/#primaryimage\"},\"thumbnailUrl\":\"https:\/\/jornalfatosenoticias.com.br\/wp-content\/uploads\/2022\/01\/escola-tecnica-estadual-es.jpeg\",\"keywords\":[\"escolas t\u00e9cnicas estaduais\",\"Redetec\",\"Sectides\"],\"articleSection\":[\"Educa\u00e7\u00e3o\"],\"inLanguage\":\"pt-BR\",\"potentialAction\":[{\"@type\":\"CommentAction\",\"name\":\"Comment\",\"target\":[\"https:\/\/jornalfatosenoticias.com.br\/index.php\/2022\/01\/10\/governo-do-estado-oficializa-criacao-de-duas-novas-escolas-tecnicas-estaduais\/#respond\"]}]},{\"@type\":\"WebPage\",\"@id\":\"https:\/\/jornalfatosenoticias.com.br\/index.php\/2022\/01\/10\/governo-do-estado-oficializa-criacao-de-duas-novas-escolas-tecnicas-estaduais\/\",\"url\":\"https:\/\/jornalfatosenoticias.com.br\/index.php\/2022\/01\/10\/governo-do-estado-oficializa-criacao-de-duas-novas-escolas-tecnicas-estaduais\/\",\"name\":\"Governo do Estado oficializa cria\u00e7\u00e3o de duas novas escolas t\u00e9cnicas estaduais - Jornal Fatos e Not\u00edcias\",\"isPartOf\":{\"@id\":\"https:\/\/jornalfatosenoticias.com.br\/#website\"},\"primaryImageOfPage\":{\"@id\":\"https:\/\/jornalfatosenoticias.com.br\/index.php\/2022\/01\/10\/governo-do-estado-oficializa-criacao-de-duas-novas-escolas-tecnicas-estaduais\/#primaryimage\"},\"image\":{\"@id\":\"https:\/\/jornalfatosenoticias.com.br\/index.php\/2022\/01\/10\/governo-do-estado-oficializa-criacao-de-duas-novas-escolas-tecnicas-estaduais\/#primaryimage\"},\"thumbnailUrl\":\"https:\/\/jornalfatosenoticias.com.br\/wp-content\/uploads\/2022\/01\/escola-tecnica-estadual-es.jpeg\",\"datePublished\":\"2022-01-10T14:55:23+00:00\",\"dateModified\":\"2022-01-10T14:55:27+00:00\",\"breadcrumb\":{\"@id\":\"https:\/\/jornalfatosenoticias.com.br\/index.php\/2022\/01\/10\/governo-do-estado-oficializa-criacao-de-duas-novas-escolas-tecnicas-estaduais\/#breadcrumb\"},\"inLanguage\":\"pt-BR\",\"potentialAction\":[{\"@type\":\"ReadAction\",\"target\":[\"https:\/\/jornalfatosenoticias.com.br\/index.php\/2022\/01\/10\/governo-do-estado-oficializa-criacao-de-duas-novas-escolas-tecnicas-estaduais\/\"]}]},{\"@type\":\"ImageObject\",\"inLanguage\":\"pt-BR\",\"@id\":\"https:\/\/jornalfatosenoticias.com.br\/index.php\/2022\/01\/10\/governo-do-estado-oficializa-criacao-de-duas-novas-escolas-tecnicas-estaduais\/#primaryimage\",\"url\":\"https:\/\/jornalfatosenoticias.com.br\/wp-content\/uploads\/2022\/01\/escola-tecnica-estadual-es.jpeg\",\"contentUrl\":\"https:\/\/jornalfatosenoticias.com.br\/wp-content\/uploads\/2022\/01\/escola-tecnica-estadual-es.jpeg\",\"width\":1000,\"height\":562},{\"@type\":\"BreadcrumbList\",\"@id\":\"https:\/\/jornalfatosenoticias.com.br\/index.php\/2022\/01\/10\/governo-do-estado-oficializa-criacao-de-duas-novas-escolas-tecnicas-estaduais\/#breadcrumb\",\"itemListElement\":[{\"@type\":\"ListItem\",\"position\":1,\"name\":\"In\u00edcio\",\"item\":\"https:\/\/jornalfatosenoticias.com.br\/\"},{\"@type\":\"ListItem\",\"position\":2,\"name\":\"Governo do Estado oficializa cria\u00e7\u00e3o de duas novas escolas t\u00e9cnicas estaduais\"}]},{\"@type\":\"WebSite\",\"@id\":\"https:\/\/jornalfatosenoticias.com.br\/#website\",\"url\":\"https:\/\/jornalfatosenoticias.com.br\/\",\"name\":\"Jornal Fatos e Not\u00edcias\",\"description\":\"Not\u00edcias em geral\",\"publisher\":{\"@id\":\"https:\/\/jornalfatosenoticias.com.br\/#organization\"},\"potentialAction\":[{\"@type\":\"SearchAction\",\"target\":{\"@type\":\"EntryPoint\",\"urlTemplate\":\"https:\/\/jornalfatosenoticias.com.br\/?s={search_term_string}\"},\"query-input\":{\"@type\":\"PropertyValueSpecification\",\"valueRequired\":true,\"valueName\":\"search_term_string\"}}],\"inLanguage\":\"pt-BR\"},{\"@type\":\"Organization\",\"@id\":\"https:\/\/jornalfatosenoticias.com.br\/#organization\",\"name\":\"Jornal Fatos e Not\u00edcias\",\"url\":\"https:\/\/jornalfatosenoticias.com.br\/\",\"logo\":{\"@type\":\"ImageObject\",\"inLanguage\":\"pt-BR\",\"@id\":\"https:\/\/jornalfatosenoticias.com.br\/#\/schema\/logo\/image\/\",\"url\":\"https:\/\/jornalfatosenoticias.com.br\/wp-content\/uploads\/2020\/02\/logo120.png\",\"contentUrl\":\"https:\/\/jornalfatosenoticias.com.br\/wp-content\/uploads\/2020\/02\/logo120.png\",\"width\":1227,\"height\":120,\"caption\":\"Jornal Fatos e Not\u00edcias\"},\"image\":{\"@id\":\"https:\/\/jornalfatosenoticias.com.br\/#\/schema\/logo\/image\/\"}},{\"@type\":\"Person\",\"@id\":\"https:\/\/jornalfatosenoticias.com.br\/#\/schema\/person\/d63837fa13ac8666eb9e74e0985d6f81\",\"name\":\"Luzimara Fernandes\",\"image\":{\"@type\":\"ImageObject\",\"inLanguage\":\"pt-BR\",\"@id\":\"https:\/\/jornalfatosenoticias.com.br\/#\/schema\/person\/image\/\",\"url\":\"https:\/\/jornalfatosenoticias.com.br\/wp-content\/uploads\/2025\/05\/EU_portal.jpg\",\"contentUrl\":\"https:\/\/jornalfatosenoticias.com.br\/wp-content\/uploads\/2025\/05\/EU_portal.jpg\",\"caption\":\"Luzimara Fernandes\"},\"description\":\"Jornalista MTB 2358-ES\",\"sameAs\":[\"https:\/\/jornalfatosenoticias.com.br\"],\"url\":\"https:\/\/jornalfatosenoticias.com.br\/index.php\/author\/luzimara\/\"}]}<\/script>\n<!-- \/ Yoast SEO plugin. -->","yoast_head_json":{"title":"Governo do Estado oficializa cria\u00e7\u00e3o de duas novas escolas t\u00e9cnicas estaduais - Jornal Fatos e Not\u00edcias","robots":{"index":"index","follow":"follow","max-snippet":"max-snippet:-1","max-image-preview":"max-image-preview:large","max-video-preview":"max-video-preview:-1"},"canonical":"https:\/\/jornalfatosenoticias.com.br\/index.php\/2022\/01\/10\/governo-do-estado-oficializa-criacao-de-duas-novas-escolas-tecnicas-estaduais\/","og_locale":"pt_BR","og_type":"article","og_title":"Governo do Estado oficializa cria\u00e7\u00e3o de duas novas escolas t\u00e9cnicas estaduais - Jornal Fatos e Not\u00edcias","og_description":"O governo do Estado, por meio da Secretaria de Inova\u00e7\u00e3o e Desenvolvimento (Sectides), anunciou, na sexta-feira (07) a cria\u00e7\u00e3o de duas novas escolas t\u00e9cnicas estaduais: Em\u00edlio Nemer, em Castelo, e de Vargem Alta, no munic\u00edpio de mesmo nome. O in\u00edcio das atividades das novas escolas est\u00e1 previsto para o segundo semestre de 2022. Com o [&hellip;]","og_url":"https:\/\/jornalfatosenoticias.com.br\/index.php\/2022\/01\/10\/governo-do-estado-oficializa-criacao-de-duas-novas-escolas-tecnicas-estaduais\/","og_site_name":"Jornal Fatos e Not\u00edcias","article_published_time":"2022-01-10T14:55:23+00:00","article_modified_time":"2022-01-10T14:55:27+00:00","og_image":[{"width":1000,"height":562,"url":"https:\/\/jornalfatosenoticias.com.br\/wp-content\/uploads\/2022\/01\/escola-tecnica-estadual-es.jpeg","type":"image\/jpeg"}],"author":"Luzimara Fernandes","twitter_card":"summary_large_image","twitter_misc":{"Escrito por":"Luzimara Fernandes","Est. tempo de leitura":"4 minutos"},"schema":{"@context":"https:\/\/schema.org","@graph":[{"@type":"Article","@id":"https:\/\/jornalfatosenoticias.com.br\/index.php\/2022\/01\/10\/governo-do-estado-oficializa-criacao-de-duas-novas-escolas-tecnicas-estaduais\/#article","isPartOf":{"@id":"https:\/\/jornalfatosenoticias.com.br\/index.php\/2022\/01\/10\/governo-do-estado-oficializa-criacao-de-duas-novas-escolas-tecnicas-estaduais\/"},"author":{"name":"Luzimara Fernandes","@id":"https:\/\/jornalfatosenoticias.com.br\/#\/schema\/person\/d63837fa13ac8666eb9e74e0985d6f81"},"headline":"Governo do Estado oficializa cria\u00e7\u00e3o de duas novas escolas t\u00e9cnicas estaduais","datePublished":"2022-01-10T14:55:23+00:00","dateModified":"2022-01-10T14:55:27+00:00","mainEntityOfPage":{"@id":"https:\/\/jornalfatosenoticias.com.br\/index.php\/2022\/01\/10\/governo-do-estado-oficializa-criacao-de-duas-novas-escolas-tecnicas-estaduais\/"},"wordCount":727,"commentCount":0,"publisher":{"@id":"https:\/\/jornalfatosenoticias.com.br\/#organization"},"image":{"@id":"https:\/\/jornalfatosenoticias.com.br\/index.php\/2022\/01\/10\/governo-do-estado-oficializa-criacao-de-duas-novas-escolas-tecnicas-estaduais\/#primaryimage"},"thumbnailUrl":"https:\/\/jornalfatosenoticias.com.br\/wp-content\/uploads\/2022\/01\/escola-tecnica-estadual-es.jpeg","keywords":["escolas t\u00e9cnicas estaduais","Redetec","Sectides"],"articleSection":["Educa\u00e7\u00e3o"],"inLanguage":"pt-BR","potentialAction":[{"@type":"CommentAction","name":"Comment","target":["https:\/\/jornalfatosenoticias.com.br\/index.php\/2022\/01\/10\/governo-do-estado-oficializa-criacao-de-duas-novas-escolas-tecnicas-estaduais\/#respond"]}]},{"@type":"WebPage","@id":"https:\/\/jornalfatosenoticias.com.br\/index.php\/2022\/01\/10\/governo-do-estado-oficializa-criacao-de-duas-novas-escolas-tecnicas-estaduais\/","url":"https:\/\/jornalfatosenoticias.com.br\/index.php\/2022\/01\/10\/governo-do-estado-oficializa-criacao-de-duas-novas-escolas-tecnicas-estaduais\/","name":"Governo do Estado oficializa cria\u00e7\u00e3o de duas novas escolas t\u00e9cnicas estaduais - Jornal Fatos e Not\u00edcias","isPartOf":{"@id":"https:\/\/jornalfatosenoticias.com.br\/#website"},"primaryImageOfPage":{"@id":"https:\/\/jornalfatosenoticias.com.br\/index.php\/2022\/01\/10\/governo-do-estado-oficializa-criacao-de-duas-novas-escolas-tecnicas-estaduais\/#primaryimage"},"image":{"@id":"https:\/\/jornalfatosenoticias.com.br\/index.php\/2022\/01\/10\/governo-do-estado-oficializa-criacao-de-duas-novas-escolas-tecnicas-estaduais\/#primaryimage"},"thumbnailUrl":"https:\/\/jornalfatosenoticias.com.br\/wp-content\/uploads\/2022\/01\/escola-tecnica-estadual-es.jpeg","datePublished":"2022-01-10T14:55:23+00:00","dateModified":"2022-01-10T14:55:27+00:00","breadcrumb":{"@id":"https:\/\/jornalfatosenoticias.com.br\/index.php\/2022\/01\/10\/governo-do-estado-oficializa-criacao-de-duas-novas-escolas-tecnicas-estaduais\/#breadcrumb"},"inLanguage":"pt-BR","potentialAction":[{"@type":"ReadAction","target":["https:\/\/jornalfatosenoticias.com.br\/index.php\/2022\/01\/10\/governo-do-estado-oficializa-criacao-de-duas-novas-escolas-tecnicas-estaduais\/"]}]},{"@type":"ImageObject","inLanguage":"pt-BR","@id":"https:\/\/jornalfatosenoticias.com.br\/index.php\/2022\/01\/10\/governo-do-estado-oficializa-criacao-de-duas-novas-escolas-tecnicas-estaduais\/#primaryimage","url":"https:\/\/jornalfatosenoticias.com.br\/wp-content\/uploads\/2022\/01\/escola-tecnica-estadual-es.jpeg","contentUrl":"https:\/\/jornalfatosenoticias.com.br\/wp-content\/uploads\/2022\/01\/escola-tecnica-estadual-es.jpeg","width":1000,"height":562},{"@type":"BreadcrumbList","@id":"https:\/\/jornalfatosenoticias.com.br\/index.php\/2022\/01\/10\/governo-do-estado-oficializa-criacao-de-duas-novas-escolas-tecnicas-estaduais\/#breadcrumb","itemListElement":[{"@type":"ListItem","position":1,"name":"In\u00edcio","item":"https:\/\/jornalfatosenoticias.com.br\/"},{"@type":"ListItem","position":2,"name":"Governo do Estado oficializa cria\u00e7\u00e3o de duas novas escolas t\u00e9cnicas estaduais"}]},{"@type":"WebSite","@id":"https:\/\/jornalfatosenoticias.com.br\/#website","url":"https:\/\/jornalfatosenoticias.com.br\/","name":"Jornal Fatos e Not\u00edcias","description":"Not\u00edcias em geral","publisher":{"@id":"https:\/\/jornalfatosenoticias.com.br\/#organization"},"potentialAction":[{"@type":"SearchAction","target":{"@type":"EntryPoint","urlTemplate":"https:\/\/jornalfatosenoticias.com.br\/?s={search_term_string}"},"query-input":{"@type":"PropertyValueSpecification","valueRequired":true,"valueName":"search_term_string"}}],"inLanguage":"pt-BR"},{"@type":"Organization","@id":"https:\/\/jornalfatosenoticias.com.br\/#organization","name":"Jornal Fatos e Not\u00edcias","url":"https:\/\/jornalfatosenoticias.com.br\/","logo":{"@type":"ImageObject","inLanguage":"pt-BR","@id":"https:\/\/jornalfatosenoticias.com.br\/#\/schema\/logo\/image\/","url":"https:\/\/jornalfatosenoticias.com.br\/wp-content\/uploads\/2020\/02\/logo120.png","contentUrl":"https:\/\/jornalfatosenoticias.com.br\/wp-content\/uploads\/2020\/02\/logo120.png","width":1227,"height":120,"caption":"Jornal Fatos e Not\u00edcias"},"image":{"@id":"https:\/\/jornalfatosenoticias.com.br\/#\/schema\/logo\/image\/"}},{"@type":"Person","@id":"https:\/\/jornalfatosenoticias.com.br\/#\/schema\/person\/d63837fa13ac8666eb9e74e0985d6f81","name":"Luzimara Fernandes","image":{"@type":"ImageObject","inLanguage":"pt-BR","@id":"https:\/\/jornalfatosenoticias.com.br\/#\/schema\/person\/image\/","url":"https:\/\/jornalfatosenoticias.com.br\/wp-content\/uploads\/2025\/05\/EU_portal.jpg","contentUrl":"https:\/\/jornalfatosenoticias.com.br\/wp-content\/uploads\/2025\/05\/EU_portal.jpg","caption":"Luzimara Fernandes"},"description":"Jornalista MTB 2358-ES","sameAs":["https:\/\/jornalfatosenoticias.com.br"],"url":"https:\/\/jornalfatosenoticias.com.br\/index.php\/author\/luzimara\/"}]}},"cc_featured_image_caption":{"caption_text":"CEET de Vargem Alta","source_text":"","source_url":""},"jetpack_featured_media_url":"https:\/\/jornalfatosenoticias.com.br\/wp-content\/uploads\/2022\/01\/escola-tecnica-estadual-es.jpeg","_links":{"self":[{"href":"https:\/\/jornalfatosenoticias.com.br\/index.php\/wp-json\/wp\/v2\/posts\/26594","targetHints":{"allow":["GET"]}}],"collection":[{"href":"https:\/\/jornalfatosenoticias.com.br\/index.php\/wp-json\/wp\/v2\/posts"}],"about":[{"href":"https:\/\/jornalfatosenoticias.com.br\/index.php\/wp-json\/wp\/v2\/types\/post"}],"author":[{"embeddable":true,"href":"https:\/\/jornalfatosenoticias.com.br\/index.php\/wp-json\/wp\/v2\/users\/2"}],"replies":[{"embeddable":true,"href":"https:\/\/jornalfatosenoticias.com.br\/index.php\/wp-json\/wp\/v2\/comments?post=26594"}],"version-history":[{"count":0,"href":"https:\/\/jornalfatosenoticias.com.br\/index.php\/wp-json\/wp\/v2\/posts\/26594\/revisions"}],"wp:featuredmedia":[{"embeddable":true,"href":"https:\/\/jornalfatosenoticias.com.br\/index.php\/wp-json\/wp\/v2\/media\/26595"}],"wp:attachment":[{"href":"https:\/\/jornalfatosenoticias.com.br\/index.php\/wp-json\/wp\/v2\/media?parent=26594"}],"wp:term":[{"taxonomy":"category","embeddable":true,"href":"https:\/\/jornalfatosenoticias.com.br\/index.php\/wp-json\/wp\/v2\/categories?post=26594"},{"taxonomy":"post_tag","embeddable":true,"href":"https:\/\/jornalfatosenoticias.com.br\/index.php\/wp-json\/wp\/v2\/tags?post=26594"}],"curies":[{"name":"wp","href":"https:\/\/api.w.org\/{rel}","templated":true}]}}