{"id":26597,"date":"2022-01-10T12:25:26","date_gmt":"2022-01-10T15:25:26","guid":{"rendered":"https:\/\/jornalfatosenoticias.com.br\/?p=26597"},"modified":"2022-01-10T12:25:31","modified_gmt":"2022-01-10T15:25:31","slug":"pfizer-antecipara-600-mil-doses-da-vacina-pediatrica-contra-a-covid-19","status":"publish","type":"post","link":"https:\/\/jornalfatosenoticias.com.br\/index.php\/2022\/01\/10\/pfizer-antecipara-600-mil-doses-da-vacina-pediatrica-contra-a-covid-19\/","title":{"rendered":"Pfizer antecipar\u00e1 600 mil doses da vacina pedi\u00e1trica contra a covid-19"},"content":{"rendered":"\n<p><em><span class=\"has-inline-color has-black-color\">An\u00fancio foi feito pelo ministro da Sa\u00fade, Marcelo Queiroga<\/span><\/em><\/p>\n\n\n\n<p>O ministro da Sa\u00fade, Marcelo Queiroga, disse hoje (10) ter conseguido antecipar 600 mil doses da vacina pedi\u00e1trica contra a covid-19, produzidas pela empresa Pfizer. Ao defender a forma como o governo tem conduzido o combate \u00e0 pandemia, Queiroga disse que a fabrica\u00e7\u00e3o ou a importa\u00e7\u00e3o de doses de vacina s\u00f3 podem ser feitas ap\u00f3s a autoriza\u00e7\u00e3o da Ag\u00eancia Nacional de Vigil\u00e2ncia Sanit\u00e1ria (Anvisa). Caso contr\u00e1rio, a situa\u00e7\u00e3o configuraria crime sanit\u00e1rio, disse o ministro.<\/p>\n\n\n\n<blockquote class=\"wp-block-quote is-layout-flow wp-block-quote-is-layout-flow\"><p><span class=\"has-inline-color has-luminous-vivid-orange-color\">\u201cConseguimos antecipar com a Pfizer mais 600 mil doses da vacina pedi\u00e1trica agora no m\u00eas de janeiro. Ent\u00e3o ser\u00e3o 4,3 milh\u00f5es de doses de vacina\u201d, informou Queiroga nesta manh\u00e3 ao passar pela portaria do minist\u00e9rio.<\/span><\/p><\/blockquote>\n\n\n\n<p>Segundo ele, o tr\u00e2mite para aquisi\u00e7\u00e3o e distribui\u00e7\u00e3o de vacinas no pa\u00eds \u00e9 satisfat\u00f3rio, se comparado a outros pa\u00edses. \u201cA ind\u00fastria farmac\u00eautica s\u00f3 pode deflagrar produ\u00e7\u00e3o de doses ap\u00f3s o aval da ag\u00eancia regulat\u00f3ria [Anvisa]. Ent\u00e3o doses n\u00e3o aprovadas pela ag\u00eancia regulat\u00f3ria n\u00e3o podem adentrar no pa\u00eds, sob pena de caracterizar at\u00e9 mesmo crime sanit\u00e1rio\u201d, argumentou o ministro.<\/p>\n\n\n\n<p><strong><em>Fonte: <a href=\"https:\/\/agenciabrasil.ebc.com.br\/saude\/noticia\/2022-01\/pfizer-antecipara-600-mil-doses-da-vacina-pediatrica-contra-covid-19\">Ag\u00eancia Brasil<\/a><\/em><\/strong><\/p>\n","protected":false},"excerpt":{"rendered":"<p>An\u00fancio foi feito pelo ministro da Sa\u00fade, Marcelo Queiroga O ministro da Sa\u00fade, Marcelo Queiroga, disse hoje (10) ter conseguido antecipar 600 mil doses da vacina pedi\u00e1trica contra a covid-19, produzidas pela empresa Pfizer. Ao defender a forma como o governo tem conduzido o combate \u00e0 pandemia, Queiroga disse que a fabrica\u00e7\u00e3o ou a importa\u00e7\u00e3o [&hellip;]<\/p>\n","protected":false},"author":2,"featured_media":26598,"comment_status":"open","ping_status":"open","sticky":false,"template":"","format":"standard","meta":{"footnotes":""},"categories":[11],"tags":[73,273,670,12801,447,330,563],"class_list":["post-26597","post","type-post","status-publish","format-standard","has-post-thumbnail","hentry","category-saude","tag-coronavirus","tag-covid-19","tag-criancas","tag-marcelo-queiroga","tag-ministerio-da-saude","tag-pandemia","tag-vacina"],"yoast_head":"<!-- This site is optimized with the Yoast SEO plugin v26.5 - https:\/\/yoast.com\/wordpress\/plugins\/seo\/ -->\n<title>Pfizer antecipar\u00e1 600 mil doses da vacina pedi\u00e1trica contra a covid-19 - Jornal Fatos e Not\u00edcias<\/title>\n<meta name=\"robots\" content=\"index, follow, max-snippet:-1, max-image-preview:large, max-video-preview:-1\" \/>\n<link rel=\"canonical\" href=\"https:\/\/jornalfatosenoticias.com.br\/index.php\/2022\/01\/10\/pfizer-antecipara-600-mil-doses-da-vacina-pediatrica-contra-a-covid-19\/\" \/>\n<meta property=\"og:locale\" content=\"pt_BR\" \/>\n<meta property=\"og:type\" content=\"article\" \/>\n<meta property=\"og:title\" content=\"Pfizer antecipar\u00e1 600 mil doses da vacina pedi\u00e1trica contra a covid-19 - Jornal Fatos e Not\u00edcias\" \/>\n<meta property=\"og:description\" content=\"An\u00fancio foi feito pelo ministro da Sa\u00fade, Marcelo Queiroga O ministro da Sa\u00fade, Marcelo Queiroga, disse hoje (10) ter conseguido antecipar 600 mil doses da vacina pedi\u00e1trica contra a covid-19, produzidas pela empresa Pfizer. Ao defender a forma como o governo tem conduzido o combate \u00e0 pandemia, Queiroga disse que a fabrica\u00e7\u00e3o ou a importa\u00e7\u00e3o [&hellip;]\" \/>\n<meta property=\"og:url\" content=\"https:\/\/jornalfatosenoticias.com.br\/index.php\/2022\/01\/10\/pfizer-antecipara-600-mil-doses-da-vacina-pediatrica-contra-a-covid-19\/\" \/>\n<meta property=\"og:site_name\" content=\"Jornal Fatos e Not\u00edcias\" \/>\n<meta property=\"article:published_time\" content=\"2022-01-10T15:25:26+00:00\" \/>\n<meta property=\"article:modified_time\" content=\"2022-01-10T15:25:31+00:00\" \/>\n<meta property=\"og:image\" content=\"https:\/\/jornalfatosenoticias.com.br\/wp-content\/uploads\/2022\/01\/vacina-infantil-covid.jpg\" \/>\n\t<meta property=\"og:image:width\" content=\"1000\" \/>\n\t<meta property=\"og:image:height\" content=\"598\" \/>\n\t<meta property=\"og:image:type\" content=\"image\/jpeg\" \/>\n<meta name=\"author\" content=\"Luzimara Fernandes\" \/>\n<meta name=\"twitter:card\" content=\"summary_large_image\" \/>\n<meta name=\"twitter:label1\" content=\"Escrito por\" \/>\n\t<meta name=\"twitter:data1\" content=\"Luzimara Fernandes\" \/>\n\t<meta name=\"twitter:label2\" content=\"Est. tempo de leitura\" \/>\n\t<meta name=\"twitter:data2\" content=\"1 minuto\" \/>\n<script type=\"application\/ld+json\" class=\"yoast-schema-graph\">{\"@context\":\"https:\/\/schema.org\",\"@graph\":[{\"@type\":\"Article\",\"@id\":\"https:\/\/jornalfatosenoticias.com.br\/index.php\/2022\/01\/10\/pfizer-antecipara-600-mil-doses-da-vacina-pediatrica-contra-a-covid-19\/#article\",\"isPartOf\":{\"@id\":\"https:\/\/jornalfatosenoticias.com.br\/index.php\/2022\/01\/10\/pfizer-antecipara-600-mil-doses-da-vacina-pediatrica-contra-a-covid-19\/\"},\"author\":{\"name\":\"Luzimara Fernandes\",\"@id\":\"https:\/\/jornalfatosenoticias.com.br\/#\/schema\/person\/d63837fa13ac8666eb9e74e0985d6f81\"},\"headline\":\"Pfizer antecipar\u00e1 600 mil doses da vacina pedi\u00e1trica contra a covid-19\",\"datePublished\":\"2022-01-10T15:25:26+00:00\",\"dateModified\":\"2022-01-10T15:25:31+00:00\",\"mainEntityOfPage\":{\"@id\":\"https:\/\/jornalfatosenoticias.com.br\/index.php\/2022\/01\/10\/pfizer-antecipara-600-mil-doses-da-vacina-pediatrica-contra-a-covid-19\/\"},\"wordCount\":224,\"commentCount\":0,\"publisher\":{\"@id\":\"https:\/\/jornalfatosenoticias.com.br\/#organization\"},\"image\":{\"@id\":\"https:\/\/jornalfatosenoticias.com.br\/index.php\/2022\/01\/10\/pfizer-antecipara-600-mil-doses-da-vacina-pediatrica-contra-a-covid-19\/#primaryimage\"},\"thumbnailUrl\":\"https:\/\/jornalfatosenoticias.com.br\/wp-content\/uploads\/2022\/01\/vacina-infantil-covid.jpg\",\"keywords\":[\"coronav\u00edrus\",\"covid-19\",\"crian\u00e7as\",\"Marcelo Queiroga\",\"Minist\u00e9rio da Sa\u00fade\",\"pandemia\",\"vacina\"],\"articleSection\":[\"Sa\u00fade\"],\"inLanguage\":\"pt-BR\",\"potentialAction\":[{\"@type\":\"CommentAction\",\"name\":\"Comment\",\"target\":[\"https:\/\/jornalfatosenoticias.com.br\/index.php\/2022\/01\/10\/pfizer-antecipara-600-mil-doses-da-vacina-pediatrica-contra-a-covid-19\/#respond\"]}]},{\"@type\":\"WebPage\",\"@id\":\"https:\/\/jornalfatosenoticias.com.br\/index.php\/2022\/01\/10\/pfizer-antecipara-600-mil-doses-da-vacina-pediatrica-contra-a-covid-19\/\",\"url\":\"https:\/\/jornalfatosenoticias.com.br\/index.php\/2022\/01\/10\/pfizer-antecipara-600-mil-doses-da-vacina-pediatrica-contra-a-covid-19\/\",\"name\":\"Pfizer antecipar\u00e1 600 mil doses da vacina pedi\u00e1trica contra a covid-19 - Jornal Fatos e Not\u00edcias\",\"isPartOf\":{\"@id\":\"https:\/\/jornalfatosenoticias.com.br\/#website\"},\"primaryImageOfPage\":{\"@id\":\"https:\/\/jornalfatosenoticias.com.br\/index.php\/2022\/01\/10\/pfizer-antecipara-600-mil-doses-da-vacina-pediatrica-contra-a-covid-19\/#primaryimage\"},\"image\":{\"@id\":\"https:\/\/jornalfatosenoticias.com.br\/index.php\/2022\/01\/10\/pfizer-antecipara-600-mil-doses-da-vacina-pediatrica-contra-a-covid-19\/#primaryimage\"},\"thumbnailUrl\":\"https:\/\/jornalfatosenoticias.com.br\/wp-content\/uploads\/2022\/01\/vacina-infantil-covid.jpg\",\"datePublished\":\"2022-01-10T15:25:26+00:00\",\"dateModified\":\"2022-01-10T15:25:31+00:00\",\"breadcrumb\":{\"@id\":\"https:\/\/jornalfatosenoticias.com.br\/index.php\/2022\/01\/10\/pfizer-antecipara-600-mil-doses-da-vacina-pediatrica-contra-a-covid-19\/#breadcrumb\"},\"inLanguage\":\"pt-BR\",\"potentialAction\":[{\"@type\":\"ReadAction\",\"target\":[\"https:\/\/jornalfatosenoticias.com.br\/index.php\/2022\/01\/10\/pfizer-antecipara-600-mil-doses-da-vacina-pediatrica-contra-a-covid-19\/\"]}]},{\"@type\":\"ImageObject\",\"inLanguage\":\"pt-BR\",\"@id\":\"https:\/\/jornalfatosenoticias.com.br\/index.php\/2022\/01\/10\/pfizer-antecipara-600-mil-doses-da-vacina-pediatrica-contra-a-covid-19\/#primaryimage\",\"url\":\"https:\/\/jornalfatosenoticias.com.br\/wp-content\/uploads\/2022\/01\/vacina-infantil-covid.jpg\",\"contentUrl\":\"https:\/\/jornalfatosenoticias.com.br\/wp-content\/uploads\/2022\/01\/vacina-infantil-covid.jpg\",\"width\":1000,\"height\":598},{\"@type\":\"BreadcrumbList\",\"@id\":\"https:\/\/jornalfatosenoticias.com.br\/index.php\/2022\/01\/10\/pfizer-antecipara-600-mil-doses-da-vacina-pediatrica-contra-a-covid-19\/#breadcrumb\",\"itemListElement\":[{\"@type\":\"ListItem\",\"position\":1,\"name\":\"In\u00edcio\",\"item\":\"https:\/\/jornalfatosenoticias.com.br\/\"},{\"@type\":\"ListItem\",\"position\":2,\"name\":\"Pfizer antecipar\u00e1 600 mil doses da vacina pedi\u00e1trica contra a covid-19\"}]},{\"@type\":\"WebSite\",\"@id\":\"https:\/\/jornalfatosenoticias.com.br\/#website\",\"url\":\"https:\/\/jornalfatosenoticias.com.br\/\",\"name\":\"Jornal Fatos e Not\u00edcias\",\"description\":\"Not\u00edcias em geral\",\"publisher\":{\"@id\":\"https:\/\/jornalfatosenoticias.com.br\/#organization\"},\"potentialAction\":[{\"@type\":\"SearchAction\",\"target\":{\"@type\":\"EntryPoint\",\"urlTemplate\":\"https:\/\/jornalfatosenoticias.com.br\/?s={search_term_string}\"},\"query-input\":{\"@type\":\"PropertyValueSpecification\",\"valueRequired\":true,\"valueName\":\"search_term_string\"}}],\"inLanguage\":\"pt-BR\"},{\"@type\":\"Organization\",\"@id\":\"https:\/\/jornalfatosenoticias.com.br\/#organization\",\"name\":\"Jornal Fatos e Not\u00edcias\",\"url\":\"https:\/\/jornalfatosenoticias.com.br\/\",\"logo\":{\"@type\":\"ImageObject\",\"inLanguage\":\"pt-BR\",\"@id\":\"https:\/\/jornalfatosenoticias.com.br\/#\/schema\/logo\/image\/\",\"url\":\"https:\/\/jornalfatosenoticias.com.br\/wp-content\/uploads\/2020\/02\/logo120.png\",\"contentUrl\":\"https:\/\/jornalfatosenoticias.com.br\/wp-content\/uploads\/2020\/02\/logo120.png\",\"width\":1227,\"height\":120,\"caption\":\"Jornal Fatos e Not\u00edcias\"},\"image\":{\"@id\":\"https:\/\/jornalfatosenoticias.com.br\/#\/schema\/logo\/image\/\"}},{\"@type\":\"Person\",\"@id\":\"https:\/\/jornalfatosenoticias.com.br\/#\/schema\/person\/d63837fa13ac8666eb9e74e0985d6f81\",\"name\":\"Luzimara Fernandes\",\"image\":{\"@type\":\"ImageObject\",\"inLanguage\":\"pt-BR\",\"@id\":\"https:\/\/jornalfatosenoticias.com.br\/#\/schema\/person\/image\/\",\"url\":\"https:\/\/jornalfatosenoticias.com.br\/wp-content\/uploads\/2025\/05\/EU_portal.jpg\",\"contentUrl\":\"https:\/\/jornalfatosenoticias.com.br\/wp-content\/uploads\/2025\/05\/EU_portal.jpg\",\"caption\":\"Luzimara Fernandes\"},\"description\":\"Jornalista MTB 2358-ES\",\"sameAs\":[\"https:\/\/jornalfatosenoticias.com.br\"],\"url\":\"https:\/\/jornalfatosenoticias.com.br\/index.php\/author\/luzimara\/\"}]}<\/script>\n<!-- \/ Yoast SEO plugin. -->","yoast_head_json":{"title":"Pfizer antecipar\u00e1 600 mil doses da vacina pedi\u00e1trica contra a covid-19 - Jornal Fatos e Not\u00edcias","robots":{"index":"index","follow":"follow","max-snippet":"max-snippet:-1","max-image-preview":"max-image-preview:large","max-video-preview":"max-video-preview:-1"},"canonical":"https:\/\/jornalfatosenoticias.com.br\/index.php\/2022\/01\/10\/pfizer-antecipara-600-mil-doses-da-vacina-pediatrica-contra-a-covid-19\/","og_locale":"pt_BR","og_type":"article","og_title":"Pfizer antecipar\u00e1 600 mil doses da vacina pedi\u00e1trica contra a covid-19 - Jornal Fatos e Not\u00edcias","og_description":"An\u00fancio foi feito pelo ministro da Sa\u00fade, Marcelo Queiroga O ministro da Sa\u00fade, Marcelo Queiroga, disse hoje (10) ter conseguido antecipar 600 mil doses da vacina pedi\u00e1trica contra a covid-19, produzidas pela empresa Pfizer. Ao defender a forma como o governo tem conduzido o combate \u00e0 pandemia, Queiroga disse que a fabrica\u00e7\u00e3o ou a importa\u00e7\u00e3o [&hellip;]","og_url":"https:\/\/jornalfatosenoticias.com.br\/index.php\/2022\/01\/10\/pfizer-antecipara-600-mil-doses-da-vacina-pediatrica-contra-a-covid-19\/","og_site_name":"Jornal Fatos e Not\u00edcias","article_published_time":"2022-01-10T15:25:26+00:00","article_modified_time":"2022-01-10T15:25:31+00:00","og_image":[{"width":1000,"height":598,"url":"https:\/\/jornalfatosenoticias.com.br\/wp-content\/uploads\/2022\/01\/vacina-infantil-covid.jpg","type":"image\/jpeg"}],"author":"Luzimara Fernandes","twitter_card":"summary_large_image","twitter_misc":{"Escrito por":"Luzimara Fernandes","Est. tempo de leitura":"1 minuto"},"schema":{"@context":"https:\/\/schema.org","@graph":[{"@type":"Article","@id":"https:\/\/jornalfatosenoticias.com.br\/index.php\/2022\/01\/10\/pfizer-antecipara-600-mil-doses-da-vacina-pediatrica-contra-a-covid-19\/#article","isPartOf":{"@id":"https:\/\/jornalfatosenoticias.com.br\/index.php\/2022\/01\/10\/pfizer-antecipara-600-mil-doses-da-vacina-pediatrica-contra-a-covid-19\/"},"author":{"name":"Luzimara Fernandes","@id":"https:\/\/jornalfatosenoticias.com.br\/#\/schema\/person\/d63837fa13ac8666eb9e74e0985d6f81"},"headline":"Pfizer antecipar\u00e1 600 mil doses da vacina pedi\u00e1trica contra a covid-19","datePublished":"2022-01-10T15:25:26+00:00","dateModified":"2022-01-10T15:25:31+00:00","mainEntityOfPage":{"@id":"https:\/\/jornalfatosenoticias.com.br\/index.php\/2022\/01\/10\/pfizer-antecipara-600-mil-doses-da-vacina-pediatrica-contra-a-covid-19\/"},"wordCount":224,"commentCount":0,"publisher":{"@id":"https:\/\/jornalfatosenoticias.com.br\/#organization"},"image":{"@id":"https:\/\/jornalfatosenoticias.com.br\/index.php\/2022\/01\/10\/pfizer-antecipara-600-mil-doses-da-vacina-pediatrica-contra-a-covid-19\/#primaryimage"},"thumbnailUrl":"https:\/\/jornalfatosenoticias.com.br\/wp-content\/uploads\/2022\/01\/vacina-infantil-covid.jpg","keywords":["coronav\u00edrus","covid-19","crian\u00e7as","Marcelo Queiroga","Minist\u00e9rio da Sa\u00fade","pandemia","vacina"],"articleSection":["Sa\u00fade"],"inLanguage":"pt-BR","potentialAction":[{"@type":"CommentAction","name":"Comment","target":["https:\/\/jornalfatosenoticias.com.br\/index.php\/2022\/01\/10\/pfizer-antecipara-600-mil-doses-da-vacina-pediatrica-contra-a-covid-19\/#respond"]}]},{"@type":"WebPage","@id":"https:\/\/jornalfatosenoticias.com.br\/index.php\/2022\/01\/10\/pfizer-antecipara-600-mil-doses-da-vacina-pediatrica-contra-a-covid-19\/","url":"https:\/\/jornalfatosenoticias.com.br\/index.php\/2022\/01\/10\/pfizer-antecipara-600-mil-doses-da-vacina-pediatrica-contra-a-covid-19\/","name":"Pfizer antecipar\u00e1 600 mil doses da vacina pedi\u00e1trica contra a covid-19 - Jornal Fatos e Not\u00edcias","isPartOf":{"@id":"https:\/\/jornalfatosenoticias.com.br\/#website"},"primaryImageOfPage":{"@id":"https:\/\/jornalfatosenoticias.com.br\/index.php\/2022\/01\/10\/pfizer-antecipara-600-mil-doses-da-vacina-pediatrica-contra-a-covid-19\/#primaryimage"},"image":{"@id":"https:\/\/jornalfatosenoticias.com.br\/index.php\/2022\/01\/10\/pfizer-antecipara-600-mil-doses-da-vacina-pediatrica-contra-a-covid-19\/#primaryimage"},"thumbnailUrl":"https:\/\/jornalfatosenoticias.com.br\/wp-content\/uploads\/2022\/01\/vacina-infantil-covid.jpg","datePublished":"2022-01-10T15:25:26+00:00","dateModified":"2022-01-10T15:25:31+00:00","breadcrumb":{"@id":"https:\/\/jornalfatosenoticias.com.br\/index.php\/2022\/01\/10\/pfizer-antecipara-600-mil-doses-da-vacina-pediatrica-contra-a-covid-19\/#breadcrumb"},"inLanguage":"pt-BR","potentialAction":[{"@type":"ReadAction","target":["https:\/\/jornalfatosenoticias.com.br\/index.php\/2022\/01\/10\/pfizer-antecipara-600-mil-doses-da-vacina-pediatrica-contra-a-covid-19\/"]}]},{"@type":"ImageObject","inLanguage":"pt-BR","@id":"https:\/\/jornalfatosenoticias.com.br\/index.php\/2022\/01\/10\/pfizer-antecipara-600-mil-doses-da-vacina-pediatrica-contra-a-covid-19\/#primaryimage","url":"https:\/\/jornalfatosenoticias.com.br\/wp-content\/uploads\/2022\/01\/vacina-infantil-covid.jpg","contentUrl":"https:\/\/jornalfatosenoticias.com.br\/wp-content\/uploads\/2022\/01\/vacina-infantil-covid.jpg","width":1000,"height":598},{"@type":"BreadcrumbList","@id":"https:\/\/jornalfatosenoticias.com.br\/index.php\/2022\/01\/10\/pfizer-antecipara-600-mil-doses-da-vacina-pediatrica-contra-a-covid-19\/#breadcrumb","itemListElement":[{"@type":"ListItem","position":1,"name":"In\u00edcio","item":"https:\/\/jornalfatosenoticias.com.br\/"},{"@type":"ListItem","position":2,"name":"Pfizer antecipar\u00e1 600 mil doses da vacina pedi\u00e1trica contra a covid-19"}]},{"@type":"WebSite","@id":"https:\/\/jornalfatosenoticias.com.br\/#website","url":"https:\/\/jornalfatosenoticias.com.br\/","name":"Jornal Fatos e Not\u00edcias","description":"Not\u00edcias em geral","publisher":{"@id":"https:\/\/jornalfatosenoticias.com.br\/#organization"},"potentialAction":[{"@type":"SearchAction","target":{"@type":"EntryPoint","urlTemplate":"https:\/\/jornalfatosenoticias.com.br\/?s={search_term_string}"},"query-input":{"@type":"PropertyValueSpecification","valueRequired":true,"valueName":"search_term_string"}}],"inLanguage":"pt-BR"},{"@type":"Organization","@id":"https:\/\/jornalfatosenoticias.com.br\/#organization","name":"Jornal Fatos e Not\u00edcias","url":"https:\/\/jornalfatosenoticias.com.br\/","logo":{"@type":"ImageObject","inLanguage":"pt-BR","@id":"https:\/\/jornalfatosenoticias.com.br\/#\/schema\/logo\/image\/","url":"https:\/\/jornalfatosenoticias.com.br\/wp-content\/uploads\/2020\/02\/logo120.png","contentUrl":"https:\/\/jornalfatosenoticias.com.br\/wp-content\/uploads\/2020\/02\/logo120.png","width":1227,"height":120,"caption":"Jornal Fatos e Not\u00edcias"},"image":{"@id":"https:\/\/jornalfatosenoticias.com.br\/#\/schema\/logo\/image\/"}},{"@type":"Person","@id":"https:\/\/jornalfatosenoticias.com.br\/#\/schema\/person\/d63837fa13ac8666eb9e74e0985d6f81","name":"Luzimara Fernandes","image":{"@type":"ImageObject","inLanguage":"pt-BR","@id":"https:\/\/jornalfatosenoticias.com.br\/#\/schema\/person\/image\/","url":"https:\/\/jornalfatosenoticias.com.br\/wp-content\/uploads\/2025\/05\/EU_portal.jpg","contentUrl":"https:\/\/jornalfatosenoticias.com.br\/wp-content\/uploads\/2025\/05\/EU_portal.jpg","caption":"Luzimara Fernandes"},"description":"Jornalista MTB 2358-ES","sameAs":["https:\/\/jornalfatosenoticias.com.br"],"url":"https:\/\/jornalfatosenoticias.com.br\/index.php\/author\/luzimara\/"}]}},"cc_featured_image_caption":{"caption_text":"(Foto: Paul Hennessy\/SOPA Images\/Sipa USA)","source_text":"","source_url":""},"jetpack_featured_media_url":"https:\/\/jornalfatosenoticias.com.br\/wp-content\/uploads\/2022\/01\/vacina-infantil-covid.jpg","_links":{"self":[{"href":"https:\/\/jornalfatosenoticias.com.br\/index.php\/wp-json\/wp\/v2\/posts\/26597","targetHints":{"allow":["GET"]}}],"collection":[{"href":"https:\/\/jornalfatosenoticias.com.br\/index.php\/wp-json\/wp\/v2\/posts"}],"about":[{"href":"https:\/\/jornalfatosenoticias.com.br\/index.php\/wp-json\/wp\/v2\/types\/post"}],"author":[{"embeddable":true,"href":"https:\/\/jornalfatosenoticias.com.br\/index.php\/wp-json\/wp\/v2\/users\/2"}],"replies":[{"embeddable":true,"href":"https:\/\/jornalfatosenoticias.com.br\/index.php\/wp-json\/wp\/v2\/comments?post=26597"}],"version-history":[{"count":0,"href":"https:\/\/jornalfatosenoticias.com.br\/index.php\/wp-json\/wp\/v2\/posts\/26597\/revisions"}],"wp:featuredmedia":[{"embeddable":true,"href":"https:\/\/jornalfatosenoticias.com.br\/index.php\/wp-json\/wp\/v2\/media\/26598"}],"wp:attachment":[{"href":"https:\/\/jornalfatosenoticias.com.br\/index.php\/wp-json\/wp\/v2\/media?parent=26597"}],"wp:term":[{"taxonomy":"category","embeddable":true,"href":"https:\/\/jornalfatosenoticias.com.br\/index.php\/wp-json\/wp\/v2\/categories?post=26597"},{"taxonomy":"post_tag","embeddable":true,"href":"https:\/\/jornalfatosenoticias.com.br\/index.php\/wp-json\/wp\/v2\/tags?post=26597"}],"curies":[{"name":"wp","href":"https:\/\/api.w.org\/{rel}","templated":true}]}}