{"id":26600,"date":"2022-01-10T12:39:57","date_gmt":"2022-01-10T15:39:57","guid":{"rendered":"https:\/\/jornalfatosenoticias.com.br\/?p=26600"},"modified":"2022-01-10T12:40:02","modified_gmt":"2022-01-10T15:40:02","slug":"tv-brasil-estreia-novela-a-escrava-isaura-nesta-quarta","status":"publish","type":"post","link":"https:\/\/jornalfatosenoticias.com.br\/index.php\/2022\/01\/10\/tv-brasil-estreia-novela-a-escrava-isaura-nesta-quarta\/","title":{"rendered":"TV Brasil estreia novela A Escrava Isaura nesta quarta"},"content":{"rendered":"\n<p><em><span class=\"has-inline-color has-black-color\">Produ\u00e7\u00e3o de dramaturgia ganha exibi\u00e7\u00e3o em novo hor\u00e1rio, \u00e0s 20h<\/span><\/em><\/p>\n\n\n\n<p>Sucesso da teledramaturgia nacional e internacional, a novela <em>A Escrava Isaura <\/em>estreia na programa\u00e7\u00e3o da <strong>TV Brasil<\/strong> a partir desta quarta (12), \u00e0s 20h. A produ\u00e7\u00e3o vai ao ar na telinha da emissora p\u00fablica, de segunda a s\u00e1bado, sempre no mesmo hor\u00e1rio. A trama estreia no canal ap\u00f3s a repercuss\u00e3o positiva da novela <em>Os Dez Mandamentos, <\/em>obra que elevou a audi\u00eancia da <strong>TV Brasil.<\/strong> As emo\u00e7\u00f5es dos \u00faltimos cap\u00edtulos e o desfecho da saga de Mois\u00e9s s\u00e3o mostrados nesta segunda e ter\u00e7a-feira, \u00e0s 20h30.<br>Reconhecida pela cr\u00edtica e pelo p\u00fablico por abordar temas que retratam parte da hist\u00f3ria do pa\u00eds, <em>A Escrava Isaura<\/em> \u00e9 baseada no romance hom\u00f4nimo escrito por Bernardo Guimar\u00e3es, em 1875. Com texto de Tiago Santiago e Anamaria Nunes, a novela tem dire\u00e7\u00e3o-geral de Herval Rossano. O diretor de Conte\u00fado e Programa\u00e7\u00e3o da <strong>EBC,<\/strong> Denilson Morales, ressalta que a exibi\u00e7\u00e3o de <em>A Escrava Isaura<\/em> vai ao encontro da miss\u00e3o da <strong>EBC<\/strong> de fomentar a cultura.<\/p>\n\n\n\n<blockquote class=\"wp-block-quote is-layout-flow wp-block-quote-is-layout-flow\"><p><span class=\"has-inline-color has-luminous-vivid-orange-color\">\u201cA nova atra\u00e7\u00e3o tamb\u00e9m refor\u00e7a um dos pilares da empresa, que \u00e9 o de fortalecer a valorizar as produ\u00e7\u00f5es nacionais\u201d.<\/span><\/p><\/blockquote>\n\n\n\n<p>Morales conta tamb\u00e9m que o Comit\u00ea de Programa\u00e7\u00e3o e Rede da <strong>EBC <\/strong>selecionou a novela entre diversos conte\u00fados prospectados por se tratar de um <em>remake,<\/em> gravado em 2004, de uma das novelas de maior sucesso da televis\u00e3o brasileira e mundial, que em outubro de 2021 completou 45 anos desde a estreia.<\/p>\n\n\n\n<blockquote class=\"wp-block-quote is-layout-flow wp-block-quote-is-layout-flow\"><p><span class=\"has-inline-color has-luminous-vivid-orange-color\">\u201cEsse \u00e9 um dos motivos pelo qual a hist\u00f3ria narrada torna-se atrativa para o telespectador. Vale lembrar que a primeira vers\u00e3o da novela \u00e9 de 1976 e foi vendida para mais de 80 pa\u00edses, sendo o primeiro grande sucesso mundial da Rede Globo de Televis\u00e3o\u201d.<\/span><\/p><\/blockquote>\n\n\n\n<p>Com 167 epis\u00f3dios de aproximadamente 45 minutos de dura\u00e7\u00e3o por cap\u00edtulo, a trama principal acompanha os desafios vividos pela escrava Isaura, interpretada por Bianca Rinaldi, sobre os desmandos de Le\u00f4ncio, papel de Leopoldo Pacheco. Th\u00e9o Becker, como o abolicionista \u00c1lvaro, e Renata Dominguez, como a cruel Branca, tamb\u00e9m s\u00e3o protagonistas. A novela ainda tem a atua\u00e7\u00e3o de nomes conhecidos da dramaturgia brasileira como Patr\u00edcia Fran\u00e7a, Mayara Magri, Jackson Antunes, Maria Ribeiro, Caio Junqueira, Gabriel Gracindo, Paulo Figueiredo e Ewerton de Castro.<br>Os veteranos Rubens de Falco e Norma Blum fazem participa\u00e7\u00f5es especiais no in\u00edcio da trama ap\u00f3s serem protagonistas na vers\u00e3o de 1976 da novela. O gal\u00e3 ficou conhecido internacionalmente como o vil\u00e3o Le\u00f4ncio e retorna para interpretar o Comendador Almeida, pai do personagem. J\u00e1 Norma Blum fez Malvina, casada com Le\u00f4ncio, na primeira obra e agora vive Gertrudes, madrinha de Isaura.<br>Gestora da <strong>TV Brasil,<\/strong> a <strong>Empresa Brasil de Comunica\u00e7\u00e3o (EBC)<\/strong> adquiriu os direitos de exibi\u00e7\u00e3o do cl\u00e1ssico. O contrato de licenciamento permite exibir a novela pela emissora, pelas afiliadas da Rede Nacional de Comunica\u00e7\u00e3o P\u00fablica (RNCP), pela TV Brasil Web e pelo aplicativo TV Brasil Play.<br>A TV Brasil tamb\u00e9m ter\u00e1 outras novidades ao longo da programa\u00e7\u00e3o de 2022, mais uma telenovela est\u00e1 em fase final de negocia\u00e7\u00e3o.<\/p>\n\n\n\n<p><strong><span class=\"has-inline-color has-black-color\">Conflito da trama<br><\/span><\/strong>O enredo mostra a rotina da jovem Isaura (Bianca Rinaldi), \u00f3rf\u00e3 que enfrenta muitos sofrimentos at\u00e9 encontrar a felicidade. Sua m\u00e3e era mulata e foi mucama na fazenda onde ela nasceu e viveu. Isaura sempre recebeu amparo de Gertrudres (Norma Blum), sua senhora, como se fosse uma filha, mas foi desprezada pelo seu senhor, o Comendador Almeida.<br>Muito d\u00f3cil, o sonho de Isaura sempre foi conquistar sua liberdade. No entanto, no caminho surge Le\u00f4ncio, o \u00fanico filho do Comendador Almeida. Totalmente desprovido de car\u00e1ter para conquistar Isaura, Le\u00f4ncio comete atrocidades com Isaura que foge e assume outra identidade.<br>Numa ch\u00e1cara perto de S\u00e3o Paulo, Isaura vive um novo amor com o abolicionista \u00c1lvaro, mas \u00e9 desmascarada. Ela volta a sofrer nas m\u00e3os de Le\u00f4ncio e de outras parceiras no crime. Reviravoltas na trama proporcionam emo\u00e7\u00f5es para a protagonista.<br>A trama destaca a luta dos escravos pela liberdade, exibindo o come\u00e7o dos movimentos abolicionistas, mostram o cotidiano das senzalas e destaca as cren\u00e7as, as dan\u00e7as e os rituais dos negros foram muito bem reproduzidas.<\/p>\n\n\n\n<p><strong><span class=\"has-inline-color has-vivid-red-color\">Servi\u00e7o:<br><\/span><\/strong><em>A Escrava Isaura<\/em>, na <strong>TV Brasil<\/strong><br>Estreia: quarta-feira (12\/1), \u00e0s 20h<br>Exibi\u00e7\u00e3o: segunda a s\u00e1bado \u00e0s 20h, com reapresenta\u00e7\u00e3o \u00e0 0h45<br>Facebook \u2014 https:\/\/www.facebook.com\/tvbrasil<br>Twitter \u2014 https:\/\/twitter.com\/TVBrasil<br>Instagram \u2014 https:\/\/www.instagram.com\/tvbrasil<br>YouTube \u2014 https:\/\/www.youtube.com\/tvbrasil<br>TikTok \u2014 https:\/\/www.tiktok.com\/@tv.brasil<\/p>\n\n\n\n<p><strong><em>Fonte: <a href=\"https:\/\/agenciabrasil.ebc.com.br\/geral\/noticia\/2022-01\/tv-brasil-estreia-novela-escrava-isaura-nesta-quarta\">Ag\u00eancia Brasil<\/a><\/em><\/strong><\/p>\n","protected":false},"excerpt":{"rendered":"<p>Produ\u00e7\u00e3o de dramaturgia ganha exibi\u00e7\u00e3o em novo hor\u00e1rio, \u00e0s 20h Sucesso da teledramaturgia nacional e internacional, a novela A Escrava Isaura estreia na programa\u00e7\u00e3o da TV Brasil a partir desta quarta (12), \u00e0s 20h. A produ\u00e7\u00e3o vai ao ar na telinha da emissora p\u00fablica, de segunda a s\u00e1bado, sempre no mesmo hor\u00e1rio. A trama estreia [&hellip;]<\/p>\n","protected":false},"author":2,"featured_media":26601,"comment_status":"open","ping_status":"open","sticky":false,"template":"","format":"standard","meta":{"footnotes":""},"categories":[4],"tags":[12802,178,12803,12804,6428],"class_list":["post-26600","post","type-post","status-publish","format-standard","has-post-thumbnail","hentry","category-cultura","tag-a-escrava-isaura","tag-novela","tag-sucesso-internacional","tag-teledramaturgia","tag-tv-brasil"],"yoast_head":"<!-- This site is optimized with the Yoast SEO plugin v26.5 - https:\/\/yoast.com\/wordpress\/plugins\/seo\/ -->\n<title>TV Brasil estreia novela A Escrava Isaura nesta quarta - Jornal Fatos e Not\u00edcias<\/title>\n<meta name=\"robots\" content=\"index, follow, max-snippet:-1, max-image-preview:large, max-video-preview:-1\" \/>\n<link rel=\"canonical\" href=\"https:\/\/jornalfatosenoticias.com.br\/index.php\/2022\/01\/10\/tv-brasil-estreia-novela-a-escrava-isaura-nesta-quarta\/\" \/>\n<meta property=\"og:locale\" content=\"pt_BR\" \/>\n<meta property=\"og:type\" content=\"article\" \/>\n<meta property=\"og:title\" content=\"TV Brasil estreia novela A Escrava Isaura nesta quarta - Jornal Fatos e Not\u00edcias\" \/>\n<meta property=\"og:description\" content=\"Produ\u00e7\u00e3o de dramaturgia ganha exibi\u00e7\u00e3o em novo hor\u00e1rio, \u00e0s 20h Sucesso da teledramaturgia nacional e internacional, a novela A Escrava Isaura estreia na programa\u00e7\u00e3o da TV Brasil a partir desta quarta (12), \u00e0s 20h. A produ\u00e7\u00e3o vai ao ar na telinha da emissora p\u00fablica, de segunda a s\u00e1bado, sempre no mesmo hor\u00e1rio. A trama estreia [&hellip;]\" \/>\n<meta property=\"og:url\" content=\"https:\/\/jornalfatosenoticias.com.br\/index.php\/2022\/01\/10\/tv-brasil-estreia-novela-a-escrava-isaura-nesta-quarta\/\" \/>\n<meta property=\"og:site_name\" content=\"Jornal Fatos e Not\u00edcias\" \/>\n<meta property=\"article:published_time\" content=\"2022-01-10T15:39:57+00:00\" \/>\n<meta property=\"article:modified_time\" content=\"2022-01-10T15:40:02+00:00\" \/>\n<meta property=\"og:image\" content=\"https:\/\/jornalfatosenoticias.com.br\/wp-content\/uploads\/2022\/01\/tvbrasil_Escrava_Isaura_01.png\" \/>\n\t<meta property=\"og:image:width\" content=\"1000\" \/>\n\t<meta property=\"og:image:height\" content=\"664\" \/>\n\t<meta property=\"og:image:type\" content=\"image\/png\" \/>\n<meta name=\"author\" content=\"Luzimara Fernandes\" \/>\n<meta name=\"twitter:card\" content=\"summary_large_image\" \/>\n<meta name=\"twitter:label1\" content=\"Escrito por\" \/>\n\t<meta name=\"twitter:data1\" content=\"Luzimara Fernandes\" \/>\n\t<meta name=\"twitter:label2\" content=\"Est. tempo de leitura\" \/>\n\t<meta name=\"twitter:data2\" content=\"4 minutos\" \/>\n<script type=\"application\/ld+json\" class=\"yoast-schema-graph\">{\"@context\":\"https:\/\/schema.org\",\"@graph\":[{\"@type\":\"Article\",\"@id\":\"https:\/\/jornalfatosenoticias.com.br\/index.php\/2022\/01\/10\/tv-brasil-estreia-novela-a-escrava-isaura-nesta-quarta\/#article\",\"isPartOf\":{\"@id\":\"https:\/\/jornalfatosenoticias.com.br\/index.php\/2022\/01\/10\/tv-brasil-estreia-novela-a-escrava-isaura-nesta-quarta\/\"},\"author\":{\"name\":\"Luzimara Fernandes\",\"@id\":\"https:\/\/jornalfatosenoticias.com.br\/#\/schema\/person\/d63837fa13ac8666eb9e74e0985d6f81\"},\"headline\":\"TV Brasil estreia novela A Escrava Isaura nesta quarta\",\"datePublished\":\"2022-01-10T15:39:57+00:00\",\"dateModified\":\"2022-01-10T15:40:02+00:00\",\"mainEntityOfPage\":{\"@id\":\"https:\/\/jornalfatosenoticias.com.br\/index.php\/2022\/01\/10\/tv-brasil-estreia-novela-a-escrava-isaura-nesta-quarta\/\"},\"wordCount\":793,\"commentCount\":0,\"publisher\":{\"@id\":\"https:\/\/jornalfatosenoticias.com.br\/#organization\"},\"image\":{\"@id\":\"https:\/\/jornalfatosenoticias.com.br\/index.php\/2022\/01\/10\/tv-brasil-estreia-novela-a-escrava-isaura-nesta-quarta\/#primaryimage\"},\"thumbnailUrl\":\"https:\/\/jornalfatosenoticias.com.br\/wp-content\/uploads\/2022\/01\/tvbrasil_Escrava_Isaura_01.png\",\"keywords\":[\"A Escrava Isaura\",\"novela\",\"sucesso internacional\",\"teledramaturgia\",\"TV Brasil\"],\"articleSection\":[\"Cultura\"],\"inLanguage\":\"pt-BR\",\"potentialAction\":[{\"@type\":\"CommentAction\",\"name\":\"Comment\",\"target\":[\"https:\/\/jornalfatosenoticias.com.br\/index.php\/2022\/01\/10\/tv-brasil-estreia-novela-a-escrava-isaura-nesta-quarta\/#respond\"]}]},{\"@type\":\"WebPage\",\"@id\":\"https:\/\/jornalfatosenoticias.com.br\/index.php\/2022\/01\/10\/tv-brasil-estreia-novela-a-escrava-isaura-nesta-quarta\/\",\"url\":\"https:\/\/jornalfatosenoticias.com.br\/index.php\/2022\/01\/10\/tv-brasil-estreia-novela-a-escrava-isaura-nesta-quarta\/\",\"name\":\"TV Brasil estreia novela A Escrava Isaura nesta quarta - Jornal Fatos e Not\u00edcias\",\"isPartOf\":{\"@id\":\"https:\/\/jornalfatosenoticias.com.br\/#website\"},\"primaryImageOfPage\":{\"@id\":\"https:\/\/jornalfatosenoticias.com.br\/index.php\/2022\/01\/10\/tv-brasil-estreia-novela-a-escrava-isaura-nesta-quarta\/#primaryimage\"},\"image\":{\"@id\":\"https:\/\/jornalfatosenoticias.com.br\/index.php\/2022\/01\/10\/tv-brasil-estreia-novela-a-escrava-isaura-nesta-quarta\/#primaryimage\"},\"thumbnailUrl\":\"https:\/\/jornalfatosenoticias.com.br\/wp-content\/uploads\/2022\/01\/tvbrasil_Escrava_Isaura_01.png\",\"datePublished\":\"2022-01-10T15:39:57+00:00\",\"dateModified\":\"2022-01-10T15:40:02+00:00\",\"breadcrumb\":{\"@id\":\"https:\/\/jornalfatosenoticias.com.br\/index.php\/2022\/01\/10\/tv-brasil-estreia-novela-a-escrava-isaura-nesta-quarta\/#breadcrumb\"},\"inLanguage\":\"pt-BR\",\"potentialAction\":[{\"@type\":\"ReadAction\",\"target\":[\"https:\/\/jornalfatosenoticias.com.br\/index.php\/2022\/01\/10\/tv-brasil-estreia-novela-a-escrava-isaura-nesta-quarta\/\"]}]},{\"@type\":\"ImageObject\",\"inLanguage\":\"pt-BR\",\"@id\":\"https:\/\/jornalfatosenoticias.com.br\/index.php\/2022\/01\/10\/tv-brasil-estreia-novela-a-escrava-isaura-nesta-quarta\/#primaryimage\",\"url\":\"https:\/\/jornalfatosenoticias.com.br\/wp-content\/uploads\/2022\/01\/tvbrasil_Escrava_Isaura_01.png\",\"contentUrl\":\"https:\/\/jornalfatosenoticias.com.br\/wp-content\/uploads\/2022\/01\/tvbrasil_Escrava_Isaura_01.png\",\"width\":1000,\"height\":664},{\"@type\":\"BreadcrumbList\",\"@id\":\"https:\/\/jornalfatosenoticias.com.br\/index.php\/2022\/01\/10\/tv-brasil-estreia-novela-a-escrava-isaura-nesta-quarta\/#breadcrumb\",\"itemListElement\":[{\"@type\":\"ListItem\",\"position\":1,\"name\":\"In\u00edcio\",\"item\":\"https:\/\/jornalfatosenoticias.com.br\/\"},{\"@type\":\"ListItem\",\"position\":2,\"name\":\"TV Brasil estreia novela A Escrava Isaura nesta quarta\"}]},{\"@type\":\"WebSite\",\"@id\":\"https:\/\/jornalfatosenoticias.com.br\/#website\",\"url\":\"https:\/\/jornalfatosenoticias.com.br\/\",\"name\":\"Jornal Fatos e Not\u00edcias\",\"description\":\"Not\u00edcias em geral\",\"publisher\":{\"@id\":\"https:\/\/jornalfatosenoticias.com.br\/#organization\"},\"potentialAction\":[{\"@type\":\"SearchAction\",\"target\":{\"@type\":\"EntryPoint\",\"urlTemplate\":\"https:\/\/jornalfatosenoticias.com.br\/?s={search_term_string}\"},\"query-input\":{\"@type\":\"PropertyValueSpecification\",\"valueRequired\":true,\"valueName\":\"search_term_string\"}}],\"inLanguage\":\"pt-BR\"},{\"@type\":\"Organization\",\"@id\":\"https:\/\/jornalfatosenoticias.com.br\/#organization\",\"name\":\"Jornal Fatos e Not\u00edcias\",\"url\":\"https:\/\/jornalfatosenoticias.com.br\/\",\"logo\":{\"@type\":\"ImageObject\",\"inLanguage\":\"pt-BR\",\"@id\":\"https:\/\/jornalfatosenoticias.com.br\/#\/schema\/logo\/image\/\",\"url\":\"https:\/\/jornalfatosenoticias.com.br\/wp-content\/uploads\/2020\/02\/logo120.png\",\"contentUrl\":\"https:\/\/jornalfatosenoticias.com.br\/wp-content\/uploads\/2020\/02\/logo120.png\",\"width\":1227,\"height\":120,\"caption\":\"Jornal Fatos e Not\u00edcias\"},\"image\":{\"@id\":\"https:\/\/jornalfatosenoticias.com.br\/#\/schema\/logo\/image\/\"}},{\"@type\":\"Person\",\"@id\":\"https:\/\/jornalfatosenoticias.com.br\/#\/schema\/person\/d63837fa13ac8666eb9e74e0985d6f81\",\"name\":\"Luzimara Fernandes\",\"image\":{\"@type\":\"ImageObject\",\"inLanguage\":\"pt-BR\",\"@id\":\"https:\/\/jornalfatosenoticias.com.br\/#\/schema\/person\/image\/\",\"url\":\"https:\/\/jornalfatosenoticias.com.br\/wp-content\/uploads\/2025\/05\/EU_portal.jpg\",\"contentUrl\":\"https:\/\/jornalfatosenoticias.com.br\/wp-content\/uploads\/2025\/05\/EU_portal.jpg\",\"caption\":\"Luzimara Fernandes\"},\"description\":\"Jornalista MTB 2358-ES\",\"sameAs\":[\"https:\/\/jornalfatosenoticias.com.br\"],\"url\":\"https:\/\/jornalfatosenoticias.com.br\/index.php\/author\/luzimara\/\"}]}<\/script>\n<!-- \/ Yoast SEO plugin. -->","yoast_head_json":{"title":"TV Brasil estreia novela A Escrava Isaura nesta quarta - Jornal Fatos e Not\u00edcias","robots":{"index":"index","follow":"follow","max-snippet":"max-snippet:-1","max-image-preview":"max-image-preview:large","max-video-preview":"max-video-preview:-1"},"canonical":"https:\/\/jornalfatosenoticias.com.br\/index.php\/2022\/01\/10\/tv-brasil-estreia-novela-a-escrava-isaura-nesta-quarta\/","og_locale":"pt_BR","og_type":"article","og_title":"TV Brasil estreia novela A Escrava Isaura nesta quarta - Jornal Fatos e Not\u00edcias","og_description":"Produ\u00e7\u00e3o de dramaturgia ganha exibi\u00e7\u00e3o em novo hor\u00e1rio, \u00e0s 20h Sucesso da teledramaturgia nacional e internacional, a novela A Escrava Isaura estreia na programa\u00e7\u00e3o da TV Brasil a partir desta quarta (12), \u00e0s 20h. A produ\u00e7\u00e3o vai ao ar na telinha da emissora p\u00fablica, de segunda a s\u00e1bado, sempre no mesmo hor\u00e1rio. A trama estreia [&hellip;]","og_url":"https:\/\/jornalfatosenoticias.com.br\/index.php\/2022\/01\/10\/tv-brasil-estreia-novela-a-escrava-isaura-nesta-quarta\/","og_site_name":"Jornal Fatos e Not\u00edcias","article_published_time":"2022-01-10T15:39:57+00:00","article_modified_time":"2022-01-10T15:40:02+00:00","og_image":[{"width":1000,"height":664,"url":"https:\/\/jornalfatosenoticias.com.br\/wp-content\/uploads\/2022\/01\/tvbrasil_Escrava_Isaura_01.png","type":"image\/png"}],"author":"Luzimara Fernandes","twitter_card":"summary_large_image","twitter_misc":{"Escrito por":"Luzimara Fernandes","Est. tempo de leitura":"4 minutos"},"schema":{"@context":"https:\/\/schema.org","@graph":[{"@type":"Article","@id":"https:\/\/jornalfatosenoticias.com.br\/index.php\/2022\/01\/10\/tv-brasil-estreia-novela-a-escrava-isaura-nesta-quarta\/#article","isPartOf":{"@id":"https:\/\/jornalfatosenoticias.com.br\/index.php\/2022\/01\/10\/tv-brasil-estreia-novela-a-escrava-isaura-nesta-quarta\/"},"author":{"name":"Luzimara Fernandes","@id":"https:\/\/jornalfatosenoticias.com.br\/#\/schema\/person\/d63837fa13ac8666eb9e74e0985d6f81"},"headline":"TV Brasil estreia novela A Escrava Isaura nesta quarta","datePublished":"2022-01-10T15:39:57+00:00","dateModified":"2022-01-10T15:40:02+00:00","mainEntityOfPage":{"@id":"https:\/\/jornalfatosenoticias.com.br\/index.php\/2022\/01\/10\/tv-brasil-estreia-novela-a-escrava-isaura-nesta-quarta\/"},"wordCount":793,"commentCount":0,"publisher":{"@id":"https:\/\/jornalfatosenoticias.com.br\/#organization"},"image":{"@id":"https:\/\/jornalfatosenoticias.com.br\/index.php\/2022\/01\/10\/tv-brasil-estreia-novela-a-escrava-isaura-nesta-quarta\/#primaryimage"},"thumbnailUrl":"https:\/\/jornalfatosenoticias.com.br\/wp-content\/uploads\/2022\/01\/tvbrasil_Escrava_Isaura_01.png","keywords":["A Escrava Isaura","novela","sucesso internacional","teledramaturgia","TV Brasil"],"articleSection":["Cultura"],"inLanguage":"pt-BR","potentialAction":[{"@type":"CommentAction","name":"Comment","target":["https:\/\/jornalfatosenoticias.com.br\/index.php\/2022\/01\/10\/tv-brasil-estreia-novela-a-escrava-isaura-nesta-quarta\/#respond"]}]},{"@type":"WebPage","@id":"https:\/\/jornalfatosenoticias.com.br\/index.php\/2022\/01\/10\/tv-brasil-estreia-novela-a-escrava-isaura-nesta-quarta\/","url":"https:\/\/jornalfatosenoticias.com.br\/index.php\/2022\/01\/10\/tv-brasil-estreia-novela-a-escrava-isaura-nesta-quarta\/","name":"TV Brasil estreia novela A Escrava Isaura nesta quarta - Jornal Fatos e Not\u00edcias","isPartOf":{"@id":"https:\/\/jornalfatosenoticias.com.br\/#website"},"primaryImageOfPage":{"@id":"https:\/\/jornalfatosenoticias.com.br\/index.php\/2022\/01\/10\/tv-brasil-estreia-novela-a-escrava-isaura-nesta-quarta\/#primaryimage"},"image":{"@id":"https:\/\/jornalfatosenoticias.com.br\/index.php\/2022\/01\/10\/tv-brasil-estreia-novela-a-escrava-isaura-nesta-quarta\/#primaryimage"},"thumbnailUrl":"https:\/\/jornalfatosenoticias.com.br\/wp-content\/uploads\/2022\/01\/tvbrasil_Escrava_Isaura_01.png","datePublished":"2022-01-10T15:39:57+00:00","dateModified":"2022-01-10T15:40:02+00:00","breadcrumb":{"@id":"https:\/\/jornalfatosenoticias.com.br\/index.php\/2022\/01\/10\/tv-brasil-estreia-novela-a-escrava-isaura-nesta-quarta\/#breadcrumb"},"inLanguage":"pt-BR","potentialAction":[{"@type":"ReadAction","target":["https:\/\/jornalfatosenoticias.com.br\/index.php\/2022\/01\/10\/tv-brasil-estreia-novela-a-escrava-isaura-nesta-quarta\/"]}]},{"@type":"ImageObject","inLanguage":"pt-BR","@id":"https:\/\/jornalfatosenoticias.com.br\/index.php\/2022\/01\/10\/tv-brasil-estreia-novela-a-escrava-isaura-nesta-quarta\/#primaryimage","url":"https:\/\/jornalfatosenoticias.com.br\/wp-content\/uploads\/2022\/01\/tvbrasil_Escrava_Isaura_01.png","contentUrl":"https:\/\/jornalfatosenoticias.com.br\/wp-content\/uploads\/2022\/01\/tvbrasil_Escrava_Isaura_01.png","width":1000,"height":664},{"@type":"BreadcrumbList","@id":"https:\/\/jornalfatosenoticias.com.br\/index.php\/2022\/01\/10\/tv-brasil-estreia-novela-a-escrava-isaura-nesta-quarta\/#breadcrumb","itemListElement":[{"@type":"ListItem","position":1,"name":"In\u00edcio","item":"https:\/\/jornalfatosenoticias.com.br\/"},{"@type":"ListItem","position":2,"name":"TV Brasil estreia novela A Escrava Isaura nesta quarta"}]},{"@type":"WebSite","@id":"https:\/\/jornalfatosenoticias.com.br\/#website","url":"https:\/\/jornalfatosenoticias.com.br\/","name":"Jornal Fatos e Not\u00edcias","description":"Not\u00edcias em geral","publisher":{"@id":"https:\/\/jornalfatosenoticias.com.br\/#organization"},"potentialAction":[{"@type":"SearchAction","target":{"@type":"EntryPoint","urlTemplate":"https:\/\/jornalfatosenoticias.com.br\/?s={search_term_string}"},"query-input":{"@type":"PropertyValueSpecification","valueRequired":true,"valueName":"search_term_string"}}],"inLanguage":"pt-BR"},{"@type":"Organization","@id":"https:\/\/jornalfatosenoticias.com.br\/#organization","name":"Jornal Fatos e Not\u00edcias","url":"https:\/\/jornalfatosenoticias.com.br\/","logo":{"@type":"ImageObject","inLanguage":"pt-BR","@id":"https:\/\/jornalfatosenoticias.com.br\/#\/schema\/logo\/image\/","url":"https:\/\/jornalfatosenoticias.com.br\/wp-content\/uploads\/2020\/02\/logo120.png","contentUrl":"https:\/\/jornalfatosenoticias.com.br\/wp-content\/uploads\/2020\/02\/logo120.png","width":1227,"height":120,"caption":"Jornal Fatos e Not\u00edcias"},"image":{"@id":"https:\/\/jornalfatosenoticias.com.br\/#\/schema\/logo\/image\/"}},{"@type":"Person","@id":"https:\/\/jornalfatosenoticias.com.br\/#\/schema\/person\/d63837fa13ac8666eb9e74e0985d6f81","name":"Luzimara Fernandes","image":{"@type":"ImageObject","inLanguage":"pt-BR","@id":"https:\/\/jornalfatosenoticias.com.br\/#\/schema\/person\/image\/","url":"https:\/\/jornalfatosenoticias.com.br\/wp-content\/uploads\/2025\/05\/EU_portal.jpg","contentUrl":"https:\/\/jornalfatosenoticias.com.br\/wp-content\/uploads\/2025\/05\/EU_portal.jpg","caption":"Luzimara Fernandes"},"description":"Jornalista MTB 2358-ES","sameAs":["https:\/\/jornalfatosenoticias.com.br"],"url":"https:\/\/jornalfatosenoticias.com.br\/index.php\/author\/luzimara\/"}]}},"cc_featured_image_caption":{"caption_text":"(Foto: Divulga\u00e7\u00e3o) ","source_text":"","source_url":""},"jetpack_featured_media_url":"https:\/\/jornalfatosenoticias.com.br\/wp-content\/uploads\/2022\/01\/tvbrasil_Escrava_Isaura_01.png","_links":{"self":[{"href":"https:\/\/jornalfatosenoticias.com.br\/index.php\/wp-json\/wp\/v2\/posts\/26600","targetHints":{"allow":["GET"]}}],"collection":[{"href":"https:\/\/jornalfatosenoticias.com.br\/index.php\/wp-json\/wp\/v2\/posts"}],"about":[{"href":"https:\/\/jornalfatosenoticias.com.br\/index.php\/wp-json\/wp\/v2\/types\/post"}],"author":[{"embeddable":true,"href":"https:\/\/jornalfatosenoticias.com.br\/index.php\/wp-json\/wp\/v2\/users\/2"}],"replies":[{"embeddable":true,"href":"https:\/\/jornalfatosenoticias.com.br\/index.php\/wp-json\/wp\/v2\/comments?post=26600"}],"version-history":[{"count":0,"href":"https:\/\/jornalfatosenoticias.com.br\/index.php\/wp-json\/wp\/v2\/posts\/26600\/revisions"}],"wp:featuredmedia":[{"embeddable":true,"href":"https:\/\/jornalfatosenoticias.com.br\/index.php\/wp-json\/wp\/v2\/media\/26601"}],"wp:attachment":[{"href":"https:\/\/jornalfatosenoticias.com.br\/index.php\/wp-json\/wp\/v2\/media?parent=26600"}],"wp:term":[{"taxonomy":"category","embeddable":true,"href":"https:\/\/jornalfatosenoticias.com.br\/index.php\/wp-json\/wp\/v2\/categories?post=26600"},{"taxonomy":"post_tag","embeddable":true,"href":"https:\/\/jornalfatosenoticias.com.br\/index.php\/wp-json\/wp\/v2\/tags?post=26600"}],"curies":[{"name":"wp","href":"https:\/\/api.w.org\/{rel}","templated":true}]}}