{"id":26635,"date":"2022-01-10T14:57:34","date_gmt":"2022-01-10T17:57:34","guid":{"rendered":"https:\/\/jornalfatosenoticias.com.br\/?p=26635"},"modified":"2022-01-10T14:57:38","modified_gmt":"2022-01-10T17:57:38","slug":"curitiba-vai-gerar-energia-solar-nas-estacoes-tubo","status":"publish","type":"post","link":"https:\/\/jornalfatosenoticias.com.br\/index.php\/2022\/01\/10\/curitiba-vai-gerar-energia-solar-nas-estacoes-tubo\/","title":{"rendered":"Curitiba vai gerar energia solar nas esta\u00e7\u00f5es-tubo"},"content":{"rendered":"\n<p><span class=\"has-inline-color has-black-color\"><em>Com tecnologia de Filme Fotovoltaico, esta\u00e7\u00f5es v\u00e3o captar energia renov\u00e1vel<\/em><\/span><\/p>\n\n\n\n<p>A esta\u00e7\u00e3o-tubo Itajub\u00e1 de Curitiba, no Paran\u00e1, ser\u00e1 a primeira da cidade a testar a gera\u00e7\u00e3o de energia a partir de c\u00e9lulas fotovoltaicas.<br>Os testes nas duas esta\u00e7\u00f5es (sentidos centro-bairro e bairro-centro) ser\u00e3o iniciados em 2022 e fazem parte de contrato, formalizado entre o Instituto de Pesquisa e Planejamento Urbano de Curitiba (Ippuc) e a Universidade Federal do Paran\u00e1 (UFPR).<br>\u201cCaminhamos para colocar em pr\u00e1tica o conceito de sustentabilidade na estrutura do transporte de Curitiba\u201d, ressalta a coordenadora do setor de Transportes e Mobilidade do Ippuc, Olga Prestes.<br>Com aporte de R$ 243.455,51 em recursos da Prefeitura, a UFPR ser\u00e1 a respons\u00e1vel pela elabora\u00e7\u00e3o do projeto el\u00e9trico, aplica\u00e7\u00e3o e o monitoramento pelo per\u00edodo de um ano, com entrega de relat\u00f3rios mensais.<\/p>\n\n\n\n<p><strong><span class=\"has-inline-color has-black-color\">Prova de conceito<br><\/span><\/strong>Os testes a serem realizados pela UFPR seguir\u00e3o prova de conceito j\u00e1 conclu\u00edda pela Universidade, da gera\u00e7\u00e3o energ\u00e9tica a partir de Filmes Fotovoltaicos Org\u00e2nicos, chamados de OPV (Organic Photovoltaics) em esta\u00e7\u00f5es-tubo, com base em estudos aplicados desde 2018 em uma esta\u00e7\u00e3o cedida pelo munic\u00edpio. Nos testes realizados pela UFPR, a energia gerada pelos pain\u00e9is solares em um m\u00eas foi de aproximadamente 80 kWh, ou 7,3 kWh\/m\u00b2 por m\u00eas.<\/p>\n\n\n\n<figure class=\"wp-block-image size-large\"><img loading=\"lazy\" decoding=\"async\" width=\"1000\" height=\"657\" src=\"https:\/\/jornalfatosenoticias.com.br\/wp-content\/uploads\/2022\/01\/energia-estacao-tubo-2.jpg\" alt=\"\" class=\"wp-image-26636\" srcset=\"https:\/\/jornalfatosenoticias.com.br\/wp-content\/uploads\/2022\/01\/energia-estacao-tubo-2.jpg 1000w, https:\/\/jornalfatosenoticias.com.br\/wp-content\/uploads\/2022\/01\/energia-estacao-tubo-2-300x197.jpg 300w, https:\/\/jornalfatosenoticias.com.br\/wp-content\/uploads\/2022\/01\/energia-estacao-tubo-2-768x505.jpg 768w\" sizes=\"auto, (max-width: 1000px) 100vw, 1000px\" \/><figcaption><em><span class=\"has-inline-color has-black-color\">(Foto: Morio CC BY-SA 3.0)<\/span><\/em><\/figcaption><\/figure>\n\n\n\n<p>Ser\u00e3o instalados m\u00f3dulos OPV de fabricantes diferentes nas duas esta\u00e7\u00f5es-tubo Itajub\u00e1. As esta\u00e7\u00f5es foram escolhidas pela localiza\u00e7\u00e3o estrat\u00e9gica quanto \u00e0 insola\u00e7\u00e3o e por estarem situadas no eixo sul que est\u00e1 sendo requalificado para receber o Ligeir\u00e3o Norte-Sul.<br>O laborat\u00f3rio do Grupo de Dispositivos Nanoestruturados (DiNE\/UFPR) ficar\u00e1 respons\u00e1vel por fazer acompanhamento t\u00e9cnico de todo o projeto, desde a instala\u00e7\u00e3o ao monitoramento do desempenho dos m\u00f3dulos solares de cada uma das duas esta\u00e7\u00f5es-tubo. O projeto ter\u00e1 a gest\u00e3o da f\u00edsica e analista em Ci\u00eancia e Tecnologia da universidade, Anna Gabriella Tempesta, e supervis\u00e3o da professora-doutora Lucimara Roman, do DiNE.<br>Uma vez que a tecnologia seja validada em reais condi\u00e7\u00f5es de uso e que se tenha um comparativo do desempenho dos m\u00f3dulos OPV de dos dois fabricantes, a Prefeitura de Curitiba poder\u00e1 utilizar o relat\u00f3rio t\u00e9cnico para reproduzir o projeto de energia em outras esta\u00e7\u00f5es-tubo e corredores de transporte, entre eles o Leste-Oeste que est\u00e1 sendo projetado para operar com \u00f4nibus el\u00e9tricos.<\/p>\n\n\n\n<p><strong><em>Fonte: <a href=\"https:\/\/ciclovivo.com.br\/planeta\/energia\/curitiba-vai-gerar-energia-solar-nas-estacoes-tubo\/\">CicloVivo<\/a><\/em><\/strong><\/p>\n","protected":false},"excerpt":{"rendered":"<p>Com tecnologia de Filme Fotovoltaico, esta\u00e7\u00f5es v\u00e3o captar energia renov\u00e1vel A esta\u00e7\u00e3o-tubo Itajub\u00e1 de Curitiba, no Paran\u00e1, ser\u00e1 a primeira da cidade a testar a gera\u00e7\u00e3o de energia a partir de c\u00e9lulas fotovoltaicas.Os testes nas duas esta\u00e7\u00f5es (sentidos centro-bairro e bairro-centro) ser\u00e3o iniciados em 2022 e fazem parte de contrato, formalizado entre o Instituto de [&hellip;]<\/p>\n","protected":false},"author":2,"featured_media":26637,"comment_status":"open","ping_status":"open","sticky":false,"template":"","format":"standard","meta":{"footnotes":""},"categories":[9923,3],"tags":[12821,3585,2938,599,12820,1460,734],"class_list":["post-26635","post","type-post","status-publish","format-standard","has-post-thumbnail","hentry","category-mobilidade","category-tecnologia","tag-celulas-fotovoltaicas","tag-curitiba","tag-energia-renovavel","tag-energia-solar","tag-estacoes-tubos","tag-parana","tag-sustentabilidade"],"yoast_head":"<!-- This site is optimized with the Yoast SEO plugin v26.5 - https:\/\/yoast.com\/wordpress\/plugins\/seo\/ -->\n<title>Curitiba vai gerar energia solar nas esta\u00e7\u00f5es-tubo - Jornal Fatos e Not\u00edcias<\/title>\n<meta name=\"robots\" content=\"index, follow, max-snippet:-1, max-image-preview:large, max-video-preview:-1\" \/>\n<link rel=\"canonical\" href=\"https:\/\/jornalfatosenoticias.com.br\/index.php\/2022\/01\/10\/curitiba-vai-gerar-energia-solar-nas-estacoes-tubo\/\" \/>\n<meta property=\"og:locale\" content=\"pt_BR\" \/>\n<meta property=\"og:type\" content=\"article\" \/>\n<meta property=\"og:title\" content=\"Curitiba vai gerar energia solar nas esta\u00e7\u00f5es-tubo - Jornal Fatos e Not\u00edcias\" \/>\n<meta property=\"og:description\" content=\"Com tecnologia de Filme Fotovoltaico, esta\u00e7\u00f5es v\u00e3o captar energia renov\u00e1vel A esta\u00e7\u00e3o-tubo Itajub\u00e1 de Curitiba, no Paran\u00e1, ser\u00e1 a primeira da cidade a testar a gera\u00e7\u00e3o de energia a partir de c\u00e9lulas fotovoltaicas.Os testes nas duas esta\u00e7\u00f5es (sentidos centro-bairro e bairro-centro) ser\u00e3o iniciados em 2022 e fazem parte de contrato, formalizado entre o Instituto de [&hellip;]\" \/>\n<meta property=\"og:url\" content=\"https:\/\/jornalfatosenoticias.com.br\/index.php\/2022\/01\/10\/curitiba-vai-gerar-energia-solar-nas-estacoes-tubo\/\" \/>\n<meta property=\"og:site_name\" content=\"Jornal Fatos e Not\u00edcias\" \/>\n<meta property=\"article:published_time\" content=\"2022-01-10T17:57:34+00:00\" \/>\n<meta property=\"article:modified_time\" content=\"2022-01-10T17:57:38+00:00\" \/>\n<meta property=\"og:image\" content=\"https:\/\/jornalfatosenoticias.com.br\/wp-content\/uploads\/2022\/01\/energia-estacao-tubo-1.jpg\" \/>\n\t<meta property=\"og:image:width\" content=\"1000\" \/>\n\t<meta property=\"og:image:height\" content=\"562\" \/>\n\t<meta property=\"og:image:type\" content=\"image\/jpeg\" \/>\n<meta name=\"author\" content=\"Luzimara Fernandes\" \/>\n<meta name=\"twitter:card\" content=\"summary_large_image\" \/>\n<meta name=\"twitter:label1\" content=\"Escrito por\" \/>\n\t<meta name=\"twitter:data1\" content=\"Luzimara Fernandes\" \/>\n\t<meta name=\"twitter:label2\" content=\"Est. tempo de leitura\" \/>\n\t<meta name=\"twitter:data2\" content=\"2 minutos\" \/>\n<script type=\"application\/ld+json\" class=\"yoast-schema-graph\">{\"@context\":\"https:\/\/schema.org\",\"@graph\":[{\"@type\":\"Article\",\"@id\":\"https:\/\/jornalfatosenoticias.com.br\/index.php\/2022\/01\/10\/curitiba-vai-gerar-energia-solar-nas-estacoes-tubo\/#article\",\"isPartOf\":{\"@id\":\"https:\/\/jornalfatosenoticias.com.br\/index.php\/2022\/01\/10\/curitiba-vai-gerar-energia-solar-nas-estacoes-tubo\/\"},\"author\":{\"name\":\"Luzimara Fernandes\",\"@id\":\"https:\/\/jornalfatosenoticias.com.br\/#\/schema\/person\/d63837fa13ac8666eb9e74e0985d6f81\"},\"headline\":\"Curitiba vai gerar energia solar nas esta\u00e7\u00f5es-tubo\",\"datePublished\":\"2022-01-10T17:57:34+00:00\",\"dateModified\":\"2022-01-10T17:57:38+00:00\",\"mainEntityOfPage\":{\"@id\":\"https:\/\/jornalfatosenoticias.com.br\/index.php\/2022\/01\/10\/curitiba-vai-gerar-energia-solar-nas-estacoes-tubo\/\"},\"wordCount\":421,\"commentCount\":0,\"publisher\":{\"@id\":\"https:\/\/jornalfatosenoticias.com.br\/#organization\"},\"image\":{\"@id\":\"https:\/\/jornalfatosenoticias.com.br\/index.php\/2022\/01\/10\/curitiba-vai-gerar-energia-solar-nas-estacoes-tubo\/#primaryimage\"},\"thumbnailUrl\":\"https:\/\/jornalfatosenoticias.com.br\/wp-content\/uploads\/2022\/01\/energia-estacao-tubo-1.jpg\",\"keywords\":[\"c\u00e9lulas fotovoltaicas\",\"Curitiba\",\"energia renov\u00e1vel\",\"energia solar\",\"esta\u00e7\u00f5es-tubos\",\"Paran\u00e1\",\"sustentabilidade\"],\"articleSection\":[\"Mobilidade\",\"Tecnologia &amp; Inova\u00e7\u00e3o\"],\"inLanguage\":\"pt-BR\",\"potentialAction\":[{\"@type\":\"CommentAction\",\"name\":\"Comment\",\"target\":[\"https:\/\/jornalfatosenoticias.com.br\/index.php\/2022\/01\/10\/curitiba-vai-gerar-energia-solar-nas-estacoes-tubo\/#respond\"]}]},{\"@type\":\"WebPage\",\"@id\":\"https:\/\/jornalfatosenoticias.com.br\/index.php\/2022\/01\/10\/curitiba-vai-gerar-energia-solar-nas-estacoes-tubo\/\",\"url\":\"https:\/\/jornalfatosenoticias.com.br\/index.php\/2022\/01\/10\/curitiba-vai-gerar-energia-solar-nas-estacoes-tubo\/\",\"name\":\"Curitiba vai gerar energia solar nas esta\u00e7\u00f5es-tubo - Jornal Fatos e Not\u00edcias\",\"isPartOf\":{\"@id\":\"https:\/\/jornalfatosenoticias.com.br\/#website\"},\"primaryImageOfPage\":{\"@id\":\"https:\/\/jornalfatosenoticias.com.br\/index.php\/2022\/01\/10\/curitiba-vai-gerar-energia-solar-nas-estacoes-tubo\/#primaryimage\"},\"image\":{\"@id\":\"https:\/\/jornalfatosenoticias.com.br\/index.php\/2022\/01\/10\/curitiba-vai-gerar-energia-solar-nas-estacoes-tubo\/#primaryimage\"},\"thumbnailUrl\":\"https:\/\/jornalfatosenoticias.com.br\/wp-content\/uploads\/2022\/01\/energia-estacao-tubo-1.jpg\",\"datePublished\":\"2022-01-10T17:57:34+00:00\",\"dateModified\":\"2022-01-10T17:57:38+00:00\",\"breadcrumb\":{\"@id\":\"https:\/\/jornalfatosenoticias.com.br\/index.php\/2022\/01\/10\/curitiba-vai-gerar-energia-solar-nas-estacoes-tubo\/#breadcrumb\"},\"inLanguage\":\"pt-BR\",\"potentialAction\":[{\"@type\":\"ReadAction\",\"target\":[\"https:\/\/jornalfatosenoticias.com.br\/index.php\/2022\/01\/10\/curitiba-vai-gerar-energia-solar-nas-estacoes-tubo\/\"]}]},{\"@type\":\"ImageObject\",\"inLanguage\":\"pt-BR\",\"@id\":\"https:\/\/jornalfatosenoticias.com.br\/index.php\/2022\/01\/10\/curitiba-vai-gerar-energia-solar-nas-estacoes-tubo\/#primaryimage\",\"url\":\"https:\/\/jornalfatosenoticias.com.br\/wp-content\/uploads\/2022\/01\/energia-estacao-tubo-1.jpg\",\"contentUrl\":\"https:\/\/jornalfatosenoticias.com.br\/wp-content\/uploads\/2022\/01\/energia-estacao-tubo-1.jpg\",\"width\":1000,\"height\":562},{\"@type\":\"BreadcrumbList\",\"@id\":\"https:\/\/jornalfatosenoticias.com.br\/index.php\/2022\/01\/10\/curitiba-vai-gerar-energia-solar-nas-estacoes-tubo\/#breadcrumb\",\"itemListElement\":[{\"@type\":\"ListItem\",\"position\":1,\"name\":\"In\u00edcio\",\"item\":\"https:\/\/jornalfatosenoticias.com.br\/\"},{\"@type\":\"ListItem\",\"position\":2,\"name\":\"Curitiba vai gerar energia solar nas esta\u00e7\u00f5es-tubo\"}]},{\"@type\":\"WebSite\",\"@id\":\"https:\/\/jornalfatosenoticias.com.br\/#website\",\"url\":\"https:\/\/jornalfatosenoticias.com.br\/\",\"name\":\"Jornal Fatos e Not\u00edcias\",\"description\":\"Not\u00edcias em geral\",\"publisher\":{\"@id\":\"https:\/\/jornalfatosenoticias.com.br\/#organization\"},\"potentialAction\":[{\"@type\":\"SearchAction\",\"target\":{\"@type\":\"EntryPoint\",\"urlTemplate\":\"https:\/\/jornalfatosenoticias.com.br\/?s={search_term_string}\"},\"query-input\":{\"@type\":\"PropertyValueSpecification\",\"valueRequired\":true,\"valueName\":\"search_term_string\"}}],\"inLanguage\":\"pt-BR\"},{\"@type\":\"Organization\",\"@id\":\"https:\/\/jornalfatosenoticias.com.br\/#organization\",\"name\":\"Jornal Fatos e Not\u00edcias\",\"url\":\"https:\/\/jornalfatosenoticias.com.br\/\",\"logo\":{\"@type\":\"ImageObject\",\"inLanguage\":\"pt-BR\",\"@id\":\"https:\/\/jornalfatosenoticias.com.br\/#\/schema\/logo\/image\/\",\"url\":\"https:\/\/jornalfatosenoticias.com.br\/wp-content\/uploads\/2020\/02\/logo120.png\",\"contentUrl\":\"https:\/\/jornalfatosenoticias.com.br\/wp-content\/uploads\/2020\/02\/logo120.png\",\"width\":1227,\"height\":120,\"caption\":\"Jornal Fatos e Not\u00edcias\"},\"image\":{\"@id\":\"https:\/\/jornalfatosenoticias.com.br\/#\/schema\/logo\/image\/\"}},{\"@type\":\"Person\",\"@id\":\"https:\/\/jornalfatosenoticias.com.br\/#\/schema\/person\/d63837fa13ac8666eb9e74e0985d6f81\",\"name\":\"Luzimara Fernandes\",\"image\":{\"@type\":\"ImageObject\",\"inLanguage\":\"pt-BR\",\"@id\":\"https:\/\/jornalfatosenoticias.com.br\/#\/schema\/person\/image\/\",\"url\":\"https:\/\/jornalfatosenoticias.com.br\/wp-content\/uploads\/2025\/05\/EU_portal.jpg\",\"contentUrl\":\"https:\/\/jornalfatosenoticias.com.br\/wp-content\/uploads\/2025\/05\/EU_portal.jpg\",\"caption\":\"Luzimara Fernandes\"},\"description\":\"Jornalista MTB 2358-ES\",\"sameAs\":[\"https:\/\/jornalfatosenoticias.com.br\"],\"url\":\"https:\/\/jornalfatosenoticias.com.br\/index.php\/author\/luzimara\/\"}]}<\/script>\n<!-- \/ Yoast SEO plugin. -->","yoast_head_json":{"title":"Curitiba vai gerar energia solar nas esta\u00e7\u00f5es-tubo - Jornal Fatos e Not\u00edcias","robots":{"index":"index","follow":"follow","max-snippet":"max-snippet:-1","max-image-preview":"max-image-preview:large","max-video-preview":"max-video-preview:-1"},"canonical":"https:\/\/jornalfatosenoticias.com.br\/index.php\/2022\/01\/10\/curitiba-vai-gerar-energia-solar-nas-estacoes-tubo\/","og_locale":"pt_BR","og_type":"article","og_title":"Curitiba vai gerar energia solar nas esta\u00e7\u00f5es-tubo - Jornal Fatos e Not\u00edcias","og_description":"Com tecnologia de Filme Fotovoltaico, esta\u00e7\u00f5es v\u00e3o captar energia renov\u00e1vel A esta\u00e7\u00e3o-tubo Itajub\u00e1 de Curitiba, no Paran\u00e1, ser\u00e1 a primeira da cidade a testar a gera\u00e7\u00e3o de energia a partir de c\u00e9lulas fotovoltaicas.Os testes nas duas esta\u00e7\u00f5es (sentidos centro-bairro e bairro-centro) ser\u00e3o iniciados em 2022 e fazem parte de contrato, formalizado entre o Instituto de [&hellip;]","og_url":"https:\/\/jornalfatosenoticias.com.br\/index.php\/2022\/01\/10\/curitiba-vai-gerar-energia-solar-nas-estacoes-tubo\/","og_site_name":"Jornal Fatos e Not\u00edcias","article_published_time":"2022-01-10T17:57:34+00:00","article_modified_time":"2022-01-10T17:57:38+00:00","og_image":[{"width":1000,"height":562,"url":"https:\/\/jornalfatosenoticias.com.br\/wp-content\/uploads\/2022\/01\/energia-estacao-tubo-1.jpg","type":"image\/jpeg"}],"author":"Luzimara Fernandes","twitter_card":"summary_large_image","twitter_misc":{"Escrito por":"Luzimara Fernandes","Est. tempo de leitura":"2 minutos"},"schema":{"@context":"https:\/\/schema.org","@graph":[{"@type":"Article","@id":"https:\/\/jornalfatosenoticias.com.br\/index.php\/2022\/01\/10\/curitiba-vai-gerar-energia-solar-nas-estacoes-tubo\/#article","isPartOf":{"@id":"https:\/\/jornalfatosenoticias.com.br\/index.php\/2022\/01\/10\/curitiba-vai-gerar-energia-solar-nas-estacoes-tubo\/"},"author":{"name":"Luzimara Fernandes","@id":"https:\/\/jornalfatosenoticias.com.br\/#\/schema\/person\/d63837fa13ac8666eb9e74e0985d6f81"},"headline":"Curitiba vai gerar energia solar nas esta\u00e7\u00f5es-tubo","datePublished":"2022-01-10T17:57:34+00:00","dateModified":"2022-01-10T17:57:38+00:00","mainEntityOfPage":{"@id":"https:\/\/jornalfatosenoticias.com.br\/index.php\/2022\/01\/10\/curitiba-vai-gerar-energia-solar-nas-estacoes-tubo\/"},"wordCount":421,"commentCount":0,"publisher":{"@id":"https:\/\/jornalfatosenoticias.com.br\/#organization"},"image":{"@id":"https:\/\/jornalfatosenoticias.com.br\/index.php\/2022\/01\/10\/curitiba-vai-gerar-energia-solar-nas-estacoes-tubo\/#primaryimage"},"thumbnailUrl":"https:\/\/jornalfatosenoticias.com.br\/wp-content\/uploads\/2022\/01\/energia-estacao-tubo-1.jpg","keywords":["c\u00e9lulas fotovoltaicas","Curitiba","energia renov\u00e1vel","energia solar","esta\u00e7\u00f5es-tubos","Paran\u00e1","sustentabilidade"],"articleSection":["Mobilidade","Tecnologia &amp; Inova\u00e7\u00e3o"],"inLanguage":"pt-BR","potentialAction":[{"@type":"CommentAction","name":"Comment","target":["https:\/\/jornalfatosenoticias.com.br\/index.php\/2022\/01\/10\/curitiba-vai-gerar-energia-solar-nas-estacoes-tubo\/#respond"]}]},{"@type":"WebPage","@id":"https:\/\/jornalfatosenoticias.com.br\/index.php\/2022\/01\/10\/curitiba-vai-gerar-energia-solar-nas-estacoes-tubo\/","url":"https:\/\/jornalfatosenoticias.com.br\/index.php\/2022\/01\/10\/curitiba-vai-gerar-energia-solar-nas-estacoes-tubo\/","name":"Curitiba vai gerar energia solar nas esta\u00e7\u00f5es-tubo - Jornal Fatos e Not\u00edcias","isPartOf":{"@id":"https:\/\/jornalfatosenoticias.com.br\/#website"},"primaryImageOfPage":{"@id":"https:\/\/jornalfatosenoticias.com.br\/index.php\/2022\/01\/10\/curitiba-vai-gerar-energia-solar-nas-estacoes-tubo\/#primaryimage"},"image":{"@id":"https:\/\/jornalfatosenoticias.com.br\/index.php\/2022\/01\/10\/curitiba-vai-gerar-energia-solar-nas-estacoes-tubo\/#primaryimage"},"thumbnailUrl":"https:\/\/jornalfatosenoticias.com.br\/wp-content\/uploads\/2022\/01\/energia-estacao-tubo-1.jpg","datePublished":"2022-01-10T17:57:34+00:00","dateModified":"2022-01-10T17:57:38+00:00","breadcrumb":{"@id":"https:\/\/jornalfatosenoticias.com.br\/index.php\/2022\/01\/10\/curitiba-vai-gerar-energia-solar-nas-estacoes-tubo\/#breadcrumb"},"inLanguage":"pt-BR","potentialAction":[{"@type":"ReadAction","target":["https:\/\/jornalfatosenoticias.com.br\/index.php\/2022\/01\/10\/curitiba-vai-gerar-energia-solar-nas-estacoes-tubo\/"]}]},{"@type":"ImageObject","inLanguage":"pt-BR","@id":"https:\/\/jornalfatosenoticias.com.br\/index.php\/2022\/01\/10\/curitiba-vai-gerar-energia-solar-nas-estacoes-tubo\/#primaryimage","url":"https:\/\/jornalfatosenoticias.com.br\/wp-content\/uploads\/2022\/01\/energia-estacao-tubo-1.jpg","contentUrl":"https:\/\/jornalfatosenoticias.com.br\/wp-content\/uploads\/2022\/01\/energia-estacao-tubo-1.jpg","width":1000,"height":562},{"@type":"BreadcrumbList","@id":"https:\/\/jornalfatosenoticias.com.br\/index.php\/2022\/01\/10\/curitiba-vai-gerar-energia-solar-nas-estacoes-tubo\/#breadcrumb","itemListElement":[{"@type":"ListItem","position":1,"name":"In\u00edcio","item":"https:\/\/jornalfatosenoticias.com.br\/"},{"@type":"ListItem","position":2,"name":"Curitiba vai gerar energia solar nas esta\u00e7\u00f5es-tubo"}]},{"@type":"WebSite","@id":"https:\/\/jornalfatosenoticias.com.br\/#website","url":"https:\/\/jornalfatosenoticias.com.br\/","name":"Jornal Fatos e Not\u00edcias","description":"Not\u00edcias em geral","publisher":{"@id":"https:\/\/jornalfatosenoticias.com.br\/#organization"},"potentialAction":[{"@type":"SearchAction","target":{"@type":"EntryPoint","urlTemplate":"https:\/\/jornalfatosenoticias.com.br\/?s={search_term_string}"},"query-input":{"@type":"PropertyValueSpecification","valueRequired":true,"valueName":"search_term_string"}}],"inLanguage":"pt-BR"},{"@type":"Organization","@id":"https:\/\/jornalfatosenoticias.com.br\/#organization","name":"Jornal Fatos e Not\u00edcias","url":"https:\/\/jornalfatosenoticias.com.br\/","logo":{"@type":"ImageObject","inLanguage":"pt-BR","@id":"https:\/\/jornalfatosenoticias.com.br\/#\/schema\/logo\/image\/","url":"https:\/\/jornalfatosenoticias.com.br\/wp-content\/uploads\/2020\/02\/logo120.png","contentUrl":"https:\/\/jornalfatosenoticias.com.br\/wp-content\/uploads\/2020\/02\/logo120.png","width":1227,"height":120,"caption":"Jornal Fatos e Not\u00edcias"},"image":{"@id":"https:\/\/jornalfatosenoticias.com.br\/#\/schema\/logo\/image\/"}},{"@type":"Person","@id":"https:\/\/jornalfatosenoticias.com.br\/#\/schema\/person\/d63837fa13ac8666eb9e74e0985d6f81","name":"Luzimara Fernandes","image":{"@type":"ImageObject","inLanguage":"pt-BR","@id":"https:\/\/jornalfatosenoticias.com.br\/#\/schema\/person\/image\/","url":"https:\/\/jornalfatosenoticias.com.br\/wp-content\/uploads\/2025\/05\/EU_portal.jpg","contentUrl":"https:\/\/jornalfatosenoticias.com.br\/wp-content\/uploads\/2025\/05\/EU_portal.jpg","caption":"Luzimara Fernandes"},"description":"Jornalista MTB 2358-ES","sameAs":["https:\/\/jornalfatosenoticias.com.br"],"url":"https:\/\/jornalfatosenoticias.com.br\/index.php\/author\/luzimara\/"}]}},"cc_featured_image_caption":{"caption_text":"(Foto: Divulga\u00e7\u00e3o)","source_text":"","source_url":""},"jetpack_featured_media_url":"https:\/\/jornalfatosenoticias.com.br\/wp-content\/uploads\/2022\/01\/energia-estacao-tubo-1.jpg","_links":{"self":[{"href":"https:\/\/jornalfatosenoticias.com.br\/index.php\/wp-json\/wp\/v2\/posts\/26635","targetHints":{"allow":["GET"]}}],"collection":[{"href":"https:\/\/jornalfatosenoticias.com.br\/index.php\/wp-json\/wp\/v2\/posts"}],"about":[{"href":"https:\/\/jornalfatosenoticias.com.br\/index.php\/wp-json\/wp\/v2\/types\/post"}],"author":[{"embeddable":true,"href":"https:\/\/jornalfatosenoticias.com.br\/index.php\/wp-json\/wp\/v2\/users\/2"}],"replies":[{"embeddable":true,"href":"https:\/\/jornalfatosenoticias.com.br\/index.php\/wp-json\/wp\/v2\/comments?post=26635"}],"version-history":[{"count":0,"href":"https:\/\/jornalfatosenoticias.com.br\/index.php\/wp-json\/wp\/v2\/posts\/26635\/revisions"}],"wp:featuredmedia":[{"embeddable":true,"href":"https:\/\/jornalfatosenoticias.com.br\/index.php\/wp-json\/wp\/v2\/media\/26637"}],"wp:attachment":[{"href":"https:\/\/jornalfatosenoticias.com.br\/index.php\/wp-json\/wp\/v2\/media?parent=26635"}],"wp:term":[{"taxonomy":"category","embeddable":true,"href":"https:\/\/jornalfatosenoticias.com.br\/index.php\/wp-json\/wp\/v2\/categories?post=26635"},{"taxonomy":"post_tag","embeddable":true,"href":"https:\/\/jornalfatosenoticias.com.br\/index.php\/wp-json\/wp\/v2\/tags?post=26635"}],"curies":[{"name":"wp","href":"https:\/\/api.w.org\/{rel}","templated":true}]}}