{"id":26709,"date":"2022-01-12T12:37:49","date_gmt":"2022-01-12T15:37:49","guid":{"rendered":"https:\/\/jornalfatosenoticias.com.br\/?p=26709"},"modified":"2022-01-12T12:37:50","modified_gmt":"2022-01-12T15:37:50","slug":"bateria-oceanica-armazena-energia-renovavel-no-fundo-do-mar","status":"publish","type":"post","link":"https:\/\/jornalfatosenoticias.com.br\/index.php\/2022\/01\/12\/bateria-oceanica-armazena-energia-renovavel-no-fundo-do-mar\/","title":{"rendered":"Bateria \u201coce\u00e2nica\u201d armazena energia renov\u00e1vel no fundo do mar"},"content":{"rendered":"\n<p><span class=\"has-inline-color has-black-color\"><em>Solu\u00e7\u00e3o foi desenvolvida para \u201cestocar\u201d a energia gerada em usinas offshore<\/em><\/span><\/p>\n\n\n\n<p>\u201cOcean Grazer resolve o problema mundial de armazenamento de energia\u201d. Sem medo de soar presun\u00e7osa ou prometer al\u00e9m do esperado, assim se apresenta a empresa que nasceu na Universidade de Groningen, na Holanda. A companhia \u00e9 respons\u00e1vel pela cria\u00e7\u00e3o da \u201cOcean Battery\u201d \u2014 a bateria oce\u00e2nica capaz de armazenar energia renov\u00e1vel.<br>O funcionamento da bateria, de acordo com a desenvolvedora, \u201c\u00e9 incrivelmente simples e eficiente\u201d. No fundo do mar \u00e9 colocado um reservat\u00f3rio que armazena at\u00e9 20 milh\u00f5es de litros de \u00e1gua em baixa press\u00e3o. Um sistema de bombas e turbinas conecta esse reservat\u00f3rio a uma \u201cbexiga flex\u00edvel\u201d. O excesso de energia e\u00f3lica pode ent\u00e3o ser usado para bombear \u00e1gua do reservat\u00f3rio para a bexiga. <\/p>\n\n\n\n<figure class=\"wp-block-image size-large\"><img loading=\"lazy\" decoding=\"async\" width=\"1000\" height=\"689\" src=\"https:\/\/jornalfatosenoticias.com.br\/wp-content\/uploads\/2022\/01\/bateria-oceanica-2.jpg\" alt=\"\" class=\"wp-image-26710\" srcset=\"https:\/\/jornalfatosenoticias.com.br\/wp-content\/uploads\/2022\/01\/bateria-oceanica-2.jpg 1000w, https:\/\/jornalfatosenoticias.com.br\/wp-content\/uploads\/2022\/01\/bateria-oceanica-2-300x207.jpg 300w, https:\/\/jornalfatosenoticias.com.br\/wp-content\/uploads\/2022\/01\/bateria-oceanica-2-768x529.jpg 768w\" sizes=\"auto, (max-width: 1000px) 100vw, 1000px\" \/><figcaption><em><span class=\"has-inline-color has-black-color\">(Foto: Ocean Grazer)<\/span><\/em><\/figcaption><\/figure>\n\n\n\n<p>Sempre que h\u00e1 demanda por energia, a bexiga \u00e9 liberada e, impulsionada pela press\u00e3o da \u00e1gua do mar acima dela, espreme sua \u00e1gua de volta ao reservat\u00f3rio, girando turbinas no caminho para gerar eletricidade que \u00e9 alimentada na rede.<br>Segundo a companhia Ocean Grazer, a bateria oce\u00e2nica \u00e9 eficiente e tem baixo custo de manuten\u00e7\u00e3o. \u201cLiteralmente [pode] ser produzida em todo o mundo, onde quer que seja desejado\u201d, afirma a empresa em nota \u00e0 imprensa. Isso talvez porque o mecanismo \u00e9 baseado na tecnologia de barragens hidrel\u00e9tricas.<\/p>\n\n\n\n<figure class=\"wp-block-image size-large\"><img loading=\"lazy\" decoding=\"async\" width=\"1000\" height=\"707\" src=\"https:\/\/jornalfatosenoticias.com.br\/wp-content\/uploads\/2022\/01\/bateria-oceanica-3.jpg\" alt=\"\" class=\"wp-image-26711\" srcset=\"https:\/\/jornalfatosenoticias.com.br\/wp-content\/uploads\/2022\/01\/bateria-oceanica-3.jpg 1000w, https:\/\/jornalfatosenoticias.com.br\/wp-content\/uploads\/2022\/01\/bateria-oceanica-3-300x212.jpg 300w, https:\/\/jornalfatosenoticias.com.br\/wp-content\/uploads\/2022\/01\/bateria-oceanica-3-768x543.jpg 768w\" sizes=\"auto, (max-width: 1000px) 100vw, 1000px\" \/><figcaption><em>(Foto: Ocean Grazer)<\/em><\/figcaption><\/figure>\n\n\n\n<p>Unidades extras do reservat\u00f3rio, maquin\u00e1rio de bomba e turbina podem ser adicionadas para aumentar a pot\u00eancia de sa\u00edda, tornando-a escal\u00e1vel.<br>A solu\u00e7\u00e3o foi desenvolvida para \u201cestocar\u201d a energia gerada em usinas offshore, que pode ser e\u00f3lica, solar ou maremotriz. Isto \u00e9, reter a energia nos picos de produ\u00e7\u00e3o para devolv\u00ea-la durante o pico de demanda. O excedente energ\u00e9tico, se n\u00e3o armazenado, acaba sendo perdido.<br>Em primeiro momento, a companhia parece estar focada em mostrar o potencial da bateria oce\u00e2nica para o mercado de energia e\u00f3lica em alto-mar. Setor, ali\u00e1s, que o Brasil tem muito potencial, como revela <a href=\"https:\/\/ciclovivo.com.br\/planeta\/energia\/energia-impulsionar-futuro-brasil-mar\/\" target=\"_blank\" rel=\"noreferrer noopener\">este estudo da USP<\/a>.<\/p>\n\n\n\n<figure class=\"wp-block-image size-large\"><img loading=\"lazy\" decoding=\"async\" width=\"707\" height=\"1000\" src=\"https:\/\/jornalfatosenoticias.com.br\/wp-content\/uploads\/2022\/01\/bateria-oceanica-4.jpg\" alt=\"\" class=\"wp-image-26712\" srcset=\"https:\/\/jornalfatosenoticias.com.br\/wp-content\/uploads\/2022\/01\/bateria-oceanica-4.jpg 707w, https:\/\/jornalfatosenoticias.com.br\/wp-content\/uploads\/2022\/01\/bateria-oceanica-4-212x300.jpg 212w\" sizes=\"auto, (max-width: 707px) 100vw, 707px\" \/><figcaption><em><span class=\"has-inline-color has-black-color\">(Foto: Ocean Grazer)<\/span><\/em><\/figcaption><\/figure>\n\n\n\n<p>A Ocean Grazer apresentou o projeto da bateria oce\u00e2nica na CES 2022, grande feira de tecnologia que aconteceu em Las Vegas, nos EUA. Em busca investidores para seguir com o desenvolvimento de sua tecnologia, muitos passos ainda precisam ser dados at\u00e9 a implementa\u00e7\u00e3o. Entre eles, detalhar qual ser\u00e1 o impacto ambiental para a vida marinha.<\/p>\n\n\n\n<p><strong><em>Fonte: <a href=\"https:\/\/ciclovivo.com.br\/inovacao\/tecnologia\/bateria-oceanica-armazena-energia-renovavel-no-fundo-do-mar\/\">CicloVivo<\/a><\/em><\/strong><\/p>\n","protected":false},"excerpt":{"rendered":"<p>Solu\u00e7\u00e3o foi desenvolvida para \u201cestocar\u201d a energia gerada em usinas offshore \u201cOcean Grazer resolve o problema mundial de armazenamento de energia\u201d. Sem medo de soar presun\u00e7osa ou prometer al\u00e9m do esperado, assim se apresenta a empresa que nasceu na Universidade de Groningen, na Holanda. A companhia \u00e9 respons\u00e1vel pela cria\u00e7\u00e3o da \u201cOcean Battery\u201d \u2014 a [&hellip;]<\/p>\n","protected":false},"author":2,"featured_media":26713,"comment_status":"open","ping_status":"open","sticky":false,"template":"","format":"standard","meta":{"footnotes":""},"categories":[3],"tags":[12847,2938,9922,12848],"class_list":["post-26709","post","type-post","status-publish","format-standard","has-post-thumbnail","hentry","category-tecnologia","tag-bateria-oceanica","tag-energia-renovavel","tag-fundo-do-mar","tag-ocean-grazer"],"yoast_head":"<!-- This site is optimized with the Yoast SEO plugin v26.5 - https:\/\/yoast.com\/wordpress\/plugins\/seo\/ -->\n<title>Bateria \u201coce\u00e2nica\u201d armazena energia renov\u00e1vel no fundo do mar - Jornal Fatos e Not\u00edcias<\/title>\n<meta name=\"robots\" content=\"index, follow, max-snippet:-1, max-image-preview:large, max-video-preview:-1\" \/>\n<link rel=\"canonical\" href=\"https:\/\/jornalfatosenoticias.com.br\/index.php\/2022\/01\/12\/bateria-oceanica-armazena-energia-renovavel-no-fundo-do-mar\/\" \/>\n<meta property=\"og:locale\" content=\"pt_BR\" \/>\n<meta property=\"og:type\" content=\"article\" \/>\n<meta property=\"og:title\" content=\"Bateria \u201coce\u00e2nica\u201d armazena energia renov\u00e1vel no fundo do mar - Jornal Fatos e Not\u00edcias\" \/>\n<meta property=\"og:description\" content=\"Solu\u00e7\u00e3o foi desenvolvida para \u201cestocar\u201d a energia gerada em usinas offshore \u201cOcean Grazer resolve o problema mundial de armazenamento de energia\u201d. Sem medo de soar presun\u00e7osa ou prometer al\u00e9m do esperado, assim se apresenta a empresa que nasceu na Universidade de Groningen, na Holanda. A companhia \u00e9 respons\u00e1vel pela cria\u00e7\u00e3o da \u201cOcean Battery\u201d \u2014 a [&hellip;]\" \/>\n<meta property=\"og:url\" content=\"https:\/\/jornalfatosenoticias.com.br\/index.php\/2022\/01\/12\/bateria-oceanica-armazena-energia-renovavel-no-fundo-do-mar\/\" \/>\n<meta property=\"og:site_name\" content=\"Jornal Fatos e Not\u00edcias\" \/>\n<meta property=\"article:published_time\" content=\"2022-01-12T15:37:49+00:00\" \/>\n<meta property=\"article:modified_time\" content=\"2022-01-12T15:37:50+00:00\" \/>\n<meta property=\"og:image\" content=\"https:\/\/jornalfatosenoticias.com.br\/wp-content\/uploads\/2022\/01\/bateria-oceanica-1.jpg\" \/>\n\t<meta property=\"og:image:width\" content=\"1000\" \/>\n\t<meta property=\"og:image:height\" content=\"562\" \/>\n\t<meta property=\"og:image:type\" content=\"image\/jpeg\" \/>\n<meta name=\"author\" content=\"Luzimara Fernandes\" \/>\n<meta name=\"twitter:card\" content=\"summary_large_image\" \/>\n<meta name=\"twitter:label1\" content=\"Escrito por\" \/>\n\t<meta name=\"twitter:data1\" content=\"Luzimara Fernandes\" \/>\n\t<meta name=\"twitter:label2\" content=\"Est. tempo de leitura\" \/>\n\t<meta name=\"twitter:data2\" content=\"2 minutos\" \/>\n<script type=\"application\/ld+json\" class=\"yoast-schema-graph\">{\"@context\":\"https:\/\/schema.org\",\"@graph\":[{\"@type\":\"Article\",\"@id\":\"https:\/\/jornalfatosenoticias.com.br\/index.php\/2022\/01\/12\/bateria-oceanica-armazena-energia-renovavel-no-fundo-do-mar\/#article\",\"isPartOf\":{\"@id\":\"https:\/\/jornalfatosenoticias.com.br\/index.php\/2022\/01\/12\/bateria-oceanica-armazena-energia-renovavel-no-fundo-do-mar\/\"},\"author\":{\"name\":\"Luzimara Fernandes\",\"@id\":\"https:\/\/jornalfatosenoticias.com.br\/#\/schema\/person\/d63837fa13ac8666eb9e74e0985d6f81\"},\"headline\":\"Bateria \u201coce\u00e2nica\u201d armazena energia renov\u00e1vel no fundo do mar\",\"datePublished\":\"2022-01-12T15:37:49+00:00\",\"dateModified\":\"2022-01-12T15:37:50+00:00\",\"mainEntityOfPage\":{\"@id\":\"https:\/\/jornalfatosenoticias.com.br\/index.php\/2022\/01\/12\/bateria-oceanica-armazena-energia-renovavel-no-fundo-do-mar\/\"},\"wordCount\":415,\"commentCount\":0,\"publisher\":{\"@id\":\"https:\/\/jornalfatosenoticias.com.br\/#organization\"},\"image\":{\"@id\":\"https:\/\/jornalfatosenoticias.com.br\/index.php\/2022\/01\/12\/bateria-oceanica-armazena-energia-renovavel-no-fundo-do-mar\/#primaryimage\"},\"thumbnailUrl\":\"https:\/\/jornalfatosenoticias.com.br\/wp-content\/uploads\/2022\/01\/bateria-oceanica-1.jpg\",\"keywords\":[\"bateria oce\u00e2nica\",\"energia renov\u00e1vel\",\"fundo do mar\",\"Ocean Grazer\"],\"articleSection\":[\"Tecnologia &amp; Inova\u00e7\u00e3o\"],\"inLanguage\":\"pt-BR\",\"potentialAction\":[{\"@type\":\"CommentAction\",\"name\":\"Comment\",\"target\":[\"https:\/\/jornalfatosenoticias.com.br\/index.php\/2022\/01\/12\/bateria-oceanica-armazena-energia-renovavel-no-fundo-do-mar\/#respond\"]}]},{\"@type\":\"WebPage\",\"@id\":\"https:\/\/jornalfatosenoticias.com.br\/index.php\/2022\/01\/12\/bateria-oceanica-armazena-energia-renovavel-no-fundo-do-mar\/\",\"url\":\"https:\/\/jornalfatosenoticias.com.br\/index.php\/2022\/01\/12\/bateria-oceanica-armazena-energia-renovavel-no-fundo-do-mar\/\",\"name\":\"Bateria \u201coce\u00e2nica\u201d armazena energia renov\u00e1vel no fundo do mar - Jornal Fatos e Not\u00edcias\",\"isPartOf\":{\"@id\":\"https:\/\/jornalfatosenoticias.com.br\/#website\"},\"primaryImageOfPage\":{\"@id\":\"https:\/\/jornalfatosenoticias.com.br\/index.php\/2022\/01\/12\/bateria-oceanica-armazena-energia-renovavel-no-fundo-do-mar\/#primaryimage\"},\"image\":{\"@id\":\"https:\/\/jornalfatosenoticias.com.br\/index.php\/2022\/01\/12\/bateria-oceanica-armazena-energia-renovavel-no-fundo-do-mar\/#primaryimage\"},\"thumbnailUrl\":\"https:\/\/jornalfatosenoticias.com.br\/wp-content\/uploads\/2022\/01\/bateria-oceanica-1.jpg\",\"datePublished\":\"2022-01-12T15:37:49+00:00\",\"dateModified\":\"2022-01-12T15:37:50+00:00\",\"breadcrumb\":{\"@id\":\"https:\/\/jornalfatosenoticias.com.br\/index.php\/2022\/01\/12\/bateria-oceanica-armazena-energia-renovavel-no-fundo-do-mar\/#breadcrumb\"},\"inLanguage\":\"pt-BR\",\"potentialAction\":[{\"@type\":\"ReadAction\",\"target\":[\"https:\/\/jornalfatosenoticias.com.br\/index.php\/2022\/01\/12\/bateria-oceanica-armazena-energia-renovavel-no-fundo-do-mar\/\"]}]},{\"@type\":\"ImageObject\",\"inLanguage\":\"pt-BR\",\"@id\":\"https:\/\/jornalfatosenoticias.com.br\/index.php\/2022\/01\/12\/bateria-oceanica-armazena-energia-renovavel-no-fundo-do-mar\/#primaryimage\",\"url\":\"https:\/\/jornalfatosenoticias.com.br\/wp-content\/uploads\/2022\/01\/bateria-oceanica-1.jpg\",\"contentUrl\":\"https:\/\/jornalfatosenoticias.com.br\/wp-content\/uploads\/2022\/01\/bateria-oceanica-1.jpg\",\"width\":1000,\"height\":562},{\"@type\":\"BreadcrumbList\",\"@id\":\"https:\/\/jornalfatosenoticias.com.br\/index.php\/2022\/01\/12\/bateria-oceanica-armazena-energia-renovavel-no-fundo-do-mar\/#breadcrumb\",\"itemListElement\":[{\"@type\":\"ListItem\",\"position\":1,\"name\":\"In\u00edcio\",\"item\":\"https:\/\/jornalfatosenoticias.com.br\/\"},{\"@type\":\"ListItem\",\"position\":2,\"name\":\"Bateria \u201coce\u00e2nica\u201d armazena energia renov\u00e1vel no fundo do mar\"}]},{\"@type\":\"WebSite\",\"@id\":\"https:\/\/jornalfatosenoticias.com.br\/#website\",\"url\":\"https:\/\/jornalfatosenoticias.com.br\/\",\"name\":\"Jornal Fatos e Not\u00edcias\",\"description\":\"Not\u00edcias em geral\",\"publisher\":{\"@id\":\"https:\/\/jornalfatosenoticias.com.br\/#organization\"},\"potentialAction\":[{\"@type\":\"SearchAction\",\"target\":{\"@type\":\"EntryPoint\",\"urlTemplate\":\"https:\/\/jornalfatosenoticias.com.br\/?s={search_term_string}\"},\"query-input\":{\"@type\":\"PropertyValueSpecification\",\"valueRequired\":true,\"valueName\":\"search_term_string\"}}],\"inLanguage\":\"pt-BR\"},{\"@type\":\"Organization\",\"@id\":\"https:\/\/jornalfatosenoticias.com.br\/#organization\",\"name\":\"Jornal Fatos e Not\u00edcias\",\"url\":\"https:\/\/jornalfatosenoticias.com.br\/\",\"logo\":{\"@type\":\"ImageObject\",\"inLanguage\":\"pt-BR\",\"@id\":\"https:\/\/jornalfatosenoticias.com.br\/#\/schema\/logo\/image\/\",\"url\":\"https:\/\/jornalfatosenoticias.com.br\/wp-content\/uploads\/2020\/02\/logo120.png\",\"contentUrl\":\"https:\/\/jornalfatosenoticias.com.br\/wp-content\/uploads\/2020\/02\/logo120.png\",\"width\":1227,\"height\":120,\"caption\":\"Jornal Fatos e Not\u00edcias\"},\"image\":{\"@id\":\"https:\/\/jornalfatosenoticias.com.br\/#\/schema\/logo\/image\/\"}},{\"@type\":\"Person\",\"@id\":\"https:\/\/jornalfatosenoticias.com.br\/#\/schema\/person\/d63837fa13ac8666eb9e74e0985d6f81\",\"name\":\"Luzimara Fernandes\",\"image\":{\"@type\":\"ImageObject\",\"inLanguage\":\"pt-BR\",\"@id\":\"https:\/\/jornalfatosenoticias.com.br\/#\/schema\/person\/image\/\",\"url\":\"https:\/\/jornalfatosenoticias.com.br\/wp-content\/uploads\/2025\/05\/EU_portal.jpg\",\"contentUrl\":\"https:\/\/jornalfatosenoticias.com.br\/wp-content\/uploads\/2025\/05\/EU_portal.jpg\",\"caption\":\"Luzimara Fernandes\"},\"description\":\"Jornalista MTB 2358-ES\",\"sameAs\":[\"https:\/\/jornalfatosenoticias.com.br\"],\"url\":\"https:\/\/jornalfatosenoticias.com.br\/index.php\/author\/luzimara\/\"}]}<\/script>\n<!-- \/ Yoast SEO plugin. -->","yoast_head_json":{"title":"Bateria \u201coce\u00e2nica\u201d armazena energia renov\u00e1vel no fundo do mar - Jornal Fatos e Not\u00edcias","robots":{"index":"index","follow":"follow","max-snippet":"max-snippet:-1","max-image-preview":"max-image-preview:large","max-video-preview":"max-video-preview:-1"},"canonical":"https:\/\/jornalfatosenoticias.com.br\/index.php\/2022\/01\/12\/bateria-oceanica-armazena-energia-renovavel-no-fundo-do-mar\/","og_locale":"pt_BR","og_type":"article","og_title":"Bateria \u201coce\u00e2nica\u201d armazena energia renov\u00e1vel no fundo do mar - Jornal Fatos e Not\u00edcias","og_description":"Solu\u00e7\u00e3o foi desenvolvida para \u201cestocar\u201d a energia gerada em usinas offshore \u201cOcean Grazer resolve o problema mundial de armazenamento de energia\u201d. Sem medo de soar presun\u00e7osa ou prometer al\u00e9m do esperado, assim se apresenta a empresa que nasceu na Universidade de Groningen, na Holanda. A companhia \u00e9 respons\u00e1vel pela cria\u00e7\u00e3o da \u201cOcean Battery\u201d \u2014 a [&hellip;]","og_url":"https:\/\/jornalfatosenoticias.com.br\/index.php\/2022\/01\/12\/bateria-oceanica-armazena-energia-renovavel-no-fundo-do-mar\/","og_site_name":"Jornal Fatos e Not\u00edcias","article_published_time":"2022-01-12T15:37:49+00:00","article_modified_time":"2022-01-12T15:37:50+00:00","og_image":[{"width":1000,"height":562,"url":"https:\/\/jornalfatosenoticias.com.br\/wp-content\/uploads\/2022\/01\/bateria-oceanica-1.jpg","type":"image\/jpeg"}],"author":"Luzimara Fernandes","twitter_card":"summary_large_image","twitter_misc":{"Escrito por":"Luzimara Fernandes","Est. tempo de leitura":"2 minutos"},"schema":{"@context":"https:\/\/schema.org","@graph":[{"@type":"Article","@id":"https:\/\/jornalfatosenoticias.com.br\/index.php\/2022\/01\/12\/bateria-oceanica-armazena-energia-renovavel-no-fundo-do-mar\/#article","isPartOf":{"@id":"https:\/\/jornalfatosenoticias.com.br\/index.php\/2022\/01\/12\/bateria-oceanica-armazena-energia-renovavel-no-fundo-do-mar\/"},"author":{"name":"Luzimara Fernandes","@id":"https:\/\/jornalfatosenoticias.com.br\/#\/schema\/person\/d63837fa13ac8666eb9e74e0985d6f81"},"headline":"Bateria \u201coce\u00e2nica\u201d armazena energia renov\u00e1vel no fundo do mar","datePublished":"2022-01-12T15:37:49+00:00","dateModified":"2022-01-12T15:37:50+00:00","mainEntityOfPage":{"@id":"https:\/\/jornalfatosenoticias.com.br\/index.php\/2022\/01\/12\/bateria-oceanica-armazena-energia-renovavel-no-fundo-do-mar\/"},"wordCount":415,"commentCount":0,"publisher":{"@id":"https:\/\/jornalfatosenoticias.com.br\/#organization"},"image":{"@id":"https:\/\/jornalfatosenoticias.com.br\/index.php\/2022\/01\/12\/bateria-oceanica-armazena-energia-renovavel-no-fundo-do-mar\/#primaryimage"},"thumbnailUrl":"https:\/\/jornalfatosenoticias.com.br\/wp-content\/uploads\/2022\/01\/bateria-oceanica-1.jpg","keywords":["bateria oce\u00e2nica","energia renov\u00e1vel","fundo do mar","Ocean Grazer"],"articleSection":["Tecnologia &amp; Inova\u00e7\u00e3o"],"inLanguage":"pt-BR","potentialAction":[{"@type":"CommentAction","name":"Comment","target":["https:\/\/jornalfatosenoticias.com.br\/index.php\/2022\/01\/12\/bateria-oceanica-armazena-energia-renovavel-no-fundo-do-mar\/#respond"]}]},{"@type":"WebPage","@id":"https:\/\/jornalfatosenoticias.com.br\/index.php\/2022\/01\/12\/bateria-oceanica-armazena-energia-renovavel-no-fundo-do-mar\/","url":"https:\/\/jornalfatosenoticias.com.br\/index.php\/2022\/01\/12\/bateria-oceanica-armazena-energia-renovavel-no-fundo-do-mar\/","name":"Bateria \u201coce\u00e2nica\u201d armazena energia renov\u00e1vel no fundo do mar - Jornal Fatos e Not\u00edcias","isPartOf":{"@id":"https:\/\/jornalfatosenoticias.com.br\/#website"},"primaryImageOfPage":{"@id":"https:\/\/jornalfatosenoticias.com.br\/index.php\/2022\/01\/12\/bateria-oceanica-armazena-energia-renovavel-no-fundo-do-mar\/#primaryimage"},"image":{"@id":"https:\/\/jornalfatosenoticias.com.br\/index.php\/2022\/01\/12\/bateria-oceanica-armazena-energia-renovavel-no-fundo-do-mar\/#primaryimage"},"thumbnailUrl":"https:\/\/jornalfatosenoticias.com.br\/wp-content\/uploads\/2022\/01\/bateria-oceanica-1.jpg","datePublished":"2022-01-12T15:37:49+00:00","dateModified":"2022-01-12T15:37:50+00:00","breadcrumb":{"@id":"https:\/\/jornalfatosenoticias.com.br\/index.php\/2022\/01\/12\/bateria-oceanica-armazena-energia-renovavel-no-fundo-do-mar\/#breadcrumb"},"inLanguage":"pt-BR","potentialAction":[{"@type":"ReadAction","target":["https:\/\/jornalfatosenoticias.com.br\/index.php\/2022\/01\/12\/bateria-oceanica-armazena-energia-renovavel-no-fundo-do-mar\/"]}]},{"@type":"ImageObject","inLanguage":"pt-BR","@id":"https:\/\/jornalfatosenoticias.com.br\/index.php\/2022\/01\/12\/bateria-oceanica-armazena-energia-renovavel-no-fundo-do-mar\/#primaryimage","url":"https:\/\/jornalfatosenoticias.com.br\/wp-content\/uploads\/2022\/01\/bateria-oceanica-1.jpg","contentUrl":"https:\/\/jornalfatosenoticias.com.br\/wp-content\/uploads\/2022\/01\/bateria-oceanica-1.jpg","width":1000,"height":562},{"@type":"BreadcrumbList","@id":"https:\/\/jornalfatosenoticias.com.br\/index.php\/2022\/01\/12\/bateria-oceanica-armazena-energia-renovavel-no-fundo-do-mar\/#breadcrumb","itemListElement":[{"@type":"ListItem","position":1,"name":"In\u00edcio","item":"https:\/\/jornalfatosenoticias.com.br\/"},{"@type":"ListItem","position":2,"name":"Bateria \u201coce\u00e2nica\u201d armazena energia renov\u00e1vel no fundo do mar"}]},{"@type":"WebSite","@id":"https:\/\/jornalfatosenoticias.com.br\/#website","url":"https:\/\/jornalfatosenoticias.com.br\/","name":"Jornal Fatos e Not\u00edcias","description":"Not\u00edcias em geral","publisher":{"@id":"https:\/\/jornalfatosenoticias.com.br\/#organization"},"potentialAction":[{"@type":"SearchAction","target":{"@type":"EntryPoint","urlTemplate":"https:\/\/jornalfatosenoticias.com.br\/?s={search_term_string}"},"query-input":{"@type":"PropertyValueSpecification","valueRequired":true,"valueName":"search_term_string"}}],"inLanguage":"pt-BR"},{"@type":"Organization","@id":"https:\/\/jornalfatosenoticias.com.br\/#organization","name":"Jornal Fatos e Not\u00edcias","url":"https:\/\/jornalfatosenoticias.com.br\/","logo":{"@type":"ImageObject","inLanguage":"pt-BR","@id":"https:\/\/jornalfatosenoticias.com.br\/#\/schema\/logo\/image\/","url":"https:\/\/jornalfatosenoticias.com.br\/wp-content\/uploads\/2020\/02\/logo120.png","contentUrl":"https:\/\/jornalfatosenoticias.com.br\/wp-content\/uploads\/2020\/02\/logo120.png","width":1227,"height":120,"caption":"Jornal Fatos e Not\u00edcias"},"image":{"@id":"https:\/\/jornalfatosenoticias.com.br\/#\/schema\/logo\/image\/"}},{"@type":"Person","@id":"https:\/\/jornalfatosenoticias.com.br\/#\/schema\/person\/d63837fa13ac8666eb9e74e0985d6f81","name":"Luzimara Fernandes","image":{"@type":"ImageObject","inLanguage":"pt-BR","@id":"https:\/\/jornalfatosenoticias.com.br\/#\/schema\/person\/image\/","url":"https:\/\/jornalfatosenoticias.com.br\/wp-content\/uploads\/2025\/05\/EU_portal.jpg","contentUrl":"https:\/\/jornalfatosenoticias.com.br\/wp-content\/uploads\/2025\/05\/EU_portal.jpg","caption":"Luzimara Fernandes"},"description":"Jornalista MTB 2358-ES","sameAs":["https:\/\/jornalfatosenoticias.com.br"],"url":"https:\/\/jornalfatosenoticias.com.br\/index.php\/author\/luzimara\/"}]}},"cc_featured_image_caption":{"caption_text":"(Foto: Ocean Grazer) ","source_text":"","source_url":""},"jetpack_featured_media_url":"https:\/\/jornalfatosenoticias.com.br\/wp-content\/uploads\/2022\/01\/bateria-oceanica-1.jpg","_links":{"self":[{"href":"https:\/\/jornalfatosenoticias.com.br\/index.php\/wp-json\/wp\/v2\/posts\/26709","targetHints":{"allow":["GET"]}}],"collection":[{"href":"https:\/\/jornalfatosenoticias.com.br\/index.php\/wp-json\/wp\/v2\/posts"}],"about":[{"href":"https:\/\/jornalfatosenoticias.com.br\/index.php\/wp-json\/wp\/v2\/types\/post"}],"author":[{"embeddable":true,"href":"https:\/\/jornalfatosenoticias.com.br\/index.php\/wp-json\/wp\/v2\/users\/2"}],"replies":[{"embeddable":true,"href":"https:\/\/jornalfatosenoticias.com.br\/index.php\/wp-json\/wp\/v2\/comments?post=26709"}],"version-history":[{"count":0,"href":"https:\/\/jornalfatosenoticias.com.br\/index.php\/wp-json\/wp\/v2\/posts\/26709\/revisions"}],"wp:featuredmedia":[{"embeddable":true,"href":"https:\/\/jornalfatosenoticias.com.br\/index.php\/wp-json\/wp\/v2\/media\/26713"}],"wp:attachment":[{"href":"https:\/\/jornalfatosenoticias.com.br\/index.php\/wp-json\/wp\/v2\/media?parent=26709"}],"wp:term":[{"taxonomy":"category","embeddable":true,"href":"https:\/\/jornalfatosenoticias.com.br\/index.php\/wp-json\/wp\/v2\/categories?post=26709"},{"taxonomy":"post_tag","embeddable":true,"href":"https:\/\/jornalfatosenoticias.com.br\/index.php\/wp-json\/wp\/v2\/tags?post=26709"}],"curies":[{"name":"wp","href":"https:\/\/api.w.org\/{rel}","templated":true}]}}