{"id":26723,"date":"2022-01-12T13:14:30","date_gmt":"2022-01-12T16:14:30","guid":{"rendered":"https:\/\/jornalfatosenoticias.com.br\/?p=26723"},"modified":"2022-01-12T13:14:32","modified_gmt":"2022-01-12T16:14:32","slug":"capital-argentina-e-atingida-por-blecaute-em-meio-a-onda-de-calor","status":"publish","type":"post","link":"https:\/\/jornalfatosenoticias.com.br\/index.php\/2022\/01\/12\/capital-argentina-e-atingida-por-blecaute-em-meio-a-onda-de-calor\/","title":{"rendered":"Capital argentina \u00e9 atingida por blecaute em meio a onda de calor"},"content":{"rendered":"\n<p><span class=\"has-inline-color has-black-color\"><em>Temperaturas chegaram a mais de 40 graus nessa ter\u00e7a-feira<\/em><\/span><\/p>\n\n\n\n<p>A cidade de Buenos Aires foi atingida por grande queda de energia nesta ter\u00e7a-feira (11), que deixou milhares de casas sem eletricidade em meio a uma onda de calor que fez as temperaturas subirem acima de 40 graus Celsius.<br>As distribuidoras de eletricidade Edenor e Edesur relataram queda de energia, depois que altas temperaturas geraram aumento na demanda para resfriar resid\u00eancias e empresas.<br>A Entidade Nacional de Regula\u00e7\u00e3o da Eletricidade (ENRE) disse que o corte de energia da Edenor afetou 700 mil clientes na \u00e1rea de Buenos Aires. Cerca de 43,4 mil clientes da Edesur tamb\u00e9m ficaram sem energia, depois que falhas nas linhas de alta tens\u00e3o atingiram duas de suas subesta\u00e7\u00f5es.<br>A AySA, que fornece \u00e1gua pot\u00e1vel na capital, pediu \u00e0 popula\u00e7\u00e3o que otimize o uso da \u00e1gua porque a interrup\u00e7\u00e3o tamb\u00e9m afetou seu sistema de purifica\u00e7\u00e3o.<br>As altas temperaturas devem continuar ao longo da semana, com picos pr\u00f3ximos a 40\u00b0C, segundo o Servi\u00e7o Meteorol\u00f3gico Nacional (SMN) do pa\u00eds.<\/p>\n\n\n\n<blockquote class=\"wp-block-quote is-layout-flow wp-block-quote-is-layout-flow\"><p><span class=\"has-inline-color has-luminous-vivid-orange-color\">&#8220;O SMN emitiu alerta antecipando uma onda de calor extremo esta semana, com temperaturas que podem chegar a 41\u00b0C na \u00e1rea de concess\u00e3o&#8221;, disse a Edesur em e-mail a seus clientes. &#8220;Estamos trabalhando para fortalecer nossa rede diante da crescente demanda&#8221;.<\/span><\/p><\/blockquote>\n\n\n\n<p><strong><em>Fonte: <a href=\"https:\/\/agenciabrasil.ebc.com.br\/internacional\/noticia\/2022-01\/capital-argentina-e-atingida-por-blecaute-em-meio-onda-de-calor\">Ag\u00eancia Brasil<\/a><\/em><\/strong><\/p>\n","protected":false},"excerpt":{"rendered":"<p>Temperaturas chegaram a mais de 40 graus nessa ter\u00e7a-feira A cidade de Buenos Aires foi atingida por grande queda de energia nesta ter\u00e7a-feira (11), que deixou milhares de casas sem eletricidade em meio a uma onda de calor que fez as temperaturas subirem acima de 40 graus Celsius.As distribuidoras de eletricidade Edenor e Edesur relataram [&hellip;]<\/p>\n","protected":false},"author":2,"featured_media":26724,"comment_status":"open","ping_status":"open","sticky":false,"template":"","format":"standard","meta":{"footnotes":""},"categories":[41],"tags":[12852,11609,10254],"class_list":["post-26723","post","type-post","status-publish","format-standard","has-post-thumbnail","hentry","category-internacional","tag-blecaute","tag-buenos-aires","tag-onda-de-calor"],"yoast_head":"<!-- This site is optimized with the Yoast SEO plugin v26.5 - https:\/\/yoast.com\/wordpress\/plugins\/seo\/ -->\n<title>Capital argentina \u00e9 atingida por blecaute em meio a onda de calor - Jornal Fatos e Not\u00edcias<\/title>\n<meta name=\"robots\" content=\"index, follow, max-snippet:-1, max-image-preview:large, max-video-preview:-1\" \/>\n<link rel=\"canonical\" href=\"https:\/\/jornalfatosenoticias.com.br\/index.php\/2022\/01\/12\/capital-argentina-e-atingida-por-blecaute-em-meio-a-onda-de-calor\/\" \/>\n<meta property=\"og:locale\" content=\"pt_BR\" \/>\n<meta property=\"og:type\" content=\"article\" \/>\n<meta property=\"og:title\" content=\"Capital argentina \u00e9 atingida por blecaute em meio a onda de calor - Jornal Fatos e Not\u00edcias\" \/>\n<meta property=\"og:description\" content=\"Temperaturas chegaram a mais de 40 graus nessa ter\u00e7a-feira A cidade de Buenos Aires foi atingida por grande queda de energia nesta ter\u00e7a-feira (11), que deixou milhares de casas sem eletricidade em meio a uma onda de calor que fez as temperaturas subirem acima de 40 graus Celsius.As distribuidoras de eletricidade Edenor e Edesur relataram [&hellip;]\" \/>\n<meta property=\"og:url\" content=\"https:\/\/jornalfatosenoticias.com.br\/index.php\/2022\/01\/12\/capital-argentina-e-atingida-por-blecaute-em-meio-a-onda-de-calor\/\" \/>\n<meta property=\"og:site_name\" content=\"Jornal Fatos e Not\u00edcias\" \/>\n<meta property=\"article:published_time\" content=\"2022-01-12T16:14:30+00:00\" \/>\n<meta property=\"article:modified_time\" content=\"2022-01-12T16:14:32+00:00\" \/>\n<meta property=\"og:image\" content=\"https:\/\/jornalfatosenoticias.com.br\/wp-content\/uploads\/2022\/01\/buenos-aires.jpg\" \/>\n\t<meta property=\"og:image:width\" content=\"1000\" \/>\n\t<meta property=\"og:image:height\" content=\"598\" \/>\n\t<meta property=\"og:image:type\" content=\"image\/jpeg\" \/>\n<meta name=\"author\" content=\"Luzimara Fernandes\" \/>\n<meta name=\"twitter:card\" content=\"summary_large_image\" \/>\n<meta name=\"twitter:label1\" content=\"Escrito por\" \/>\n\t<meta name=\"twitter:data1\" content=\"Luzimara Fernandes\" \/>\n\t<meta name=\"twitter:label2\" content=\"Est. tempo de leitura\" \/>\n\t<meta name=\"twitter:data2\" content=\"1 minuto\" \/>\n<script type=\"application\/ld+json\" class=\"yoast-schema-graph\">{\"@context\":\"https:\/\/schema.org\",\"@graph\":[{\"@type\":\"Article\",\"@id\":\"https:\/\/jornalfatosenoticias.com.br\/index.php\/2022\/01\/12\/capital-argentina-e-atingida-por-blecaute-em-meio-a-onda-de-calor\/#article\",\"isPartOf\":{\"@id\":\"https:\/\/jornalfatosenoticias.com.br\/index.php\/2022\/01\/12\/capital-argentina-e-atingida-por-blecaute-em-meio-a-onda-de-calor\/\"},\"author\":{\"name\":\"Luzimara Fernandes\",\"@id\":\"https:\/\/jornalfatosenoticias.com.br\/#\/schema\/person\/d63837fa13ac8666eb9e74e0985d6f81\"},\"headline\":\"Capital argentina \u00e9 atingida por blecaute em meio a onda de calor\",\"datePublished\":\"2022-01-12T16:14:30+00:00\",\"dateModified\":\"2022-01-12T16:14:32+00:00\",\"mainEntityOfPage\":{\"@id\":\"https:\/\/jornalfatosenoticias.com.br\/index.php\/2022\/01\/12\/capital-argentina-e-atingida-por-blecaute-em-meio-a-onda-de-calor\/\"},\"wordCount\":236,\"commentCount\":0,\"publisher\":{\"@id\":\"https:\/\/jornalfatosenoticias.com.br\/#organization\"},\"image\":{\"@id\":\"https:\/\/jornalfatosenoticias.com.br\/index.php\/2022\/01\/12\/capital-argentina-e-atingida-por-blecaute-em-meio-a-onda-de-calor\/#primaryimage\"},\"thumbnailUrl\":\"https:\/\/jornalfatosenoticias.com.br\/wp-content\/uploads\/2022\/01\/buenos-aires.jpg\",\"keywords\":[\"blecaute\",\"Buenos Aires\",\"onda de calor\"],\"articleSection\":[\"Internacional\"],\"inLanguage\":\"pt-BR\",\"potentialAction\":[{\"@type\":\"CommentAction\",\"name\":\"Comment\",\"target\":[\"https:\/\/jornalfatosenoticias.com.br\/index.php\/2022\/01\/12\/capital-argentina-e-atingida-por-blecaute-em-meio-a-onda-de-calor\/#respond\"]}]},{\"@type\":\"WebPage\",\"@id\":\"https:\/\/jornalfatosenoticias.com.br\/index.php\/2022\/01\/12\/capital-argentina-e-atingida-por-blecaute-em-meio-a-onda-de-calor\/\",\"url\":\"https:\/\/jornalfatosenoticias.com.br\/index.php\/2022\/01\/12\/capital-argentina-e-atingida-por-blecaute-em-meio-a-onda-de-calor\/\",\"name\":\"Capital argentina \u00e9 atingida por blecaute em meio a onda de calor - Jornal Fatos e Not\u00edcias\",\"isPartOf\":{\"@id\":\"https:\/\/jornalfatosenoticias.com.br\/#website\"},\"primaryImageOfPage\":{\"@id\":\"https:\/\/jornalfatosenoticias.com.br\/index.php\/2022\/01\/12\/capital-argentina-e-atingida-por-blecaute-em-meio-a-onda-de-calor\/#primaryimage\"},\"image\":{\"@id\":\"https:\/\/jornalfatosenoticias.com.br\/index.php\/2022\/01\/12\/capital-argentina-e-atingida-por-blecaute-em-meio-a-onda-de-calor\/#primaryimage\"},\"thumbnailUrl\":\"https:\/\/jornalfatosenoticias.com.br\/wp-content\/uploads\/2022\/01\/buenos-aires.jpg\",\"datePublished\":\"2022-01-12T16:14:30+00:00\",\"dateModified\":\"2022-01-12T16:14:32+00:00\",\"breadcrumb\":{\"@id\":\"https:\/\/jornalfatosenoticias.com.br\/index.php\/2022\/01\/12\/capital-argentina-e-atingida-por-blecaute-em-meio-a-onda-de-calor\/#breadcrumb\"},\"inLanguage\":\"pt-BR\",\"potentialAction\":[{\"@type\":\"ReadAction\",\"target\":[\"https:\/\/jornalfatosenoticias.com.br\/index.php\/2022\/01\/12\/capital-argentina-e-atingida-por-blecaute-em-meio-a-onda-de-calor\/\"]}]},{\"@type\":\"ImageObject\",\"inLanguage\":\"pt-BR\",\"@id\":\"https:\/\/jornalfatosenoticias.com.br\/index.php\/2022\/01\/12\/capital-argentina-e-atingida-por-blecaute-em-meio-a-onda-de-calor\/#primaryimage\",\"url\":\"https:\/\/jornalfatosenoticias.com.br\/wp-content\/uploads\/2022\/01\/buenos-aires.jpg\",\"contentUrl\":\"https:\/\/jornalfatosenoticias.com.br\/wp-content\/uploads\/2022\/01\/buenos-aires.jpg\",\"width\":1000,\"height\":598},{\"@type\":\"BreadcrumbList\",\"@id\":\"https:\/\/jornalfatosenoticias.com.br\/index.php\/2022\/01\/12\/capital-argentina-e-atingida-por-blecaute-em-meio-a-onda-de-calor\/#breadcrumb\",\"itemListElement\":[{\"@type\":\"ListItem\",\"position\":1,\"name\":\"In\u00edcio\",\"item\":\"https:\/\/jornalfatosenoticias.com.br\/\"},{\"@type\":\"ListItem\",\"position\":2,\"name\":\"Capital argentina \u00e9 atingida por blecaute em meio a onda de calor\"}]},{\"@type\":\"WebSite\",\"@id\":\"https:\/\/jornalfatosenoticias.com.br\/#website\",\"url\":\"https:\/\/jornalfatosenoticias.com.br\/\",\"name\":\"Jornal Fatos e Not\u00edcias\",\"description\":\"Not\u00edcias em geral\",\"publisher\":{\"@id\":\"https:\/\/jornalfatosenoticias.com.br\/#organization\"},\"potentialAction\":[{\"@type\":\"SearchAction\",\"target\":{\"@type\":\"EntryPoint\",\"urlTemplate\":\"https:\/\/jornalfatosenoticias.com.br\/?s={search_term_string}\"},\"query-input\":{\"@type\":\"PropertyValueSpecification\",\"valueRequired\":true,\"valueName\":\"search_term_string\"}}],\"inLanguage\":\"pt-BR\"},{\"@type\":\"Organization\",\"@id\":\"https:\/\/jornalfatosenoticias.com.br\/#organization\",\"name\":\"Jornal Fatos e Not\u00edcias\",\"url\":\"https:\/\/jornalfatosenoticias.com.br\/\",\"logo\":{\"@type\":\"ImageObject\",\"inLanguage\":\"pt-BR\",\"@id\":\"https:\/\/jornalfatosenoticias.com.br\/#\/schema\/logo\/image\/\",\"url\":\"https:\/\/jornalfatosenoticias.com.br\/wp-content\/uploads\/2020\/02\/logo120.png\",\"contentUrl\":\"https:\/\/jornalfatosenoticias.com.br\/wp-content\/uploads\/2020\/02\/logo120.png\",\"width\":1227,\"height\":120,\"caption\":\"Jornal Fatos e Not\u00edcias\"},\"image\":{\"@id\":\"https:\/\/jornalfatosenoticias.com.br\/#\/schema\/logo\/image\/\"}},{\"@type\":\"Person\",\"@id\":\"https:\/\/jornalfatosenoticias.com.br\/#\/schema\/person\/d63837fa13ac8666eb9e74e0985d6f81\",\"name\":\"Luzimara Fernandes\",\"image\":{\"@type\":\"ImageObject\",\"inLanguage\":\"pt-BR\",\"@id\":\"https:\/\/jornalfatosenoticias.com.br\/#\/schema\/person\/image\/\",\"url\":\"https:\/\/jornalfatosenoticias.com.br\/wp-content\/uploads\/2025\/05\/EU_portal.jpg\",\"contentUrl\":\"https:\/\/jornalfatosenoticias.com.br\/wp-content\/uploads\/2025\/05\/EU_portal.jpg\",\"caption\":\"Luzimara Fernandes\"},\"description\":\"Jornalista MTB 2358-ES\",\"sameAs\":[\"https:\/\/jornalfatosenoticias.com.br\"],\"url\":\"https:\/\/jornalfatosenoticias.com.br\/index.php\/author\/luzimara\/\"}]}<\/script>\n<!-- \/ Yoast SEO plugin. -->","yoast_head_json":{"title":"Capital argentina \u00e9 atingida por blecaute em meio a onda de calor - Jornal Fatos e Not\u00edcias","robots":{"index":"index","follow":"follow","max-snippet":"max-snippet:-1","max-image-preview":"max-image-preview:large","max-video-preview":"max-video-preview:-1"},"canonical":"https:\/\/jornalfatosenoticias.com.br\/index.php\/2022\/01\/12\/capital-argentina-e-atingida-por-blecaute-em-meio-a-onda-de-calor\/","og_locale":"pt_BR","og_type":"article","og_title":"Capital argentina \u00e9 atingida por blecaute em meio a onda de calor - Jornal Fatos e Not\u00edcias","og_description":"Temperaturas chegaram a mais de 40 graus nessa ter\u00e7a-feira A cidade de Buenos Aires foi atingida por grande queda de energia nesta ter\u00e7a-feira (11), que deixou milhares de casas sem eletricidade em meio a uma onda de calor que fez as temperaturas subirem acima de 40 graus Celsius.As distribuidoras de eletricidade Edenor e Edesur relataram [&hellip;]","og_url":"https:\/\/jornalfatosenoticias.com.br\/index.php\/2022\/01\/12\/capital-argentina-e-atingida-por-blecaute-em-meio-a-onda-de-calor\/","og_site_name":"Jornal Fatos e Not\u00edcias","article_published_time":"2022-01-12T16:14:30+00:00","article_modified_time":"2022-01-12T16:14:32+00:00","og_image":[{"width":1000,"height":598,"url":"https:\/\/jornalfatosenoticias.com.br\/wp-content\/uploads\/2022\/01\/buenos-aires.jpg","type":"image\/jpeg"}],"author":"Luzimara Fernandes","twitter_card":"summary_large_image","twitter_misc":{"Escrito por":"Luzimara Fernandes","Est. tempo de leitura":"1 minuto"},"schema":{"@context":"https:\/\/schema.org","@graph":[{"@type":"Article","@id":"https:\/\/jornalfatosenoticias.com.br\/index.php\/2022\/01\/12\/capital-argentina-e-atingida-por-blecaute-em-meio-a-onda-de-calor\/#article","isPartOf":{"@id":"https:\/\/jornalfatosenoticias.com.br\/index.php\/2022\/01\/12\/capital-argentina-e-atingida-por-blecaute-em-meio-a-onda-de-calor\/"},"author":{"name":"Luzimara Fernandes","@id":"https:\/\/jornalfatosenoticias.com.br\/#\/schema\/person\/d63837fa13ac8666eb9e74e0985d6f81"},"headline":"Capital argentina \u00e9 atingida por blecaute em meio a onda de calor","datePublished":"2022-01-12T16:14:30+00:00","dateModified":"2022-01-12T16:14:32+00:00","mainEntityOfPage":{"@id":"https:\/\/jornalfatosenoticias.com.br\/index.php\/2022\/01\/12\/capital-argentina-e-atingida-por-blecaute-em-meio-a-onda-de-calor\/"},"wordCount":236,"commentCount":0,"publisher":{"@id":"https:\/\/jornalfatosenoticias.com.br\/#organization"},"image":{"@id":"https:\/\/jornalfatosenoticias.com.br\/index.php\/2022\/01\/12\/capital-argentina-e-atingida-por-blecaute-em-meio-a-onda-de-calor\/#primaryimage"},"thumbnailUrl":"https:\/\/jornalfatosenoticias.com.br\/wp-content\/uploads\/2022\/01\/buenos-aires.jpg","keywords":["blecaute","Buenos Aires","onda de calor"],"articleSection":["Internacional"],"inLanguage":"pt-BR","potentialAction":[{"@type":"CommentAction","name":"Comment","target":["https:\/\/jornalfatosenoticias.com.br\/index.php\/2022\/01\/12\/capital-argentina-e-atingida-por-blecaute-em-meio-a-onda-de-calor\/#respond"]}]},{"@type":"WebPage","@id":"https:\/\/jornalfatosenoticias.com.br\/index.php\/2022\/01\/12\/capital-argentina-e-atingida-por-blecaute-em-meio-a-onda-de-calor\/","url":"https:\/\/jornalfatosenoticias.com.br\/index.php\/2022\/01\/12\/capital-argentina-e-atingida-por-blecaute-em-meio-a-onda-de-calor\/","name":"Capital argentina \u00e9 atingida por blecaute em meio a onda de calor - Jornal Fatos e Not\u00edcias","isPartOf":{"@id":"https:\/\/jornalfatosenoticias.com.br\/#website"},"primaryImageOfPage":{"@id":"https:\/\/jornalfatosenoticias.com.br\/index.php\/2022\/01\/12\/capital-argentina-e-atingida-por-blecaute-em-meio-a-onda-de-calor\/#primaryimage"},"image":{"@id":"https:\/\/jornalfatosenoticias.com.br\/index.php\/2022\/01\/12\/capital-argentina-e-atingida-por-blecaute-em-meio-a-onda-de-calor\/#primaryimage"},"thumbnailUrl":"https:\/\/jornalfatosenoticias.com.br\/wp-content\/uploads\/2022\/01\/buenos-aires.jpg","datePublished":"2022-01-12T16:14:30+00:00","dateModified":"2022-01-12T16:14:32+00:00","breadcrumb":{"@id":"https:\/\/jornalfatosenoticias.com.br\/index.php\/2022\/01\/12\/capital-argentina-e-atingida-por-blecaute-em-meio-a-onda-de-calor\/#breadcrumb"},"inLanguage":"pt-BR","potentialAction":[{"@type":"ReadAction","target":["https:\/\/jornalfatosenoticias.com.br\/index.php\/2022\/01\/12\/capital-argentina-e-atingida-por-blecaute-em-meio-a-onda-de-calor\/"]}]},{"@type":"ImageObject","inLanguage":"pt-BR","@id":"https:\/\/jornalfatosenoticias.com.br\/index.php\/2022\/01\/12\/capital-argentina-e-atingida-por-blecaute-em-meio-a-onda-de-calor\/#primaryimage","url":"https:\/\/jornalfatosenoticias.com.br\/wp-content\/uploads\/2022\/01\/buenos-aires.jpg","contentUrl":"https:\/\/jornalfatosenoticias.com.br\/wp-content\/uploads\/2022\/01\/buenos-aires.jpg","width":1000,"height":598},{"@type":"BreadcrumbList","@id":"https:\/\/jornalfatosenoticias.com.br\/index.php\/2022\/01\/12\/capital-argentina-e-atingida-por-blecaute-em-meio-a-onda-de-calor\/#breadcrumb","itemListElement":[{"@type":"ListItem","position":1,"name":"In\u00edcio","item":"https:\/\/jornalfatosenoticias.com.br\/"},{"@type":"ListItem","position":2,"name":"Capital argentina \u00e9 atingida por blecaute em meio a onda de calor"}]},{"@type":"WebSite","@id":"https:\/\/jornalfatosenoticias.com.br\/#website","url":"https:\/\/jornalfatosenoticias.com.br\/","name":"Jornal Fatos e Not\u00edcias","description":"Not\u00edcias em geral","publisher":{"@id":"https:\/\/jornalfatosenoticias.com.br\/#organization"},"potentialAction":[{"@type":"SearchAction","target":{"@type":"EntryPoint","urlTemplate":"https:\/\/jornalfatosenoticias.com.br\/?s={search_term_string}"},"query-input":{"@type":"PropertyValueSpecification","valueRequired":true,"valueName":"search_term_string"}}],"inLanguage":"pt-BR"},{"@type":"Organization","@id":"https:\/\/jornalfatosenoticias.com.br\/#organization","name":"Jornal Fatos e Not\u00edcias","url":"https:\/\/jornalfatosenoticias.com.br\/","logo":{"@type":"ImageObject","inLanguage":"pt-BR","@id":"https:\/\/jornalfatosenoticias.com.br\/#\/schema\/logo\/image\/","url":"https:\/\/jornalfatosenoticias.com.br\/wp-content\/uploads\/2020\/02\/logo120.png","contentUrl":"https:\/\/jornalfatosenoticias.com.br\/wp-content\/uploads\/2020\/02\/logo120.png","width":1227,"height":120,"caption":"Jornal Fatos e Not\u00edcias"},"image":{"@id":"https:\/\/jornalfatosenoticias.com.br\/#\/schema\/logo\/image\/"}},{"@type":"Person","@id":"https:\/\/jornalfatosenoticias.com.br\/#\/schema\/person\/d63837fa13ac8666eb9e74e0985d6f81","name":"Luzimara Fernandes","image":{"@type":"ImageObject","inLanguage":"pt-BR","@id":"https:\/\/jornalfatosenoticias.com.br\/#\/schema\/person\/image\/","url":"https:\/\/jornalfatosenoticias.com.br\/wp-content\/uploads\/2025\/05\/EU_portal.jpg","contentUrl":"https:\/\/jornalfatosenoticias.com.br\/wp-content\/uploads\/2025\/05\/EU_portal.jpg","caption":"Luzimara Fernandes"},"description":"Jornalista MTB 2358-ES","sameAs":["https:\/\/jornalfatosenoticias.com.br"],"url":"https:\/\/jornalfatosenoticias.com.br\/index.php\/author\/luzimara\/"}]}},"cc_featured_image_caption":{"caption_text":"(Foto: Reuters) ","source_text":"","source_url":""},"jetpack_featured_media_url":"https:\/\/jornalfatosenoticias.com.br\/wp-content\/uploads\/2022\/01\/buenos-aires.jpg","_links":{"self":[{"href":"https:\/\/jornalfatosenoticias.com.br\/index.php\/wp-json\/wp\/v2\/posts\/26723","targetHints":{"allow":["GET"]}}],"collection":[{"href":"https:\/\/jornalfatosenoticias.com.br\/index.php\/wp-json\/wp\/v2\/posts"}],"about":[{"href":"https:\/\/jornalfatosenoticias.com.br\/index.php\/wp-json\/wp\/v2\/types\/post"}],"author":[{"embeddable":true,"href":"https:\/\/jornalfatosenoticias.com.br\/index.php\/wp-json\/wp\/v2\/users\/2"}],"replies":[{"embeddable":true,"href":"https:\/\/jornalfatosenoticias.com.br\/index.php\/wp-json\/wp\/v2\/comments?post=26723"}],"version-history":[{"count":0,"href":"https:\/\/jornalfatosenoticias.com.br\/index.php\/wp-json\/wp\/v2\/posts\/26723\/revisions"}],"wp:featuredmedia":[{"embeddable":true,"href":"https:\/\/jornalfatosenoticias.com.br\/index.php\/wp-json\/wp\/v2\/media\/26724"}],"wp:attachment":[{"href":"https:\/\/jornalfatosenoticias.com.br\/index.php\/wp-json\/wp\/v2\/media?parent=26723"}],"wp:term":[{"taxonomy":"category","embeddable":true,"href":"https:\/\/jornalfatosenoticias.com.br\/index.php\/wp-json\/wp\/v2\/categories?post=26723"},{"taxonomy":"post_tag","embeddable":true,"href":"https:\/\/jornalfatosenoticias.com.br\/index.php\/wp-json\/wp\/v2\/tags?post=26723"}],"curies":[{"name":"wp","href":"https:\/\/api.w.org\/{rel}","templated":true}]}}