{"id":26726,"date":"2022-01-12T13:38:17","date_gmt":"2022-01-12T16:38:17","guid":{"rendered":"https:\/\/jornalfatosenoticias.com.br\/?p=26726"},"modified":"2022-01-12T13:38:20","modified_gmt":"2022-01-12T16:38:20","slug":"comportamento-hater-a-depreciacao-e-um-pedido-de-ajuda","status":"publish","type":"post","link":"https:\/\/jornalfatosenoticias.com.br\/index.php\/2022\/01\/12\/comportamento-hater-a-depreciacao-e-um-pedido-de-ajuda\/","title":{"rendered":"Comportamento hater: a deprecia\u00e7\u00e3o \u00e9 um pedido de ajuda"},"content":{"rendered":"\n<p>Desde que houve uma populariza\u00e7\u00e3o massiva das redes sociais e do uso da internet, as pessoas ficaram cada vez mais familiarizadas com o termo <em>hater,<\/em> que designa pessoas que ficam on-line <strong>tecendo coment\u00e1rios maldosos<\/strong> sobre famosos ou outras pessoas comuns sem ter nenhum interesse aparente por tr\u00e1s disso. Esse comportamento j\u00e1 foi avaliado por diversos especialistas e personalidades importantes do mundo digital j\u00e1 se pronunciaram publicamente sobre preju\u00edzos f\u00edsicos e emocionais desenvolvidos pelas constantes cr\u00edticas.<br>O ato de depreciar algu\u00e9m esconde necessidades do pr\u00f3prio <em>hater <\/em>de chamar aten\u00e7\u00e3o. Afinal, voc\u00ea pode depreciar aquele youtuber ruim pelo conte\u00fado in\u00fatil ou errado, ou seja, a maioria. Mas algu\u00e9m com conhecimento vai perder tempo depreciando este youtuber? Essas pessoas nem ao menos v\u00e3o ter paci\u00eancia para se fixar no canal. Pessoas inteligentes tendem a ser impacientes com conte\u00fados in\u00fateis.<br>Mesmo que as pessoas justifiquem tais atitudes depreciativas como uma forma de manifesta\u00e7\u00e3o para &#8220;mudar o mundo&#8221;, isso n\u00e3o desconfigura a necessidade e a busca por aten\u00e7\u00e3o. Pois pessoas autossuficientes ignoram o que n\u00e3o soma. Isso ocorre pela economia de energia do c\u00e9rebro, que opta por gastar em coisas mais eficientes e \u00fateis. Quanto mais inteligente a pessoa, maior o gasto de energia no c\u00e9rebro. Desvendar, aprender, raciocinar, prever, criar metas \u2014 tudo isso exige um alto gasto de energia. Essa condi\u00e7\u00e3o tamb\u00e9m exige otimiza\u00e7\u00e3o do tempo, aproveitando-o ao m\u00e1ximo em todas as circunst\u00e2ncias.<\/p>\n\n\n\n<figure class=\"wp-block-image size-large\"><img loading=\"lazy\" decoding=\"async\" width=\"1000\" height=\"667\" src=\"https:\/\/jornalfatosenoticias.com.br\/wp-content\/uploads\/2022\/01\/hater2.jpg\" alt=\"\" class=\"wp-image-26728\" srcset=\"https:\/\/jornalfatosenoticias.com.br\/wp-content\/uploads\/2022\/01\/hater2.jpg 1000w, https:\/\/jornalfatosenoticias.com.br\/wp-content\/uploads\/2022\/01\/hater2-300x200.jpg 300w, https:\/\/jornalfatosenoticias.com.br\/wp-content\/uploads\/2022\/01\/hater2-768x512.jpg 768w\" sizes=\"auto, (max-width: 1000px) 100vw, 1000px\" \/><figcaption><em><span class=\"has-inline-color has-black-color\">(Foto: Shutterstock)<\/span><\/em><\/figcaption><\/figure>\n\n\n\n<p><strong><span class=\"has-inline-color has-black-color\">&#8220;Eu tenho raz\u00e3o&#8221;<br><\/span><\/strong>Ao acreditar &#8220;ter raz\u00e3o em algo&#8221;, o c\u00e9rebro do <em>hater<\/em> pode liberar neurotransmissores relacionados ao comportamento instintivo, aceita\u00e7\u00e3o e narcisismo. Isso tem v\u00ednculo com a sobreviv\u00eancia, j\u00e1 que, quando aceito, n\u00e3o se est\u00e1 s\u00f3 e n\u00e3o estar s\u00f3 aumenta a sensa\u00e7\u00e3o de seguran\u00e7a. O medo da solid\u00e3o tem rela\u00e7\u00e3o com a evolu\u00e7\u00e3o do c\u00e9rebro. Quanto mais desenvolvido o lobo frontal, menor o medo e maior, inclusive, a procura pela solid\u00e3o.<br>Na verdade, a sensibilidade para a empatia de quem n\u00e3o julga est\u00e1 relacionada n\u00e3o apenas \u00e0 vontade, mas ao pensamento sobre as nuances da a\u00e7\u00e3o, principalmente de como ser\u00e1 visto o julgamento, assim como o quanto afetar\u00e1 o atingido. No fim, toda a\u00e7\u00e3o tem uma rea\u00e7\u00e3o e pessoas ocupadas, satisfeitas, que precisam otimizar o tempo, sabem os riscos de um coment\u00e1rio depreciativo e suas consequ\u00eancias.<\/p>\n\n\n\n<p><strong><em>Fonte: <a href=\"https:\/\/www.megacurioso.com.br\/saude-bem-estar\/120863-comportamento-hater-a-depreciacao-e-um-pedido-de-ajuda.htm\">Mega Curioso<\/a><\/em><\/strong><\/p>\n","protected":false},"excerpt":{"rendered":"<p>Desde que houve uma populariza\u00e7\u00e3o massiva das redes sociais e do uso da internet, as pessoas ficaram cada vez mais familiarizadas com o termo hater, que designa pessoas que ficam on-line tecendo coment\u00e1rios maldosos sobre famosos ou outras pessoas comuns sem ter nenhum interesse aparente por tr\u00e1s disso. Esse comportamento j\u00e1 foi avaliado por diversos [&hellip;]<\/p>\n","protected":false},"author":2,"featured_media":26727,"comment_status":"open","ping_status":"open","sticky":false,"template":"","format":"standard","meta":{"footnotes":""},"categories":[2522],"tags":[2336,1400,12853,12855,12854],"class_list":["post-26726","post","type-post","status-publish","format-standard","has-post-thumbnail","hentry","category-comportamento","tag-cerebro","tag-comportamento","tag-comportamento-hater","tag-depreciacao","tag-hater"],"yoast_head":"<!-- This site is optimized with the Yoast SEO plugin v26.5 - https:\/\/yoast.com\/wordpress\/plugins\/seo\/ -->\n<title>Comportamento hater: a deprecia\u00e7\u00e3o \u00e9 um pedido de ajuda - Jornal Fatos e Not\u00edcias<\/title>\n<meta name=\"robots\" content=\"index, follow, max-snippet:-1, max-image-preview:large, max-video-preview:-1\" \/>\n<link rel=\"canonical\" href=\"https:\/\/jornalfatosenoticias.com.br\/index.php\/2022\/01\/12\/comportamento-hater-a-depreciacao-e-um-pedido-de-ajuda\/\" \/>\n<meta property=\"og:locale\" content=\"pt_BR\" \/>\n<meta property=\"og:type\" content=\"article\" \/>\n<meta property=\"og:title\" content=\"Comportamento hater: a deprecia\u00e7\u00e3o \u00e9 um pedido de ajuda - Jornal Fatos e Not\u00edcias\" \/>\n<meta property=\"og:description\" content=\"Desde que houve uma populariza\u00e7\u00e3o massiva das redes sociais e do uso da internet, as pessoas ficaram cada vez mais familiarizadas com o termo hater, que designa pessoas que ficam on-line tecendo coment\u00e1rios maldosos sobre famosos ou outras pessoas comuns sem ter nenhum interesse aparente por tr\u00e1s disso. Esse comportamento j\u00e1 foi avaliado por diversos [&hellip;]\" \/>\n<meta property=\"og:url\" content=\"https:\/\/jornalfatosenoticias.com.br\/index.php\/2022\/01\/12\/comportamento-hater-a-depreciacao-e-um-pedido-de-ajuda\/\" \/>\n<meta property=\"og:site_name\" content=\"Jornal Fatos e Not\u00edcias\" \/>\n<meta property=\"article:published_time\" content=\"2022-01-12T16:38:17+00:00\" \/>\n<meta property=\"article:modified_time\" content=\"2022-01-12T16:38:20+00:00\" \/>\n<meta property=\"og:image\" content=\"https:\/\/jornalfatosenoticias.com.br\/wp-content\/uploads\/2022\/01\/hater1.jpg\" \/>\n\t<meta property=\"og:image:width\" content=\"1000\" \/>\n\t<meta property=\"og:image:height\" content=\"500\" \/>\n\t<meta property=\"og:image:type\" content=\"image\/jpeg\" \/>\n<meta name=\"author\" content=\"Luzimara Fernandes\" \/>\n<meta name=\"twitter:card\" content=\"summary_large_image\" \/>\n<meta name=\"twitter:label1\" content=\"Escrito por\" \/>\n\t<meta name=\"twitter:data1\" content=\"Luzimara Fernandes\" \/>\n\t<meta name=\"twitter:label2\" content=\"Est. tempo de leitura\" \/>\n\t<meta name=\"twitter:data2\" content=\"2 minutos\" \/>\n<script type=\"application\/ld+json\" class=\"yoast-schema-graph\">{\"@context\":\"https:\/\/schema.org\",\"@graph\":[{\"@type\":\"Article\",\"@id\":\"https:\/\/jornalfatosenoticias.com.br\/index.php\/2022\/01\/12\/comportamento-hater-a-depreciacao-e-um-pedido-de-ajuda\/#article\",\"isPartOf\":{\"@id\":\"https:\/\/jornalfatosenoticias.com.br\/index.php\/2022\/01\/12\/comportamento-hater-a-depreciacao-e-um-pedido-de-ajuda\/\"},\"author\":{\"name\":\"Luzimara Fernandes\",\"@id\":\"https:\/\/jornalfatosenoticias.com.br\/#\/schema\/person\/d63837fa13ac8666eb9e74e0985d6f81\"},\"headline\":\"Comportamento hater: a deprecia\u00e7\u00e3o \u00e9 um pedido de ajuda\",\"datePublished\":\"2022-01-12T16:38:17+00:00\",\"dateModified\":\"2022-01-12T16:38:20+00:00\",\"mainEntityOfPage\":{\"@id\":\"https:\/\/jornalfatosenoticias.com.br\/index.php\/2022\/01\/12\/comportamento-hater-a-depreciacao-e-um-pedido-de-ajuda\/\"},\"wordCount\":429,\"commentCount\":0,\"publisher\":{\"@id\":\"https:\/\/jornalfatosenoticias.com.br\/#organization\"},\"image\":{\"@id\":\"https:\/\/jornalfatosenoticias.com.br\/index.php\/2022\/01\/12\/comportamento-hater-a-depreciacao-e-um-pedido-de-ajuda\/#primaryimage\"},\"thumbnailUrl\":\"https:\/\/jornalfatosenoticias.com.br\/wp-content\/uploads\/2022\/01\/hater1.jpg\",\"keywords\":[\"c\u00e9rebro\",\"comportamento\",\"comportamento hater\",\"deprecia\u00e7\u00e3o\",\"hater\"],\"articleSection\":[\"Comportamento &amp; Equil\u00edbrio\"],\"inLanguage\":\"pt-BR\",\"potentialAction\":[{\"@type\":\"CommentAction\",\"name\":\"Comment\",\"target\":[\"https:\/\/jornalfatosenoticias.com.br\/index.php\/2022\/01\/12\/comportamento-hater-a-depreciacao-e-um-pedido-de-ajuda\/#respond\"]}]},{\"@type\":\"WebPage\",\"@id\":\"https:\/\/jornalfatosenoticias.com.br\/index.php\/2022\/01\/12\/comportamento-hater-a-depreciacao-e-um-pedido-de-ajuda\/\",\"url\":\"https:\/\/jornalfatosenoticias.com.br\/index.php\/2022\/01\/12\/comportamento-hater-a-depreciacao-e-um-pedido-de-ajuda\/\",\"name\":\"Comportamento hater: a deprecia\u00e7\u00e3o \u00e9 um pedido de ajuda - Jornal Fatos e Not\u00edcias\",\"isPartOf\":{\"@id\":\"https:\/\/jornalfatosenoticias.com.br\/#website\"},\"primaryImageOfPage\":{\"@id\":\"https:\/\/jornalfatosenoticias.com.br\/index.php\/2022\/01\/12\/comportamento-hater-a-depreciacao-e-um-pedido-de-ajuda\/#primaryimage\"},\"image\":{\"@id\":\"https:\/\/jornalfatosenoticias.com.br\/index.php\/2022\/01\/12\/comportamento-hater-a-depreciacao-e-um-pedido-de-ajuda\/#primaryimage\"},\"thumbnailUrl\":\"https:\/\/jornalfatosenoticias.com.br\/wp-content\/uploads\/2022\/01\/hater1.jpg\",\"datePublished\":\"2022-01-12T16:38:17+00:00\",\"dateModified\":\"2022-01-12T16:38:20+00:00\",\"breadcrumb\":{\"@id\":\"https:\/\/jornalfatosenoticias.com.br\/index.php\/2022\/01\/12\/comportamento-hater-a-depreciacao-e-um-pedido-de-ajuda\/#breadcrumb\"},\"inLanguage\":\"pt-BR\",\"potentialAction\":[{\"@type\":\"ReadAction\",\"target\":[\"https:\/\/jornalfatosenoticias.com.br\/index.php\/2022\/01\/12\/comportamento-hater-a-depreciacao-e-um-pedido-de-ajuda\/\"]}]},{\"@type\":\"ImageObject\",\"inLanguage\":\"pt-BR\",\"@id\":\"https:\/\/jornalfatosenoticias.com.br\/index.php\/2022\/01\/12\/comportamento-hater-a-depreciacao-e-um-pedido-de-ajuda\/#primaryimage\",\"url\":\"https:\/\/jornalfatosenoticias.com.br\/wp-content\/uploads\/2022\/01\/hater1.jpg\",\"contentUrl\":\"https:\/\/jornalfatosenoticias.com.br\/wp-content\/uploads\/2022\/01\/hater1.jpg\",\"width\":1000,\"height\":500},{\"@type\":\"BreadcrumbList\",\"@id\":\"https:\/\/jornalfatosenoticias.com.br\/index.php\/2022\/01\/12\/comportamento-hater-a-depreciacao-e-um-pedido-de-ajuda\/#breadcrumb\",\"itemListElement\":[{\"@type\":\"ListItem\",\"position\":1,\"name\":\"In\u00edcio\",\"item\":\"https:\/\/jornalfatosenoticias.com.br\/\"},{\"@type\":\"ListItem\",\"position\":2,\"name\":\"Comportamento hater: a deprecia\u00e7\u00e3o \u00e9 um pedido de ajuda\"}]},{\"@type\":\"WebSite\",\"@id\":\"https:\/\/jornalfatosenoticias.com.br\/#website\",\"url\":\"https:\/\/jornalfatosenoticias.com.br\/\",\"name\":\"Jornal Fatos e Not\u00edcias\",\"description\":\"Not\u00edcias em geral\",\"publisher\":{\"@id\":\"https:\/\/jornalfatosenoticias.com.br\/#organization\"},\"potentialAction\":[{\"@type\":\"SearchAction\",\"target\":{\"@type\":\"EntryPoint\",\"urlTemplate\":\"https:\/\/jornalfatosenoticias.com.br\/?s={search_term_string}\"},\"query-input\":{\"@type\":\"PropertyValueSpecification\",\"valueRequired\":true,\"valueName\":\"search_term_string\"}}],\"inLanguage\":\"pt-BR\"},{\"@type\":\"Organization\",\"@id\":\"https:\/\/jornalfatosenoticias.com.br\/#organization\",\"name\":\"Jornal Fatos e Not\u00edcias\",\"url\":\"https:\/\/jornalfatosenoticias.com.br\/\",\"logo\":{\"@type\":\"ImageObject\",\"inLanguage\":\"pt-BR\",\"@id\":\"https:\/\/jornalfatosenoticias.com.br\/#\/schema\/logo\/image\/\",\"url\":\"https:\/\/jornalfatosenoticias.com.br\/wp-content\/uploads\/2020\/02\/logo120.png\",\"contentUrl\":\"https:\/\/jornalfatosenoticias.com.br\/wp-content\/uploads\/2020\/02\/logo120.png\",\"width\":1227,\"height\":120,\"caption\":\"Jornal Fatos e Not\u00edcias\"},\"image\":{\"@id\":\"https:\/\/jornalfatosenoticias.com.br\/#\/schema\/logo\/image\/\"}},{\"@type\":\"Person\",\"@id\":\"https:\/\/jornalfatosenoticias.com.br\/#\/schema\/person\/d63837fa13ac8666eb9e74e0985d6f81\",\"name\":\"Luzimara Fernandes\",\"image\":{\"@type\":\"ImageObject\",\"inLanguage\":\"pt-BR\",\"@id\":\"https:\/\/jornalfatosenoticias.com.br\/#\/schema\/person\/image\/\",\"url\":\"https:\/\/jornalfatosenoticias.com.br\/wp-content\/uploads\/2025\/05\/EU_portal.jpg\",\"contentUrl\":\"https:\/\/jornalfatosenoticias.com.br\/wp-content\/uploads\/2025\/05\/EU_portal.jpg\",\"caption\":\"Luzimara Fernandes\"},\"description\":\"Jornalista MTB 2358-ES\",\"sameAs\":[\"https:\/\/jornalfatosenoticias.com.br\"],\"url\":\"https:\/\/jornalfatosenoticias.com.br\/index.php\/author\/luzimara\/\"}]}<\/script>\n<!-- \/ Yoast SEO plugin. -->","yoast_head_json":{"title":"Comportamento hater: a deprecia\u00e7\u00e3o \u00e9 um pedido de ajuda - Jornal Fatos e Not\u00edcias","robots":{"index":"index","follow":"follow","max-snippet":"max-snippet:-1","max-image-preview":"max-image-preview:large","max-video-preview":"max-video-preview:-1"},"canonical":"https:\/\/jornalfatosenoticias.com.br\/index.php\/2022\/01\/12\/comportamento-hater-a-depreciacao-e-um-pedido-de-ajuda\/","og_locale":"pt_BR","og_type":"article","og_title":"Comportamento hater: a deprecia\u00e7\u00e3o \u00e9 um pedido de ajuda - Jornal Fatos e Not\u00edcias","og_description":"Desde que houve uma populariza\u00e7\u00e3o massiva das redes sociais e do uso da internet, as pessoas ficaram cada vez mais familiarizadas com o termo hater, que designa pessoas que ficam on-line tecendo coment\u00e1rios maldosos sobre famosos ou outras pessoas comuns sem ter nenhum interesse aparente por tr\u00e1s disso. Esse comportamento j\u00e1 foi avaliado por diversos [&hellip;]","og_url":"https:\/\/jornalfatosenoticias.com.br\/index.php\/2022\/01\/12\/comportamento-hater-a-depreciacao-e-um-pedido-de-ajuda\/","og_site_name":"Jornal Fatos e Not\u00edcias","article_published_time":"2022-01-12T16:38:17+00:00","article_modified_time":"2022-01-12T16:38:20+00:00","og_image":[{"width":1000,"height":500,"url":"https:\/\/jornalfatosenoticias.com.br\/wp-content\/uploads\/2022\/01\/hater1.jpg","type":"image\/jpeg"}],"author":"Luzimara Fernandes","twitter_card":"summary_large_image","twitter_misc":{"Escrito por":"Luzimara Fernandes","Est. tempo de leitura":"2 minutos"},"schema":{"@context":"https:\/\/schema.org","@graph":[{"@type":"Article","@id":"https:\/\/jornalfatosenoticias.com.br\/index.php\/2022\/01\/12\/comportamento-hater-a-depreciacao-e-um-pedido-de-ajuda\/#article","isPartOf":{"@id":"https:\/\/jornalfatosenoticias.com.br\/index.php\/2022\/01\/12\/comportamento-hater-a-depreciacao-e-um-pedido-de-ajuda\/"},"author":{"name":"Luzimara Fernandes","@id":"https:\/\/jornalfatosenoticias.com.br\/#\/schema\/person\/d63837fa13ac8666eb9e74e0985d6f81"},"headline":"Comportamento hater: a deprecia\u00e7\u00e3o \u00e9 um pedido de ajuda","datePublished":"2022-01-12T16:38:17+00:00","dateModified":"2022-01-12T16:38:20+00:00","mainEntityOfPage":{"@id":"https:\/\/jornalfatosenoticias.com.br\/index.php\/2022\/01\/12\/comportamento-hater-a-depreciacao-e-um-pedido-de-ajuda\/"},"wordCount":429,"commentCount":0,"publisher":{"@id":"https:\/\/jornalfatosenoticias.com.br\/#organization"},"image":{"@id":"https:\/\/jornalfatosenoticias.com.br\/index.php\/2022\/01\/12\/comportamento-hater-a-depreciacao-e-um-pedido-de-ajuda\/#primaryimage"},"thumbnailUrl":"https:\/\/jornalfatosenoticias.com.br\/wp-content\/uploads\/2022\/01\/hater1.jpg","keywords":["c\u00e9rebro","comportamento","comportamento hater","deprecia\u00e7\u00e3o","hater"],"articleSection":["Comportamento &amp; Equil\u00edbrio"],"inLanguage":"pt-BR","potentialAction":[{"@type":"CommentAction","name":"Comment","target":["https:\/\/jornalfatosenoticias.com.br\/index.php\/2022\/01\/12\/comportamento-hater-a-depreciacao-e-um-pedido-de-ajuda\/#respond"]}]},{"@type":"WebPage","@id":"https:\/\/jornalfatosenoticias.com.br\/index.php\/2022\/01\/12\/comportamento-hater-a-depreciacao-e-um-pedido-de-ajuda\/","url":"https:\/\/jornalfatosenoticias.com.br\/index.php\/2022\/01\/12\/comportamento-hater-a-depreciacao-e-um-pedido-de-ajuda\/","name":"Comportamento hater: a deprecia\u00e7\u00e3o \u00e9 um pedido de ajuda - Jornal Fatos e Not\u00edcias","isPartOf":{"@id":"https:\/\/jornalfatosenoticias.com.br\/#website"},"primaryImageOfPage":{"@id":"https:\/\/jornalfatosenoticias.com.br\/index.php\/2022\/01\/12\/comportamento-hater-a-depreciacao-e-um-pedido-de-ajuda\/#primaryimage"},"image":{"@id":"https:\/\/jornalfatosenoticias.com.br\/index.php\/2022\/01\/12\/comportamento-hater-a-depreciacao-e-um-pedido-de-ajuda\/#primaryimage"},"thumbnailUrl":"https:\/\/jornalfatosenoticias.com.br\/wp-content\/uploads\/2022\/01\/hater1.jpg","datePublished":"2022-01-12T16:38:17+00:00","dateModified":"2022-01-12T16:38:20+00:00","breadcrumb":{"@id":"https:\/\/jornalfatosenoticias.com.br\/index.php\/2022\/01\/12\/comportamento-hater-a-depreciacao-e-um-pedido-de-ajuda\/#breadcrumb"},"inLanguage":"pt-BR","potentialAction":[{"@type":"ReadAction","target":["https:\/\/jornalfatosenoticias.com.br\/index.php\/2022\/01\/12\/comportamento-hater-a-depreciacao-e-um-pedido-de-ajuda\/"]}]},{"@type":"ImageObject","inLanguage":"pt-BR","@id":"https:\/\/jornalfatosenoticias.com.br\/index.php\/2022\/01\/12\/comportamento-hater-a-depreciacao-e-um-pedido-de-ajuda\/#primaryimage","url":"https:\/\/jornalfatosenoticias.com.br\/wp-content\/uploads\/2022\/01\/hater1.jpg","contentUrl":"https:\/\/jornalfatosenoticias.com.br\/wp-content\/uploads\/2022\/01\/hater1.jpg","width":1000,"height":500},{"@type":"BreadcrumbList","@id":"https:\/\/jornalfatosenoticias.com.br\/index.php\/2022\/01\/12\/comportamento-hater-a-depreciacao-e-um-pedido-de-ajuda\/#breadcrumb","itemListElement":[{"@type":"ListItem","position":1,"name":"In\u00edcio","item":"https:\/\/jornalfatosenoticias.com.br\/"},{"@type":"ListItem","position":2,"name":"Comportamento hater: a deprecia\u00e7\u00e3o \u00e9 um pedido de ajuda"}]},{"@type":"WebSite","@id":"https:\/\/jornalfatosenoticias.com.br\/#website","url":"https:\/\/jornalfatosenoticias.com.br\/","name":"Jornal Fatos e Not\u00edcias","description":"Not\u00edcias em geral","publisher":{"@id":"https:\/\/jornalfatosenoticias.com.br\/#organization"},"potentialAction":[{"@type":"SearchAction","target":{"@type":"EntryPoint","urlTemplate":"https:\/\/jornalfatosenoticias.com.br\/?s={search_term_string}"},"query-input":{"@type":"PropertyValueSpecification","valueRequired":true,"valueName":"search_term_string"}}],"inLanguage":"pt-BR"},{"@type":"Organization","@id":"https:\/\/jornalfatosenoticias.com.br\/#organization","name":"Jornal Fatos e Not\u00edcias","url":"https:\/\/jornalfatosenoticias.com.br\/","logo":{"@type":"ImageObject","inLanguage":"pt-BR","@id":"https:\/\/jornalfatosenoticias.com.br\/#\/schema\/logo\/image\/","url":"https:\/\/jornalfatosenoticias.com.br\/wp-content\/uploads\/2020\/02\/logo120.png","contentUrl":"https:\/\/jornalfatosenoticias.com.br\/wp-content\/uploads\/2020\/02\/logo120.png","width":1227,"height":120,"caption":"Jornal Fatos e Not\u00edcias"},"image":{"@id":"https:\/\/jornalfatosenoticias.com.br\/#\/schema\/logo\/image\/"}},{"@type":"Person","@id":"https:\/\/jornalfatosenoticias.com.br\/#\/schema\/person\/d63837fa13ac8666eb9e74e0985d6f81","name":"Luzimara Fernandes","image":{"@type":"ImageObject","inLanguage":"pt-BR","@id":"https:\/\/jornalfatosenoticias.com.br\/#\/schema\/person\/image\/","url":"https:\/\/jornalfatosenoticias.com.br\/wp-content\/uploads\/2025\/05\/EU_portal.jpg","contentUrl":"https:\/\/jornalfatosenoticias.com.br\/wp-content\/uploads\/2025\/05\/EU_portal.jpg","caption":"Luzimara Fernandes"},"description":"Jornalista MTB 2358-ES","sameAs":["https:\/\/jornalfatosenoticias.com.br"],"url":"https:\/\/jornalfatosenoticias.com.br\/index.php\/author\/luzimara\/"}]}},"cc_featured_image_caption":{"caption_text":"(Foto: Shutterstock) \r\n","source_text":"","source_url":""},"jetpack_featured_media_url":"https:\/\/jornalfatosenoticias.com.br\/wp-content\/uploads\/2022\/01\/hater1.jpg","_links":{"self":[{"href":"https:\/\/jornalfatosenoticias.com.br\/index.php\/wp-json\/wp\/v2\/posts\/26726","targetHints":{"allow":["GET"]}}],"collection":[{"href":"https:\/\/jornalfatosenoticias.com.br\/index.php\/wp-json\/wp\/v2\/posts"}],"about":[{"href":"https:\/\/jornalfatosenoticias.com.br\/index.php\/wp-json\/wp\/v2\/types\/post"}],"author":[{"embeddable":true,"href":"https:\/\/jornalfatosenoticias.com.br\/index.php\/wp-json\/wp\/v2\/users\/2"}],"replies":[{"embeddable":true,"href":"https:\/\/jornalfatosenoticias.com.br\/index.php\/wp-json\/wp\/v2\/comments?post=26726"}],"version-history":[{"count":0,"href":"https:\/\/jornalfatosenoticias.com.br\/index.php\/wp-json\/wp\/v2\/posts\/26726\/revisions"}],"wp:featuredmedia":[{"embeddable":true,"href":"https:\/\/jornalfatosenoticias.com.br\/index.php\/wp-json\/wp\/v2\/media\/26727"}],"wp:attachment":[{"href":"https:\/\/jornalfatosenoticias.com.br\/index.php\/wp-json\/wp\/v2\/media?parent=26726"}],"wp:term":[{"taxonomy":"category","embeddable":true,"href":"https:\/\/jornalfatosenoticias.com.br\/index.php\/wp-json\/wp\/v2\/categories?post=26726"},{"taxonomy":"post_tag","embeddable":true,"href":"https:\/\/jornalfatosenoticias.com.br\/index.php\/wp-json\/wp\/v2\/tags?post=26726"}],"curies":[{"name":"wp","href":"https:\/\/api.w.org\/{rel}","templated":true}]}}