{"id":2676,"date":"2020-04-02T15:59:06","date_gmt":"2020-04-02T18:59:06","guid":{"rendered":"https:\/\/jornalfatosenoticias.com.br\/?p=2676"},"modified":"2020-04-02T15:59:13","modified_gmt":"2020-04-02T18:59:13","slug":"jovem-se-destaca-ao-defender-em-redes-sociais-a-educacao-e-o-zelo-pelo-dinheiro-publico","status":"publish","type":"post","link":"https:\/\/jornalfatosenoticias.com.br\/index.php\/2020\/04\/02\/jovem-se-destaca-ao-defender-em-redes-sociais-a-educacao-e-o-zelo-pelo-dinheiro-publico\/","title":{"rendered":"Jovem se destaca ao defender, em redes sociais, a educa\u00e7\u00e3o e o zelo pelo dinheiro p\u00fablico"},"content":{"rendered":"\n<h6 class=\"wp-block-heading\"><em>Miqu\u00e9ias da Silva Francisco, vem ganhando notoriedade ao relatar, em suas redes sociais, a insatisfa\u00e7\u00e3o dos moradores da comunidade de Jardim Carapina<\/em><\/h6>\n\n\n\n<p>Miqu\u00e9ias da Silva Francisco, morador h\u00e1 vinte e oito anos do munic\u00edpio da Serra, vem ganhando notoriedade no munic\u00edpio ao relatar, em suas redes sociais, a insatisfa\u00e7\u00e3o dos moradores da comunidade de Jardim Carapina em rela\u00e7\u00e3o a \u00e1reas importantes como educa\u00e7\u00e3o e infraestrutura e pedir esclarecimentos ao prefeito Audifax Barcelos a respeito da obra que est\u00e1 sendo feita na galeria que, segundo Miqu\u00e9ias, de acordo com o Portal da Transpar\u00eancia, a obra j\u00e1 foi paga na sua totalidade e agora est\u00e3o sendo pagos mais R$ 900 mil para conclus\u00e3o da mesma obra.<br>\u201cObservo que a popula\u00e7\u00e3o da comunidade tem dois grandes problemas na educa\u00e7\u00e3o. O primeiro \u00e9 o ensino m\u00e9dio, que h\u00e1 anos a comunidade vem lutando para que os governos ofertem esse n\u00edvel de ensino. A popula\u00e7\u00e3o j\u00e1 passa dos 30 mil habitantes, ent\u00e3o, h\u00e1 demanda, e at\u00e9 hoje nada foi feito. Quando converso com as mulheres\/m\u00e3es, elas s\u00e3o as primeiras a frisarem essa necessidade. S\u00e3o v\u00e1rios jovens e adultos que saem do bairro para estudar em bairros vizinhos. Percorrem dist\u00e2ncias em hor\u00e1rios perigosos, se expondo a todo tipo de viol\u00eancia. Temos escolas com \u00f3tima estrutura f\u00edsica, o Padre Gabriel e o Jo\u00e3o Paulo, s\u00e3o exemplos. O que falta \u00e9 boa vontade e um modelo de gest\u00e3o mais humanizado. Estamos falando de crian\u00e7as, rapazes e mo\u00e7as que o poder p\u00fablico tem o dever de amparar e oferecer dignidade. Da forma como est\u00e3o fazendo, est\u00e3o condenando o futuro dos nossos jovens\u201d.<br>Outra vergonha, segundo Miqu\u00e9ias, \u00e9 a EMEF Espa\u00e7o Alternativo. \u201c\u00c9 um pr\u00e9dio \u2018adaptado\u2019, as instala\u00e7\u00f5es s\u00e3o prec\u00e1rias, esgoto corre a c\u00e9u aberto, em dias de chuva, os pais s\u00e3o obrigados a pegarem seus filhos porque alaga tudo. As condi\u00e7\u00f5es s\u00e3o muito ruins, fica dif\u00edcil uma crian\u00e7a se concentrar para estudar. A prefeitura paga aluguel por um pr\u00e9dio totalmente fora dos padr\u00f5es exigidos pelo Conselho Estadual de Educa\u00e7\u00e3o (CEE). Gostaria de saber o valor desse aluguel\u201d, questiona.<\/p>\n\n\n\n<figure class=\"wp-block-image size-large\"><img loading=\"lazy\" decoding=\"async\" width=\"1000\" height=\"624\" src=\"https:\/\/jornalfatosenoticias.com.br\/wp-content\/uploads\/2020\/04\/Miqueias-343-placa.jpg\" alt=\"\" class=\"wp-image-2677\" srcset=\"https:\/\/jornalfatosenoticias.com.br\/wp-content\/uploads\/2020\/04\/Miqueias-343-placa.jpg 1000w, https:\/\/jornalfatosenoticias.com.br\/wp-content\/uploads\/2020\/04\/Miqueias-343-placa-300x187.jpg 300w, https:\/\/jornalfatosenoticias.com.br\/wp-content\/uploads\/2020\/04\/Miqueias-343-placa-768x479.jpg 768w\" sizes=\"auto, (max-width: 1000px) 100vw, 1000px\" \/><figcaption><em>Placa indicando o valor da obra que contorna o bairro Jardim Carapina (Foto: Reprodu\u00e7\u00e3o)<\/em><\/figcaption><\/figure>\n\n\n\n<p>\u201cNesta segunda (30), postei no meu Facebook uma coisa que me causou estranheza\u2026 muito suspeita. Trata-se da obra de drenagem, pavimenta\u00e7\u00e3o, sinaliza\u00e7\u00e3o e cal\u00e7amento da Av. Presidente Dutra, a famosa rua da Galeria. \u00c9 uma avenida que corta o bairro, tem 1,5 km de extens\u00e3o e em 2018 foi feita uma licita\u00e7\u00e3o para execu\u00e7\u00e3o dessa obra e a empresa vencedora foi a Rocco Construtora e Incorporadora Ltda., que tem sede em Jardim Tropical, aqui no munic\u00edpio. Ela iniciou essa obra de 1,5 km, foi pago pela obra contratada R$ 1,4 milh\u00e3o, conforme constava na placa informativa, fala num ato de solenidade e no Portal da Transpar\u00eancia da Prefeitura. Eu e outros moradores acompanhamos o in\u00edcio da obra cobrando agilidade e qualidade no servi\u00e7o e do material usado. Por termos acompanhado, sabemos com propriedade que a obra foi paga e o mais interessante \u00e9 que, quando medimos a Avenida Presidente Dutra, constatamos que ela tem realmente 1,5 km de uma extens\u00e3o de uma ponta \u00e0 outra, mas a obra foi paralisada no cruzamento da Galeria com a Av. Castro Alves (Rua 11), foi feito apenas 1,1 km, ficaram faltando 400 metros\u201d, explica.<\/p>\n\n\n\n<figure class=\"wp-block-image size-large\"><img loading=\"lazy\" decoding=\"async\" width=\"1000\" height=\"750\" src=\"https:\/\/jornalfatosenoticias.com.br\/wp-content\/uploads\/2020\/04\/Espa\u00e7o-Alternativo-343.jpg\" alt=\"\" class=\"wp-image-2678\" srcset=\"https:\/\/jornalfatosenoticias.com.br\/wp-content\/uploads\/2020\/04\/Espa\u00e7o-Alternativo-343.jpg 1000w, https:\/\/jornalfatosenoticias.com.br\/wp-content\/uploads\/2020\/04\/Espa\u00e7o-Alternativo-343-300x225.jpg 300w, https:\/\/jornalfatosenoticias.com.br\/wp-content\/uploads\/2020\/04\/Espa\u00e7o-Alternativo-343-768x576.jpg 768w\" sizes=\"auto, (max-width: 1000px) 100vw, 1000px\" \/><figcaption><em>EMEF Espa\u00e7o Alternativo, local n\u00e3o tem infraestrutura para atender adequadamente \u00e0s crian\u00e7as (Foto: Divulga\u00e7\u00e3o)<\/em><\/figcaption><\/figure>\n\n\n\n<p>\u201cDepois de quase um ano de paralisa\u00e7\u00e3o, o prefeito Audifax Barcelos volta a mexer na avenida com outra empresa de nome Mar &amp; Sol Servi\u00e7os de Constru\u00e7\u00e3o Civil, com um custo adicional de R$ 900.700,00 para conclus\u00e3o dos 400 metros restantes. \u00c9 uma situa\u00e7\u00e3o que levanta suspeita, haja visto que, a obra contratada de 1,5km, tenha sido paga no primeiro contrato\u201d, disse Miqu\u00e9ias, acrescentando. \u201cAproveitando o espa\u00e7o dado a mim pelo Fatos &amp; Not\u00edcias, quero fazer tr\u00eas perguntas ao prefeito: por que a obra foi paralisada, j\u00e1 que tinha sida paga, conforme consta no Portal da Transpar\u00eancia? Se foi paga, e se a Rocca n\u00e3o cumpriu o contrato, por que ela continua ganhando licita\u00e7\u00f5es e prestando servi\u00e7os ao munic\u00edpio e, por \u00faltimo, por que a obra foi reiniciada com o valor adicional de quase R$ 1 milh\u00e3o, j\u00e1 que tinha sido totalmente paga? Se o prefeito n\u00e3o der explica\u00e7\u00e3o, acionaremos o Minist\u00e9rio P\u00fablico (MP). O dinheiro p\u00fablico tem que ser administrado com responsabilidade\u201d, alerta.<\/p>\n","protected":false},"excerpt":{"rendered":"<p>Miqu\u00e9ias da Silva Francisco, vem ganhando notoriedade ao relatar, em suas redes sociais, a insatisfa\u00e7\u00e3o dos moradores da comunidade de Jardim Carapina Miqu\u00e9ias da Silva Francisco, morador h\u00e1 vinte e oito anos do munic\u00edpio da Serra, vem ganhando notoriedade no munic\u00edpio ao relatar, em suas redes sociais, a insatisfa\u00e7\u00e3o dos moradores da comunidade de Jardim [&hellip;]<\/p>\n","protected":false},"author":3,"featured_media":2679,"comment_status":"open","ping_status":"open","sticky":false,"template":"","format":"standard","meta":{"footnotes":""},"categories":[10],"tags":[1309,1314,1311,1313,1316,1310,1312,1315],"class_list":["post-2676","post","type-post","status-publish","format-standard","has-post-thumbnail","hentry","category-politica","tag-dinheiro-publico","tag-execucao","tag-jardim-carapina","tag-licitacao","tag-miqueias","tag-obras","tag-suspeita","tag-transparencia"],"yoast_head":"<!-- This site is optimized with the Yoast SEO plugin v26.5 - https:\/\/yoast.com\/wordpress\/plugins\/seo\/ -->\n<title>Jovem se destaca ao defender, em redes sociais, a educa\u00e7\u00e3o e o zelo pelo dinheiro p\u00fablico - Jornal Fatos e Not\u00edcias<\/title>\n<meta name=\"robots\" content=\"index, follow, max-snippet:-1, max-image-preview:large, max-video-preview:-1\" \/>\n<link rel=\"canonical\" href=\"https:\/\/jornalfatosenoticias.com.br\/index.php\/2020\/04\/02\/jovem-se-destaca-ao-defender-em-redes-sociais-a-educacao-e-o-zelo-pelo-dinheiro-publico\/\" \/>\n<meta property=\"og:locale\" content=\"pt_BR\" \/>\n<meta property=\"og:type\" content=\"article\" \/>\n<meta property=\"og:title\" content=\"Jovem se destaca ao defender, em redes sociais, a educa\u00e7\u00e3o e o zelo pelo dinheiro p\u00fablico - Jornal Fatos e Not\u00edcias\" \/>\n<meta property=\"og:description\" content=\"Miqu\u00e9ias da Silva Francisco, vem ganhando notoriedade ao relatar, em suas redes sociais, a insatisfa\u00e7\u00e3o dos moradores da comunidade de Jardim Carapina Miqu\u00e9ias da Silva Francisco, morador h\u00e1 vinte e oito anos do munic\u00edpio da Serra, vem ganhando notoriedade no munic\u00edpio ao relatar, em suas redes sociais, a insatisfa\u00e7\u00e3o dos moradores da comunidade de Jardim [&hellip;]\" \/>\n<meta property=\"og:url\" content=\"https:\/\/jornalfatosenoticias.com.br\/index.php\/2020\/04\/02\/jovem-se-destaca-ao-defender-em-redes-sociais-a-educacao-e-o-zelo-pelo-dinheiro-publico\/\" \/>\n<meta property=\"og:site_name\" content=\"Jornal Fatos e Not\u00edcias\" \/>\n<meta property=\"article:published_time\" content=\"2020-04-02T18:59:06+00:00\" \/>\n<meta property=\"article:modified_time\" content=\"2020-04-02T18:59:13+00:00\" \/>\n<meta property=\"og:image\" content=\"https:\/\/jornalfatosenoticias.com.br\/wp-content\/uploads\/2020\/04\/Miqueias-e-Haroldo-343.jpg\" \/>\n\t<meta property=\"og:image:width\" content=\"1000\" \/>\n\t<meta property=\"og:image:height\" content=\"724\" \/>\n\t<meta property=\"og:image:type\" content=\"image\/jpeg\" \/>\n<meta name=\"author\" content=\"Haroldo Filho\" \/>\n<meta name=\"twitter:card\" content=\"summary_large_image\" \/>\n<meta name=\"twitter:label1\" content=\"Escrito por\" \/>\n\t<meta name=\"twitter:data1\" content=\"Haroldo Filho\" \/>\n\t<meta name=\"twitter:label2\" content=\"Est. tempo de leitura\" \/>\n\t<meta name=\"twitter:data2\" content=\"4 minutos\" \/>\n<script type=\"application\/ld+json\" class=\"yoast-schema-graph\">{\"@context\":\"https:\/\/schema.org\",\"@graph\":[{\"@type\":\"Article\",\"@id\":\"https:\/\/jornalfatosenoticias.com.br\/index.php\/2020\/04\/02\/jovem-se-destaca-ao-defender-em-redes-sociais-a-educacao-e-o-zelo-pelo-dinheiro-publico\/#article\",\"isPartOf\":{\"@id\":\"https:\/\/jornalfatosenoticias.com.br\/index.php\/2020\/04\/02\/jovem-se-destaca-ao-defender-em-redes-sociais-a-educacao-e-o-zelo-pelo-dinheiro-publico\/\"},\"author\":{\"name\":\"Haroldo Filho\",\"@id\":\"https:\/\/jornalfatosenoticias.com.br\/#\/schema\/person\/05c46cc25b42a5c27e004fb0fa6b4965\"},\"headline\":\"Jovem se destaca ao defender, em redes sociais, a educa\u00e7\u00e3o e o zelo pelo dinheiro p\u00fablico\",\"datePublished\":\"2020-04-02T18:59:06+00:00\",\"dateModified\":\"2020-04-02T18:59:13+00:00\",\"mainEntityOfPage\":{\"@id\":\"https:\/\/jornalfatosenoticias.com.br\/index.php\/2020\/04\/02\/jovem-se-destaca-ao-defender-em-redes-sociais-a-educacao-e-o-zelo-pelo-dinheiro-publico\/\"},\"wordCount\":805,\"commentCount\":0,\"publisher\":{\"@id\":\"https:\/\/jornalfatosenoticias.com.br\/#organization\"},\"image\":{\"@id\":\"https:\/\/jornalfatosenoticias.com.br\/index.php\/2020\/04\/02\/jovem-se-destaca-ao-defender-em-redes-sociais-a-educacao-e-o-zelo-pelo-dinheiro-publico\/#primaryimage\"},\"thumbnailUrl\":\"https:\/\/jornalfatosenoticias.com.br\/wp-content\/uploads\/2020\/04\/Miqueias-e-Haroldo-343.jpg\",\"keywords\":[\"dinheiro p\u00fablico\",\"execu\u00e7\u00e3o\",\"Jardim Carapina\",\"licita\u00e7\u00e3o\",\"Miqu\u00e9ias\",\"obras\",\"suspeita\",\"transpar\u00eancia\"],\"articleSection\":[\"Pol\u00edtica\"],\"inLanguage\":\"pt-BR\",\"potentialAction\":[{\"@type\":\"CommentAction\",\"name\":\"Comment\",\"target\":[\"https:\/\/jornalfatosenoticias.com.br\/index.php\/2020\/04\/02\/jovem-se-destaca-ao-defender-em-redes-sociais-a-educacao-e-o-zelo-pelo-dinheiro-publico\/#respond\"]}]},{\"@type\":\"WebPage\",\"@id\":\"https:\/\/jornalfatosenoticias.com.br\/index.php\/2020\/04\/02\/jovem-se-destaca-ao-defender-em-redes-sociais-a-educacao-e-o-zelo-pelo-dinheiro-publico\/\",\"url\":\"https:\/\/jornalfatosenoticias.com.br\/index.php\/2020\/04\/02\/jovem-se-destaca-ao-defender-em-redes-sociais-a-educacao-e-o-zelo-pelo-dinheiro-publico\/\",\"name\":\"Jovem se destaca ao defender, em redes sociais, a educa\u00e7\u00e3o e o zelo pelo dinheiro p\u00fablico - Jornal Fatos e Not\u00edcias\",\"isPartOf\":{\"@id\":\"https:\/\/jornalfatosenoticias.com.br\/#website\"},\"primaryImageOfPage\":{\"@id\":\"https:\/\/jornalfatosenoticias.com.br\/index.php\/2020\/04\/02\/jovem-se-destaca-ao-defender-em-redes-sociais-a-educacao-e-o-zelo-pelo-dinheiro-publico\/#primaryimage\"},\"image\":{\"@id\":\"https:\/\/jornalfatosenoticias.com.br\/index.php\/2020\/04\/02\/jovem-se-destaca-ao-defender-em-redes-sociais-a-educacao-e-o-zelo-pelo-dinheiro-publico\/#primaryimage\"},\"thumbnailUrl\":\"https:\/\/jornalfatosenoticias.com.br\/wp-content\/uploads\/2020\/04\/Miqueias-e-Haroldo-343.jpg\",\"datePublished\":\"2020-04-02T18:59:06+00:00\",\"dateModified\":\"2020-04-02T18:59:13+00:00\",\"breadcrumb\":{\"@id\":\"https:\/\/jornalfatosenoticias.com.br\/index.php\/2020\/04\/02\/jovem-se-destaca-ao-defender-em-redes-sociais-a-educacao-e-o-zelo-pelo-dinheiro-publico\/#breadcrumb\"},\"inLanguage\":\"pt-BR\",\"potentialAction\":[{\"@type\":\"ReadAction\",\"target\":[\"https:\/\/jornalfatosenoticias.com.br\/index.php\/2020\/04\/02\/jovem-se-destaca-ao-defender-em-redes-sociais-a-educacao-e-o-zelo-pelo-dinheiro-publico\/\"]}]},{\"@type\":\"ImageObject\",\"inLanguage\":\"pt-BR\",\"@id\":\"https:\/\/jornalfatosenoticias.com.br\/index.php\/2020\/04\/02\/jovem-se-destaca-ao-defender-em-redes-sociais-a-educacao-e-o-zelo-pelo-dinheiro-publico\/#primaryimage\",\"url\":\"https:\/\/jornalfatosenoticias.com.br\/wp-content\/uploads\/2020\/04\/Miqueias-e-Haroldo-343.jpg\",\"contentUrl\":\"https:\/\/jornalfatosenoticias.com.br\/wp-content\/uploads\/2020\/04\/Miqueias-e-Haroldo-343.jpg\",\"width\":1000,\"height\":724},{\"@type\":\"BreadcrumbList\",\"@id\":\"https:\/\/jornalfatosenoticias.com.br\/index.php\/2020\/04\/02\/jovem-se-destaca-ao-defender-em-redes-sociais-a-educacao-e-o-zelo-pelo-dinheiro-publico\/#breadcrumb\",\"itemListElement\":[{\"@type\":\"ListItem\",\"position\":1,\"name\":\"In\u00edcio\",\"item\":\"https:\/\/jornalfatosenoticias.com.br\/\"},{\"@type\":\"ListItem\",\"position\":2,\"name\":\"Jovem se destaca ao defender, em redes sociais, a educa\u00e7\u00e3o e o zelo pelo dinheiro p\u00fablico\"}]},{\"@type\":\"WebSite\",\"@id\":\"https:\/\/jornalfatosenoticias.com.br\/#website\",\"url\":\"https:\/\/jornalfatosenoticias.com.br\/\",\"name\":\"Jornal Fatos e Not\u00edcias\",\"description\":\"Not\u00edcias em geral\",\"publisher\":{\"@id\":\"https:\/\/jornalfatosenoticias.com.br\/#organization\"},\"potentialAction\":[{\"@type\":\"SearchAction\",\"target\":{\"@type\":\"EntryPoint\",\"urlTemplate\":\"https:\/\/jornalfatosenoticias.com.br\/?s={search_term_string}\"},\"query-input\":{\"@type\":\"PropertyValueSpecification\",\"valueRequired\":true,\"valueName\":\"search_term_string\"}}],\"inLanguage\":\"pt-BR\"},{\"@type\":\"Organization\",\"@id\":\"https:\/\/jornalfatosenoticias.com.br\/#organization\",\"name\":\"Jornal Fatos e Not\u00edcias\",\"url\":\"https:\/\/jornalfatosenoticias.com.br\/\",\"logo\":{\"@type\":\"ImageObject\",\"inLanguage\":\"pt-BR\",\"@id\":\"https:\/\/jornalfatosenoticias.com.br\/#\/schema\/logo\/image\/\",\"url\":\"https:\/\/jornalfatosenoticias.com.br\/wp-content\/uploads\/2020\/02\/logo120.png\",\"contentUrl\":\"https:\/\/jornalfatosenoticias.com.br\/wp-content\/uploads\/2020\/02\/logo120.png\",\"width\":1227,\"height\":120,\"caption\":\"Jornal Fatos e Not\u00edcias\"},\"image\":{\"@id\":\"https:\/\/jornalfatosenoticias.com.br\/#\/schema\/logo\/image\/\"}},{\"@type\":\"Person\",\"@id\":\"https:\/\/jornalfatosenoticias.com.br\/#\/schema\/person\/05c46cc25b42a5c27e004fb0fa6b4965\",\"name\":\"Haroldo Filho\",\"image\":{\"@type\":\"ImageObject\",\"inLanguage\":\"pt-BR\",\"@id\":\"https:\/\/jornalfatosenoticias.com.br\/#\/schema\/person\/image\/\",\"url\":\"https:\/\/jornalfatosenoticias.com.br\/wp-content\/uploads\/2025\/08\/WhatsApp-Image-2025-08-18-at-15.30.28-150x150.jpeg\",\"contentUrl\":\"https:\/\/jornalfatosenoticias.com.br\/wp-content\/uploads\/2025\/08\/WhatsApp-Image-2025-08-18-at-15.30.28-150x150.jpeg\",\"caption\":\"Haroldo Filho\"},\"description\":\"Jornalista \u2013 DRT: 0003818\/ES Coordenador-geral da ONG Educar para Crescer\",\"url\":\"https:\/\/jornalfatosenoticias.com.br\/index.php\/author\/haroldo\/\"}]}<\/script>\n<!-- \/ Yoast SEO plugin. -->","yoast_head_json":{"title":"Jovem se destaca ao defender, em redes sociais, a educa\u00e7\u00e3o e o zelo pelo dinheiro p\u00fablico - Jornal Fatos e Not\u00edcias","robots":{"index":"index","follow":"follow","max-snippet":"max-snippet:-1","max-image-preview":"max-image-preview:large","max-video-preview":"max-video-preview:-1"},"canonical":"https:\/\/jornalfatosenoticias.com.br\/index.php\/2020\/04\/02\/jovem-se-destaca-ao-defender-em-redes-sociais-a-educacao-e-o-zelo-pelo-dinheiro-publico\/","og_locale":"pt_BR","og_type":"article","og_title":"Jovem se destaca ao defender, em redes sociais, a educa\u00e7\u00e3o e o zelo pelo dinheiro p\u00fablico - Jornal Fatos e Not\u00edcias","og_description":"Miqu\u00e9ias da Silva Francisco, vem ganhando notoriedade ao relatar, em suas redes sociais, a insatisfa\u00e7\u00e3o dos moradores da comunidade de Jardim Carapina Miqu\u00e9ias da Silva Francisco, morador h\u00e1 vinte e oito anos do munic\u00edpio da Serra, vem ganhando notoriedade no munic\u00edpio ao relatar, em suas redes sociais, a insatisfa\u00e7\u00e3o dos moradores da comunidade de Jardim [&hellip;]","og_url":"https:\/\/jornalfatosenoticias.com.br\/index.php\/2020\/04\/02\/jovem-se-destaca-ao-defender-em-redes-sociais-a-educacao-e-o-zelo-pelo-dinheiro-publico\/","og_site_name":"Jornal Fatos e Not\u00edcias","article_published_time":"2020-04-02T18:59:06+00:00","article_modified_time":"2020-04-02T18:59:13+00:00","og_image":[{"width":1000,"height":724,"url":"https:\/\/jornalfatosenoticias.com.br\/wp-content\/uploads\/2020\/04\/Miqueias-e-Haroldo-343.jpg","type":"image\/jpeg"}],"author":"Haroldo Filho","twitter_card":"summary_large_image","twitter_misc":{"Escrito por":"Haroldo Filho","Est. tempo de leitura":"4 minutos"},"schema":{"@context":"https:\/\/schema.org","@graph":[{"@type":"Article","@id":"https:\/\/jornalfatosenoticias.com.br\/index.php\/2020\/04\/02\/jovem-se-destaca-ao-defender-em-redes-sociais-a-educacao-e-o-zelo-pelo-dinheiro-publico\/#article","isPartOf":{"@id":"https:\/\/jornalfatosenoticias.com.br\/index.php\/2020\/04\/02\/jovem-se-destaca-ao-defender-em-redes-sociais-a-educacao-e-o-zelo-pelo-dinheiro-publico\/"},"author":{"name":"Haroldo Filho","@id":"https:\/\/jornalfatosenoticias.com.br\/#\/schema\/person\/05c46cc25b42a5c27e004fb0fa6b4965"},"headline":"Jovem se destaca ao defender, em redes sociais, a educa\u00e7\u00e3o e o zelo pelo dinheiro p\u00fablico","datePublished":"2020-04-02T18:59:06+00:00","dateModified":"2020-04-02T18:59:13+00:00","mainEntityOfPage":{"@id":"https:\/\/jornalfatosenoticias.com.br\/index.php\/2020\/04\/02\/jovem-se-destaca-ao-defender-em-redes-sociais-a-educacao-e-o-zelo-pelo-dinheiro-publico\/"},"wordCount":805,"commentCount":0,"publisher":{"@id":"https:\/\/jornalfatosenoticias.com.br\/#organization"},"image":{"@id":"https:\/\/jornalfatosenoticias.com.br\/index.php\/2020\/04\/02\/jovem-se-destaca-ao-defender-em-redes-sociais-a-educacao-e-o-zelo-pelo-dinheiro-publico\/#primaryimage"},"thumbnailUrl":"https:\/\/jornalfatosenoticias.com.br\/wp-content\/uploads\/2020\/04\/Miqueias-e-Haroldo-343.jpg","keywords":["dinheiro p\u00fablico","execu\u00e7\u00e3o","Jardim Carapina","licita\u00e7\u00e3o","Miqu\u00e9ias","obras","suspeita","transpar\u00eancia"],"articleSection":["Pol\u00edtica"],"inLanguage":"pt-BR","potentialAction":[{"@type":"CommentAction","name":"Comment","target":["https:\/\/jornalfatosenoticias.com.br\/index.php\/2020\/04\/02\/jovem-se-destaca-ao-defender-em-redes-sociais-a-educacao-e-o-zelo-pelo-dinheiro-publico\/#respond"]}]},{"@type":"WebPage","@id":"https:\/\/jornalfatosenoticias.com.br\/index.php\/2020\/04\/02\/jovem-se-destaca-ao-defender-em-redes-sociais-a-educacao-e-o-zelo-pelo-dinheiro-publico\/","url":"https:\/\/jornalfatosenoticias.com.br\/index.php\/2020\/04\/02\/jovem-se-destaca-ao-defender-em-redes-sociais-a-educacao-e-o-zelo-pelo-dinheiro-publico\/","name":"Jovem se destaca ao defender, em redes sociais, a educa\u00e7\u00e3o e o zelo pelo dinheiro p\u00fablico - Jornal Fatos e Not\u00edcias","isPartOf":{"@id":"https:\/\/jornalfatosenoticias.com.br\/#website"},"primaryImageOfPage":{"@id":"https:\/\/jornalfatosenoticias.com.br\/index.php\/2020\/04\/02\/jovem-se-destaca-ao-defender-em-redes-sociais-a-educacao-e-o-zelo-pelo-dinheiro-publico\/#primaryimage"},"image":{"@id":"https:\/\/jornalfatosenoticias.com.br\/index.php\/2020\/04\/02\/jovem-se-destaca-ao-defender-em-redes-sociais-a-educacao-e-o-zelo-pelo-dinheiro-publico\/#primaryimage"},"thumbnailUrl":"https:\/\/jornalfatosenoticias.com.br\/wp-content\/uploads\/2020\/04\/Miqueias-e-Haroldo-343.jpg","datePublished":"2020-04-02T18:59:06+00:00","dateModified":"2020-04-02T18:59:13+00:00","breadcrumb":{"@id":"https:\/\/jornalfatosenoticias.com.br\/index.php\/2020\/04\/02\/jovem-se-destaca-ao-defender-em-redes-sociais-a-educacao-e-o-zelo-pelo-dinheiro-publico\/#breadcrumb"},"inLanguage":"pt-BR","potentialAction":[{"@type":"ReadAction","target":["https:\/\/jornalfatosenoticias.com.br\/index.php\/2020\/04\/02\/jovem-se-destaca-ao-defender-em-redes-sociais-a-educacao-e-o-zelo-pelo-dinheiro-publico\/"]}]},{"@type":"ImageObject","inLanguage":"pt-BR","@id":"https:\/\/jornalfatosenoticias.com.br\/index.php\/2020\/04\/02\/jovem-se-destaca-ao-defender-em-redes-sociais-a-educacao-e-o-zelo-pelo-dinheiro-publico\/#primaryimage","url":"https:\/\/jornalfatosenoticias.com.br\/wp-content\/uploads\/2020\/04\/Miqueias-e-Haroldo-343.jpg","contentUrl":"https:\/\/jornalfatosenoticias.com.br\/wp-content\/uploads\/2020\/04\/Miqueias-e-Haroldo-343.jpg","width":1000,"height":724},{"@type":"BreadcrumbList","@id":"https:\/\/jornalfatosenoticias.com.br\/index.php\/2020\/04\/02\/jovem-se-destaca-ao-defender-em-redes-sociais-a-educacao-e-o-zelo-pelo-dinheiro-publico\/#breadcrumb","itemListElement":[{"@type":"ListItem","position":1,"name":"In\u00edcio","item":"https:\/\/jornalfatosenoticias.com.br\/"},{"@type":"ListItem","position":2,"name":"Jovem se destaca ao defender, em redes sociais, a educa\u00e7\u00e3o e o zelo pelo dinheiro p\u00fablico"}]},{"@type":"WebSite","@id":"https:\/\/jornalfatosenoticias.com.br\/#website","url":"https:\/\/jornalfatosenoticias.com.br\/","name":"Jornal Fatos e Not\u00edcias","description":"Not\u00edcias em geral","publisher":{"@id":"https:\/\/jornalfatosenoticias.com.br\/#organization"},"potentialAction":[{"@type":"SearchAction","target":{"@type":"EntryPoint","urlTemplate":"https:\/\/jornalfatosenoticias.com.br\/?s={search_term_string}"},"query-input":{"@type":"PropertyValueSpecification","valueRequired":true,"valueName":"search_term_string"}}],"inLanguage":"pt-BR"},{"@type":"Organization","@id":"https:\/\/jornalfatosenoticias.com.br\/#organization","name":"Jornal Fatos e Not\u00edcias","url":"https:\/\/jornalfatosenoticias.com.br\/","logo":{"@type":"ImageObject","inLanguage":"pt-BR","@id":"https:\/\/jornalfatosenoticias.com.br\/#\/schema\/logo\/image\/","url":"https:\/\/jornalfatosenoticias.com.br\/wp-content\/uploads\/2020\/02\/logo120.png","contentUrl":"https:\/\/jornalfatosenoticias.com.br\/wp-content\/uploads\/2020\/02\/logo120.png","width":1227,"height":120,"caption":"Jornal Fatos e Not\u00edcias"},"image":{"@id":"https:\/\/jornalfatosenoticias.com.br\/#\/schema\/logo\/image\/"}},{"@type":"Person","@id":"https:\/\/jornalfatosenoticias.com.br\/#\/schema\/person\/05c46cc25b42a5c27e004fb0fa6b4965","name":"Haroldo Filho","image":{"@type":"ImageObject","inLanguage":"pt-BR","@id":"https:\/\/jornalfatosenoticias.com.br\/#\/schema\/person\/image\/","url":"https:\/\/jornalfatosenoticias.com.br\/wp-content\/uploads\/2025\/08\/WhatsApp-Image-2025-08-18-at-15.30.28-150x150.jpeg","contentUrl":"https:\/\/jornalfatosenoticias.com.br\/wp-content\/uploads\/2025\/08\/WhatsApp-Image-2025-08-18-at-15.30.28-150x150.jpeg","caption":"Haroldo Filho"},"description":"Jornalista \u2013 DRT: 0003818\/ES Coordenador-geral da ONG Educar para Crescer","url":"https:\/\/jornalfatosenoticias.com.br\/index.php\/author\/haroldo\/"}]}},"cc_featured_image_caption":{"caption_text":"Miqu\u00e9ias e Haroldo (Haroldo Cordeiro Filho)","source_text":"","source_url":""},"jetpack_featured_media_url":"https:\/\/jornalfatosenoticias.com.br\/wp-content\/uploads\/2020\/04\/Miqueias-e-Haroldo-343.jpg","_links":{"self":[{"href":"https:\/\/jornalfatosenoticias.com.br\/index.php\/wp-json\/wp\/v2\/posts\/2676","targetHints":{"allow":["GET"]}}],"collection":[{"href":"https:\/\/jornalfatosenoticias.com.br\/index.php\/wp-json\/wp\/v2\/posts"}],"about":[{"href":"https:\/\/jornalfatosenoticias.com.br\/index.php\/wp-json\/wp\/v2\/types\/post"}],"author":[{"embeddable":true,"href":"https:\/\/jornalfatosenoticias.com.br\/index.php\/wp-json\/wp\/v2\/users\/3"}],"replies":[{"embeddable":true,"href":"https:\/\/jornalfatosenoticias.com.br\/index.php\/wp-json\/wp\/v2\/comments?post=2676"}],"version-history":[{"count":0,"href":"https:\/\/jornalfatosenoticias.com.br\/index.php\/wp-json\/wp\/v2\/posts\/2676\/revisions"}],"wp:featuredmedia":[{"embeddable":true,"href":"https:\/\/jornalfatosenoticias.com.br\/index.php\/wp-json\/wp\/v2\/media\/2679"}],"wp:attachment":[{"href":"https:\/\/jornalfatosenoticias.com.br\/index.php\/wp-json\/wp\/v2\/media?parent=2676"}],"wp:term":[{"taxonomy":"category","embeddable":true,"href":"https:\/\/jornalfatosenoticias.com.br\/index.php\/wp-json\/wp\/v2\/categories?post=2676"},{"taxonomy":"post_tag","embeddable":true,"href":"https:\/\/jornalfatosenoticias.com.br\/index.php\/wp-json\/wp\/v2\/tags?post=2676"}],"curies":[{"name":"wp","href":"https:\/\/api.w.org\/{rel}","templated":true}]}}