{"id":26766,"date":"2022-01-13T14:18:55","date_gmt":"2022-01-13T17:18:55","guid":{"rendered":"https:\/\/jornalfatosenoticias.com.br\/?p=26766"},"modified":"2022-01-13T14:18:57","modified_gmt":"2022-01-13T17:18:57","slug":"aquecimento-global-deve-causar-aumento-de-casos-de-pedras-nos-rins","status":"publish","type":"post","link":"https:\/\/jornalfatosenoticias.com.br\/index.php\/2022\/01\/13\/aquecimento-global-deve-causar-aumento-de-casos-de-pedras-nos-rins\/","title":{"rendered":"Aquecimento global deve causar aumento de casos de pedras nos rins"},"content":{"rendered":"\n<p>As mudan\u00e7as clim\u00e1ticas e o <a href=\"https:\/\/olhardigital.com.br\/2021\/12\/20\/ciencia-e-espaco\/derretimento-acelerado-das-geleiras-do-himalaia-ameaca-abastecimento-de-agua-de-milhoes-de-asiaticos\/\">aumento da temperatura<\/a>\u00a0do planeta devem causar um crescimento no n\u00famero de casos de pedras nos rins nas pr\u00f3ximas d\u00e9cadas. Segundo pesquisadores do Hospital Infantil da Filad\u00e9lfia, nos Estados Unidos, isso deve acontecer mesmo com uma redu\u00e7\u00e3o da emiss\u00e3o de gases do\u00a0<a href=\"https:\/\/olhardigital.com.br\/2021\/12\/17\/ciencia-e-espaco\/catalisador-converte-gas-de-efeito-estufa-em-produtos-quimicos-uteis-e-valiosos\/\">efeito estufa<\/a>.<br>Com base em dados coletados no estado da Carolina do Sul, tamb\u00e9m nos EUA, os humanos ter\u00e3o ainda mais pedras nos rins se <a href=\"https:\/\/olhardigital.com.br\/2021\/06\/25\/videos\/genetica-ecologica-empresa-estuda-alterar-o-dna-de-arvores-para-combater-efeito-estufa\/\">nenhuma a\u00e7\u00e3o for tomada<\/a> para frear as mudan\u00e7as clim\u00e1ticas. A estimativa \u00e9 que o sistema de sa\u00fade estadual tenha um aumento de custo anual entre US$ 57 e US$ 99 milh\u00f5es nos pr\u00f3ximos 70 anos.<br>\u201cNossa an\u00e1lise sugere que um planeta em aquecimento provavelmente causar\u00e1 um aumento da carga de doen\u00e7a renal de pedra nos sistemas de sa\u00fade\u201d, declarou o urologista <a href=\"https:\/\/olhardigital.com.br\/2021\/09\/20\/medicina-e-saude\/como-lidar-com-a-birra-dos-filhos-pediatra-explica\/\">pedi\u00e1trico<\/a> e autor principal do estudo, Gregory Tasian.<\/p>\n\n\n\n<p><strong><span class=\"has-inline-color has-black-color\">Rela\u00e7\u00e3o j\u00e1 era conhecida<br><\/span><\/strong>Pesquisas anteriores j\u00e1 apontavam que altas temperaturas aumentavam significativamente o risco de desenvolvimento de pedras nos rins. Por\u00e9m, essa \u00e9 a primeira vez que um estudo relaciona as mudan\u00e7as clim\u00e1ticas com um poss\u00edvel aumento dessa condi\u00e7\u00e3o no futuro.<br>Para realizar o estudo, os pesquisadores primeiro determinaram uma rela\u00e7\u00e3o entre as temperaturas m\u00e9dias di\u00e1rias e a incid\u00eancia de pedras nos rins no estado da Carolina do Sul entre 1997 e 2014. Com esses dados em m\u00e3os, eles fizeram um c\u00e1lculo relacionando o n\u00famero de novos casos e os custos at\u00e9 2089.<br>Durante os estudos, os pesquisadores desenharam dois cen\u00e1rios, um em que as matrizes energ\u00e9ticas sejam trocadas para outras com emiss\u00f5es mais baixas, <a href=\"https:\/\/olhardigital.com.br\/2021\/12\/27\/pro\/para-atingir-a-neutralidade-de-carbono-sera-preciso-investir-trilhoes-diz-estudo\/\">mercado de carbono<\/a> e expans\u00e3o de \u00e1reas florestais. O segundo representa um futuro sem redu\u00e7\u00e3o da emiss\u00e3o de gases do efeito estufa.<\/p>\n\n\n\n<h4 class=\"wp-block-heading\"><strong><span class=\"has-inline-color has-black-color\">Dois cen\u00e1rios poss\u00edveis<\/span><\/strong><\/h4>\n\n\n\n<figure class=\"wp-block-image size-large\"><img loading=\"lazy\" decoding=\"async\" width=\"1000\" height=\"540\" src=\"https:\/\/jornalfatosenoticias.com.br\/wp-content\/uploads\/2022\/01\/aquecimento-global-e-pedra-nos-rins2.jpg\" alt=\"\" class=\"wp-image-26767\" srcset=\"https:\/\/jornalfatosenoticias.com.br\/wp-content\/uploads\/2022\/01\/aquecimento-global-e-pedra-nos-rins2.jpg 1000w, https:\/\/jornalfatosenoticias.com.br\/wp-content\/uploads\/2022\/01\/aquecimento-global-e-pedra-nos-rins2-300x162.jpg 300w, https:\/\/jornalfatosenoticias.com.br\/wp-content\/uploads\/2022\/01\/aquecimento-global-e-pedra-nos-rins2-768x415.jpg 768w\" sizes=\"auto, (max-width: 1000px) 100vw, 1000px\" \/><figcaption><em><span class=\"has-inline-color has-black-color\">Pesquisadores desenharam dois cen\u00e1rios poss\u00edveis para os pr\u00f3ximos 70 anos (Foto: Quality Stock Arts\/Shutterstock)<\/span><\/em><\/figcaption><\/figure>\n\n\n\n<p>No primeiro, \u00e9 projetado um aumento m\u00e9dio de 2,3\u00b0C na temperatura m\u00e9dia, enquanto o segundo projeta um aumento m\u00e9dio de 3,6\u00b0C. S\u00e3o esses cen\u00e1rios que demonstram quanto os custos para os sistemas de sa\u00fade devem crescer nos pr\u00f3ximos 70 anos por conta do aumento de casos de pedras nos rins.<br>\u201cCom a mudan\u00e7a clim\u00e1tica, n\u00e3o costumamos falar sobre o impacto na sa\u00fade humana, especialmente quando se trata de crian\u00e7as\u201d, disse Taisan. \u201cMas um planeta em aquecimento ter\u00e1 efeitos significativos na <a href=\"https:\/\/olhardigital.com.br\/2022\/01\/09\/medicina-e-saude\/bill-gates-afirma-que-pandemias-devem-ser-tratadas-como-ameacas-de-guerra\/\">sa\u00fade humana<\/a>\u201d, completou o pesquisador.<\/p>\n\n\n\n<p><strong><em>Fonte: <a href=\"https:\/\/olhardigital.com.br\/2022\/01\/10\/medicina-e-saude\/aquecimento-global-deve-causar-aumento-de-casos-de-pedras-nos-rins\/\">Olhar Digital<\/a><\/em><\/strong><\/p>\n","protected":false},"excerpt":{"rendered":"<p>As mudan\u00e7as clim\u00e1ticas e o aumento da temperatura\u00a0do planeta devem causar um crescimento no n\u00famero de casos de pedras nos rins nas pr\u00f3ximas d\u00e9cadas. Segundo pesquisadores do Hospital Infantil da Filad\u00e9lfia, nos Estados Unidos, isso deve acontecer mesmo com uma redu\u00e7\u00e3o da emiss\u00e3o de gases do\u00a0efeito estufa.Com base em dados coletados no estado da Carolina [&hellip;]<\/p>\n","protected":false},"author":2,"featured_media":26768,"comment_status":"open","ping_status":"open","sticky":false,"template":"","format":"standard","meta":{"footnotes":""},"categories":[11],"tags":[362,12868,360],"class_list":["post-26766","post","type-post","status-publish","format-standard","has-post-thumbnail","hentry","category-saude","tag-aquecimento-global","tag-calculo-renal","tag-mudancas-climaticas"],"yoast_head":"<!-- This site is optimized with the Yoast SEO plugin v26.5 - https:\/\/yoast.com\/wordpress\/plugins\/seo\/ -->\n<title>Aquecimento global deve causar aumento de casos de pedras nos rins - Jornal Fatos e Not\u00edcias<\/title>\n<meta name=\"robots\" content=\"index, follow, max-snippet:-1, max-image-preview:large, max-video-preview:-1\" \/>\n<link rel=\"canonical\" href=\"https:\/\/jornalfatosenoticias.com.br\/index.php\/2022\/01\/13\/aquecimento-global-deve-causar-aumento-de-casos-de-pedras-nos-rins\/\" \/>\n<meta property=\"og:locale\" content=\"pt_BR\" \/>\n<meta property=\"og:type\" content=\"article\" \/>\n<meta property=\"og:title\" content=\"Aquecimento global deve causar aumento de casos de pedras nos rins - Jornal Fatos e Not\u00edcias\" \/>\n<meta property=\"og:description\" content=\"As mudan\u00e7as clim\u00e1ticas e o aumento da temperatura\u00a0do planeta devem causar um crescimento no n\u00famero de casos de pedras nos rins nas pr\u00f3ximas d\u00e9cadas. Segundo pesquisadores do Hospital Infantil da Filad\u00e9lfia, nos Estados Unidos, isso deve acontecer mesmo com uma redu\u00e7\u00e3o da emiss\u00e3o de gases do\u00a0efeito estufa.Com base em dados coletados no estado da Carolina [&hellip;]\" \/>\n<meta property=\"og:url\" content=\"https:\/\/jornalfatosenoticias.com.br\/index.php\/2022\/01\/13\/aquecimento-global-deve-causar-aumento-de-casos-de-pedras-nos-rins\/\" \/>\n<meta property=\"og:site_name\" content=\"Jornal Fatos e Not\u00edcias\" \/>\n<meta property=\"article:published_time\" content=\"2022-01-13T17:18:55+00:00\" \/>\n<meta property=\"article:modified_time\" content=\"2022-01-13T17:18:57+00:00\" \/>\n<meta property=\"og:image\" content=\"https:\/\/jornalfatosenoticias.com.br\/wp-content\/uploads\/2022\/01\/aquecimento-global-e-pedra-nos-rins1.jpg\" \/>\n\t<meta property=\"og:image:width\" content=\"1000\" \/>\n\t<meta property=\"og:image:height\" content=\"549\" \/>\n\t<meta property=\"og:image:type\" content=\"image\/jpeg\" \/>\n<meta name=\"author\" content=\"Luzimara Fernandes\" \/>\n<meta name=\"twitter:card\" content=\"summary_large_image\" \/>\n<meta name=\"twitter:label1\" content=\"Escrito por\" \/>\n\t<meta name=\"twitter:data1\" content=\"Luzimara Fernandes\" \/>\n\t<meta name=\"twitter:label2\" content=\"Est. tempo de leitura\" \/>\n\t<meta name=\"twitter:data2\" content=\"2 minutos\" \/>\n<script type=\"application\/ld+json\" class=\"yoast-schema-graph\">{\"@context\":\"https:\/\/schema.org\",\"@graph\":[{\"@type\":\"Article\",\"@id\":\"https:\/\/jornalfatosenoticias.com.br\/index.php\/2022\/01\/13\/aquecimento-global-deve-causar-aumento-de-casos-de-pedras-nos-rins\/#article\",\"isPartOf\":{\"@id\":\"https:\/\/jornalfatosenoticias.com.br\/index.php\/2022\/01\/13\/aquecimento-global-deve-causar-aumento-de-casos-de-pedras-nos-rins\/\"},\"author\":{\"name\":\"Luzimara Fernandes\",\"@id\":\"https:\/\/jornalfatosenoticias.com.br\/#\/schema\/person\/d63837fa13ac8666eb9e74e0985d6f81\"},\"headline\":\"Aquecimento global deve causar aumento de casos de pedras nos rins\",\"datePublished\":\"2022-01-13T17:18:55+00:00\",\"dateModified\":\"2022-01-13T17:18:57+00:00\",\"mainEntityOfPage\":{\"@id\":\"https:\/\/jornalfatosenoticias.com.br\/index.php\/2022\/01\/13\/aquecimento-global-deve-causar-aumento-de-casos-de-pedras-nos-rins\/\"},\"wordCount\":442,\"commentCount\":0,\"publisher\":{\"@id\":\"https:\/\/jornalfatosenoticias.com.br\/#organization\"},\"image\":{\"@id\":\"https:\/\/jornalfatosenoticias.com.br\/index.php\/2022\/01\/13\/aquecimento-global-deve-causar-aumento-de-casos-de-pedras-nos-rins\/#primaryimage\"},\"thumbnailUrl\":\"https:\/\/jornalfatosenoticias.com.br\/wp-content\/uploads\/2022\/01\/aquecimento-global-e-pedra-nos-rins1.jpg\",\"keywords\":[\"aquecimento global\",\"c\u00e1lculo renal\",\"mudan\u00e7as clim\u00e1ticas\"],\"articleSection\":[\"Sa\u00fade\"],\"inLanguage\":\"pt-BR\",\"potentialAction\":[{\"@type\":\"CommentAction\",\"name\":\"Comment\",\"target\":[\"https:\/\/jornalfatosenoticias.com.br\/index.php\/2022\/01\/13\/aquecimento-global-deve-causar-aumento-de-casos-de-pedras-nos-rins\/#respond\"]}]},{\"@type\":\"WebPage\",\"@id\":\"https:\/\/jornalfatosenoticias.com.br\/index.php\/2022\/01\/13\/aquecimento-global-deve-causar-aumento-de-casos-de-pedras-nos-rins\/\",\"url\":\"https:\/\/jornalfatosenoticias.com.br\/index.php\/2022\/01\/13\/aquecimento-global-deve-causar-aumento-de-casos-de-pedras-nos-rins\/\",\"name\":\"Aquecimento global deve causar aumento de casos de pedras nos rins - Jornal Fatos e Not\u00edcias\",\"isPartOf\":{\"@id\":\"https:\/\/jornalfatosenoticias.com.br\/#website\"},\"primaryImageOfPage\":{\"@id\":\"https:\/\/jornalfatosenoticias.com.br\/index.php\/2022\/01\/13\/aquecimento-global-deve-causar-aumento-de-casos-de-pedras-nos-rins\/#primaryimage\"},\"image\":{\"@id\":\"https:\/\/jornalfatosenoticias.com.br\/index.php\/2022\/01\/13\/aquecimento-global-deve-causar-aumento-de-casos-de-pedras-nos-rins\/#primaryimage\"},\"thumbnailUrl\":\"https:\/\/jornalfatosenoticias.com.br\/wp-content\/uploads\/2022\/01\/aquecimento-global-e-pedra-nos-rins1.jpg\",\"datePublished\":\"2022-01-13T17:18:55+00:00\",\"dateModified\":\"2022-01-13T17:18:57+00:00\",\"breadcrumb\":{\"@id\":\"https:\/\/jornalfatosenoticias.com.br\/index.php\/2022\/01\/13\/aquecimento-global-deve-causar-aumento-de-casos-de-pedras-nos-rins\/#breadcrumb\"},\"inLanguage\":\"pt-BR\",\"potentialAction\":[{\"@type\":\"ReadAction\",\"target\":[\"https:\/\/jornalfatosenoticias.com.br\/index.php\/2022\/01\/13\/aquecimento-global-deve-causar-aumento-de-casos-de-pedras-nos-rins\/\"]}]},{\"@type\":\"ImageObject\",\"inLanguage\":\"pt-BR\",\"@id\":\"https:\/\/jornalfatosenoticias.com.br\/index.php\/2022\/01\/13\/aquecimento-global-deve-causar-aumento-de-casos-de-pedras-nos-rins\/#primaryimage\",\"url\":\"https:\/\/jornalfatosenoticias.com.br\/wp-content\/uploads\/2022\/01\/aquecimento-global-e-pedra-nos-rins1.jpg\",\"contentUrl\":\"https:\/\/jornalfatosenoticias.com.br\/wp-content\/uploads\/2022\/01\/aquecimento-global-e-pedra-nos-rins1.jpg\",\"width\":1000,\"height\":549},{\"@type\":\"BreadcrumbList\",\"@id\":\"https:\/\/jornalfatosenoticias.com.br\/index.php\/2022\/01\/13\/aquecimento-global-deve-causar-aumento-de-casos-de-pedras-nos-rins\/#breadcrumb\",\"itemListElement\":[{\"@type\":\"ListItem\",\"position\":1,\"name\":\"In\u00edcio\",\"item\":\"https:\/\/jornalfatosenoticias.com.br\/\"},{\"@type\":\"ListItem\",\"position\":2,\"name\":\"Aquecimento global deve causar aumento de casos de pedras nos rins\"}]},{\"@type\":\"WebSite\",\"@id\":\"https:\/\/jornalfatosenoticias.com.br\/#website\",\"url\":\"https:\/\/jornalfatosenoticias.com.br\/\",\"name\":\"Jornal Fatos e Not\u00edcias\",\"description\":\"Not\u00edcias em geral\",\"publisher\":{\"@id\":\"https:\/\/jornalfatosenoticias.com.br\/#organization\"},\"potentialAction\":[{\"@type\":\"SearchAction\",\"target\":{\"@type\":\"EntryPoint\",\"urlTemplate\":\"https:\/\/jornalfatosenoticias.com.br\/?s={search_term_string}\"},\"query-input\":{\"@type\":\"PropertyValueSpecification\",\"valueRequired\":true,\"valueName\":\"search_term_string\"}}],\"inLanguage\":\"pt-BR\"},{\"@type\":\"Organization\",\"@id\":\"https:\/\/jornalfatosenoticias.com.br\/#organization\",\"name\":\"Jornal Fatos e Not\u00edcias\",\"url\":\"https:\/\/jornalfatosenoticias.com.br\/\",\"logo\":{\"@type\":\"ImageObject\",\"inLanguage\":\"pt-BR\",\"@id\":\"https:\/\/jornalfatosenoticias.com.br\/#\/schema\/logo\/image\/\",\"url\":\"https:\/\/jornalfatosenoticias.com.br\/wp-content\/uploads\/2020\/02\/logo120.png\",\"contentUrl\":\"https:\/\/jornalfatosenoticias.com.br\/wp-content\/uploads\/2020\/02\/logo120.png\",\"width\":1227,\"height\":120,\"caption\":\"Jornal Fatos e Not\u00edcias\"},\"image\":{\"@id\":\"https:\/\/jornalfatosenoticias.com.br\/#\/schema\/logo\/image\/\"}},{\"@type\":\"Person\",\"@id\":\"https:\/\/jornalfatosenoticias.com.br\/#\/schema\/person\/d63837fa13ac8666eb9e74e0985d6f81\",\"name\":\"Luzimara Fernandes\",\"image\":{\"@type\":\"ImageObject\",\"inLanguage\":\"pt-BR\",\"@id\":\"https:\/\/jornalfatosenoticias.com.br\/#\/schema\/person\/image\/\",\"url\":\"https:\/\/jornalfatosenoticias.com.br\/wp-content\/uploads\/2025\/05\/EU_portal.jpg\",\"contentUrl\":\"https:\/\/jornalfatosenoticias.com.br\/wp-content\/uploads\/2025\/05\/EU_portal.jpg\",\"caption\":\"Luzimara Fernandes\"},\"description\":\"Jornalista MTB 2358-ES\",\"sameAs\":[\"https:\/\/jornalfatosenoticias.com.br\"],\"url\":\"https:\/\/jornalfatosenoticias.com.br\/index.php\/author\/luzimara\/\"}]}<\/script>\n<!-- \/ Yoast SEO plugin. -->","yoast_head_json":{"title":"Aquecimento global deve causar aumento de casos de pedras nos rins - Jornal Fatos e Not\u00edcias","robots":{"index":"index","follow":"follow","max-snippet":"max-snippet:-1","max-image-preview":"max-image-preview:large","max-video-preview":"max-video-preview:-1"},"canonical":"https:\/\/jornalfatosenoticias.com.br\/index.php\/2022\/01\/13\/aquecimento-global-deve-causar-aumento-de-casos-de-pedras-nos-rins\/","og_locale":"pt_BR","og_type":"article","og_title":"Aquecimento global deve causar aumento de casos de pedras nos rins - Jornal Fatos e Not\u00edcias","og_description":"As mudan\u00e7as clim\u00e1ticas e o aumento da temperatura\u00a0do planeta devem causar um crescimento no n\u00famero de casos de pedras nos rins nas pr\u00f3ximas d\u00e9cadas. Segundo pesquisadores do Hospital Infantil da Filad\u00e9lfia, nos Estados Unidos, isso deve acontecer mesmo com uma redu\u00e7\u00e3o da emiss\u00e3o de gases do\u00a0efeito estufa.Com base em dados coletados no estado da Carolina [&hellip;]","og_url":"https:\/\/jornalfatosenoticias.com.br\/index.php\/2022\/01\/13\/aquecimento-global-deve-causar-aumento-de-casos-de-pedras-nos-rins\/","og_site_name":"Jornal Fatos e Not\u00edcias","article_published_time":"2022-01-13T17:18:55+00:00","article_modified_time":"2022-01-13T17:18:57+00:00","og_image":[{"width":1000,"height":549,"url":"https:\/\/jornalfatosenoticias.com.br\/wp-content\/uploads\/2022\/01\/aquecimento-global-e-pedra-nos-rins1.jpg","type":"image\/jpeg"}],"author":"Luzimara Fernandes","twitter_card":"summary_large_image","twitter_misc":{"Escrito por":"Luzimara Fernandes","Est. tempo de leitura":"2 minutos"},"schema":{"@context":"https:\/\/schema.org","@graph":[{"@type":"Article","@id":"https:\/\/jornalfatosenoticias.com.br\/index.php\/2022\/01\/13\/aquecimento-global-deve-causar-aumento-de-casos-de-pedras-nos-rins\/#article","isPartOf":{"@id":"https:\/\/jornalfatosenoticias.com.br\/index.php\/2022\/01\/13\/aquecimento-global-deve-causar-aumento-de-casos-de-pedras-nos-rins\/"},"author":{"name":"Luzimara Fernandes","@id":"https:\/\/jornalfatosenoticias.com.br\/#\/schema\/person\/d63837fa13ac8666eb9e74e0985d6f81"},"headline":"Aquecimento global deve causar aumento de casos de pedras nos rins","datePublished":"2022-01-13T17:18:55+00:00","dateModified":"2022-01-13T17:18:57+00:00","mainEntityOfPage":{"@id":"https:\/\/jornalfatosenoticias.com.br\/index.php\/2022\/01\/13\/aquecimento-global-deve-causar-aumento-de-casos-de-pedras-nos-rins\/"},"wordCount":442,"commentCount":0,"publisher":{"@id":"https:\/\/jornalfatosenoticias.com.br\/#organization"},"image":{"@id":"https:\/\/jornalfatosenoticias.com.br\/index.php\/2022\/01\/13\/aquecimento-global-deve-causar-aumento-de-casos-de-pedras-nos-rins\/#primaryimage"},"thumbnailUrl":"https:\/\/jornalfatosenoticias.com.br\/wp-content\/uploads\/2022\/01\/aquecimento-global-e-pedra-nos-rins1.jpg","keywords":["aquecimento global","c\u00e1lculo renal","mudan\u00e7as clim\u00e1ticas"],"articleSection":["Sa\u00fade"],"inLanguage":"pt-BR","potentialAction":[{"@type":"CommentAction","name":"Comment","target":["https:\/\/jornalfatosenoticias.com.br\/index.php\/2022\/01\/13\/aquecimento-global-deve-causar-aumento-de-casos-de-pedras-nos-rins\/#respond"]}]},{"@type":"WebPage","@id":"https:\/\/jornalfatosenoticias.com.br\/index.php\/2022\/01\/13\/aquecimento-global-deve-causar-aumento-de-casos-de-pedras-nos-rins\/","url":"https:\/\/jornalfatosenoticias.com.br\/index.php\/2022\/01\/13\/aquecimento-global-deve-causar-aumento-de-casos-de-pedras-nos-rins\/","name":"Aquecimento global deve causar aumento de casos de pedras nos rins - Jornal Fatos e Not\u00edcias","isPartOf":{"@id":"https:\/\/jornalfatosenoticias.com.br\/#website"},"primaryImageOfPage":{"@id":"https:\/\/jornalfatosenoticias.com.br\/index.php\/2022\/01\/13\/aquecimento-global-deve-causar-aumento-de-casos-de-pedras-nos-rins\/#primaryimage"},"image":{"@id":"https:\/\/jornalfatosenoticias.com.br\/index.php\/2022\/01\/13\/aquecimento-global-deve-causar-aumento-de-casos-de-pedras-nos-rins\/#primaryimage"},"thumbnailUrl":"https:\/\/jornalfatosenoticias.com.br\/wp-content\/uploads\/2022\/01\/aquecimento-global-e-pedra-nos-rins1.jpg","datePublished":"2022-01-13T17:18:55+00:00","dateModified":"2022-01-13T17:18:57+00:00","breadcrumb":{"@id":"https:\/\/jornalfatosenoticias.com.br\/index.php\/2022\/01\/13\/aquecimento-global-deve-causar-aumento-de-casos-de-pedras-nos-rins\/#breadcrumb"},"inLanguage":"pt-BR","potentialAction":[{"@type":"ReadAction","target":["https:\/\/jornalfatosenoticias.com.br\/index.php\/2022\/01\/13\/aquecimento-global-deve-causar-aumento-de-casos-de-pedras-nos-rins\/"]}]},{"@type":"ImageObject","inLanguage":"pt-BR","@id":"https:\/\/jornalfatosenoticias.com.br\/index.php\/2022\/01\/13\/aquecimento-global-deve-causar-aumento-de-casos-de-pedras-nos-rins\/#primaryimage","url":"https:\/\/jornalfatosenoticias.com.br\/wp-content\/uploads\/2022\/01\/aquecimento-global-e-pedra-nos-rins1.jpg","contentUrl":"https:\/\/jornalfatosenoticias.com.br\/wp-content\/uploads\/2022\/01\/aquecimento-global-e-pedra-nos-rins1.jpg","width":1000,"height":549},{"@type":"BreadcrumbList","@id":"https:\/\/jornalfatosenoticias.com.br\/index.php\/2022\/01\/13\/aquecimento-global-deve-causar-aumento-de-casos-de-pedras-nos-rins\/#breadcrumb","itemListElement":[{"@type":"ListItem","position":1,"name":"In\u00edcio","item":"https:\/\/jornalfatosenoticias.com.br\/"},{"@type":"ListItem","position":2,"name":"Aquecimento global deve causar aumento de casos de pedras nos rins"}]},{"@type":"WebSite","@id":"https:\/\/jornalfatosenoticias.com.br\/#website","url":"https:\/\/jornalfatosenoticias.com.br\/","name":"Jornal Fatos e Not\u00edcias","description":"Not\u00edcias em geral","publisher":{"@id":"https:\/\/jornalfatosenoticias.com.br\/#organization"},"potentialAction":[{"@type":"SearchAction","target":{"@type":"EntryPoint","urlTemplate":"https:\/\/jornalfatosenoticias.com.br\/?s={search_term_string}"},"query-input":{"@type":"PropertyValueSpecification","valueRequired":true,"valueName":"search_term_string"}}],"inLanguage":"pt-BR"},{"@type":"Organization","@id":"https:\/\/jornalfatosenoticias.com.br\/#organization","name":"Jornal Fatos e Not\u00edcias","url":"https:\/\/jornalfatosenoticias.com.br\/","logo":{"@type":"ImageObject","inLanguage":"pt-BR","@id":"https:\/\/jornalfatosenoticias.com.br\/#\/schema\/logo\/image\/","url":"https:\/\/jornalfatosenoticias.com.br\/wp-content\/uploads\/2020\/02\/logo120.png","contentUrl":"https:\/\/jornalfatosenoticias.com.br\/wp-content\/uploads\/2020\/02\/logo120.png","width":1227,"height":120,"caption":"Jornal Fatos e Not\u00edcias"},"image":{"@id":"https:\/\/jornalfatosenoticias.com.br\/#\/schema\/logo\/image\/"}},{"@type":"Person","@id":"https:\/\/jornalfatosenoticias.com.br\/#\/schema\/person\/d63837fa13ac8666eb9e74e0985d6f81","name":"Luzimara Fernandes","image":{"@type":"ImageObject","inLanguage":"pt-BR","@id":"https:\/\/jornalfatosenoticias.com.br\/#\/schema\/person\/image\/","url":"https:\/\/jornalfatosenoticias.com.br\/wp-content\/uploads\/2025\/05\/EU_portal.jpg","contentUrl":"https:\/\/jornalfatosenoticias.com.br\/wp-content\/uploads\/2025\/05\/EU_portal.jpg","caption":"Luzimara Fernandes"},"description":"Jornalista MTB 2358-ES","sameAs":["https:\/\/jornalfatosenoticias.com.br"],"url":"https:\/\/jornalfatosenoticias.com.br\/index.php\/author\/luzimara\/"}]}},"cc_featured_image_caption":{"caption_text":"(Foto: Shutterstock)","source_text":"","source_url":""},"jetpack_featured_media_url":"https:\/\/jornalfatosenoticias.com.br\/wp-content\/uploads\/2022\/01\/aquecimento-global-e-pedra-nos-rins1.jpg","_links":{"self":[{"href":"https:\/\/jornalfatosenoticias.com.br\/index.php\/wp-json\/wp\/v2\/posts\/26766","targetHints":{"allow":["GET"]}}],"collection":[{"href":"https:\/\/jornalfatosenoticias.com.br\/index.php\/wp-json\/wp\/v2\/posts"}],"about":[{"href":"https:\/\/jornalfatosenoticias.com.br\/index.php\/wp-json\/wp\/v2\/types\/post"}],"author":[{"embeddable":true,"href":"https:\/\/jornalfatosenoticias.com.br\/index.php\/wp-json\/wp\/v2\/users\/2"}],"replies":[{"embeddable":true,"href":"https:\/\/jornalfatosenoticias.com.br\/index.php\/wp-json\/wp\/v2\/comments?post=26766"}],"version-history":[{"count":0,"href":"https:\/\/jornalfatosenoticias.com.br\/index.php\/wp-json\/wp\/v2\/posts\/26766\/revisions"}],"wp:featuredmedia":[{"embeddable":true,"href":"https:\/\/jornalfatosenoticias.com.br\/index.php\/wp-json\/wp\/v2\/media\/26768"}],"wp:attachment":[{"href":"https:\/\/jornalfatosenoticias.com.br\/index.php\/wp-json\/wp\/v2\/media?parent=26766"}],"wp:term":[{"taxonomy":"category","embeddable":true,"href":"https:\/\/jornalfatosenoticias.com.br\/index.php\/wp-json\/wp\/v2\/categories?post=26766"},{"taxonomy":"post_tag","embeddable":true,"href":"https:\/\/jornalfatosenoticias.com.br\/index.php\/wp-json\/wp\/v2\/tags?post=26766"}],"curies":[{"name":"wp","href":"https:\/\/api.w.org\/{rel}","templated":true}]}}