{"id":26783,"date":"2022-01-13T14:50:01","date_gmt":"2022-01-13T17:50:01","guid":{"rendered":"https:\/\/jornalfatosenoticias.com.br\/?p=26783"},"modified":"2022-01-13T14:50:03","modified_gmt":"2022-01-13T17:50:03","slug":"pesquisadores-descobrem-especie-rara-de-maracuja-das-montanhas-no-es","status":"publish","type":"post","link":"https:\/\/jornalfatosenoticias.com.br\/index.php\/2022\/01\/13\/pesquisadores-descobrem-especie-rara-de-maracuja-das-montanhas-no-es\/","title":{"rendered":"Pesquisadores descobrem esp\u00e9cie rara de maracuj\u00e1-das-montanhas no ES"},"content":{"rendered":"\n<p><em><span class=\"has-inline-color has-black-color\">O maracuj\u00e1-das-pedras ocorre em uma \u00e1rea restrita nas montanhas entre Minas Gerais e Esp\u00edrito Santo, fora de \u00e1reas protegidas, e os cientistas j\u00e1 alertam para o risco de extin\u00e7\u00e3o<\/span><\/em><\/p>\n\n\n\n<p>O Brasil \u00e9 um dos pa\u00edses com maior diversidade de maracuj\u00e1s no mundo, com mais de 150 esp\u00e9cies conhecidas no territ\u00f3rio. E a lista brasileira acaba de ficar ainda maior com a descoberta de mais uma esp\u00e9cie: a Passiflora ita, no batismo cient\u00edfico, ou simplesmente maracuj\u00e1-das-pedras. O nome \u00e9 uma refer\u00eancia ao habitat inusitado desta planta que, ao contr\u00e1rio da maioria dos maracuj\u00e1s \u2014 que s\u00e3o plantas trepadeiras que ocorrem na floresta \u2014 \u00e9 mais modesto e cresce em \u00e1reas abertas, sobre rochas.<br>\u201cEntretanto, suas flores n\u00e3o s\u00e3o nada modestas, s\u00e3o exuberantes e coloridas, destacando-se na vegeta\u00e7\u00e3o\u201d, conta a pesquisadora Ana Carolina Mezzonato-Pires, da Universidade Federal de Juiz de Fora. A especialista \u00e9 uma das tr\u00eas autoras do artigo que descreve a nova esp\u00e9cie e que foi publicado em dezembro na revista cient\u00edfica Willdenowia, do Jardim Bot\u00e2nico de Berlim.<br>De fato, a flora\u00e7\u00e3o da esp\u00e9cie n\u00e3o possui nada de modesta, tampouco discreta. Com p\u00e9talas roxas vibrantes e listras brancas, a flor do maracuj\u00e1-das-pedras possui menos de dois cent\u00edmetros, mas um visual marcante.<br>A distribui\u00e7\u00e3o da esp\u00e9cie \u00e9 exclusiva da Mata Atl\u00e2ntica e ocorre em montanhas e afloramentos rochosos do leste de Minas Gerais (em \u00e1reas de campos rupestres) e na regi\u00e3o central e litoral do Esp\u00edrito Santo, em altitudes a partir de 600 metros.<\/p>\n\n\n\n<figure class=\"wp-block-image size-large\"><img loading=\"lazy\" decoding=\"async\" width=\"1000\" height=\"666\" src=\"https:\/\/jornalfatosenoticias.com.br\/wp-content\/uploads\/2022\/01\/maracuja-das-montanhas2_Paulo-Gonella.jpg\" alt=\"\" class=\"wp-image-26784\" srcset=\"https:\/\/jornalfatosenoticias.com.br\/wp-content\/uploads\/2022\/01\/maracuja-das-montanhas2_Paulo-Gonella.jpg 1000w, https:\/\/jornalfatosenoticias.com.br\/wp-content\/uploads\/2022\/01\/maracuja-das-montanhas2_Paulo-Gonella-300x200.jpg 300w, https:\/\/jornalfatosenoticias.com.br\/wp-content\/uploads\/2022\/01\/maracuja-das-montanhas2_Paulo-Gonella-768x511.jpg 768w\" sizes=\"auto, (max-width: 1000px) 100vw, 1000px\" \/><figcaption><em><span class=\"has-inline-color has-black-color\">A Serra do Padre \u00c2ngelo, habitat da P. ita \u00e9 um ref\u00fagio para biodiversidade desprotegido (Foto: Paulo Gonella)<\/span><\/em><\/figcaption><\/figure>\n\n\n\n<p>A grande preocupa\u00e7\u00e3o dos pesquisadores \u00e9 a aus\u00eancia da planta dentro de unidades de conserva\u00e7\u00e3o de prote\u00e7\u00e3o integral, o que significa uma maior vulnerabilidade do habitat \u00e0s press\u00f5es humanas, o que coloca o maracuj\u00e1-das-pedras em maior risco de extin\u00e7\u00e3o. Atualmente, a esp\u00e9cie foi encontrada apenas na \u00c1rea de Prote\u00e7\u00e3o Ambiental (APA) Mestre \u00c1lvaro, de uso sustent\u00e1vel, no Esp\u00edrito Santo.<br>\u201cUma dessas montanhas \u00e9 a Serra do Padre \u00c2ngelo, onde a esp\u00e9cie foi descoberta, no munic\u00edpio mineiro de Conselheiro Pena. Nos \u00faltimos anos, revelamos v\u00e1rias esp\u00e9cies novas nessa regi\u00e3o, que tem se mostrado um importante \u2018ref\u00fagio de biodiversidade\u2019\u201d, destaca o bot\u00e2nico Paulo Gonella, da Universidade Federal de S\u00e3o Jo\u00e3o del-Rei, outro autor do artigo. A serra, que n\u00e3o \u00e9 protegida por nenhuma unidade de conserva\u00e7\u00e3o, foi atingida por um forte inc\u00eandio criminoso em outubro de 2020, num exemplo das amea\u00e7as que pairam sobre o maracuj\u00e1-das-pedras e outras plantas.<br>O bi\u00f3logo Ricardo Ribeiro, do Instituto Nacional da Mata Atl\u00e2ntica, um dos autores do artigo, explica que a lista de amea\u00e7as da nova esp\u00e9cie vai desde inc\u00eandios e a press\u00e3o de esp\u00e9cies invasoras, at\u00e9 a extra\u00e7\u00e3o de rochas ornamentais no seu habitat. \u201cPor conta disso, sugerimos que ela deve entrar na \u2018Lista de Esp\u00e9cies Amea\u00e7adas do Brasil\u2019\u201d, destaca Ricardo.<\/p>\n\n\n\n<figure class=\"wp-block-image size-large\"><img loading=\"lazy\" decoding=\"async\" width=\"666\" height=\"1000\" src=\"https:\/\/jornalfatosenoticias.com.br\/wp-content\/uploads\/2022\/01\/maracuja-das-montanhas3_Paulo-Gonella.jpg\" alt=\"\" class=\"wp-image-26785\" srcset=\"https:\/\/jornalfatosenoticias.com.br\/wp-content\/uploads\/2022\/01\/maracuja-das-montanhas3_Paulo-Gonella.jpg 666w, https:\/\/jornalfatosenoticias.com.br\/wp-content\/uploads\/2022\/01\/maracuja-das-montanhas3_Paulo-Gonella-200x300.jpg 200w\" sizes=\"auto, (max-width: 666px) 100vw, 666px\" \/><figcaption><em><span class=\"has-inline-color has-black-color\">O fruto da nova esp\u00e9cie de maracuj\u00e1, que ocorre em \u00e1reas abertas e rochosas, ao contr\u00e1rio da maioria das esp\u00e9cies de maracuj\u00e1 (Foto: Paulo Gonella)<\/span><\/em><\/figcaption><\/figure>\n\n\n\n<p>No artigo, os pesquisadores sugerem a classifica\u00e7\u00e3o de \u201cEm Perigo\u201d de extin\u00e7\u00e3o para o Passiflora ita. A \u00e1rea de ocorr\u00eancia estimada para a esp\u00e9cie \u00e9 de apenas 44 km\u00b2. Os pesquisadores destacam que a Mata Atl\u00e2ntica nos estados de Minas Gerais e Esp\u00edrito Santo foi severamente alterada, com grande parte da sua \u00e1rea original convertida em pastagens e outras atividades agr\u00edcolas, com a redu\u00e7\u00e3o do bioma a pequenos e isolados fragmentos de vegeta\u00e7\u00e3o nativa. Eles refor\u00e7am ainda que em todas as \u00e1reas estudadas, o maracuj\u00e1-das-pedras foi encontrado apenas em pequenas popula\u00e7\u00f5es, com baixa densidade de indiv\u00edduos.<br>\u201cA descoberta de novas esp\u00e9cies e seu mapeamento adequado \u00e9 fundamental para a\u00e7\u00f5es de conserva\u00e7\u00e3o, pois sabendo quais esp\u00e9cies existem e onde elas est\u00e3o \u00e9 poss\u00edvel direcionar essas a\u00e7\u00f5es para \u00e1reas priorit\u00e1rias\u201d, completa. O maracuj\u00e1-das-pedras \u00e9 a 21\u00aa esp\u00e9cie de maracuj\u00e1 descoberta no Brasil apenas nos \u00faltimos 11 anos.<\/p>\n\n\n\n<p><strong><em>Fonte: <a href=\"https:\/\/oeco.org.br\/noticias\/pesquisadores-descobrem-especie-rara-de-maracuja-das-montanhas\/\">((o))eco<\/a><\/em><\/strong><\/p>\n","protected":false},"excerpt":{"rendered":"<p>O maracuj\u00e1-das-pedras ocorre em uma \u00e1rea restrita nas montanhas entre Minas Gerais e Esp\u00edrito Santo, fora de \u00e1reas protegidas, e os cientistas j\u00e1 alertam para o risco de extin\u00e7\u00e3o O Brasil \u00e9 um dos pa\u00edses com maior diversidade de maracuj\u00e1s no mundo, com mais de 150 esp\u00e9cies conhecidas no territ\u00f3rio. E a lista brasileira acaba [&hellip;]<\/p>\n","protected":false},"author":2,"featured_media":26786,"comment_status":"open","ping_status":"open","sticky":false,"template":"","format":"standard","meta":{"footnotes":""},"categories":[8],"tags":[516,100,2665,258,1924,115],"class_list":["post-26783","post","type-post","status-publish","format-standard","has-post-thumbnail","hentry","category-meio-ambiente","tag-conservacao","tag-espirito-santo","tag-flora","tag-mata-atlantica","tag-minas-gerais","tag-pesquisa"],"yoast_head":"<!-- This site is optimized with the Yoast SEO plugin v26.5 - https:\/\/yoast.com\/wordpress\/plugins\/seo\/ -->\n<title>Pesquisadores descobrem esp\u00e9cie rara de maracuj\u00e1-das-montanhas no ES - Jornal Fatos e Not\u00edcias<\/title>\n<meta name=\"robots\" content=\"index, follow, max-snippet:-1, max-image-preview:large, max-video-preview:-1\" \/>\n<link rel=\"canonical\" href=\"https:\/\/jornalfatosenoticias.com.br\/index.php\/2022\/01\/13\/pesquisadores-descobrem-especie-rara-de-maracuja-das-montanhas-no-es\/\" \/>\n<meta property=\"og:locale\" content=\"pt_BR\" \/>\n<meta property=\"og:type\" content=\"article\" \/>\n<meta property=\"og:title\" content=\"Pesquisadores descobrem esp\u00e9cie rara de maracuj\u00e1-das-montanhas no ES - Jornal Fatos e Not\u00edcias\" \/>\n<meta property=\"og:description\" content=\"O maracuj\u00e1-das-pedras ocorre em uma \u00e1rea restrita nas montanhas entre Minas Gerais e Esp\u00edrito Santo, fora de \u00e1reas protegidas, e os cientistas j\u00e1 alertam para o risco de extin\u00e7\u00e3o O Brasil \u00e9 um dos pa\u00edses com maior diversidade de maracuj\u00e1s no mundo, com mais de 150 esp\u00e9cies conhecidas no territ\u00f3rio. E a lista brasileira acaba [&hellip;]\" \/>\n<meta property=\"og:url\" content=\"https:\/\/jornalfatosenoticias.com.br\/index.php\/2022\/01\/13\/pesquisadores-descobrem-especie-rara-de-maracuja-das-montanhas-no-es\/\" \/>\n<meta property=\"og:site_name\" content=\"Jornal Fatos e Not\u00edcias\" \/>\n<meta property=\"article:published_time\" content=\"2022-01-13T17:50:01+00:00\" \/>\n<meta property=\"article:modified_time\" content=\"2022-01-13T17:50:03+00:00\" \/>\n<meta property=\"og:image\" content=\"https:\/\/jornalfatosenoticias.com.br\/wp-content\/uploads\/2022\/01\/maracuja-das-montanhas_Paulo-Gonella.jpg\" \/>\n\t<meta property=\"og:image:width\" content=\"1000\" \/>\n\t<meta property=\"og:image:height\" content=\"666\" \/>\n\t<meta property=\"og:image:type\" content=\"image\/jpeg\" \/>\n<meta name=\"author\" content=\"Luzimara Fernandes\" \/>\n<meta name=\"twitter:card\" content=\"summary_large_image\" \/>\n<meta name=\"twitter:label1\" content=\"Escrito por\" \/>\n\t<meta name=\"twitter:data1\" content=\"Luzimara Fernandes\" \/>\n\t<meta name=\"twitter:label2\" content=\"Est. tempo de leitura\" \/>\n\t<meta name=\"twitter:data2\" content=\"4 minutos\" \/>\n<script type=\"application\/ld+json\" class=\"yoast-schema-graph\">{\"@context\":\"https:\/\/schema.org\",\"@graph\":[{\"@type\":\"Article\",\"@id\":\"https:\/\/jornalfatosenoticias.com.br\/index.php\/2022\/01\/13\/pesquisadores-descobrem-especie-rara-de-maracuja-das-montanhas-no-es\/#article\",\"isPartOf\":{\"@id\":\"https:\/\/jornalfatosenoticias.com.br\/index.php\/2022\/01\/13\/pesquisadores-descobrem-especie-rara-de-maracuja-das-montanhas-no-es\/\"},\"author\":{\"name\":\"Luzimara Fernandes\",\"@id\":\"https:\/\/jornalfatosenoticias.com.br\/#\/schema\/person\/d63837fa13ac8666eb9e74e0985d6f81\"},\"headline\":\"Pesquisadores descobrem esp\u00e9cie rara de maracuj\u00e1-das-montanhas no ES\",\"datePublished\":\"2022-01-13T17:50:01+00:00\",\"dateModified\":\"2022-01-13T17:50:03+00:00\",\"mainEntityOfPage\":{\"@id\":\"https:\/\/jornalfatosenoticias.com.br\/index.php\/2022\/01\/13\/pesquisadores-descobrem-especie-rara-de-maracuja-das-montanhas-no-es\/\"},\"wordCount\":724,\"commentCount\":0,\"publisher\":{\"@id\":\"https:\/\/jornalfatosenoticias.com.br\/#organization\"},\"image\":{\"@id\":\"https:\/\/jornalfatosenoticias.com.br\/index.php\/2022\/01\/13\/pesquisadores-descobrem-especie-rara-de-maracuja-das-montanhas-no-es\/#primaryimage\"},\"thumbnailUrl\":\"https:\/\/jornalfatosenoticias.com.br\/wp-content\/uploads\/2022\/01\/maracuja-das-montanhas_Paulo-Gonella.jpg\",\"keywords\":[\"conserva\u00e7\u00e3o\",\"Esp\u00edrito Santo\",\"flora\",\"mata atl\u00e2ntica\",\"Minas Gerais\",\"pesquisa\"],\"articleSection\":[\"Meio ambiente\"],\"inLanguage\":\"pt-BR\",\"potentialAction\":[{\"@type\":\"CommentAction\",\"name\":\"Comment\",\"target\":[\"https:\/\/jornalfatosenoticias.com.br\/index.php\/2022\/01\/13\/pesquisadores-descobrem-especie-rara-de-maracuja-das-montanhas-no-es\/#respond\"]}]},{\"@type\":\"WebPage\",\"@id\":\"https:\/\/jornalfatosenoticias.com.br\/index.php\/2022\/01\/13\/pesquisadores-descobrem-especie-rara-de-maracuja-das-montanhas-no-es\/\",\"url\":\"https:\/\/jornalfatosenoticias.com.br\/index.php\/2022\/01\/13\/pesquisadores-descobrem-especie-rara-de-maracuja-das-montanhas-no-es\/\",\"name\":\"Pesquisadores descobrem esp\u00e9cie rara de maracuj\u00e1-das-montanhas no ES - Jornal Fatos e Not\u00edcias\",\"isPartOf\":{\"@id\":\"https:\/\/jornalfatosenoticias.com.br\/#website\"},\"primaryImageOfPage\":{\"@id\":\"https:\/\/jornalfatosenoticias.com.br\/index.php\/2022\/01\/13\/pesquisadores-descobrem-especie-rara-de-maracuja-das-montanhas-no-es\/#primaryimage\"},\"image\":{\"@id\":\"https:\/\/jornalfatosenoticias.com.br\/index.php\/2022\/01\/13\/pesquisadores-descobrem-especie-rara-de-maracuja-das-montanhas-no-es\/#primaryimage\"},\"thumbnailUrl\":\"https:\/\/jornalfatosenoticias.com.br\/wp-content\/uploads\/2022\/01\/maracuja-das-montanhas_Paulo-Gonella.jpg\",\"datePublished\":\"2022-01-13T17:50:01+00:00\",\"dateModified\":\"2022-01-13T17:50:03+00:00\",\"breadcrumb\":{\"@id\":\"https:\/\/jornalfatosenoticias.com.br\/index.php\/2022\/01\/13\/pesquisadores-descobrem-especie-rara-de-maracuja-das-montanhas-no-es\/#breadcrumb\"},\"inLanguage\":\"pt-BR\",\"potentialAction\":[{\"@type\":\"ReadAction\",\"target\":[\"https:\/\/jornalfatosenoticias.com.br\/index.php\/2022\/01\/13\/pesquisadores-descobrem-especie-rara-de-maracuja-das-montanhas-no-es\/\"]}]},{\"@type\":\"ImageObject\",\"inLanguage\":\"pt-BR\",\"@id\":\"https:\/\/jornalfatosenoticias.com.br\/index.php\/2022\/01\/13\/pesquisadores-descobrem-especie-rara-de-maracuja-das-montanhas-no-es\/#primaryimage\",\"url\":\"https:\/\/jornalfatosenoticias.com.br\/wp-content\/uploads\/2022\/01\/maracuja-das-montanhas_Paulo-Gonella.jpg\",\"contentUrl\":\"https:\/\/jornalfatosenoticias.com.br\/wp-content\/uploads\/2022\/01\/maracuja-das-montanhas_Paulo-Gonella.jpg\",\"width\":1000,\"height\":666},{\"@type\":\"BreadcrumbList\",\"@id\":\"https:\/\/jornalfatosenoticias.com.br\/index.php\/2022\/01\/13\/pesquisadores-descobrem-especie-rara-de-maracuja-das-montanhas-no-es\/#breadcrumb\",\"itemListElement\":[{\"@type\":\"ListItem\",\"position\":1,\"name\":\"In\u00edcio\",\"item\":\"https:\/\/jornalfatosenoticias.com.br\/\"},{\"@type\":\"ListItem\",\"position\":2,\"name\":\"Pesquisadores descobrem esp\u00e9cie rara de maracuj\u00e1-das-montanhas no ES\"}]},{\"@type\":\"WebSite\",\"@id\":\"https:\/\/jornalfatosenoticias.com.br\/#website\",\"url\":\"https:\/\/jornalfatosenoticias.com.br\/\",\"name\":\"Jornal Fatos e Not\u00edcias\",\"description\":\"Not\u00edcias em geral\",\"publisher\":{\"@id\":\"https:\/\/jornalfatosenoticias.com.br\/#organization\"},\"potentialAction\":[{\"@type\":\"SearchAction\",\"target\":{\"@type\":\"EntryPoint\",\"urlTemplate\":\"https:\/\/jornalfatosenoticias.com.br\/?s={search_term_string}\"},\"query-input\":{\"@type\":\"PropertyValueSpecification\",\"valueRequired\":true,\"valueName\":\"search_term_string\"}}],\"inLanguage\":\"pt-BR\"},{\"@type\":\"Organization\",\"@id\":\"https:\/\/jornalfatosenoticias.com.br\/#organization\",\"name\":\"Jornal Fatos e Not\u00edcias\",\"url\":\"https:\/\/jornalfatosenoticias.com.br\/\",\"logo\":{\"@type\":\"ImageObject\",\"inLanguage\":\"pt-BR\",\"@id\":\"https:\/\/jornalfatosenoticias.com.br\/#\/schema\/logo\/image\/\",\"url\":\"https:\/\/jornalfatosenoticias.com.br\/wp-content\/uploads\/2020\/02\/logo120.png\",\"contentUrl\":\"https:\/\/jornalfatosenoticias.com.br\/wp-content\/uploads\/2020\/02\/logo120.png\",\"width\":1227,\"height\":120,\"caption\":\"Jornal Fatos e Not\u00edcias\"},\"image\":{\"@id\":\"https:\/\/jornalfatosenoticias.com.br\/#\/schema\/logo\/image\/\"}},{\"@type\":\"Person\",\"@id\":\"https:\/\/jornalfatosenoticias.com.br\/#\/schema\/person\/d63837fa13ac8666eb9e74e0985d6f81\",\"name\":\"Luzimara Fernandes\",\"image\":{\"@type\":\"ImageObject\",\"inLanguage\":\"pt-BR\",\"@id\":\"https:\/\/jornalfatosenoticias.com.br\/#\/schema\/person\/image\/\",\"url\":\"https:\/\/jornalfatosenoticias.com.br\/wp-content\/uploads\/2025\/05\/EU_portal.jpg\",\"contentUrl\":\"https:\/\/jornalfatosenoticias.com.br\/wp-content\/uploads\/2025\/05\/EU_portal.jpg\",\"caption\":\"Luzimara Fernandes\"},\"description\":\"Jornalista MTB 2358-ES\",\"sameAs\":[\"https:\/\/jornalfatosenoticias.com.br\"],\"url\":\"https:\/\/jornalfatosenoticias.com.br\/index.php\/author\/luzimara\/\"}]}<\/script>\n<!-- \/ Yoast SEO plugin. -->","yoast_head_json":{"title":"Pesquisadores descobrem esp\u00e9cie rara de maracuj\u00e1-das-montanhas no ES - Jornal Fatos e Not\u00edcias","robots":{"index":"index","follow":"follow","max-snippet":"max-snippet:-1","max-image-preview":"max-image-preview:large","max-video-preview":"max-video-preview:-1"},"canonical":"https:\/\/jornalfatosenoticias.com.br\/index.php\/2022\/01\/13\/pesquisadores-descobrem-especie-rara-de-maracuja-das-montanhas-no-es\/","og_locale":"pt_BR","og_type":"article","og_title":"Pesquisadores descobrem esp\u00e9cie rara de maracuj\u00e1-das-montanhas no ES - Jornal Fatos e Not\u00edcias","og_description":"O maracuj\u00e1-das-pedras ocorre em uma \u00e1rea restrita nas montanhas entre Minas Gerais e Esp\u00edrito Santo, fora de \u00e1reas protegidas, e os cientistas j\u00e1 alertam para o risco de extin\u00e7\u00e3o O Brasil \u00e9 um dos pa\u00edses com maior diversidade de maracuj\u00e1s no mundo, com mais de 150 esp\u00e9cies conhecidas no territ\u00f3rio. E a lista brasileira acaba [&hellip;]","og_url":"https:\/\/jornalfatosenoticias.com.br\/index.php\/2022\/01\/13\/pesquisadores-descobrem-especie-rara-de-maracuja-das-montanhas-no-es\/","og_site_name":"Jornal Fatos e Not\u00edcias","article_published_time":"2022-01-13T17:50:01+00:00","article_modified_time":"2022-01-13T17:50:03+00:00","og_image":[{"width":1000,"height":666,"url":"https:\/\/jornalfatosenoticias.com.br\/wp-content\/uploads\/2022\/01\/maracuja-das-montanhas_Paulo-Gonella.jpg","type":"image\/jpeg"}],"author":"Luzimara Fernandes","twitter_card":"summary_large_image","twitter_misc":{"Escrito por":"Luzimara Fernandes","Est. tempo de leitura":"4 minutos"},"schema":{"@context":"https:\/\/schema.org","@graph":[{"@type":"Article","@id":"https:\/\/jornalfatosenoticias.com.br\/index.php\/2022\/01\/13\/pesquisadores-descobrem-especie-rara-de-maracuja-das-montanhas-no-es\/#article","isPartOf":{"@id":"https:\/\/jornalfatosenoticias.com.br\/index.php\/2022\/01\/13\/pesquisadores-descobrem-especie-rara-de-maracuja-das-montanhas-no-es\/"},"author":{"name":"Luzimara Fernandes","@id":"https:\/\/jornalfatosenoticias.com.br\/#\/schema\/person\/d63837fa13ac8666eb9e74e0985d6f81"},"headline":"Pesquisadores descobrem esp\u00e9cie rara de maracuj\u00e1-das-montanhas no ES","datePublished":"2022-01-13T17:50:01+00:00","dateModified":"2022-01-13T17:50:03+00:00","mainEntityOfPage":{"@id":"https:\/\/jornalfatosenoticias.com.br\/index.php\/2022\/01\/13\/pesquisadores-descobrem-especie-rara-de-maracuja-das-montanhas-no-es\/"},"wordCount":724,"commentCount":0,"publisher":{"@id":"https:\/\/jornalfatosenoticias.com.br\/#organization"},"image":{"@id":"https:\/\/jornalfatosenoticias.com.br\/index.php\/2022\/01\/13\/pesquisadores-descobrem-especie-rara-de-maracuja-das-montanhas-no-es\/#primaryimage"},"thumbnailUrl":"https:\/\/jornalfatosenoticias.com.br\/wp-content\/uploads\/2022\/01\/maracuja-das-montanhas_Paulo-Gonella.jpg","keywords":["conserva\u00e7\u00e3o","Esp\u00edrito Santo","flora","mata atl\u00e2ntica","Minas Gerais","pesquisa"],"articleSection":["Meio ambiente"],"inLanguage":"pt-BR","potentialAction":[{"@type":"CommentAction","name":"Comment","target":["https:\/\/jornalfatosenoticias.com.br\/index.php\/2022\/01\/13\/pesquisadores-descobrem-especie-rara-de-maracuja-das-montanhas-no-es\/#respond"]}]},{"@type":"WebPage","@id":"https:\/\/jornalfatosenoticias.com.br\/index.php\/2022\/01\/13\/pesquisadores-descobrem-especie-rara-de-maracuja-das-montanhas-no-es\/","url":"https:\/\/jornalfatosenoticias.com.br\/index.php\/2022\/01\/13\/pesquisadores-descobrem-especie-rara-de-maracuja-das-montanhas-no-es\/","name":"Pesquisadores descobrem esp\u00e9cie rara de maracuj\u00e1-das-montanhas no ES - Jornal Fatos e Not\u00edcias","isPartOf":{"@id":"https:\/\/jornalfatosenoticias.com.br\/#website"},"primaryImageOfPage":{"@id":"https:\/\/jornalfatosenoticias.com.br\/index.php\/2022\/01\/13\/pesquisadores-descobrem-especie-rara-de-maracuja-das-montanhas-no-es\/#primaryimage"},"image":{"@id":"https:\/\/jornalfatosenoticias.com.br\/index.php\/2022\/01\/13\/pesquisadores-descobrem-especie-rara-de-maracuja-das-montanhas-no-es\/#primaryimage"},"thumbnailUrl":"https:\/\/jornalfatosenoticias.com.br\/wp-content\/uploads\/2022\/01\/maracuja-das-montanhas_Paulo-Gonella.jpg","datePublished":"2022-01-13T17:50:01+00:00","dateModified":"2022-01-13T17:50:03+00:00","breadcrumb":{"@id":"https:\/\/jornalfatosenoticias.com.br\/index.php\/2022\/01\/13\/pesquisadores-descobrem-especie-rara-de-maracuja-das-montanhas-no-es\/#breadcrumb"},"inLanguage":"pt-BR","potentialAction":[{"@type":"ReadAction","target":["https:\/\/jornalfatosenoticias.com.br\/index.php\/2022\/01\/13\/pesquisadores-descobrem-especie-rara-de-maracuja-das-montanhas-no-es\/"]}]},{"@type":"ImageObject","inLanguage":"pt-BR","@id":"https:\/\/jornalfatosenoticias.com.br\/index.php\/2022\/01\/13\/pesquisadores-descobrem-especie-rara-de-maracuja-das-montanhas-no-es\/#primaryimage","url":"https:\/\/jornalfatosenoticias.com.br\/wp-content\/uploads\/2022\/01\/maracuja-das-montanhas_Paulo-Gonella.jpg","contentUrl":"https:\/\/jornalfatosenoticias.com.br\/wp-content\/uploads\/2022\/01\/maracuja-das-montanhas_Paulo-Gonella.jpg","width":1000,"height":666},{"@type":"BreadcrumbList","@id":"https:\/\/jornalfatosenoticias.com.br\/index.php\/2022\/01\/13\/pesquisadores-descobrem-especie-rara-de-maracuja-das-montanhas-no-es\/#breadcrumb","itemListElement":[{"@type":"ListItem","position":1,"name":"In\u00edcio","item":"https:\/\/jornalfatosenoticias.com.br\/"},{"@type":"ListItem","position":2,"name":"Pesquisadores descobrem esp\u00e9cie rara de maracuj\u00e1-das-montanhas no ES"}]},{"@type":"WebSite","@id":"https:\/\/jornalfatosenoticias.com.br\/#website","url":"https:\/\/jornalfatosenoticias.com.br\/","name":"Jornal Fatos e Not\u00edcias","description":"Not\u00edcias em geral","publisher":{"@id":"https:\/\/jornalfatosenoticias.com.br\/#organization"},"potentialAction":[{"@type":"SearchAction","target":{"@type":"EntryPoint","urlTemplate":"https:\/\/jornalfatosenoticias.com.br\/?s={search_term_string}"},"query-input":{"@type":"PropertyValueSpecification","valueRequired":true,"valueName":"search_term_string"}}],"inLanguage":"pt-BR"},{"@type":"Organization","@id":"https:\/\/jornalfatosenoticias.com.br\/#organization","name":"Jornal Fatos e Not\u00edcias","url":"https:\/\/jornalfatosenoticias.com.br\/","logo":{"@type":"ImageObject","inLanguage":"pt-BR","@id":"https:\/\/jornalfatosenoticias.com.br\/#\/schema\/logo\/image\/","url":"https:\/\/jornalfatosenoticias.com.br\/wp-content\/uploads\/2020\/02\/logo120.png","contentUrl":"https:\/\/jornalfatosenoticias.com.br\/wp-content\/uploads\/2020\/02\/logo120.png","width":1227,"height":120,"caption":"Jornal Fatos e Not\u00edcias"},"image":{"@id":"https:\/\/jornalfatosenoticias.com.br\/#\/schema\/logo\/image\/"}},{"@type":"Person","@id":"https:\/\/jornalfatosenoticias.com.br\/#\/schema\/person\/d63837fa13ac8666eb9e74e0985d6f81","name":"Luzimara Fernandes","image":{"@type":"ImageObject","inLanguage":"pt-BR","@id":"https:\/\/jornalfatosenoticias.com.br\/#\/schema\/person\/image\/","url":"https:\/\/jornalfatosenoticias.com.br\/wp-content\/uploads\/2025\/05\/EU_portal.jpg","contentUrl":"https:\/\/jornalfatosenoticias.com.br\/wp-content\/uploads\/2025\/05\/EU_portal.jpg","caption":"Luzimara Fernandes"},"description":"Jornalista MTB 2358-ES","sameAs":["https:\/\/jornalfatosenoticias.com.br"],"url":"https:\/\/jornalfatosenoticias.com.br\/index.php\/author\/luzimara\/"}]}},"cc_featured_image_caption":{"caption_text":"Flor do maracuj\u00e1-das-pedras (Foto: Paulo Gonella) \r\n","source_text":"","source_url":""},"jetpack_featured_media_url":"https:\/\/jornalfatosenoticias.com.br\/wp-content\/uploads\/2022\/01\/maracuja-das-montanhas_Paulo-Gonella.jpg","_links":{"self":[{"href":"https:\/\/jornalfatosenoticias.com.br\/index.php\/wp-json\/wp\/v2\/posts\/26783","targetHints":{"allow":["GET"]}}],"collection":[{"href":"https:\/\/jornalfatosenoticias.com.br\/index.php\/wp-json\/wp\/v2\/posts"}],"about":[{"href":"https:\/\/jornalfatosenoticias.com.br\/index.php\/wp-json\/wp\/v2\/types\/post"}],"author":[{"embeddable":true,"href":"https:\/\/jornalfatosenoticias.com.br\/index.php\/wp-json\/wp\/v2\/users\/2"}],"replies":[{"embeddable":true,"href":"https:\/\/jornalfatosenoticias.com.br\/index.php\/wp-json\/wp\/v2\/comments?post=26783"}],"version-history":[{"count":0,"href":"https:\/\/jornalfatosenoticias.com.br\/index.php\/wp-json\/wp\/v2\/posts\/26783\/revisions"}],"wp:featuredmedia":[{"embeddable":true,"href":"https:\/\/jornalfatosenoticias.com.br\/index.php\/wp-json\/wp\/v2\/media\/26786"}],"wp:attachment":[{"href":"https:\/\/jornalfatosenoticias.com.br\/index.php\/wp-json\/wp\/v2\/media?parent=26783"}],"wp:term":[{"taxonomy":"category","embeddable":true,"href":"https:\/\/jornalfatosenoticias.com.br\/index.php\/wp-json\/wp\/v2\/categories?post=26783"},{"taxonomy":"post_tag","embeddable":true,"href":"https:\/\/jornalfatosenoticias.com.br\/index.php\/wp-json\/wp\/v2\/tags?post=26783"}],"curies":[{"name":"wp","href":"https:\/\/api.w.org\/{rel}","templated":true}]}}