{"id":26829,"date":"2022-01-14T14:31:05","date_gmt":"2022-01-14T17:31:05","guid":{"rendered":"https:\/\/jornalfatosenoticias.com.br\/?p=26829"},"modified":"2022-01-14T14:31:09","modified_gmt":"2022-01-14T17:31:09","slug":"governo-amortiza-impacto-financeiro-da-seca-no-setor-eletrico","status":"publish","type":"post","link":"https:\/\/jornalfatosenoticias.com.br\/index.php\/2022\/01\/14\/governo-amortiza-impacto-financeiro-da-seca-no-setor-eletrico\/","title":{"rendered":"Governo amortiza impacto financeiro da seca no setor el\u00e9trico"},"content":{"rendered":"\n<p><em><span class=\"has-inline-color has-black-color\">Publicado no DOU, o decreto cria a Conta Escassez H\u00eddrica<\/span><\/em><\/p>\n\n\n\n<p>O decreto presidencial que regulamenta mecanismos para enfrentar os impactos financeiros causados pela escassez h\u00eddrica no setor el\u00e9trico foi publicado na edi\u00e7\u00e3o de hoje (14) do Di\u00e1rio Oficial da Uni\u00e3o. Esses mecanismos foram criados pela Medida Provis\u00f3ria n\u00ba 1.078, publicada em dezembro do ano passado.<br>A <strong><a href=\"https:\/\/www.in.gov.br\/en\/web\/dou\/-\/medida-provisoria-n-1.078-de-13-de-dezembro-de-2021-366817122\" target=\"_blank\" rel=\"noreferrer noopener\">MP publicada em dezembro<\/a>\u00a0<\/strong>previa o uso de recursos que seriam arrecadados por meio de encargo tarif\u00e1rio, para lidar com os gastos a mais do setor el\u00e9trico. Por meio desses recursos buscou-se amortizar os impactos financeiros no setor.<br>J\u00e1 o <strong><a href=\"https:\/\/www.in.gov.br\/en\/web\/dou\/-\/decreto-n-10.939-de-13-de-janeiro-de-2022-373849881\" target=\"_blank\" rel=\"noreferrer noopener\">decreto publicado hoje<\/a>\u00a0<\/strong>(14) cria a Conta Escassez H\u00eddrica, pela C\u00e2mara de Comercializa\u00e7\u00e3o de Energia El\u00e9trica (CCEE). Ela receber\u00e1 os recursos necess\u00e1rios para cobrir, \u201ctotal ou parcialmente, os custos adicionais decorrentes da situa\u00e7\u00e3o de escassez h\u00eddrica para as concession\u00e1rias e permission\u00e1rias de servi\u00e7o p\u00fablico de distribui\u00e7\u00e3o de energia el\u00e9trica\u201d.<br>Segundo a Secretaria-Geral da Presid\u00eancia da Rep\u00fablica, a MP possibilitou a estrutura\u00e7\u00e3o de opera\u00e7\u00f5es financeiras garantidas pela Conta de Desenvolvimento Energ\u00e9tico (CDE), de forma a mitigar os efeitos do aumento de custos de gera\u00e7\u00e3o de energia el\u00e9trica sobre as distribuidoras e os consumidores de energia el\u00e9trica.<br>E para evitar que os consumidores que migrassem para o Ambiente de Contrata\u00e7\u00e3o Livre se furtassem de arcar com os custos adicionais suportados pelas distribuidoras, a MP previu instituir encargo tarif\u00e1rio para os casos de migra\u00e7\u00e3o.<\/p>\n\n\n\n<blockquote class=\"wp-block-quote is-layout-flow wp-block-quote-is-layout-flow\"><p><span class=\"has-inline-color has-luminous-vivid-orange-color\">\u201cDada a natureza sist\u00eamica dos referidos custos adicionais, o encargo ser\u00e1 suportado por todos os consumidores atendidos pelas distribuidoras impactadas, exceto na parcela dos diferimentos, os quais recair\u00e3o sobre os consumidores de cada distribuidora que obtiver financiamento para esse componente\u201d, justificou a Secretaria.<\/span><\/p><\/blockquote>\n\n\n\n<p>A expectativa \u00e9 de que, com o novo decreto, se garanta a \u201chigidez de todo o sistema el\u00e9trico, de forma a permitir a c\u00e9lere inje\u00e7\u00e3o de recursos nas distribuidoras\u201d. Ao mesmo tempo, acrescenta, busca-se possibilitar que o repasse aos consumidores dos custos adicionais observados na gera\u00e7\u00e3o de energia el\u00e9trica se fa\u00e7a \u201cde forma suave e dilu\u00edda no tempo\u201d.<\/p>\n\n\n\n<p><strong><em>Fonte: <a href=\"https:\/\/agenciabrasil.ebc.com.br\/economia\/noticia\/2022-01\/governo-amortiza-impacto-financeiro-da-seca-no-setor-eletrico\">Ag\u00eancia Brasil<\/a><\/em><\/strong><\/p>\n","protected":false},"excerpt":{"rendered":"<p>Publicado no DOU, o decreto cria a Conta Escassez H\u00eddrica O decreto presidencial que regulamenta mecanismos para enfrentar os impactos financeiros causados pela escassez h\u00eddrica no setor el\u00e9trico foi publicado na edi\u00e7\u00e3o de hoje (14) do Di\u00e1rio Oficial da Uni\u00e3o. Esses mecanismos foram criados pela Medida Provis\u00f3ria n\u00ba 1.078, publicada em dezembro do ano passado.A [&hellip;]<\/p>\n","protected":false},"author":2,"featured_media":26830,"comment_status":"open","ping_status":"open","sticky":false,"template":"","format":"standard","meta":{"footnotes":""},"categories":[9],"tags":[12893,2528,12894,12891,1541,12892],"class_list":["post-26829","post","type-post","status-publish","format-standard","has-post-thumbnail","hentry","category-economia","tag-camara-de-comercializacao-de-energia-eletrica","tag-conta-de-luz","tag-conta-escassez-hidrica","tag-escassez-hidrica","tag-mp","tag-setor-eletrico"],"yoast_head":"<!-- This site is optimized with the Yoast SEO plugin v26.5 - https:\/\/yoast.com\/wordpress\/plugins\/seo\/ -->\n<title>Governo amortiza impacto financeiro da seca no setor el\u00e9trico - Jornal Fatos e Not\u00edcias<\/title>\n<meta name=\"robots\" content=\"index, follow, max-snippet:-1, max-image-preview:large, max-video-preview:-1\" \/>\n<link rel=\"canonical\" href=\"https:\/\/jornalfatosenoticias.com.br\/index.php\/2022\/01\/14\/governo-amortiza-impacto-financeiro-da-seca-no-setor-eletrico\/\" \/>\n<meta property=\"og:locale\" content=\"pt_BR\" \/>\n<meta property=\"og:type\" content=\"article\" \/>\n<meta property=\"og:title\" content=\"Governo amortiza impacto financeiro da seca no setor el\u00e9trico - Jornal Fatos e Not\u00edcias\" \/>\n<meta property=\"og:description\" content=\"Publicado no DOU, o decreto cria a Conta Escassez H\u00eddrica O decreto presidencial que regulamenta mecanismos para enfrentar os impactos financeiros causados pela escassez h\u00eddrica no setor el\u00e9trico foi publicado na edi\u00e7\u00e3o de hoje (14) do Di\u00e1rio Oficial da Uni\u00e3o. Esses mecanismos foram criados pela Medida Provis\u00f3ria n\u00ba 1.078, publicada em dezembro do ano passado.A [&hellip;]\" \/>\n<meta property=\"og:url\" content=\"https:\/\/jornalfatosenoticias.com.br\/index.php\/2022\/01\/14\/governo-amortiza-impacto-financeiro-da-seca-no-setor-eletrico\/\" \/>\n<meta property=\"og:site_name\" content=\"Jornal Fatos e Not\u00edcias\" \/>\n<meta property=\"article:published_time\" content=\"2022-01-14T17:31:05+00:00\" \/>\n<meta property=\"article:modified_time\" content=\"2022-01-14T17:31:09+00:00\" \/>\n<meta property=\"og:image\" content=\"https:\/\/jornalfatosenoticias.com.br\/wp-content\/uploads\/2022\/01\/energia_linha-de-transmissao.jpg\" \/>\n\t<meta property=\"og:image:width\" content=\"1000\" \/>\n\t<meta property=\"og:image:height\" content=\"598\" \/>\n\t<meta property=\"og:image:type\" content=\"image\/jpeg\" \/>\n<meta name=\"author\" content=\"Luzimara Fernandes\" \/>\n<meta name=\"twitter:card\" content=\"summary_large_image\" \/>\n<meta name=\"twitter:label1\" content=\"Escrito por\" \/>\n\t<meta name=\"twitter:data1\" content=\"Luzimara Fernandes\" \/>\n\t<meta name=\"twitter:label2\" content=\"Est. tempo de leitura\" \/>\n\t<meta name=\"twitter:data2\" content=\"2 minutos\" \/>\n<script type=\"application\/ld+json\" class=\"yoast-schema-graph\">{\"@context\":\"https:\/\/schema.org\",\"@graph\":[{\"@type\":\"Article\",\"@id\":\"https:\/\/jornalfatosenoticias.com.br\/index.php\/2022\/01\/14\/governo-amortiza-impacto-financeiro-da-seca-no-setor-eletrico\/#article\",\"isPartOf\":{\"@id\":\"https:\/\/jornalfatosenoticias.com.br\/index.php\/2022\/01\/14\/governo-amortiza-impacto-financeiro-da-seca-no-setor-eletrico\/\"},\"author\":{\"name\":\"Luzimara Fernandes\",\"@id\":\"https:\/\/jornalfatosenoticias.com.br\/#\/schema\/person\/d63837fa13ac8666eb9e74e0985d6f81\"},\"headline\":\"Governo amortiza impacto financeiro da seca no setor el\u00e9trico\",\"datePublished\":\"2022-01-14T17:31:05+00:00\",\"dateModified\":\"2022-01-14T17:31:09+00:00\",\"mainEntityOfPage\":{\"@id\":\"https:\/\/jornalfatosenoticias.com.br\/index.php\/2022\/01\/14\/governo-amortiza-impacto-financeiro-da-seca-no-setor-eletrico\/\"},\"wordCount\":380,\"commentCount\":0,\"publisher\":{\"@id\":\"https:\/\/jornalfatosenoticias.com.br\/#organization\"},\"image\":{\"@id\":\"https:\/\/jornalfatosenoticias.com.br\/index.php\/2022\/01\/14\/governo-amortiza-impacto-financeiro-da-seca-no-setor-eletrico\/#primaryimage\"},\"thumbnailUrl\":\"https:\/\/jornalfatosenoticias.com.br\/wp-content\/uploads\/2022\/01\/energia_linha-de-transmissao.jpg\",\"keywords\":[\"C\u00e2mara de Comercializa\u00e7\u00e3o de Energia El\u00e9trica\",\"conta de luz\",\"Conta Escassez H\u00eddrica\",\"escassez h\u00eddrica\",\"MP\",\"setor el\u00e9trico\"],\"articleSection\":[\"Economia\"],\"inLanguage\":\"pt-BR\",\"potentialAction\":[{\"@type\":\"CommentAction\",\"name\":\"Comment\",\"target\":[\"https:\/\/jornalfatosenoticias.com.br\/index.php\/2022\/01\/14\/governo-amortiza-impacto-financeiro-da-seca-no-setor-eletrico\/#respond\"]}]},{\"@type\":\"WebPage\",\"@id\":\"https:\/\/jornalfatosenoticias.com.br\/index.php\/2022\/01\/14\/governo-amortiza-impacto-financeiro-da-seca-no-setor-eletrico\/\",\"url\":\"https:\/\/jornalfatosenoticias.com.br\/index.php\/2022\/01\/14\/governo-amortiza-impacto-financeiro-da-seca-no-setor-eletrico\/\",\"name\":\"Governo amortiza impacto financeiro da seca no setor el\u00e9trico - Jornal Fatos e Not\u00edcias\",\"isPartOf\":{\"@id\":\"https:\/\/jornalfatosenoticias.com.br\/#website\"},\"primaryImageOfPage\":{\"@id\":\"https:\/\/jornalfatosenoticias.com.br\/index.php\/2022\/01\/14\/governo-amortiza-impacto-financeiro-da-seca-no-setor-eletrico\/#primaryimage\"},\"image\":{\"@id\":\"https:\/\/jornalfatosenoticias.com.br\/index.php\/2022\/01\/14\/governo-amortiza-impacto-financeiro-da-seca-no-setor-eletrico\/#primaryimage\"},\"thumbnailUrl\":\"https:\/\/jornalfatosenoticias.com.br\/wp-content\/uploads\/2022\/01\/energia_linha-de-transmissao.jpg\",\"datePublished\":\"2022-01-14T17:31:05+00:00\",\"dateModified\":\"2022-01-14T17:31:09+00:00\",\"breadcrumb\":{\"@id\":\"https:\/\/jornalfatosenoticias.com.br\/index.php\/2022\/01\/14\/governo-amortiza-impacto-financeiro-da-seca-no-setor-eletrico\/#breadcrumb\"},\"inLanguage\":\"pt-BR\",\"potentialAction\":[{\"@type\":\"ReadAction\",\"target\":[\"https:\/\/jornalfatosenoticias.com.br\/index.php\/2022\/01\/14\/governo-amortiza-impacto-financeiro-da-seca-no-setor-eletrico\/\"]}]},{\"@type\":\"ImageObject\",\"inLanguage\":\"pt-BR\",\"@id\":\"https:\/\/jornalfatosenoticias.com.br\/index.php\/2022\/01\/14\/governo-amortiza-impacto-financeiro-da-seca-no-setor-eletrico\/#primaryimage\",\"url\":\"https:\/\/jornalfatosenoticias.com.br\/wp-content\/uploads\/2022\/01\/energia_linha-de-transmissao.jpg\",\"contentUrl\":\"https:\/\/jornalfatosenoticias.com.br\/wp-content\/uploads\/2022\/01\/energia_linha-de-transmissao.jpg\",\"width\":1000,\"height\":598},{\"@type\":\"BreadcrumbList\",\"@id\":\"https:\/\/jornalfatosenoticias.com.br\/index.php\/2022\/01\/14\/governo-amortiza-impacto-financeiro-da-seca-no-setor-eletrico\/#breadcrumb\",\"itemListElement\":[{\"@type\":\"ListItem\",\"position\":1,\"name\":\"In\u00edcio\",\"item\":\"https:\/\/jornalfatosenoticias.com.br\/\"},{\"@type\":\"ListItem\",\"position\":2,\"name\":\"Governo amortiza impacto financeiro da seca no setor el\u00e9trico\"}]},{\"@type\":\"WebSite\",\"@id\":\"https:\/\/jornalfatosenoticias.com.br\/#website\",\"url\":\"https:\/\/jornalfatosenoticias.com.br\/\",\"name\":\"Jornal Fatos e Not\u00edcias\",\"description\":\"Not\u00edcias em geral\",\"publisher\":{\"@id\":\"https:\/\/jornalfatosenoticias.com.br\/#organization\"},\"potentialAction\":[{\"@type\":\"SearchAction\",\"target\":{\"@type\":\"EntryPoint\",\"urlTemplate\":\"https:\/\/jornalfatosenoticias.com.br\/?s={search_term_string}\"},\"query-input\":{\"@type\":\"PropertyValueSpecification\",\"valueRequired\":true,\"valueName\":\"search_term_string\"}}],\"inLanguage\":\"pt-BR\"},{\"@type\":\"Organization\",\"@id\":\"https:\/\/jornalfatosenoticias.com.br\/#organization\",\"name\":\"Jornal Fatos e Not\u00edcias\",\"url\":\"https:\/\/jornalfatosenoticias.com.br\/\",\"logo\":{\"@type\":\"ImageObject\",\"inLanguage\":\"pt-BR\",\"@id\":\"https:\/\/jornalfatosenoticias.com.br\/#\/schema\/logo\/image\/\",\"url\":\"https:\/\/jornalfatosenoticias.com.br\/wp-content\/uploads\/2020\/02\/logo120.png\",\"contentUrl\":\"https:\/\/jornalfatosenoticias.com.br\/wp-content\/uploads\/2020\/02\/logo120.png\",\"width\":1227,\"height\":120,\"caption\":\"Jornal Fatos e Not\u00edcias\"},\"image\":{\"@id\":\"https:\/\/jornalfatosenoticias.com.br\/#\/schema\/logo\/image\/\"}},{\"@type\":\"Person\",\"@id\":\"https:\/\/jornalfatosenoticias.com.br\/#\/schema\/person\/d63837fa13ac8666eb9e74e0985d6f81\",\"name\":\"Luzimara Fernandes\",\"image\":{\"@type\":\"ImageObject\",\"inLanguage\":\"pt-BR\",\"@id\":\"https:\/\/jornalfatosenoticias.com.br\/#\/schema\/person\/image\/\",\"url\":\"https:\/\/jornalfatosenoticias.com.br\/wp-content\/uploads\/2025\/05\/EU_portal.jpg\",\"contentUrl\":\"https:\/\/jornalfatosenoticias.com.br\/wp-content\/uploads\/2025\/05\/EU_portal.jpg\",\"caption\":\"Luzimara Fernandes\"},\"description\":\"Jornalista MTB 2358-ES\",\"sameAs\":[\"https:\/\/jornalfatosenoticias.com.br\"],\"url\":\"https:\/\/jornalfatosenoticias.com.br\/index.php\/author\/luzimara\/\"}]}<\/script>\n<!-- \/ Yoast SEO plugin. -->","yoast_head_json":{"title":"Governo amortiza impacto financeiro da seca no setor el\u00e9trico - Jornal Fatos e Not\u00edcias","robots":{"index":"index","follow":"follow","max-snippet":"max-snippet:-1","max-image-preview":"max-image-preview:large","max-video-preview":"max-video-preview:-1"},"canonical":"https:\/\/jornalfatosenoticias.com.br\/index.php\/2022\/01\/14\/governo-amortiza-impacto-financeiro-da-seca-no-setor-eletrico\/","og_locale":"pt_BR","og_type":"article","og_title":"Governo amortiza impacto financeiro da seca no setor el\u00e9trico - Jornal Fatos e Not\u00edcias","og_description":"Publicado no DOU, o decreto cria a Conta Escassez H\u00eddrica O decreto presidencial que regulamenta mecanismos para enfrentar os impactos financeiros causados pela escassez h\u00eddrica no setor el\u00e9trico foi publicado na edi\u00e7\u00e3o de hoje (14) do Di\u00e1rio Oficial da Uni\u00e3o. Esses mecanismos foram criados pela Medida Provis\u00f3ria n\u00ba 1.078, publicada em dezembro do ano passado.A [&hellip;]","og_url":"https:\/\/jornalfatosenoticias.com.br\/index.php\/2022\/01\/14\/governo-amortiza-impacto-financeiro-da-seca-no-setor-eletrico\/","og_site_name":"Jornal Fatos e Not\u00edcias","article_published_time":"2022-01-14T17:31:05+00:00","article_modified_time":"2022-01-14T17:31:09+00:00","og_image":[{"width":1000,"height":598,"url":"https:\/\/jornalfatosenoticias.com.br\/wp-content\/uploads\/2022\/01\/energia_linha-de-transmissao.jpg","type":"image\/jpeg"}],"author":"Luzimara Fernandes","twitter_card":"summary_large_image","twitter_misc":{"Escrito por":"Luzimara Fernandes","Est. tempo de leitura":"2 minutos"},"schema":{"@context":"https:\/\/schema.org","@graph":[{"@type":"Article","@id":"https:\/\/jornalfatosenoticias.com.br\/index.php\/2022\/01\/14\/governo-amortiza-impacto-financeiro-da-seca-no-setor-eletrico\/#article","isPartOf":{"@id":"https:\/\/jornalfatosenoticias.com.br\/index.php\/2022\/01\/14\/governo-amortiza-impacto-financeiro-da-seca-no-setor-eletrico\/"},"author":{"name":"Luzimara Fernandes","@id":"https:\/\/jornalfatosenoticias.com.br\/#\/schema\/person\/d63837fa13ac8666eb9e74e0985d6f81"},"headline":"Governo amortiza impacto financeiro da seca no setor el\u00e9trico","datePublished":"2022-01-14T17:31:05+00:00","dateModified":"2022-01-14T17:31:09+00:00","mainEntityOfPage":{"@id":"https:\/\/jornalfatosenoticias.com.br\/index.php\/2022\/01\/14\/governo-amortiza-impacto-financeiro-da-seca-no-setor-eletrico\/"},"wordCount":380,"commentCount":0,"publisher":{"@id":"https:\/\/jornalfatosenoticias.com.br\/#organization"},"image":{"@id":"https:\/\/jornalfatosenoticias.com.br\/index.php\/2022\/01\/14\/governo-amortiza-impacto-financeiro-da-seca-no-setor-eletrico\/#primaryimage"},"thumbnailUrl":"https:\/\/jornalfatosenoticias.com.br\/wp-content\/uploads\/2022\/01\/energia_linha-de-transmissao.jpg","keywords":["C\u00e2mara de Comercializa\u00e7\u00e3o de Energia El\u00e9trica","conta de luz","Conta Escassez H\u00eddrica","escassez h\u00eddrica","MP","setor el\u00e9trico"],"articleSection":["Economia"],"inLanguage":"pt-BR","potentialAction":[{"@type":"CommentAction","name":"Comment","target":["https:\/\/jornalfatosenoticias.com.br\/index.php\/2022\/01\/14\/governo-amortiza-impacto-financeiro-da-seca-no-setor-eletrico\/#respond"]}]},{"@type":"WebPage","@id":"https:\/\/jornalfatosenoticias.com.br\/index.php\/2022\/01\/14\/governo-amortiza-impacto-financeiro-da-seca-no-setor-eletrico\/","url":"https:\/\/jornalfatosenoticias.com.br\/index.php\/2022\/01\/14\/governo-amortiza-impacto-financeiro-da-seca-no-setor-eletrico\/","name":"Governo amortiza impacto financeiro da seca no setor el\u00e9trico - Jornal Fatos e Not\u00edcias","isPartOf":{"@id":"https:\/\/jornalfatosenoticias.com.br\/#website"},"primaryImageOfPage":{"@id":"https:\/\/jornalfatosenoticias.com.br\/index.php\/2022\/01\/14\/governo-amortiza-impacto-financeiro-da-seca-no-setor-eletrico\/#primaryimage"},"image":{"@id":"https:\/\/jornalfatosenoticias.com.br\/index.php\/2022\/01\/14\/governo-amortiza-impacto-financeiro-da-seca-no-setor-eletrico\/#primaryimage"},"thumbnailUrl":"https:\/\/jornalfatosenoticias.com.br\/wp-content\/uploads\/2022\/01\/energia_linha-de-transmissao.jpg","datePublished":"2022-01-14T17:31:05+00:00","dateModified":"2022-01-14T17:31:09+00:00","breadcrumb":{"@id":"https:\/\/jornalfatosenoticias.com.br\/index.php\/2022\/01\/14\/governo-amortiza-impacto-financeiro-da-seca-no-setor-eletrico\/#breadcrumb"},"inLanguage":"pt-BR","potentialAction":[{"@type":"ReadAction","target":["https:\/\/jornalfatosenoticias.com.br\/index.php\/2022\/01\/14\/governo-amortiza-impacto-financeiro-da-seca-no-setor-eletrico\/"]}]},{"@type":"ImageObject","inLanguage":"pt-BR","@id":"https:\/\/jornalfatosenoticias.com.br\/index.php\/2022\/01\/14\/governo-amortiza-impacto-financeiro-da-seca-no-setor-eletrico\/#primaryimage","url":"https:\/\/jornalfatosenoticias.com.br\/wp-content\/uploads\/2022\/01\/energia_linha-de-transmissao.jpg","contentUrl":"https:\/\/jornalfatosenoticias.com.br\/wp-content\/uploads\/2022\/01\/energia_linha-de-transmissao.jpg","width":1000,"height":598},{"@type":"BreadcrumbList","@id":"https:\/\/jornalfatosenoticias.com.br\/index.php\/2022\/01\/14\/governo-amortiza-impacto-financeiro-da-seca-no-setor-eletrico\/#breadcrumb","itemListElement":[{"@type":"ListItem","position":1,"name":"In\u00edcio","item":"https:\/\/jornalfatosenoticias.com.br\/"},{"@type":"ListItem","position":2,"name":"Governo amortiza impacto financeiro da seca no setor el\u00e9trico"}]},{"@type":"WebSite","@id":"https:\/\/jornalfatosenoticias.com.br\/#website","url":"https:\/\/jornalfatosenoticias.com.br\/","name":"Jornal Fatos e Not\u00edcias","description":"Not\u00edcias em geral","publisher":{"@id":"https:\/\/jornalfatosenoticias.com.br\/#organization"},"potentialAction":[{"@type":"SearchAction","target":{"@type":"EntryPoint","urlTemplate":"https:\/\/jornalfatosenoticias.com.br\/?s={search_term_string}"},"query-input":{"@type":"PropertyValueSpecification","valueRequired":true,"valueName":"search_term_string"}}],"inLanguage":"pt-BR"},{"@type":"Organization","@id":"https:\/\/jornalfatosenoticias.com.br\/#organization","name":"Jornal Fatos e Not\u00edcias","url":"https:\/\/jornalfatosenoticias.com.br\/","logo":{"@type":"ImageObject","inLanguage":"pt-BR","@id":"https:\/\/jornalfatosenoticias.com.br\/#\/schema\/logo\/image\/","url":"https:\/\/jornalfatosenoticias.com.br\/wp-content\/uploads\/2020\/02\/logo120.png","contentUrl":"https:\/\/jornalfatosenoticias.com.br\/wp-content\/uploads\/2020\/02\/logo120.png","width":1227,"height":120,"caption":"Jornal Fatos e Not\u00edcias"},"image":{"@id":"https:\/\/jornalfatosenoticias.com.br\/#\/schema\/logo\/image\/"}},{"@type":"Person","@id":"https:\/\/jornalfatosenoticias.com.br\/#\/schema\/person\/d63837fa13ac8666eb9e74e0985d6f81","name":"Luzimara Fernandes","image":{"@type":"ImageObject","inLanguage":"pt-BR","@id":"https:\/\/jornalfatosenoticias.com.br\/#\/schema\/person\/image\/","url":"https:\/\/jornalfatosenoticias.com.br\/wp-content\/uploads\/2025\/05\/EU_portal.jpg","contentUrl":"https:\/\/jornalfatosenoticias.com.br\/wp-content\/uploads\/2025\/05\/EU_portal.jpg","caption":"Luzimara Fernandes"},"description":"Jornalista MTB 2358-ES","sameAs":["https:\/\/jornalfatosenoticias.com.br"],"url":"https:\/\/jornalfatosenoticias.com.br\/index.php\/author\/luzimara\/"}]}},"cc_featured_image_caption":{"caption_text":"(Foto: Ag\u00eancia Brasil) ","source_text":"","source_url":""},"jetpack_featured_media_url":"https:\/\/jornalfatosenoticias.com.br\/wp-content\/uploads\/2022\/01\/energia_linha-de-transmissao.jpg","_links":{"self":[{"href":"https:\/\/jornalfatosenoticias.com.br\/index.php\/wp-json\/wp\/v2\/posts\/26829","targetHints":{"allow":["GET"]}}],"collection":[{"href":"https:\/\/jornalfatosenoticias.com.br\/index.php\/wp-json\/wp\/v2\/posts"}],"about":[{"href":"https:\/\/jornalfatosenoticias.com.br\/index.php\/wp-json\/wp\/v2\/types\/post"}],"author":[{"embeddable":true,"href":"https:\/\/jornalfatosenoticias.com.br\/index.php\/wp-json\/wp\/v2\/users\/2"}],"replies":[{"embeddable":true,"href":"https:\/\/jornalfatosenoticias.com.br\/index.php\/wp-json\/wp\/v2\/comments?post=26829"}],"version-history":[{"count":0,"href":"https:\/\/jornalfatosenoticias.com.br\/index.php\/wp-json\/wp\/v2\/posts\/26829\/revisions"}],"wp:featuredmedia":[{"embeddable":true,"href":"https:\/\/jornalfatosenoticias.com.br\/index.php\/wp-json\/wp\/v2\/media\/26830"}],"wp:attachment":[{"href":"https:\/\/jornalfatosenoticias.com.br\/index.php\/wp-json\/wp\/v2\/media?parent=26829"}],"wp:term":[{"taxonomy":"category","embeddable":true,"href":"https:\/\/jornalfatosenoticias.com.br\/index.php\/wp-json\/wp\/v2\/categories?post=26829"},{"taxonomy":"post_tag","embeddable":true,"href":"https:\/\/jornalfatosenoticias.com.br\/index.php\/wp-json\/wp\/v2\/tags?post=26829"}],"curies":[{"name":"wp","href":"https:\/\/api.w.org\/{rel}","templated":true}]}}