{"id":26851,"date":"2022-01-17T13:34:16","date_gmt":"2022-01-17T16:34:16","guid":{"rendered":"https:\/\/jornalfatosenoticias.com.br\/?p=26851"},"modified":"2022-01-17T13:34:17","modified_gmt":"2022-01-17T16:34:17","slug":"arvore-morta-renasce-como-biblioteca-comunitaria","status":"publish","type":"post","link":"https:\/\/jornalfatosenoticias.com.br\/index.php\/2022\/01\/17\/arvore-morta-renasce-como-biblioteca-comunitaria\/","title":{"rendered":"\u00c1rvore morta \u201crenasce\u201d como biblioteca comunit\u00e1ria"},"content":{"rendered":"\n<p><em><span class=\"has-inline-color has-black-color\">Um toco de \u00e1rvore de mais de 110 anos virou um espa\u00e7o de leitura compartilhado<\/span><\/em><\/p>\n\n\n\n<p>Um toco de \u00e1rvore de 110 anos virou um espa\u00e7o de leitura compartilhado nas m\u00e3os de Sharalee Armitage Howard, de Idaho, nos Estados Unidos. M\u00e3e, artista e funcion\u00e1ria da biblioteca p\u00fablica da cidade de Coeur d\u2019Alene, Sharalee deu nova vida \u00e0 esp\u00e9cie morta.<br>Em sua \u201c\u00e1rvore-biblioteca\u201d, os vizinhos podem pegar um livro e deixar outro. Ou podem simplesmente pegar um exemplar emprestado sem a exig\u00eancia de documentos ou data de devolu\u00e7\u00e3o.<\/p>\n\n\n\n<figure class=\"wp-block-image size-large\"><img loading=\"lazy\" decoding=\"async\" width=\"1000\" height=\"907\" src=\"https:\/\/jornalfatosenoticias.com.br\/wp-content\/uploads\/2022\/01\/arvore-biblioteca-2.jpg\" alt=\"\" class=\"wp-image-26852\" srcset=\"https:\/\/jornalfatosenoticias.com.br\/wp-content\/uploads\/2022\/01\/arvore-biblioteca-2.jpg 1000w, https:\/\/jornalfatosenoticias.com.br\/wp-content\/uploads\/2022\/01\/arvore-biblioteca-2-300x272.jpg 300w, https:\/\/jornalfatosenoticias.com.br\/wp-content\/uploads\/2022\/01\/arvore-biblioteca-2-768x697.jpg 768w\" sizes=\"auto, (max-width: 1000px) 100vw, 1000px\" \/><figcaption><em><span class=\"has-inline-color has-black-color\">(Foto: Priceypads\/Sharalee Armitage Howard)<\/span><\/em><\/figcaption><\/figure>\n\n\n\n<p>As chamadas \u201cFree Library\u201d se propagaram na \u00faltima d\u00e9cada. Uma busca r\u00e1pida traz modelos inspiradores de pequenas bibliotecas criadas em caixas de correio e caixinhas de madeira improvisadas. A solu\u00e7\u00e3o da bibliotec\u00e1ria Sharalee n\u00e3o fica atr\u00e1s. Tanto que entre o final de 2018 e in\u00edcio de 2019, imagens de sua livraria na \u00e1rvore tomaram conta da internet. M\u00eddia local e internacional, compartilharam. Agora, a hist\u00f3ria vem novamente \u00e0 tona, como uma daquelas not\u00edcias antigas de alto poder viral. E trazemos no CicloVivo tamb\u00e9m, sobretudo, pelo seu potencial inspirador.<\/p>\n\n\n\n<figure class=\"wp-block-image size-large\"><img loading=\"lazy\" decoding=\"async\" width=\"768\" height=\"1024\" src=\"https:\/\/jornalfatosenoticias.com.br\/wp-content\/uploads\/2022\/01\/arvore-biblioteca-3-768x1024.jpg\" alt=\"\" class=\"wp-image-26853\" srcset=\"https:\/\/jornalfatosenoticias.com.br\/wp-content\/uploads\/2022\/01\/arvore-biblioteca-3-768x1024.jpg 768w, https:\/\/jornalfatosenoticias.com.br\/wp-content\/uploads\/2022\/01\/arvore-biblioteca-3-225x300.jpg 225w, https:\/\/jornalfatosenoticias.com.br\/wp-content\/uploads\/2022\/01\/arvore-biblioteca-3.jpg 1000w\" sizes=\"auto, (max-width: 768px) 100vw, 768px\" \/><figcaption><em><span class=\"has-inline-color has-black-color\">(Foto: Priceypads\/Sharalee Armitage Howard)<\/span><\/em><\/figcaption><\/figure>\n\n\n\n<p>A biblioteca na toca \u00e9 digna de um conto de fadas. O leitor \u00e9 conduzido por uma escadinha de pedras que leva \u00e0 se\u00e7\u00e3o de livros protegidos por uma porta de vidro. Por dentro, a ilumina\u00e7\u00e3o cria uma atmosfera aconchegante assim como a l\u00e2mpada no exterior. A livraria \u00e9 \u201ccoberta\u201d com telhado inclinado e emoldurada com livros em miniatura, que d\u00e3o o toque final.<br>Em 2020, Sharalee anunciou em seu perfil pessoal do Facebook que estava colocando sua casa \u00e0 venda. Exatamente a resid\u00eancia atr\u00e1s da livraria. De todo modo, o projeto est\u00e1 listado na organiza\u00e7\u00e3o sem fins lucrativos \u201cLittle Free Library\u201d, que registra experi\u00eancias de bibliotecas comunit\u00e1rias ao redor do mundo. Imagens do street view, de setembro de 2021, mostram que a inusitada biblioteca segue em funcionamento.<\/p>\n\n\n\n<figure class=\"wp-block-image size-large\"><img loading=\"lazy\" decoding=\"async\" width=\"1000\" height=\"599\" src=\"https:\/\/jornalfatosenoticias.com.br\/wp-content\/uploads\/2022\/01\/arvore-biblioteca-ciclovivo-4.jpg\" alt=\"\" class=\"wp-image-26854\" srcset=\"https:\/\/jornalfatosenoticias.com.br\/wp-content\/uploads\/2022\/01\/arvore-biblioteca-ciclovivo-4.jpg 1000w, https:\/\/jornalfatosenoticias.com.br\/wp-content\/uploads\/2022\/01\/arvore-biblioteca-ciclovivo-4-300x180.jpg 300w, https:\/\/jornalfatosenoticias.com.br\/wp-content\/uploads\/2022\/01\/arvore-biblioteca-ciclovivo-4-768x460.jpg 768w\" sizes=\"auto, (max-width: 1000px) 100vw, 1000px\" \/><figcaption><em><span class=\"has-inline-color has-black-color\">(Foto: Priceypads\/Sharalee Armitage Howard)<\/span><\/em><\/figcaption><\/figure>\n\n\n\n<p><strong><span class=\"has-inline-color has-vivid-green-cyan-color\">\u00c1rvore morta<br><\/span><\/strong>At\u00e9 as \u00e1rvores mortas podem abrigar outras formas de vida, como \u00e9 o caso das aves que fazem seus ninhos em pequenas cavidades. Entretanto, \u00e0s vezes n\u00e3o tem jeito. \u00c9 preciso cort\u00e1-la quando h\u00e1 risco de queda e consequente acidente. Nestas horas, h\u00e1 algo que pode ser aproveitado? Os res\u00edduos de poda e\/ou remo\u00e7\u00e3o das \u00e1rvores, como galhos e folhas, podem ser triturados e aplicados no processo de compostagem \u2014 o que, ali\u00e1s, muitas prefeituras j\u00e1 fazem. Agora, se no seu quintal restou apenas um toco de \u00e1rvore, que tal se inspirar na atitude da bibliotec\u00e1ria? Voc\u00ea pode come\u00e7ar conhecendo o mapa das <a href=\"http:\/\/www.bibliotecasdobrasil.com\/p\/mapa-da-bibliotecas-do-brasil.html\" target=\"_blank\" rel=\"noreferrer noopener\">Bibliotecas do Brasil<\/a>.<\/p>\n\n\n\n<figure class=\"wp-block-image size-large\"><img loading=\"lazy\" decoding=\"async\" width=\"1000\" height=\"750\" src=\"https:\/\/jornalfatosenoticias.com.br\/wp-content\/uploads\/2022\/01\/arvore-biblioteca-5.jpg\" alt=\"\" class=\"wp-image-26855\" srcset=\"https:\/\/jornalfatosenoticias.com.br\/wp-content\/uploads\/2022\/01\/arvore-biblioteca-5.jpg 1000w, https:\/\/jornalfatosenoticias.com.br\/wp-content\/uploads\/2022\/01\/arvore-biblioteca-5-300x225.jpg 300w, https:\/\/jornalfatosenoticias.com.br\/wp-content\/uploads\/2022\/01\/arvore-biblioteca-5-768x576.jpg 768w\" sizes=\"auto, (max-width: 1000px) 100vw, 1000px\" \/><figcaption><em><span class=\"has-inline-color has-black-color\">(Foto: Priceypads\/Sharalee Armitage Howard)<\/span><\/em><\/figcaption><\/figure>\n\n\n\n<p><strong><em>Fonte: <a href=\"https:\/\/ciclovivo.com.br\/inovacao\/inspiracao\/arvore-morta-renasce-como-biblioteca-comunitaria\/?amp=1\">CicloVivo<\/a><\/em><\/strong><\/p>\n","protected":false},"excerpt":{"rendered":"<p>Um toco de \u00e1rvore de mais de 110 anos virou um espa\u00e7o de leitura compartilhado Um toco de \u00e1rvore de 110 anos virou um espa\u00e7o de leitura compartilhado nas m\u00e3os de Sharalee Armitage Howard, de Idaho, nos Estados Unidos. M\u00e3e, artista e funcion\u00e1ria da biblioteca p\u00fablica da cidade de Coeur d\u2019Alene, Sharalee deu nova vida [&hellip;]<\/p>\n","protected":false},"author":2,"featured_media":26856,"comment_status":"open","ping_status":"open","sticky":false,"template":"","format":"standard","meta":{"footnotes":""},"categories":[4],"tags":[9582,12900,12901,6743,12902,5390],"class_list":["post-26851","post","type-post","status-publish","format-standard","has-post-thumbnail","hentry","category-cultura","tag-arvore","tag-arvore-morta","tag-arvore-biblioteca","tag-biblioteca-comunitaria","tag-espaco-de-leitura","tag-livros"],"yoast_head":"<!-- This site is optimized with the Yoast SEO plugin v26.5 - https:\/\/yoast.com\/wordpress\/plugins\/seo\/ -->\n<title>\u00c1rvore morta \u201crenasce\u201d como biblioteca comunit\u00e1ria - Jornal Fatos e Not\u00edcias<\/title>\n<meta name=\"robots\" content=\"index, follow, max-snippet:-1, max-image-preview:large, max-video-preview:-1\" \/>\n<link rel=\"canonical\" href=\"https:\/\/jornalfatosenoticias.com.br\/index.php\/2022\/01\/17\/arvore-morta-renasce-como-biblioteca-comunitaria\/\" \/>\n<meta property=\"og:locale\" content=\"pt_BR\" \/>\n<meta property=\"og:type\" content=\"article\" \/>\n<meta property=\"og:title\" content=\"\u00c1rvore morta \u201crenasce\u201d como biblioteca comunit\u00e1ria - Jornal Fatos e Not\u00edcias\" \/>\n<meta property=\"og:description\" content=\"Um toco de \u00e1rvore de mais de 110 anos virou um espa\u00e7o de leitura compartilhado Um toco de \u00e1rvore de 110 anos virou um espa\u00e7o de leitura compartilhado nas m\u00e3os de Sharalee Armitage Howard, de Idaho, nos Estados Unidos. M\u00e3e, artista e funcion\u00e1ria da biblioteca p\u00fablica da cidade de Coeur d\u2019Alene, Sharalee deu nova vida [&hellip;]\" \/>\n<meta property=\"og:url\" content=\"https:\/\/jornalfatosenoticias.com.br\/index.php\/2022\/01\/17\/arvore-morta-renasce-como-biblioteca-comunitaria\/\" \/>\n<meta property=\"og:site_name\" content=\"Jornal Fatos e Not\u00edcias\" \/>\n<meta property=\"article:published_time\" content=\"2022-01-17T16:34:16+00:00\" \/>\n<meta property=\"article:modified_time\" content=\"2022-01-17T16:34:17+00:00\" \/>\n<meta property=\"og:image\" content=\"https:\/\/jornalfatosenoticias.com.br\/wp-content\/uploads\/2022\/01\/arvore-biblioteca-1.jpg\" \/>\n\t<meta property=\"og:image:width\" content=\"1000\" \/>\n\t<meta property=\"og:image:height\" content=\"574\" \/>\n\t<meta property=\"og:image:type\" content=\"image\/jpeg\" \/>\n<meta name=\"author\" content=\"Luzimara Fernandes\" \/>\n<meta name=\"twitter:card\" content=\"summary_large_image\" \/>\n<meta name=\"twitter:label1\" content=\"Escrito por\" \/>\n\t<meta name=\"twitter:data1\" content=\"Luzimara Fernandes\" \/>\n\t<meta name=\"twitter:label2\" content=\"Est. tempo de leitura\" \/>\n\t<meta name=\"twitter:data2\" content=\"2 minutos\" \/>\n<script type=\"application\/ld+json\" class=\"yoast-schema-graph\">{\"@context\":\"https:\/\/schema.org\",\"@graph\":[{\"@type\":\"Article\",\"@id\":\"https:\/\/jornalfatosenoticias.com.br\/index.php\/2022\/01\/17\/arvore-morta-renasce-como-biblioteca-comunitaria\/#article\",\"isPartOf\":{\"@id\":\"https:\/\/jornalfatosenoticias.com.br\/index.php\/2022\/01\/17\/arvore-morta-renasce-como-biblioteca-comunitaria\/\"},\"author\":{\"name\":\"Luzimara Fernandes\",\"@id\":\"https:\/\/jornalfatosenoticias.com.br\/#\/schema\/person\/d63837fa13ac8666eb9e74e0985d6f81\"},\"headline\":\"\u00c1rvore morta \u201crenasce\u201d como biblioteca comunit\u00e1ria\",\"datePublished\":\"2022-01-17T16:34:16+00:00\",\"dateModified\":\"2022-01-17T16:34:17+00:00\",\"mainEntityOfPage\":{\"@id\":\"https:\/\/jornalfatosenoticias.com.br\/index.php\/2022\/01\/17\/arvore-morta-renasce-como-biblioteca-comunitaria\/\"},\"wordCount\":461,\"commentCount\":0,\"publisher\":{\"@id\":\"https:\/\/jornalfatosenoticias.com.br\/#organization\"},\"image\":{\"@id\":\"https:\/\/jornalfatosenoticias.com.br\/index.php\/2022\/01\/17\/arvore-morta-renasce-como-biblioteca-comunitaria\/#primaryimage\"},\"thumbnailUrl\":\"https:\/\/jornalfatosenoticias.com.br\/wp-content\/uploads\/2022\/01\/arvore-biblioteca-1.jpg\",\"keywords\":[\"\u00c1rvore\",\"\u00e1rvore morta\",\"\u00e1rvore-biblioteca\",\"biblioteca comunit\u00e1ria\",\"espa\u00e7o de leitura\",\"livros\"],\"articleSection\":[\"Cultura\"],\"inLanguage\":\"pt-BR\",\"potentialAction\":[{\"@type\":\"CommentAction\",\"name\":\"Comment\",\"target\":[\"https:\/\/jornalfatosenoticias.com.br\/index.php\/2022\/01\/17\/arvore-morta-renasce-como-biblioteca-comunitaria\/#respond\"]}]},{\"@type\":\"WebPage\",\"@id\":\"https:\/\/jornalfatosenoticias.com.br\/index.php\/2022\/01\/17\/arvore-morta-renasce-como-biblioteca-comunitaria\/\",\"url\":\"https:\/\/jornalfatosenoticias.com.br\/index.php\/2022\/01\/17\/arvore-morta-renasce-como-biblioteca-comunitaria\/\",\"name\":\"\u00c1rvore morta \u201crenasce\u201d como biblioteca comunit\u00e1ria - Jornal Fatos e Not\u00edcias\",\"isPartOf\":{\"@id\":\"https:\/\/jornalfatosenoticias.com.br\/#website\"},\"primaryImageOfPage\":{\"@id\":\"https:\/\/jornalfatosenoticias.com.br\/index.php\/2022\/01\/17\/arvore-morta-renasce-como-biblioteca-comunitaria\/#primaryimage\"},\"image\":{\"@id\":\"https:\/\/jornalfatosenoticias.com.br\/index.php\/2022\/01\/17\/arvore-morta-renasce-como-biblioteca-comunitaria\/#primaryimage\"},\"thumbnailUrl\":\"https:\/\/jornalfatosenoticias.com.br\/wp-content\/uploads\/2022\/01\/arvore-biblioteca-1.jpg\",\"datePublished\":\"2022-01-17T16:34:16+00:00\",\"dateModified\":\"2022-01-17T16:34:17+00:00\",\"breadcrumb\":{\"@id\":\"https:\/\/jornalfatosenoticias.com.br\/index.php\/2022\/01\/17\/arvore-morta-renasce-como-biblioteca-comunitaria\/#breadcrumb\"},\"inLanguage\":\"pt-BR\",\"potentialAction\":[{\"@type\":\"ReadAction\",\"target\":[\"https:\/\/jornalfatosenoticias.com.br\/index.php\/2022\/01\/17\/arvore-morta-renasce-como-biblioteca-comunitaria\/\"]}]},{\"@type\":\"ImageObject\",\"inLanguage\":\"pt-BR\",\"@id\":\"https:\/\/jornalfatosenoticias.com.br\/index.php\/2022\/01\/17\/arvore-morta-renasce-como-biblioteca-comunitaria\/#primaryimage\",\"url\":\"https:\/\/jornalfatosenoticias.com.br\/wp-content\/uploads\/2022\/01\/arvore-biblioteca-1.jpg\",\"contentUrl\":\"https:\/\/jornalfatosenoticias.com.br\/wp-content\/uploads\/2022\/01\/arvore-biblioteca-1.jpg\",\"width\":1000,\"height\":574},{\"@type\":\"BreadcrumbList\",\"@id\":\"https:\/\/jornalfatosenoticias.com.br\/index.php\/2022\/01\/17\/arvore-morta-renasce-como-biblioteca-comunitaria\/#breadcrumb\",\"itemListElement\":[{\"@type\":\"ListItem\",\"position\":1,\"name\":\"In\u00edcio\",\"item\":\"https:\/\/jornalfatosenoticias.com.br\/\"},{\"@type\":\"ListItem\",\"position\":2,\"name\":\"\u00c1rvore morta \u201crenasce\u201d como biblioteca comunit\u00e1ria\"}]},{\"@type\":\"WebSite\",\"@id\":\"https:\/\/jornalfatosenoticias.com.br\/#website\",\"url\":\"https:\/\/jornalfatosenoticias.com.br\/\",\"name\":\"Jornal Fatos e Not\u00edcias\",\"description\":\"Not\u00edcias em geral\",\"publisher\":{\"@id\":\"https:\/\/jornalfatosenoticias.com.br\/#organization\"},\"potentialAction\":[{\"@type\":\"SearchAction\",\"target\":{\"@type\":\"EntryPoint\",\"urlTemplate\":\"https:\/\/jornalfatosenoticias.com.br\/?s={search_term_string}\"},\"query-input\":{\"@type\":\"PropertyValueSpecification\",\"valueRequired\":true,\"valueName\":\"search_term_string\"}}],\"inLanguage\":\"pt-BR\"},{\"@type\":\"Organization\",\"@id\":\"https:\/\/jornalfatosenoticias.com.br\/#organization\",\"name\":\"Jornal Fatos e Not\u00edcias\",\"url\":\"https:\/\/jornalfatosenoticias.com.br\/\",\"logo\":{\"@type\":\"ImageObject\",\"inLanguage\":\"pt-BR\",\"@id\":\"https:\/\/jornalfatosenoticias.com.br\/#\/schema\/logo\/image\/\",\"url\":\"https:\/\/jornalfatosenoticias.com.br\/wp-content\/uploads\/2020\/02\/logo120.png\",\"contentUrl\":\"https:\/\/jornalfatosenoticias.com.br\/wp-content\/uploads\/2020\/02\/logo120.png\",\"width\":1227,\"height\":120,\"caption\":\"Jornal Fatos e Not\u00edcias\"},\"image\":{\"@id\":\"https:\/\/jornalfatosenoticias.com.br\/#\/schema\/logo\/image\/\"}},{\"@type\":\"Person\",\"@id\":\"https:\/\/jornalfatosenoticias.com.br\/#\/schema\/person\/d63837fa13ac8666eb9e74e0985d6f81\",\"name\":\"Luzimara Fernandes\",\"image\":{\"@type\":\"ImageObject\",\"inLanguage\":\"pt-BR\",\"@id\":\"https:\/\/jornalfatosenoticias.com.br\/#\/schema\/person\/image\/\",\"url\":\"https:\/\/jornalfatosenoticias.com.br\/wp-content\/uploads\/2025\/05\/EU_portal.jpg\",\"contentUrl\":\"https:\/\/jornalfatosenoticias.com.br\/wp-content\/uploads\/2025\/05\/EU_portal.jpg\",\"caption\":\"Luzimara Fernandes\"},\"description\":\"Jornalista MTB 2358-ES\",\"sameAs\":[\"https:\/\/jornalfatosenoticias.com.br\"],\"url\":\"https:\/\/jornalfatosenoticias.com.br\/index.php\/author\/luzimara\/\"}]}<\/script>\n<!-- \/ Yoast SEO plugin. -->","yoast_head_json":{"title":"\u00c1rvore morta \u201crenasce\u201d como biblioteca comunit\u00e1ria - Jornal Fatos e Not\u00edcias","robots":{"index":"index","follow":"follow","max-snippet":"max-snippet:-1","max-image-preview":"max-image-preview:large","max-video-preview":"max-video-preview:-1"},"canonical":"https:\/\/jornalfatosenoticias.com.br\/index.php\/2022\/01\/17\/arvore-morta-renasce-como-biblioteca-comunitaria\/","og_locale":"pt_BR","og_type":"article","og_title":"\u00c1rvore morta \u201crenasce\u201d como biblioteca comunit\u00e1ria - Jornal Fatos e Not\u00edcias","og_description":"Um toco de \u00e1rvore de mais de 110 anos virou um espa\u00e7o de leitura compartilhado Um toco de \u00e1rvore de 110 anos virou um espa\u00e7o de leitura compartilhado nas m\u00e3os de Sharalee Armitage Howard, de Idaho, nos Estados Unidos. M\u00e3e, artista e funcion\u00e1ria da biblioteca p\u00fablica da cidade de Coeur d\u2019Alene, Sharalee deu nova vida [&hellip;]","og_url":"https:\/\/jornalfatosenoticias.com.br\/index.php\/2022\/01\/17\/arvore-morta-renasce-como-biblioteca-comunitaria\/","og_site_name":"Jornal Fatos e Not\u00edcias","article_published_time":"2022-01-17T16:34:16+00:00","article_modified_time":"2022-01-17T16:34:17+00:00","og_image":[{"width":1000,"height":574,"url":"https:\/\/jornalfatosenoticias.com.br\/wp-content\/uploads\/2022\/01\/arvore-biblioteca-1.jpg","type":"image\/jpeg"}],"author":"Luzimara Fernandes","twitter_card":"summary_large_image","twitter_misc":{"Escrito por":"Luzimara Fernandes","Est. tempo de leitura":"2 minutos"},"schema":{"@context":"https:\/\/schema.org","@graph":[{"@type":"Article","@id":"https:\/\/jornalfatosenoticias.com.br\/index.php\/2022\/01\/17\/arvore-morta-renasce-como-biblioteca-comunitaria\/#article","isPartOf":{"@id":"https:\/\/jornalfatosenoticias.com.br\/index.php\/2022\/01\/17\/arvore-morta-renasce-como-biblioteca-comunitaria\/"},"author":{"name":"Luzimara Fernandes","@id":"https:\/\/jornalfatosenoticias.com.br\/#\/schema\/person\/d63837fa13ac8666eb9e74e0985d6f81"},"headline":"\u00c1rvore morta \u201crenasce\u201d como biblioteca comunit\u00e1ria","datePublished":"2022-01-17T16:34:16+00:00","dateModified":"2022-01-17T16:34:17+00:00","mainEntityOfPage":{"@id":"https:\/\/jornalfatosenoticias.com.br\/index.php\/2022\/01\/17\/arvore-morta-renasce-como-biblioteca-comunitaria\/"},"wordCount":461,"commentCount":0,"publisher":{"@id":"https:\/\/jornalfatosenoticias.com.br\/#organization"},"image":{"@id":"https:\/\/jornalfatosenoticias.com.br\/index.php\/2022\/01\/17\/arvore-morta-renasce-como-biblioteca-comunitaria\/#primaryimage"},"thumbnailUrl":"https:\/\/jornalfatosenoticias.com.br\/wp-content\/uploads\/2022\/01\/arvore-biblioteca-1.jpg","keywords":["\u00c1rvore","\u00e1rvore morta","\u00e1rvore-biblioteca","biblioteca comunit\u00e1ria","espa\u00e7o de leitura","livros"],"articleSection":["Cultura"],"inLanguage":"pt-BR","potentialAction":[{"@type":"CommentAction","name":"Comment","target":["https:\/\/jornalfatosenoticias.com.br\/index.php\/2022\/01\/17\/arvore-morta-renasce-como-biblioteca-comunitaria\/#respond"]}]},{"@type":"WebPage","@id":"https:\/\/jornalfatosenoticias.com.br\/index.php\/2022\/01\/17\/arvore-morta-renasce-como-biblioteca-comunitaria\/","url":"https:\/\/jornalfatosenoticias.com.br\/index.php\/2022\/01\/17\/arvore-morta-renasce-como-biblioteca-comunitaria\/","name":"\u00c1rvore morta \u201crenasce\u201d como biblioteca comunit\u00e1ria - Jornal Fatos e Not\u00edcias","isPartOf":{"@id":"https:\/\/jornalfatosenoticias.com.br\/#website"},"primaryImageOfPage":{"@id":"https:\/\/jornalfatosenoticias.com.br\/index.php\/2022\/01\/17\/arvore-morta-renasce-como-biblioteca-comunitaria\/#primaryimage"},"image":{"@id":"https:\/\/jornalfatosenoticias.com.br\/index.php\/2022\/01\/17\/arvore-morta-renasce-como-biblioteca-comunitaria\/#primaryimage"},"thumbnailUrl":"https:\/\/jornalfatosenoticias.com.br\/wp-content\/uploads\/2022\/01\/arvore-biblioteca-1.jpg","datePublished":"2022-01-17T16:34:16+00:00","dateModified":"2022-01-17T16:34:17+00:00","breadcrumb":{"@id":"https:\/\/jornalfatosenoticias.com.br\/index.php\/2022\/01\/17\/arvore-morta-renasce-como-biblioteca-comunitaria\/#breadcrumb"},"inLanguage":"pt-BR","potentialAction":[{"@type":"ReadAction","target":["https:\/\/jornalfatosenoticias.com.br\/index.php\/2022\/01\/17\/arvore-morta-renasce-como-biblioteca-comunitaria\/"]}]},{"@type":"ImageObject","inLanguage":"pt-BR","@id":"https:\/\/jornalfatosenoticias.com.br\/index.php\/2022\/01\/17\/arvore-morta-renasce-como-biblioteca-comunitaria\/#primaryimage","url":"https:\/\/jornalfatosenoticias.com.br\/wp-content\/uploads\/2022\/01\/arvore-biblioteca-1.jpg","contentUrl":"https:\/\/jornalfatosenoticias.com.br\/wp-content\/uploads\/2022\/01\/arvore-biblioteca-1.jpg","width":1000,"height":574},{"@type":"BreadcrumbList","@id":"https:\/\/jornalfatosenoticias.com.br\/index.php\/2022\/01\/17\/arvore-morta-renasce-como-biblioteca-comunitaria\/#breadcrumb","itemListElement":[{"@type":"ListItem","position":1,"name":"In\u00edcio","item":"https:\/\/jornalfatosenoticias.com.br\/"},{"@type":"ListItem","position":2,"name":"\u00c1rvore morta \u201crenasce\u201d como biblioteca comunit\u00e1ria"}]},{"@type":"WebSite","@id":"https:\/\/jornalfatosenoticias.com.br\/#website","url":"https:\/\/jornalfatosenoticias.com.br\/","name":"Jornal Fatos e Not\u00edcias","description":"Not\u00edcias em geral","publisher":{"@id":"https:\/\/jornalfatosenoticias.com.br\/#organization"},"potentialAction":[{"@type":"SearchAction","target":{"@type":"EntryPoint","urlTemplate":"https:\/\/jornalfatosenoticias.com.br\/?s={search_term_string}"},"query-input":{"@type":"PropertyValueSpecification","valueRequired":true,"valueName":"search_term_string"}}],"inLanguage":"pt-BR"},{"@type":"Organization","@id":"https:\/\/jornalfatosenoticias.com.br\/#organization","name":"Jornal Fatos e Not\u00edcias","url":"https:\/\/jornalfatosenoticias.com.br\/","logo":{"@type":"ImageObject","inLanguage":"pt-BR","@id":"https:\/\/jornalfatosenoticias.com.br\/#\/schema\/logo\/image\/","url":"https:\/\/jornalfatosenoticias.com.br\/wp-content\/uploads\/2020\/02\/logo120.png","contentUrl":"https:\/\/jornalfatosenoticias.com.br\/wp-content\/uploads\/2020\/02\/logo120.png","width":1227,"height":120,"caption":"Jornal Fatos e Not\u00edcias"},"image":{"@id":"https:\/\/jornalfatosenoticias.com.br\/#\/schema\/logo\/image\/"}},{"@type":"Person","@id":"https:\/\/jornalfatosenoticias.com.br\/#\/schema\/person\/d63837fa13ac8666eb9e74e0985d6f81","name":"Luzimara Fernandes","image":{"@type":"ImageObject","inLanguage":"pt-BR","@id":"https:\/\/jornalfatosenoticias.com.br\/#\/schema\/person\/image\/","url":"https:\/\/jornalfatosenoticias.com.br\/wp-content\/uploads\/2025\/05\/EU_portal.jpg","contentUrl":"https:\/\/jornalfatosenoticias.com.br\/wp-content\/uploads\/2025\/05\/EU_portal.jpg","caption":"Luzimara Fernandes"},"description":"Jornalista MTB 2358-ES","sameAs":["https:\/\/jornalfatosenoticias.com.br"],"url":"https:\/\/jornalfatosenoticias.com.br\/index.php\/author\/luzimara\/"}]}},"cc_featured_image_caption":{"caption_text":"(Foto: Priceypads\/Sharalee Armitage Howard) ","source_text":"","source_url":""},"jetpack_featured_media_url":"https:\/\/jornalfatosenoticias.com.br\/wp-content\/uploads\/2022\/01\/arvore-biblioteca-1.jpg","_links":{"self":[{"href":"https:\/\/jornalfatosenoticias.com.br\/index.php\/wp-json\/wp\/v2\/posts\/26851","targetHints":{"allow":["GET"]}}],"collection":[{"href":"https:\/\/jornalfatosenoticias.com.br\/index.php\/wp-json\/wp\/v2\/posts"}],"about":[{"href":"https:\/\/jornalfatosenoticias.com.br\/index.php\/wp-json\/wp\/v2\/types\/post"}],"author":[{"embeddable":true,"href":"https:\/\/jornalfatosenoticias.com.br\/index.php\/wp-json\/wp\/v2\/users\/2"}],"replies":[{"embeddable":true,"href":"https:\/\/jornalfatosenoticias.com.br\/index.php\/wp-json\/wp\/v2\/comments?post=26851"}],"version-history":[{"count":0,"href":"https:\/\/jornalfatosenoticias.com.br\/index.php\/wp-json\/wp\/v2\/posts\/26851\/revisions"}],"wp:featuredmedia":[{"embeddable":true,"href":"https:\/\/jornalfatosenoticias.com.br\/index.php\/wp-json\/wp\/v2\/media\/26856"}],"wp:attachment":[{"href":"https:\/\/jornalfatosenoticias.com.br\/index.php\/wp-json\/wp\/v2\/media?parent=26851"}],"wp:term":[{"taxonomy":"category","embeddable":true,"href":"https:\/\/jornalfatosenoticias.com.br\/index.php\/wp-json\/wp\/v2\/categories?post=26851"},{"taxonomy":"post_tag","embeddable":true,"href":"https:\/\/jornalfatosenoticias.com.br\/index.php\/wp-json\/wp\/v2\/tags?post=26851"}],"curies":[{"name":"wp","href":"https:\/\/api.w.org\/{rel}","templated":true}]}}