{"id":26858,"date":"2022-01-17T13:39:37","date_gmt":"2022-01-17T16:39:37","guid":{"rendered":"https:\/\/jornalfatosenoticias.com.br\/?p=26858"},"modified":"2022-01-17T13:39:40","modified_gmt":"2022-01-17T16:39:40","slug":"atividade-economica-cresce-069-em-novembro-diz-banco-central","status":"publish","type":"post","link":"https:\/\/jornalfatosenoticias.com.br\/index.php\/2022\/01\/17\/atividade-economica-cresce-069-em-novembro-diz-banco-central\/","title":{"rendered":"Atividade econ\u00f4mica cresce 0,69% em novembro, diz Banco Central"},"content":{"rendered":"\n<p><em><span class=\"has-inline-color has-black-color\">Percentual de novembro \u00e9 pr\u00e9via do Produto Interno Bruto \u2014 PIB<\/span><\/em><\/p>\n\n\n\n<p>O \u00cdndice de Atividade Econ\u00f4mica (IBC-Br) apresentou alta de 0,69% registrado em novembro de 2021, na compara\u00e7\u00e3o com outubro, percentual j\u00e1 dessazonalizado para compensar eventuais diferen\u00e7as entre os per\u00edodos, como o n\u00famero maior de feriados ou fins de semana.<br>O dado, uma esp\u00e9cie de pr\u00e9via do Produto Interno Bruto (PIB, a soma de todos os bens e servi\u00e7os produzidos no pa\u00eds) foi divulgado hoje (17), em Bras\u00edlia, pelo Banco Central. Apesar da alta, o trimestre ainda apresenta n\u00famero negativo (-0,79%), devido a uma sequ\u00eancia anterior de recuos, segundo os n\u00fameros apresentados pela autoridade monet\u00e1ria.<br>Na compara\u00e7\u00e3o com novembro de 2020, quando os efeitos da pandemia estavam mais acentuados, o indicador tem alta de 0,43%; e no acumulado do ano (janeiro a novembro de 2021) a varia\u00e7\u00e3o observada, sem ajuste sazonal, ficou em 4,59%. No acumulado de 12 meses, novembro tem alta de 4,30%.<\/p>\n\n\n\n<p><strong><span class=\"has-inline-color has-black-color\">Selic e c\u00e2mbio<br><\/span><\/strong>O IBC-Br incorpora informa\u00e7\u00f5es sobre o n\u00edvel de atividade dos tr\u00eas setores da economia: a ind\u00fastria, o com\u00e9rcio e os servi\u00e7os e a agropecu\u00e1ria, al\u00e9m do volume de impostos. O \u00edndice \u00e9 uma forma de avaliar a evolu\u00e7\u00e3o da atividade econ\u00f4mica brasileira e ajuda o Banco Central a tomar decis\u00f5es sobre a taxa b\u00e1sica de juros, a Selic, definida atualmente em 9,25% ao ano.<br>A previs\u00e3o do mercado para a taxa b\u00e1sica de juros, a Selic, ao final de 2022, \u00e9 de 11,75% ao ano, conforme boletim divulgado pelo Banco Central no in\u00edcio do m\u00eas.<\/p>\n\n\n\n<p><strong><em>Fonte: <a href=\"https:\/\/agenciabrasil.ebc.com.br\/economia\/noticia\/2022-01\/banco-central-diz-que-atividade-economica-cresce-069\">Ag\u00eancia Brasil<\/a><\/em><\/strong><\/p>\n","protected":false},"excerpt":{"rendered":"<p>Percentual de novembro \u00e9 pr\u00e9via do Produto Interno Bruto \u2014 PIB O \u00cdndice de Atividade Econ\u00f4mica (IBC-Br) apresentou alta de 0,69% registrado em novembro de 2021, na compara\u00e7\u00e3o com outubro, percentual j\u00e1 dessazonalizado para compensar eventuais diferen\u00e7as entre os per\u00edodos, como o n\u00famero maior de feriados ou fins de semana.O dado, uma esp\u00e9cie de pr\u00e9via [&hellip;]<\/p>\n","protected":false},"author":2,"featured_media":26859,"comment_status":"open","ping_status":"open","sticky":false,"template":"","format":"standard","meta":{"footnotes":""},"categories":[9],"tags":[12903,489,278],"class_list":["post-26858","post","type-post","status-publish","format-standard","has-post-thumbnail","hentry","category-economia","tag-atividade-economica","tag-banco-central","tag-pib"],"yoast_head":"<!-- This site is optimized with the Yoast SEO plugin v26.5 - https:\/\/yoast.com\/wordpress\/plugins\/seo\/ -->\n<title>Atividade econ\u00f4mica cresce 0,69% em novembro, diz Banco Central - Jornal Fatos e Not\u00edcias<\/title>\n<meta name=\"robots\" content=\"index, follow, max-snippet:-1, max-image-preview:large, max-video-preview:-1\" \/>\n<link rel=\"canonical\" href=\"https:\/\/jornalfatosenoticias.com.br\/index.php\/2022\/01\/17\/atividade-economica-cresce-069-em-novembro-diz-banco-central\/\" \/>\n<meta property=\"og:locale\" content=\"pt_BR\" \/>\n<meta property=\"og:type\" content=\"article\" \/>\n<meta property=\"og:title\" content=\"Atividade econ\u00f4mica cresce 0,69% em novembro, diz Banco Central - Jornal Fatos e Not\u00edcias\" \/>\n<meta property=\"og:description\" content=\"Percentual de novembro \u00e9 pr\u00e9via do Produto Interno Bruto \u2014 PIB O \u00cdndice de Atividade Econ\u00f4mica (IBC-Br) apresentou alta de 0,69% registrado em novembro de 2021, na compara\u00e7\u00e3o com outubro, percentual j\u00e1 dessazonalizado para compensar eventuais diferen\u00e7as entre os per\u00edodos, como o n\u00famero maior de feriados ou fins de semana.O dado, uma esp\u00e9cie de pr\u00e9via [&hellip;]\" \/>\n<meta property=\"og:url\" content=\"https:\/\/jornalfatosenoticias.com.br\/index.php\/2022\/01\/17\/atividade-economica-cresce-069-em-novembro-diz-banco-central\/\" \/>\n<meta property=\"og:site_name\" content=\"Jornal Fatos e Not\u00edcias\" \/>\n<meta property=\"article:published_time\" content=\"2022-01-17T16:39:37+00:00\" \/>\n<meta property=\"article:modified_time\" content=\"2022-01-17T16:39:40+00:00\" \/>\n<meta property=\"og:image\" content=\"https:\/\/jornalfatosenoticias.com.br\/wp-content\/uploads\/2022\/01\/economia-1.jpg\" \/>\n\t<meta property=\"og:image:width\" content=\"1000\" \/>\n\t<meta property=\"og:image:height\" content=\"598\" \/>\n\t<meta property=\"og:image:type\" content=\"image\/jpeg\" \/>\n<meta name=\"author\" content=\"Luzimara Fernandes\" \/>\n<meta name=\"twitter:card\" content=\"summary_large_image\" \/>\n<meta name=\"twitter:label1\" content=\"Escrito por\" \/>\n\t<meta name=\"twitter:data1\" content=\"Luzimara Fernandes\" \/>\n\t<meta name=\"twitter:label2\" content=\"Est. tempo de leitura\" \/>\n\t<meta name=\"twitter:data2\" content=\"1 minuto\" \/>\n<script type=\"application\/ld+json\" class=\"yoast-schema-graph\">{\"@context\":\"https:\/\/schema.org\",\"@graph\":[{\"@type\":\"Article\",\"@id\":\"https:\/\/jornalfatosenoticias.com.br\/index.php\/2022\/01\/17\/atividade-economica-cresce-069-em-novembro-diz-banco-central\/#article\",\"isPartOf\":{\"@id\":\"https:\/\/jornalfatosenoticias.com.br\/index.php\/2022\/01\/17\/atividade-economica-cresce-069-em-novembro-diz-banco-central\/\"},\"author\":{\"name\":\"Luzimara Fernandes\",\"@id\":\"https:\/\/jornalfatosenoticias.com.br\/#\/schema\/person\/d63837fa13ac8666eb9e74e0985d6f81\"},\"headline\":\"Atividade econ\u00f4mica cresce 0,69% em novembro, diz Banco Central\",\"datePublished\":\"2022-01-17T16:39:37+00:00\",\"dateModified\":\"2022-01-17T16:39:40+00:00\",\"mainEntityOfPage\":{\"@id\":\"https:\/\/jornalfatosenoticias.com.br\/index.php\/2022\/01\/17\/atividade-economica-cresce-069-em-novembro-diz-banco-central\/\"},\"wordCount\":283,\"commentCount\":0,\"publisher\":{\"@id\":\"https:\/\/jornalfatosenoticias.com.br\/#organization\"},\"image\":{\"@id\":\"https:\/\/jornalfatosenoticias.com.br\/index.php\/2022\/01\/17\/atividade-economica-cresce-069-em-novembro-diz-banco-central\/#primaryimage\"},\"thumbnailUrl\":\"https:\/\/jornalfatosenoticias.com.br\/wp-content\/uploads\/2022\/01\/economia-1.jpg\",\"keywords\":[\"atividade econ\u00f4mica\",\"Banco Central\",\"PIB\"],\"articleSection\":[\"Economia\"],\"inLanguage\":\"pt-BR\",\"potentialAction\":[{\"@type\":\"CommentAction\",\"name\":\"Comment\",\"target\":[\"https:\/\/jornalfatosenoticias.com.br\/index.php\/2022\/01\/17\/atividade-economica-cresce-069-em-novembro-diz-banco-central\/#respond\"]}]},{\"@type\":\"WebPage\",\"@id\":\"https:\/\/jornalfatosenoticias.com.br\/index.php\/2022\/01\/17\/atividade-economica-cresce-069-em-novembro-diz-banco-central\/\",\"url\":\"https:\/\/jornalfatosenoticias.com.br\/index.php\/2022\/01\/17\/atividade-economica-cresce-069-em-novembro-diz-banco-central\/\",\"name\":\"Atividade econ\u00f4mica cresce 0,69% em novembro, diz Banco Central - Jornal Fatos e Not\u00edcias\",\"isPartOf\":{\"@id\":\"https:\/\/jornalfatosenoticias.com.br\/#website\"},\"primaryImageOfPage\":{\"@id\":\"https:\/\/jornalfatosenoticias.com.br\/index.php\/2022\/01\/17\/atividade-economica-cresce-069-em-novembro-diz-banco-central\/#primaryimage\"},\"image\":{\"@id\":\"https:\/\/jornalfatosenoticias.com.br\/index.php\/2022\/01\/17\/atividade-economica-cresce-069-em-novembro-diz-banco-central\/#primaryimage\"},\"thumbnailUrl\":\"https:\/\/jornalfatosenoticias.com.br\/wp-content\/uploads\/2022\/01\/economia-1.jpg\",\"datePublished\":\"2022-01-17T16:39:37+00:00\",\"dateModified\":\"2022-01-17T16:39:40+00:00\",\"breadcrumb\":{\"@id\":\"https:\/\/jornalfatosenoticias.com.br\/index.php\/2022\/01\/17\/atividade-economica-cresce-069-em-novembro-diz-banco-central\/#breadcrumb\"},\"inLanguage\":\"pt-BR\",\"potentialAction\":[{\"@type\":\"ReadAction\",\"target\":[\"https:\/\/jornalfatosenoticias.com.br\/index.php\/2022\/01\/17\/atividade-economica-cresce-069-em-novembro-diz-banco-central\/\"]}]},{\"@type\":\"ImageObject\",\"inLanguage\":\"pt-BR\",\"@id\":\"https:\/\/jornalfatosenoticias.com.br\/index.php\/2022\/01\/17\/atividade-economica-cresce-069-em-novembro-diz-banco-central\/#primaryimage\",\"url\":\"https:\/\/jornalfatosenoticias.com.br\/wp-content\/uploads\/2022\/01\/economia-1.jpg\",\"contentUrl\":\"https:\/\/jornalfatosenoticias.com.br\/wp-content\/uploads\/2022\/01\/economia-1.jpg\",\"width\":1000,\"height\":598,\"caption\":\"Economia, Moeda Real,Dinheiro, Calculadora\"},{\"@type\":\"BreadcrumbList\",\"@id\":\"https:\/\/jornalfatosenoticias.com.br\/index.php\/2022\/01\/17\/atividade-economica-cresce-069-em-novembro-diz-banco-central\/#breadcrumb\",\"itemListElement\":[{\"@type\":\"ListItem\",\"position\":1,\"name\":\"In\u00edcio\",\"item\":\"https:\/\/jornalfatosenoticias.com.br\/\"},{\"@type\":\"ListItem\",\"position\":2,\"name\":\"Atividade econ\u00f4mica cresce 0,69% em novembro, diz Banco Central\"}]},{\"@type\":\"WebSite\",\"@id\":\"https:\/\/jornalfatosenoticias.com.br\/#website\",\"url\":\"https:\/\/jornalfatosenoticias.com.br\/\",\"name\":\"Jornal Fatos e Not\u00edcias\",\"description\":\"Not\u00edcias em geral\",\"publisher\":{\"@id\":\"https:\/\/jornalfatosenoticias.com.br\/#organization\"},\"potentialAction\":[{\"@type\":\"SearchAction\",\"target\":{\"@type\":\"EntryPoint\",\"urlTemplate\":\"https:\/\/jornalfatosenoticias.com.br\/?s={search_term_string}\"},\"query-input\":{\"@type\":\"PropertyValueSpecification\",\"valueRequired\":true,\"valueName\":\"search_term_string\"}}],\"inLanguage\":\"pt-BR\"},{\"@type\":\"Organization\",\"@id\":\"https:\/\/jornalfatosenoticias.com.br\/#organization\",\"name\":\"Jornal Fatos e Not\u00edcias\",\"url\":\"https:\/\/jornalfatosenoticias.com.br\/\",\"logo\":{\"@type\":\"ImageObject\",\"inLanguage\":\"pt-BR\",\"@id\":\"https:\/\/jornalfatosenoticias.com.br\/#\/schema\/logo\/image\/\",\"url\":\"https:\/\/jornalfatosenoticias.com.br\/wp-content\/uploads\/2020\/02\/logo120.png\",\"contentUrl\":\"https:\/\/jornalfatosenoticias.com.br\/wp-content\/uploads\/2020\/02\/logo120.png\",\"width\":1227,\"height\":120,\"caption\":\"Jornal Fatos e Not\u00edcias\"},\"image\":{\"@id\":\"https:\/\/jornalfatosenoticias.com.br\/#\/schema\/logo\/image\/\"}},{\"@type\":\"Person\",\"@id\":\"https:\/\/jornalfatosenoticias.com.br\/#\/schema\/person\/d63837fa13ac8666eb9e74e0985d6f81\",\"name\":\"Luzimara Fernandes\",\"image\":{\"@type\":\"ImageObject\",\"inLanguage\":\"pt-BR\",\"@id\":\"https:\/\/jornalfatosenoticias.com.br\/#\/schema\/person\/image\/\",\"url\":\"https:\/\/jornalfatosenoticias.com.br\/wp-content\/uploads\/2025\/05\/EU_portal.jpg\",\"contentUrl\":\"https:\/\/jornalfatosenoticias.com.br\/wp-content\/uploads\/2025\/05\/EU_portal.jpg\",\"caption\":\"Luzimara Fernandes\"},\"description\":\"Jornalista MTB 2358-ES\",\"sameAs\":[\"https:\/\/jornalfatosenoticias.com.br\"],\"url\":\"https:\/\/jornalfatosenoticias.com.br\/index.php\/author\/luzimara\/\"}]}<\/script>\n<!-- \/ Yoast SEO plugin. -->","yoast_head_json":{"title":"Atividade econ\u00f4mica cresce 0,69% em novembro, diz Banco Central - Jornal Fatos e Not\u00edcias","robots":{"index":"index","follow":"follow","max-snippet":"max-snippet:-1","max-image-preview":"max-image-preview:large","max-video-preview":"max-video-preview:-1"},"canonical":"https:\/\/jornalfatosenoticias.com.br\/index.php\/2022\/01\/17\/atividade-economica-cresce-069-em-novembro-diz-banco-central\/","og_locale":"pt_BR","og_type":"article","og_title":"Atividade econ\u00f4mica cresce 0,69% em novembro, diz Banco Central - Jornal Fatos e Not\u00edcias","og_description":"Percentual de novembro \u00e9 pr\u00e9via do Produto Interno Bruto \u2014 PIB O \u00cdndice de Atividade Econ\u00f4mica (IBC-Br) apresentou alta de 0,69% registrado em novembro de 2021, na compara\u00e7\u00e3o com outubro, percentual j\u00e1 dessazonalizado para compensar eventuais diferen\u00e7as entre os per\u00edodos, como o n\u00famero maior de feriados ou fins de semana.O dado, uma esp\u00e9cie de pr\u00e9via [&hellip;]","og_url":"https:\/\/jornalfatosenoticias.com.br\/index.php\/2022\/01\/17\/atividade-economica-cresce-069-em-novembro-diz-banco-central\/","og_site_name":"Jornal Fatos e Not\u00edcias","article_published_time":"2022-01-17T16:39:37+00:00","article_modified_time":"2022-01-17T16:39:40+00:00","og_image":[{"width":1000,"height":598,"url":"https:\/\/jornalfatosenoticias.com.br\/wp-content\/uploads\/2022\/01\/economia-1.jpg","type":"image\/jpeg"}],"author":"Luzimara Fernandes","twitter_card":"summary_large_image","twitter_misc":{"Escrito por":"Luzimara Fernandes","Est. tempo de leitura":"1 minuto"},"schema":{"@context":"https:\/\/schema.org","@graph":[{"@type":"Article","@id":"https:\/\/jornalfatosenoticias.com.br\/index.php\/2022\/01\/17\/atividade-economica-cresce-069-em-novembro-diz-banco-central\/#article","isPartOf":{"@id":"https:\/\/jornalfatosenoticias.com.br\/index.php\/2022\/01\/17\/atividade-economica-cresce-069-em-novembro-diz-banco-central\/"},"author":{"name":"Luzimara Fernandes","@id":"https:\/\/jornalfatosenoticias.com.br\/#\/schema\/person\/d63837fa13ac8666eb9e74e0985d6f81"},"headline":"Atividade econ\u00f4mica cresce 0,69% em novembro, diz Banco Central","datePublished":"2022-01-17T16:39:37+00:00","dateModified":"2022-01-17T16:39:40+00:00","mainEntityOfPage":{"@id":"https:\/\/jornalfatosenoticias.com.br\/index.php\/2022\/01\/17\/atividade-economica-cresce-069-em-novembro-diz-banco-central\/"},"wordCount":283,"commentCount":0,"publisher":{"@id":"https:\/\/jornalfatosenoticias.com.br\/#organization"},"image":{"@id":"https:\/\/jornalfatosenoticias.com.br\/index.php\/2022\/01\/17\/atividade-economica-cresce-069-em-novembro-diz-banco-central\/#primaryimage"},"thumbnailUrl":"https:\/\/jornalfatosenoticias.com.br\/wp-content\/uploads\/2022\/01\/economia-1.jpg","keywords":["atividade econ\u00f4mica","Banco Central","PIB"],"articleSection":["Economia"],"inLanguage":"pt-BR","potentialAction":[{"@type":"CommentAction","name":"Comment","target":["https:\/\/jornalfatosenoticias.com.br\/index.php\/2022\/01\/17\/atividade-economica-cresce-069-em-novembro-diz-banco-central\/#respond"]}]},{"@type":"WebPage","@id":"https:\/\/jornalfatosenoticias.com.br\/index.php\/2022\/01\/17\/atividade-economica-cresce-069-em-novembro-diz-banco-central\/","url":"https:\/\/jornalfatosenoticias.com.br\/index.php\/2022\/01\/17\/atividade-economica-cresce-069-em-novembro-diz-banco-central\/","name":"Atividade econ\u00f4mica cresce 0,69% em novembro, diz Banco Central - Jornal Fatos e Not\u00edcias","isPartOf":{"@id":"https:\/\/jornalfatosenoticias.com.br\/#website"},"primaryImageOfPage":{"@id":"https:\/\/jornalfatosenoticias.com.br\/index.php\/2022\/01\/17\/atividade-economica-cresce-069-em-novembro-diz-banco-central\/#primaryimage"},"image":{"@id":"https:\/\/jornalfatosenoticias.com.br\/index.php\/2022\/01\/17\/atividade-economica-cresce-069-em-novembro-diz-banco-central\/#primaryimage"},"thumbnailUrl":"https:\/\/jornalfatosenoticias.com.br\/wp-content\/uploads\/2022\/01\/economia-1.jpg","datePublished":"2022-01-17T16:39:37+00:00","dateModified":"2022-01-17T16:39:40+00:00","breadcrumb":{"@id":"https:\/\/jornalfatosenoticias.com.br\/index.php\/2022\/01\/17\/atividade-economica-cresce-069-em-novembro-diz-banco-central\/#breadcrumb"},"inLanguage":"pt-BR","potentialAction":[{"@type":"ReadAction","target":["https:\/\/jornalfatosenoticias.com.br\/index.php\/2022\/01\/17\/atividade-economica-cresce-069-em-novembro-diz-banco-central\/"]}]},{"@type":"ImageObject","inLanguage":"pt-BR","@id":"https:\/\/jornalfatosenoticias.com.br\/index.php\/2022\/01\/17\/atividade-economica-cresce-069-em-novembro-diz-banco-central\/#primaryimage","url":"https:\/\/jornalfatosenoticias.com.br\/wp-content\/uploads\/2022\/01\/economia-1.jpg","contentUrl":"https:\/\/jornalfatosenoticias.com.br\/wp-content\/uploads\/2022\/01\/economia-1.jpg","width":1000,"height":598,"caption":"Economia, Moeda Real,Dinheiro, Calculadora"},{"@type":"BreadcrumbList","@id":"https:\/\/jornalfatosenoticias.com.br\/index.php\/2022\/01\/17\/atividade-economica-cresce-069-em-novembro-diz-banco-central\/#breadcrumb","itemListElement":[{"@type":"ListItem","position":1,"name":"In\u00edcio","item":"https:\/\/jornalfatosenoticias.com.br\/"},{"@type":"ListItem","position":2,"name":"Atividade econ\u00f4mica cresce 0,69% em novembro, diz Banco Central"}]},{"@type":"WebSite","@id":"https:\/\/jornalfatosenoticias.com.br\/#website","url":"https:\/\/jornalfatosenoticias.com.br\/","name":"Jornal Fatos e Not\u00edcias","description":"Not\u00edcias em geral","publisher":{"@id":"https:\/\/jornalfatosenoticias.com.br\/#organization"},"potentialAction":[{"@type":"SearchAction","target":{"@type":"EntryPoint","urlTemplate":"https:\/\/jornalfatosenoticias.com.br\/?s={search_term_string}"},"query-input":{"@type":"PropertyValueSpecification","valueRequired":true,"valueName":"search_term_string"}}],"inLanguage":"pt-BR"},{"@type":"Organization","@id":"https:\/\/jornalfatosenoticias.com.br\/#organization","name":"Jornal Fatos e Not\u00edcias","url":"https:\/\/jornalfatosenoticias.com.br\/","logo":{"@type":"ImageObject","inLanguage":"pt-BR","@id":"https:\/\/jornalfatosenoticias.com.br\/#\/schema\/logo\/image\/","url":"https:\/\/jornalfatosenoticias.com.br\/wp-content\/uploads\/2020\/02\/logo120.png","contentUrl":"https:\/\/jornalfatosenoticias.com.br\/wp-content\/uploads\/2020\/02\/logo120.png","width":1227,"height":120,"caption":"Jornal Fatos e Not\u00edcias"},"image":{"@id":"https:\/\/jornalfatosenoticias.com.br\/#\/schema\/logo\/image\/"}},{"@type":"Person","@id":"https:\/\/jornalfatosenoticias.com.br\/#\/schema\/person\/d63837fa13ac8666eb9e74e0985d6f81","name":"Luzimara Fernandes","image":{"@type":"ImageObject","inLanguage":"pt-BR","@id":"https:\/\/jornalfatosenoticias.com.br\/#\/schema\/person\/image\/","url":"https:\/\/jornalfatosenoticias.com.br\/wp-content\/uploads\/2025\/05\/EU_portal.jpg","contentUrl":"https:\/\/jornalfatosenoticias.com.br\/wp-content\/uploads\/2025\/05\/EU_portal.jpg","caption":"Luzimara Fernandes"},"description":"Jornalista MTB 2358-ES","sameAs":["https:\/\/jornalfatosenoticias.com.br"],"url":"https:\/\/jornalfatosenoticias.com.br\/index.php\/author\/luzimara\/"}]}},"cc_featured_image_caption":{"caption_text":"(Foto: Marcello Casal Jr\/Ag\u00eancia Brasil) ","source_text":"","source_url":""},"jetpack_featured_media_url":"https:\/\/jornalfatosenoticias.com.br\/wp-content\/uploads\/2022\/01\/economia-1.jpg","_links":{"self":[{"href":"https:\/\/jornalfatosenoticias.com.br\/index.php\/wp-json\/wp\/v2\/posts\/26858","targetHints":{"allow":["GET"]}}],"collection":[{"href":"https:\/\/jornalfatosenoticias.com.br\/index.php\/wp-json\/wp\/v2\/posts"}],"about":[{"href":"https:\/\/jornalfatosenoticias.com.br\/index.php\/wp-json\/wp\/v2\/types\/post"}],"author":[{"embeddable":true,"href":"https:\/\/jornalfatosenoticias.com.br\/index.php\/wp-json\/wp\/v2\/users\/2"}],"replies":[{"embeddable":true,"href":"https:\/\/jornalfatosenoticias.com.br\/index.php\/wp-json\/wp\/v2\/comments?post=26858"}],"version-history":[{"count":0,"href":"https:\/\/jornalfatosenoticias.com.br\/index.php\/wp-json\/wp\/v2\/posts\/26858\/revisions"}],"wp:featuredmedia":[{"embeddable":true,"href":"https:\/\/jornalfatosenoticias.com.br\/index.php\/wp-json\/wp\/v2\/media\/26859"}],"wp:attachment":[{"href":"https:\/\/jornalfatosenoticias.com.br\/index.php\/wp-json\/wp\/v2\/media?parent=26858"}],"wp:term":[{"taxonomy":"category","embeddable":true,"href":"https:\/\/jornalfatosenoticias.com.br\/index.php\/wp-json\/wp\/v2\/categories?post=26858"},{"taxonomy":"post_tag","embeddable":true,"href":"https:\/\/jornalfatosenoticias.com.br\/index.php\/wp-json\/wp\/v2\/tags?post=26858"}],"curies":[{"name":"wp","href":"https:\/\/api.w.org\/{rel}","templated":true}]}}