{"id":26872,"date":"2022-01-17T14:33:25","date_gmt":"2022-01-17T17:33:25","guid":{"rendered":"https:\/\/jornalfatosenoticias.com.br\/?p=26872"},"modified":"2022-01-17T14:33:27","modified_gmt":"2022-01-17T17:33:27","slug":"historia-e-cultura-de-goiabeiras-nos-muros-do-cmei-jacyntha-simoes","status":"publish","type":"post","link":"https:\/\/jornalfatosenoticias.com.br\/index.php\/2022\/01\/17\/historia-e-cultura-de-goiabeiras-nos-muros-do-cmei-jacyntha-simoes\/","title":{"rendered":"Hist\u00f3ria e cultura de Goiabeiras nos muros do Cmei Jacyntha Sim\u00f5es"},"content":{"rendered":"\n<p>O bairro Goiabeiras abriga o of\u00edcio da fabrica\u00e7\u00e3o das panelas de barro, trabalho artesanal que \u00e9 repassado entre gera\u00e7\u00f5es e se tornou o primeiro bem cultural registrado como Patrim\u00f4nio Imaterial, no Livro de Registro dos Saberes, desenvolvido pelo Instituto do Patrim\u00f4nio Hist\u00f3rico e Art\u00edstico Nacional (Iphan). O bairro \u00e9 margeado pelo manguezal urbano de Vit\u00f3ria, o maior da Am\u00e9rica Latina. Goiabeiras ecoa a casaca, os tambores e toadas do Congo.<br>Um pouco de todo o legado hist\u00f3rico e cultural do bairro est\u00e1 retratado nos muros do Centro Municipal de Educa\u00e7\u00e3o Infantil Jacyntha Ferreira de Souza Sim\u00f5es, obra do artista Alexssandro Mello Furtado, contemplado por edital pelo projeto \u201cA Arte \u00e9 nossa\u201d, da Secretaria de Cultura de Vit\u00f3ria (Semc).<br>A interven\u00e7\u00e3o art\u00edstico-urbana soma 189 m\u00b2 e foi concebida ap\u00f3s pesquisa realizada pelo artista.<\/p>\n\n\n\n<figure class=\"wp-block-image size-large\"><img loading=\"lazy\" decoding=\"async\" width=\"1000\" height=\"750\" src=\"https:\/\/jornalfatosenoticias.com.br\/wp-content\/uploads\/2022\/01\/muros-cmei_2.jpg\" alt=\"\" class=\"wp-image-26873\" srcset=\"https:\/\/jornalfatosenoticias.com.br\/wp-content\/uploads\/2022\/01\/muros-cmei_2.jpg 1000w, https:\/\/jornalfatosenoticias.com.br\/wp-content\/uploads\/2022\/01\/muros-cmei_2-300x225.jpg 300w, https:\/\/jornalfatosenoticias.com.br\/wp-content\/uploads\/2022\/01\/muros-cmei_2-768x576.jpg 768w\" sizes=\"auto, (max-width: 1000px) 100vw, 1000px\" \/><figcaption><em><span class=\"has-inline-color has-black-color\">Cmei Jacyntha Ferreira de Souza Sim\u00f5es (Foto: Divulga\u00e7\u00e3o)<\/span><\/em><\/figcaption><\/figure>\n\n\n\n<blockquote class=\"wp-block-quote is-layout-flow wp-block-quote-is-layout-flow\"><p><span class=\"has-inline-color has-luminous-vivid-orange-color\">\u201cEscolhi representar o mangue, as ra\u00edzes, folhas, e tamb\u00e9m a figura do caranguejeiro, para aproximar mais a arte da realidade do bairro que \u00e9 cercado pelo manguezal, do qual muitas fam\u00edlias tiram sustento. Tamb\u00e9m fiz a representa\u00e7\u00e3o da moqueca capixaba e a panela de barro, para refor\u00e7ar essa identifica\u00e7\u00e3o com esses dois elementos que est\u00e3o associados \u00e0 cultura local e s\u00e3o uma refer\u00eancia externa do Estado, a panela e a moqueca\u201d, destacou o artista.<\/span><\/p><\/blockquote>\n\n\n\n<h4 class=\"wp-block-heading\"><span class=\"has-inline-color has-vivid-red-color\">Valoriza\u00e7\u00e3o<\/span><\/h4>\n\n\n\n<figure class=\"wp-block-image size-large\"><img loading=\"lazy\" decoding=\"async\" width=\"1000\" height=\"750\" src=\"https:\/\/jornalfatosenoticias.com.br\/wp-content\/uploads\/2022\/01\/muros-cmei_3.jpg\" alt=\"\" class=\"wp-image-26874\" srcset=\"https:\/\/jornalfatosenoticias.com.br\/wp-content\/uploads\/2022\/01\/muros-cmei_3.jpg 1000w, https:\/\/jornalfatosenoticias.com.br\/wp-content\/uploads\/2022\/01\/muros-cmei_3-300x225.jpg 300w, https:\/\/jornalfatosenoticias.com.br\/wp-content\/uploads\/2022\/01\/muros-cmei_3-768x576.jpg 768w\" sizes=\"auto, (max-width: 1000px) 100vw, 1000px\" \/><figcaption><em><span class=\"has-inline-color has-black-color\">Cmei Jacyntha Ferreira de Souza Sim\u00f5es (Foto: Divulga\u00e7\u00e3o)<\/span><\/em><\/figcaption><\/figure>\n\n\n\n<p>Al\u00e9m das cores vibrantes e da pr\u00f3pria est\u00e9tica do desenho j\u00e1 serem pensadas para atrair e comunicar com as crian\u00e7as, a tem\u00e1tica, segundo Alexssandro, pode agu\u00e7ar a curiosidade das crian\u00e7as em saber o que significam aqueles personagens ali desenhados no muro. A unidade de ensino tem 226 crian\u00e7as atualmente matriculadas, do grupo 2 ao 6.<br>\u201cA arte colabora pra que as crian\u00e7as valorizarem o espa\u00e7o da escola e tamb\u00e9m a cultura capixaba. Eu fui o criador dos desenhos e da composi\u00e7\u00e3o do muro, al\u00e9m de pintar e coordenar o processo\u201d, contou Alexssandro.<\/p>\n\n\n\n<div class=\"wp-block-group\"><div class=\"wp-block-group__inner-container is-layout-flow wp-block-group-is-layout-flow\">\n<div class=\"wp-block-group\"><div class=\"wp-block-group__inner-container is-layout-flow wp-block-group-is-layout-flow\">\n<div class=\"wp-block-jetpack-tiled-gallery aligncenter is-style-square\"><div class=\"tiled-gallery__gallery\"><div class=\"tiled-gallery__row columns-2\"><div class=\"tiled-gallery__col\"><figure class=\"tiled-gallery__item\"><img decoding=\"async\" alt=\"\" data-height=\"750\" data-id=\"26876\" data-link=\"https:\/\/jornalfatosenoticias.com.br\/?attachment_id=26876\" data-url=\"https:\/\/jornalfatosenoticias.com.br\/wp-content\/uploads\/2022\/01\/muros-cmei_5.jpg\" data-width=\"1000\" src=\"https:\/\/i1.wp.com\/jornalfatosenoticias.com.br\/wp-content\/uploads\/2022\/01\/muros-cmei_5.jpg?ssl=1&amp;resize=750%2C750\" layout=\"responsive\"\/><\/figure><\/div><div class=\"tiled-gallery__col\"><figure class=\"tiled-gallery__item\"><img decoding=\"async\" alt=\"\" data-height=\"672\" data-id=\"26875\" data-link=\"https:\/\/jornalfatosenoticias.com.br\/?attachment_id=26875\" data-url=\"https:\/\/jornalfatosenoticias.com.br\/wp-content\/uploads\/2022\/01\/muros-cmei_4.jpg\" data-width=\"1000\" src=\"https:\/\/i2.wp.com\/jornalfatosenoticias.com.br\/wp-content\/uploads\/2022\/01\/muros-cmei_4.jpg?ssl=1&amp;resize=672%2C672\" layout=\"responsive\"\/><\/figure><\/div><\/div><\/div><\/div>\n\n\n\n<p><em><span class=\"has-inline-color has-black-color\">Cmei Jacyntha Ferreira de Souza Sim\u00f5es (Fotos: Divulga\u00e7\u00e3o)<\/span><\/em><\/p>\n<\/div><\/div>\n<\/div><\/div>\n\n\n\n<p>Para o artista, as manifesta\u00e7\u00f5es art\u00edsticas em ambientes p\u00fablicos permitem contato com a arte de forma natural, acess\u00edvel e sem nenhum filtro social. Proporcionar \u00e0 popula\u00e7\u00e3o este di\u00e1logo cultural, sem a necessidade de se dirigir a um ambiente espec\u00edfico, al\u00e9m de contribuir para a valoriza\u00e7\u00e3o do patrim\u00f4nio cultural e o v\u00ednculo social.<\/p>\n\n\n\n<blockquote class=\"wp-block-quote is-layout-flow wp-block-quote-is-layout-flow\"><p><span class=\"has-inline-color has-luminous-vivid-orange-color\">\u201cEssa entrega nos enche de orgulho. Aliamos a Cultura \u00e0 Educa\u00e7\u00e3o, como tem que ser. N\u00e3o s\u00e3o mais simples muros que limitam as depend\u00eancias da escola, agora temos murais por meio dos quais sonhos podem ser projetados, arte que vira fruto de inspira\u00e7\u00e3o e um local visivelmente mais feliz e acolhedor\u201d, afirmou o secret\u00e1rio municipal de Cultura, Luciano Gagno.<\/span><\/p><\/blockquote>\n\n\n\n<figure class=\"wp-block-image size-large\"><img loading=\"lazy\" decoding=\"async\" width=\"1000\" height=\"683\" src=\"https:\/\/jornalfatosenoticias.com.br\/wp-content\/uploads\/2022\/01\/muros-cmei_6.jpg\" alt=\"\" class=\"wp-image-26877\" srcset=\"https:\/\/jornalfatosenoticias.com.br\/wp-content\/uploads\/2022\/01\/muros-cmei_6.jpg 1000w, https:\/\/jornalfatosenoticias.com.br\/wp-content\/uploads\/2022\/01\/muros-cmei_6-300x205.jpg 300w, https:\/\/jornalfatosenoticias.com.br\/wp-content\/uploads\/2022\/01\/muros-cmei_6-768x525.jpg 768w\" sizes=\"auto, (max-width: 1000px) 100vw, 1000px\" \/><figcaption><em><span class=\"has-inline-color has-black-color\">Cmei Jacyntha Ferreira de Souza Sim\u00f5es (Foto: Divulga\u00e7\u00e3o)<\/span><\/em><\/figcaption><\/figure>\n\n\n\n<p><strong><em>Fonte: <a href=\"https:\/\/www.vitoria.es.gov.br\/noticia\/historia-e-cultura-de-goiabeiras-nos-muros-do-cmei-jacyntha-simoes-44475\">PMV<\/a><\/em><\/strong><\/p>\n","protected":false},"excerpt":{"rendered":"<p>O bairro Goiabeiras abriga o of\u00edcio da fabrica\u00e7\u00e3o das panelas de barro, trabalho artesanal que \u00e9 repassado entre gera\u00e7\u00f5es e se tornou o primeiro bem cultural registrado como Patrim\u00f4nio Imaterial, no Livro de Registro dos Saberes, desenvolvido pelo Instituto do Patrim\u00f4nio Hist\u00f3rico e Art\u00edstico Nacional (Iphan). O bairro \u00e9 margeado pelo manguezal urbano de Vit\u00f3ria, [&hellip;]<\/p>\n","protected":false},"author":2,"featured_media":26879,"comment_status":"open","ping_status":"open","sticky":false,"template":"","format":"standard","meta":{"footnotes":""},"categories":[4,7],"tags":[12911,713,3713,249,12570,5402],"class_list":["post-26872","post","type-post","status-publish","format-standard","has-post-thumbnail","hentry","category-cultura","category-educacao","tag-cmei-jacyntha-simoes","tag-cultura","tag-goiabeiras","tag-historia","tag-muros","tag-obras-de-arte"],"yoast_head":"<!-- This site is optimized with the Yoast SEO plugin v26.5 - https:\/\/yoast.com\/wordpress\/plugins\/seo\/ -->\n<title>Hist\u00f3ria e cultura de Goiabeiras nos muros do Cmei Jacyntha Sim\u00f5es - Jornal Fatos e Not\u00edcias<\/title>\n<meta name=\"robots\" content=\"index, follow, max-snippet:-1, max-image-preview:large, max-video-preview:-1\" \/>\n<link rel=\"canonical\" href=\"https:\/\/jornalfatosenoticias.com.br\/index.php\/2022\/01\/17\/historia-e-cultura-de-goiabeiras-nos-muros-do-cmei-jacyntha-simoes\/\" \/>\n<meta property=\"og:locale\" content=\"pt_BR\" \/>\n<meta property=\"og:type\" content=\"article\" \/>\n<meta property=\"og:title\" content=\"Hist\u00f3ria e cultura de Goiabeiras nos muros do Cmei Jacyntha Sim\u00f5es - Jornal Fatos e Not\u00edcias\" \/>\n<meta property=\"og:description\" content=\"O bairro Goiabeiras abriga o of\u00edcio da fabrica\u00e7\u00e3o das panelas de barro, trabalho artesanal que \u00e9 repassado entre gera\u00e7\u00f5es e se tornou o primeiro bem cultural registrado como Patrim\u00f4nio Imaterial, no Livro de Registro dos Saberes, desenvolvido pelo Instituto do Patrim\u00f4nio Hist\u00f3rico e Art\u00edstico Nacional (Iphan). O bairro \u00e9 margeado pelo manguezal urbano de Vit\u00f3ria, [&hellip;]\" \/>\n<meta property=\"og:url\" content=\"https:\/\/jornalfatosenoticias.com.br\/index.php\/2022\/01\/17\/historia-e-cultura-de-goiabeiras-nos-muros-do-cmei-jacyntha-simoes\/\" \/>\n<meta property=\"og:site_name\" content=\"Jornal Fatos e Not\u00edcias\" \/>\n<meta property=\"article:published_time\" content=\"2022-01-17T17:33:25+00:00\" \/>\n<meta property=\"article:modified_time\" content=\"2022-01-17T17:33:27+00:00\" \/>\n<meta property=\"og:image\" content=\"https:\/\/jornalfatosenoticias.com.br\/wp-content\/uploads\/2022\/01\/muros-cmei_1.jpg\" \/>\n\t<meta property=\"og:image:width\" content=\"1000\" \/>\n\t<meta property=\"og:image:height\" content=\"716\" \/>\n\t<meta property=\"og:image:type\" content=\"image\/jpeg\" \/>\n<meta name=\"author\" content=\"Luzimara Fernandes\" \/>\n<meta name=\"twitter:card\" content=\"summary_large_image\" \/>\n<meta name=\"twitter:label1\" content=\"Escrito por\" \/>\n\t<meta name=\"twitter:data1\" content=\"Luzimara Fernandes\" \/>\n\t<meta name=\"twitter:label2\" content=\"Est. tempo de leitura\" \/>\n\t<meta name=\"twitter:data2\" content=\"2 minutos\" \/>\n<script type=\"application\/ld+json\" class=\"yoast-schema-graph\">{\"@context\":\"https:\/\/schema.org\",\"@graph\":[{\"@type\":\"Article\",\"@id\":\"https:\/\/jornalfatosenoticias.com.br\/index.php\/2022\/01\/17\/historia-e-cultura-de-goiabeiras-nos-muros-do-cmei-jacyntha-simoes\/#article\",\"isPartOf\":{\"@id\":\"https:\/\/jornalfatosenoticias.com.br\/index.php\/2022\/01\/17\/historia-e-cultura-de-goiabeiras-nos-muros-do-cmei-jacyntha-simoes\/\"},\"author\":{\"name\":\"Luzimara Fernandes\",\"@id\":\"https:\/\/jornalfatosenoticias.com.br\/#\/schema\/person\/d63837fa13ac8666eb9e74e0985d6f81\"},\"headline\":\"Hist\u00f3ria e cultura de Goiabeiras nos muros do Cmei Jacyntha Sim\u00f5es\",\"datePublished\":\"2022-01-17T17:33:25+00:00\",\"dateModified\":\"2022-01-17T17:33:27+00:00\",\"mainEntityOfPage\":{\"@id\":\"https:\/\/jornalfatosenoticias.com.br\/index.php\/2022\/01\/17\/historia-e-cultura-de-goiabeiras-nos-muros-do-cmei-jacyntha-simoes\/\"},\"wordCount\":511,\"commentCount\":0,\"publisher\":{\"@id\":\"https:\/\/jornalfatosenoticias.com.br\/#organization\"},\"image\":{\"@id\":\"https:\/\/jornalfatosenoticias.com.br\/index.php\/2022\/01\/17\/historia-e-cultura-de-goiabeiras-nos-muros-do-cmei-jacyntha-simoes\/#primaryimage\"},\"thumbnailUrl\":\"https:\/\/jornalfatosenoticias.com.br\/wp-content\/uploads\/2022\/01\/muros-cmei_1.jpg\",\"keywords\":[\"Cmei Jacyntha Sim\u00f5es\",\"cultura\",\"Goiabeiras\",\"hist\u00f3ria\",\"muros\",\"obras de arte\"],\"articleSection\":[\"Cultura\",\"Educa\u00e7\u00e3o\"],\"inLanguage\":\"pt-BR\",\"potentialAction\":[{\"@type\":\"CommentAction\",\"name\":\"Comment\",\"target\":[\"https:\/\/jornalfatosenoticias.com.br\/index.php\/2022\/01\/17\/historia-e-cultura-de-goiabeiras-nos-muros-do-cmei-jacyntha-simoes\/#respond\"]}]},{\"@type\":\"WebPage\",\"@id\":\"https:\/\/jornalfatosenoticias.com.br\/index.php\/2022\/01\/17\/historia-e-cultura-de-goiabeiras-nos-muros-do-cmei-jacyntha-simoes\/\",\"url\":\"https:\/\/jornalfatosenoticias.com.br\/index.php\/2022\/01\/17\/historia-e-cultura-de-goiabeiras-nos-muros-do-cmei-jacyntha-simoes\/\",\"name\":\"Hist\u00f3ria e cultura de Goiabeiras nos muros do Cmei Jacyntha Sim\u00f5es - Jornal Fatos e Not\u00edcias\",\"isPartOf\":{\"@id\":\"https:\/\/jornalfatosenoticias.com.br\/#website\"},\"primaryImageOfPage\":{\"@id\":\"https:\/\/jornalfatosenoticias.com.br\/index.php\/2022\/01\/17\/historia-e-cultura-de-goiabeiras-nos-muros-do-cmei-jacyntha-simoes\/#primaryimage\"},\"image\":{\"@id\":\"https:\/\/jornalfatosenoticias.com.br\/index.php\/2022\/01\/17\/historia-e-cultura-de-goiabeiras-nos-muros-do-cmei-jacyntha-simoes\/#primaryimage\"},\"thumbnailUrl\":\"https:\/\/jornalfatosenoticias.com.br\/wp-content\/uploads\/2022\/01\/muros-cmei_1.jpg\",\"datePublished\":\"2022-01-17T17:33:25+00:00\",\"dateModified\":\"2022-01-17T17:33:27+00:00\",\"breadcrumb\":{\"@id\":\"https:\/\/jornalfatosenoticias.com.br\/index.php\/2022\/01\/17\/historia-e-cultura-de-goiabeiras-nos-muros-do-cmei-jacyntha-simoes\/#breadcrumb\"},\"inLanguage\":\"pt-BR\",\"potentialAction\":[{\"@type\":\"ReadAction\",\"target\":[\"https:\/\/jornalfatosenoticias.com.br\/index.php\/2022\/01\/17\/historia-e-cultura-de-goiabeiras-nos-muros-do-cmei-jacyntha-simoes\/\"]}]},{\"@type\":\"ImageObject\",\"inLanguage\":\"pt-BR\",\"@id\":\"https:\/\/jornalfatosenoticias.com.br\/index.php\/2022\/01\/17\/historia-e-cultura-de-goiabeiras-nos-muros-do-cmei-jacyntha-simoes\/#primaryimage\",\"url\":\"https:\/\/jornalfatosenoticias.com.br\/wp-content\/uploads\/2022\/01\/muros-cmei_1.jpg\",\"contentUrl\":\"https:\/\/jornalfatosenoticias.com.br\/wp-content\/uploads\/2022\/01\/muros-cmei_1.jpg\",\"width\":1000,\"height\":716,\"caption\":\"Cmei JFSS\"},{\"@type\":\"BreadcrumbList\",\"@id\":\"https:\/\/jornalfatosenoticias.com.br\/index.php\/2022\/01\/17\/historia-e-cultura-de-goiabeiras-nos-muros-do-cmei-jacyntha-simoes\/#breadcrumb\",\"itemListElement\":[{\"@type\":\"ListItem\",\"position\":1,\"name\":\"In\u00edcio\",\"item\":\"https:\/\/jornalfatosenoticias.com.br\/\"},{\"@type\":\"ListItem\",\"position\":2,\"name\":\"Hist\u00f3ria e cultura de Goiabeiras nos muros do Cmei Jacyntha Sim\u00f5es\"}]},{\"@type\":\"WebSite\",\"@id\":\"https:\/\/jornalfatosenoticias.com.br\/#website\",\"url\":\"https:\/\/jornalfatosenoticias.com.br\/\",\"name\":\"Jornal Fatos e Not\u00edcias\",\"description\":\"Not\u00edcias em geral\",\"publisher\":{\"@id\":\"https:\/\/jornalfatosenoticias.com.br\/#organization\"},\"potentialAction\":[{\"@type\":\"SearchAction\",\"target\":{\"@type\":\"EntryPoint\",\"urlTemplate\":\"https:\/\/jornalfatosenoticias.com.br\/?s={search_term_string}\"},\"query-input\":{\"@type\":\"PropertyValueSpecification\",\"valueRequired\":true,\"valueName\":\"search_term_string\"}}],\"inLanguage\":\"pt-BR\"},{\"@type\":\"Organization\",\"@id\":\"https:\/\/jornalfatosenoticias.com.br\/#organization\",\"name\":\"Jornal Fatos e Not\u00edcias\",\"url\":\"https:\/\/jornalfatosenoticias.com.br\/\",\"logo\":{\"@type\":\"ImageObject\",\"inLanguage\":\"pt-BR\",\"@id\":\"https:\/\/jornalfatosenoticias.com.br\/#\/schema\/logo\/image\/\",\"url\":\"https:\/\/jornalfatosenoticias.com.br\/wp-content\/uploads\/2020\/02\/logo120.png\",\"contentUrl\":\"https:\/\/jornalfatosenoticias.com.br\/wp-content\/uploads\/2020\/02\/logo120.png\",\"width\":1227,\"height\":120,\"caption\":\"Jornal Fatos e Not\u00edcias\"},\"image\":{\"@id\":\"https:\/\/jornalfatosenoticias.com.br\/#\/schema\/logo\/image\/\"}},{\"@type\":\"Person\",\"@id\":\"https:\/\/jornalfatosenoticias.com.br\/#\/schema\/person\/d63837fa13ac8666eb9e74e0985d6f81\",\"name\":\"Luzimara Fernandes\",\"image\":{\"@type\":\"ImageObject\",\"inLanguage\":\"pt-BR\",\"@id\":\"https:\/\/jornalfatosenoticias.com.br\/#\/schema\/person\/image\/\",\"url\":\"https:\/\/jornalfatosenoticias.com.br\/wp-content\/uploads\/2025\/05\/EU_portal.jpg\",\"contentUrl\":\"https:\/\/jornalfatosenoticias.com.br\/wp-content\/uploads\/2025\/05\/EU_portal.jpg\",\"caption\":\"Luzimara Fernandes\"},\"description\":\"Jornalista MTB 2358-ES\",\"sameAs\":[\"https:\/\/jornalfatosenoticias.com.br\"],\"url\":\"https:\/\/jornalfatosenoticias.com.br\/index.php\/author\/luzimara\/\"}]}<\/script>\n<!-- \/ Yoast SEO plugin. -->","yoast_head_json":{"title":"Hist\u00f3ria e cultura de Goiabeiras nos muros do Cmei Jacyntha Sim\u00f5es - Jornal Fatos e Not\u00edcias","robots":{"index":"index","follow":"follow","max-snippet":"max-snippet:-1","max-image-preview":"max-image-preview:large","max-video-preview":"max-video-preview:-1"},"canonical":"https:\/\/jornalfatosenoticias.com.br\/index.php\/2022\/01\/17\/historia-e-cultura-de-goiabeiras-nos-muros-do-cmei-jacyntha-simoes\/","og_locale":"pt_BR","og_type":"article","og_title":"Hist\u00f3ria e cultura de Goiabeiras nos muros do Cmei Jacyntha Sim\u00f5es - Jornal Fatos e Not\u00edcias","og_description":"O bairro Goiabeiras abriga o of\u00edcio da fabrica\u00e7\u00e3o das panelas de barro, trabalho artesanal que \u00e9 repassado entre gera\u00e7\u00f5es e se tornou o primeiro bem cultural registrado como Patrim\u00f4nio Imaterial, no Livro de Registro dos Saberes, desenvolvido pelo Instituto do Patrim\u00f4nio Hist\u00f3rico e Art\u00edstico Nacional (Iphan). O bairro \u00e9 margeado pelo manguezal urbano de Vit\u00f3ria, [&hellip;]","og_url":"https:\/\/jornalfatosenoticias.com.br\/index.php\/2022\/01\/17\/historia-e-cultura-de-goiabeiras-nos-muros-do-cmei-jacyntha-simoes\/","og_site_name":"Jornal Fatos e Not\u00edcias","article_published_time":"2022-01-17T17:33:25+00:00","article_modified_time":"2022-01-17T17:33:27+00:00","og_image":[{"width":1000,"height":716,"url":"https:\/\/jornalfatosenoticias.com.br\/wp-content\/uploads\/2022\/01\/muros-cmei_1.jpg","type":"image\/jpeg"}],"author":"Luzimara Fernandes","twitter_card":"summary_large_image","twitter_misc":{"Escrito por":"Luzimara Fernandes","Est. tempo de leitura":"2 minutos"},"schema":{"@context":"https:\/\/schema.org","@graph":[{"@type":"Article","@id":"https:\/\/jornalfatosenoticias.com.br\/index.php\/2022\/01\/17\/historia-e-cultura-de-goiabeiras-nos-muros-do-cmei-jacyntha-simoes\/#article","isPartOf":{"@id":"https:\/\/jornalfatosenoticias.com.br\/index.php\/2022\/01\/17\/historia-e-cultura-de-goiabeiras-nos-muros-do-cmei-jacyntha-simoes\/"},"author":{"name":"Luzimara Fernandes","@id":"https:\/\/jornalfatosenoticias.com.br\/#\/schema\/person\/d63837fa13ac8666eb9e74e0985d6f81"},"headline":"Hist\u00f3ria e cultura de Goiabeiras nos muros do Cmei Jacyntha Sim\u00f5es","datePublished":"2022-01-17T17:33:25+00:00","dateModified":"2022-01-17T17:33:27+00:00","mainEntityOfPage":{"@id":"https:\/\/jornalfatosenoticias.com.br\/index.php\/2022\/01\/17\/historia-e-cultura-de-goiabeiras-nos-muros-do-cmei-jacyntha-simoes\/"},"wordCount":511,"commentCount":0,"publisher":{"@id":"https:\/\/jornalfatosenoticias.com.br\/#organization"},"image":{"@id":"https:\/\/jornalfatosenoticias.com.br\/index.php\/2022\/01\/17\/historia-e-cultura-de-goiabeiras-nos-muros-do-cmei-jacyntha-simoes\/#primaryimage"},"thumbnailUrl":"https:\/\/jornalfatosenoticias.com.br\/wp-content\/uploads\/2022\/01\/muros-cmei_1.jpg","keywords":["Cmei Jacyntha Sim\u00f5es","cultura","Goiabeiras","hist\u00f3ria","muros","obras de arte"],"articleSection":["Cultura","Educa\u00e7\u00e3o"],"inLanguage":"pt-BR","potentialAction":[{"@type":"CommentAction","name":"Comment","target":["https:\/\/jornalfatosenoticias.com.br\/index.php\/2022\/01\/17\/historia-e-cultura-de-goiabeiras-nos-muros-do-cmei-jacyntha-simoes\/#respond"]}]},{"@type":"WebPage","@id":"https:\/\/jornalfatosenoticias.com.br\/index.php\/2022\/01\/17\/historia-e-cultura-de-goiabeiras-nos-muros-do-cmei-jacyntha-simoes\/","url":"https:\/\/jornalfatosenoticias.com.br\/index.php\/2022\/01\/17\/historia-e-cultura-de-goiabeiras-nos-muros-do-cmei-jacyntha-simoes\/","name":"Hist\u00f3ria e cultura de Goiabeiras nos muros do Cmei Jacyntha Sim\u00f5es - Jornal Fatos e Not\u00edcias","isPartOf":{"@id":"https:\/\/jornalfatosenoticias.com.br\/#website"},"primaryImageOfPage":{"@id":"https:\/\/jornalfatosenoticias.com.br\/index.php\/2022\/01\/17\/historia-e-cultura-de-goiabeiras-nos-muros-do-cmei-jacyntha-simoes\/#primaryimage"},"image":{"@id":"https:\/\/jornalfatosenoticias.com.br\/index.php\/2022\/01\/17\/historia-e-cultura-de-goiabeiras-nos-muros-do-cmei-jacyntha-simoes\/#primaryimage"},"thumbnailUrl":"https:\/\/jornalfatosenoticias.com.br\/wp-content\/uploads\/2022\/01\/muros-cmei_1.jpg","datePublished":"2022-01-17T17:33:25+00:00","dateModified":"2022-01-17T17:33:27+00:00","breadcrumb":{"@id":"https:\/\/jornalfatosenoticias.com.br\/index.php\/2022\/01\/17\/historia-e-cultura-de-goiabeiras-nos-muros-do-cmei-jacyntha-simoes\/#breadcrumb"},"inLanguage":"pt-BR","potentialAction":[{"@type":"ReadAction","target":["https:\/\/jornalfatosenoticias.com.br\/index.php\/2022\/01\/17\/historia-e-cultura-de-goiabeiras-nos-muros-do-cmei-jacyntha-simoes\/"]}]},{"@type":"ImageObject","inLanguage":"pt-BR","@id":"https:\/\/jornalfatosenoticias.com.br\/index.php\/2022\/01\/17\/historia-e-cultura-de-goiabeiras-nos-muros-do-cmei-jacyntha-simoes\/#primaryimage","url":"https:\/\/jornalfatosenoticias.com.br\/wp-content\/uploads\/2022\/01\/muros-cmei_1.jpg","contentUrl":"https:\/\/jornalfatosenoticias.com.br\/wp-content\/uploads\/2022\/01\/muros-cmei_1.jpg","width":1000,"height":716,"caption":"Cmei JFSS"},{"@type":"BreadcrumbList","@id":"https:\/\/jornalfatosenoticias.com.br\/index.php\/2022\/01\/17\/historia-e-cultura-de-goiabeiras-nos-muros-do-cmei-jacyntha-simoes\/#breadcrumb","itemListElement":[{"@type":"ListItem","position":1,"name":"In\u00edcio","item":"https:\/\/jornalfatosenoticias.com.br\/"},{"@type":"ListItem","position":2,"name":"Hist\u00f3ria e cultura de Goiabeiras nos muros do Cmei Jacyntha Sim\u00f5es"}]},{"@type":"WebSite","@id":"https:\/\/jornalfatosenoticias.com.br\/#website","url":"https:\/\/jornalfatosenoticias.com.br\/","name":"Jornal Fatos e Not\u00edcias","description":"Not\u00edcias em geral","publisher":{"@id":"https:\/\/jornalfatosenoticias.com.br\/#organization"},"potentialAction":[{"@type":"SearchAction","target":{"@type":"EntryPoint","urlTemplate":"https:\/\/jornalfatosenoticias.com.br\/?s={search_term_string}"},"query-input":{"@type":"PropertyValueSpecification","valueRequired":true,"valueName":"search_term_string"}}],"inLanguage":"pt-BR"},{"@type":"Organization","@id":"https:\/\/jornalfatosenoticias.com.br\/#organization","name":"Jornal Fatos e Not\u00edcias","url":"https:\/\/jornalfatosenoticias.com.br\/","logo":{"@type":"ImageObject","inLanguage":"pt-BR","@id":"https:\/\/jornalfatosenoticias.com.br\/#\/schema\/logo\/image\/","url":"https:\/\/jornalfatosenoticias.com.br\/wp-content\/uploads\/2020\/02\/logo120.png","contentUrl":"https:\/\/jornalfatosenoticias.com.br\/wp-content\/uploads\/2020\/02\/logo120.png","width":1227,"height":120,"caption":"Jornal Fatos e Not\u00edcias"},"image":{"@id":"https:\/\/jornalfatosenoticias.com.br\/#\/schema\/logo\/image\/"}},{"@type":"Person","@id":"https:\/\/jornalfatosenoticias.com.br\/#\/schema\/person\/d63837fa13ac8666eb9e74e0985d6f81","name":"Luzimara Fernandes","image":{"@type":"ImageObject","inLanguage":"pt-BR","@id":"https:\/\/jornalfatosenoticias.com.br\/#\/schema\/person\/image\/","url":"https:\/\/jornalfatosenoticias.com.br\/wp-content\/uploads\/2025\/05\/EU_portal.jpg","contentUrl":"https:\/\/jornalfatosenoticias.com.br\/wp-content\/uploads\/2025\/05\/EU_portal.jpg","caption":"Luzimara Fernandes"},"description":"Jornalista MTB 2358-ES","sameAs":["https:\/\/jornalfatosenoticias.com.br"],"url":"https:\/\/jornalfatosenoticias.com.br\/index.php\/author\/luzimara\/"}]}},"cc_featured_image_caption":{"caption_text":"Cmei Jacyntha Sim\u00f5es (Foto: Divulga\u00e7\u00e3o)","source_text":"","source_url":""},"jetpack_featured_media_url":"https:\/\/jornalfatosenoticias.com.br\/wp-content\/uploads\/2022\/01\/muros-cmei_1.jpg","_links":{"self":[{"href":"https:\/\/jornalfatosenoticias.com.br\/index.php\/wp-json\/wp\/v2\/posts\/26872","targetHints":{"allow":["GET"]}}],"collection":[{"href":"https:\/\/jornalfatosenoticias.com.br\/index.php\/wp-json\/wp\/v2\/posts"}],"about":[{"href":"https:\/\/jornalfatosenoticias.com.br\/index.php\/wp-json\/wp\/v2\/types\/post"}],"author":[{"embeddable":true,"href":"https:\/\/jornalfatosenoticias.com.br\/index.php\/wp-json\/wp\/v2\/users\/2"}],"replies":[{"embeddable":true,"href":"https:\/\/jornalfatosenoticias.com.br\/index.php\/wp-json\/wp\/v2\/comments?post=26872"}],"version-history":[{"count":0,"href":"https:\/\/jornalfatosenoticias.com.br\/index.php\/wp-json\/wp\/v2\/posts\/26872\/revisions"}],"wp:featuredmedia":[{"embeddable":true,"href":"https:\/\/jornalfatosenoticias.com.br\/index.php\/wp-json\/wp\/v2\/media\/26879"}],"wp:attachment":[{"href":"https:\/\/jornalfatosenoticias.com.br\/index.php\/wp-json\/wp\/v2\/media?parent=26872"}],"wp:term":[{"taxonomy":"category","embeddable":true,"href":"https:\/\/jornalfatosenoticias.com.br\/index.php\/wp-json\/wp\/v2\/categories?post=26872"},{"taxonomy":"post_tag","embeddable":true,"href":"https:\/\/jornalfatosenoticias.com.br\/index.php\/wp-json\/wp\/v2\/tags?post=26872"}],"curies":[{"name":"wp","href":"https:\/\/api.w.org\/{rel}","templated":true}]}}