{"id":26926,"date":"2022-01-18T14:06:20","date_gmt":"2022-01-18T17:06:20","guid":{"rendered":"https:\/\/jornalfatosenoticias.com.br\/?p=26926"},"modified":"2022-01-18T14:06:20","modified_gmt":"2022-01-18T17:06:20","slug":"grande-sao-pedro-vai-ganhar-nova-cara","status":"publish","type":"post","link":"https:\/\/jornalfatosenoticias.com.br\/index.php\/2022\/01\/18\/grande-sao-pedro-vai-ganhar-nova-cara\/","title":{"rendered":"Grande S\u00e3o Pedro vai ganhar nova cara"},"content":{"rendered":"\n<p><em><span class=\"has-inline-color has-black-color\">O prefeito Lorenzo Pazolini pontuou que essa \u00e9 uma das obras mais aguardadas pelos moradores de Vit\u00f3ria h\u00e1 anos<\/span><\/em><\/p>\n\n\n\n<p>Um sonho para toda a comunidade da Grande S\u00e3o Pedro. A Prefeitura de Vit\u00f3ria lan\u00e7ou, na \u00faltima sexta-feira (14), o edital da 1\u00aa fase do projeto &#8220;Nova Orla da Grande S\u00e3o Pedro&#8221;. O evento foi realizado na Pra\u00e7a Dom Jo\u00e3o Batista, em S\u00e3o Pedro.<br>Or\u00e7ado em R$ 84.536.431,96, o projeto abrange o litoral da Ilha de Vit\u00f3ria, desde o Parque Tancred\u00e3o at\u00e9 o Bairro Jabour e tem por objetivo recuperar essa importante regi\u00e3o de Vit\u00f3ria, com a requalifica\u00e7\u00e3o de espa\u00e7os p\u00fablicos. O desenho urbano da orla conta com cal\u00e7adas, ciclovias, p\u00ederes, atracadouros, jardins, mobili\u00e1rio urbano, dentre outros itens de paisagismo e arquitetura, assim como a implanta\u00e7\u00e3o e reforma de equipamentos p\u00fablicos, a\u00e7\u00f5es de melhoria da mobilidade urbana da regi\u00e3o e o fomento das atividades econ\u00f4micas.<br>A \u00e1rea de influ\u00eancia do Projeto Orla Noroeste atinge quatro regi\u00f5es da cidade, 25 bairros, com cerca de 89 mil habitantes (IBGE, 2010).<\/p>\n\n\n\n<blockquote class=\"wp-block-quote is-layout-flow wp-block-quote-is-layout-flow\"><p><span class=\"has-inline-color has-luminous-vivid-orange-color\">&#8220;Uma das obras mais aguardadas pelos moradores de Vit\u00f3ria h\u00e1 anos. Esta primeira fase contar\u00e1 com reurbaniza\u00e7\u00e3o da \u00e1rea, constru\u00e7\u00e3o de rua, estacionamento, paisagismo, passeio cont\u00ednuo com cal\u00e7ada, ciclovia, deque, constru\u00e7\u00e3o do Centro de Pescado, anexo do Museu do Pescador, entre outras interven\u00e7\u00f5es. Um marco para nossa capital, que j\u00e1 \u00e9 maravilhosa e ficar\u00e1 ainda mais. A primeira parte do projeto est\u00e1 or\u00e7ada em R$ 84.536.431,96 e j\u00e1 vai uma nova cara \u00e0 orla da regi\u00e3o&#8221;, disse o prefeito de Vit\u00f3ria, Lorenzo Pazolini.<\/span><\/p><\/blockquote>\n\n\n\n<figure class=\"wp-block-image size-large\"><img loading=\"lazy\" decoding=\"async\" width=\"1000\" height=\"772\" src=\"https:\/\/jornalfatosenoticias.com.br\/wp-content\/uploads\/2022\/01\/PAZOLINI.jpg\" alt=\"\" class=\"wp-image-26927\" srcset=\"https:\/\/jornalfatosenoticias.com.br\/wp-content\/uploads\/2022\/01\/PAZOLINI.jpg 1000w, https:\/\/jornalfatosenoticias.com.br\/wp-content\/uploads\/2022\/01\/PAZOLINI-300x232.jpg 300w, https:\/\/jornalfatosenoticias.com.br\/wp-content\/uploads\/2022\/01\/PAZOLINI-768x593.jpg 768w\" sizes=\"auto, (max-width: 1000px) 100vw, 1000px\" \/><figcaption><em><span class=\"has-inline-color has-black-color\">Lan\u00e7amento do Edital das Obras da Orla Noroeste (Foto: Leonardo Silveira)<\/span><\/em><\/figcaption><\/figure>\n\n\n\n<p>&#8220;\u00c9 a maior obra de infraestrutura desde a implanta\u00e7\u00e3o do bairro de S\u00e3o Pedro. \u00c9 muito mais que a requalifica\u00e7\u00e3o da regi\u00e3o, \u00e9 a qualifica\u00e7\u00e3o real desse importante equipamento de turismo que a Ilha de Vit\u00f3ria possui. Essa obra vai ser um paradigma na nossa hist\u00f3ria tur\u00edstica, gastron\u00f4mica e de lazer da Capital. \u00c9 um espa\u00e7o bel\u00edssimo de contempla\u00e7\u00e3o e de passeios. A partir dessa obra, Vit\u00f3ria ganhar\u00e1 um equipamento de primeiro mundo, digno das principais cidades europeias no quesito turismo. E lembrando, \u00e9 a primeira etapa&#8221;, disse o secret\u00e1rio municipal de Obras, Gustavo Perin.<\/p>\n\n\n\n<p><strong><span class=\"has-inline-color has-vivid-red-color\">Fases<br><\/span><\/strong><em><span class=\"has-inline-color has-black-color\">A &#8220;Nova Orla da Grande S\u00e3o Pedro&#8221; foi dividida em duas fases:<\/span><\/em><\/p>\n\n\n\n<p><strong><em><span class=\"has-inline-color has-black-color\">Orla Noroeste Fase 1A<br><\/span><\/em><\/strong>A fase 1A da obra da Orla Noroeste (Orla de S\u00e3o Pedro \u00e0 Ilha das Caieiras num total de 1,16km) contempla a reurbaniza\u00e7\u00e3o da \u00e1rea contendo constru\u00e7\u00e3o de rua, estacionamento, paisagismo, passeio cont\u00ednuo com cal\u00e7ada, ciclovia, deck, arquibancadas alag\u00e1veis, rampas e cinco atracadouros; constru\u00e7\u00e3o do Centro de Pescado, anexo do Museu do Pescador, Pra\u00e7a do Cabor\u00e9, queimadores de mariscos, \u00c1rea de manuten\u00e7\u00e3o de barcos, Pra\u00e7a da Quadra\/Estacionamento e Rua Viva, implantada na Rua Felicidade Correa dos Santos.<\/p>\n\n\n\n<p><strong><span class=\"has-inline-color has-black-color\"><em>Orla Noroeste Fase 1B<br><\/em><\/span><\/strong>As interven\u00e7\u00f5es na fase 1B (Orla de Santo Andr\u00e9 \u00e0 Resist\u00eancia, num total de 4,04km) contemplam a reurbaniza\u00e7\u00e3o da orla com a constru\u00e7\u00e3o de rua, estacionamento, paisagismo, passeio cont\u00ednuo com cal\u00e7ada, ciclovia, deck, arquibancadas alag\u00e1veis e rampas para barcos, revitaliza\u00e7\u00e3o do Parque Natural Municipal Dom Luiz Gonzaga Fernandes (PNMDLGF) e a liga\u00e7\u00e3o entre Nova Palestina e Resist\u00eancia.<\/p>\n\n\n\n<p><strong><em>Fonte: <a href=\"https:\/\/www.vitoria.es.gov.br\/noticia\/reurbanizacao-grande-sao-pedro-vai-ganhar-nova-cara-44492\">PMV<\/a><\/em><\/strong><\/p>\n","protected":false},"excerpt":{"rendered":"<p>O prefeito Lorenzo Pazolini pontuou que essa \u00e9 uma das obras mais aguardadas pelos moradores de Vit\u00f3ria h\u00e1 anos Um sonho para toda a comunidade da Grande S\u00e3o Pedro. A Prefeitura de Vit\u00f3ria lan\u00e7ou, na \u00faltima sexta-feira (14), o edital da 1\u00aa fase do projeto &#8220;Nova Orla da Grande S\u00e3o Pedro&#8221;. O evento foi realizado [&hellip;]<\/p>\n","protected":false},"author":2,"featured_media":26928,"comment_status":"open","ping_status":"open","sticky":false,"template":"","format":"standard","meta":{"footnotes":""},"categories":[744],"tags":[12938,10488,12941,12940,882],"class_list":["post-26926","post","type-post","status-publish","format-standard","has-post-thumbnail","hentry","category-arq-urbanismo","tag-grande-sao-pedro","tag-obras-de-infraestrutura","tag-reurbanizacao","tag-urbanizacao","tag-vitoria"],"yoast_head":"<!-- This site is optimized with the Yoast SEO plugin v26.5 - https:\/\/yoast.com\/wordpress\/plugins\/seo\/ -->\n<title>Grande S\u00e3o Pedro vai ganhar nova cara - Jornal Fatos e Not\u00edcias<\/title>\n<meta name=\"robots\" content=\"index, follow, max-snippet:-1, max-image-preview:large, max-video-preview:-1\" \/>\n<link rel=\"canonical\" href=\"https:\/\/jornalfatosenoticias.com.br\/index.php\/2022\/01\/18\/grande-sao-pedro-vai-ganhar-nova-cara\/\" \/>\n<meta property=\"og:locale\" content=\"pt_BR\" \/>\n<meta property=\"og:type\" content=\"article\" \/>\n<meta property=\"og:title\" content=\"Grande S\u00e3o Pedro vai ganhar nova cara - Jornal Fatos e Not\u00edcias\" \/>\n<meta property=\"og:description\" content=\"O prefeito Lorenzo Pazolini pontuou que essa \u00e9 uma das obras mais aguardadas pelos moradores de Vit\u00f3ria h\u00e1 anos Um sonho para toda a comunidade da Grande S\u00e3o Pedro. A Prefeitura de Vit\u00f3ria lan\u00e7ou, na \u00faltima sexta-feira (14), o edital da 1\u00aa fase do projeto &#8220;Nova Orla da Grande S\u00e3o Pedro&#8221;. O evento foi realizado [&hellip;]\" \/>\n<meta property=\"og:url\" content=\"https:\/\/jornalfatosenoticias.com.br\/index.php\/2022\/01\/18\/grande-sao-pedro-vai-ganhar-nova-cara\/\" \/>\n<meta property=\"og:site_name\" content=\"Jornal Fatos e Not\u00edcias\" \/>\n<meta property=\"article:published_time\" content=\"2022-01-18T17:06:20+00:00\" \/>\n<meta property=\"og:image\" content=\"https:\/\/jornalfatosenoticias.com.br\/wp-content\/uploads\/2022\/01\/SAO-PEDRO_REURBANIZACAO.jpg\" \/>\n\t<meta property=\"og:image:width\" content=\"1000\" \/>\n\t<meta property=\"og:image:height\" content=\"772\" \/>\n\t<meta property=\"og:image:type\" content=\"image\/jpeg\" \/>\n<meta name=\"author\" content=\"Luzimara Fernandes\" \/>\n<meta name=\"twitter:card\" content=\"summary_large_image\" \/>\n<meta name=\"twitter:label1\" content=\"Escrito por\" \/>\n\t<meta name=\"twitter:data1\" content=\"Luzimara Fernandes\" \/>\n\t<meta name=\"twitter:label2\" content=\"Est. tempo de leitura\" \/>\n\t<meta name=\"twitter:data2\" content=\"3 minutos\" \/>\n<script type=\"application\/ld+json\" class=\"yoast-schema-graph\">{\"@context\":\"https:\/\/schema.org\",\"@graph\":[{\"@type\":\"Article\",\"@id\":\"https:\/\/jornalfatosenoticias.com.br\/index.php\/2022\/01\/18\/grande-sao-pedro-vai-ganhar-nova-cara\/#article\",\"isPartOf\":{\"@id\":\"https:\/\/jornalfatosenoticias.com.br\/index.php\/2022\/01\/18\/grande-sao-pedro-vai-ganhar-nova-cara\/\"},\"author\":{\"name\":\"Luzimara Fernandes\",\"@id\":\"https:\/\/jornalfatosenoticias.com.br\/#\/schema\/person\/d63837fa13ac8666eb9e74e0985d6f81\"},\"headline\":\"Grande S\u00e3o Pedro vai ganhar nova cara\",\"datePublished\":\"2022-01-18T17:06:20+00:00\",\"mainEntityOfPage\":{\"@id\":\"https:\/\/jornalfatosenoticias.com.br\/index.php\/2022\/01\/18\/grande-sao-pedro-vai-ganhar-nova-cara\/\"},\"wordCount\":577,\"commentCount\":0,\"publisher\":{\"@id\":\"https:\/\/jornalfatosenoticias.com.br\/#organization\"},\"image\":{\"@id\":\"https:\/\/jornalfatosenoticias.com.br\/index.php\/2022\/01\/18\/grande-sao-pedro-vai-ganhar-nova-cara\/#primaryimage\"},\"thumbnailUrl\":\"https:\/\/jornalfatosenoticias.com.br\/wp-content\/uploads\/2022\/01\/SAO-PEDRO_REURBANIZACAO.jpg\",\"keywords\":[\"Grande S\u00e3o Pedro\",\"obras de infraestrutura\",\"reurbaniza\u00e7\u00e3o\",\"urbaniza\u00e7\u00e3o\",\"Vit\u00f3ria\"],\"articleSection\":[\"Arq &amp; Urb\"],\"inLanguage\":\"pt-BR\",\"potentialAction\":[{\"@type\":\"CommentAction\",\"name\":\"Comment\",\"target\":[\"https:\/\/jornalfatosenoticias.com.br\/index.php\/2022\/01\/18\/grande-sao-pedro-vai-ganhar-nova-cara\/#respond\"]}]},{\"@type\":\"WebPage\",\"@id\":\"https:\/\/jornalfatosenoticias.com.br\/index.php\/2022\/01\/18\/grande-sao-pedro-vai-ganhar-nova-cara\/\",\"url\":\"https:\/\/jornalfatosenoticias.com.br\/index.php\/2022\/01\/18\/grande-sao-pedro-vai-ganhar-nova-cara\/\",\"name\":\"Grande S\u00e3o Pedro vai ganhar nova cara - Jornal Fatos e Not\u00edcias\",\"isPartOf\":{\"@id\":\"https:\/\/jornalfatosenoticias.com.br\/#website\"},\"primaryImageOfPage\":{\"@id\":\"https:\/\/jornalfatosenoticias.com.br\/index.php\/2022\/01\/18\/grande-sao-pedro-vai-ganhar-nova-cara\/#primaryimage\"},\"image\":{\"@id\":\"https:\/\/jornalfatosenoticias.com.br\/index.php\/2022\/01\/18\/grande-sao-pedro-vai-ganhar-nova-cara\/#primaryimage\"},\"thumbnailUrl\":\"https:\/\/jornalfatosenoticias.com.br\/wp-content\/uploads\/2022\/01\/SAO-PEDRO_REURBANIZACAO.jpg\",\"datePublished\":\"2022-01-18T17:06:20+00:00\",\"breadcrumb\":{\"@id\":\"https:\/\/jornalfatosenoticias.com.br\/index.php\/2022\/01\/18\/grande-sao-pedro-vai-ganhar-nova-cara\/#breadcrumb\"},\"inLanguage\":\"pt-BR\",\"potentialAction\":[{\"@type\":\"ReadAction\",\"target\":[\"https:\/\/jornalfatosenoticias.com.br\/index.php\/2022\/01\/18\/grande-sao-pedro-vai-ganhar-nova-cara\/\"]}]},{\"@type\":\"ImageObject\",\"inLanguage\":\"pt-BR\",\"@id\":\"https:\/\/jornalfatosenoticias.com.br\/index.php\/2022\/01\/18\/grande-sao-pedro-vai-ganhar-nova-cara\/#primaryimage\",\"url\":\"https:\/\/jornalfatosenoticias.com.br\/wp-content\/uploads\/2022\/01\/SAO-PEDRO_REURBANIZACAO.jpg\",\"contentUrl\":\"https:\/\/jornalfatosenoticias.com.br\/wp-content\/uploads\/2022\/01\/SAO-PEDRO_REURBANIZACAO.jpg\",\"width\":1000,\"height\":772,\"caption\":\"Lan\u00e7amento do Edital das Obras da Orla Noroeste\"},{\"@type\":\"BreadcrumbList\",\"@id\":\"https:\/\/jornalfatosenoticias.com.br\/index.php\/2022\/01\/18\/grande-sao-pedro-vai-ganhar-nova-cara\/#breadcrumb\",\"itemListElement\":[{\"@type\":\"ListItem\",\"position\":1,\"name\":\"In\u00edcio\",\"item\":\"https:\/\/jornalfatosenoticias.com.br\/\"},{\"@type\":\"ListItem\",\"position\":2,\"name\":\"Grande S\u00e3o Pedro vai ganhar nova cara\"}]},{\"@type\":\"WebSite\",\"@id\":\"https:\/\/jornalfatosenoticias.com.br\/#website\",\"url\":\"https:\/\/jornalfatosenoticias.com.br\/\",\"name\":\"Jornal Fatos e Not\u00edcias\",\"description\":\"Not\u00edcias em geral\",\"publisher\":{\"@id\":\"https:\/\/jornalfatosenoticias.com.br\/#organization\"},\"potentialAction\":[{\"@type\":\"SearchAction\",\"target\":{\"@type\":\"EntryPoint\",\"urlTemplate\":\"https:\/\/jornalfatosenoticias.com.br\/?s={search_term_string}\"},\"query-input\":{\"@type\":\"PropertyValueSpecification\",\"valueRequired\":true,\"valueName\":\"search_term_string\"}}],\"inLanguage\":\"pt-BR\"},{\"@type\":\"Organization\",\"@id\":\"https:\/\/jornalfatosenoticias.com.br\/#organization\",\"name\":\"Jornal Fatos e Not\u00edcias\",\"url\":\"https:\/\/jornalfatosenoticias.com.br\/\",\"logo\":{\"@type\":\"ImageObject\",\"inLanguage\":\"pt-BR\",\"@id\":\"https:\/\/jornalfatosenoticias.com.br\/#\/schema\/logo\/image\/\",\"url\":\"https:\/\/jornalfatosenoticias.com.br\/wp-content\/uploads\/2020\/02\/logo120.png\",\"contentUrl\":\"https:\/\/jornalfatosenoticias.com.br\/wp-content\/uploads\/2020\/02\/logo120.png\",\"width\":1227,\"height\":120,\"caption\":\"Jornal Fatos e Not\u00edcias\"},\"image\":{\"@id\":\"https:\/\/jornalfatosenoticias.com.br\/#\/schema\/logo\/image\/\"}},{\"@type\":\"Person\",\"@id\":\"https:\/\/jornalfatosenoticias.com.br\/#\/schema\/person\/d63837fa13ac8666eb9e74e0985d6f81\",\"name\":\"Luzimara Fernandes\",\"image\":{\"@type\":\"ImageObject\",\"inLanguage\":\"pt-BR\",\"@id\":\"https:\/\/jornalfatosenoticias.com.br\/#\/schema\/person\/image\/\",\"url\":\"https:\/\/jornalfatosenoticias.com.br\/wp-content\/uploads\/2025\/05\/EU_portal.jpg\",\"contentUrl\":\"https:\/\/jornalfatosenoticias.com.br\/wp-content\/uploads\/2025\/05\/EU_portal.jpg\",\"caption\":\"Luzimara Fernandes\"},\"description\":\"Jornalista MTB 2358-ES\",\"sameAs\":[\"https:\/\/jornalfatosenoticias.com.br\"],\"url\":\"https:\/\/jornalfatosenoticias.com.br\/index.php\/author\/luzimara\/\"}]}<\/script>\n<!-- \/ Yoast SEO plugin. -->","yoast_head_json":{"title":"Grande S\u00e3o Pedro vai ganhar nova cara - Jornal Fatos e Not\u00edcias","robots":{"index":"index","follow":"follow","max-snippet":"max-snippet:-1","max-image-preview":"max-image-preview:large","max-video-preview":"max-video-preview:-1"},"canonical":"https:\/\/jornalfatosenoticias.com.br\/index.php\/2022\/01\/18\/grande-sao-pedro-vai-ganhar-nova-cara\/","og_locale":"pt_BR","og_type":"article","og_title":"Grande S\u00e3o Pedro vai ganhar nova cara - Jornal Fatos e Not\u00edcias","og_description":"O prefeito Lorenzo Pazolini pontuou que essa \u00e9 uma das obras mais aguardadas pelos moradores de Vit\u00f3ria h\u00e1 anos Um sonho para toda a comunidade da Grande S\u00e3o Pedro. A Prefeitura de Vit\u00f3ria lan\u00e7ou, na \u00faltima sexta-feira (14), o edital da 1\u00aa fase do projeto &#8220;Nova Orla da Grande S\u00e3o Pedro&#8221;. O evento foi realizado [&hellip;]","og_url":"https:\/\/jornalfatosenoticias.com.br\/index.php\/2022\/01\/18\/grande-sao-pedro-vai-ganhar-nova-cara\/","og_site_name":"Jornal Fatos e Not\u00edcias","article_published_time":"2022-01-18T17:06:20+00:00","og_image":[{"width":1000,"height":772,"url":"https:\/\/jornalfatosenoticias.com.br\/wp-content\/uploads\/2022\/01\/SAO-PEDRO_REURBANIZACAO.jpg","type":"image\/jpeg"}],"author":"Luzimara Fernandes","twitter_card":"summary_large_image","twitter_misc":{"Escrito por":"Luzimara Fernandes","Est. tempo de leitura":"3 minutos"},"schema":{"@context":"https:\/\/schema.org","@graph":[{"@type":"Article","@id":"https:\/\/jornalfatosenoticias.com.br\/index.php\/2022\/01\/18\/grande-sao-pedro-vai-ganhar-nova-cara\/#article","isPartOf":{"@id":"https:\/\/jornalfatosenoticias.com.br\/index.php\/2022\/01\/18\/grande-sao-pedro-vai-ganhar-nova-cara\/"},"author":{"name":"Luzimara Fernandes","@id":"https:\/\/jornalfatosenoticias.com.br\/#\/schema\/person\/d63837fa13ac8666eb9e74e0985d6f81"},"headline":"Grande S\u00e3o Pedro vai ganhar nova cara","datePublished":"2022-01-18T17:06:20+00:00","mainEntityOfPage":{"@id":"https:\/\/jornalfatosenoticias.com.br\/index.php\/2022\/01\/18\/grande-sao-pedro-vai-ganhar-nova-cara\/"},"wordCount":577,"commentCount":0,"publisher":{"@id":"https:\/\/jornalfatosenoticias.com.br\/#organization"},"image":{"@id":"https:\/\/jornalfatosenoticias.com.br\/index.php\/2022\/01\/18\/grande-sao-pedro-vai-ganhar-nova-cara\/#primaryimage"},"thumbnailUrl":"https:\/\/jornalfatosenoticias.com.br\/wp-content\/uploads\/2022\/01\/SAO-PEDRO_REURBANIZACAO.jpg","keywords":["Grande S\u00e3o Pedro","obras de infraestrutura","reurbaniza\u00e7\u00e3o","urbaniza\u00e7\u00e3o","Vit\u00f3ria"],"articleSection":["Arq &amp; Urb"],"inLanguage":"pt-BR","potentialAction":[{"@type":"CommentAction","name":"Comment","target":["https:\/\/jornalfatosenoticias.com.br\/index.php\/2022\/01\/18\/grande-sao-pedro-vai-ganhar-nova-cara\/#respond"]}]},{"@type":"WebPage","@id":"https:\/\/jornalfatosenoticias.com.br\/index.php\/2022\/01\/18\/grande-sao-pedro-vai-ganhar-nova-cara\/","url":"https:\/\/jornalfatosenoticias.com.br\/index.php\/2022\/01\/18\/grande-sao-pedro-vai-ganhar-nova-cara\/","name":"Grande S\u00e3o Pedro vai ganhar nova cara - Jornal Fatos e Not\u00edcias","isPartOf":{"@id":"https:\/\/jornalfatosenoticias.com.br\/#website"},"primaryImageOfPage":{"@id":"https:\/\/jornalfatosenoticias.com.br\/index.php\/2022\/01\/18\/grande-sao-pedro-vai-ganhar-nova-cara\/#primaryimage"},"image":{"@id":"https:\/\/jornalfatosenoticias.com.br\/index.php\/2022\/01\/18\/grande-sao-pedro-vai-ganhar-nova-cara\/#primaryimage"},"thumbnailUrl":"https:\/\/jornalfatosenoticias.com.br\/wp-content\/uploads\/2022\/01\/SAO-PEDRO_REURBANIZACAO.jpg","datePublished":"2022-01-18T17:06:20+00:00","breadcrumb":{"@id":"https:\/\/jornalfatosenoticias.com.br\/index.php\/2022\/01\/18\/grande-sao-pedro-vai-ganhar-nova-cara\/#breadcrumb"},"inLanguage":"pt-BR","potentialAction":[{"@type":"ReadAction","target":["https:\/\/jornalfatosenoticias.com.br\/index.php\/2022\/01\/18\/grande-sao-pedro-vai-ganhar-nova-cara\/"]}]},{"@type":"ImageObject","inLanguage":"pt-BR","@id":"https:\/\/jornalfatosenoticias.com.br\/index.php\/2022\/01\/18\/grande-sao-pedro-vai-ganhar-nova-cara\/#primaryimage","url":"https:\/\/jornalfatosenoticias.com.br\/wp-content\/uploads\/2022\/01\/SAO-PEDRO_REURBANIZACAO.jpg","contentUrl":"https:\/\/jornalfatosenoticias.com.br\/wp-content\/uploads\/2022\/01\/SAO-PEDRO_REURBANIZACAO.jpg","width":1000,"height":772,"caption":"Lan\u00e7amento do Edital das Obras da Orla Noroeste"},{"@type":"BreadcrumbList","@id":"https:\/\/jornalfatosenoticias.com.br\/index.php\/2022\/01\/18\/grande-sao-pedro-vai-ganhar-nova-cara\/#breadcrumb","itemListElement":[{"@type":"ListItem","position":1,"name":"In\u00edcio","item":"https:\/\/jornalfatosenoticias.com.br\/"},{"@type":"ListItem","position":2,"name":"Grande S\u00e3o Pedro vai ganhar nova cara"}]},{"@type":"WebSite","@id":"https:\/\/jornalfatosenoticias.com.br\/#website","url":"https:\/\/jornalfatosenoticias.com.br\/","name":"Jornal Fatos e Not\u00edcias","description":"Not\u00edcias em geral","publisher":{"@id":"https:\/\/jornalfatosenoticias.com.br\/#organization"},"potentialAction":[{"@type":"SearchAction","target":{"@type":"EntryPoint","urlTemplate":"https:\/\/jornalfatosenoticias.com.br\/?s={search_term_string}"},"query-input":{"@type":"PropertyValueSpecification","valueRequired":true,"valueName":"search_term_string"}}],"inLanguage":"pt-BR"},{"@type":"Organization","@id":"https:\/\/jornalfatosenoticias.com.br\/#organization","name":"Jornal Fatos e Not\u00edcias","url":"https:\/\/jornalfatosenoticias.com.br\/","logo":{"@type":"ImageObject","inLanguage":"pt-BR","@id":"https:\/\/jornalfatosenoticias.com.br\/#\/schema\/logo\/image\/","url":"https:\/\/jornalfatosenoticias.com.br\/wp-content\/uploads\/2020\/02\/logo120.png","contentUrl":"https:\/\/jornalfatosenoticias.com.br\/wp-content\/uploads\/2020\/02\/logo120.png","width":1227,"height":120,"caption":"Jornal Fatos e Not\u00edcias"},"image":{"@id":"https:\/\/jornalfatosenoticias.com.br\/#\/schema\/logo\/image\/"}},{"@type":"Person","@id":"https:\/\/jornalfatosenoticias.com.br\/#\/schema\/person\/d63837fa13ac8666eb9e74e0985d6f81","name":"Luzimara Fernandes","image":{"@type":"ImageObject","inLanguage":"pt-BR","@id":"https:\/\/jornalfatosenoticias.com.br\/#\/schema\/person\/image\/","url":"https:\/\/jornalfatosenoticias.com.br\/wp-content\/uploads\/2025\/05\/EU_portal.jpg","contentUrl":"https:\/\/jornalfatosenoticias.com.br\/wp-content\/uploads\/2025\/05\/EU_portal.jpg","caption":"Luzimara Fernandes"},"description":"Jornalista MTB 2358-ES","sameAs":["https:\/\/jornalfatosenoticias.com.br"],"url":"https:\/\/jornalfatosenoticias.com.br\/index.php\/author\/luzimara\/"}]}},"cc_featured_image_caption":{"caption_text":"(Foto: Leonardo Silveira) ","source_text":"","source_url":""},"jetpack_featured_media_url":"https:\/\/jornalfatosenoticias.com.br\/wp-content\/uploads\/2022\/01\/SAO-PEDRO_REURBANIZACAO.jpg","_links":{"self":[{"href":"https:\/\/jornalfatosenoticias.com.br\/index.php\/wp-json\/wp\/v2\/posts\/26926","targetHints":{"allow":["GET"]}}],"collection":[{"href":"https:\/\/jornalfatosenoticias.com.br\/index.php\/wp-json\/wp\/v2\/posts"}],"about":[{"href":"https:\/\/jornalfatosenoticias.com.br\/index.php\/wp-json\/wp\/v2\/types\/post"}],"author":[{"embeddable":true,"href":"https:\/\/jornalfatosenoticias.com.br\/index.php\/wp-json\/wp\/v2\/users\/2"}],"replies":[{"embeddable":true,"href":"https:\/\/jornalfatosenoticias.com.br\/index.php\/wp-json\/wp\/v2\/comments?post=26926"}],"version-history":[{"count":0,"href":"https:\/\/jornalfatosenoticias.com.br\/index.php\/wp-json\/wp\/v2\/posts\/26926\/revisions"}],"wp:featuredmedia":[{"embeddable":true,"href":"https:\/\/jornalfatosenoticias.com.br\/index.php\/wp-json\/wp\/v2\/media\/26928"}],"wp:attachment":[{"href":"https:\/\/jornalfatosenoticias.com.br\/index.php\/wp-json\/wp\/v2\/media?parent=26926"}],"wp:term":[{"taxonomy":"category","embeddable":true,"href":"https:\/\/jornalfatosenoticias.com.br\/index.php\/wp-json\/wp\/v2\/categories?post=26926"},{"taxonomy":"post_tag","embeddable":true,"href":"https:\/\/jornalfatosenoticias.com.br\/index.php\/wp-json\/wp\/v2\/tags?post=26926"}],"curies":[{"name":"wp","href":"https:\/\/api.w.org\/{rel}","templated":true}]}}