{"id":26956,"date":"2022-01-19T12:59:23","date_gmt":"2022-01-19T15:59:23","guid":{"rendered":"https:\/\/jornalfatosenoticias.com.br\/?p=26956"},"modified":"2022-01-19T13:01:32","modified_gmt":"2022-01-19T16:01:32","slug":"candida-auris-entenda-o-que-e-o-fungo-que-causou-surto-no-nordeste","status":"publish","type":"post","link":"https:\/\/jornalfatosenoticias.com.br\/index.php\/2022\/01\/19\/candida-auris-entenda-o-que-e-o-fungo-que-causou-surto-no-nordeste\/","title":{"rendered":"Candida auris: entenda o que \u00e9 o fungo que causou surto no Nordeste"},"content":{"rendered":"\n<p>A Ag\u00eancia Nacional de Vigil\u00e2ncia Sanit\u00e1ria (<a href=\"https:\/\/olhardigital.com.br\/2022\/01\/07\/coronavirus\/anvisa-avalia-aplicacao-da-coronavac-em-criancas-a-partir-de-3-anos\/\">Anvisa<\/a>) relatou o terceiro surto do fungo Candida auris no Brasil. O \u00faltimo caso foi registrado em um hospital no estado de Pernambuco. A identifica\u00e7\u00e3o do fungo foi realizada no Laborat\u00f3rio Central de Sa\u00fade P\u00fablica Prof. Gon\u00e7alo Moniz (Lacen), na&nbsp;<a href=\"https:\/\/olhardigital.com.br\/2021\/12\/23\/coronavirus\/governador-da-bahia-afirma-que-ficou-impossivel-realizar-o-carnaval-2022\/\">Bahia<\/a>.<br>O laborat\u00f3rio baiano realizou uma s\u00e9rie de an\u00e1lises usando um m\u00e9todo que utiliza ioniza\u00e7\u00e3o para diagnosticar o fungo de maneira r\u00e1pida e eficaz. Al\u00e9m do caso confirmado, ainda h\u00e1 um outro caso suspeito, que est\u00e1 em <a href=\"https:\/\/olhardigital.com.br\/2021\/11\/18\/medicina-e-saude\/frascos-com-variola-sao-encontrados-acidentalmente-em-laboratorio-dos-eua\/\">investiga\u00e7\u00e3o laboratorial<\/a>.<\/p>\n\n\n\n<p><strong><span class=\"has-inline-color has-black-color\">Por que \u00e9 um surto?<br><\/span><\/strong>Mesmo com apenas um caso confirmado, a Anvisa esclarece que pode-se considerar que h\u00e1 um surto do fungo Candida auris no Brasil. A defini\u00e7\u00e3o epidemiol\u00f3gica de surto abrange n\u00e3o apenas uma grande quantidade de casos de <a href=\"https:\/\/olhardigital.com.br\/2021\/07\/29\/medicina-e-saude\/trabalhador-pode-ter-contraido-doenca-cerebral-mortal-em-laboratorio\/\">doen\u00e7as contagiosas<\/a> ou de ordem sanit\u00e1ria\u201d, disse a ag\u00eancia em comunicado.<br>Como o Candida auris \u00e9 novo na epidemiologia brasileira, mesmo sendo apenas um caso, por defini\u00e7\u00e3o, o pa\u00eds enfrenta um surto de infec\u00e7\u00f5es pelo fungo. Desde a identifica\u00e7\u00e3o do caso suspeito, o hospital pernambucano adotou uma s\u00e9rie de precau\u00e7\u00f5es para evitar que o surto se amplie.<br>Diversas autoridades de sa\u00fade j\u00e1 foram notificadas sobre o surto para tomarem a\u00e7\u00f5es de vigil\u00e2ncia, monitoramento, preven\u00e7\u00e3o e controle foram intensificadas. Foi montada, inclusive, uma for\u00e7a-tarefa com uma s\u00e9rie de institui\u00e7\u00f5es, incluindo <a href=\"https:\/\/olhardigital.com.br\/2021\/11\/25\/ciencia-e-espaco\/usp-adesivo-sensores\/\">universidades<\/a>, para monitoramento do fungo.<\/p>\n\n\n\n<p><strong><span class=\"has-inline-color has-black-color\">O que \u00e9 a Candida auris<br><\/span><\/strong>A infec\u00e7\u00e3o por Candida auris \u00e9 resistente a medicamentos e pode ser fatal. Estima-se que entre 30% e 60% dos pacientes infectados com o fungo acabam indo a \u00f3bito. Por\u00e9m, os n\u00fameros podem variar com base em alguns aspectos, como a gravidade da doen\u00e7a e a resist\u00eancia do pat\u00f3geno a tratamentos.<br>Desde o in\u00edcio da pandemia da covid-19, a Anvisa j\u00e1 confirmou 18 casos de infec\u00e7\u00f5es pelo fungo em tr\u00eas surtos diferentes. Al\u00e9m do surto atual, em <a href=\"https:\/\/olhardigital.com.br\/2021\/03\/03\/videos\/sindrome-de-haff-entenda-a-doenca-da-urina-preta-que-causou-morte-em-pernambuco\/\">Pernambuco<\/a>, foram relatados outros dois surtos em Salvador. Ao todo, foram 16 casos na capital baiana, com dois mortos.<\/p>\n\n\n\n<p><strong><em>Fonte: <a href=\"https:\/\/olhardigital.com.br\/2022\/01\/14\/medicina-e-saude\/candida-auris-entenda-o-que-e-o-fungo-que-causou-surto-no-nordeste\/\">Olhar Digital<\/a><\/em><\/strong><\/p>\n","protected":false},"excerpt":{"rendered":"<p>A Ag\u00eancia Nacional de Vigil\u00e2ncia Sanit\u00e1ria (Anvisa) relatou o terceiro surto do fungo Candida auris no Brasil. O \u00faltimo caso foi registrado em um hospital no estado de Pernambuco. A identifica\u00e7\u00e3o do fungo foi realizada no Laborat\u00f3rio Central de Sa\u00fade P\u00fablica Prof. Gon\u00e7alo Moniz (Lacen), na&nbsp;Bahia.O laborat\u00f3rio baiano realizou uma s\u00e9rie de an\u00e1lises usando um [&hellip;]<\/p>\n","protected":false},"author":2,"featured_media":26957,"comment_status":"open","ping_status":"open","sticky":false,"template":"","format":"standard","meta":{"footnotes":""},"categories":[11],"tags":[12953,394,4129,2444,12167,12954,12955],"class_list":["post-26956","post","type-post","status-publish","format-standard","has-post-thumbnail","hentry","category-saude","tag-candida","tag-doenca","tag-fungo","tag-fungos","tag-recife","tag-salvador","tag-superfungo"],"yoast_head":"<!-- This site is optimized with the Yoast SEO plugin v26.5 - https:\/\/yoast.com\/wordpress\/plugins\/seo\/ -->\n<title>Candida auris: entenda o que \u00e9 o fungo que causou surto no Nordeste - Jornal Fatos e Not\u00edcias<\/title>\n<meta name=\"robots\" content=\"index, follow, max-snippet:-1, max-image-preview:large, max-video-preview:-1\" \/>\n<link rel=\"canonical\" href=\"https:\/\/jornalfatosenoticias.com.br\/index.php\/2022\/01\/19\/candida-auris-entenda-o-que-e-o-fungo-que-causou-surto-no-nordeste\/\" \/>\n<meta property=\"og:locale\" content=\"pt_BR\" \/>\n<meta property=\"og:type\" content=\"article\" \/>\n<meta property=\"og:title\" content=\"Candida auris: entenda o que \u00e9 o fungo que causou surto no Nordeste - Jornal Fatos e Not\u00edcias\" \/>\n<meta property=\"og:description\" content=\"A Ag\u00eancia Nacional de Vigil\u00e2ncia Sanit\u00e1ria (Anvisa) relatou o terceiro surto do fungo Candida auris no Brasil. O \u00faltimo caso foi registrado em um hospital no estado de Pernambuco. A identifica\u00e7\u00e3o do fungo foi realizada no Laborat\u00f3rio Central de Sa\u00fade P\u00fablica Prof. Gon\u00e7alo Moniz (Lacen), na&nbsp;Bahia.O laborat\u00f3rio baiano realizou uma s\u00e9rie de an\u00e1lises usando um [&hellip;]\" \/>\n<meta property=\"og:url\" content=\"https:\/\/jornalfatosenoticias.com.br\/index.php\/2022\/01\/19\/candida-auris-entenda-o-que-e-o-fungo-que-causou-surto-no-nordeste\/\" \/>\n<meta property=\"og:site_name\" content=\"Jornal Fatos e Not\u00edcias\" \/>\n<meta property=\"article:published_time\" content=\"2022-01-19T15:59:23+00:00\" \/>\n<meta property=\"article:modified_time\" content=\"2022-01-19T16:01:32+00:00\" \/>\n<meta property=\"og:image\" content=\"https:\/\/jornalfatosenoticias.com.br\/wp-content\/uploads\/2022\/01\/candida-auris_iStock.jpg\" \/>\n\t<meta property=\"og:image:width\" content=\"1000\" \/>\n\t<meta property=\"og:image:height\" content=\"358\" \/>\n\t<meta property=\"og:image:type\" content=\"image\/jpeg\" \/>\n<meta name=\"author\" content=\"Luzimara Fernandes\" \/>\n<meta name=\"twitter:card\" content=\"summary_large_image\" \/>\n<meta name=\"twitter:label1\" content=\"Escrito por\" \/>\n\t<meta name=\"twitter:data1\" content=\"Luzimara Fernandes\" \/>\n\t<meta name=\"twitter:label2\" content=\"Est. tempo de leitura\" \/>\n\t<meta name=\"twitter:data2\" content=\"2 minutos\" \/>\n<script type=\"application\/ld+json\" class=\"yoast-schema-graph\">{\"@context\":\"https:\/\/schema.org\",\"@graph\":[{\"@type\":\"Article\",\"@id\":\"https:\/\/jornalfatosenoticias.com.br\/index.php\/2022\/01\/19\/candida-auris-entenda-o-que-e-o-fungo-que-causou-surto-no-nordeste\/#article\",\"isPartOf\":{\"@id\":\"https:\/\/jornalfatosenoticias.com.br\/index.php\/2022\/01\/19\/candida-auris-entenda-o-que-e-o-fungo-que-causou-surto-no-nordeste\/\"},\"author\":{\"name\":\"Luzimara Fernandes\",\"@id\":\"https:\/\/jornalfatosenoticias.com.br\/#\/schema\/person\/d63837fa13ac8666eb9e74e0985d6f81\"},\"headline\":\"Candida auris: entenda o que \u00e9 o fungo que causou surto no Nordeste\",\"datePublished\":\"2022-01-19T15:59:23+00:00\",\"dateModified\":\"2022-01-19T16:01:32+00:00\",\"mainEntityOfPage\":{\"@id\":\"https:\/\/jornalfatosenoticias.com.br\/index.php\/2022\/01\/19\/candida-auris-entenda-o-que-e-o-fungo-que-causou-surto-no-nordeste\/\"},\"wordCount\":375,\"commentCount\":0,\"publisher\":{\"@id\":\"https:\/\/jornalfatosenoticias.com.br\/#organization\"},\"image\":{\"@id\":\"https:\/\/jornalfatosenoticias.com.br\/index.php\/2022\/01\/19\/candida-auris-entenda-o-que-e-o-fungo-que-causou-surto-no-nordeste\/#primaryimage\"},\"thumbnailUrl\":\"https:\/\/jornalfatosenoticias.com.br\/wp-content\/uploads\/2022\/01\/candida-auris_iStock.jpg\",\"keywords\":[\"candida\",\"doen\u00e7a\",\"fungo\",\"fungos\",\"Recife\",\"Salvador\",\"superfungo\"],\"articleSection\":[\"Sa\u00fade\"],\"inLanguage\":\"pt-BR\",\"potentialAction\":[{\"@type\":\"CommentAction\",\"name\":\"Comment\",\"target\":[\"https:\/\/jornalfatosenoticias.com.br\/index.php\/2022\/01\/19\/candida-auris-entenda-o-que-e-o-fungo-que-causou-surto-no-nordeste\/#respond\"]}]},{\"@type\":\"WebPage\",\"@id\":\"https:\/\/jornalfatosenoticias.com.br\/index.php\/2022\/01\/19\/candida-auris-entenda-o-que-e-o-fungo-que-causou-surto-no-nordeste\/\",\"url\":\"https:\/\/jornalfatosenoticias.com.br\/index.php\/2022\/01\/19\/candida-auris-entenda-o-que-e-o-fungo-que-causou-surto-no-nordeste\/\",\"name\":\"Candida auris: entenda o que \u00e9 o fungo que causou surto no Nordeste - Jornal Fatos e Not\u00edcias\",\"isPartOf\":{\"@id\":\"https:\/\/jornalfatosenoticias.com.br\/#website\"},\"primaryImageOfPage\":{\"@id\":\"https:\/\/jornalfatosenoticias.com.br\/index.php\/2022\/01\/19\/candida-auris-entenda-o-que-e-o-fungo-que-causou-surto-no-nordeste\/#primaryimage\"},\"image\":{\"@id\":\"https:\/\/jornalfatosenoticias.com.br\/index.php\/2022\/01\/19\/candida-auris-entenda-o-que-e-o-fungo-que-causou-surto-no-nordeste\/#primaryimage\"},\"thumbnailUrl\":\"https:\/\/jornalfatosenoticias.com.br\/wp-content\/uploads\/2022\/01\/candida-auris_iStock.jpg\",\"datePublished\":\"2022-01-19T15:59:23+00:00\",\"dateModified\":\"2022-01-19T16:01:32+00:00\",\"breadcrumb\":{\"@id\":\"https:\/\/jornalfatosenoticias.com.br\/index.php\/2022\/01\/19\/candida-auris-entenda-o-que-e-o-fungo-que-causou-surto-no-nordeste\/#breadcrumb\"},\"inLanguage\":\"pt-BR\",\"potentialAction\":[{\"@type\":\"ReadAction\",\"target\":[\"https:\/\/jornalfatosenoticias.com.br\/index.php\/2022\/01\/19\/candida-auris-entenda-o-que-e-o-fungo-que-causou-surto-no-nordeste\/\"]}]},{\"@type\":\"ImageObject\",\"inLanguage\":\"pt-BR\",\"@id\":\"https:\/\/jornalfatosenoticias.com.br\/index.php\/2022\/01\/19\/candida-auris-entenda-o-que-e-o-fungo-que-causou-surto-no-nordeste\/#primaryimage\",\"url\":\"https:\/\/jornalfatosenoticias.com.br\/wp-content\/uploads\/2022\/01\/candida-auris_iStock.jpg\",\"contentUrl\":\"https:\/\/jornalfatosenoticias.com.br\/wp-content\/uploads\/2022\/01\/candida-auris_iStock.jpg\",\"width\":1000,\"height\":358},{\"@type\":\"BreadcrumbList\",\"@id\":\"https:\/\/jornalfatosenoticias.com.br\/index.php\/2022\/01\/19\/candida-auris-entenda-o-que-e-o-fungo-que-causou-surto-no-nordeste\/#breadcrumb\",\"itemListElement\":[{\"@type\":\"ListItem\",\"position\":1,\"name\":\"In\u00edcio\",\"item\":\"https:\/\/jornalfatosenoticias.com.br\/\"},{\"@type\":\"ListItem\",\"position\":2,\"name\":\"Candida auris: entenda o que \u00e9 o fungo que causou surto no Nordeste\"}]},{\"@type\":\"WebSite\",\"@id\":\"https:\/\/jornalfatosenoticias.com.br\/#website\",\"url\":\"https:\/\/jornalfatosenoticias.com.br\/\",\"name\":\"Jornal Fatos e Not\u00edcias\",\"description\":\"Not\u00edcias em geral\",\"publisher\":{\"@id\":\"https:\/\/jornalfatosenoticias.com.br\/#organization\"},\"potentialAction\":[{\"@type\":\"SearchAction\",\"target\":{\"@type\":\"EntryPoint\",\"urlTemplate\":\"https:\/\/jornalfatosenoticias.com.br\/?s={search_term_string}\"},\"query-input\":{\"@type\":\"PropertyValueSpecification\",\"valueRequired\":true,\"valueName\":\"search_term_string\"}}],\"inLanguage\":\"pt-BR\"},{\"@type\":\"Organization\",\"@id\":\"https:\/\/jornalfatosenoticias.com.br\/#organization\",\"name\":\"Jornal Fatos e Not\u00edcias\",\"url\":\"https:\/\/jornalfatosenoticias.com.br\/\",\"logo\":{\"@type\":\"ImageObject\",\"inLanguage\":\"pt-BR\",\"@id\":\"https:\/\/jornalfatosenoticias.com.br\/#\/schema\/logo\/image\/\",\"url\":\"https:\/\/jornalfatosenoticias.com.br\/wp-content\/uploads\/2020\/02\/logo120.png\",\"contentUrl\":\"https:\/\/jornalfatosenoticias.com.br\/wp-content\/uploads\/2020\/02\/logo120.png\",\"width\":1227,\"height\":120,\"caption\":\"Jornal Fatos e Not\u00edcias\"},\"image\":{\"@id\":\"https:\/\/jornalfatosenoticias.com.br\/#\/schema\/logo\/image\/\"}},{\"@type\":\"Person\",\"@id\":\"https:\/\/jornalfatosenoticias.com.br\/#\/schema\/person\/d63837fa13ac8666eb9e74e0985d6f81\",\"name\":\"Luzimara Fernandes\",\"image\":{\"@type\":\"ImageObject\",\"inLanguage\":\"pt-BR\",\"@id\":\"https:\/\/jornalfatosenoticias.com.br\/#\/schema\/person\/image\/\",\"url\":\"https:\/\/jornalfatosenoticias.com.br\/wp-content\/uploads\/2025\/05\/EU_portal.jpg\",\"contentUrl\":\"https:\/\/jornalfatosenoticias.com.br\/wp-content\/uploads\/2025\/05\/EU_portal.jpg\",\"caption\":\"Luzimara Fernandes\"},\"description\":\"Jornalista MTB 2358-ES\",\"sameAs\":[\"https:\/\/jornalfatosenoticias.com.br\"],\"url\":\"https:\/\/jornalfatosenoticias.com.br\/index.php\/author\/luzimara\/\"}]}<\/script>\n<!-- \/ Yoast SEO plugin. -->","yoast_head_json":{"title":"Candida auris: entenda o que \u00e9 o fungo que causou surto no Nordeste - Jornal Fatos e Not\u00edcias","robots":{"index":"index","follow":"follow","max-snippet":"max-snippet:-1","max-image-preview":"max-image-preview:large","max-video-preview":"max-video-preview:-1"},"canonical":"https:\/\/jornalfatosenoticias.com.br\/index.php\/2022\/01\/19\/candida-auris-entenda-o-que-e-o-fungo-que-causou-surto-no-nordeste\/","og_locale":"pt_BR","og_type":"article","og_title":"Candida auris: entenda o que \u00e9 o fungo que causou surto no Nordeste - Jornal Fatos e Not\u00edcias","og_description":"A Ag\u00eancia Nacional de Vigil\u00e2ncia Sanit\u00e1ria (Anvisa) relatou o terceiro surto do fungo Candida auris no Brasil. O \u00faltimo caso foi registrado em um hospital no estado de Pernambuco. A identifica\u00e7\u00e3o do fungo foi realizada no Laborat\u00f3rio Central de Sa\u00fade P\u00fablica Prof. Gon\u00e7alo Moniz (Lacen), na&nbsp;Bahia.O laborat\u00f3rio baiano realizou uma s\u00e9rie de an\u00e1lises usando um [&hellip;]","og_url":"https:\/\/jornalfatosenoticias.com.br\/index.php\/2022\/01\/19\/candida-auris-entenda-o-que-e-o-fungo-que-causou-surto-no-nordeste\/","og_site_name":"Jornal Fatos e Not\u00edcias","article_published_time":"2022-01-19T15:59:23+00:00","article_modified_time":"2022-01-19T16:01:32+00:00","og_image":[{"width":1000,"height":358,"url":"https:\/\/jornalfatosenoticias.com.br\/wp-content\/uploads\/2022\/01\/candida-auris_iStock.jpg","type":"image\/jpeg"}],"author":"Luzimara Fernandes","twitter_card":"summary_large_image","twitter_misc":{"Escrito por":"Luzimara Fernandes","Est. tempo de leitura":"2 minutos"},"schema":{"@context":"https:\/\/schema.org","@graph":[{"@type":"Article","@id":"https:\/\/jornalfatosenoticias.com.br\/index.php\/2022\/01\/19\/candida-auris-entenda-o-que-e-o-fungo-que-causou-surto-no-nordeste\/#article","isPartOf":{"@id":"https:\/\/jornalfatosenoticias.com.br\/index.php\/2022\/01\/19\/candida-auris-entenda-o-que-e-o-fungo-que-causou-surto-no-nordeste\/"},"author":{"name":"Luzimara Fernandes","@id":"https:\/\/jornalfatosenoticias.com.br\/#\/schema\/person\/d63837fa13ac8666eb9e74e0985d6f81"},"headline":"Candida auris: entenda o que \u00e9 o fungo que causou surto no Nordeste","datePublished":"2022-01-19T15:59:23+00:00","dateModified":"2022-01-19T16:01:32+00:00","mainEntityOfPage":{"@id":"https:\/\/jornalfatosenoticias.com.br\/index.php\/2022\/01\/19\/candida-auris-entenda-o-que-e-o-fungo-que-causou-surto-no-nordeste\/"},"wordCount":375,"commentCount":0,"publisher":{"@id":"https:\/\/jornalfatosenoticias.com.br\/#organization"},"image":{"@id":"https:\/\/jornalfatosenoticias.com.br\/index.php\/2022\/01\/19\/candida-auris-entenda-o-que-e-o-fungo-que-causou-surto-no-nordeste\/#primaryimage"},"thumbnailUrl":"https:\/\/jornalfatosenoticias.com.br\/wp-content\/uploads\/2022\/01\/candida-auris_iStock.jpg","keywords":["candida","doen\u00e7a","fungo","fungos","Recife","Salvador","superfungo"],"articleSection":["Sa\u00fade"],"inLanguage":"pt-BR","potentialAction":[{"@type":"CommentAction","name":"Comment","target":["https:\/\/jornalfatosenoticias.com.br\/index.php\/2022\/01\/19\/candida-auris-entenda-o-que-e-o-fungo-que-causou-surto-no-nordeste\/#respond"]}]},{"@type":"WebPage","@id":"https:\/\/jornalfatosenoticias.com.br\/index.php\/2022\/01\/19\/candida-auris-entenda-o-que-e-o-fungo-que-causou-surto-no-nordeste\/","url":"https:\/\/jornalfatosenoticias.com.br\/index.php\/2022\/01\/19\/candida-auris-entenda-o-que-e-o-fungo-que-causou-surto-no-nordeste\/","name":"Candida auris: entenda o que \u00e9 o fungo que causou surto no Nordeste - Jornal Fatos e Not\u00edcias","isPartOf":{"@id":"https:\/\/jornalfatosenoticias.com.br\/#website"},"primaryImageOfPage":{"@id":"https:\/\/jornalfatosenoticias.com.br\/index.php\/2022\/01\/19\/candida-auris-entenda-o-que-e-o-fungo-que-causou-surto-no-nordeste\/#primaryimage"},"image":{"@id":"https:\/\/jornalfatosenoticias.com.br\/index.php\/2022\/01\/19\/candida-auris-entenda-o-que-e-o-fungo-que-causou-surto-no-nordeste\/#primaryimage"},"thumbnailUrl":"https:\/\/jornalfatosenoticias.com.br\/wp-content\/uploads\/2022\/01\/candida-auris_iStock.jpg","datePublished":"2022-01-19T15:59:23+00:00","dateModified":"2022-01-19T16:01:32+00:00","breadcrumb":{"@id":"https:\/\/jornalfatosenoticias.com.br\/index.php\/2022\/01\/19\/candida-auris-entenda-o-que-e-o-fungo-que-causou-surto-no-nordeste\/#breadcrumb"},"inLanguage":"pt-BR","potentialAction":[{"@type":"ReadAction","target":["https:\/\/jornalfatosenoticias.com.br\/index.php\/2022\/01\/19\/candida-auris-entenda-o-que-e-o-fungo-que-causou-surto-no-nordeste\/"]}]},{"@type":"ImageObject","inLanguage":"pt-BR","@id":"https:\/\/jornalfatosenoticias.com.br\/index.php\/2022\/01\/19\/candida-auris-entenda-o-que-e-o-fungo-que-causou-surto-no-nordeste\/#primaryimage","url":"https:\/\/jornalfatosenoticias.com.br\/wp-content\/uploads\/2022\/01\/candida-auris_iStock.jpg","contentUrl":"https:\/\/jornalfatosenoticias.com.br\/wp-content\/uploads\/2022\/01\/candida-auris_iStock.jpg","width":1000,"height":358},{"@type":"BreadcrumbList","@id":"https:\/\/jornalfatosenoticias.com.br\/index.php\/2022\/01\/19\/candida-auris-entenda-o-que-e-o-fungo-que-causou-surto-no-nordeste\/#breadcrumb","itemListElement":[{"@type":"ListItem","position":1,"name":"In\u00edcio","item":"https:\/\/jornalfatosenoticias.com.br\/"},{"@type":"ListItem","position":2,"name":"Candida auris: entenda o que \u00e9 o fungo que causou surto no Nordeste"}]},{"@type":"WebSite","@id":"https:\/\/jornalfatosenoticias.com.br\/#website","url":"https:\/\/jornalfatosenoticias.com.br\/","name":"Jornal Fatos e Not\u00edcias","description":"Not\u00edcias em geral","publisher":{"@id":"https:\/\/jornalfatosenoticias.com.br\/#organization"},"potentialAction":[{"@type":"SearchAction","target":{"@type":"EntryPoint","urlTemplate":"https:\/\/jornalfatosenoticias.com.br\/?s={search_term_string}"},"query-input":{"@type":"PropertyValueSpecification","valueRequired":true,"valueName":"search_term_string"}}],"inLanguage":"pt-BR"},{"@type":"Organization","@id":"https:\/\/jornalfatosenoticias.com.br\/#organization","name":"Jornal Fatos e Not\u00edcias","url":"https:\/\/jornalfatosenoticias.com.br\/","logo":{"@type":"ImageObject","inLanguage":"pt-BR","@id":"https:\/\/jornalfatosenoticias.com.br\/#\/schema\/logo\/image\/","url":"https:\/\/jornalfatosenoticias.com.br\/wp-content\/uploads\/2020\/02\/logo120.png","contentUrl":"https:\/\/jornalfatosenoticias.com.br\/wp-content\/uploads\/2020\/02\/logo120.png","width":1227,"height":120,"caption":"Jornal Fatos e Not\u00edcias"},"image":{"@id":"https:\/\/jornalfatosenoticias.com.br\/#\/schema\/logo\/image\/"}},{"@type":"Person","@id":"https:\/\/jornalfatosenoticias.com.br\/#\/schema\/person\/d63837fa13ac8666eb9e74e0985d6f81","name":"Luzimara Fernandes","image":{"@type":"ImageObject","inLanguage":"pt-BR","@id":"https:\/\/jornalfatosenoticias.com.br\/#\/schema\/person\/image\/","url":"https:\/\/jornalfatosenoticias.com.br\/wp-content\/uploads\/2025\/05\/EU_portal.jpg","contentUrl":"https:\/\/jornalfatosenoticias.com.br\/wp-content\/uploads\/2025\/05\/EU_portal.jpg","caption":"Luzimara Fernandes"},"description":"Jornalista MTB 2358-ES","sameAs":["https:\/\/jornalfatosenoticias.com.br"],"url":"https:\/\/jornalfatosenoticias.com.br\/index.php\/author\/luzimara\/"}]}},"cc_featured_image_caption":{"caption_text":"(Foto: iStock) ","source_text":"","source_url":""},"jetpack_featured_media_url":"https:\/\/jornalfatosenoticias.com.br\/wp-content\/uploads\/2022\/01\/candida-auris_iStock.jpg","_links":{"self":[{"href":"https:\/\/jornalfatosenoticias.com.br\/index.php\/wp-json\/wp\/v2\/posts\/26956","targetHints":{"allow":["GET"]}}],"collection":[{"href":"https:\/\/jornalfatosenoticias.com.br\/index.php\/wp-json\/wp\/v2\/posts"}],"about":[{"href":"https:\/\/jornalfatosenoticias.com.br\/index.php\/wp-json\/wp\/v2\/types\/post"}],"author":[{"embeddable":true,"href":"https:\/\/jornalfatosenoticias.com.br\/index.php\/wp-json\/wp\/v2\/users\/2"}],"replies":[{"embeddable":true,"href":"https:\/\/jornalfatosenoticias.com.br\/index.php\/wp-json\/wp\/v2\/comments?post=26956"}],"version-history":[{"count":0,"href":"https:\/\/jornalfatosenoticias.com.br\/index.php\/wp-json\/wp\/v2\/posts\/26956\/revisions"}],"wp:featuredmedia":[{"embeddable":true,"href":"https:\/\/jornalfatosenoticias.com.br\/index.php\/wp-json\/wp\/v2\/media\/26957"}],"wp:attachment":[{"href":"https:\/\/jornalfatosenoticias.com.br\/index.php\/wp-json\/wp\/v2\/media?parent=26956"}],"wp:term":[{"taxonomy":"category","embeddable":true,"href":"https:\/\/jornalfatosenoticias.com.br\/index.php\/wp-json\/wp\/v2\/categories?post=26956"},{"taxonomy":"post_tag","embeddable":true,"href":"https:\/\/jornalfatosenoticias.com.br\/index.php\/wp-json\/wp\/v2\/tags?post=26956"}],"curies":[{"name":"wp","href":"https:\/\/api.w.org\/{rel}","templated":true}]}}