{"id":27102,"date":"2022-01-24T12:00:55","date_gmt":"2022-01-24T15:00:55","guid":{"rendered":"https:\/\/jornalfatosenoticias.com.br\/?p=27102"},"modified":"2022-01-24T12:00:57","modified_gmt":"2022-01-24T15:00:57","slug":"vista-pela-ultima-vez-em-1970-perereca-extinta-e-redescoberta-na-mata-atlantica","status":"publish","type":"post","link":"https:\/\/jornalfatosenoticias.com.br\/index.php\/2022\/01\/24\/vista-pela-ultima-vez-em-1970-perereca-extinta-e-redescoberta-na-mata-atlantica\/","title":{"rendered":"Vista pela \u00faltima vez em 1970, perereca \u201cextinta\u201d \u00e9 redescoberta na Mata Atl\u00e2ntica"},"content":{"rendered":"\n<p><em><span class=\"has-inline-color has-black-color\">A esp\u00e9cie rara, encontrada pela \u00faltima vez h\u00e1 mais de 50 anos, \u00e9 uma esperan\u00e7a para a biodiversidade em perigo e um alerta quanto \u00e0 necessidade de preserva\u00e7\u00e3o de biomas<\/span><\/em><\/p>\n\n\n\n<p>Cientistas pesquisaram os r\u00e9pteis e anf\u00edbios que habitam uma regi\u00e3o preservada da Mata Atl\u00e2ntica, no Parque Estadual Nascentes do Paranapanema (Penap), no munic\u00edpio de Cap\u00e3o Bonito, em S\u00e3o Paulo, e redescobriram uma rara esp\u00e9cie de perereca, vista pela \u00faltima vez em 1970. O reencontro da esp\u00e9cie \u00e9 s\u00edmbolo de esperan\u00e7a na busca por animais considerados extintos, al\u00e9m de alertar sobre a import\u00e2ncia das pesquisas em campo e da preserva\u00e7\u00e3o dos <strong><a href=\"https:\/\/www.ecycle.com.br\/mapbiomas-revela-aumento-do-risco-de-desertificacao-na-caatinga\/\">biomas<\/a><\/strong> brasileiros.<br>\u201cFicamos surpresos e muito empolgados ao notarmos que est\u00e1vamos diante da esp\u00e9cie <em>Phrynomedusa appendiculata<\/em>, considerada at\u00e9 mesmo possivelmente extinta\u201d, conta ao\u00a0<strong>Jornal da USP<\/strong>\u00a0o pesquisador Leandro Moraes, doutorando do Programa de P\u00f3s-Gradua\u00e7\u00e3o em Zoologia do Instituto de Bioci\u00eancias (IB) da USP.\u00a0 O\u00a0<a href=\"https:\/\/mapress.com\/zt\/article\/view\/zootaxa.5087.4.2\" target=\"_blank\" rel=\"noreferrer noopener\"><strong>artigo<\/strong>\u00a0<\/a>que detalha \u00e9 redescoberta,\u00a0\u00a0<em>Rediscovery of the rare\u00a0Phrynomedusaappendiculata (Lutz, 1925) (Anura: Phyllomedusidae) from the Atlantic Forest of southeastern Brazil,<\/em>, foi publicado este m\u00eas, na revista internacional Zootaxa.<\/p>\n\n\n\n<h4 class=\"wp-block-heading\"><span class=\"has-inline-color has-vivid-green-cyan-color\">Phrynomedusa appendiculata: rara, brasileira e colorida \u200b<\/span><\/h4>\n\n\n\n<figure class=\"wp-block-image size-large\"><img loading=\"lazy\" decoding=\"async\" width=\"1000\" height=\"525\" src=\"https:\/\/jornalfatosenoticias.com.br\/wp-content\/uploads\/2022\/01\/perereca2.jpg\" alt=\"\" class=\"wp-image-27103\" srcset=\"https:\/\/jornalfatosenoticias.com.br\/wp-content\/uploads\/2022\/01\/perereca2.jpg 1000w, https:\/\/jornalfatosenoticias.com.br\/wp-content\/uploads\/2022\/01\/perereca2-300x158.jpg 300w, https:\/\/jornalfatosenoticias.com.br\/wp-content\/uploads\/2022\/01\/perereca2-768x403.jpg 768w\" sizes=\"auto, (max-width: 1000px) 100vw, 1000px\" \/><figcaption><em><span class=\"has-inline-color has-black-color\">(Foto: Dante Pavan)<\/span><\/em><\/figcaption><\/figure>\n\n\n\n<p>Uma das hip\u00f3teses para a raridade de encontros com a maioria das esp\u00e9cies do g\u00eanero \u00e9 a de que elas vivem mais escondidas dos olhos dos cientistas, habitando estratos mais elevados da mata, empoleirada nas \u00e1rvores e arbustos. Por\u00e9m, de tempos em tempos, esses anf\u00edbios precisam deixar o alto das \u00e1rvores e buscar po\u00e7as permanentes para se reproduzirem. Esse tipo de ambiente \u00e9 tamb\u00e9m mais incomum nas faixas altitudinais mais elevadas do bioma, e isso pode ter colaborado no aumento da raridade natural destas esp\u00e9cies, explica o pesquisador.<br>E foi nesse per\u00edodo que os cientistas encontraram uma popula\u00e7\u00e3o da <em>Phrynomedusa appendiculata<\/em> em atividade reprodutiva, com aproximadamente 15 indiv\u00edduos, meio s\u00e9culo depois do \u00faltimo registro. \u201cApesar de tamb\u00e9m termos feito buscas em diversos outros ambientes e localidades durante esse projeto, essa esp\u00e9cie somente foi registrada nesse \u00fanico ponto\u201d, conta Moraes. Matias Queiroz, morador local, foi quem guiou a equipe durante os trabalhos de campo e apresentou a localidade onde posteriormente a esp\u00e9cie foi encontrada.<br>Uma das pererecas foi coletada para detalhadas an\u00e1lises morfol\u00f3gicas e gen\u00e9ticas, para buscar suas afinidades evolutivas, e hoje se encontra no Museu de Zoologia da USP. Segundo o pesquisador, como a <em>Phrynomedusa appendiculata<\/em> e suas esp\u00e9cies parentes s\u00e3o muito raras e, em geral, pouco conhecidas, espera-se que os novos dados coletados possam embasar avalia\u00e7\u00f5es mais robustas do status de conserva\u00e7\u00e3o do grupo, o que, at\u00e9 ent\u00e3o, era dif\u00edcil devido \u00e0 escassez generalizada de dados relacionados a ela. <\/p>\n\n\n\n<blockquote class=\"wp-block-quote is-layout-flow wp-block-quote-is-layout-flow\"><p><span class=\"has-inline-color has-luminous-vivid-orange-color\">\u201cAl\u00e9m disso, realizamos um trabalho de resgate hist\u00f3rico dos poucos relatos de encontros da esp\u00e9cie na natureza. Todo esse esfor\u00e7o nos levou a confirma\u00e7\u00e3o de que se tratava realmente da esp\u00e9cie desaparecida\u201d, completa.<\/span><\/p><\/blockquote>\n\n\n\n<figure class=\"wp-block-image size-large\"><img loading=\"lazy\" decoding=\"async\" width=\"1000\" height=\"525\" src=\"https:\/\/jornalfatosenoticias.com.br\/wp-content\/uploads\/2022\/01\/dante-pavan_perereca3.jpg\" alt=\"\" class=\"wp-image-27105\" srcset=\"https:\/\/jornalfatosenoticias.com.br\/wp-content\/uploads\/2022\/01\/dante-pavan_perereca3.jpg 1000w, https:\/\/jornalfatosenoticias.com.br\/wp-content\/uploads\/2022\/01\/dante-pavan_perereca3-300x158.jpg 300w, https:\/\/jornalfatosenoticias.com.br\/wp-content\/uploads\/2022\/01\/dante-pavan_perereca3-768x403.jpg 768w\" sizes=\"auto, (max-width: 1000px) 100vw, 1000px\" \/><figcaption><em><span class=\"has-inline-color has-black-color\">Dante Pavan (Foto: Daniela Ingui)<\/span><\/em><\/figcaption><\/figure>\n\n\n\n<p>Entre outras esp\u00e9cies encontradas est\u00e3o os anf\u00edbios, tamb\u00e9m end\u00eamicos do Brasil, <em>Boana caipora e Paratelmatobius segallai.<\/em> Quanto aos r\u00e9pteis, se destacam o lagarto <em>Enyalius iheringii<\/em>, conhecido como iguaninha-verde, e a serpente <em>Tropidophis paucisquamis,<\/em> tamb\u00e9m conhecida como jiboia-an\u00e3-brasileira. De acordo com Dante Pavan, da Ecosfera Consultoria e Pesquisa em Meio Ambiente SA, essa serpente \u00e9 exemplo da dificuldade de se obter o conhecimento sobre algumas esp\u00e9cies, porque apresentam h\u00e1bitos que reduzem muito sua detectabilidade no ambiente, al\u00e9m do fato de que as densidades da popula\u00e7\u00e3o s\u00e3o muito baixas, ou seja, s\u00e3o muito raras. \u201cOs resultados mostram que, apesar da \u00e1rea estar t\u00e3o pr\u00f3xima dos maiores laborat\u00f3rios de herpetologia do Brasil na Unesp, Unicamp e USP, ainda \u00e9 muito pouco conhecida\u201d, completa.<\/p>\n\n\n\n<p><strong><span class=\"has-inline-color has-vivid-green-cyan-color\">\u201cAs chances de reencontr\u00e1-las diminuem com a degrada\u00e7\u00e3o cont\u00ednua da Mata Atl\u00e2ntica\u201d<br><\/span><\/strong>Entre os anos de 2011 e 2012, quando foi feito o levantamento das esp\u00e9cies na regi\u00e3o, o Penap era desprotegido de leis de preserva\u00e7\u00e3o, apesar de representar um ambiente altamente preservado da Mata Atl\u00e2ntica. \u201cOutras tr\u00eas esp\u00e9cies de <em>Phrynomedusa <\/em>n\u00e3o s\u00e3o vistas na natureza h\u00e1 d\u00e9cadas ou s\u00e9culos, e naturalmente as chances de reencontr\u00e1-las diminuem com a degrada\u00e7\u00e3o cont\u00ednua da Mata Atl\u00e2ntica\u201d, afirma. O estudo mostra a import\u00e2ncia da cria\u00e7\u00e3o de novas \u00e1reas de prote\u00e7\u00e3o e de um manejo efetivo das j\u00e1 existentes. Como informa Pavan, essas \u00e1reas de grande pluviosidade do topo da Serra do Mar e Serra de Paranapiacaba apresentam as maiores diversidades de anf\u00edbios da Mata Atl\u00e2ntica, estando entre as maiores do mundo, com grande n\u00famero esp\u00e9cies raras, end\u00eamicas e mal conhecidas.<\/p>\n\n\n\n<blockquote class=\"wp-block-quote is-layout-flow wp-block-quote-is-layout-flow\"><p><span class=\"has-inline-color has-luminous-vivid-orange-color\">\u201cN\u00f3s acreditamos que essa esp\u00e9cie rara e desconhecida traz um apelo ainda maior para a conserva\u00e7\u00e3o e pode se tornar um s\u00edmbolo para a preserva\u00e7\u00e3o dos ambientes do Parque Estadual Nascentes do Paranapanema e da <a href=\"https:\/\/www.ecycle.com.br\/ifood-heineken-e-sos-mata-atlantica-se-unem-para-campanha-de-doacoes-em-prol-do-plantio-de-arvores\/\">Mata Atl\u00e2ntica<\/a> como um todo\u201d, disse Leandro Moraes<\/span><\/p><\/blockquote>\n\n\n\n<figure class=\"wp-block-image size-large\"><img loading=\"lazy\" decoding=\"async\" width=\"1000\" height=\"525\" src=\"https:\/\/jornalfatosenoticias.com.br\/wp-content\/uploads\/2022\/01\/leandro-moraes_perereca4.jpg\" alt=\"\" class=\"wp-image-27104\" srcset=\"https:\/\/jornalfatosenoticias.com.br\/wp-content\/uploads\/2022\/01\/leandro-moraes_perereca4.jpg 1000w, https:\/\/jornalfatosenoticias.com.br\/wp-content\/uploads\/2022\/01\/leandro-moraes_perereca4-300x158.jpg 300w, https:\/\/jornalfatosenoticias.com.br\/wp-content\/uploads\/2022\/01\/leandro-moraes_perereca4-768x403.jpg 768w\" sizes=\"auto, (max-width: 1000px) 100vw, 1000px\" \/><figcaption><em><span class=\"has-inline-color has-black-color\">Leandro Moraes (Foto: Daniela Ingui)<\/span><\/em><\/figcaption><\/figure>\n\n\n\n<p>Os esfor\u00e7os em campo da equipe de cientistas acampada na floresta, para registrar a fauna e flora locais, atrativos tur\u00edsticos e quest\u00f5es fundi\u00e1rias e de uso da terra, ampararam a cria\u00e7\u00e3o do parque, hoje preservado por lei.<br>O projeto segue pesquisando a esp\u00e9cie, desta vez, atrav\u00e9s de gravadores aut\u00f4nomos instalados nos ambientes reprodutivos onde as pererecas foram encontradas: forma de monitorar a din\u00e2mica da popula\u00e7\u00e3o a longo prazo. Esses equipamentos permanecem ligados extraindo dados ac\u00fasticos. O canto da esp\u00e9cie \u00e9 identificado nas m\u00faltiplas grava\u00e7\u00f5es atrav\u00e9s de intelig\u00eancia artificial, o que pode ser um indicativo da perman\u00eancia da esp\u00e9cie no local e ainda ajudar os pesquisadores a detectar a sua presen\u00e7a em outras \u00e1reas, al\u00e9m de acompanhar de maneira mais precisa a din\u00e2mica temporal de sua atividade reprodutiva.<br>O projeto para a cria\u00e7\u00e3o do Penap, que amparou a pesquisa, contou principalmente com financiamento do Fundo Brasileiro para a Biodiversidade (Funbio) e com a coordena\u00e7\u00e3o de Alexandre Camargo Martensen, da Universidade Federal de S\u00e3o Carlos (UFSCar) \u2014 Lagoa do Sino, e Ana Cl\u00e1udia Rocha Braga, da Fatec de Cap\u00e3o Bonito. Dante Pavan e Leandro Moraes, da USP, foram os respons\u00e1veis pelo levantamento de anf\u00edbios e r\u00e9pteis em campo, e lideraram a publica\u00e7\u00e3o da redescoberta desta esp\u00e9cie na revista internacional <a href=\"https:\/\/doi.org\/10.11646\/zootaxa.5087.4.2\"><em>Zootaxa<\/em>\u00a0<\/a>neste m\u00eas, que contou com apoio da Renata Amaro, tamb\u00e9m da USP, e de D\u00e9lio Ba\u00eata, da Universidade do Porto, Portugal, e da Universidade Federal do Rio de Janeiro (UFRJ).<\/p>\n\n\n\n<p><strong><em>Fonte: <a href=\"https:\/\/www.ecycle.com.br\/vista-pela-ultima-vez-em-1970-perereca-extinta-e-redescoberta-na-mata-atlantica\/\">eCycle<\/a><\/em><\/strong><\/p>\n","protected":false},"excerpt":{"rendered":"<p>A esp\u00e9cie rara, encontrada pela \u00faltima vez h\u00e1 mais de 50 anos, \u00e9 uma esperan\u00e7a para a biodiversidade em perigo e um alerta quanto \u00e0 necessidade de preserva\u00e7\u00e3o de biomas Cientistas pesquisaram os r\u00e9pteis e anf\u00edbios que habitam uma regi\u00e3o preservada da Mata Atl\u00e2ntica, no Parque Estadual Nascentes do Paranapanema (Penap), no munic\u00edpio de Cap\u00e3o [&hellip;]<\/p>\n","protected":false},"author":2,"featured_media":27106,"comment_status":"open","ping_status":"open","sticky":false,"template":"","format":"standard","meta":{"footnotes":""},"categories":[2,8],"tags":[3000,334,1064,13011,258,13012,316],"class_list":["post-27102","post","type-post","status-publish","format-standard","has-post-thumbnail","hentry","category-ciencia","category-meio-ambiente","tag-anfibio","tag-biodiversidade","tag-bioma","tag-especie-rara-de-perereca","tag-mata-atlantica","tag-perereca-extinta","tag-preservacao"],"yoast_head":"<!-- This site is optimized with the Yoast SEO plugin v26.5 - https:\/\/yoast.com\/wordpress\/plugins\/seo\/ -->\n<title>Vista pela \u00faltima vez em 1970, perereca \u201cextinta\u201d \u00e9 redescoberta na Mata Atl\u00e2ntica - Jornal Fatos e Not\u00edcias<\/title>\n<meta name=\"robots\" content=\"index, follow, max-snippet:-1, max-image-preview:large, max-video-preview:-1\" \/>\n<link rel=\"canonical\" href=\"https:\/\/jornalfatosenoticias.com.br\/index.php\/2022\/01\/24\/vista-pela-ultima-vez-em-1970-perereca-extinta-e-redescoberta-na-mata-atlantica\/\" \/>\n<meta property=\"og:locale\" content=\"pt_BR\" \/>\n<meta property=\"og:type\" content=\"article\" \/>\n<meta property=\"og:title\" content=\"Vista pela \u00faltima vez em 1970, perereca \u201cextinta\u201d \u00e9 redescoberta na Mata Atl\u00e2ntica - Jornal Fatos e Not\u00edcias\" \/>\n<meta property=\"og:description\" content=\"A esp\u00e9cie rara, encontrada pela \u00faltima vez h\u00e1 mais de 50 anos, \u00e9 uma esperan\u00e7a para a biodiversidade em perigo e um alerta quanto \u00e0 necessidade de preserva\u00e7\u00e3o de biomas Cientistas pesquisaram os r\u00e9pteis e anf\u00edbios que habitam uma regi\u00e3o preservada da Mata Atl\u00e2ntica, no Parque Estadual Nascentes do Paranapanema (Penap), no munic\u00edpio de Cap\u00e3o [&hellip;]\" \/>\n<meta property=\"og:url\" content=\"https:\/\/jornalfatosenoticias.com.br\/index.php\/2022\/01\/24\/vista-pela-ultima-vez-em-1970-perereca-extinta-e-redescoberta-na-mata-atlantica\/\" \/>\n<meta property=\"og:site_name\" content=\"Jornal Fatos e Not\u00edcias\" \/>\n<meta property=\"article:published_time\" content=\"2022-01-24T15:00:55+00:00\" \/>\n<meta property=\"article:modified_time\" content=\"2022-01-24T15:00:57+00:00\" \/>\n<meta property=\"og:image\" content=\"https:\/\/jornalfatosenoticias.com.br\/wp-content\/uploads\/2022\/01\/stephanie-leblanc-unsplash-perereca.jpg\" \/>\n\t<meta property=\"og:image:width\" content=\"1000\" \/>\n\t<meta property=\"og:image:height\" content=\"666\" \/>\n\t<meta property=\"og:image:type\" content=\"image\/jpeg\" \/>\n<meta name=\"author\" content=\"Luzimara Fernandes\" \/>\n<meta name=\"twitter:card\" content=\"summary_large_image\" \/>\n<meta name=\"twitter:label1\" content=\"Escrito por\" \/>\n\t<meta name=\"twitter:data1\" content=\"Luzimara Fernandes\" \/>\n\t<meta name=\"twitter:label2\" content=\"Est. tempo de leitura\" \/>\n\t<meta name=\"twitter:data2\" content=\"6 minutos\" \/>\n<script type=\"application\/ld+json\" class=\"yoast-schema-graph\">{\"@context\":\"https:\/\/schema.org\",\"@graph\":[{\"@type\":\"Article\",\"@id\":\"https:\/\/jornalfatosenoticias.com.br\/index.php\/2022\/01\/24\/vista-pela-ultima-vez-em-1970-perereca-extinta-e-redescoberta-na-mata-atlantica\/#article\",\"isPartOf\":{\"@id\":\"https:\/\/jornalfatosenoticias.com.br\/index.php\/2022\/01\/24\/vista-pela-ultima-vez-em-1970-perereca-extinta-e-redescoberta-na-mata-atlantica\/\"},\"author\":{\"name\":\"Luzimara Fernandes\",\"@id\":\"https:\/\/jornalfatosenoticias.com.br\/#\/schema\/person\/d63837fa13ac8666eb9e74e0985d6f81\"},\"headline\":\"Vista pela \u00faltima vez em 1970, perereca \u201cextinta\u201d \u00e9 redescoberta na Mata Atl\u00e2ntica\",\"datePublished\":\"2022-01-24T15:00:55+00:00\",\"dateModified\":\"2022-01-24T15:00:57+00:00\",\"mainEntityOfPage\":{\"@id\":\"https:\/\/jornalfatosenoticias.com.br\/index.php\/2022\/01\/24\/vista-pela-ultima-vez-em-1970-perereca-extinta-e-redescoberta-na-mata-atlantica\/\"},\"wordCount\":1138,\"commentCount\":0,\"publisher\":{\"@id\":\"https:\/\/jornalfatosenoticias.com.br\/#organization\"},\"image\":{\"@id\":\"https:\/\/jornalfatosenoticias.com.br\/index.php\/2022\/01\/24\/vista-pela-ultima-vez-em-1970-perereca-extinta-e-redescoberta-na-mata-atlantica\/#primaryimage\"},\"thumbnailUrl\":\"https:\/\/jornalfatosenoticias.com.br\/wp-content\/uploads\/2022\/01\/stephanie-leblanc-unsplash-perereca.jpg\",\"keywords\":[\"anf\u00edbio\",\"biodiversidade\",\"bioma\",\"esp\u00e9cie rara de perereca\",\"mata atl\u00e2ntica\",\"perereca extinta\",\"preserva\u00e7\u00e3o\"],\"articleSection\":[\"Ci\u00eancia\",\"Meio ambiente\"],\"inLanguage\":\"pt-BR\",\"potentialAction\":[{\"@type\":\"CommentAction\",\"name\":\"Comment\",\"target\":[\"https:\/\/jornalfatosenoticias.com.br\/index.php\/2022\/01\/24\/vista-pela-ultima-vez-em-1970-perereca-extinta-e-redescoberta-na-mata-atlantica\/#respond\"]}]},{\"@type\":\"WebPage\",\"@id\":\"https:\/\/jornalfatosenoticias.com.br\/index.php\/2022\/01\/24\/vista-pela-ultima-vez-em-1970-perereca-extinta-e-redescoberta-na-mata-atlantica\/\",\"url\":\"https:\/\/jornalfatosenoticias.com.br\/index.php\/2022\/01\/24\/vista-pela-ultima-vez-em-1970-perereca-extinta-e-redescoberta-na-mata-atlantica\/\",\"name\":\"Vista pela \u00faltima vez em 1970, perereca \u201cextinta\u201d \u00e9 redescoberta na Mata Atl\u00e2ntica - Jornal Fatos e Not\u00edcias\",\"isPartOf\":{\"@id\":\"https:\/\/jornalfatosenoticias.com.br\/#website\"},\"primaryImageOfPage\":{\"@id\":\"https:\/\/jornalfatosenoticias.com.br\/index.php\/2022\/01\/24\/vista-pela-ultima-vez-em-1970-perereca-extinta-e-redescoberta-na-mata-atlantica\/#primaryimage\"},\"image\":{\"@id\":\"https:\/\/jornalfatosenoticias.com.br\/index.php\/2022\/01\/24\/vista-pela-ultima-vez-em-1970-perereca-extinta-e-redescoberta-na-mata-atlantica\/#primaryimage\"},\"thumbnailUrl\":\"https:\/\/jornalfatosenoticias.com.br\/wp-content\/uploads\/2022\/01\/stephanie-leblanc-unsplash-perereca.jpg\",\"datePublished\":\"2022-01-24T15:00:55+00:00\",\"dateModified\":\"2022-01-24T15:00:57+00:00\",\"breadcrumb\":{\"@id\":\"https:\/\/jornalfatosenoticias.com.br\/index.php\/2022\/01\/24\/vista-pela-ultima-vez-em-1970-perereca-extinta-e-redescoberta-na-mata-atlantica\/#breadcrumb\"},\"inLanguage\":\"pt-BR\",\"potentialAction\":[{\"@type\":\"ReadAction\",\"target\":[\"https:\/\/jornalfatosenoticias.com.br\/index.php\/2022\/01\/24\/vista-pela-ultima-vez-em-1970-perereca-extinta-e-redescoberta-na-mata-atlantica\/\"]}]},{\"@type\":\"ImageObject\",\"inLanguage\":\"pt-BR\",\"@id\":\"https:\/\/jornalfatosenoticias.com.br\/index.php\/2022\/01\/24\/vista-pela-ultima-vez-em-1970-perereca-extinta-e-redescoberta-na-mata-atlantica\/#primaryimage\",\"url\":\"https:\/\/jornalfatosenoticias.com.br\/wp-content\/uploads\/2022\/01\/stephanie-leblanc-unsplash-perereca.jpg\",\"contentUrl\":\"https:\/\/jornalfatosenoticias.com.br\/wp-content\/uploads\/2022\/01\/stephanie-leblanc-unsplash-perereca.jpg\",\"width\":1000,\"height\":666},{\"@type\":\"BreadcrumbList\",\"@id\":\"https:\/\/jornalfatosenoticias.com.br\/index.php\/2022\/01\/24\/vista-pela-ultima-vez-em-1970-perereca-extinta-e-redescoberta-na-mata-atlantica\/#breadcrumb\",\"itemListElement\":[{\"@type\":\"ListItem\",\"position\":1,\"name\":\"In\u00edcio\",\"item\":\"https:\/\/jornalfatosenoticias.com.br\/\"},{\"@type\":\"ListItem\",\"position\":2,\"name\":\"Vista pela \u00faltima vez em 1970, perereca \u201cextinta\u201d \u00e9 redescoberta na Mata Atl\u00e2ntica\"}]},{\"@type\":\"WebSite\",\"@id\":\"https:\/\/jornalfatosenoticias.com.br\/#website\",\"url\":\"https:\/\/jornalfatosenoticias.com.br\/\",\"name\":\"Jornal Fatos e Not\u00edcias\",\"description\":\"Not\u00edcias em geral\",\"publisher\":{\"@id\":\"https:\/\/jornalfatosenoticias.com.br\/#organization\"},\"potentialAction\":[{\"@type\":\"SearchAction\",\"target\":{\"@type\":\"EntryPoint\",\"urlTemplate\":\"https:\/\/jornalfatosenoticias.com.br\/?s={search_term_string}\"},\"query-input\":{\"@type\":\"PropertyValueSpecification\",\"valueRequired\":true,\"valueName\":\"search_term_string\"}}],\"inLanguage\":\"pt-BR\"},{\"@type\":\"Organization\",\"@id\":\"https:\/\/jornalfatosenoticias.com.br\/#organization\",\"name\":\"Jornal Fatos e Not\u00edcias\",\"url\":\"https:\/\/jornalfatosenoticias.com.br\/\",\"logo\":{\"@type\":\"ImageObject\",\"inLanguage\":\"pt-BR\",\"@id\":\"https:\/\/jornalfatosenoticias.com.br\/#\/schema\/logo\/image\/\",\"url\":\"https:\/\/jornalfatosenoticias.com.br\/wp-content\/uploads\/2020\/02\/logo120.png\",\"contentUrl\":\"https:\/\/jornalfatosenoticias.com.br\/wp-content\/uploads\/2020\/02\/logo120.png\",\"width\":1227,\"height\":120,\"caption\":\"Jornal Fatos e Not\u00edcias\"},\"image\":{\"@id\":\"https:\/\/jornalfatosenoticias.com.br\/#\/schema\/logo\/image\/\"}},{\"@type\":\"Person\",\"@id\":\"https:\/\/jornalfatosenoticias.com.br\/#\/schema\/person\/d63837fa13ac8666eb9e74e0985d6f81\",\"name\":\"Luzimara Fernandes\",\"image\":{\"@type\":\"ImageObject\",\"inLanguage\":\"pt-BR\",\"@id\":\"https:\/\/jornalfatosenoticias.com.br\/#\/schema\/person\/image\/\",\"url\":\"https:\/\/jornalfatosenoticias.com.br\/wp-content\/uploads\/2025\/05\/EU_portal.jpg\",\"contentUrl\":\"https:\/\/jornalfatosenoticias.com.br\/wp-content\/uploads\/2025\/05\/EU_portal.jpg\",\"caption\":\"Luzimara Fernandes\"},\"description\":\"Jornalista MTB 2358-ES\",\"sameAs\":[\"https:\/\/jornalfatosenoticias.com.br\"],\"url\":\"https:\/\/jornalfatosenoticias.com.br\/index.php\/author\/luzimara\/\"}]}<\/script>\n<!-- \/ Yoast SEO plugin. -->","yoast_head_json":{"title":"Vista pela \u00faltima vez em 1970, perereca \u201cextinta\u201d \u00e9 redescoberta na Mata Atl\u00e2ntica - Jornal Fatos e Not\u00edcias","robots":{"index":"index","follow":"follow","max-snippet":"max-snippet:-1","max-image-preview":"max-image-preview:large","max-video-preview":"max-video-preview:-1"},"canonical":"https:\/\/jornalfatosenoticias.com.br\/index.php\/2022\/01\/24\/vista-pela-ultima-vez-em-1970-perereca-extinta-e-redescoberta-na-mata-atlantica\/","og_locale":"pt_BR","og_type":"article","og_title":"Vista pela \u00faltima vez em 1970, perereca \u201cextinta\u201d \u00e9 redescoberta na Mata Atl\u00e2ntica - Jornal Fatos e Not\u00edcias","og_description":"A esp\u00e9cie rara, encontrada pela \u00faltima vez h\u00e1 mais de 50 anos, \u00e9 uma esperan\u00e7a para a biodiversidade em perigo e um alerta quanto \u00e0 necessidade de preserva\u00e7\u00e3o de biomas Cientistas pesquisaram os r\u00e9pteis e anf\u00edbios que habitam uma regi\u00e3o preservada da Mata Atl\u00e2ntica, no Parque Estadual Nascentes do Paranapanema (Penap), no munic\u00edpio de Cap\u00e3o [&hellip;]","og_url":"https:\/\/jornalfatosenoticias.com.br\/index.php\/2022\/01\/24\/vista-pela-ultima-vez-em-1970-perereca-extinta-e-redescoberta-na-mata-atlantica\/","og_site_name":"Jornal Fatos e Not\u00edcias","article_published_time":"2022-01-24T15:00:55+00:00","article_modified_time":"2022-01-24T15:00:57+00:00","og_image":[{"width":1000,"height":666,"url":"https:\/\/jornalfatosenoticias.com.br\/wp-content\/uploads\/2022\/01\/stephanie-leblanc-unsplash-perereca.jpg","type":"image\/jpeg"}],"author":"Luzimara Fernandes","twitter_card":"summary_large_image","twitter_misc":{"Escrito por":"Luzimara Fernandes","Est. tempo de leitura":"6 minutos"},"schema":{"@context":"https:\/\/schema.org","@graph":[{"@type":"Article","@id":"https:\/\/jornalfatosenoticias.com.br\/index.php\/2022\/01\/24\/vista-pela-ultima-vez-em-1970-perereca-extinta-e-redescoberta-na-mata-atlantica\/#article","isPartOf":{"@id":"https:\/\/jornalfatosenoticias.com.br\/index.php\/2022\/01\/24\/vista-pela-ultima-vez-em-1970-perereca-extinta-e-redescoberta-na-mata-atlantica\/"},"author":{"name":"Luzimara Fernandes","@id":"https:\/\/jornalfatosenoticias.com.br\/#\/schema\/person\/d63837fa13ac8666eb9e74e0985d6f81"},"headline":"Vista pela \u00faltima vez em 1970, perereca \u201cextinta\u201d \u00e9 redescoberta na Mata Atl\u00e2ntica","datePublished":"2022-01-24T15:00:55+00:00","dateModified":"2022-01-24T15:00:57+00:00","mainEntityOfPage":{"@id":"https:\/\/jornalfatosenoticias.com.br\/index.php\/2022\/01\/24\/vista-pela-ultima-vez-em-1970-perereca-extinta-e-redescoberta-na-mata-atlantica\/"},"wordCount":1138,"commentCount":0,"publisher":{"@id":"https:\/\/jornalfatosenoticias.com.br\/#organization"},"image":{"@id":"https:\/\/jornalfatosenoticias.com.br\/index.php\/2022\/01\/24\/vista-pela-ultima-vez-em-1970-perereca-extinta-e-redescoberta-na-mata-atlantica\/#primaryimage"},"thumbnailUrl":"https:\/\/jornalfatosenoticias.com.br\/wp-content\/uploads\/2022\/01\/stephanie-leblanc-unsplash-perereca.jpg","keywords":["anf\u00edbio","biodiversidade","bioma","esp\u00e9cie rara de perereca","mata atl\u00e2ntica","perereca extinta","preserva\u00e7\u00e3o"],"articleSection":["Ci\u00eancia","Meio ambiente"],"inLanguage":"pt-BR","potentialAction":[{"@type":"CommentAction","name":"Comment","target":["https:\/\/jornalfatosenoticias.com.br\/index.php\/2022\/01\/24\/vista-pela-ultima-vez-em-1970-perereca-extinta-e-redescoberta-na-mata-atlantica\/#respond"]}]},{"@type":"WebPage","@id":"https:\/\/jornalfatosenoticias.com.br\/index.php\/2022\/01\/24\/vista-pela-ultima-vez-em-1970-perereca-extinta-e-redescoberta-na-mata-atlantica\/","url":"https:\/\/jornalfatosenoticias.com.br\/index.php\/2022\/01\/24\/vista-pela-ultima-vez-em-1970-perereca-extinta-e-redescoberta-na-mata-atlantica\/","name":"Vista pela \u00faltima vez em 1970, perereca \u201cextinta\u201d \u00e9 redescoberta na Mata Atl\u00e2ntica - Jornal Fatos e Not\u00edcias","isPartOf":{"@id":"https:\/\/jornalfatosenoticias.com.br\/#website"},"primaryImageOfPage":{"@id":"https:\/\/jornalfatosenoticias.com.br\/index.php\/2022\/01\/24\/vista-pela-ultima-vez-em-1970-perereca-extinta-e-redescoberta-na-mata-atlantica\/#primaryimage"},"image":{"@id":"https:\/\/jornalfatosenoticias.com.br\/index.php\/2022\/01\/24\/vista-pela-ultima-vez-em-1970-perereca-extinta-e-redescoberta-na-mata-atlantica\/#primaryimage"},"thumbnailUrl":"https:\/\/jornalfatosenoticias.com.br\/wp-content\/uploads\/2022\/01\/stephanie-leblanc-unsplash-perereca.jpg","datePublished":"2022-01-24T15:00:55+00:00","dateModified":"2022-01-24T15:00:57+00:00","breadcrumb":{"@id":"https:\/\/jornalfatosenoticias.com.br\/index.php\/2022\/01\/24\/vista-pela-ultima-vez-em-1970-perereca-extinta-e-redescoberta-na-mata-atlantica\/#breadcrumb"},"inLanguage":"pt-BR","potentialAction":[{"@type":"ReadAction","target":["https:\/\/jornalfatosenoticias.com.br\/index.php\/2022\/01\/24\/vista-pela-ultima-vez-em-1970-perereca-extinta-e-redescoberta-na-mata-atlantica\/"]}]},{"@type":"ImageObject","inLanguage":"pt-BR","@id":"https:\/\/jornalfatosenoticias.com.br\/index.php\/2022\/01\/24\/vista-pela-ultima-vez-em-1970-perereca-extinta-e-redescoberta-na-mata-atlantica\/#primaryimage","url":"https:\/\/jornalfatosenoticias.com.br\/wp-content\/uploads\/2022\/01\/stephanie-leblanc-unsplash-perereca.jpg","contentUrl":"https:\/\/jornalfatosenoticias.com.br\/wp-content\/uploads\/2022\/01\/stephanie-leblanc-unsplash-perereca.jpg","width":1000,"height":666},{"@type":"BreadcrumbList","@id":"https:\/\/jornalfatosenoticias.com.br\/index.php\/2022\/01\/24\/vista-pela-ultima-vez-em-1970-perereca-extinta-e-redescoberta-na-mata-atlantica\/#breadcrumb","itemListElement":[{"@type":"ListItem","position":1,"name":"In\u00edcio","item":"https:\/\/jornalfatosenoticias.com.br\/"},{"@type":"ListItem","position":2,"name":"Vista pela \u00faltima vez em 1970, perereca \u201cextinta\u201d \u00e9 redescoberta na Mata Atl\u00e2ntica"}]},{"@type":"WebSite","@id":"https:\/\/jornalfatosenoticias.com.br\/#website","url":"https:\/\/jornalfatosenoticias.com.br\/","name":"Jornal Fatos e Not\u00edcias","description":"Not\u00edcias em geral","publisher":{"@id":"https:\/\/jornalfatosenoticias.com.br\/#organization"},"potentialAction":[{"@type":"SearchAction","target":{"@type":"EntryPoint","urlTemplate":"https:\/\/jornalfatosenoticias.com.br\/?s={search_term_string}"},"query-input":{"@type":"PropertyValueSpecification","valueRequired":true,"valueName":"search_term_string"}}],"inLanguage":"pt-BR"},{"@type":"Organization","@id":"https:\/\/jornalfatosenoticias.com.br\/#organization","name":"Jornal Fatos e Not\u00edcias","url":"https:\/\/jornalfatosenoticias.com.br\/","logo":{"@type":"ImageObject","inLanguage":"pt-BR","@id":"https:\/\/jornalfatosenoticias.com.br\/#\/schema\/logo\/image\/","url":"https:\/\/jornalfatosenoticias.com.br\/wp-content\/uploads\/2020\/02\/logo120.png","contentUrl":"https:\/\/jornalfatosenoticias.com.br\/wp-content\/uploads\/2020\/02\/logo120.png","width":1227,"height":120,"caption":"Jornal Fatos e Not\u00edcias"},"image":{"@id":"https:\/\/jornalfatosenoticias.com.br\/#\/schema\/logo\/image\/"}},{"@type":"Person","@id":"https:\/\/jornalfatosenoticias.com.br\/#\/schema\/person\/d63837fa13ac8666eb9e74e0985d6f81","name":"Luzimara Fernandes","image":{"@type":"ImageObject","inLanguage":"pt-BR","@id":"https:\/\/jornalfatosenoticias.com.br\/#\/schema\/person\/image\/","url":"https:\/\/jornalfatosenoticias.com.br\/wp-content\/uploads\/2025\/05\/EU_portal.jpg","contentUrl":"https:\/\/jornalfatosenoticias.com.br\/wp-content\/uploads\/2025\/05\/EU_portal.jpg","caption":"Luzimara Fernandes"},"description":"Jornalista MTB 2358-ES","sameAs":["https:\/\/jornalfatosenoticias.com.br"],"url":"https:\/\/jornalfatosenoticias.com.br\/index.php\/author\/luzimara\/"}]}},"cc_featured_image_caption":{"caption_text":"(Foto: Stephanie LeBlanc\/Unsplash)\r\n","source_text":"","source_url":""},"jetpack_featured_media_url":"https:\/\/jornalfatosenoticias.com.br\/wp-content\/uploads\/2022\/01\/stephanie-leblanc-unsplash-perereca.jpg","_links":{"self":[{"href":"https:\/\/jornalfatosenoticias.com.br\/index.php\/wp-json\/wp\/v2\/posts\/27102","targetHints":{"allow":["GET"]}}],"collection":[{"href":"https:\/\/jornalfatosenoticias.com.br\/index.php\/wp-json\/wp\/v2\/posts"}],"about":[{"href":"https:\/\/jornalfatosenoticias.com.br\/index.php\/wp-json\/wp\/v2\/types\/post"}],"author":[{"embeddable":true,"href":"https:\/\/jornalfatosenoticias.com.br\/index.php\/wp-json\/wp\/v2\/users\/2"}],"replies":[{"embeddable":true,"href":"https:\/\/jornalfatosenoticias.com.br\/index.php\/wp-json\/wp\/v2\/comments?post=27102"}],"version-history":[{"count":0,"href":"https:\/\/jornalfatosenoticias.com.br\/index.php\/wp-json\/wp\/v2\/posts\/27102\/revisions"}],"wp:featuredmedia":[{"embeddable":true,"href":"https:\/\/jornalfatosenoticias.com.br\/index.php\/wp-json\/wp\/v2\/media\/27106"}],"wp:attachment":[{"href":"https:\/\/jornalfatosenoticias.com.br\/index.php\/wp-json\/wp\/v2\/media?parent=27102"}],"wp:term":[{"taxonomy":"category","embeddable":true,"href":"https:\/\/jornalfatosenoticias.com.br\/index.php\/wp-json\/wp\/v2\/categories?post=27102"},{"taxonomy":"post_tag","embeddable":true,"href":"https:\/\/jornalfatosenoticias.com.br\/index.php\/wp-json\/wp\/v2\/tags?post=27102"}],"curies":[{"name":"wp","href":"https:\/\/api.w.org\/{rel}","templated":true}]}}