{"id":27153,"date":"2022-01-25T10:30:22","date_gmt":"2022-01-25T13:30:22","guid":{"rendered":"https:\/\/jornalfatosenoticias.com.br\/?p=27153"},"modified":"2022-01-25T10:30:23","modified_gmt":"2022-01-25T13:30:23","slug":"acao-educativa-pinta-bueiros-de-praias-em-bombinhas","status":"publish","type":"post","link":"https:\/\/jornalfatosenoticias.com.br\/index.php\/2022\/01\/25\/acao-educativa-pinta-bueiros-de-praias-em-bombinhas\/","title":{"rendered":"A\u00e7\u00e3o educativa pinta bueiros de praias em Bombinhas"},"content":{"rendered":"\n<p><em><span class=\"has-inline-color has-black-color\">O lixo jogado na rua obstrui o escoamento da \u00e1gua, provoca alagamentos e polui o mar<\/span><\/em><\/p>\n\n\n\n<p>O mar come\u00e7a aqui. \u00c9 com esta frase que a Prefeitura de Bombinhas, em Santa Catarina, visa conscientizar banhistas sobre o dever de n\u00e3o jogar lixo no ch\u00e3o. O texto com desenhos de animais marinhos foi pintado em bocas de lobo da cidade litor\u00e2nea.<br>Saindo do tradicional \u201clugar de lixo \u00e9 no lixo\u201d, a mensagem educativa \u00e9 divertida, l\u00fadica e \u2014 para usar um termo atual \u2014 \u201cinstagram\u00e1vel\u201d. N\u00e3o \u00e0 toa, fotos dos bueiros j\u00e1 viralizaram nas redes sociais. Al\u00e9m disso, causa um impacto imediato \u2014 trazendo uma reflex\u00e3o ambiental que n\u00e3o passa despercebida.<\/p>\n\n\n\n<figure class=\"wp-block-image size-large\"><img loading=\"lazy\" decoding=\"async\" width=\"750\" height=\"1000\" src=\"https:\/\/jornalfatosenoticias.com.br\/wp-content\/uploads\/2022\/01\/bueiros-Bombinhas-2.jpg\" alt=\"\" class=\"wp-image-27154\" srcset=\"https:\/\/jornalfatosenoticias.com.br\/wp-content\/uploads\/2022\/01\/bueiros-Bombinhas-2.jpg 750w, https:\/\/jornalfatosenoticias.com.br\/wp-content\/uploads\/2022\/01\/bueiros-Bombinhas-2-225x300.jpg 225w\" sizes=\"auto, (max-width: 750px) 100vw, 750px\" \/><figcaption><em><span class=\"has-inline-color has-black-color\">(Foto: Prefeitura de Bombinhas)<\/span><\/em><\/figcaption><\/figure>\n\n\n\n<p>\u201cA iniciativa faz parte das atividades de educa\u00e7\u00e3o ambiental do Programa Bandeira Azul e busca sensibilizar moradores e turistas sobre a import\u00e2ncia de descartar corretamente os res\u00edduos, para evitar que o lixo jogado na rua obstrua o escoamento da \u00e1gua, provocando alagamentos e poluindo o mar\u201d, afirma a Prefeitura de Bombinhas.<br>Em suma, \u00e9 uma maneira criativa de lembrar que o m\u00ednimo que podemos fazer para que nossos res\u00edduos n\u00e3o sejam parte do problema \u00e9 descart\u00e1-los corretamente nas lixeiras.<\/p>\n\n\n\n<figure class=\"wp-block-image size-large\"><img loading=\"lazy\" decoding=\"async\" width=\"750\" height=\"1000\" src=\"https:\/\/jornalfatosenoticias.com.br\/wp-content\/uploads\/2022\/01\/bueiros-Bombinhas-3.jpg\" alt=\"\" class=\"wp-image-27155\" srcset=\"https:\/\/jornalfatosenoticias.com.br\/wp-content\/uploads\/2022\/01\/bueiros-Bombinhas-3.jpg 750w, https:\/\/jornalfatosenoticias.com.br\/wp-content\/uploads\/2022\/01\/bueiros-Bombinhas-3-225x300.jpg 225w\" sizes=\"auto, (max-width: 750px) 100vw, 750px\" \/><figcaption><em><span class=\"has-inline-color has-black-color\">(Foto: Prefeitura de Bombinhas)<\/span><\/em><\/figcaption><\/figure>\n\n\n\n<p>Pelas m\u00e3os da artista local Mar\u00edlia Dias, a interven\u00e7\u00e3o art\u00edstica j\u00e1 passou pela Praia de Quatro Ilhas e Praia de Mariscal. A pr\u00f3xima pintura, marcada para a pr\u00f3xima quinta-feira (27), est\u00e1 prevista para a Praia da Concei\u00e7\u00e3o.<\/p>\n\n\n\n<p><strong><em>Fonte: <a href=\"https:\/\/ciclovivo.com.br\/inovacao\/inspiracao\/acao-educativa-pinta-bueiros-de-praias-em-bombinhas\/\">CicloVivo<\/a><\/em><\/strong><\/p>\n","protected":false},"excerpt":{"rendered":"<p>O lixo jogado na rua obstrui o escoamento da \u00e1gua, provoca alagamentos e polui o mar O mar come\u00e7a aqui. \u00c9 com esta frase que a Prefeitura de Bombinhas, em Santa Catarina, visa conscientizar banhistas sobre o dever de n\u00e3o jogar lixo no ch\u00e3o. O texto com desenhos de animais marinhos foi pintado em bocas [&hellip;]<\/p>\n","protected":false},"author":2,"featured_media":27156,"comment_status":"open","ping_status":"open","sticky":false,"template":"","format":"standard","meta":{"footnotes":""},"categories":[744],"tags":[13029,451,13031,13028,12418,13030,2243],"class_list":["post-27153","post","type-post","status-publish","format-standard","has-post-thumbnail","hentry","category-arq-urbanismo","tag-acao-educativa","tag-agua","tag-bocas-de-lobo","tag-bombinhas","tag-bueiros","tag-escoamento-da-agua","tag-lixo"],"yoast_head":"<!-- This site is optimized with the Yoast SEO plugin v26.5 - https:\/\/yoast.com\/wordpress\/plugins\/seo\/ -->\n<title>A\u00e7\u00e3o educativa pinta bueiros de praias em Bombinhas - Jornal Fatos e Not\u00edcias<\/title>\n<meta name=\"robots\" content=\"index, follow, max-snippet:-1, max-image-preview:large, max-video-preview:-1\" \/>\n<link rel=\"canonical\" href=\"https:\/\/jornalfatosenoticias.com.br\/index.php\/2022\/01\/25\/acao-educativa-pinta-bueiros-de-praias-em-bombinhas\/\" \/>\n<meta property=\"og:locale\" content=\"pt_BR\" \/>\n<meta property=\"og:type\" content=\"article\" \/>\n<meta property=\"og:title\" content=\"A\u00e7\u00e3o educativa pinta bueiros de praias em Bombinhas - Jornal Fatos e Not\u00edcias\" \/>\n<meta property=\"og:description\" content=\"O lixo jogado na rua obstrui o escoamento da \u00e1gua, provoca alagamentos e polui o mar O mar come\u00e7a aqui. \u00c9 com esta frase que a Prefeitura de Bombinhas, em Santa Catarina, visa conscientizar banhistas sobre o dever de n\u00e3o jogar lixo no ch\u00e3o. O texto com desenhos de animais marinhos foi pintado em bocas [&hellip;]\" \/>\n<meta property=\"og:url\" content=\"https:\/\/jornalfatosenoticias.com.br\/index.php\/2022\/01\/25\/acao-educativa-pinta-bueiros-de-praias-em-bombinhas\/\" \/>\n<meta property=\"og:site_name\" content=\"Jornal Fatos e Not\u00edcias\" \/>\n<meta property=\"article:published_time\" content=\"2022-01-25T13:30:22+00:00\" \/>\n<meta property=\"article:modified_time\" content=\"2022-01-25T13:30:23+00:00\" \/>\n<meta property=\"og:image\" content=\"https:\/\/jornalfatosenoticias.com.br\/wp-content\/uploads\/2022\/01\/bueiros-Bombinhas-1.jpg\" \/>\n\t<meta property=\"og:image:width\" content=\"1000\" \/>\n\t<meta property=\"og:image:height\" content=\"660\" \/>\n\t<meta property=\"og:image:type\" content=\"image\/jpeg\" \/>\n<meta name=\"author\" content=\"Luzimara Fernandes\" \/>\n<meta name=\"twitter:card\" content=\"summary_large_image\" \/>\n<meta name=\"twitter:label1\" content=\"Escrito por\" \/>\n\t<meta name=\"twitter:data1\" content=\"Luzimara Fernandes\" \/>\n\t<meta name=\"twitter:label2\" content=\"Est. tempo de leitura\" \/>\n\t<meta name=\"twitter:data2\" content=\"1 minuto\" \/>\n<script type=\"application\/ld+json\" class=\"yoast-schema-graph\">{\"@context\":\"https:\/\/schema.org\",\"@graph\":[{\"@type\":\"Article\",\"@id\":\"https:\/\/jornalfatosenoticias.com.br\/index.php\/2022\/01\/25\/acao-educativa-pinta-bueiros-de-praias-em-bombinhas\/#article\",\"isPartOf\":{\"@id\":\"https:\/\/jornalfatosenoticias.com.br\/index.php\/2022\/01\/25\/acao-educativa-pinta-bueiros-de-praias-em-bombinhas\/\"},\"author\":{\"name\":\"Luzimara Fernandes\",\"@id\":\"https:\/\/jornalfatosenoticias.com.br\/#\/schema\/person\/d63837fa13ac8666eb9e74e0985d6f81\"},\"headline\":\"A\u00e7\u00e3o educativa pinta bueiros de praias em Bombinhas\",\"datePublished\":\"2022-01-25T13:30:22+00:00\",\"dateModified\":\"2022-01-25T13:30:23+00:00\",\"mainEntityOfPage\":{\"@id\":\"https:\/\/jornalfatosenoticias.com.br\/index.php\/2022\/01\/25\/acao-educativa-pinta-bueiros-de-praias-em-bombinhas\/\"},\"wordCount\":259,\"commentCount\":0,\"publisher\":{\"@id\":\"https:\/\/jornalfatosenoticias.com.br\/#organization\"},\"image\":{\"@id\":\"https:\/\/jornalfatosenoticias.com.br\/index.php\/2022\/01\/25\/acao-educativa-pinta-bueiros-de-praias-em-bombinhas\/#primaryimage\"},\"thumbnailUrl\":\"https:\/\/jornalfatosenoticias.com.br\/wp-content\/uploads\/2022\/01\/bueiros-Bombinhas-1.jpg\",\"keywords\":[\"a\u00e7\u00e3o educativa\",\"\u00e1gua\",\"bocas de lobo\",\"Bombinhas\",\"bueiros\",\"escoamento da \u00e1gua\",\"lixo\"],\"articleSection\":[\"Arq &amp; Urb\"],\"inLanguage\":\"pt-BR\",\"potentialAction\":[{\"@type\":\"CommentAction\",\"name\":\"Comment\",\"target\":[\"https:\/\/jornalfatosenoticias.com.br\/index.php\/2022\/01\/25\/acao-educativa-pinta-bueiros-de-praias-em-bombinhas\/#respond\"]}]},{\"@type\":\"WebPage\",\"@id\":\"https:\/\/jornalfatosenoticias.com.br\/index.php\/2022\/01\/25\/acao-educativa-pinta-bueiros-de-praias-em-bombinhas\/\",\"url\":\"https:\/\/jornalfatosenoticias.com.br\/index.php\/2022\/01\/25\/acao-educativa-pinta-bueiros-de-praias-em-bombinhas\/\",\"name\":\"A\u00e7\u00e3o educativa pinta bueiros de praias em Bombinhas - Jornal Fatos e Not\u00edcias\",\"isPartOf\":{\"@id\":\"https:\/\/jornalfatosenoticias.com.br\/#website\"},\"primaryImageOfPage\":{\"@id\":\"https:\/\/jornalfatosenoticias.com.br\/index.php\/2022\/01\/25\/acao-educativa-pinta-bueiros-de-praias-em-bombinhas\/#primaryimage\"},\"image\":{\"@id\":\"https:\/\/jornalfatosenoticias.com.br\/index.php\/2022\/01\/25\/acao-educativa-pinta-bueiros-de-praias-em-bombinhas\/#primaryimage\"},\"thumbnailUrl\":\"https:\/\/jornalfatosenoticias.com.br\/wp-content\/uploads\/2022\/01\/bueiros-Bombinhas-1.jpg\",\"datePublished\":\"2022-01-25T13:30:22+00:00\",\"dateModified\":\"2022-01-25T13:30:23+00:00\",\"breadcrumb\":{\"@id\":\"https:\/\/jornalfatosenoticias.com.br\/index.php\/2022\/01\/25\/acao-educativa-pinta-bueiros-de-praias-em-bombinhas\/#breadcrumb\"},\"inLanguage\":\"pt-BR\",\"potentialAction\":[{\"@type\":\"ReadAction\",\"target\":[\"https:\/\/jornalfatosenoticias.com.br\/index.php\/2022\/01\/25\/acao-educativa-pinta-bueiros-de-praias-em-bombinhas\/\"]}]},{\"@type\":\"ImageObject\",\"inLanguage\":\"pt-BR\",\"@id\":\"https:\/\/jornalfatosenoticias.com.br\/index.php\/2022\/01\/25\/acao-educativa-pinta-bueiros-de-praias-em-bombinhas\/#primaryimage\",\"url\":\"https:\/\/jornalfatosenoticias.com.br\/wp-content\/uploads\/2022\/01\/bueiros-Bombinhas-1.jpg\",\"contentUrl\":\"https:\/\/jornalfatosenoticias.com.br\/wp-content\/uploads\/2022\/01\/bueiros-Bombinhas-1.jpg\",\"width\":1000,\"height\":660},{\"@type\":\"BreadcrumbList\",\"@id\":\"https:\/\/jornalfatosenoticias.com.br\/index.php\/2022\/01\/25\/acao-educativa-pinta-bueiros-de-praias-em-bombinhas\/#breadcrumb\",\"itemListElement\":[{\"@type\":\"ListItem\",\"position\":1,\"name\":\"In\u00edcio\",\"item\":\"https:\/\/jornalfatosenoticias.com.br\/\"},{\"@type\":\"ListItem\",\"position\":2,\"name\":\"A\u00e7\u00e3o educativa pinta bueiros de praias em Bombinhas\"}]},{\"@type\":\"WebSite\",\"@id\":\"https:\/\/jornalfatosenoticias.com.br\/#website\",\"url\":\"https:\/\/jornalfatosenoticias.com.br\/\",\"name\":\"Jornal Fatos e Not\u00edcias\",\"description\":\"Not\u00edcias em geral\",\"publisher\":{\"@id\":\"https:\/\/jornalfatosenoticias.com.br\/#organization\"},\"potentialAction\":[{\"@type\":\"SearchAction\",\"target\":{\"@type\":\"EntryPoint\",\"urlTemplate\":\"https:\/\/jornalfatosenoticias.com.br\/?s={search_term_string}\"},\"query-input\":{\"@type\":\"PropertyValueSpecification\",\"valueRequired\":true,\"valueName\":\"search_term_string\"}}],\"inLanguage\":\"pt-BR\"},{\"@type\":\"Organization\",\"@id\":\"https:\/\/jornalfatosenoticias.com.br\/#organization\",\"name\":\"Jornal Fatos e Not\u00edcias\",\"url\":\"https:\/\/jornalfatosenoticias.com.br\/\",\"logo\":{\"@type\":\"ImageObject\",\"inLanguage\":\"pt-BR\",\"@id\":\"https:\/\/jornalfatosenoticias.com.br\/#\/schema\/logo\/image\/\",\"url\":\"https:\/\/jornalfatosenoticias.com.br\/wp-content\/uploads\/2020\/02\/logo120.png\",\"contentUrl\":\"https:\/\/jornalfatosenoticias.com.br\/wp-content\/uploads\/2020\/02\/logo120.png\",\"width\":1227,\"height\":120,\"caption\":\"Jornal Fatos e Not\u00edcias\"},\"image\":{\"@id\":\"https:\/\/jornalfatosenoticias.com.br\/#\/schema\/logo\/image\/\"}},{\"@type\":\"Person\",\"@id\":\"https:\/\/jornalfatosenoticias.com.br\/#\/schema\/person\/d63837fa13ac8666eb9e74e0985d6f81\",\"name\":\"Luzimara Fernandes\",\"image\":{\"@type\":\"ImageObject\",\"inLanguage\":\"pt-BR\",\"@id\":\"https:\/\/jornalfatosenoticias.com.br\/#\/schema\/person\/image\/\",\"url\":\"https:\/\/jornalfatosenoticias.com.br\/wp-content\/uploads\/2025\/05\/EU_portal.jpg\",\"contentUrl\":\"https:\/\/jornalfatosenoticias.com.br\/wp-content\/uploads\/2025\/05\/EU_portal.jpg\",\"caption\":\"Luzimara Fernandes\"},\"description\":\"Jornalista MTB 2358-ES\",\"sameAs\":[\"https:\/\/jornalfatosenoticias.com.br\"],\"url\":\"https:\/\/jornalfatosenoticias.com.br\/index.php\/author\/luzimara\/\"}]}<\/script>\n<!-- \/ Yoast SEO plugin. -->","yoast_head_json":{"title":"A\u00e7\u00e3o educativa pinta bueiros de praias em Bombinhas - Jornal Fatos e Not\u00edcias","robots":{"index":"index","follow":"follow","max-snippet":"max-snippet:-1","max-image-preview":"max-image-preview:large","max-video-preview":"max-video-preview:-1"},"canonical":"https:\/\/jornalfatosenoticias.com.br\/index.php\/2022\/01\/25\/acao-educativa-pinta-bueiros-de-praias-em-bombinhas\/","og_locale":"pt_BR","og_type":"article","og_title":"A\u00e7\u00e3o educativa pinta bueiros de praias em Bombinhas - Jornal Fatos e Not\u00edcias","og_description":"O lixo jogado na rua obstrui o escoamento da \u00e1gua, provoca alagamentos e polui o mar O mar come\u00e7a aqui. \u00c9 com esta frase que a Prefeitura de Bombinhas, em Santa Catarina, visa conscientizar banhistas sobre o dever de n\u00e3o jogar lixo no ch\u00e3o. O texto com desenhos de animais marinhos foi pintado em bocas [&hellip;]","og_url":"https:\/\/jornalfatosenoticias.com.br\/index.php\/2022\/01\/25\/acao-educativa-pinta-bueiros-de-praias-em-bombinhas\/","og_site_name":"Jornal Fatos e Not\u00edcias","article_published_time":"2022-01-25T13:30:22+00:00","article_modified_time":"2022-01-25T13:30:23+00:00","og_image":[{"width":1000,"height":660,"url":"https:\/\/jornalfatosenoticias.com.br\/wp-content\/uploads\/2022\/01\/bueiros-Bombinhas-1.jpg","type":"image\/jpeg"}],"author":"Luzimara Fernandes","twitter_card":"summary_large_image","twitter_misc":{"Escrito por":"Luzimara Fernandes","Est. tempo de leitura":"1 minuto"},"schema":{"@context":"https:\/\/schema.org","@graph":[{"@type":"Article","@id":"https:\/\/jornalfatosenoticias.com.br\/index.php\/2022\/01\/25\/acao-educativa-pinta-bueiros-de-praias-em-bombinhas\/#article","isPartOf":{"@id":"https:\/\/jornalfatosenoticias.com.br\/index.php\/2022\/01\/25\/acao-educativa-pinta-bueiros-de-praias-em-bombinhas\/"},"author":{"name":"Luzimara Fernandes","@id":"https:\/\/jornalfatosenoticias.com.br\/#\/schema\/person\/d63837fa13ac8666eb9e74e0985d6f81"},"headline":"A\u00e7\u00e3o educativa pinta bueiros de praias em Bombinhas","datePublished":"2022-01-25T13:30:22+00:00","dateModified":"2022-01-25T13:30:23+00:00","mainEntityOfPage":{"@id":"https:\/\/jornalfatosenoticias.com.br\/index.php\/2022\/01\/25\/acao-educativa-pinta-bueiros-de-praias-em-bombinhas\/"},"wordCount":259,"commentCount":0,"publisher":{"@id":"https:\/\/jornalfatosenoticias.com.br\/#organization"},"image":{"@id":"https:\/\/jornalfatosenoticias.com.br\/index.php\/2022\/01\/25\/acao-educativa-pinta-bueiros-de-praias-em-bombinhas\/#primaryimage"},"thumbnailUrl":"https:\/\/jornalfatosenoticias.com.br\/wp-content\/uploads\/2022\/01\/bueiros-Bombinhas-1.jpg","keywords":["a\u00e7\u00e3o educativa","\u00e1gua","bocas de lobo","Bombinhas","bueiros","escoamento da \u00e1gua","lixo"],"articleSection":["Arq &amp; Urb"],"inLanguage":"pt-BR","potentialAction":[{"@type":"CommentAction","name":"Comment","target":["https:\/\/jornalfatosenoticias.com.br\/index.php\/2022\/01\/25\/acao-educativa-pinta-bueiros-de-praias-em-bombinhas\/#respond"]}]},{"@type":"WebPage","@id":"https:\/\/jornalfatosenoticias.com.br\/index.php\/2022\/01\/25\/acao-educativa-pinta-bueiros-de-praias-em-bombinhas\/","url":"https:\/\/jornalfatosenoticias.com.br\/index.php\/2022\/01\/25\/acao-educativa-pinta-bueiros-de-praias-em-bombinhas\/","name":"A\u00e7\u00e3o educativa pinta bueiros de praias em Bombinhas - Jornal Fatos e Not\u00edcias","isPartOf":{"@id":"https:\/\/jornalfatosenoticias.com.br\/#website"},"primaryImageOfPage":{"@id":"https:\/\/jornalfatosenoticias.com.br\/index.php\/2022\/01\/25\/acao-educativa-pinta-bueiros-de-praias-em-bombinhas\/#primaryimage"},"image":{"@id":"https:\/\/jornalfatosenoticias.com.br\/index.php\/2022\/01\/25\/acao-educativa-pinta-bueiros-de-praias-em-bombinhas\/#primaryimage"},"thumbnailUrl":"https:\/\/jornalfatosenoticias.com.br\/wp-content\/uploads\/2022\/01\/bueiros-Bombinhas-1.jpg","datePublished":"2022-01-25T13:30:22+00:00","dateModified":"2022-01-25T13:30:23+00:00","breadcrumb":{"@id":"https:\/\/jornalfatosenoticias.com.br\/index.php\/2022\/01\/25\/acao-educativa-pinta-bueiros-de-praias-em-bombinhas\/#breadcrumb"},"inLanguage":"pt-BR","potentialAction":[{"@type":"ReadAction","target":["https:\/\/jornalfatosenoticias.com.br\/index.php\/2022\/01\/25\/acao-educativa-pinta-bueiros-de-praias-em-bombinhas\/"]}]},{"@type":"ImageObject","inLanguage":"pt-BR","@id":"https:\/\/jornalfatosenoticias.com.br\/index.php\/2022\/01\/25\/acao-educativa-pinta-bueiros-de-praias-em-bombinhas\/#primaryimage","url":"https:\/\/jornalfatosenoticias.com.br\/wp-content\/uploads\/2022\/01\/bueiros-Bombinhas-1.jpg","contentUrl":"https:\/\/jornalfatosenoticias.com.br\/wp-content\/uploads\/2022\/01\/bueiros-Bombinhas-1.jpg","width":1000,"height":660},{"@type":"BreadcrumbList","@id":"https:\/\/jornalfatosenoticias.com.br\/index.php\/2022\/01\/25\/acao-educativa-pinta-bueiros-de-praias-em-bombinhas\/#breadcrumb","itemListElement":[{"@type":"ListItem","position":1,"name":"In\u00edcio","item":"https:\/\/jornalfatosenoticias.com.br\/"},{"@type":"ListItem","position":2,"name":"A\u00e7\u00e3o educativa pinta bueiros de praias em Bombinhas"}]},{"@type":"WebSite","@id":"https:\/\/jornalfatosenoticias.com.br\/#website","url":"https:\/\/jornalfatosenoticias.com.br\/","name":"Jornal Fatos e Not\u00edcias","description":"Not\u00edcias em geral","publisher":{"@id":"https:\/\/jornalfatosenoticias.com.br\/#organization"},"potentialAction":[{"@type":"SearchAction","target":{"@type":"EntryPoint","urlTemplate":"https:\/\/jornalfatosenoticias.com.br\/?s={search_term_string}"},"query-input":{"@type":"PropertyValueSpecification","valueRequired":true,"valueName":"search_term_string"}}],"inLanguage":"pt-BR"},{"@type":"Organization","@id":"https:\/\/jornalfatosenoticias.com.br\/#organization","name":"Jornal Fatos e Not\u00edcias","url":"https:\/\/jornalfatosenoticias.com.br\/","logo":{"@type":"ImageObject","inLanguage":"pt-BR","@id":"https:\/\/jornalfatosenoticias.com.br\/#\/schema\/logo\/image\/","url":"https:\/\/jornalfatosenoticias.com.br\/wp-content\/uploads\/2020\/02\/logo120.png","contentUrl":"https:\/\/jornalfatosenoticias.com.br\/wp-content\/uploads\/2020\/02\/logo120.png","width":1227,"height":120,"caption":"Jornal Fatos e Not\u00edcias"},"image":{"@id":"https:\/\/jornalfatosenoticias.com.br\/#\/schema\/logo\/image\/"}},{"@type":"Person","@id":"https:\/\/jornalfatosenoticias.com.br\/#\/schema\/person\/d63837fa13ac8666eb9e74e0985d6f81","name":"Luzimara Fernandes","image":{"@type":"ImageObject","inLanguage":"pt-BR","@id":"https:\/\/jornalfatosenoticias.com.br\/#\/schema\/person\/image\/","url":"https:\/\/jornalfatosenoticias.com.br\/wp-content\/uploads\/2025\/05\/EU_portal.jpg","contentUrl":"https:\/\/jornalfatosenoticias.com.br\/wp-content\/uploads\/2025\/05\/EU_portal.jpg","caption":"Luzimara Fernandes"},"description":"Jornalista MTB 2358-ES","sameAs":["https:\/\/jornalfatosenoticias.com.br"],"url":"https:\/\/jornalfatosenoticias.com.br\/index.php\/author\/luzimara\/"}]}},"cc_featured_image_caption":{"caption_text":"(Foto: Prefeitura de Bombinhas) ","source_text":"","source_url":""},"jetpack_featured_media_url":"https:\/\/jornalfatosenoticias.com.br\/wp-content\/uploads\/2022\/01\/bueiros-Bombinhas-1.jpg","_links":{"self":[{"href":"https:\/\/jornalfatosenoticias.com.br\/index.php\/wp-json\/wp\/v2\/posts\/27153","targetHints":{"allow":["GET"]}}],"collection":[{"href":"https:\/\/jornalfatosenoticias.com.br\/index.php\/wp-json\/wp\/v2\/posts"}],"about":[{"href":"https:\/\/jornalfatosenoticias.com.br\/index.php\/wp-json\/wp\/v2\/types\/post"}],"author":[{"embeddable":true,"href":"https:\/\/jornalfatosenoticias.com.br\/index.php\/wp-json\/wp\/v2\/users\/2"}],"replies":[{"embeddable":true,"href":"https:\/\/jornalfatosenoticias.com.br\/index.php\/wp-json\/wp\/v2\/comments?post=27153"}],"version-history":[{"count":0,"href":"https:\/\/jornalfatosenoticias.com.br\/index.php\/wp-json\/wp\/v2\/posts\/27153\/revisions"}],"wp:featuredmedia":[{"embeddable":true,"href":"https:\/\/jornalfatosenoticias.com.br\/index.php\/wp-json\/wp\/v2\/media\/27156"}],"wp:attachment":[{"href":"https:\/\/jornalfatosenoticias.com.br\/index.php\/wp-json\/wp\/v2\/media?parent=27153"}],"wp:term":[{"taxonomy":"category","embeddable":true,"href":"https:\/\/jornalfatosenoticias.com.br\/index.php\/wp-json\/wp\/v2\/categories?post=27153"},{"taxonomy":"post_tag","embeddable":true,"href":"https:\/\/jornalfatosenoticias.com.br\/index.php\/wp-json\/wp\/v2\/tags?post=27153"}],"curies":[{"name":"wp","href":"https:\/\/api.w.org\/{rel}","templated":true}]}}