{"id":27158,"date":"2022-01-25T11:39:22","date_gmt":"2022-01-25T14:39:22","guid":{"rendered":"https:\/\/jornalfatosenoticias.com.br\/?p=27158"},"modified":"2022-01-25T11:39:22","modified_gmt":"2022-01-25T14:39:22","slug":"apos-vazamento-de-oleo-peru-declara-emergencia-ambiental","status":"publish","type":"post","link":"https:\/\/jornalfatosenoticias.com.br\/index.php\/2022\/01\/25\/apos-vazamento-de-oleo-peru-declara-emergencia-ambiental\/","title":{"rendered":"Ap\u00f3s vazamento de \u00f3leo, Peru declara emerg\u00eancia ambiental"},"content":{"rendered":"\n<p><em><span class=\"has-inline-color has-black-color\">Seis mil barris de petr\u00f3leo foram derramados!<\/span><\/em><\/p>\n\n\n\n<p>Uma das consequ\u00eancias da erup\u00e7\u00e3o vulc\u00e2nica na regi\u00e3o de Tonga, no oceano Pac\u00edfico, foi o vazamento de \u00f3leo no Peru no dia 15 de janeiro. Exemplo tr\u00e1gico que como tudo no planeta est\u00e1 conectado. No \u00faltimo s\u00e1bado (22), o governo do pa\u00eds declarou emerg\u00eancia ambiental.<br>Cerca de seis mil barris foram derramados no oceano por um petroleiro da empresa espanhola Repsol. Segundo relato da empresa, ele descarregava na refinaria La Pampilla, localizada em Ventanilla, quando vazou \u00f3leo devido \u00e0 agita\u00e7\u00e3o das ondas na costa peruana, ap\u00f3s o tsunami provocado pela erup\u00e7\u00e3o em Tonga.<br>A situa\u00e7\u00e3o gerou caos. Mais de 200 banhistas tiveram que ser retirados das praias de Ventanilla. Mais de 40 aves, incluindo ao menos uma amea\u00e7ada de extin\u00e7\u00e3o, foram resgatadas. O n\u00famero de esp\u00e9cies atingidas, por\u00e9m, \u00e9 muito maior \u2014 uma vez que um n\u00famero indeterminado de animais marinhos j\u00e1 foram encontrados mortos e outros tantos ainda podem emergir nas faixas de areia.<br>Segundo a Ag\u00eancia de Avalia\u00e7\u00e3o e Fiscaliza\u00e7\u00e3o Ambiental (OEFA) do Peru, cerca de 1,7 milh\u00e3o de metros quadrados de solo e 1,2 milh\u00e3o de metros quadrados de oceano foram afetados.<br>Ou seja, o material oleoso se espalhou, atingindo v\u00e1rias \u00e1reas costeiras marinhas. A empresa petroleira, no entanto, n\u00e3o assumiu responsabilidade. Pelo contr\u00e1rio, destacou que as autoridades mar\u00edtimas peruanas n\u00e3o emitiram alertas sobre um poss\u00edvel aumento das ondas ap\u00f3s a erup\u00e7\u00e3o.<br>Para o governo peruano, a empresa demorou a agir, omitiu informa\u00e7\u00f5es e escondeu a magnitude do problema.<br>De acordo com o ministro do Meio Ambiente, Rub\u00e9n Ram\u00edrez, a Repsol tentou minimizar a quantidade de petr\u00f3leo derramado \u201ccomo se fosse de um pequeno barco\u201d. O fato \u00e9 que o navio estava carregando um milh\u00e3o de barris de petr\u00f3leo para descarregar na esta\u00e7\u00e3o de refinaria.<\/p>\n\n\n\n<blockquote class=\"wp-block-quote is-layout-flow wp-block-quote-is-layout-flow\"><p><span class=\"has-inline-color has-luminous-vivid-orange-color\">\u201cEstamos indignados diante desse grave problema que pode ser considerado um genoc\u00eddio ambiental\u201d, disse Rub\u00e9n Ram\u00edrez.<\/span><\/p><\/blockquote>\n\n\n\n<p>O ministro classificou a situa\u00e7\u00e3o como um \u201cdesastre ambiental, social e humanit\u00e1rio\u201d. Ram\u00edrez tamb\u00e9m destacou o aspecto econ\u00f4mico, uma vez que a situa\u00e7\u00e3o est\u00e1 afetando v\u00e1rias atividades produtivas, como a pesca.<br>\u00c0 Ag\u00eancia Reuters, um pescador afirmou que \u201cagora tudo cheira a morte\u201d. No momento, as atividades de pesca est\u00e3o suspensas e 21 praias est\u00e3o fechadas para banhistas.<\/p>\n\n\n\n<div class=\"wp-block-group\"><div class=\"wp-block-group__inner-container is-layout-flow wp-block-group-is-layout-flow\">\n<div class=\"wp-block-jetpack-tiled-gallery aligncenter is-style-columns\"><div class=\"tiled-gallery__gallery\"><div class=\"tiled-gallery__row\"><div class=\"tiled-gallery__col\" style=\"flex-basis:33.33333333333333%\"><figure class=\"tiled-gallery__item\"><img decoding=\"async\" alt=\"\" data-height=\"363\" data-id=\"27159\" data-link=\"https:\/\/jornalfatosenoticias.com.br\/?attachment_id=27159\" data-url=\"https:\/\/jornalfatosenoticias.com.br\/wp-content\/uploads\/2022\/01\/vazamento-de-oleo-Peru-2.jpeg\" data-width=\"645\" src=\"https:\/\/i0.wp.com\/jornalfatosenoticias.com.br\/wp-content\/uploads\/2022\/01\/vazamento-de-oleo-Peru-2.jpeg?ssl=1\" layout=\"responsive\"\/><\/figure><\/div><div class=\"tiled-gallery__col\" style=\"flex-basis:33.33333333333333%\"><figure class=\"tiled-gallery__item\"><img decoding=\"async\" alt=\"\" data-height=\"363\" data-id=\"27160\" data-link=\"https:\/\/jornalfatosenoticias.com.br\/?attachment_id=27160\" data-url=\"https:\/\/jornalfatosenoticias.com.br\/wp-content\/uploads\/2022\/01\/vazamento-de-oleo-Peru-3.jpeg\" data-width=\"645\" src=\"https:\/\/i1.wp.com\/jornalfatosenoticias.com.br\/wp-content\/uploads\/2022\/01\/vazamento-de-oleo-Peru-3.jpeg?ssl=1\" layout=\"responsive\"\/><\/figure><\/div><div class=\"tiled-gallery__col\" style=\"flex-basis:33.33333333333333%\"><figure class=\"tiled-gallery__item\"><img decoding=\"async\" alt=\"\" data-height=\"363\" data-id=\"27161\" data-link=\"https:\/\/jornalfatosenoticias.com.br\/?attachment_id=27161\" data-url=\"https:\/\/jornalfatosenoticias.com.br\/wp-content\/uploads\/2022\/01\/vazamento-de-oleo-Peru-4.jpeg\" data-width=\"645\" src=\"https:\/\/i1.wp.com\/jornalfatosenoticias.com.br\/wp-content\/uploads\/2022\/01\/vazamento-de-oleo-Peru-4.jpeg?ssl=1\" layout=\"responsive\"\/><\/figure><\/div><\/div><\/div><\/div>\n\n\n\n<p><em><span class=\"has-inline-color has-black-color\">(Fotos: Governo do Peru)<\/span><\/em><\/p>\n<\/div><\/div>\n\n\n\n<p><strong><span class=\"has-inline-color has-vivid-green-cyan-color\">Emerg\u00eancia ambiental<br><\/span><\/strong>No \u00faltimo s\u00e1bado (22), o Peru declarou 90 dias de emerg\u00eancia ambiental. O per\u00edodo visa garantir a realiza\u00e7\u00e3o de \u201ctrabalhos de recupera\u00e7\u00e3o e remedia\u00e7\u00e3o para mitigar a contamina\u00e7\u00e3o ambiental\u201d.<br>A norma estabelece que a execu\u00e7\u00e3o do plano de a\u00e7\u00e3o imediato e de curto prazo cabe \u00e0 empresa e aos entes p\u00fablicos dos tr\u00eas n\u00edveis de governo, de acordo com suas compet\u00eancias.<br>J\u00e1 \u00e0 popula\u00e7\u00e3o local, o governo federal orienta que caso identifique alguma esp\u00e9cie da fauna ou alguma ba\u00eda, praia ou zona marinho-costeira afetada, busque assist\u00eancia especializada.<\/p>\n\n\n\n<blockquote class=\"wp-block-quote is-layout-flow wp-block-quote-is-layout-flow\"><p><span class=\"has-inline-color has-luminous-vivid-orange-color\">\u201cO petr\u00f3leo \u00e9 uma subst\u00e2ncia t\u00f3xica e representa um risco para a sa\u00fade e para o ambiente, os cidad\u00e3os s\u00e3o instados a evitar qualquer contato direto. A limpeza de derramamento de \u00f3leo \u00e9 uma atividade especializada e deve ser realizada com equipamentos de prote\u00e7\u00e3o para evitar qualquer risco\u201d, ressalta o governo em nota.<\/span><\/p><\/blockquote>\n\n\n\n<p>A empresa Repsol afirma que a opera\u00e7\u00e3o de limpeza deve seguir at\u00e9 o final de fevereiro.<\/p>\n\n\n\n<p><strong><em>Fonte: <a href=\"https:\/\/ciclovivo.com.br\/planeta\/meio-ambiente\/apos-vazamento-de-oleo-peru-declara-emergencia-ambiental\/\">CicloVivo<\/a><\/em><\/strong><\/p>\n","protected":false},"excerpt":{"rendered":"<p>Seis mil barris de petr\u00f3leo foram derramados! Uma das consequ\u00eancias da erup\u00e7\u00e3o vulc\u00e2nica na regi\u00e3o de Tonga, no oceano Pac\u00edfico, foi o vazamento de \u00f3leo no Peru no dia 15 de janeiro. Exemplo tr\u00e1gico que como tudo no planeta est\u00e1 conectado. No \u00faltimo s\u00e1bado (22), o governo do pa\u00eds declarou emerg\u00eancia ambiental.Cerca de seis mil [&hellip;]<\/p>\n","protected":false},"author":2,"featured_media":27162,"comment_status":"open","ping_status":"open","sticky":false,"template":"","format":"standard","meta":{"footnotes":""},"categories":[8],"tags":[13033,1001,736,13032],"class_list":["post-27158","post","type-post","status-publish","format-standard","has-post-thumbnail","hentry","category-meio-ambiente","tag-desastre-ambiental","tag-peru","tag-petroleo","tag-vazamento-de-oleo"],"yoast_head":"<!-- This site is optimized with the Yoast SEO plugin v26.5 - https:\/\/yoast.com\/wordpress\/plugins\/seo\/ -->\n<title>Ap\u00f3s vazamento de \u00f3leo, Peru declara emerg\u00eancia ambiental - Jornal Fatos e Not\u00edcias<\/title>\n<meta name=\"robots\" content=\"index, follow, max-snippet:-1, max-image-preview:large, max-video-preview:-1\" \/>\n<link rel=\"canonical\" href=\"https:\/\/jornalfatosenoticias.com.br\/index.php\/2022\/01\/25\/apos-vazamento-de-oleo-peru-declara-emergencia-ambiental\/\" \/>\n<meta property=\"og:locale\" content=\"pt_BR\" \/>\n<meta property=\"og:type\" content=\"article\" \/>\n<meta property=\"og:title\" content=\"Ap\u00f3s vazamento de \u00f3leo, Peru declara emerg\u00eancia ambiental - Jornal Fatos e Not\u00edcias\" \/>\n<meta property=\"og:description\" content=\"Seis mil barris de petr\u00f3leo foram derramados! Uma das consequ\u00eancias da erup\u00e7\u00e3o vulc\u00e2nica na regi\u00e3o de Tonga, no oceano Pac\u00edfico, foi o vazamento de \u00f3leo no Peru no dia 15 de janeiro. Exemplo tr\u00e1gico que como tudo no planeta est\u00e1 conectado. No \u00faltimo s\u00e1bado (22), o governo do pa\u00eds declarou emerg\u00eancia ambiental.Cerca de seis mil [&hellip;]\" \/>\n<meta property=\"og:url\" content=\"https:\/\/jornalfatosenoticias.com.br\/index.php\/2022\/01\/25\/apos-vazamento-de-oleo-peru-declara-emergencia-ambiental\/\" \/>\n<meta property=\"og:site_name\" content=\"Jornal Fatos e Not\u00edcias\" \/>\n<meta property=\"article:published_time\" content=\"2022-01-25T14:39:22+00:00\" \/>\n<meta property=\"og:image\" content=\"https:\/\/jornalfatosenoticias.com.br\/wp-content\/uploads\/2022\/01\/vazamento-de-oleo-Peru.jpg\" \/>\n\t<meta property=\"og:image:width\" content=\"1000\" \/>\n\t<meta property=\"og:image:height\" content=\"571\" \/>\n\t<meta property=\"og:image:type\" content=\"image\/jpeg\" \/>\n<meta name=\"author\" content=\"Luzimara Fernandes\" \/>\n<meta name=\"twitter:card\" content=\"summary_large_image\" \/>\n<meta name=\"twitter:label1\" content=\"Escrito por\" \/>\n\t<meta name=\"twitter:data1\" content=\"Luzimara Fernandes\" \/>\n\t<meta name=\"twitter:label2\" content=\"Est. tempo de leitura\" \/>\n\t<meta name=\"twitter:data2\" content=\"3 minutos\" \/>\n<script type=\"application\/ld+json\" class=\"yoast-schema-graph\">{\"@context\":\"https:\/\/schema.org\",\"@graph\":[{\"@type\":\"Article\",\"@id\":\"https:\/\/jornalfatosenoticias.com.br\/index.php\/2022\/01\/25\/apos-vazamento-de-oleo-peru-declara-emergencia-ambiental\/#article\",\"isPartOf\":{\"@id\":\"https:\/\/jornalfatosenoticias.com.br\/index.php\/2022\/01\/25\/apos-vazamento-de-oleo-peru-declara-emergencia-ambiental\/\"},\"author\":{\"name\":\"Luzimara Fernandes\",\"@id\":\"https:\/\/jornalfatosenoticias.com.br\/#\/schema\/person\/d63837fa13ac8666eb9e74e0985d6f81\"},\"headline\":\"Ap\u00f3s vazamento de \u00f3leo, Peru declara emerg\u00eancia ambiental\",\"datePublished\":\"2022-01-25T14:39:22+00:00\",\"mainEntityOfPage\":{\"@id\":\"https:\/\/jornalfatosenoticias.com.br\/index.php\/2022\/01\/25\/apos-vazamento-de-oleo-peru-declara-emergencia-ambiental\/\"},\"wordCount\":604,\"commentCount\":0,\"publisher\":{\"@id\":\"https:\/\/jornalfatosenoticias.com.br\/#organization\"},\"image\":{\"@id\":\"https:\/\/jornalfatosenoticias.com.br\/index.php\/2022\/01\/25\/apos-vazamento-de-oleo-peru-declara-emergencia-ambiental\/#primaryimage\"},\"thumbnailUrl\":\"https:\/\/jornalfatosenoticias.com.br\/wp-content\/uploads\/2022\/01\/vazamento-de-oleo-Peru.jpg\",\"keywords\":[\"desastre ambiental\",\"Peru\",\"petr\u00f3leo\",\"vazamento de \u00f3leo\"],\"articleSection\":[\"Meio ambiente\"],\"inLanguage\":\"pt-BR\",\"potentialAction\":[{\"@type\":\"CommentAction\",\"name\":\"Comment\",\"target\":[\"https:\/\/jornalfatosenoticias.com.br\/index.php\/2022\/01\/25\/apos-vazamento-de-oleo-peru-declara-emergencia-ambiental\/#respond\"]}]},{\"@type\":\"WebPage\",\"@id\":\"https:\/\/jornalfatosenoticias.com.br\/index.php\/2022\/01\/25\/apos-vazamento-de-oleo-peru-declara-emergencia-ambiental\/\",\"url\":\"https:\/\/jornalfatosenoticias.com.br\/index.php\/2022\/01\/25\/apos-vazamento-de-oleo-peru-declara-emergencia-ambiental\/\",\"name\":\"Ap\u00f3s vazamento de \u00f3leo, Peru declara emerg\u00eancia ambiental - Jornal Fatos e Not\u00edcias\",\"isPartOf\":{\"@id\":\"https:\/\/jornalfatosenoticias.com.br\/#website\"},\"primaryImageOfPage\":{\"@id\":\"https:\/\/jornalfatosenoticias.com.br\/index.php\/2022\/01\/25\/apos-vazamento-de-oleo-peru-declara-emergencia-ambiental\/#primaryimage\"},\"image\":{\"@id\":\"https:\/\/jornalfatosenoticias.com.br\/index.php\/2022\/01\/25\/apos-vazamento-de-oleo-peru-declara-emergencia-ambiental\/#primaryimage\"},\"thumbnailUrl\":\"https:\/\/jornalfatosenoticias.com.br\/wp-content\/uploads\/2022\/01\/vazamento-de-oleo-Peru.jpg\",\"datePublished\":\"2022-01-25T14:39:22+00:00\",\"breadcrumb\":{\"@id\":\"https:\/\/jornalfatosenoticias.com.br\/index.php\/2022\/01\/25\/apos-vazamento-de-oleo-peru-declara-emergencia-ambiental\/#breadcrumb\"},\"inLanguage\":\"pt-BR\",\"potentialAction\":[{\"@type\":\"ReadAction\",\"target\":[\"https:\/\/jornalfatosenoticias.com.br\/index.php\/2022\/01\/25\/apos-vazamento-de-oleo-peru-declara-emergencia-ambiental\/\"]}]},{\"@type\":\"ImageObject\",\"inLanguage\":\"pt-BR\",\"@id\":\"https:\/\/jornalfatosenoticias.com.br\/index.php\/2022\/01\/25\/apos-vazamento-de-oleo-peru-declara-emergencia-ambiental\/#primaryimage\",\"url\":\"https:\/\/jornalfatosenoticias.com.br\/wp-content\/uploads\/2022\/01\/vazamento-de-oleo-Peru.jpg\",\"contentUrl\":\"https:\/\/jornalfatosenoticias.com.br\/wp-content\/uploads\/2022\/01\/vazamento-de-oleo-Peru.jpg\",\"width\":1000,\"height\":571},{\"@type\":\"BreadcrumbList\",\"@id\":\"https:\/\/jornalfatosenoticias.com.br\/index.php\/2022\/01\/25\/apos-vazamento-de-oleo-peru-declara-emergencia-ambiental\/#breadcrumb\",\"itemListElement\":[{\"@type\":\"ListItem\",\"position\":1,\"name\":\"In\u00edcio\",\"item\":\"https:\/\/jornalfatosenoticias.com.br\/\"},{\"@type\":\"ListItem\",\"position\":2,\"name\":\"Ap\u00f3s vazamento de \u00f3leo, Peru declara emerg\u00eancia ambiental\"}]},{\"@type\":\"WebSite\",\"@id\":\"https:\/\/jornalfatosenoticias.com.br\/#website\",\"url\":\"https:\/\/jornalfatosenoticias.com.br\/\",\"name\":\"Jornal Fatos e Not\u00edcias\",\"description\":\"Not\u00edcias em geral\",\"publisher\":{\"@id\":\"https:\/\/jornalfatosenoticias.com.br\/#organization\"},\"potentialAction\":[{\"@type\":\"SearchAction\",\"target\":{\"@type\":\"EntryPoint\",\"urlTemplate\":\"https:\/\/jornalfatosenoticias.com.br\/?s={search_term_string}\"},\"query-input\":{\"@type\":\"PropertyValueSpecification\",\"valueRequired\":true,\"valueName\":\"search_term_string\"}}],\"inLanguage\":\"pt-BR\"},{\"@type\":\"Organization\",\"@id\":\"https:\/\/jornalfatosenoticias.com.br\/#organization\",\"name\":\"Jornal Fatos e Not\u00edcias\",\"url\":\"https:\/\/jornalfatosenoticias.com.br\/\",\"logo\":{\"@type\":\"ImageObject\",\"inLanguage\":\"pt-BR\",\"@id\":\"https:\/\/jornalfatosenoticias.com.br\/#\/schema\/logo\/image\/\",\"url\":\"https:\/\/jornalfatosenoticias.com.br\/wp-content\/uploads\/2020\/02\/logo120.png\",\"contentUrl\":\"https:\/\/jornalfatosenoticias.com.br\/wp-content\/uploads\/2020\/02\/logo120.png\",\"width\":1227,\"height\":120,\"caption\":\"Jornal Fatos e Not\u00edcias\"},\"image\":{\"@id\":\"https:\/\/jornalfatosenoticias.com.br\/#\/schema\/logo\/image\/\"}},{\"@type\":\"Person\",\"@id\":\"https:\/\/jornalfatosenoticias.com.br\/#\/schema\/person\/d63837fa13ac8666eb9e74e0985d6f81\",\"name\":\"Luzimara Fernandes\",\"image\":{\"@type\":\"ImageObject\",\"inLanguage\":\"pt-BR\",\"@id\":\"https:\/\/jornalfatosenoticias.com.br\/#\/schema\/person\/image\/\",\"url\":\"https:\/\/jornalfatosenoticias.com.br\/wp-content\/uploads\/2025\/05\/EU_portal.jpg\",\"contentUrl\":\"https:\/\/jornalfatosenoticias.com.br\/wp-content\/uploads\/2025\/05\/EU_portal.jpg\",\"caption\":\"Luzimara Fernandes\"},\"description\":\"Jornalista MTB 2358-ES\",\"sameAs\":[\"https:\/\/jornalfatosenoticias.com.br\"],\"url\":\"https:\/\/jornalfatosenoticias.com.br\/index.php\/author\/luzimara\/\"}]}<\/script>\n<!-- \/ Yoast SEO plugin. -->","yoast_head_json":{"title":"Ap\u00f3s vazamento de \u00f3leo, Peru declara emerg\u00eancia ambiental - Jornal Fatos e Not\u00edcias","robots":{"index":"index","follow":"follow","max-snippet":"max-snippet:-1","max-image-preview":"max-image-preview:large","max-video-preview":"max-video-preview:-1"},"canonical":"https:\/\/jornalfatosenoticias.com.br\/index.php\/2022\/01\/25\/apos-vazamento-de-oleo-peru-declara-emergencia-ambiental\/","og_locale":"pt_BR","og_type":"article","og_title":"Ap\u00f3s vazamento de \u00f3leo, Peru declara emerg\u00eancia ambiental - Jornal Fatos e Not\u00edcias","og_description":"Seis mil barris de petr\u00f3leo foram derramados! Uma das consequ\u00eancias da erup\u00e7\u00e3o vulc\u00e2nica na regi\u00e3o de Tonga, no oceano Pac\u00edfico, foi o vazamento de \u00f3leo no Peru no dia 15 de janeiro. Exemplo tr\u00e1gico que como tudo no planeta est\u00e1 conectado. No \u00faltimo s\u00e1bado (22), o governo do pa\u00eds declarou emerg\u00eancia ambiental.Cerca de seis mil [&hellip;]","og_url":"https:\/\/jornalfatosenoticias.com.br\/index.php\/2022\/01\/25\/apos-vazamento-de-oleo-peru-declara-emergencia-ambiental\/","og_site_name":"Jornal Fatos e Not\u00edcias","article_published_time":"2022-01-25T14:39:22+00:00","og_image":[{"width":1000,"height":571,"url":"https:\/\/jornalfatosenoticias.com.br\/wp-content\/uploads\/2022\/01\/vazamento-de-oleo-Peru.jpg","type":"image\/jpeg"}],"author":"Luzimara Fernandes","twitter_card":"summary_large_image","twitter_misc":{"Escrito por":"Luzimara Fernandes","Est. tempo de leitura":"3 minutos"},"schema":{"@context":"https:\/\/schema.org","@graph":[{"@type":"Article","@id":"https:\/\/jornalfatosenoticias.com.br\/index.php\/2022\/01\/25\/apos-vazamento-de-oleo-peru-declara-emergencia-ambiental\/#article","isPartOf":{"@id":"https:\/\/jornalfatosenoticias.com.br\/index.php\/2022\/01\/25\/apos-vazamento-de-oleo-peru-declara-emergencia-ambiental\/"},"author":{"name":"Luzimara Fernandes","@id":"https:\/\/jornalfatosenoticias.com.br\/#\/schema\/person\/d63837fa13ac8666eb9e74e0985d6f81"},"headline":"Ap\u00f3s vazamento de \u00f3leo, Peru declara emerg\u00eancia ambiental","datePublished":"2022-01-25T14:39:22+00:00","mainEntityOfPage":{"@id":"https:\/\/jornalfatosenoticias.com.br\/index.php\/2022\/01\/25\/apos-vazamento-de-oleo-peru-declara-emergencia-ambiental\/"},"wordCount":604,"commentCount":0,"publisher":{"@id":"https:\/\/jornalfatosenoticias.com.br\/#organization"},"image":{"@id":"https:\/\/jornalfatosenoticias.com.br\/index.php\/2022\/01\/25\/apos-vazamento-de-oleo-peru-declara-emergencia-ambiental\/#primaryimage"},"thumbnailUrl":"https:\/\/jornalfatosenoticias.com.br\/wp-content\/uploads\/2022\/01\/vazamento-de-oleo-Peru.jpg","keywords":["desastre ambiental","Peru","petr\u00f3leo","vazamento de \u00f3leo"],"articleSection":["Meio ambiente"],"inLanguage":"pt-BR","potentialAction":[{"@type":"CommentAction","name":"Comment","target":["https:\/\/jornalfatosenoticias.com.br\/index.php\/2022\/01\/25\/apos-vazamento-de-oleo-peru-declara-emergencia-ambiental\/#respond"]}]},{"@type":"WebPage","@id":"https:\/\/jornalfatosenoticias.com.br\/index.php\/2022\/01\/25\/apos-vazamento-de-oleo-peru-declara-emergencia-ambiental\/","url":"https:\/\/jornalfatosenoticias.com.br\/index.php\/2022\/01\/25\/apos-vazamento-de-oleo-peru-declara-emergencia-ambiental\/","name":"Ap\u00f3s vazamento de \u00f3leo, Peru declara emerg\u00eancia ambiental - Jornal Fatos e Not\u00edcias","isPartOf":{"@id":"https:\/\/jornalfatosenoticias.com.br\/#website"},"primaryImageOfPage":{"@id":"https:\/\/jornalfatosenoticias.com.br\/index.php\/2022\/01\/25\/apos-vazamento-de-oleo-peru-declara-emergencia-ambiental\/#primaryimage"},"image":{"@id":"https:\/\/jornalfatosenoticias.com.br\/index.php\/2022\/01\/25\/apos-vazamento-de-oleo-peru-declara-emergencia-ambiental\/#primaryimage"},"thumbnailUrl":"https:\/\/jornalfatosenoticias.com.br\/wp-content\/uploads\/2022\/01\/vazamento-de-oleo-Peru.jpg","datePublished":"2022-01-25T14:39:22+00:00","breadcrumb":{"@id":"https:\/\/jornalfatosenoticias.com.br\/index.php\/2022\/01\/25\/apos-vazamento-de-oleo-peru-declara-emergencia-ambiental\/#breadcrumb"},"inLanguage":"pt-BR","potentialAction":[{"@type":"ReadAction","target":["https:\/\/jornalfatosenoticias.com.br\/index.php\/2022\/01\/25\/apos-vazamento-de-oleo-peru-declara-emergencia-ambiental\/"]}]},{"@type":"ImageObject","inLanguage":"pt-BR","@id":"https:\/\/jornalfatosenoticias.com.br\/index.php\/2022\/01\/25\/apos-vazamento-de-oleo-peru-declara-emergencia-ambiental\/#primaryimage","url":"https:\/\/jornalfatosenoticias.com.br\/wp-content\/uploads\/2022\/01\/vazamento-de-oleo-Peru.jpg","contentUrl":"https:\/\/jornalfatosenoticias.com.br\/wp-content\/uploads\/2022\/01\/vazamento-de-oleo-Peru.jpg","width":1000,"height":571},{"@type":"BreadcrumbList","@id":"https:\/\/jornalfatosenoticias.com.br\/index.php\/2022\/01\/25\/apos-vazamento-de-oleo-peru-declara-emergencia-ambiental\/#breadcrumb","itemListElement":[{"@type":"ListItem","position":1,"name":"In\u00edcio","item":"https:\/\/jornalfatosenoticias.com.br\/"},{"@type":"ListItem","position":2,"name":"Ap\u00f3s vazamento de \u00f3leo, Peru declara emerg\u00eancia ambiental"}]},{"@type":"WebSite","@id":"https:\/\/jornalfatosenoticias.com.br\/#website","url":"https:\/\/jornalfatosenoticias.com.br\/","name":"Jornal Fatos e Not\u00edcias","description":"Not\u00edcias em geral","publisher":{"@id":"https:\/\/jornalfatosenoticias.com.br\/#organization"},"potentialAction":[{"@type":"SearchAction","target":{"@type":"EntryPoint","urlTemplate":"https:\/\/jornalfatosenoticias.com.br\/?s={search_term_string}"},"query-input":{"@type":"PropertyValueSpecification","valueRequired":true,"valueName":"search_term_string"}}],"inLanguage":"pt-BR"},{"@type":"Organization","@id":"https:\/\/jornalfatosenoticias.com.br\/#organization","name":"Jornal Fatos e Not\u00edcias","url":"https:\/\/jornalfatosenoticias.com.br\/","logo":{"@type":"ImageObject","inLanguage":"pt-BR","@id":"https:\/\/jornalfatosenoticias.com.br\/#\/schema\/logo\/image\/","url":"https:\/\/jornalfatosenoticias.com.br\/wp-content\/uploads\/2020\/02\/logo120.png","contentUrl":"https:\/\/jornalfatosenoticias.com.br\/wp-content\/uploads\/2020\/02\/logo120.png","width":1227,"height":120,"caption":"Jornal Fatos e Not\u00edcias"},"image":{"@id":"https:\/\/jornalfatosenoticias.com.br\/#\/schema\/logo\/image\/"}},{"@type":"Person","@id":"https:\/\/jornalfatosenoticias.com.br\/#\/schema\/person\/d63837fa13ac8666eb9e74e0985d6f81","name":"Luzimara Fernandes","image":{"@type":"ImageObject","inLanguage":"pt-BR","@id":"https:\/\/jornalfatosenoticias.com.br\/#\/schema\/person\/image\/","url":"https:\/\/jornalfatosenoticias.com.br\/wp-content\/uploads\/2025\/05\/EU_portal.jpg","contentUrl":"https:\/\/jornalfatosenoticias.com.br\/wp-content\/uploads\/2025\/05\/EU_portal.jpg","caption":"Luzimara Fernandes"},"description":"Jornalista MTB 2358-ES","sameAs":["https:\/\/jornalfatosenoticias.com.br"],"url":"https:\/\/jornalfatosenoticias.com.br\/index.php\/author\/luzimara\/"}]}},"cc_featured_image_caption":{"caption_text":"(Foto: Governo do Peru) ","source_text":"","source_url":""},"jetpack_featured_media_url":"https:\/\/jornalfatosenoticias.com.br\/wp-content\/uploads\/2022\/01\/vazamento-de-oleo-Peru.jpg","_links":{"self":[{"href":"https:\/\/jornalfatosenoticias.com.br\/index.php\/wp-json\/wp\/v2\/posts\/27158","targetHints":{"allow":["GET"]}}],"collection":[{"href":"https:\/\/jornalfatosenoticias.com.br\/index.php\/wp-json\/wp\/v2\/posts"}],"about":[{"href":"https:\/\/jornalfatosenoticias.com.br\/index.php\/wp-json\/wp\/v2\/types\/post"}],"author":[{"embeddable":true,"href":"https:\/\/jornalfatosenoticias.com.br\/index.php\/wp-json\/wp\/v2\/users\/2"}],"replies":[{"embeddable":true,"href":"https:\/\/jornalfatosenoticias.com.br\/index.php\/wp-json\/wp\/v2\/comments?post=27158"}],"version-history":[{"count":0,"href":"https:\/\/jornalfatosenoticias.com.br\/index.php\/wp-json\/wp\/v2\/posts\/27158\/revisions"}],"wp:featuredmedia":[{"embeddable":true,"href":"https:\/\/jornalfatosenoticias.com.br\/index.php\/wp-json\/wp\/v2\/media\/27162"}],"wp:attachment":[{"href":"https:\/\/jornalfatosenoticias.com.br\/index.php\/wp-json\/wp\/v2\/media?parent=27158"}],"wp:term":[{"taxonomy":"category","embeddable":true,"href":"https:\/\/jornalfatosenoticias.com.br\/index.php\/wp-json\/wp\/v2\/categories?post=27158"},{"taxonomy":"post_tag","embeddable":true,"href":"https:\/\/jornalfatosenoticias.com.br\/index.php\/wp-json\/wp\/v2\/tags?post=27158"}],"curies":[{"name":"wp","href":"https:\/\/api.w.org\/{rel}","templated":true}]}}