{"id":27171,"date":"2022-01-25T12:14:16","date_gmt":"2022-01-25T15:14:16","guid":{"rendered":"https:\/\/jornalfatosenoticias.com.br\/?p=27171"},"modified":"2022-01-25T12:14:18","modified_gmt":"2022-01-25T15:14:18","slug":"nova-especie-de-jararaca-e-descoberta-por-pesquisadores-da-paraiba","status":"publish","type":"post","link":"https:\/\/jornalfatosenoticias.com.br\/index.php\/2022\/01\/25\/nova-especie-de-jararaca-e-descoberta-por-pesquisadores-da-paraiba\/","title":{"rendered":"Nova esp\u00e9cie de jararaca \u00e9 descoberta por pesquisadores da Para\u00edba"},"content":{"rendered":"\n<p>Pesquisadores da Universidade Federal de Campina Grande (UFCG), na <a href=\"https:\/\/olhardigital.com.br\/2021\/06\/18\/videos\/meteoro-azulado-ilumina-o-ceu-de-tres-estados-do-nordeste\/\" target=\"_blank\" rel=\"noreferrer noopener\">Para\u00edba<\/a>, em parceria com cientistas de outras institui\u00e7\u00f5es do\u00a0<a href=\"https:\/\/olhardigital.com.br\/2022\/01\/24\/pro\/google-vai-abrir-200-vagas-de-engenharia-ate-2023-no-brasil\/\" target=\"_blank\" rel=\"noreferrer noopener\">Brasil<\/a>, anunciaram a descoberta de uma nova esp\u00e9cie de jararaca. O estudo foi publicado na \u00faltima ter\u00e7a-feira (18) pela Canadian Science Publishing, a maior editora canadense de peri\u00f3dicos cient\u00edficos internacionais.<br>De nome cient\u00edfico Bothrops jabrensis, a agora conhecida como jararaca-do-jabre foi encontrada em 2016, durante pesquisa de campo de uma equipe do Laborat\u00f3rio de Herpetologia da UFCG sobre a biodiversidade de anf\u00edbios e r\u00e9pteis no Pico do Jabre, ponto culminante da Para\u00edba, com 1.197 metros de altitude, que fica no munic\u00edpio de Matureia.<br>\u201cAchamos o encontro da esp\u00e9cie inusitado, pois foi encontrada na vegeta\u00e7\u00e3o. Entramos em contato com um amigo, Marco Ant\u00f4nio Freitas, do Instituto Chico Mendes de Conserva\u00e7\u00e3o da Biodiversidade (ICMBio), que \u00e9 especialista em jararacas, e ele imediatamente reconheceu que estes indiv\u00edduos eram diferentes de outras esp\u00e9cies brasileiras e, a partir da\u00ed, entramos em contato com Fausto Barbo e Felipe Grazziotin, especialistas em jararacas do <a href=\"https:\/\/olhardigital.com.br\/2021\/11\/08\/coronavirus\/butantan-e-anvisa-discutem-uso-da-coronavac-em-criancas\/\" target=\"_blank\" rel=\"noreferrer noopener\">Instituto Butantan<\/a>, e com Gentil Pereira, especialista em taxonomia de serpentes da Universidade Federal da Para\u00edba (UFPB). Foi quando come\u00e7amos o desenvolvimento da escrita do trabalho\u201d, explica o professor Marcelo Kokubum, em entrevista ao site Para\u00edba Online.<\/p>\n\n\n\n<p><strong><span class=\"has-inline-color has-black-color\">Instituto Butantan confirma nova esp\u00e9cie de jararaca<br><\/span><\/strong>Segundo ele, a esp\u00e9cie \u00e9 distingu\u00edvel morfologicamente principalmente pelo n\u00famero de escamas e pela colora\u00e7\u00e3o. Tamb\u00e9m apresenta h\u00e1bitos arbor\u00edcolas (vive em \u00e1rvores) e est\u00e1 presente em uma localidade longe das demais esp\u00e9cies mais relacionadas (esp\u00e9cies-irm\u00e3s) de jararacas de ambientes florestais.<\/p>\n\n\n\n<figure class=\"wp-block-image size-large\"><img loading=\"lazy\" decoding=\"async\" width=\"1000\" height=\"666\" src=\"https:\/\/jornalfatosenoticias.com.br\/wp-content\/uploads\/2022\/01\/Jararaca-Bothrops-jabrensis_Foto-Marco-Freitas-2.jpg\" alt=\"\" class=\"wp-image-27172\" srcset=\"https:\/\/jornalfatosenoticias.com.br\/wp-content\/uploads\/2022\/01\/Jararaca-Bothrops-jabrensis_Foto-Marco-Freitas-2.jpg 1000w, https:\/\/jornalfatosenoticias.com.br\/wp-content\/uploads\/2022\/01\/Jararaca-Bothrops-jabrensis_Foto-Marco-Freitas-2-300x200.jpg 300w, https:\/\/jornalfatosenoticias.com.br\/wp-content\/uploads\/2022\/01\/Jararaca-Bothrops-jabrensis_Foto-Marco-Freitas-2-768x511.jpg 768w\" sizes=\"auto, (max-width: 1000px) 100vw, 1000px\" \/><figcaption><em><span class=\"has-inline-color has-black-color\">A descoberta da B. jabrensis revelou um novo cap\u00edtulo na hist\u00f3ria evolutiva das jararacas (Foto: Marcos Freitas\/O Eco)<\/span><\/em><\/figcaption><\/figure>\n\n\n\n<p>Ap\u00f3s an\u00e1lise molecular, realizada no Butantan, que apontou uma forte diferencia\u00e7\u00e3o <a href=\"https:\/\/olhardigital.com.br\/2021\/09\/17\/medicina-e-saude\/hiv-fda-autoriza-pesquisa-inedita-com-medicacao-genetica-para-o-tratamento\/\" target=\"_blank\" rel=\"noreferrer noopener\">gen\u00e9tica<\/a> da nova esp\u00e9cie em rela\u00e7\u00e3o \u00e0s outras jararacas, veio a confirma\u00e7\u00e3o, revelando a exist\u00eancia de uma linhagem filogen\u00e9tica anteriormente desconhecida que vem evoluindo como uma unidade independente h\u00e1 mais de oito milh\u00f5es de anos.<\/p>\n\n\n\n<blockquote class=\"wp-block-quote is-layout-flow wp-block-quote-is-layout-flow\"><p><span class=\"has-inline-color has-luminous-vivid-orange-color\">\u201cEste estudo fortalece a import\u00e2ncia da pesquisa cient\u00edfica para o conhecimento da biodiversidade da fauna e da flora da nossa Caatinga, uma vez que muitas novas esp\u00e9cies de organismos, incluindo poss\u00edveis f\u00e1rmacos ou subst\u00e2ncias, podem ser encontradas. Revela, tamb\u00e9m, a import\u00e2ncia do financiamento cient\u00edfico. \u00c0 \u00e9poca, tanto os alunos dos projetos de Inicia\u00e7\u00e3o Cient\u00edfica (\u00cdtalo T\u00e1rsis de Sousa e Jos\u00e9 Henrique Lima) quanto da p\u00f3s-gradua\u00e7\u00e3o (Claudenice de Arruda e Ingrid Henriques) tinham bolsas para fazer pesquisa e eles foram fundamentais nessa descoberta\u201d, destacou Kokubum.<\/span><\/p><\/blockquote>\n\n\n\n<p>Para o pesquisador, isso chama a aten\u00e7\u00e3o para a import\u00e2ncia da preserva\u00e7\u00e3o da biodiversidade na regi\u00e3o. \u201cComo outros enclaves de floresta \u00famida da Caatinga, o Pico do Jabre \u00e9 constantemente amea\u00e7ado por ca\u00e7a e queimadas ilegais, desmatamento para fins agr\u00edcolas e extra\u00e7\u00e3o ilegal de madeira\u201d, disse Kokubum. \u201cA distribui\u00e7\u00e3o restrita da jararaca-do-jabre sugere fortemente que esta esp\u00e9cie, rec\u00e9m-descoberta, j\u00e1 est\u00e1 criticamente amea\u00e7ada e provavelmente est\u00e1 se aproximando da extin\u00e7\u00e3o como uma popula\u00e7\u00e3o natural\u201d.<\/p>\n\n\n\n<p><strong><em>Fonte: <a href=\"https:\/\/olhardigital.com.br\/2022\/01\/24\/ciencia-e-espaco\/nova-especie-de-jararaca-e-descoberta-por-pesquisadores-da-paraiba\/\">Olhar Digital<\/a><\/em><\/strong><\/p>\n","protected":false},"excerpt":{"rendered":"<p>Pesquisadores da Universidade Federal de Campina Grande (UFCG), na Para\u00edba, em parceria com cientistas de outras institui\u00e7\u00f5es do\u00a0Brasil, anunciaram a descoberta de uma nova esp\u00e9cie de jararaca. O estudo foi publicado na \u00faltima ter\u00e7a-feira (18) pela Canadian Science Publishing, a maior editora canadense de peri\u00f3dicos cient\u00edficos internacionais.De nome cient\u00edfico Bothrops jabrensis, a agora conhecida como [&hellip;]<\/p>\n","protected":false},"author":2,"featured_media":27173,"comment_status":"open","ping_status":"open","sticky":false,"template":"","format":"standard","meta":{"footnotes":""},"categories":[2],"tags":[3697,2365,13035,594,2051],"class_list":["post-27171","post","type-post","status-publish","format-standard","has-post-thumbnail","hentry","category-ciencia","tag-cobras","tag-instituto-butantan","tag-jararaca","tag-nova-especie","tag-serpente"],"yoast_head":"<!-- This site is optimized with the Yoast SEO plugin v26.5 - https:\/\/yoast.com\/wordpress\/plugins\/seo\/ -->\n<title>Nova esp\u00e9cie de jararaca \u00e9 descoberta por pesquisadores da Para\u00edba - Jornal Fatos e Not\u00edcias<\/title>\n<meta name=\"robots\" content=\"index, follow, max-snippet:-1, max-image-preview:large, max-video-preview:-1\" \/>\n<link rel=\"canonical\" href=\"https:\/\/jornalfatosenoticias.com.br\/index.php\/2022\/01\/25\/nova-especie-de-jararaca-e-descoberta-por-pesquisadores-da-paraiba\/\" \/>\n<meta property=\"og:locale\" content=\"pt_BR\" \/>\n<meta property=\"og:type\" content=\"article\" \/>\n<meta property=\"og:title\" content=\"Nova esp\u00e9cie de jararaca \u00e9 descoberta por pesquisadores da Para\u00edba - Jornal Fatos e Not\u00edcias\" \/>\n<meta property=\"og:description\" content=\"Pesquisadores da Universidade Federal de Campina Grande (UFCG), na Para\u00edba, em parceria com cientistas de outras institui\u00e7\u00f5es do\u00a0Brasil, anunciaram a descoberta de uma nova esp\u00e9cie de jararaca. O estudo foi publicado na \u00faltima ter\u00e7a-feira (18) pela Canadian Science Publishing, a maior editora canadense de peri\u00f3dicos cient\u00edficos internacionais.De nome cient\u00edfico Bothrops jabrensis, a agora conhecida como [&hellip;]\" \/>\n<meta property=\"og:url\" content=\"https:\/\/jornalfatosenoticias.com.br\/index.php\/2022\/01\/25\/nova-especie-de-jararaca-e-descoberta-por-pesquisadores-da-paraiba\/\" \/>\n<meta property=\"og:site_name\" content=\"Jornal Fatos e Not\u00edcias\" \/>\n<meta property=\"article:published_time\" content=\"2022-01-25T15:14:16+00:00\" \/>\n<meta property=\"article:modified_time\" content=\"2022-01-25T15:14:18+00:00\" \/>\n<meta property=\"og:image\" content=\"https:\/\/jornalfatosenoticias.com.br\/wp-content\/uploads\/2022\/01\/jararaca-1.jpg\" \/>\n\t<meta property=\"og:image:width\" content=\"1000\" \/>\n\t<meta property=\"og:image:height\" content=\"562\" \/>\n\t<meta property=\"og:image:type\" content=\"image\/jpeg\" \/>\n<meta name=\"author\" content=\"Luzimara Fernandes\" \/>\n<meta name=\"twitter:card\" content=\"summary_large_image\" \/>\n<meta name=\"twitter:label1\" content=\"Escrito por\" \/>\n\t<meta name=\"twitter:data1\" content=\"Luzimara Fernandes\" \/>\n\t<meta name=\"twitter:label2\" content=\"Est. tempo de leitura\" \/>\n\t<meta name=\"twitter:data2\" content=\"3 minutos\" \/>\n<script type=\"application\/ld+json\" class=\"yoast-schema-graph\">{\"@context\":\"https:\/\/schema.org\",\"@graph\":[{\"@type\":\"Article\",\"@id\":\"https:\/\/jornalfatosenoticias.com.br\/index.php\/2022\/01\/25\/nova-especie-de-jararaca-e-descoberta-por-pesquisadores-da-paraiba\/#article\",\"isPartOf\":{\"@id\":\"https:\/\/jornalfatosenoticias.com.br\/index.php\/2022\/01\/25\/nova-especie-de-jararaca-e-descoberta-por-pesquisadores-da-paraiba\/\"},\"author\":{\"name\":\"Luzimara Fernandes\",\"@id\":\"https:\/\/jornalfatosenoticias.com.br\/#\/schema\/person\/d63837fa13ac8666eb9e74e0985d6f81\"},\"headline\":\"Nova esp\u00e9cie de jararaca \u00e9 descoberta por pesquisadores da Para\u00edba\",\"datePublished\":\"2022-01-25T15:14:16+00:00\",\"dateModified\":\"2022-01-25T15:14:18+00:00\",\"mainEntityOfPage\":{\"@id\":\"https:\/\/jornalfatosenoticias.com.br\/index.php\/2022\/01\/25\/nova-especie-de-jararaca-e-descoberta-por-pesquisadores-da-paraiba\/\"},\"wordCount\":550,\"commentCount\":0,\"publisher\":{\"@id\":\"https:\/\/jornalfatosenoticias.com.br\/#organization\"},\"image\":{\"@id\":\"https:\/\/jornalfatosenoticias.com.br\/index.php\/2022\/01\/25\/nova-especie-de-jararaca-e-descoberta-por-pesquisadores-da-paraiba\/#primaryimage\"},\"thumbnailUrl\":\"https:\/\/jornalfatosenoticias.com.br\/wp-content\/uploads\/2022\/01\/jararaca-1.jpg\",\"keywords\":[\"cobras\",\"Instituto Butantan\",\"jararaca\",\"nova esp\u00e9cie\",\"serpente\"],\"articleSection\":[\"Ci\u00eancia\"],\"inLanguage\":\"pt-BR\",\"potentialAction\":[{\"@type\":\"CommentAction\",\"name\":\"Comment\",\"target\":[\"https:\/\/jornalfatosenoticias.com.br\/index.php\/2022\/01\/25\/nova-especie-de-jararaca-e-descoberta-por-pesquisadores-da-paraiba\/#respond\"]}]},{\"@type\":\"WebPage\",\"@id\":\"https:\/\/jornalfatosenoticias.com.br\/index.php\/2022\/01\/25\/nova-especie-de-jararaca-e-descoberta-por-pesquisadores-da-paraiba\/\",\"url\":\"https:\/\/jornalfatosenoticias.com.br\/index.php\/2022\/01\/25\/nova-especie-de-jararaca-e-descoberta-por-pesquisadores-da-paraiba\/\",\"name\":\"Nova esp\u00e9cie de jararaca \u00e9 descoberta por pesquisadores da Para\u00edba - Jornal Fatos e Not\u00edcias\",\"isPartOf\":{\"@id\":\"https:\/\/jornalfatosenoticias.com.br\/#website\"},\"primaryImageOfPage\":{\"@id\":\"https:\/\/jornalfatosenoticias.com.br\/index.php\/2022\/01\/25\/nova-especie-de-jararaca-e-descoberta-por-pesquisadores-da-paraiba\/#primaryimage\"},\"image\":{\"@id\":\"https:\/\/jornalfatosenoticias.com.br\/index.php\/2022\/01\/25\/nova-especie-de-jararaca-e-descoberta-por-pesquisadores-da-paraiba\/#primaryimage\"},\"thumbnailUrl\":\"https:\/\/jornalfatosenoticias.com.br\/wp-content\/uploads\/2022\/01\/jararaca-1.jpg\",\"datePublished\":\"2022-01-25T15:14:16+00:00\",\"dateModified\":\"2022-01-25T15:14:18+00:00\",\"breadcrumb\":{\"@id\":\"https:\/\/jornalfatosenoticias.com.br\/index.php\/2022\/01\/25\/nova-especie-de-jararaca-e-descoberta-por-pesquisadores-da-paraiba\/#breadcrumb\"},\"inLanguage\":\"pt-BR\",\"potentialAction\":[{\"@type\":\"ReadAction\",\"target\":[\"https:\/\/jornalfatosenoticias.com.br\/index.php\/2022\/01\/25\/nova-especie-de-jararaca-e-descoberta-por-pesquisadores-da-paraiba\/\"]}]},{\"@type\":\"ImageObject\",\"inLanguage\":\"pt-BR\",\"@id\":\"https:\/\/jornalfatosenoticias.com.br\/index.php\/2022\/01\/25\/nova-especie-de-jararaca-e-descoberta-por-pesquisadores-da-paraiba\/#primaryimage\",\"url\":\"https:\/\/jornalfatosenoticias.com.br\/wp-content\/uploads\/2022\/01\/jararaca-1.jpg\",\"contentUrl\":\"https:\/\/jornalfatosenoticias.com.br\/wp-content\/uploads\/2022\/01\/jararaca-1.jpg\",\"width\":1000,\"height\":562},{\"@type\":\"BreadcrumbList\",\"@id\":\"https:\/\/jornalfatosenoticias.com.br\/index.php\/2022\/01\/25\/nova-especie-de-jararaca-e-descoberta-por-pesquisadores-da-paraiba\/#breadcrumb\",\"itemListElement\":[{\"@type\":\"ListItem\",\"position\":1,\"name\":\"In\u00edcio\",\"item\":\"https:\/\/jornalfatosenoticias.com.br\/\"},{\"@type\":\"ListItem\",\"position\":2,\"name\":\"Nova esp\u00e9cie de jararaca \u00e9 descoberta por pesquisadores da Para\u00edba\"}]},{\"@type\":\"WebSite\",\"@id\":\"https:\/\/jornalfatosenoticias.com.br\/#website\",\"url\":\"https:\/\/jornalfatosenoticias.com.br\/\",\"name\":\"Jornal Fatos e Not\u00edcias\",\"description\":\"Not\u00edcias em geral\",\"publisher\":{\"@id\":\"https:\/\/jornalfatosenoticias.com.br\/#organization\"},\"potentialAction\":[{\"@type\":\"SearchAction\",\"target\":{\"@type\":\"EntryPoint\",\"urlTemplate\":\"https:\/\/jornalfatosenoticias.com.br\/?s={search_term_string}\"},\"query-input\":{\"@type\":\"PropertyValueSpecification\",\"valueRequired\":true,\"valueName\":\"search_term_string\"}}],\"inLanguage\":\"pt-BR\"},{\"@type\":\"Organization\",\"@id\":\"https:\/\/jornalfatosenoticias.com.br\/#organization\",\"name\":\"Jornal Fatos e Not\u00edcias\",\"url\":\"https:\/\/jornalfatosenoticias.com.br\/\",\"logo\":{\"@type\":\"ImageObject\",\"inLanguage\":\"pt-BR\",\"@id\":\"https:\/\/jornalfatosenoticias.com.br\/#\/schema\/logo\/image\/\",\"url\":\"https:\/\/jornalfatosenoticias.com.br\/wp-content\/uploads\/2020\/02\/logo120.png\",\"contentUrl\":\"https:\/\/jornalfatosenoticias.com.br\/wp-content\/uploads\/2020\/02\/logo120.png\",\"width\":1227,\"height\":120,\"caption\":\"Jornal Fatos e Not\u00edcias\"},\"image\":{\"@id\":\"https:\/\/jornalfatosenoticias.com.br\/#\/schema\/logo\/image\/\"}},{\"@type\":\"Person\",\"@id\":\"https:\/\/jornalfatosenoticias.com.br\/#\/schema\/person\/d63837fa13ac8666eb9e74e0985d6f81\",\"name\":\"Luzimara Fernandes\",\"image\":{\"@type\":\"ImageObject\",\"inLanguage\":\"pt-BR\",\"@id\":\"https:\/\/jornalfatosenoticias.com.br\/#\/schema\/person\/image\/\",\"url\":\"https:\/\/jornalfatosenoticias.com.br\/wp-content\/uploads\/2025\/05\/EU_portal.jpg\",\"contentUrl\":\"https:\/\/jornalfatosenoticias.com.br\/wp-content\/uploads\/2025\/05\/EU_portal.jpg\",\"caption\":\"Luzimara Fernandes\"},\"description\":\"Jornalista MTB 2358-ES\",\"sameAs\":[\"https:\/\/jornalfatosenoticias.com.br\"],\"url\":\"https:\/\/jornalfatosenoticias.com.br\/index.php\/author\/luzimara\/\"}]}<\/script>\n<!-- \/ Yoast SEO plugin. -->","yoast_head_json":{"title":"Nova esp\u00e9cie de jararaca \u00e9 descoberta por pesquisadores da Para\u00edba - Jornal Fatos e Not\u00edcias","robots":{"index":"index","follow":"follow","max-snippet":"max-snippet:-1","max-image-preview":"max-image-preview:large","max-video-preview":"max-video-preview:-1"},"canonical":"https:\/\/jornalfatosenoticias.com.br\/index.php\/2022\/01\/25\/nova-especie-de-jararaca-e-descoberta-por-pesquisadores-da-paraiba\/","og_locale":"pt_BR","og_type":"article","og_title":"Nova esp\u00e9cie de jararaca \u00e9 descoberta por pesquisadores da Para\u00edba - Jornal Fatos e Not\u00edcias","og_description":"Pesquisadores da Universidade Federal de Campina Grande (UFCG), na Para\u00edba, em parceria com cientistas de outras institui\u00e7\u00f5es do\u00a0Brasil, anunciaram a descoberta de uma nova esp\u00e9cie de jararaca. O estudo foi publicado na \u00faltima ter\u00e7a-feira (18) pela Canadian Science Publishing, a maior editora canadense de peri\u00f3dicos cient\u00edficos internacionais.De nome cient\u00edfico Bothrops jabrensis, a agora conhecida como [&hellip;]","og_url":"https:\/\/jornalfatosenoticias.com.br\/index.php\/2022\/01\/25\/nova-especie-de-jararaca-e-descoberta-por-pesquisadores-da-paraiba\/","og_site_name":"Jornal Fatos e Not\u00edcias","article_published_time":"2022-01-25T15:14:16+00:00","article_modified_time":"2022-01-25T15:14:18+00:00","og_image":[{"width":1000,"height":562,"url":"https:\/\/jornalfatosenoticias.com.br\/wp-content\/uploads\/2022\/01\/jararaca-1.jpg","type":"image\/jpeg"}],"author":"Luzimara Fernandes","twitter_card":"summary_large_image","twitter_misc":{"Escrito por":"Luzimara Fernandes","Est. tempo de leitura":"3 minutos"},"schema":{"@context":"https:\/\/schema.org","@graph":[{"@type":"Article","@id":"https:\/\/jornalfatosenoticias.com.br\/index.php\/2022\/01\/25\/nova-especie-de-jararaca-e-descoberta-por-pesquisadores-da-paraiba\/#article","isPartOf":{"@id":"https:\/\/jornalfatosenoticias.com.br\/index.php\/2022\/01\/25\/nova-especie-de-jararaca-e-descoberta-por-pesquisadores-da-paraiba\/"},"author":{"name":"Luzimara Fernandes","@id":"https:\/\/jornalfatosenoticias.com.br\/#\/schema\/person\/d63837fa13ac8666eb9e74e0985d6f81"},"headline":"Nova esp\u00e9cie de jararaca \u00e9 descoberta por pesquisadores da Para\u00edba","datePublished":"2022-01-25T15:14:16+00:00","dateModified":"2022-01-25T15:14:18+00:00","mainEntityOfPage":{"@id":"https:\/\/jornalfatosenoticias.com.br\/index.php\/2022\/01\/25\/nova-especie-de-jararaca-e-descoberta-por-pesquisadores-da-paraiba\/"},"wordCount":550,"commentCount":0,"publisher":{"@id":"https:\/\/jornalfatosenoticias.com.br\/#organization"},"image":{"@id":"https:\/\/jornalfatosenoticias.com.br\/index.php\/2022\/01\/25\/nova-especie-de-jararaca-e-descoberta-por-pesquisadores-da-paraiba\/#primaryimage"},"thumbnailUrl":"https:\/\/jornalfatosenoticias.com.br\/wp-content\/uploads\/2022\/01\/jararaca-1.jpg","keywords":["cobras","Instituto Butantan","jararaca","nova esp\u00e9cie","serpente"],"articleSection":["Ci\u00eancia"],"inLanguage":"pt-BR","potentialAction":[{"@type":"CommentAction","name":"Comment","target":["https:\/\/jornalfatosenoticias.com.br\/index.php\/2022\/01\/25\/nova-especie-de-jararaca-e-descoberta-por-pesquisadores-da-paraiba\/#respond"]}]},{"@type":"WebPage","@id":"https:\/\/jornalfatosenoticias.com.br\/index.php\/2022\/01\/25\/nova-especie-de-jararaca-e-descoberta-por-pesquisadores-da-paraiba\/","url":"https:\/\/jornalfatosenoticias.com.br\/index.php\/2022\/01\/25\/nova-especie-de-jararaca-e-descoberta-por-pesquisadores-da-paraiba\/","name":"Nova esp\u00e9cie de jararaca \u00e9 descoberta por pesquisadores da Para\u00edba - Jornal Fatos e Not\u00edcias","isPartOf":{"@id":"https:\/\/jornalfatosenoticias.com.br\/#website"},"primaryImageOfPage":{"@id":"https:\/\/jornalfatosenoticias.com.br\/index.php\/2022\/01\/25\/nova-especie-de-jararaca-e-descoberta-por-pesquisadores-da-paraiba\/#primaryimage"},"image":{"@id":"https:\/\/jornalfatosenoticias.com.br\/index.php\/2022\/01\/25\/nova-especie-de-jararaca-e-descoberta-por-pesquisadores-da-paraiba\/#primaryimage"},"thumbnailUrl":"https:\/\/jornalfatosenoticias.com.br\/wp-content\/uploads\/2022\/01\/jararaca-1.jpg","datePublished":"2022-01-25T15:14:16+00:00","dateModified":"2022-01-25T15:14:18+00:00","breadcrumb":{"@id":"https:\/\/jornalfatosenoticias.com.br\/index.php\/2022\/01\/25\/nova-especie-de-jararaca-e-descoberta-por-pesquisadores-da-paraiba\/#breadcrumb"},"inLanguage":"pt-BR","potentialAction":[{"@type":"ReadAction","target":["https:\/\/jornalfatosenoticias.com.br\/index.php\/2022\/01\/25\/nova-especie-de-jararaca-e-descoberta-por-pesquisadores-da-paraiba\/"]}]},{"@type":"ImageObject","inLanguage":"pt-BR","@id":"https:\/\/jornalfatosenoticias.com.br\/index.php\/2022\/01\/25\/nova-especie-de-jararaca-e-descoberta-por-pesquisadores-da-paraiba\/#primaryimage","url":"https:\/\/jornalfatosenoticias.com.br\/wp-content\/uploads\/2022\/01\/jararaca-1.jpg","contentUrl":"https:\/\/jornalfatosenoticias.com.br\/wp-content\/uploads\/2022\/01\/jararaca-1.jpg","width":1000,"height":562},{"@type":"BreadcrumbList","@id":"https:\/\/jornalfatosenoticias.com.br\/index.php\/2022\/01\/25\/nova-especie-de-jararaca-e-descoberta-por-pesquisadores-da-paraiba\/#breadcrumb","itemListElement":[{"@type":"ListItem","position":1,"name":"In\u00edcio","item":"https:\/\/jornalfatosenoticias.com.br\/"},{"@type":"ListItem","position":2,"name":"Nova esp\u00e9cie de jararaca \u00e9 descoberta por pesquisadores da Para\u00edba"}]},{"@type":"WebSite","@id":"https:\/\/jornalfatosenoticias.com.br\/#website","url":"https:\/\/jornalfatosenoticias.com.br\/","name":"Jornal Fatos e Not\u00edcias","description":"Not\u00edcias em geral","publisher":{"@id":"https:\/\/jornalfatosenoticias.com.br\/#organization"},"potentialAction":[{"@type":"SearchAction","target":{"@type":"EntryPoint","urlTemplate":"https:\/\/jornalfatosenoticias.com.br\/?s={search_term_string}"},"query-input":{"@type":"PropertyValueSpecification","valueRequired":true,"valueName":"search_term_string"}}],"inLanguage":"pt-BR"},{"@type":"Organization","@id":"https:\/\/jornalfatosenoticias.com.br\/#organization","name":"Jornal Fatos e Not\u00edcias","url":"https:\/\/jornalfatosenoticias.com.br\/","logo":{"@type":"ImageObject","inLanguage":"pt-BR","@id":"https:\/\/jornalfatosenoticias.com.br\/#\/schema\/logo\/image\/","url":"https:\/\/jornalfatosenoticias.com.br\/wp-content\/uploads\/2020\/02\/logo120.png","contentUrl":"https:\/\/jornalfatosenoticias.com.br\/wp-content\/uploads\/2020\/02\/logo120.png","width":1227,"height":120,"caption":"Jornal Fatos e Not\u00edcias"},"image":{"@id":"https:\/\/jornalfatosenoticias.com.br\/#\/schema\/logo\/image\/"}},{"@type":"Person","@id":"https:\/\/jornalfatosenoticias.com.br\/#\/schema\/person\/d63837fa13ac8666eb9e74e0985d6f81","name":"Luzimara Fernandes","image":{"@type":"ImageObject","inLanguage":"pt-BR","@id":"https:\/\/jornalfatosenoticias.com.br\/#\/schema\/person\/image\/","url":"https:\/\/jornalfatosenoticias.com.br\/wp-content\/uploads\/2025\/05\/EU_portal.jpg","contentUrl":"https:\/\/jornalfatosenoticias.com.br\/wp-content\/uploads\/2025\/05\/EU_portal.jpg","caption":"Luzimara Fernandes"},"description":"Jornalista MTB 2358-ES","sameAs":["https:\/\/jornalfatosenoticias.com.br"],"url":"https:\/\/jornalfatosenoticias.com.br\/index.php\/author\/luzimara\/"}]}},"cc_featured_image_caption":{"caption_text":"(Foto: Olhar Digital) ","source_text":"","source_url":""},"jetpack_featured_media_url":"https:\/\/jornalfatosenoticias.com.br\/wp-content\/uploads\/2022\/01\/jararaca-1.jpg","_links":{"self":[{"href":"https:\/\/jornalfatosenoticias.com.br\/index.php\/wp-json\/wp\/v2\/posts\/27171","targetHints":{"allow":["GET"]}}],"collection":[{"href":"https:\/\/jornalfatosenoticias.com.br\/index.php\/wp-json\/wp\/v2\/posts"}],"about":[{"href":"https:\/\/jornalfatosenoticias.com.br\/index.php\/wp-json\/wp\/v2\/types\/post"}],"author":[{"embeddable":true,"href":"https:\/\/jornalfatosenoticias.com.br\/index.php\/wp-json\/wp\/v2\/users\/2"}],"replies":[{"embeddable":true,"href":"https:\/\/jornalfatosenoticias.com.br\/index.php\/wp-json\/wp\/v2\/comments?post=27171"}],"version-history":[{"count":0,"href":"https:\/\/jornalfatosenoticias.com.br\/index.php\/wp-json\/wp\/v2\/posts\/27171\/revisions"}],"wp:featuredmedia":[{"embeddable":true,"href":"https:\/\/jornalfatosenoticias.com.br\/index.php\/wp-json\/wp\/v2\/media\/27173"}],"wp:attachment":[{"href":"https:\/\/jornalfatosenoticias.com.br\/index.php\/wp-json\/wp\/v2\/media?parent=27171"}],"wp:term":[{"taxonomy":"category","embeddable":true,"href":"https:\/\/jornalfatosenoticias.com.br\/index.php\/wp-json\/wp\/v2\/categories?post=27171"},{"taxonomy":"post_tag","embeddable":true,"href":"https:\/\/jornalfatosenoticias.com.br\/index.php\/wp-json\/wp\/v2\/tags?post=27171"}],"curies":[{"name":"wp","href":"https:\/\/api.w.org\/{rel}","templated":true}]}}