{"id":27198,"date":"2022-01-26T10:08:24","date_gmt":"2022-01-26T13:08:24","guid":{"rendered":"https:\/\/jornalfatosenoticias.com.br\/?p=27198"},"modified":"2022-01-26T10:08:26","modified_gmt":"2022-01-26T13:08:26","slug":"criancas-que-protegem-os-manguezais-amazonicos","status":"publish","type":"post","link":"https:\/\/jornalfatosenoticias.com.br\/index.php\/2022\/01\/26\/criancas-que-protegem-os-manguezais-amazonicos\/","title":{"rendered":"Crian\u00e7as que protegem os manguezais amaz\u00f4nicos"},"content":{"rendered":"\n<p><em><span class=\"has-inline-color has-black-color\">A\u00e7\u00f5es socioambientais educativas se aliam ao reflorestamento de \u00e1reas degradadas na costa do Par\u00e1 e conscientizam os mais novos a serem defensores do meio ambiente<\/span><\/em><\/p>\n\n\n\n<p>A maior faixa cont\u00ednua de manguezais do planeta, com cerca de oito mil quil\u00f4metros, est\u00e1 localizada na zona costeira do Amap\u00e1, Par\u00e1 e Maranh\u00e3o e as novas gera\u00e7\u00f5es representam um fator estrat\u00e9gico para a conserva\u00e7\u00e3o e o uso sustent\u00e1vel desse patrim\u00f4nio. \u201cElas ser\u00e3o os futuros guardi\u00f5es do meio ambiente e constituem o melhor caminho para as mensagens chegarem aos pais, provocando reflex\u00f5es e mudan\u00e7as de comportamento\u201d, afirma Aila Freitas, educadora ambiental do Projeto Mangues da Amaz\u00f4nia, iniciativa que desenvolve a\u00e7\u00f5es pedag\u00f3gicas de refor\u00e7o e complementares ao curr\u00edculo escolar em comunidades de reservas extrativistas que utilizam os manguezais como meio de sustento, incluindo a extra\u00e7\u00e3o de caranguejo e a pesca.<br>O projeto \u00e9 realizado pelo Instituto Peabiru e Associa\u00e7\u00e3o Sarambu\u00ed, com apoio do Laborat\u00f3rio de Ecologia de Manguezal (LAMA), da Universidade Federal do Par\u00e1 (UFPA) e patroc\u00ednio da Petrobras. As atividades abrangem diferentes faixas de idade desde o in\u00edcio da vida escolar.<\/p>\n\n\n\n<p><strong><span class=\"has-inline-color has-black-color\">Conviver com harmonia<br><\/span><\/strong>Na Escola Municipal Brasiliano Fel\u00edcio da Silva, na comunidade de Tamatateua, em Bragan\u00e7a, PA, o Clube do Recreio, voltado a crian\u00e7as de tr\u00eas a seis anos, realiza atividades l\u00fadicas na l\u00f3gica de \u201caprender brincando\u201d. Cartilhas sobre os manguezais foram especialmente produzidas para as atividades, com linguagem simples, cores e desenhos, abrangendo inicialmente 163 crian\u00e7as de duas comunidades.<\/p>\n\n\n\n<figure class=\"wp-block-image size-large\"><img loading=\"lazy\" decoding=\"async\" width=\"1000\" height=\"450\" src=\"https:\/\/jornalfatosenoticias.com.br\/wp-content\/uploads\/2022\/01\/Aula-sobre-a-fauna-que-vive-nos-mangues-Projeto-Mangues-da-Amazonia-2.jpg\" alt=\"\" class=\"wp-image-27199\" srcset=\"https:\/\/jornalfatosenoticias.com.br\/wp-content\/uploads\/2022\/01\/Aula-sobre-a-fauna-que-vive-nos-mangues-Projeto-Mangues-da-Amazonia-2.jpg 1000w, https:\/\/jornalfatosenoticias.com.br\/wp-content\/uploads\/2022\/01\/Aula-sobre-a-fauna-que-vive-nos-mangues-Projeto-Mangues-da-Amazonia-2-300x135.jpg 300w, https:\/\/jornalfatosenoticias.com.br\/wp-content\/uploads\/2022\/01\/Aula-sobre-a-fauna-que-vive-nos-mangues-Projeto-Mangues-da-Amazonia-2-768x346.jpg 768w\" sizes=\"auto, (max-width: 1000px) 100vw, 1000px\" \/><figcaption><em><span class=\"has-inline-color has-black-color\">Aula sobre mangues no Laborat\u00f3rio de Ecologia dos Manguezais, da Universidade Federal do Par\u00e1 (Foto: Sapucaia Filmes)<\/span><\/em><\/figcaption><\/figure>\n\n\n\n<blockquote class=\"wp-block-quote is-layout-flow wp-block-quote-is-layout-flow\"><p><span class=\"has-inline-color has-luminous-vivid-orange-color\">\u201cSer crian\u00e7a nos manguezais \u00e9 conviver com a natureza, enxergando detalhes que s\u00f3 eles conseguem pela paix\u00e3o de pisar na lama\u201d, enfatiza Aila, que conclui: \u201c\u00c9 um laborat\u00f3rio vivo de aprendizados, de forma que o principal desafio \u00e9 preservar o meio ambiente fazendo parte dele, e n\u00e3o s\u00f3 para utiliz\u00e1-lo depois\u201d.<\/span><\/p><\/blockquote>\n\n\n\n<p><strong><span class=\"has-inline-color has-black-color\">Do aluno para a fam\u00edlia<br><\/span><\/strong>J\u00e1 no Clube de Ci\u00eancias, meninos e meninas a partir dos sete anos participam de encontros te\u00f3ricos e pr\u00e1ticos com cientistas sobre temas dos manguezais, inclusive expedi\u00e7\u00f5es de campo para conhecer melhor a fauna e a flora t\u00edpicas desse ecossistema. O objetivo \u00e9 despertar um olhar mais cient\u00edfico, para al\u00e9m do conhecimento emp\u00edrico que eles j\u00e1 possuem pela conviv\u00eancia com a natureza, semean\u00addo a voca\u00e7\u00e3o de futuros bi\u00f3logos ou agentes ambientais.<\/p>\n\n\n\n<blockquote class=\"wp-block-quote is-layout-flow wp-block-quote-is-layout-flow\"><p><span class=\"has-inline-color has-luminous-vivid-orange-color\">\u201cJ\u00e1 temos consci\u00eancia de \u00e9 errado desmatar; falta s\u00f3 convencer os pais\u201d, revela o aluno Pedro Henrique Ribeiro, que junto a outros jovens do projeto contribui com o reflorestamento do manguezal na comunidade Tamatateua.<\/span><\/p><\/blockquote>\n\n\n\n<p><strong><em>Fonte: <a href=\"https:\/\/revistaeducacao.com.br\/2022\/01\/24\/criancas-da-amazonia\/\">Revista Educa\u00e7\u00e3o<\/a><\/em><\/strong><\/p>\n","protected":false},"excerpt":{"rendered":"<p>A\u00e7\u00f5es socioambientais educativas se aliam ao reflorestamento de \u00e1reas degradadas na costa do Par\u00e1 e conscientizam os mais novos a serem defensores do meio ambiente A maior faixa cont\u00ednua de manguezais do planeta, com cerca de oito mil quil\u00f4metros, est\u00e1 localizada na zona costeira do Amap\u00e1, Par\u00e1 e Maranh\u00e3o e as novas gera\u00e7\u00f5es representam um [&hellip;]<\/p>\n","protected":false},"author":2,"featured_media":27200,"comment_status":"open","ping_status":"open","sticky":false,"template":"","format":"standard","meta":{"footnotes":""},"categories":[4,7],"tags":[13043,2531,7299,13044,13045,734],"class_list":["post-27198","post","type-post","status-publish","format-standard","has-post-thumbnail","hentry","category-cultura","category-educacao","tag-criancas-da-amazonia","tag-educacao-ambiental","tag-mangues","tag-mangues-da-amazonia","tag-manguezais-amazonicos","tag-sustentabilidade"],"yoast_head":"<!-- This site is optimized with the Yoast SEO plugin v26.5 - https:\/\/yoast.com\/wordpress\/plugins\/seo\/ -->\n<title>Crian\u00e7as que protegem os manguezais amaz\u00f4nicos - Jornal Fatos e Not\u00edcias<\/title>\n<meta name=\"robots\" content=\"index, follow, max-snippet:-1, max-image-preview:large, max-video-preview:-1\" \/>\n<link rel=\"canonical\" href=\"https:\/\/jornalfatosenoticias.com.br\/index.php\/2022\/01\/26\/criancas-que-protegem-os-manguezais-amazonicos\/\" \/>\n<meta property=\"og:locale\" content=\"pt_BR\" \/>\n<meta property=\"og:type\" content=\"article\" \/>\n<meta property=\"og:title\" content=\"Crian\u00e7as que protegem os manguezais amaz\u00f4nicos - Jornal Fatos e Not\u00edcias\" \/>\n<meta property=\"og:description\" content=\"A\u00e7\u00f5es socioambientais educativas se aliam ao reflorestamento de \u00e1reas degradadas na costa do Par\u00e1 e conscientizam os mais novos a serem defensores do meio ambiente A maior faixa cont\u00ednua de manguezais do planeta, com cerca de oito mil quil\u00f4metros, est\u00e1 localizada na zona costeira do Amap\u00e1, Par\u00e1 e Maranh\u00e3o e as novas gera\u00e7\u00f5es representam um [&hellip;]\" \/>\n<meta property=\"og:url\" content=\"https:\/\/jornalfatosenoticias.com.br\/index.php\/2022\/01\/26\/criancas-que-protegem-os-manguezais-amazonicos\/\" \/>\n<meta property=\"og:site_name\" content=\"Jornal Fatos e Not\u00edcias\" \/>\n<meta property=\"article:published_time\" content=\"2022-01-26T13:08:24+00:00\" \/>\n<meta property=\"article:modified_time\" content=\"2022-01-26T13:08:26+00:00\" \/>\n<meta property=\"og:image\" content=\"https:\/\/jornalfatosenoticias.com.br\/wp-content\/uploads\/2022\/01\/Visita-aos-Mangues-feita-por-criancas-que-participam-do-Projeto-de-Educacao-Ambiental.jpg\" \/>\n\t<meta property=\"og:image:width\" content=\"1000\" \/>\n\t<meta property=\"og:image:height\" content=\"450\" \/>\n\t<meta property=\"og:image:type\" content=\"image\/jpeg\" \/>\n<meta name=\"author\" content=\"Luzimara Fernandes\" \/>\n<meta name=\"twitter:card\" content=\"summary_large_image\" \/>\n<meta name=\"twitter:label1\" content=\"Escrito por\" \/>\n\t<meta name=\"twitter:data1\" content=\"Luzimara Fernandes\" \/>\n\t<meta name=\"twitter:label2\" content=\"Est. tempo de leitura\" \/>\n\t<meta name=\"twitter:data2\" content=\"2 minutos\" \/>\n<script type=\"application\/ld+json\" class=\"yoast-schema-graph\">{\"@context\":\"https:\/\/schema.org\",\"@graph\":[{\"@type\":\"Article\",\"@id\":\"https:\/\/jornalfatosenoticias.com.br\/index.php\/2022\/01\/26\/criancas-que-protegem-os-manguezais-amazonicos\/#article\",\"isPartOf\":{\"@id\":\"https:\/\/jornalfatosenoticias.com.br\/index.php\/2022\/01\/26\/criancas-que-protegem-os-manguezais-amazonicos\/\"},\"author\":{\"name\":\"Luzimara Fernandes\",\"@id\":\"https:\/\/jornalfatosenoticias.com.br\/#\/schema\/person\/d63837fa13ac8666eb9e74e0985d6f81\"},\"headline\":\"Crian\u00e7as que protegem os manguezais amaz\u00f4nicos\",\"datePublished\":\"2022-01-26T13:08:24+00:00\",\"dateModified\":\"2022-01-26T13:08:26+00:00\",\"mainEntityOfPage\":{\"@id\":\"https:\/\/jornalfatosenoticias.com.br\/index.php\/2022\/01\/26\/criancas-que-protegem-os-manguezais-amazonicos\/\"},\"wordCount\":469,\"commentCount\":0,\"publisher\":{\"@id\":\"https:\/\/jornalfatosenoticias.com.br\/#organization\"},\"image\":{\"@id\":\"https:\/\/jornalfatosenoticias.com.br\/index.php\/2022\/01\/26\/criancas-que-protegem-os-manguezais-amazonicos\/#primaryimage\"},\"thumbnailUrl\":\"https:\/\/jornalfatosenoticias.com.br\/wp-content\/uploads\/2022\/01\/Visita-aos-Mangues-feita-por-criancas-que-participam-do-Projeto-de-Educacao-Ambiental.jpg\",\"keywords\":[\"crian\u00e7as da Amaz\u00f4nia\",\"educa\u00e7\u00e3o ambiental\",\"mangues\",\"mangues da Amaz\u00f4nia\",\"manguezais amaz\u00f4nicos\",\"sustentabilidade\"],\"articleSection\":[\"Cultura\",\"Educa\u00e7\u00e3o\"],\"inLanguage\":\"pt-BR\",\"potentialAction\":[{\"@type\":\"CommentAction\",\"name\":\"Comment\",\"target\":[\"https:\/\/jornalfatosenoticias.com.br\/index.php\/2022\/01\/26\/criancas-que-protegem-os-manguezais-amazonicos\/#respond\"]}]},{\"@type\":\"WebPage\",\"@id\":\"https:\/\/jornalfatosenoticias.com.br\/index.php\/2022\/01\/26\/criancas-que-protegem-os-manguezais-amazonicos\/\",\"url\":\"https:\/\/jornalfatosenoticias.com.br\/index.php\/2022\/01\/26\/criancas-que-protegem-os-manguezais-amazonicos\/\",\"name\":\"Crian\u00e7as que protegem os manguezais amaz\u00f4nicos - Jornal Fatos e Not\u00edcias\",\"isPartOf\":{\"@id\":\"https:\/\/jornalfatosenoticias.com.br\/#website\"},\"primaryImageOfPage\":{\"@id\":\"https:\/\/jornalfatosenoticias.com.br\/index.php\/2022\/01\/26\/criancas-que-protegem-os-manguezais-amazonicos\/#primaryimage\"},\"image\":{\"@id\":\"https:\/\/jornalfatosenoticias.com.br\/index.php\/2022\/01\/26\/criancas-que-protegem-os-manguezais-amazonicos\/#primaryimage\"},\"thumbnailUrl\":\"https:\/\/jornalfatosenoticias.com.br\/wp-content\/uploads\/2022\/01\/Visita-aos-Mangues-feita-por-criancas-que-participam-do-Projeto-de-Educacao-Ambiental.jpg\",\"datePublished\":\"2022-01-26T13:08:24+00:00\",\"dateModified\":\"2022-01-26T13:08:26+00:00\",\"breadcrumb\":{\"@id\":\"https:\/\/jornalfatosenoticias.com.br\/index.php\/2022\/01\/26\/criancas-que-protegem-os-manguezais-amazonicos\/#breadcrumb\"},\"inLanguage\":\"pt-BR\",\"potentialAction\":[{\"@type\":\"ReadAction\",\"target\":[\"https:\/\/jornalfatosenoticias.com.br\/index.php\/2022\/01\/26\/criancas-que-protegem-os-manguezais-amazonicos\/\"]}]},{\"@type\":\"ImageObject\",\"inLanguage\":\"pt-BR\",\"@id\":\"https:\/\/jornalfatosenoticias.com.br\/index.php\/2022\/01\/26\/criancas-que-protegem-os-manguezais-amazonicos\/#primaryimage\",\"url\":\"https:\/\/jornalfatosenoticias.com.br\/wp-content\/uploads\/2022\/01\/Visita-aos-Mangues-feita-por-criancas-que-participam-do-Projeto-de-Educacao-Ambiental.jpg\",\"contentUrl\":\"https:\/\/jornalfatosenoticias.com.br\/wp-content\/uploads\/2022\/01\/Visita-aos-Mangues-feita-por-criancas-que-participam-do-Projeto-de-Educacao-Ambiental.jpg\",\"width\":1000,\"height\":450},{\"@type\":\"BreadcrumbList\",\"@id\":\"https:\/\/jornalfatosenoticias.com.br\/index.php\/2022\/01\/26\/criancas-que-protegem-os-manguezais-amazonicos\/#breadcrumb\",\"itemListElement\":[{\"@type\":\"ListItem\",\"position\":1,\"name\":\"In\u00edcio\",\"item\":\"https:\/\/jornalfatosenoticias.com.br\/\"},{\"@type\":\"ListItem\",\"position\":2,\"name\":\"Crian\u00e7as que protegem os manguezais amaz\u00f4nicos\"}]},{\"@type\":\"WebSite\",\"@id\":\"https:\/\/jornalfatosenoticias.com.br\/#website\",\"url\":\"https:\/\/jornalfatosenoticias.com.br\/\",\"name\":\"Jornal Fatos e Not\u00edcias\",\"description\":\"Not\u00edcias em geral\",\"publisher\":{\"@id\":\"https:\/\/jornalfatosenoticias.com.br\/#organization\"},\"potentialAction\":[{\"@type\":\"SearchAction\",\"target\":{\"@type\":\"EntryPoint\",\"urlTemplate\":\"https:\/\/jornalfatosenoticias.com.br\/?s={search_term_string}\"},\"query-input\":{\"@type\":\"PropertyValueSpecification\",\"valueRequired\":true,\"valueName\":\"search_term_string\"}}],\"inLanguage\":\"pt-BR\"},{\"@type\":\"Organization\",\"@id\":\"https:\/\/jornalfatosenoticias.com.br\/#organization\",\"name\":\"Jornal Fatos e Not\u00edcias\",\"url\":\"https:\/\/jornalfatosenoticias.com.br\/\",\"logo\":{\"@type\":\"ImageObject\",\"inLanguage\":\"pt-BR\",\"@id\":\"https:\/\/jornalfatosenoticias.com.br\/#\/schema\/logo\/image\/\",\"url\":\"https:\/\/jornalfatosenoticias.com.br\/wp-content\/uploads\/2020\/02\/logo120.png\",\"contentUrl\":\"https:\/\/jornalfatosenoticias.com.br\/wp-content\/uploads\/2020\/02\/logo120.png\",\"width\":1227,\"height\":120,\"caption\":\"Jornal Fatos e Not\u00edcias\"},\"image\":{\"@id\":\"https:\/\/jornalfatosenoticias.com.br\/#\/schema\/logo\/image\/\"}},{\"@type\":\"Person\",\"@id\":\"https:\/\/jornalfatosenoticias.com.br\/#\/schema\/person\/d63837fa13ac8666eb9e74e0985d6f81\",\"name\":\"Luzimara Fernandes\",\"image\":{\"@type\":\"ImageObject\",\"inLanguage\":\"pt-BR\",\"@id\":\"https:\/\/jornalfatosenoticias.com.br\/#\/schema\/person\/image\/\",\"url\":\"https:\/\/jornalfatosenoticias.com.br\/wp-content\/uploads\/2025\/05\/EU_portal.jpg\",\"contentUrl\":\"https:\/\/jornalfatosenoticias.com.br\/wp-content\/uploads\/2025\/05\/EU_portal.jpg\",\"caption\":\"Luzimara Fernandes\"},\"description\":\"Jornalista MTB 2358-ES\",\"sameAs\":[\"https:\/\/jornalfatosenoticias.com.br\"],\"url\":\"https:\/\/jornalfatosenoticias.com.br\/index.php\/author\/luzimara\/\"}]}<\/script>\n<!-- \/ Yoast SEO plugin. -->","yoast_head_json":{"title":"Crian\u00e7as que protegem os manguezais amaz\u00f4nicos - Jornal Fatos e Not\u00edcias","robots":{"index":"index","follow":"follow","max-snippet":"max-snippet:-1","max-image-preview":"max-image-preview:large","max-video-preview":"max-video-preview:-1"},"canonical":"https:\/\/jornalfatosenoticias.com.br\/index.php\/2022\/01\/26\/criancas-que-protegem-os-manguezais-amazonicos\/","og_locale":"pt_BR","og_type":"article","og_title":"Crian\u00e7as que protegem os manguezais amaz\u00f4nicos - Jornal Fatos e Not\u00edcias","og_description":"A\u00e7\u00f5es socioambientais educativas se aliam ao reflorestamento de \u00e1reas degradadas na costa do Par\u00e1 e conscientizam os mais novos a serem defensores do meio ambiente A maior faixa cont\u00ednua de manguezais do planeta, com cerca de oito mil quil\u00f4metros, est\u00e1 localizada na zona costeira do Amap\u00e1, Par\u00e1 e Maranh\u00e3o e as novas gera\u00e7\u00f5es representam um [&hellip;]","og_url":"https:\/\/jornalfatosenoticias.com.br\/index.php\/2022\/01\/26\/criancas-que-protegem-os-manguezais-amazonicos\/","og_site_name":"Jornal Fatos e Not\u00edcias","article_published_time":"2022-01-26T13:08:24+00:00","article_modified_time":"2022-01-26T13:08:26+00:00","og_image":[{"width":1000,"height":450,"url":"https:\/\/jornalfatosenoticias.com.br\/wp-content\/uploads\/2022\/01\/Visita-aos-Mangues-feita-por-criancas-que-participam-do-Projeto-de-Educacao-Ambiental.jpg","type":"image\/jpeg"}],"author":"Luzimara Fernandes","twitter_card":"summary_large_image","twitter_misc":{"Escrito por":"Luzimara Fernandes","Est. tempo de leitura":"2 minutos"},"schema":{"@context":"https:\/\/schema.org","@graph":[{"@type":"Article","@id":"https:\/\/jornalfatosenoticias.com.br\/index.php\/2022\/01\/26\/criancas-que-protegem-os-manguezais-amazonicos\/#article","isPartOf":{"@id":"https:\/\/jornalfatosenoticias.com.br\/index.php\/2022\/01\/26\/criancas-que-protegem-os-manguezais-amazonicos\/"},"author":{"name":"Luzimara Fernandes","@id":"https:\/\/jornalfatosenoticias.com.br\/#\/schema\/person\/d63837fa13ac8666eb9e74e0985d6f81"},"headline":"Crian\u00e7as que protegem os manguezais amaz\u00f4nicos","datePublished":"2022-01-26T13:08:24+00:00","dateModified":"2022-01-26T13:08:26+00:00","mainEntityOfPage":{"@id":"https:\/\/jornalfatosenoticias.com.br\/index.php\/2022\/01\/26\/criancas-que-protegem-os-manguezais-amazonicos\/"},"wordCount":469,"commentCount":0,"publisher":{"@id":"https:\/\/jornalfatosenoticias.com.br\/#organization"},"image":{"@id":"https:\/\/jornalfatosenoticias.com.br\/index.php\/2022\/01\/26\/criancas-que-protegem-os-manguezais-amazonicos\/#primaryimage"},"thumbnailUrl":"https:\/\/jornalfatosenoticias.com.br\/wp-content\/uploads\/2022\/01\/Visita-aos-Mangues-feita-por-criancas-que-participam-do-Projeto-de-Educacao-Ambiental.jpg","keywords":["crian\u00e7as da Amaz\u00f4nia","educa\u00e7\u00e3o ambiental","mangues","mangues da Amaz\u00f4nia","manguezais amaz\u00f4nicos","sustentabilidade"],"articleSection":["Cultura","Educa\u00e7\u00e3o"],"inLanguage":"pt-BR","potentialAction":[{"@type":"CommentAction","name":"Comment","target":["https:\/\/jornalfatosenoticias.com.br\/index.php\/2022\/01\/26\/criancas-que-protegem-os-manguezais-amazonicos\/#respond"]}]},{"@type":"WebPage","@id":"https:\/\/jornalfatosenoticias.com.br\/index.php\/2022\/01\/26\/criancas-que-protegem-os-manguezais-amazonicos\/","url":"https:\/\/jornalfatosenoticias.com.br\/index.php\/2022\/01\/26\/criancas-que-protegem-os-manguezais-amazonicos\/","name":"Crian\u00e7as que protegem os manguezais amaz\u00f4nicos - Jornal Fatos e Not\u00edcias","isPartOf":{"@id":"https:\/\/jornalfatosenoticias.com.br\/#website"},"primaryImageOfPage":{"@id":"https:\/\/jornalfatosenoticias.com.br\/index.php\/2022\/01\/26\/criancas-que-protegem-os-manguezais-amazonicos\/#primaryimage"},"image":{"@id":"https:\/\/jornalfatosenoticias.com.br\/index.php\/2022\/01\/26\/criancas-que-protegem-os-manguezais-amazonicos\/#primaryimage"},"thumbnailUrl":"https:\/\/jornalfatosenoticias.com.br\/wp-content\/uploads\/2022\/01\/Visita-aos-Mangues-feita-por-criancas-que-participam-do-Projeto-de-Educacao-Ambiental.jpg","datePublished":"2022-01-26T13:08:24+00:00","dateModified":"2022-01-26T13:08:26+00:00","breadcrumb":{"@id":"https:\/\/jornalfatosenoticias.com.br\/index.php\/2022\/01\/26\/criancas-que-protegem-os-manguezais-amazonicos\/#breadcrumb"},"inLanguage":"pt-BR","potentialAction":[{"@type":"ReadAction","target":["https:\/\/jornalfatosenoticias.com.br\/index.php\/2022\/01\/26\/criancas-que-protegem-os-manguezais-amazonicos\/"]}]},{"@type":"ImageObject","inLanguage":"pt-BR","@id":"https:\/\/jornalfatosenoticias.com.br\/index.php\/2022\/01\/26\/criancas-que-protegem-os-manguezais-amazonicos\/#primaryimage","url":"https:\/\/jornalfatosenoticias.com.br\/wp-content\/uploads\/2022\/01\/Visita-aos-Mangues-feita-por-criancas-que-participam-do-Projeto-de-Educacao-Ambiental.jpg","contentUrl":"https:\/\/jornalfatosenoticias.com.br\/wp-content\/uploads\/2022\/01\/Visita-aos-Mangues-feita-por-criancas-que-participam-do-Projeto-de-Educacao-Ambiental.jpg","width":1000,"height":450},{"@type":"BreadcrumbList","@id":"https:\/\/jornalfatosenoticias.com.br\/index.php\/2022\/01\/26\/criancas-que-protegem-os-manguezais-amazonicos\/#breadcrumb","itemListElement":[{"@type":"ListItem","position":1,"name":"In\u00edcio","item":"https:\/\/jornalfatosenoticias.com.br\/"},{"@type":"ListItem","position":2,"name":"Crian\u00e7as que protegem os manguezais amaz\u00f4nicos"}]},{"@type":"WebSite","@id":"https:\/\/jornalfatosenoticias.com.br\/#website","url":"https:\/\/jornalfatosenoticias.com.br\/","name":"Jornal Fatos e Not\u00edcias","description":"Not\u00edcias em geral","publisher":{"@id":"https:\/\/jornalfatosenoticias.com.br\/#organization"},"potentialAction":[{"@type":"SearchAction","target":{"@type":"EntryPoint","urlTemplate":"https:\/\/jornalfatosenoticias.com.br\/?s={search_term_string}"},"query-input":{"@type":"PropertyValueSpecification","valueRequired":true,"valueName":"search_term_string"}}],"inLanguage":"pt-BR"},{"@type":"Organization","@id":"https:\/\/jornalfatosenoticias.com.br\/#organization","name":"Jornal Fatos e Not\u00edcias","url":"https:\/\/jornalfatosenoticias.com.br\/","logo":{"@type":"ImageObject","inLanguage":"pt-BR","@id":"https:\/\/jornalfatosenoticias.com.br\/#\/schema\/logo\/image\/","url":"https:\/\/jornalfatosenoticias.com.br\/wp-content\/uploads\/2020\/02\/logo120.png","contentUrl":"https:\/\/jornalfatosenoticias.com.br\/wp-content\/uploads\/2020\/02\/logo120.png","width":1227,"height":120,"caption":"Jornal Fatos e Not\u00edcias"},"image":{"@id":"https:\/\/jornalfatosenoticias.com.br\/#\/schema\/logo\/image\/"}},{"@type":"Person","@id":"https:\/\/jornalfatosenoticias.com.br\/#\/schema\/person\/d63837fa13ac8666eb9e74e0985d6f81","name":"Luzimara Fernandes","image":{"@type":"ImageObject","inLanguage":"pt-BR","@id":"https:\/\/jornalfatosenoticias.com.br\/#\/schema\/person\/image\/","url":"https:\/\/jornalfatosenoticias.com.br\/wp-content\/uploads\/2025\/05\/EU_portal.jpg","contentUrl":"https:\/\/jornalfatosenoticias.com.br\/wp-content\/uploads\/2025\/05\/EU_portal.jpg","caption":"Luzimara Fernandes"},"description":"Jornalista MTB 2358-ES","sameAs":["https:\/\/jornalfatosenoticias.com.br"],"url":"https:\/\/jornalfatosenoticias.com.br\/index.php\/author\/luzimara\/"}]}},"cc_featured_image_caption":{"caption_text":"(Foto: Sapucaia Filmes) ","source_text":"","source_url":""},"jetpack_featured_media_url":"https:\/\/jornalfatosenoticias.com.br\/wp-content\/uploads\/2022\/01\/Visita-aos-Mangues-feita-por-criancas-que-participam-do-Projeto-de-Educacao-Ambiental.jpg","_links":{"self":[{"href":"https:\/\/jornalfatosenoticias.com.br\/index.php\/wp-json\/wp\/v2\/posts\/27198","targetHints":{"allow":["GET"]}}],"collection":[{"href":"https:\/\/jornalfatosenoticias.com.br\/index.php\/wp-json\/wp\/v2\/posts"}],"about":[{"href":"https:\/\/jornalfatosenoticias.com.br\/index.php\/wp-json\/wp\/v2\/types\/post"}],"author":[{"embeddable":true,"href":"https:\/\/jornalfatosenoticias.com.br\/index.php\/wp-json\/wp\/v2\/users\/2"}],"replies":[{"embeddable":true,"href":"https:\/\/jornalfatosenoticias.com.br\/index.php\/wp-json\/wp\/v2\/comments?post=27198"}],"version-history":[{"count":0,"href":"https:\/\/jornalfatosenoticias.com.br\/index.php\/wp-json\/wp\/v2\/posts\/27198\/revisions"}],"wp:featuredmedia":[{"embeddable":true,"href":"https:\/\/jornalfatosenoticias.com.br\/index.php\/wp-json\/wp\/v2\/media\/27200"}],"wp:attachment":[{"href":"https:\/\/jornalfatosenoticias.com.br\/index.php\/wp-json\/wp\/v2\/media?parent=27198"}],"wp:term":[{"taxonomy":"category","embeddable":true,"href":"https:\/\/jornalfatosenoticias.com.br\/index.php\/wp-json\/wp\/v2\/categories?post=27198"},{"taxonomy":"post_tag","embeddable":true,"href":"https:\/\/jornalfatosenoticias.com.br\/index.php\/wp-json\/wp\/v2\/tags?post=27198"}],"curies":[{"name":"wp","href":"https:\/\/api.w.org\/{rel}","templated":true}]}}