{"id":27217,"date":"2022-01-26T11:59:50","date_gmt":"2022-01-26T14:59:50","guid":{"rendered":"https:\/\/jornalfatosenoticias.com.br\/?p=27217"},"modified":"2022-01-26T11:59:52","modified_gmt":"2022-01-26T14:59:52","slug":"estudantes-que-nao-participaram-da-chamada-publica-escolar-2022-devem-procurar-escola-onde-desejam-estudar","status":"publish","type":"post","link":"https:\/\/jornalfatosenoticias.com.br\/index.php\/2022\/01\/26\/estudantes-que-nao-participaram-da-chamada-publica-escolar-2022-devem-procurar-escola-onde-desejam-estudar\/","title":{"rendered":"Estudantes que n\u00e3o participaram da Chamada P\u00fablica Escolar 2022 devem procurar escola onde desejam estudar"},"content":{"rendered":"\n<p><em><span class=\"has-inline-color has-black-color\">Aluno poder\u00e1 se matricular na unidade escolar que tenha vaga dispon\u00edvel no ano\/s\u00e9rie em que ele se encontra<\/span><\/em><\/p>\n\n\n\n<p>Os estudantes que n\u00e3o participaram da Chamada P\u00fablica Escolar 2022, nas etapas de Rematr\u00edcula, Transfer\u00eancia Interna ou Pr\u00e9-Matr\u00edcula, devem ir at\u00e9 a escola onde desejam estudar ou procurar a Superintend\u00eancia Regional de Educa\u00e7\u00e3o (SRE), respons\u00e1vel pelo munic\u00edpio onde a escola pretendida esteja localizada. O aluno poder\u00e1 se matricular na unidade escolar que tenha vaga dispon\u00edvel no ano\/s\u00e9rie em que ele se encontra.<\/p>\n\n\n\n<h4 class=\"wp-block-heading\"><span class=\"has-inline-color has-vivid-red-color\">Confira os endere\u00e7os e contatos:<\/span><\/h4>\n\n\n\n<p><a href=\"https:\/\/sedu.es.gov.br\/Media\/sedu\/pdf%20e%20Arquivos\/Contatos%20Escolas%20Estaduais.xlsx\">Escolas Estaduais<\/a><\/p>\n\n\n\n<p><a href=\"https:\/\/sedu.es.gov.br\/Media\/sedu\/pdf%20e%20Arquivos\/Contatos%20SREs.pdf\">SREs<\/a><\/p>\n\n\n\n<p><strong><span class=\"has-inline-color has-black-color\">Etapa atual<br><\/span><\/strong>At\u00e9 o pr\u00f3ximo dia 11 de fevereiro, as escolas est\u00e3o realizando a chamada dos alunos constantes na lista de supl\u00eancia, nas unidades escolares que apresentam anos\/s\u00e9ries com vagas. O estudante notificado deve ir at\u00e9 a escola onde foi localizado e apresentar os documentos abaixo:<\/p>\n\n\n\n<ul class=\"wp-block-list\"><li>Fotoc\u00f3pia da certid\u00e3o de nascimento, ou de casamento, ou da Carteira de Identidade (CI) do estudante;<\/li><li>Fotoc\u00f3pia do comprovante de resid\u00eancia do estudante, por meio da fatura de energia el\u00e9trica;<\/li><li>Laudo m\u00e9dico para estudante p\u00fablico-alvo da Educa\u00e7\u00e3o Especial;<\/li><li>Hist\u00f3rico Escolar ou Declara\u00e7\u00e3o Escolar (at\u00e9 chegar o hist\u00f3rico escolar), que ter\u00e1 validade de 30 dias, a partir da data de emiss\u00e3o;<\/li><li>Fotoc\u00f3pia do Cadastro de Pessoas F\u00edsicas (CPF);<\/li><li>C\u00f3pia da caderneta de vacina\u00e7\u00e3o ou declara\u00e7\u00e3o de unidade de sa\u00fade p\u00fablica atestando a atualiza\u00e7\u00e3o do cart\u00e3o de vacina\u00e7\u00e3o, para os estudantes com at\u00e9 18 (dezoito) anos de idade, nos termos da Lei Estadual n\u00ba 10.913, de 1\u00ba de novembro de 2018.<\/li><\/ul>\n\n\n\n<p>Caso o estudante opte pela entrega do cart\u00e3o de vacina\u00e7\u00e3o no ato da confirma\u00e7\u00e3o da matr\u00edcula, ou no in\u00edcio do ano letivo para os casos de rematr\u00edcula, os procedimentos de gest\u00e3o do controle dessa entrega v\u00e3o respeitar o disposto na Portaria Conjunta Sedu-Sesa n\u00ba 004-R, de 09 de abril de 2019.<\/p>\n\n\n\n<p><strong><em>Fonte: <a href=\"https:\/\/sedu.es.gov.br\/Not%C3%ADcia\/estudantes-que-nao-participaram-da-chamada-publica-escolar-2022-devem-procurar-escola-onde-desejam-estudar\">Sedu<\/a><\/em><\/strong><\/p>\n","protected":false},"excerpt":{"rendered":"<p>Aluno poder\u00e1 se matricular na unidade escolar que tenha vaga dispon\u00edvel no ano\/s\u00e9rie em que ele se encontra Os estudantes que n\u00e3o participaram da Chamada P\u00fablica Escolar 2022, nas etapas de Rematr\u00edcula, Transfer\u00eancia Interna ou Pr\u00e9-Matr\u00edcula, devem ir at\u00e9 a escola onde desejam estudar ou procurar a Superintend\u00eancia Regional de Educa\u00e7\u00e3o (SRE), respons\u00e1vel pelo munic\u00edpio [&hellip;]<\/p>\n","protected":false},"author":2,"featured_media":27218,"comment_status":"open","ping_status":"open","sticky":false,"template":"","format":"standard","meta":{"footnotes":""},"categories":[7],"tags":[12831,5916,10166,13052],"class_list":["post-27217","post","type-post","status-publish","format-standard","has-post-thumbnail","hentry","category-educacao","tag-chamada-publica-escolar-2022","tag-matricula","tag-rede-estadual-de-ensino","tag-unidade-escolar"],"yoast_head":"<!-- This site is optimized with the Yoast SEO plugin v26.5 - https:\/\/yoast.com\/wordpress\/plugins\/seo\/ -->\n<title>Estudantes que n\u00e3o participaram da Chamada P\u00fablica Escolar 2022 devem procurar escola onde desejam estudar - Jornal Fatos e Not\u00edcias<\/title>\n<meta name=\"robots\" content=\"index, follow, max-snippet:-1, max-image-preview:large, max-video-preview:-1\" \/>\n<link rel=\"canonical\" href=\"https:\/\/jornalfatosenoticias.com.br\/index.php\/2022\/01\/26\/estudantes-que-nao-participaram-da-chamada-publica-escolar-2022-devem-procurar-escola-onde-desejam-estudar\/\" \/>\n<meta property=\"og:locale\" content=\"pt_BR\" \/>\n<meta property=\"og:type\" content=\"article\" \/>\n<meta property=\"og:title\" content=\"Estudantes que n\u00e3o participaram da Chamada P\u00fablica Escolar 2022 devem procurar escola onde desejam estudar - Jornal Fatos e Not\u00edcias\" \/>\n<meta property=\"og:description\" content=\"Aluno poder\u00e1 se matricular na unidade escolar que tenha vaga dispon\u00edvel no ano\/s\u00e9rie em que ele se encontra Os estudantes que n\u00e3o participaram da Chamada P\u00fablica Escolar 2022, nas etapas de Rematr\u00edcula, Transfer\u00eancia Interna ou Pr\u00e9-Matr\u00edcula, devem ir at\u00e9 a escola onde desejam estudar ou procurar a Superintend\u00eancia Regional de Educa\u00e7\u00e3o (SRE), respons\u00e1vel pelo munic\u00edpio [&hellip;]\" \/>\n<meta property=\"og:url\" content=\"https:\/\/jornalfatosenoticias.com.br\/index.php\/2022\/01\/26\/estudantes-que-nao-participaram-da-chamada-publica-escolar-2022-devem-procurar-escola-onde-desejam-estudar\/\" \/>\n<meta property=\"og:site_name\" content=\"Jornal Fatos e Not\u00edcias\" \/>\n<meta property=\"article:published_time\" content=\"2022-01-26T14:59:50+00:00\" \/>\n<meta property=\"article:modified_time\" content=\"2022-01-26T14:59:52+00:00\" \/>\n<meta property=\"og:image\" content=\"https:\/\/jornalfatosenoticias.com.br\/wp-content\/uploads\/2022\/01\/chamada-publica-escolar.jpeg\" \/>\n\t<meta property=\"og:image:width\" content=\"1000\" \/>\n\t<meta property=\"og:image:height\" content=\"448\" \/>\n\t<meta property=\"og:image:type\" content=\"image\/jpeg\" \/>\n<meta name=\"author\" content=\"Luzimara Fernandes\" \/>\n<meta name=\"twitter:card\" content=\"summary_large_image\" \/>\n<meta name=\"twitter:label1\" content=\"Escrito por\" \/>\n\t<meta name=\"twitter:data1\" content=\"Luzimara Fernandes\" \/>\n\t<meta name=\"twitter:label2\" content=\"Est. tempo de leitura\" \/>\n\t<meta name=\"twitter:data2\" content=\"2 minutos\" \/>\n<script type=\"application\/ld+json\" class=\"yoast-schema-graph\">{\"@context\":\"https:\/\/schema.org\",\"@graph\":[{\"@type\":\"Article\",\"@id\":\"https:\/\/jornalfatosenoticias.com.br\/index.php\/2022\/01\/26\/estudantes-que-nao-participaram-da-chamada-publica-escolar-2022-devem-procurar-escola-onde-desejam-estudar\/#article\",\"isPartOf\":{\"@id\":\"https:\/\/jornalfatosenoticias.com.br\/index.php\/2022\/01\/26\/estudantes-que-nao-participaram-da-chamada-publica-escolar-2022-devem-procurar-escola-onde-desejam-estudar\/\"},\"author\":{\"name\":\"Luzimara Fernandes\",\"@id\":\"https:\/\/jornalfatosenoticias.com.br\/#\/schema\/person\/d63837fa13ac8666eb9e74e0985d6f81\"},\"headline\":\"Estudantes que n\u00e3o participaram da Chamada P\u00fablica Escolar 2022 devem procurar escola onde desejam estudar\",\"datePublished\":\"2022-01-26T14:59:50+00:00\",\"dateModified\":\"2022-01-26T14:59:52+00:00\",\"mainEntityOfPage\":{\"@id\":\"https:\/\/jornalfatosenoticias.com.br\/index.php\/2022\/01\/26\/estudantes-que-nao-participaram-da-chamada-publica-escolar-2022-devem-procurar-escola-onde-desejam-estudar\/\"},\"wordCount\":355,\"commentCount\":0,\"publisher\":{\"@id\":\"https:\/\/jornalfatosenoticias.com.br\/#organization\"},\"image\":{\"@id\":\"https:\/\/jornalfatosenoticias.com.br\/index.php\/2022\/01\/26\/estudantes-que-nao-participaram-da-chamada-publica-escolar-2022-devem-procurar-escola-onde-desejam-estudar\/#primaryimage\"},\"thumbnailUrl\":\"https:\/\/jornalfatosenoticias.com.br\/wp-content\/uploads\/2022\/01\/chamada-publica-escolar.jpeg\",\"keywords\":[\"Chamada P\u00fablica Escolar 2022\",\"matr\u00edcula\",\"rede estadual de ensino\",\"unidade escolar\"],\"articleSection\":[\"Educa\u00e7\u00e3o\"],\"inLanguage\":\"pt-BR\",\"potentialAction\":[{\"@type\":\"CommentAction\",\"name\":\"Comment\",\"target\":[\"https:\/\/jornalfatosenoticias.com.br\/index.php\/2022\/01\/26\/estudantes-que-nao-participaram-da-chamada-publica-escolar-2022-devem-procurar-escola-onde-desejam-estudar\/#respond\"]}]},{\"@type\":\"WebPage\",\"@id\":\"https:\/\/jornalfatosenoticias.com.br\/index.php\/2022\/01\/26\/estudantes-que-nao-participaram-da-chamada-publica-escolar-2022-devem-procurar-escola-onde-desejam-estudar\/\",\"url\":\"https:\/\/jornalfatosenoticias.com.br\/index.php\/2022\/01\/26\/estudantes-que-nao-participaram-da-chamada-publica-escolar-2022-devem-procurar-escola-onde-desejam-estudar\/\",\"name\":\"Estudantes que n\u00e3o participaram da Chamada P\u00fablica Escolar 2022 devem procurar escola onde desejam estudar - Jornal Fatos e Not\u00edcias\",\"isPartOf\":{\"@id\":\"https:\/\/jornalfatosenoticias.com.br\/#website\"},\"primaryImageOfPage\":{\"@id\":\"https:\/\/jornalfatosenoticias.com.br\/index.php\/2022\/01\/26\/estudantes-que-nao-participaram-da-chamada-publica-escolar-2022-devem-procurar-escola-onde-desejam-estudar\/#primaryimage\"},\"image\":{\"@id\":\"https:\/\/jornalfatosenoticias.com.br\/index.php\/2022\/01\/26\/estudantes-que-nao-participaram-da-chamada-publica-escolar-2022-devem-procurar-escola-onde-desejam-estudar\/#primaryimage\"},\"thumbnailUrl\":\"https:\/\/jornalfatosenoticias.com.br\/wp-content\/uploads\/2022\/01\/chamada-publica-escolar.jpeg\",\"datePublished\":\"2022-01-26T14:59:50+00:00\",\"dateModified\":\"2022-01-26T14:59:52+00:00\",\"breadcrumb\":{\"@id\":\"https:\/\/jornalfatosenoticias.com.br\/index.php\/2022\/01\/26\/estudantes-que-nao-participaram-da-chamada-publica-escolar-2022-devem-procurar-escola-onde-desejam-estudar\/#breadcrumb\"},\"inLanguage\":\"pt-BR\",\"potentialAction\":[{\"@type\":\"ReadAction\",\"target\":[\"https:\/\/jornalfatosenoticias.com.br\/index.php\/2022\/01\/26\/estudantes-que-nao-participaram-da-chamada-publica-escolar-2022-devem-procurar-escola-onde-desejam-estudar\/\"]}]},{\"@type\":\"ImageObject\",\"inLanguage\":\"pt-BR\",\"@id\":\"https:\/\/jornalfatosenoticias.com.br\/index.php\/2022\/01\/26\/estudantes-que-nao-participaram-da-chamada-publica-escolar-2022-devem-procurar-escola-onde-desejam-estudar\/#primaryimage\",\"url\":\"https:\/\/jornalfatosenoticias.com.br\/wp-content\/uploads\/2022\/01\/chamada-publica-escolar.jpeg\",\"contentUrl\":\"https:\/\/jornalfatosenoticias.com.br\/wp-content\/uploads\/2022\/01\/chamada-publica-escolar.jpeg\",\"width\":1000,\"height\":448},{\"@type\":\"BreadcrumbList\",\"@id\":\"https:\/\/jornalfatosenoticias.com.br\/index.php\/2022\/01\/26\/estudantes-que-nao-participaram-da-chamada-publica-escolar-2022-devem-procurar-escola-onde-desejam-estudar\/#breadcrumb\",\"itemListElement\":[{\"@type\":\"ListItem\",\"position\":1,\"name\":\"In\u00edcio\",\"item\":\"https:\/\/jornalfatosenoticias.com.br\/\"},{\"@type\":\"ListItem\",\"position\":2,\"name\":\"Estudantes que n\u00e3o participaram da Chamada P\u00fablica Escolar 2022 devem procurar escola onde desejam estudar\"}]},{\"@type\":\"WebSite\",\"@id\":\"https:\/\/jornalfatosenoticias.com.br\/#website\",\"url\":\"https:\/\/jornalfatosenoticias.com.br\/\",\"name\":\"Jornal Fatos e Not\u00edcias\",\"description\":\"Not\u00edcias em geral\",\"publisher\":{\"@id\":\"https:\/\/jornalfatosenoticias.com.br\/#organization\"},\"potentialAction\":[{\"@type\":\"SearchAction\",\"target\":{\"@type\":\"EntryPoint\",\"urlTemplate\":\"https:\/\/jornalfatosenoticias.com.br\/?s={search_term_string}\"},\"query-input\":{\"@type\":\"PropertyValueSpecification\",\"valueRequired\":true,\"valueName\":\"search_term_string\"}}],\"inLanguage\":\"pt-BR\"},{\"@type\":\"Organization\",\"@id\":\"https:\/\/jornalfatosenoticias.com.br\/#organization\",\"name\":\"Jornal Fatos e Not\u00edcias\",\"url\":\"https:\/\/jornalfatosenoticias.com.br\/\",\"logo\":{\"@type\":\"ImageObject\",\"inLanguage\":\"pt-BR\",\"@id\":\"https:\/\/jornalfatosenoticias.com.br\/#\/schema\/logo\/image\/\",\"url\":\"https:\/\/jornalfatosenoticias.com.br\/wp-content\/uploads\/2020\/02\/logo120.png\",\"contentUrl\":\"https:\/\/jornalfatosenoticias.com.br\/wp-content\/uploads\/2020\/02\/logo120.png\",\"width\":1227,\"height\":120,\"caption\":\"Jornal Fatos e Not\u00edcias\"},\"image\":{\"@id\":\"https:\/\/jornalfatosenoticias.com.br\/#\/schema\/logo\/image\/\"}},{\"@type\":\"Person\",\"@id\":\"https:\/\/jornalfatosenoticias.com.br\/#\/schema\/person\/d63837fa13ac8666eb9e74e0985d6f81\",\"name\":\"Luzimara Fernandes\",\"image\":{\"@type\":\"ImageObject\",\"inLanguage\":\"pt-BR\",\"@id\":\"https:\/\/jornalfatosenoticias.com.br\/#\/schema\/person\/image\/\",\"url\":\"https:\/\/jornalfatosenoticias.com.br\/wp-content\/uploads\/2025\/05\/EU_portal.jpg\",\"contentUrl\":\"https:\/\/jornalfatosenoticias.com.br\/wp-content\/uploads\/2025\/05\/EU_portal.jpg\",\"caption\":\"Luzimara Fernandes\"},\"description\":\"Jornalista MTB 2358-ES\",\"sameAs\":[\"https:\/\/jornalfatosenoticias.com.br\"],\"url\":\"https:\/\/jornalfatosenoticias.com.br\/index.php\/author\/luzimara\/\"}]}<\/script>\n<!-- \/ Yoast SEO plugin. -->","yoast_head_json":{"title":"Estudantes que n\u00e3o participaram da Chamada P\u00fablica Escolar 2022 devem procurar escola onde desejam estudar - Jornal Fatos e Not\u00edcias","robots":{"index":"index","follow":"follow","max-snippet":"max-snippet:-1","max-image-preview":"max-image-preview:large","max-video-preview":"max-video-preview:-1"},"canonical":"https:\/\/jornalfatosenoticias.com.br\/index.php\/2022\/01\/26\/estudantes-que-nao-participaram-da-chamada-publica-escolar-2022-devem-procurar-escola-onde-desejam-estudar\/","og_locale":"pt_BR","og_type":"article","og_title":"Estudantes que n\u00e3o participaram da Chamada P\u00fablica Escolar 2022 devem procurar escola onde desejam estudar - Jornal Fatos e Not\u00edcias","og_description":"Aluno poder\u00e1 se matricular na unidade escolar que tenha vaga dispon\u00edvel no ano\/s\u00e9rie em que ele se encontra Os estudantes que n\u00e3o participaram da Chamada P\u00fablica Escolar 2022, nas etapas de Rematr\u00edcula, Transfer\u00eancia Interna ou Pr\u00e9-Matr\u00edcula, devem ir at\u00e9 a escola onde desejam estudar ou procurar a Superintend\u00eancia Regional de Educa\u00e7\u00e3o (SRE), respons\u00e1vel pelo munic\u00edpio [&hellip;]","og_url":"https:\/\/jornalfatosenoticias.com.br\/index.php\/2022\/01\/26\/estudantes-que-nao-participaram-da-chamada-publica-escolar-2022-devem-procurar-escola-onde-desejam-estudar\/","og_site_name":"Jornal Fatos e Not\u00edcias","article_published_time":"2022-01-26T14:59:50+00:00","article_modified_time":"2022-01-26T14:59:52+00:00","og_image":[{"width":1000,"height":448,"url":"https:\/\/jornalfatosenoticias.com.br\/wp-content\/uploads\/2022\/01\/chamada-publica-escolar.jpeg","type":"image\/jpeg"}],"author":"Luzimara Fernandes","twitter_card":"summary_large_image","twitter_misc":{"Escrito por":"Luzimara Fernandes","Est. tempo de leitura":"2 minutos"},"schema":{"@context":"https:\/\/schema.org","@graph":[{"@type":"Article","@id":"https:\/\/jornalfatosenoticias.com.br\/index.php\/2022\/01\/26\/estudantes-que-nao-participaram-da-chamada-publica-escolar-2022-devem-procurar-escola-onde-desejam-estudar\/#article","isPartOf":{"@id":"https:\/\/jornalfatosenoticias.com.br\/index.php\/2022\/01\/26\/estudantes-que-nao-participaram-da-chamada-publica-escolar-2022-devem-procurar-escola-onde-desejam-estudar\/"},"author":{"name":"Luzimara Fernandes","@id":"https:\/\/jornalfatosenoticias.com.br\/#\/schema\/person\/d63837fa13ac8666eb9e74e0985d6f81"},"headline":"Estudantes que n\u00e3o participaram da Chamada P\u00fablica Escolar 2022 devem procurar escola onde desejam estudar","datePublished":"2022-01-26T14:59:50+00:00","dateModified":"2022-01-26T14:59:52+00:00","mainEntityOfPage":{"@id":"https:\/\/jornalfatosenoticias.com.br\/index.php\/2022\/01\/26\/estudantes-que-nao-participaram-da-chamada-publica-escolar-2022-devem-procurar-escola-onde-desejam-estudar\/"},"wordCount":355,"commentCount":0,"publisher":{"@id":"https:\/\/jornalfatosenoticias.com.br\/#organization"},"image":{"@id":"https:\/\/jornalfatosenoticias.com.br\/index.php\/2022\/01\/26\/estudantes-que-nao-participaram-da-chamada-publica-escolar-2022-devem-procurar-escola-onde-desejam-estudar\/#primaryimage"},"thumbnailUrl":"https:\/\/jornalfatosenoticias.com.br\/wp-content\/uploads\/2022\/01\/chamada-publica-escolar.jpeg","keywords":["Chamada P\u00fablica Escolar 2022","matr\u00edcula","rede estadual de ensino","unidade escolar"],"articleSection":["Educa\u00e7\u00e3o"],"inLanguage":"pt-BR","potentialAction":[{"@type":"CommentAction","name":"Comment","target":["https:\/\/jornalfatosenoticias.com.br\/index.php\/2022\/01\/26\/estudantes-que-nao-participaram-da-chamada-publica-escolar-2022-devem-procurar-escola-onde-desejam-estudar\/#respond"]}]},{"@type":"WebPage","@id":"https:\/\/jornalfatosenoticias.com.br\/index.php\/2022\/01\/26\/estudantes-que-nao-participaram-da-chamada-publica-escolar-2022-devem-procurar-escola-onde-desejam-estudar\/","url":"https:\/\/jornalfatosenoticias.com.br\/index.php\/2022\/01\/26\/estudantes-que-nao-participaram-da-chamada-publica-escolar-2022-devem-procurar-escola-onde-desejam-estudar\/","name":"Estudantes que n\u00e3o participaram da Chamada P\u00fablica Escolar 2022 devem procurar escola onde desejam estudar - Jornal Fatos e Not\u00edcias","isPartOf":{"@id":"https:\/\/jornalfatosenoticias.com.br\/#website"},"primaryImageOfPage":{"@id":"https:\/\/jornalfatosenoticias.com.br\/index.php\/2022\/01\/26\/estudantes-que-nao-participaram-da-chamada-publica-escolar-2022-devem-procurar-escola-onde-desejam-estudar\/#primaryimage"},"image":{"@id":"https:\/\/jornalfatosenoticias.com.br\/index.php\/2022\/01\/26\/estudantes-que-nao-participaram-da-chamada-publica-escolar-2022-devem-procurar-escola-onde-desejam-estudar\/#primaryimage"},"thumbnailUrl":"https:\/\/jornalfatosenoticias.com.br\/wp-content\/uploads\/2022\/01\/chamada-publica-escolar.jpeg","datePublished":"2022-01-26T14:59:50+00:00","dateModified":"2022-01-26T14:59:52+00:00","breadcrumb":{"@id":"https:\/\/jornalfatosenoticias.com.br\/index.php\/2022\/01\/26\/estudantes-que-nao-participaram-da-chamada-publica-escolar-2022-devem-procurar-escola-onde-desejam-estudar\/#breadcrumb"},"inLanguage":"pt-BR","potentialAction":[{"@type":"ReadAction","target":["https:\/\/jornalfatosenoticias.com.br\/index.php\/2022\/01\/26\/estudantes-que-nao-participaram-da-chamada-publica-escolar-2022-devem-procurar-escola-onde-desejam-estudar\/"]}]},{"@type":"ImageObject","inLanguage":"pt-BR","@id":"https:\/\/jornalfatosenoticias.com.br\/index.php\/2022\/01\/26\/estudantes-que-nao-participaram-da-chamada-publica-escolar-2022-devem-procurar-escola-onde-desejam-estudar\/#primaryimage","url":"https:\/\/jornalfatosenoticias.com.br\/wp-content\/uploads\/2022\/01\/chamada-publica-escolar.jpeg","contentUrl":"https:\/\/jornalfatosenoticias.com.br\/wp-content\/uploads\/2022\/01\/chamada-publica-escolar.jpeg","width":1000,"height":448},{"@type":"BreadcrumbList","@id":"https:\/\/jornalfatosenoticias.com.br\/index.php\/2022\/01\/26\/estudantes-que-nao-participaram-da-chamada-publica-escolar-2022-devem-procurar-escola-onde-desejam-estudar\/#breadcrumb","itemListElement":[{"@type":"ListItem","position":1,"name":"In\u00edcio","item":"https:\/\/jornalfatosenoticias.com.br\/"},{"@type":"ListItem","position":2,"name":"Estudantes que n\u00e3o participaram da Chamada P\u00fablica Escolar 2022 devem procurar escola onde desejam estudar"}]},{"@type":"WebSite","@id":"https:\/\/jornalfatosenoticias.com.br\/#website","url":"https:\/\/jornalfatosenoticias.com.br\/","name":"Jornal Fatos e Not\u00edcias","description":"Not\u00edcias em geral","publisher":{"@id":"https:\/\/jornalfatosenoticias.com.br\/#organization"},"potentialAction":[{"@type":"SearchAction","target":{"@type":"EntryPoint","urlTemplate":"https:\/\/jornalfatosenoticias.com.br\/?s={search_term_string}"},"query-input":{"@type":"PropertyValueSpecification","valueRequired":true,"valueName":"search_term_string"}}],"inLanguage":"pt-BR"},{"@type":"Organization","@id":"https:\/\/jornalfatosenoticias.com.br\/#organization","name":"Jornal Fatos e Not\u00edcias","url":"https:\/\/jornalfatosenoticias.com.br\/","logo":{"@type":"ImageObject","inLanguage":"pt-BR","@id":"https:\/\/jornalfatosenoticias.com.br\/#\/schema\/logo\/image\/","url":"https:\/\/jornalfatosenoticias.com.br\/wp-content\/uploads\/2020\/02\/logo120.png","contentUrl":"https:\/\/jornalfatosenoticias.com.br\/wp-content\/uploads\/2020\/02\/logo120.png","width":1227,"height":120,"caption":"Jornal Fatos e Not\u00edcias"},"image":{"@id":"https:\/\/jornalfatosenoticias.com.br\/#\/schema\/logo\/image\/"}},{"@type":"Person","@id":"https:\/\/jornalfatosenoticias.com.br\/#\/schema\/person\/d63837fa13ac8666eb9e74e0985d6f81","name":"Luzimara Fernandes","image":{"@type":"ImageObject","inLanguage":"pt-BR","@id":"https:\/\/jornalfatosenoticias.com.br\/#\/schema\/person\/image\/","url":"https:\/\/jornalfatosenoticias.com.br\/wp-content\/uploads\/2025\/05\/EU_portal.jpg","contentUrl":"https:\/\/jornalfatosenoticias.com.br\/wp-content\/uploads\/2025\/05\/EU_portal.jpg","caption":"Luzimara Fernandes"},"description":"Jornalista MTB 2358-ES","sameAs":["https:\/\/jornalfatosenoticias.com.br"],"url":"https:\/\/jornalfatosenoticias.com.br\/index.php\/author\/luzimara\/"}]}},"cc_featured_image_caption":{"caption_text":"(Foto: Ascom Sedu) ","source_text":"","source_url":""},"jetpack_featured_media_url":"https:\/\/jornalfatosenoticias.com.br\/wp-content\/uploads\/2022\/01\/chamada-publica-escolar.jpeg","_links":{"self":[{"href":"https:\/\/jornalfatosenoticias.com.br\/index.php\/wp-json\/wp\/v2\/posts\/27217","targetHints":{"allow":["GET"]}}],"collection":[{"href":"https:\/\/jornalfatosenoticias.com.br\/index.php\/wp-json\/wp\/v2\/posts"}],"about":[{"href":"https:\/\/jornalfatosenoticias.com.br\/index.php\/wp-json\/wp\/v2\/types\/post"}],"author":[{"embeddable":true,"href":"https:\/\/jornalfatosenoticias.com.br\/index.php\/wp-json\/wp\/v2\/users\/2"}],"replies":[{"embeddable":true,"href":"https:\/\/jornalfatosenoticias.com.br\/index.php\/wp-json\/wp\/v2\/comments?post=27217"}],"version-history":[{"count":0,"href":"https:\/\/jornalfatosenoticias.com.br\/index.php\/wp-json\/wp\/v2\/posts\/27217\/revisions"}],"wp:featuredmedia":[{"embeddable":true,"href":"https:\/\/jornalfatosenoticias.com.br\/index.php\/wp-json\/wp\/v2\/media\/27218"}],"wp:attachment":[{"href":"https:\/\/jornalfatosenoticias.com.br\/index.php\/wp-json\/wp\/v2\/media?parent=27217"}],"wp:term":[{"taxonomy":"category","embeddable":true,"href":"https:\/\/jornalfatosenoticias.com.br\/index.php\/wp-json\/wp\/v2\/categories?post=27217"},{"taxonomy":"post_tag","embeddable":true,"href":"https:\/\/jornalfatosenoticias.com.br\/index.php\/wp-json\/wp\/v2\/tags?post=27217"}],"curies":[{"name":"wp","href":"https:\/\/api.w.org\/{rel}","templated":true}]}}