{"id":27253,"date":"2022-01-27T13:55:10","date_gmt":"2022-01-27T16:55:10","guid":{"rendered":"https:\/\/jornalfatosenoticias.com.br\/?p=27253"},"modified":"2022-01-27T13:55:11","modified_gmt":"2022-01-27T16:55:11","slug":"fafi-abre-inscricoes-nesta-quinta-feira-27","status":"publish","type":"post","link":"https:\/\/jornalfatosenoticias.com.br\/index.php\/2022\/01\/27\/fafi-abre-inscricoes-nesta-quinta-feira-27\/","title":{"rendered":"Fafi abre inscri\u00e7\u00f5es nesta quinta-feira (27)"},"content":{"rendered":"\n<p>O ano come\u00e7a com a renova\u00e7\u00e3o dos sonhos daqueles que desejam entrar para o mundo das artes como ator ou atriz. A Escola T\u00e9cnica de Teatro, Dan\u00e7a e M\u00fasica (Fafi) abre, nesta quinta-feira (27), 320 vagas para oficinas livres de teatro na institui\u00e7\u00e3o. Ao todo, nove diferentes modalidades aguardam pelos novos artistas, que poder\u00e3o escolher entre: Inicia\u00e7\u00e3o Teatral, Dan\u00e7a\/Teatro, Teatro de Bonecos, Teatro Avan\u00e7ado, Teatro de Rua, Teatro para Professores, Teatro para Profissionais da Voz, Teatro para Musicais e Jogos Teatrais.<\/p>\n\n\n\n<p><strong><span class=\"has-inline-color has-vivid-red-color\">Inscri\u00e7\u00f5es<br><\/span><\/strong>As pr\u00e9-inscri\u00e7\u00f5es devem ser realizadas por meio do <a href=\"https:\/\/vixcursos.vitoria.es.gov.br\/\">Vix Cursos<\/a>, a partir da pr\u00f3xima quinta-feira (27) at\u00e9 o dia 04 de fevereiro. Do dia 07 ao dia 11 de fevereiro os pr\u00e9-inscritos dever\u00e3o efetivar a matr\u00edcula (de acordo com a turma na qual se inscreveram) na sede da institui\u00e7\u00e3o, que fica na Avenida Jer\u00f4nimo Monteiro, n\u00ba 656, no Centro da cidade.<br>A coordena\u00e7\u00e3o da Fafi reitera a necessidade dos candidatos ficarem atentos \u00e0s instru\u00e7\u00f5es e pr\u00e9 requisitos para concorrer \u00e0s vagas que constam no Vix Cursos.<\/p>\n\n\n\n<figure class=\"wp-block-image size-large\"><img loading=\"lazy\" decoding=\"async\" width=\"1000\" height=\"666\" src=\"https:\/\/jornalfatosenoticias.com.br\/wp-content\/uploads\/2022\/01\/fafi2.jpg\" alt=\"\" class=\"wp-image-27254\" srcset=\"https:\/\/jornalfatosenoticias.com.br\/wp-content\/uploads\/2022\/01\/fafi2.jpg 1000w, https:\/\/jornalfatosenoticias.com.br\/wp-content\/uploads\/2022\/01\/fafi2-300x200.jpg 300w, https:\/\/jornalfatosenoticias.com.br\/wp-content\/uploads\/2022\/01\/fafi2-768x511.jpg 768w\" sizes=\"auto, (max-width: 1000px) 100vw, 1000px\" \/><figcaption><em><span class=\"has-inline-color has-black-color\">Espet\u00e1culo Teatral Bar\u00e3o nas \u00c1rvores (Foto: Leonardo Silveira\/PMV)<\/span><\/em><\/figcaption><\/figure>\n\n\n\n<p><strong><span class=\"has-inline-color has-vivid-red-color\">Confira as oportunidades:<br><\/span><\/strong>Oficina de Inicia\u00e7\u00e3o Teatral (a partir de 18 anos) \u2014 Turno: Noturno (60 vagas);<br>Oficina de Dan\u00e7a\/Teatro (a partir de 18 anos) \u2014 Turno: Noturno (20 vagas);<br>Oficina de Teatro de Bonecos (a partir de 18 anos) \u2014 Turno: Noturno (20 vagas);<br>Oficina de Teatro Avan\u00e7ado (a partir de 18 anos) \u2014 Turno: Noturno (40 vagas);<br>Oficina de Teatro de Rua (a partir de 18 anos) \u2014 Turno: Noturno (20 vagas);<br>Oficina de Teatro para professores (a partir de 18 anos) \u2014 Turno: Noturno (20 vagas);<br>Oficina de Teatro para profissionais da voz (a partir de 18 anos) \u2014 Turno: Noturno (20 vagas);<br>Oficina Teatro de Musicais (a partir de 18 anos) \u2014 Turno: Noturno (40 vagas);<br>Oficina de Jogos Teatrais (a partir de 12 anos) \u2014 Turno: Vespertino (80 vagas);<\/p>\n\n\n\n<p>Mais informa\u00e7\u00f5es podem ser obtidas por meio do telefone (27) 3381-6921 ou pelo e-mail agendafafi@gmail.com.<\/p>\n\n\n\n<p><strong><span class=\"has-inline-color has-vivid-red-color\">Servi\u00e7o<br><\/span><\/strong>Inscri\u00e7\u00f5es para oficinas livres de teatro<br><strong>Quando: <\/strong>pr\u00e9-inscri\u00e7\u00f5es de <span style=\"text-decoration: underline;\">27 a 04 de fevereiro<\/span><br><strong>Onde:<\/strong> site VixCursos<br><strong>Vagas:<\/strong> 320<br><strong>Mais informa\u00e7\u00f5es:<\/strong> (27) 3381-6921 | agendafafi@gmail.com<\/p>\n\n\n\n<p><strong><em>Fonte: <a href=\"https:\/\/www.vitoria.es.gov.br\/noticia\/teatro-fafi-abre-inscricoes-na-proxima-quinta-feira-27-44530#:~:text=A%20Escola%20T%C3%A9cnica%20de%20Teatro,livres%20de%20teatro%20na%20institui%C3%A7%C3%A3o.\">PMV<\/a><\/em><\/strong><\/p>\n","protected":false},"excerpt":{"rendered":"<p>O ano come\u00e7a com a renova\u00e7\u00e3o dos sonhos daqueles que desejam entrar para o mundo das artes como ator ou atriz. A Escola T\u00e9cnica de Teatro, Dan\u00e7a e M\u00fasica (Fafi) abre, nesta quinta-feira (27), 320 vagas para oficinas livres de teatro na institui\u00e7\u00e3o. Ao todo, nove diferentes modalidades aguardam pelos novos artistas, que poder\u00e3o escolher [&hellip;]<\/p>\n","protected":false},"author":2,"featured_media":27255,"comment_status":"open","ping_status":"open","sticky":false,"template":"","format":"standard","meta":{"footnotes":""},"categories":[4],"tags":[1431,13063,4243,4311],"class_list":["post-27253","post","type-post","status-publish","format-standard","has-post-thumbnail","hentry","category-cultura","tag-artes","tag-escola-de-artes","tag-fafi","tag-teatro"],"yoast_head":"<!-- This site is optimized with the Yoast SEO plugin v26.5 - https:\/\/yoast.com\/wordpress\/plugins\/seo\/ -->\n<title>Fafi abre inscri\u00e7\u00f5es nesta quinta-feira (27) - Jornal Fatos e Not\u00edcias<\/title>\n<meta name=\"robots\" content=\"index, follow, max-snippet:-1, max-image-preview:large, max-video-preview:-1\" \/>\n<link rel=\"canonical\" href=\"https:\/\/jornalfatosenoticias.com.br\/index.php\/2022\/01\/27\/fafi-abre-inscricoes-nesta-quinta-feira-27\/\" \/>\n<meta property=\"og:locale\" content=\"pt_BR\" \/>\n<meta property=\"og:type\" content=\"article\" \/>\n<meta property=\"og:title\" content=\"Fafi abre inscri\u00e7\u00f5es nesta quinta-feira (27) - Jornal Fatos e Not\u00edcias\" \/>\n<meta property=\"og:description\" content=\"O ano come\u00e7a com a renova\u00e7\u00e3o dos sonhos daqueles que desejam entrar para o mundo das artes como ator ou atriz. A Escola T\u00e9cnica de Teatro, Dan\u00e7a e M\u00fasica (Fafi) abre, nesta quinta-feira (27), 320 vagas para oficinas livres de teatro na institui\u00e7\u00e3o. Ao todo, nove diferentes modalidades aguardam pelos novos artistas, que poder\u00e3o escolher [&hellip;]\" \/>\n<meta property=\"og:url\" content=\"https:\/\/jornalfatosenoticias.com.br\/index.php\/2022\/01\/27\/fafi-abre-inscricoes-nesta-quinta-feira-27\/\" \/>\n<meta property=\"og:site_name\" content=\"Jornal Fatos e Not\u00edcias\" \/>\n<meta property=\"article:published_time\" content=\"2022-01-27T16:55:10+00:00\" \/>\n<meta property=\"article:modified_time\" content=\"2022-01-27T16:55:11+00:00\" \/>\n<meta property=\"og:image\" content=\"https:\/\/jornalfatosenoticias.com.br\/wp-content\/uploads\/2022\/01\/fafi.jpg\" \/>\n\t<meta property=\"og:image:width\" content=\"1000\" \/>\n\t<meta property=\"og:image:height\" content=\"361\" \/>\n\t<meta property=\"og:image:type\" content=\"image\/jpeg\" \/>\n<meta name=\"author\" content=\"Luzimara Fernandes\" \/>\n<meta name=\"twitter:card\" content=\"summary_large_image\" \/>\n<meta name=\"twitter:label1\" content=\"Escrito por\" \/>\n\t<meta name=\"twitter:data1\" content=\"Luzimara Fernandes\" \/>\n\t<meta name=\"twitter:label2\" content=\"Est. tempo de leitura\" \/>\n\t<meta name=\"twitter:data2\" content=\"2 minutos\" \/>\n<script type=\"application\/ld+json\" class=\"yoast-schema-graph\">{\"@context\":\"https:\/\/schema.org\",\"@graph\":[{\"@type\":\"Article\",\"@id\":\"https:\/\/jornalfatosenoticias.com.br\/index.php\/2022\/01\/27\/fafi-abre-inscricoes-nesta-quinta-feira-27\/#article\",\"isPartOf\":{\"@id\":\"https:\/\/jornalfatosenoticias.com.br\/index.php\/2022\/01\/27\/fafi-abre-inscricoes-nesta-quinta-feira-27\/\"},\"author\":{\"name\":\"Luzimara Fernandes\",\"@id\":\"https:\/\/jornalfatosenoticias.com.br\/#\/schema\/person\/d63837fa13ac8666eb9e74e0985d6f81\"},\"headline\":\"Fafi abre inscri\u00e7\u00f5es nesta quinta-feira (27)\",\"datePublished\":\"2022-01-27T16:55:10+00:00\",\"dateModified\":\"2022-01-27T16:55:11+00:00\",\"mainEntityOfPage\":{\"@id\":\"https:\/\/jornalfatosenoticias.com.br\/index.php\/2022\/01\/27\/fafi-abre-inscricoes-nesta-quinta-feira-27\/\"},\"wordCount\":358,\"commentCount\":0,\"publisher\":{\"@id\":\"https:\/\/jornalfatosenoticias.com.br\/#organization\"},\"image\":{\"@id\":\"https:\/\/jornalfatosenoticias.com.br\/index.php\/2022\/01\/27\/fafi-abre-inscricoes-nesta-quinta-feira-27\/#primaryimage\"},\"thumbnailUrl\":\"https:\/\/jornalfatosenoticias.com.br\/wp-content\/uploads\/2022\/01\/fafi.jpg\",\"keywords\":[\"artes\",\"escola de artes\",\"Fafi\",\"teatro\"],\"articleSection\":[\"Cultura\"],\"inLanguage\":\"pt-BR\",\"potentialAction\":[{\"@type\":\"CommentAction\",\"name\":\"Comment\",\"target\":[\"https:\/\/jornalfatosenoticias.com.br\/index.php\/2022\/01\/27\/fafi-abre-inscricoes-nesta-quinta-feira-27\/#respond\"]}]},{\"@type\":\"WebPage\",\"@id\":\"https:\/\/jornalfatosenoticias.com.br\/index.php\/2022\/01\/27\/fafi-abre-inscricoes-nesta-quinta-feira-27\/\",\"url\":\"https:\/\/jornalfatosenoticias.com.br\/index.php\/2022\/01\/27\/fafi-abre-inscricoes-nesta-quinta-feira-27\/\",\"name\":\"Fafi abre inscri\u00e7\u00f5es nesta quinta-feira (27) - Jornal Fatos e Not\u00edcias\",\"isPartOf\":{\"@id\":\"https:\/\/jornalfatosenoticias.com.br\/#website\"},\"primaryImageOfPage\":{\"@id\":\"https:\/\/jornalfatosenoticias.com.br\/index.php\/2022\/01\/27\/fafi-abre-inscricoes-nesta-quinta-feira-27\/#primaryimage\"},\"image\":{\"@id\":\"https:\/\/jornalfatosenoticias.com.br\/index.php\/2022\/01\/27\/fafi-abre-inscricoes-nesta-quinta-feira-27\/#primaryimage\"},\"thumbnailUrl\":\"https:\/\/jornalfatosenoticias.com.br\/wp-content\/uploads\/2022\/01\/fafi.jpg\",\"datePublished\":\"2022-01-27T16:55:10+00:00\",\"dateModified\":\"2022-01-27T16:55:11+00:00\",\"breadcrumb\":{\"@id\":\"https:\/\/jornalfatosenoticias.com.br\/index.php\/2022\/01\/27\/fafi-abre-inscricoes-nesta-quinta-feira-27\/#breadcrumb\"},\"inLanguage\":\"pt-BR\",\"potentialAction\":[{\"@type\":\"ReadAction\",\"target\":[\"https:\/\/jornalfatosenoticias.com.br\/index.php\/2022\/01\/27\/fafi-abre-inscricoes-nesta-quinta-feira-27\/\"]}]},{\"@type\":\"ImageObject\",\"inLanguage\":\"pt-BR\",\"@id\":\"https:\/\/jornalfatosenoticias.com.br\/index.php\/2022\/01\/27\/fafi-abre-inscricoes-nesta-quinta-feira-27\/#primaryimage\",\"url\":\"https:\/\/jornalfatosenoticias.com.br\/wp-content\/uploads\/2022\/01\/fafi.jpg\",\"contentUrl\":\"https:\/\/jornalfatosenoticias.com.br\/wp-content\/uploads\/2022\/01\/fafi.jpg\",\"width\":1000,\"height\":361,\"caption\":\"Teatro: Fafi abre inscri\u00e7\u00f5es na pr\u00f3xima quinta-feira (27\"},{\"@type\":\"BreadcrumbList\",\"@id\":\"https:\/\/jornalfatosenoticias.com.br\/index.php\/2022\/01\/27\/fafi-abre-inscricoes-nesta-quinta-feira-27\/#breadcrumb\",\"itemListElement\":[{\"@type\":\"ListItem\",\"position\":1,\"name\":\"In\u00edcio\",\"item\":\"https:\/\/jornalfatosenoticias.com.br\/\"},{\"@type\":\"ListItem\",\"position\":2,\"name\":\"Fafi abre inscri\u00e7\u00f5es nesta quinta-feira (27)\"}]},{\"@type\":\"WebSite\",\"@id\":\"https:\/\/jornalfatosenoticias.com.br\/#website\",\"url\":\"https:\/\/jornalfatosenoticias.com.br\/\",\"name\":\"Jornal Fatos e Not\u00edcias\",\"description\":\"Not\u00edcias em geral\",\"publisher\":{\"@id\":\"https:\/\/jornalfatosenoticias.com.br\/#organization\"},\"potentialAction\":[{\"@type\":\"SearchAction\",\"target\":{\"@type\":\"EntryPoint\",\"urlTemplate\":\"https:\/\/jornalfatosenoticias.com.br\/?s={search_term_string}\"},\"query-input\":{\"@type\":\"PropertyValueSpecification\",\"valueRequired\":true,\"valueName\":\"search_term_string\"}}],\"inLanguage\":\"pt-BR\"},{\"@type\":\"Organization\",\"@id\":\"https:\/\/jornalfatosenoticias.com.br\/#organization\",\"name\":\"Jornal Fatos e Not\u00edcias\",\"url\":\"https:\/\/jornalfatosenoticias.com.br\/\",\"logo\":{\"@type\":\"ImageObject\",\"inLanguage\":\"pt-BR\",\"@id\":\"https:\/\/jornalfatosenoticias.com.br\/#\/schema\/logo\/image\/\",\"url\":\"https:\/\/jornalfatosenoticias.com.br\/wp-content\/uploads\/2020\/02\/logo120.png\",\"contentUrl\":\"https:\/\/jornalfatosenoticias.com.br\/wp-content\/uploads\/2020\/02\/logo120.png\",\"width\":1227,\"height\":120,\"caption\":\"Jornal Fatos e Not\u00edcias\"},\"image\":{\"@id\":\"https:\/\/jornalfatosenoticias.com.br\/#\/schema\/logo\/image\/\"}},{\"@type\":\"Person\",\"@id\":\"https:\/\/jornalfatosenoticias.com.br\/#\/schema\/person\/d63837fa13ac8666eb9e74e0985d6f81\",\"name\":\"Luzimara Fernandes\",\"image\":{\"@type\":\"ImageObject\",\"inLanguage\":\"pt-BR\",\"@id\":\"https:\/\/jornalfatosenoticias.com.br\/#\/schema\/person\/image\/\",\"url\":\"https:\/\/jornalfatosenoticias.com.br\/wp-content\/uploads\/2025\/05\/EU_portal.jpg\",\"contentUrl\":\"https:\/\/jornalfatosenoticias.com.br\/wp-content\/uploads\/2025\/05\/EU_portal.jpg\",\"caption\":\"Luzimara Fernandes\"},\"description\":\"Jornalista MTB 2358-ES\",\"sameAs\":[\"https:\/\/jornalfatosenoticias.com.br\"],\"url\":\"https:\/\/jornalfatosenoticias.com.br\/index.php\/author\/luzimara\/\"}]}<\/script>\n<!-- \/ Yoast SEO plugin. -->","yoast_head_json":{"title":"Fafi abre inscri\u00e7\u00f5es nesta quinta-feira (27) - Jornal Fatos e Not\u00edcias","robots":{"index":"index","follow":"follow","max-snippet":"max-snippet:-1","max-image-preview":"max-image-preview:large","max-video-preview":"max-video-preview:-1"},"canonical":"https:\/\/jornalfatosenoticias.com.br\/index.php\/2022\/01\/27\/fafi-abre-inscricoes-nesta-quinta-feira-27\/","og_locale":"pt_BR","og_type":"article","og_title":"Fafi abre inscri\u00e7\u00f5es nesta quinta-feira (27) - Jornal Fatos e Not\u00edcias","og_description":"O ano come\u00e7a com a renova\u00e7\u00e3o dos sonhos daqueles que desejam entrar para o mundo das artes como ator ou atriz. A Escola T\u00e9cnica de Teatro, Dan\u00e7a e M\u00fasica (Fafi) abre, nesta quinta-feira (27), 320 vagas para oficinas livres de teatro na institui\u00e7\u00e3o. Ao todo, nove diferentes modalidades aguardam pelos novos artistas, que poder\u00e3o escolher [&hellip;]","og_url":"https:\/\/jornalfatosenoticias.com.br\/index.php\/2022\/01\/27\/fafi-abre-inscricoes-nesta-quinta-feira-27\/","og_site_name":"Jornal Fatos e Not\u00edcias","article_published_time":"2022-01-27T16:55:10+00:00","article_modified_time":"2022-01-27T16:55:11+00:00","og_image":[{"width":1000,"height":361,"url":"https:\/\/jornalfatosenoticias.com.br\/wp-content\/uploads\/2022\/01\/fafi.jpg","type":"image\/jpeg"}],"author":"Luzimara Fernandes","twitter_card":"summary_large_image","twitter_misc":{"Escrito por":"Luzimara Fernandes","Est. tempo de leitura":"2 minutos"},"schema":{"@context":"https:\/\/schema.org","@graph":[{"@type":"Article","@id":"https:\/\/jornalfatosenoticias.com.br\/index.php\/2022\/01\/27\/fafi-abre-inscricoes-nesta-quinta-feira-27\/#article","isPartOf":{"@id":"https:\/\/jornalfatosenoticias.com.br\/index.php\/2022\/01\/27\/fafi-abre-inscricoes-nesta-quinta-feira-27\/"},"author":{"name":"Luzimara Fernandes","@id":"https:\/\/jornalfatosenoticias.com.br\/#\/schema\/person\/d63837fa13ac8666eb9e74e0985d6f81"},"headline":"Fafi abre inscri\u00e7\u00f5es nesta quinta-feira (27)","datePublished":"2022-01-27T16:55:10+00:00","dateModified":"2022-01-27T16:55:11+00:00","mainEntityOfPage":{"@id":"https:\/\/jornalfatosenoticias.com.br\/index.php\/2022\/01\/27\/fafi-abre-inscricoes-nesta-quinta-feira-27\/"},"wordCount":358,"commentCount":0,"publisher":{"@id":"https:\/\/jornalfatosenoticias.com.br\/#organization"},"image":{"@id":"https:\/\/jornalfatosenoticias.com.br\/index.php\/2022\/01\/27\/fafi-abre-inscricoes-nesta-quinta-feira-27\/#primaryimage"},"thumbnailUrl":"https:\/\/jornalfatosenoticias.com.br\/wp-content\/uploads\/2022\/01\/fafi.jpg","keywords":["artes","escola de artes","Fafi","teatro"],"articleSection":["Cultura"],"inLanguage":"pt-BR","potentialAction":[{"@type":"CommentAction","name":"Comment","target":["https:\/\/jornalfatosenoticias.com.br\/index.php\/2022\/01\/27\/fafi-abre-inscricoes-nesta-quinta-feira-27\/#respond"]}]},{"@type":"WebPage","@id":"https:\/\/jornalfatosenoticias.com.br\/index.php\/2022\/01\/27\/fafi-abre-inscricoes-nesta-quinta-feira-27\/","url":"https:\/\/jornalfatosenoticias.com.br\/index.php\/2022\/01\/27\/fafi-abre-inscricoes-nesta-quinta-feira-27\/","name":"Fafi abre inscri\u00e7\u00f5es nesta quinta-feira (27) - Jornal Fatos e Not\u00edcias","isPartOf":{"@id":"https:\/\/jornalfatosenoticias.com.br\/#website"},"primaryImageOfPage":{"@id":"https:\/\/jornalfatosenoticias.com.br\/index.php\/2022\/01\/27\/fafi-abre-inscricoes-nesta-quinta-feira-27\/#primaryimage"},"image":{"@id":"https:\/\/jornalfatosenoticias.com.br\/index.php\/2022\/01\/27\/fafi-abre-inscricoes-nesta-quinta-feira-27\/#primaryimage"},"thumbnailUrl":"https:\/\/jornalfatosenoticias.com.br\/wp-content\/uploads\/2022\/01\/fafi.jpg","datePublished":"2022-01-27T16:55:10+00:00","dateModified":"2022-01-27T16:55:11+00:00","breadcrumb":{"@id":"https:\/\/jornalfatosenoticias.com.br\/index.php\/2022\/01\/27\/fafi-abre-inscricoes-nesta-quinta-feira-27\/#breadcrumb"},"inLanguage":"pt-BR","potentialAction":[{"@type":"ReadAction","target":["https:\/\/jornalfatosenoticias.com.br\/index.php\/2022\/01\/27\/fafi-abre-inscricoes-nesta-quinta-feira-27\/"]}]},{"@type":"ImageObject","inLanguage":"pt-BR","@id":"https:\/\/jornalfatosenoticias.com.br\/index.php\/2022\/01\/27\/fafi-abre-inscricoes-nesta-quinta-feira-27\/#primaryimage","url":"https:\/\/jornalfatosenoticias.com.br\/wp-content\/uploads\/2022\/01\/fafi.jpg","contentUrl":"https:\/\/jornalfatosenoticias.com.br\/wp-content\/uploads\/2022\/01\/fafi.jpg","width":1000,"height":361,"caption":"Teatro: Fafi abre inscri\u00e7\u00f5es na pr\u00f3xima quinta-feira (27"},{"@type":"BreadcrumbList","@id":"https:\/\/jornalfatosenoticias.com.br\/index.php\/2022\/01\/27\/fafi-abre-inscricoes-nesta-quinta-feira-27\/#breadcrumb","itemListElement":[{"@type":"ListItem","position":1,"name":"In\u00edcio","item":"https:\/\/jornalfatosenoticias.com.br\/"},{"@type":"ListItem","position":2,"name":"Fafi abre inscri\u00e7\u00f5es nesta quinta-feira (27)"}]},{"@type":"WebSite","@id":"https:\/\/jornalfatosenoticias.com.br\/#website","url":"https:\/\/jornalfatosenoticias.com.br\/","name":"Jornal Fatos e Not\u00edcias","description":"Not\u00edcias em geral","publisher":{"@id":"https:\/\/jornalfatosenoticias.com.br\/#organization"},"potentialAction":[{"@type":"SearchAction","target":{"@type":"EntryPoint","urlTemplate":"https:\/\/jornalfatosenoticias.com.br\/?s={search_term_string}"},"query-input":{"@type":"PropertyValueSpecification","valueRequired":true,"valueName":"search_term_string"}}],"inLanguage":"pt-BR"},{"@type":"Organization","@id":"https:\/\/jornalfatosenoticias.com.br\/#organization","name":"Jornal Fatos e Not\u00edcias","url":"https:\/\/jornalfatosenoticias.com.br\/","logo":{"@type":"ImageObject","inLanguage":"pt-BR","@id":"https:\/\/jornalfatosenoticias.com.br\/#\/schema\/logo\/image\/","url":"https:\/\/jornalfatosenoticias.com.br\/wp-content\/uploads\/2020\/02\/logo120.png","contentUrl":"https:\/\/jornalfatosenoticias.com.br\/wp-content\/uploads\/2020\/02\/logo120.png","width":1227,"height":120,"caption":"Jornal Fatos e Not\u00edcias"},"image":{"@id":"https:\/\/jornalfatosenoticias.com.br\/#\/schema\/logo\/image\/"}},{"@type":"Person","@id":"https:\/\/jornalfatosenoticias.com.br\/#\/schema\/person\/d63837fa13ac8666eb9e74e0985d6f81","name":"Luzimara Fernandes","image":{"@type":"ImageObject","inLanguage":"pt-BR","@id":"https:\/\/jornalfatosenoticias.com.br\/#\/schema\/person\/image\/","url":"https:\/\/jornalfatosenoticias.com.br\/wp-content\/uploads\/2025\/05\/EU_portal.jpg","contentUrl":"https:\/\/jornalfatosenoticias.com.br\/wp-content\/uploads\/2025\/05\/EU_portal.jpg","caption":"Luzimara Fernandes"},"description":"Jornalista MTB 2358-ES","sameAs":["https:\/\/jornalfatosenoticias.com.br"],"url":"https:\/\/jornalfatosenoticias.com.br\/index.php\/author\/luzimara\/"}]}},"cc_featured_image_caption":{"caption_text":"(Foto: Leonardo Silveira\/PMV)","source_text":"","source_url":""},"jetpack_featured_media_url":"https:\/\/jornalfatosenoticias.com.br\/wp-content\/uploads\/2022\/01\/fafi.jpg","_links":{"self":[{"href":"https:\/\/jornalfatosenoticias.com.br\/index.php\/wp-json\/wp\/v2\/posts\/27253","targetHints":{"allow":["GET"]}}],"collection":[{"href":"https:\/\/jornalfatosenoticias.com.br\/index.php\/wp-json\/wp\/v2\/posts"}],"about":[{"href":"https:\/\/jornalfatosenoticias.com.br\/index.php\/wp-json\/wp\/v2\/types\/post"}],"author":[{"embeddable":true,"href":"https:\/\/jornalfatosenoticias.com.br\/index.php\/wp-json\/wp\/v2\/users\/2"}],"replies":[{"embeddable":true,"href":"https:\/\/jornalfatosenoticias.com.br\/index.php\/wp-json\/wp\/v2\/comments?post=27253"}],"version-history":[{"count":0,"href":"https:\/\/jornalfatosenoticias.com.br\/index.php\/wp-json\/wp\/v2\/posts\/27253\/revisions"}],"wp:featuredmedia":[{"embeddable":true,"href":"https:\/\/jornalfatosenoticias.com.br\/index.php\/wp-json\/wp\/v2\/media\/27255"}],"wp:attachment":[{"href":"https:\/\/jornalfatosenoticias.com.br\/index.php\/wp-json\/wp\/v2\/media?parent=27253"}],"wp:term":[{"taxonomy":"category","embeddable":true,"href":"https:\/\/jornalfatosenoticias.com.br\/index.php\/wp-json\/wp\/v2\/categories?post=27253"},{"taxonomy":"post_tag","embeddable":true,"href":"https:\/\/jornalfatosenoticias.com.br\/index.php\/wp-json\/wp\/v2\/tags?post=27253"}],"curies":[{"name":"wp","href":"https:\/\/api.w.org\/{rel}","templated":true}]}}