{"id":27261,"date":"2022-01-27T14:07:48","date_gmt":"2022-01-27T17:07:48","guid":{"rendered":"https:\/\/jornalfatosenoticias.com.br\/?p=27261"},"modified":"2022-01-27T14:07:52","modified_gmt":"2022-01-27T17:07:52","slug":"forca-aerea-dos-eua-realizou-os-primeiros-voos-de-um-evtol-pilotado-remotamente-pelo-governo","status":"publish","type":"post","link":"https:\/\/jornalfatosenoticias.com.br\/index.php\/2022\/01\/27\/forca-aerea-dos-eua-realizou-os-primeiros-voos-de-um-evtol-pilotado-remotamente-pelo-governo\/","title":{"rendered":"For\u00e7a A\u00e9rea dos EUA realizou os primeiros voos de um eVTOL pilotado remotamente pelo governo"},"content":{"rendered":"\n<p>A For\u00e7a A\u00e9rea dos Estados Unidos (USAF) <a href=\"https:\/\/www.af.mil\/News\/Article-Display\/Article\/2906946\/afwerx-agility-prime-completes-first-usaf-piloted-flight-of-an-evtol-vehicle-wi\/\" target=\"_blank\" rel=\"noreferrer noopener\">publicou<\/a>\u00a0que os primeiros voos de um ve\u00edculo el\u00e9trico de decolagem e aterrissagem vertical (eVTOL)\u00a0<a href=\"https:\/\/olhardigital.com.br\/2022\/01\/20\/carros-e-tecnologia\/reservas-do-evtol-pessoal-jetson-one-se-esgotaram-e-producao-em-massa-vai-comecar-em-breve\/\" target=\"_blank\" rel=\"noreferrer noopener\">pilotado<\/a> remotamente pelo governo foram bem-sucedidos. A aeronave da s\u00e9rie Heaviside, fabricada pela empresa Kitty Hawk, voou em um treinamento ocorrido em Palo Alto, Calif\u00f3rnia, entre os dias 13 e 17 de dezembro de 2021.<br>Como parte de um treinamento complexo de controle remoto de piloto no eVTOL, o capit\u00e3o Terrence McKenna, piloto reserva da USAF, praticou v\u00e1rias manobras, desde <a href=\"https:\/\/olhardigital.com.br\/2021\/11\/11\/carros-e-tecnologia\/cityhawk-evtol-minusculo-e-sem-asas-israelense-quer-ser-o-futuro-do-transporte-urbano\/\" target=\"_blank\" rel=\"noreferrer noopener\">decolagem<\/a> e pouso, auto-hover e voo manual, at\u00e9 voo de asa fixa e transi\u00e7\u00f5es para voo vertical. O experiente piloto de aeronaves tripuladas, como o C-5 Galaxy e o T-38 Talon, auxiliou a equipe da Kitty Hawk no refinamento do produto e nos procedimentos de treinamento.<br>Equipado com oito h\u00e9lices el\u00e9tricas de passo vari\u00e1vel, o Heaviside pode atingir 289 km\/h, oferecendo tamb\u00e9m um <a href=\"https:\/\/olhardigital.com.br\/2021\/11\/17\/carros-e-tecnologia\/evtol-eve-senna-marca-criada-por-ayrton-senna-faz-parceria-com-embraer-para-criar-carro-voador\/\" target=\"_blank\" rel=\"noreferrer noopener\">alcance<\/a> de 160 km com uma \u00fanica carga. O peso m\u00e1ximo de decolagem desta aeronave \u00e9 de aproximadamente 399 kg, permitindo um passageiro de at\u00e9 cerca de 80 kg.<\/p>\n\n\n\n<p><strong><span class=\"has-inline-color has-black-color\">Voando remota e silenciosamente<br><\/span><\/strong>Entretanto, a For\u00e7a A\u00e9rea dos EUA afirma que o mais significativo \u00e9 o eVTOL da Kitty Hawk permanecer <a href=\"https:\/\/olhardigital.com.br\/2021\/12\/27\/carros-e-tecnologia\/primeiro-voo-do-evtol-ultrassilencioso-da-archer-assista\/\" target=\"_blank\" rel=\"noreferrer noopener\">silencioso<\/a>: apenas cerca de 35 decib\u00e9is a 1.500 p\u00e9s acima do n\u00edvel do solo \u2014 o que \u00e9 um pouco mais alto que um sussurro e cerca de 100 vezes mais silencioso que um helic\u00f3ptero. Al\u00e9m disso, a Heaviside demonstrou 237 transi\u00e7\u00f5es entre o voo pairado e o voo para frente.<br>A Kitty Hawk refinou seu uso de recursos de voo automatizados por meio de sua Esta\u00e7\u00e3o de Controle de Solo, ou GCS; os engenheiros podem fazer upload de um <a href=\"https:\/\/olhardigital.com.br\/2021\/10\/27\/carros-e-tecnologia\/startup-israelense-anuncia-air-one-um-evtol-de-2-lugares-baseado-no-dna-automotivo\/\" target=\"_blank\" rel=\"noreferrer noopener\">plano<\/a> de voo, informando ao ve\u00edculo para voar para determinados locais. Com isso, o Heaviside pode realizar todo o perfil de voo sem interven\u00e7\u00e3o humana.<\/p>\n\n\n\n<figure class=\"wp-block-image size-large\"><img loading=\"lazy\" decoding=\"async\" width=\"1000\" height=\"639\" src=\"https:\/\/jornalfatosenoticias.com.br\/wp-content\/uploads\/2022\/01\/voo-evtol-eua_2.jpg\" alt=\"\" class=\"wp-image-27262\" srcset=\"https:\/\/jornalfatosenoticias.com.br\/wp-content\/uploads\/2022\/01\/voo-evtol-eua_2.jpg 1000w, https:\/\/jornalfatosenoticias.com.br\/wp-content\/uploads\/2022\/01\/voo-evtol-eua_2-300x192.jpg 300w, https:\/\/jornalfatosenoticias.com.br\/wp-content\/uploads\/2022\/01\/voo-evtol-eua_2-768x491.jpg 768w\" sizes=\"auto, (max-width: 1000px) 100vw, 1000px\" \/><figcaption><em><span class=\"has-inline-color has-black-color\">(Foto: Divulga\u00e7\u00e3o\/For\u00e7a A\u00e9rea dos EUA)<\/span><\/em><\/figcaption><\/figure>\n\n\n\n<p><strong><span class=\"has-inline-color has-black-color\">O recurso Buddy Box<br><\/span><\/strong>No entanto, um recurso de treinamento destacado no Heaviside \u00e9 a configura\u00e7\u00e3o do Buddy Box (praticamente um controle remoto secund\u00e1rio conectado a um <a href=\"https:\/\/olhardigital.com.br\/2021\/10\/08\/carros-e-tecnologia\/conheca-o-mk-5-o-evtol-japones-com-33-helices\/\" target=\"_blank\" rel=\"noreferrer noopener\">controlador<\/a> prim\u00e1rio). Este sistema destina-se a um instrutor e um aluno exercendo as fun\u00e7\u00f5es de piloto externo em modo de voo manual; o trainee manuseia e opera a aeronave enquanto o instrutor fornece supervis\u00e3o e suporte.<br>Mais ou menos como acontece em um <a href=\"https:\/\/olhardigital.com.br\/2022\/01\/05\/carros-e-tecnologia\/conceito-de-cadillac-eletrico-e-autonomo-e-apresentado-na-ces-2022\/\" target=\"_blank\" rel=\"noreferrer noopener\">carro<\/a> de autoescola. Ou seja, o aluno opera o eVTOL sob a supervis\u00e3o do instrutor, que pode substituir qualquer dire\u00e7\u00e3o quando necess\u00e1rio ou em caso de urg\u00eancia a partir do controlador prim\u00e1rio.<br>De acordo com o comunicado oficial da For\u00e7a A\u00e9rea dos EUA, a Kitty Hawk est\u00e1 atualmente trabalhando com a Administra\u00e7\u00e3o Federal de Avia\u00e7\u00e3o (FAA) norte-americana na certifica\u00e7\u00e3o do Heaviside. Ao passo que a USAF planeja <a href=\"https:\/\/olhardigital.com.br\/2022\/01\/17\/carros-e-tecnologia\/aero3-evtol-de-asa-inclinada-tem-8-lugares-e-autonomia-de-1-020-km\/\" target=\"_blank\" rel=\"noreferrer noopener\">implantar<\/a> o eVTOL em modo totalmente automatizado em um futuro pr\u00f3ximo, para ser pilotado remotamente em suas a\u00e7\u00f5es.<br>Como ve\u00edculo a\u00e9reo militar, a aeronave poder\u00e1 se tornar essencial para tarefas como transporte de feridos, evacua\u00e7\u00e3o de <a href=\"https:\/\/olhardigital.com.br\/2022\/01\/19\/carros-e-tecnologia\/embraer-esta-registrando-marca-energia-para-linha-de-aeronaves-eletricas-e-hibridas-nos-estados-unidos\/\" target=\"_blank\" rel=\"noreferrer noopener\">ambientes<\/a> hostis, entregas de emerg\u00eancia, combate a inc\u00eandios e muito mais. Fundada h\u00e1 uma d\u00e9cada por Sebastian Thrun e apoiada pelo cofundador do Google, <a href=\"https:\/\/olhardigital.com.br\/2021\/04\/12\/pro\/cofundadores-do-google-tornam-se-centibilionarios\/\" target=\"_blank\" rel=\"noreferrer noopener\">Larry Paige<\/a>, a californiana Kitty Hawk desenvolveu o Heaviside como resultado de v\u00e1rios prot\u00f3tipos anteriores. Depois, fez parceria com a USAF por meio do programa Agility Prime.<\/p>\n\n\n\n<p><strong><em>Fonte: <a href=\"https:\/\/olhardigital.com.br\/2022\/01\/24\/carros-e-tecnologia\/forca-aerea-dos-eua-realizou-os-primeiros-voos-de-um-evtol-pilotado-remotamente-pelo-governo\/\">Olhar Digital<\/a><\/em><\/strong><\/p>\n","protected":false},"excerpt":{"rendered":"<p>A For\u00e7a A\u00e9rea dos Estados Unidos (USAF) publicou\u00a0que os primeiros voos de um ve\u00edculo el\u00e9trico de decolagem e aterrissagem vertical (eVTOL)\u00a0pilotado remotamente pelo governo foram bem-sucedidos. A aeronave da s\u00e9rie Heaviside, fabricada pela empresa Kitty Hawk, voou em um treinamento ocorrido em Palo Alto, Calif\u00f3rnia, entre os dias 13 e 17 de dezembro de 2021.Como [&hellip;]<\/p>\n","protected":false},"author":2,"featured_media":27263,"comment_status":"open","ping_status":"open","sticky":false,"template":"","format":"standard","meta":{"footnotes":""},"categories":[41,3],"tags":[159,8724,10622,5220,5827],"class_list":["post-27261","post","type-post","status-publish","format-standard","has-post-thumbnail","hentry","category-internacional","category-tecnologia","tag-eua","tag-evtol","tag-forca-aerea-americana","tag-tecnologia-militar","tag-voo"],"yoast_head":"<!-- This site is optimized with the Yoast SEO plugin v26.5 - https:\/\/yoast.com\/wordpress\/plugins\/seo\/ -->\n<title>For\u00e7a A\u00e9rea dos EUA realizou os primeiros voos de um eVTOL pilotado remotamente pelo governo - Jornal Fatos e Not\u00edcias<\/title>\n<meta name=\"robots\" content=\"index, follow, max-snippet:-1, max-image-preview:large, max-video-preview:-1\" \/>\n<link rel=\"canonical\" href=\"https:\/\/jornalfatosenoticias.com.br\/index.php\/2022\/01\/27\/forca-aerea-dos-eua-realizou-os-primeiros-voos-de-um-evtol-pilotado-remotamente-pelo-governo\/\" \/>\n<meta property=\"og:locale\" content=\"pt_BR\" \/>\n<meta property=\"og:type\" content=\"article\" \/>\n<meta property=\"og:title\" content=\"For\u00e7a A\u00e9rea dos EUA realizou os primeiros voos de um eVTOL pilotado remotamente pelo governo - Jornal Fatos e Not\u00edcias\" \/>\n<meta property=\"og:description\" content=\"A For\u00e7a A\u00e9rea dos Estados Unidos (USAF) publicou\u00a0que os primeiros voos de um ve\u00edculo el\u00e9trico de decolagem e aterrissagem vertical (eVTOL)\u00a0pilotado remotamente pelo governo foram bem-sucedidos. A aeronave da s\u00e9rie Heaviside, fabricada pela empresa Kitty Hawk, voou em um treinamento ocorrido em Palo Alto, Calif\u00f3rnia, entre os dias 13 e 17 de dezembro de 2021.Como [&hellip;]\" \/>\n<meta property=\"og:url\" content=\"https:\/\/jornalfatosenoticias.com.br\/index.php\/2022\/01\/27\/forca-aerea-dos-eua-realizou-os-primeiros-voos-de-um-evtol-pilotado-remotamente-pelo-governo\/\" \/>\n<meta property=\"og:site_name\" content=\"Jornal Fatos e Not\u00edcias\" \/>\n<meta property=\"article:published_time\" content=\"2022-01-27T17:07:48+00:00\" \/>\n<meta property=\"article:modified_time\" content=\"2022-01-27T17:07:52+00:00\" \/>\n<meta property=\"og:image\" content=\"https:\/\/jornalfatosenoticias.com.br\/wp-content\/uploads\/2022\/01\/voo-evtol-eua_1.jpg\" \/>\n\t<meta property=\"og:image:width\" content=\"1000\" \/>\n\t<meta property=\"og:image:height\" content=\"234\" \/>\n\t<meta property=\"og:image:type\" content=\"image\/jpeg\" \/>\n<meta name=\"author\" content=\"Luzimara Fernandes\" \/>\n<meta name=\"twitter:card\" content=\"summary_large_image\" \/>\n<meta name=\"twitter:label1\" content=\"Escrito por\" \/>\n\t<meta name=\"twitter:data1\" content=\"Luzimara Fernandes\" \/>\n\t<meta name=\"twitter:label2\" content=\"Est. tempo de leitura\" \/>\n\t<meta name=\"twitter:data2\" content=\"3 minutos\" \/>\n<script type=\"application\/ld+json\" class=\"yoast-schema-graph\">{\"@context\":\"https:\/\/schema.org\",\"@graph\":[{\"@type\":\"Article\",\"@id\":\"https:\/\/jornalfatosenoticias.com.br\/index.php\/2022\/01\/27\/forca-aerea-dos-eua-realizou-os-primeiros-voos-de-um-evtol-pilotado-remotamente-pelo-governo\/#article\",\"isPartOf\":{\"@id\":\"https:\/\/jornalfatosenoticias.com.br\/index.php\/2022\/01\/27\/forca-aerea-dos-eua-realizou-os-primeiros-voos-de-um-evtol-pilotado-remotamente-pelo-governo\/\"},\"author\":{\"name\":\"Luzimara Fernandes\",\"@id\":\"https:\/\/jornalfatosenoticias.com.br\/#\/schema\/person\/d63837fa13ac8666eb9e74e0985d6f81\"},\"headline\":\"For\u00e7a A\u00e9rea dos EUA realizou os primeiros voos de um eVTOL pilotado remotamente pelo governo\",\"datePublished\":\"2022-01-27T17:07:48+00:00\",\"dateModified\":\"2022-01-27T17:07:52+00:00\",\"mainEntityOfPage\":{\"@id\":\"https:\/\/jornalfatosenoticias.com.br\/index.php\/2022\/01\/27\/forca-aerea-dos-eua-realizou-os-primeiros-voos-de-um-evtol-pilotado-remotamente-pelo-governo\/\"},\"wordCount\":589,\"commentCount\":0,\"publisher\":{\"@id\":\"https:\/\/jornalfatosenoticias.com.br\/#organization\"},\"image\":{\"@id\":\"https:\/\/jornalfatosenoticias.com.br\/index.php\/2022\/01\/27\/forca-aerea-dos-eua-realizou-os-primeiros-voos-de-um-evtol-pilotado-remotamente-pelo-governo\/#primaryimage\"},\"thumbnailUrl\":\"https:\/\/jornalfatosenoticias.com.br\/wp-content\/uploads\/2022\/01\/voo-evtol-eua_1.jpg\",\"keywords\":[\"EUA\",\"eVTOL\",\"For\u00e7a A\u00e9rea Americana\",\"tecnologia militar\",\"voo\"],\"articleSection\":[\"Internacional\",\"Tecnologia &amp; Inova\u00e7\u00e3o\"],\"inLanguage\":\"pt-BR\",\"potentialAction\":[{\"@type\":\"CommentAction\",\"name\":\"Comment\",\"target\":[\"https:\/\/jornalfatosenoticias.com.br\/index.php\/2022\/01\/27\/forca-aerea-dos-eua-realizou-os-primeiros-voos-de-um-evtol-pilotado-remotamente-pelo-governo\/#respond\"]}]},{\"@type\":\"WebPage\",\"@id\":\"https:\/\/jornalfatosenoticias.com.br\/index.php\/2022\/01\/27\/forca-aerea-dos-eua-realizou-os-primeiros-voos-de-um-evtol-pilotado-remotamente-pelo-governo\/\",\"url\":\"https:\/\/jornalfatosenoticias.com.br\/index.php\/2022\/01\/27\/forca-aerea-dos-eua-realizou-os-primeiros-voos-de-um-evtol-pilotado-remotamente-pelo-governo\/\",\"name\":\"For\u00e7a A\u00e9rea dos EUA realizou os primeiros voos de um eVTOL pilotado remotamente pelo governo - Jornal Fatos e Not\u00edcias\",\"isPartOf\":{\"@id\":\"https:\/\/jornalfatosenoticias.com.br\/#website\"},\"primaryImageOfPage\":{\"@id\":\"https:\/\/jornalfatosenoticias.com.br\/index.php\/2022\/01\/27\/forca-aerea-dos-eua-realizou-os-primeiros-voos-de-um-evtol-pilotado-remotamente-pelo-governo\/#primaryimage\"},\"image\":{\"@id\":\"https:\/\/jornalfatosenoticias.com.br\/index.php\/2022\/01\/27\/forca-aerea-dos-eua-realizou-os-primeiros-voos-de-um-evtol-pilotado-remotamente-pelo-governo\/#primaryimage\"},\"thumbnailUrl\":\"https:\/\/jornalfatosenoticias.com.br\/wp-content\/uploads\/2022\/01\/voo-evtol-eua_1.jpg\",\"datePublished\":\"2022-01-27T17:07:48+00:00\",\"dateModified\":\"2022-01-27T17:07:52+00:00\",\"breadcrumb\":{\"@id\":\"https:\/\/jornalfatosenoticias.com.br\/index.php\/2022\/01\/27\/forca-aerea-dos-eua-realizou-os-primeiros-voos-de-um-evtol-pilotado-remotamente-pelo-governo\/#breadcrumb\"},\"inLanguage\":\"pt-BR\",\"potentialAction\":[{\"@type\":\"ReadAction\",\"target\":[\"https:\/\/jornalfatosenoticias.com.br\/index.php\/2022\/01\/27\/forca-aerea-dos-eua-realizou-os-primeiros-voos-de-um-evtol-pilotado-remotamente-pelo-governo\/\"]}]},{\"@type\":\"ImageObject\",\"inLanguage\":\"pt-BR\",\"@id\":\"https:\/\/jornalfatosenoticias.com.br\/index.php\/2022\/01\/27\/forca-aerea-dos-eua-realizou-os-primeiros-voos-de-um-evtol-pilotado-remotamente-pelo-governo\/#primaryimage\",\"url\":\"https:\/\/jornalfatosenoticias.com.br\/wp-content\/uploads\/2022\/01\/voo-evtol-eua_1.jpg\",\"contentUrl\":\"https:\/\/jornalfatosenoticias.com.br\/wp-content\/uploads\/2022\/01\/voo-evtol-eua_1.jpg\",\"width\":1000,\"height\":234},{\"@type\":\"BreadcrumbList\",\"@id\":\"https:\/\/jornalfatosenoticias.com.br\/index.php\/2022\/01\/27\/forca-aerea-dos-eua-realizou-os-primeiros-voos-de-um-evtol-pilotado-remotamente-pelo-governo\/#breadcrumb\",\"itemListElement\":[{\"@type\":\"ListItem\",\"position\":1,\"name\":\"In\u00edcio\",\"item\":\"https:\/\/jornalfatosenoticias.com.br\/\"},{\"@type\":\"ListItem\",\"position\":2,\"name\":\"For\u00e7a A\u00e9rea dos EUA realizou os primeiros voos de um eVTOL pilotado remotamente pelo governo\"}]},{\"@type\":\"WebSite\",\"@id\":\"https:\/\/jornalfatosenoticias.com.br\/#website\",\"url\":\"https:\/\/jornalfatosenoticias.com.br\/\",\"name\":\"Jornal Fatos e Not\u00edcias\",\"description\":\"Not\u00edcias em geral\",\"publisher\":{\"@id\":\"https:\/\/jornalfatosenoticias.com.br\/#organization\"},\"potentialAction\":[{\"@type\":\"SearchAction\",\"target\":{\"@type\":\"EntryPoint\",\"urlTemplate\":\"https:\/\/jornalfatosenoticias.com.br\/?s={search_term_string}\"},\"query-input\":{\"@type\":\"PropertyValueSpecification\",\"valueRequired\":true,\"valueName\":\"search_term_string\"}}],\"inLanguage\":\"pt-BR\"},{\"@type\":\"Organization\",\"@id\":\"https:\/\/jornalfatosenoticias.com.br\/#organization\",\"name\":\"Jornal Fatos e Not\u00edcias\",\"url\":\"https:\/\/jornalfatosenoticias.com.br\/\",\"logo\":{\"@type\":\"ImageObject\",\"inLanguage\":\"pt-BR\",\"@id\":\"https:\/\/jornalfatosenoticias.com.br\/#\/schema\/logo\/image\/\",\"url\":\"https:\/\/jornalfatosenoticias.com.br\/wp-content\/uploads\/2020\/02\/logo120.png\",\"contentUrl\":\"https:\/\/jornalfatosenoticias.com.br\/wp-content\/uploads\/2020\/02\/logo120.png\",\"width\":1227,\"height\":120,\"caption\":\"Jornal Fatos e Not\u00edcias\"},\"image\":{\"@id\":\"https:\/\/jornalfatosenoticias.com.br\/#\/schema\/logo\/image\/\"}},{\"@type\":\"Person\",\"@id\":\"https:\/\/jornalfatosenoticias.com.br\/#\/schema\/person\/d63837fa13ac8666eb9e74e0985d6f81\",\"name\":\"Luzimara Fernandes\",\"image\":{\"@type\":\"ImageObject\",\"inLanguage\":\"pt-BR\",\"@id\":\"https:\/\/jornalfatosenoticias.com.br\/#\/schema\/person\/image\/\",\"url\":\"https:\/\/jornalfatosenoticias.com.br\/wp-content\/uploads\/2025\/05\/EU_portal.jpg\",\"contentUrl\":\"https:\/\/jornalfatosenoticias.com.br\/wp-content\/uploads\/2025\/05\/EU_portal.jpg\",\"caption\":\"Luzimara Fernandes\"},\"description\":\"Jornalista MTB 2358-ES\",\"sameAs\":[\"https:\/\/jornalfatosenoticias.com.br\"],\"url\":\"https:\/\/jornalfatosenoticias.com.br\/index.php\/author\/luzimara\/\"}]}<\/script>\n<!-- \/ Yoast SEO plugin. -->","yoast_head_json":{"title":"For\u00e7a A\u00e9rea dos EUA realizou os primeiros voos de um eVTOL pilotado remotamente pelo governo - Jornal Fatos e Not\u00edcias","robots":{"index":"index","follow":"follow","max-snippet":"max-snippet:-1","max-image-preview":"max-image-preview:large","max-video-preview":"max-video-preview:-1"},"canonical":"https:\/\/jornalfatosenoticias.com.br\/index.php\/2022\/01\/27\/forca-aerea-dos-eua-realizou-os-primeiros-voos-de-um-evtol-pilotado-remotamente-pelo-governo\/","og_locale":"pt_BR","og_type":"article","og_title":"For\u00e7a A\u00e9rea dos EUA realizou os primeiros voos de um eVTOL pilotado remotamente pelo governo - Jornal Fatos e Not\u00edcias","og_description":"A For\u00e7a A\u00e9rea dos Estados Unidos (USAF) publicou\u00a0que os primeiros voos de um ve\u00edculo el\u00e9trico de decolagem e aterrissagem vertical (eVTOL)\u00a0pilotado remotamente pelo governo foram bem-sucedidos. A aeronave da s\u00e9rie Heaviside, fabricada pela empresa Kitty Hawk, voou em um treinamento ocorrido em Palo Alto, Calif\u00f3rnia, entre os dias 13 e 17 de dezembro de 2021.Como [&hellip;]","og_url":"https:\/\/jornalfatosenoticias.com.br\/index.php\/2022\/01\/27\/forca-aerea-dos-eua-realizou-os-primeiros-voos-de-um-evtol-pilotado-remotamente-pelo-governo\/","og_site_name":"Jornal Fatos e Not\u00edcias","article_published_time":"2022-01-27T17:07:48+00:00","article_modified_time":"2022-01-27T17:07:52+00:00","og_image":[{"width":1000,"height":234,"url":"https:\/\/jornalfatosenoticias.com.br\/wp-content\/uploads\/2022\/01\/voo-evtol-eua_1.jpg","type":"image\/jpeg"}],"author":"Luzimara Fernandes","twitter_card":"summary_large_image","twitter_misc":{"Escrito por":"Luzimara Fernandes","Est. tempo de leitura":"3 minutos"},"schema":{"@context":"https:\/\/schema.org","@graph":[{"@type":"Article","@id":"https:\/\/jornalfatosenoticias.com.br\/index.php\/2022\/01\/27\/forca-aerea-dos-eua-realizou-os-primeiros-voos-de-um-evtol-pilotado-remotamente-pelo-governo\/#article","isPartOf":{"@id":"https:\/\/jornalfatosenoticias.com.br\/index.php\/2022\/01\/27\/forca-aerea-dos-eua-realizou-os-primeiros-voos-de-um-evtol-pilotado-remotamente-pelo-governo\/"},"author":{"name":"Luzimara Fernandes","@id":"https:\/\/jornalfatosenoticias.com.br\/#\/schema\/person\/d63837fa13ac8666eb9e74e0985d6f81"},"headline":"For\u00e7a A\u00e9rea dos EUA realizou os primeiros voos de um eVTOL pilotado remotamente pelo governo","datePublished":"2022-01-27T17:07:48+00:00","dateModified":"2022-01-27T17:07:52+00:00","mainEntityOfPage":{"@id":"https:\/\/jornalfatosenoticias.com.br\/index.php\/2022\/01\/27\/forca-aerea-dos-eua-realizou-os-primeiros-voos-de-um-evtol-pilotado-remotamente-pelo-governo\/"},"wordCount":589,"commentCount":0,"publisher":{"@id":"https:\/\/jornalfatosenoticias.com.br\/#organization"},"image":{"@id":"https:\/\/jornalfatosenoticias.com.br\/index.php\/2022\/01\/27\/forca-aerea-dos-eua-realizou-os-primeiros-voos-de-um-evtol-pilotado-remotamente-pelo-governo\/#primaryimage"},"thumbnailUrl":"https:\/\/jornalfatosenoticias.com.br\/wp-content\/uploads\/2022\/01\/voo-evtol-eua_1.jpg","keywords":["EUA","eVTOL","For\u00e7a A\u00e9rea Americana","tecnologia militar","voo"],"articleSection":["Internacional","Tecnologia &amp; Inova\u00e7\u00e3o"],"inLanguage":"pt-BR","potentialAction":[{"@type":"CommentAction","name":"Comment","target":["https:\/\/jornalfatosenoticias.com.br\/index.php\/2022\/01\/27\/forca-aerea-dos-eua-realizou-os-primeiros-voos-de-um-evtol-pilotado-remotamente-pelo-governo\/#respond"]}]},{"@type":"WebPage","@id":"https:\/\/jornalfatosenoticias.com.br\/index.php\/2022\/01\/27\/forca-aerea-dos-eua-realizou-os-primeiros-voos-de-um-evtol-pilotado-remotamente-pelo-governo\/","url":"https:\/\/jornalfatosenoticias.com.br\/index.php\/2022\/01\/27\/forca-aerea-dos-eua-realizou-os-primeiros-voos-de-um-evtol-pilotado-remotamente-pelo-governo\/","name":"For\u00e7a A\u00e9rea dos EUA realizou os primeiros voos de um eVTOL pilotado remotamente pelo governo - Jornal Fatos e Not\u00edcias","isPartOf":{"@id":"https:\/\/jornalfatosenoticias.com.br\/#website"},"primaryImageOfPage":{"@id":"https:\/\/jornalfatosenoticias.com.br\/index.php\/2022\/01\/27\/forca-aerea-dos-eua-realizou-os-primeiros-voos-de-um-evtol-pilotado-remotamente-pelo-governo\/#primaryimage"},"image":{"@id":"https:\/\/jornalfatosenoticias.com.br\/index.php\/2022\/01\/27\/forca-aerea-dos-eua-realizou-os-primeiros-voos-de-um-evtol-pilotado-remotamente-pelo-governo\/#primaryimage"},"thumbnailUrl":"https:\/\/jornalfatosenoticias.com.br\/wp-content\/uploads\/2022\/01\/voo-evtol-eua_1.jpg","datePublished":"2022-01-27T17:07:48+00:00","dateModified":"2022-01-27T17:07:52+00:00","breadcrumb":{"@id":"https:\/\/jornalfatosenoticias.com.br\/index.php\/2022\/01\/27\/forca-aerea-dos-eua-realizou-os-primeiros-voos-de-um-evtol-pilotado-remotamente-pelo-governo\/#breadcrumb"},"inLanguage":"pt-BR","potentialAction":[{"@type":"ReadAction","target":["https:\/\/jornalfatosenoticias.com.br\/index.php\/2022\/01\/27\/forca-aerea-dos-eua-realizou-os-primeiros-voos-de-um-evtol-pilotado-remotamente-pelo-governo\/"]}]},{"@type":"ImageObject","inLanguage":"pt-BR","@id":"https:\/\/jornalfatosenoticias.com.br\/index.php\/2022\/01\/27\/forca-aerea-dos-eua-realizou-os-primeiros-voos-de-um-evtol-pilotado-remotamente-pelo-governo\/#primaryimage","url":"https:\/\/jornalfatosenoticias.com.br\/wp-content\/uploads\/2022\/01\/voo-evtol-eua_1.jpg","contentUrl":"https:\/\/jornalfatosenoticias.com.br\/wp-content\/uploads\/2022\/01\/voo-evtol-eua_1.jpg","width":1000,"height":234},{"@type":"BreadcrumbList","@id":"https:\/\/jornalfatosenoticias.com.br\/index.php\/2022\/01\/27\/forca-aerea-dos-eua-realizou-os-primeiros-voos-de-um-evtol-pilotado-remotamente-pelo-governo\/#breadcrumb","itemListElement":[{"@type":"ListItem","position":1,"name":"In\u00edcio","item":"https:\/\/jornalfatosenoticias.com.br\/"},{"@type":"ListItem","position":2,"name":"For\u00e7a A\u00e9rea dos EUA realizou os primeiros voos de um eVTOL pilotado remotamente pelo governo"}]},{"@type":"WebSite","@id":"https:\/\/jornalfatosenoticias.com.br\/#website","url":"https:\/\/jornalfatosenoticias.com.br\/","name":"Jornal Fatos e Not\u00edcias","description":"Not\u00edcias em geral","publisher":{"@id":"https:\/\/jornalfatosenoticias.com.br\/#organization"},"potentialAction":[{"@type":"SearchAction","target":{"@type":"EntryPoint","urlTemplate":"https:\/\/jornalfatosenoticias.com.br\/?s={search_term_string}"},"query-input":{"@type":"PropertyValueSpecification","valueRequired":true,"valueName":"search_term_string"}}],"inLanguage":"pt-BR"},{"@type":"Organization","@id":"https:\/\/jornalfatosenoticias.com.br\/#organization","name":"Jornal Fatos e Not\u00edcias","url":"https:\/\/jornalfatosenoticias.com.br\/","logo":{"@type":"ImageObject","inLanguage":"pt-BR","@id":"https:\/\/jornalfatosenoticias.com.br\/#\/schema\/logo\/image\/","url":"https:\/\/jornalfatosenoticias.com.br\/wp-content\/uploads\/2020\/02\/logo120.png","contentUrl":"https:\/\/jornalfatosenoticias.com.br\/wp-content\/uploads\/2020\/02\/logo120.png","width":1227,"height":120,"caption":"Jornal Fatos e Not\u00edcias"},"image":{"@id":"https:\/\/jornalfatosenoticias.com.br\/#\/schema\/logo\/image\/"}},{"@type":"Person","@id":"https:\/\/jornalfatosenoticias.com.br\/#\/schema\/person\/d63837fa13ac8666eb9e74e0985d6f81","name":"Luzimara Fernandes","image":{"@type":"ImageObject","inLanguage":"pt-BR","@id":"https:\/\/jornalfatosenoticias.com.br\/#\/schema\/person\/image\/","url":"https:\/\/jornalfatosenoticias.com.br\/wp-content\/uploads\/2025\/05\/EU_portal.jpg","contentUrl":"https:\/\/jornalfatosenoticias.com.br\/wp-content\/uploads\/2025\/05\/EU_portal.jpg","caption":"Luzimara Fernandes"},"description":"Jornalista MTB 2358-ES","sameAs":["https:\/\/jornalfatosenoticias.com.br"],"url":"https:\/\/jornalfatosenoticias.com.br\/index.php\/author\/luzimara\/"}]}},"cc_featured_image_caption":{"caption_text":"(Foto: Divulga\u00e7\u00e3o\/For\u00e7a A\u00e9rea dos EUA)","source_text":"","source_url":""},"jetpack_featured_media_url":"https:\/\/jornalfatosenoticias.com.br\/wp-content\/uploads\/2022\/01\/voo-evtol-eua_1.jpg","_links":{"self":[{"href":"https:\/\/jornalfatosenoticias.com.br\/index.php\/wp-json\/wp\/v2\/posts\/27261","targetHints":{"allow":["GET"]}}],"collection":[{"href":"https:\/\/jornalfatosenoticias.com.br\/index.php\/wp-json\/wp\/v2\/posts"}],"about":[{"href":"https:\/\/jornalfatosenoticias.com.br\/index.php\/wp-json\/wp\/v2\/types\/post"}],"author":[{"embeddable":true,"href":"https:\/\/jornalfatosenoticias.com.br\/index.php\/wp-json\/wp\/v2\/users\/2"}],"replies":[{"embeddable":true,"href":"https:\/\/jornalfatosenoticias.com.br\/index.php\/wp-json\/wp\/v2\/comments?post=27261"}],"version-history":[{"count":0,"href":"https:\/\/jornalfatosenoticias.com.br\/index.php\/wp-json\/wp\/v2\/posts\/27261\/revisions"}],"wp:featuredmedia":[{"embeddable":true,"href":"https:\/\/jornalfatosenoticias.com.br\/index.php\/wp-json\/wp\/v2\/media\/27263"}],"wp:attachment":[{"href":"https:\/\/jornalfatosenoticias.com.br\/index.php\/wp-json\/wp\/v2\/media?parent=27261"}],"wp:term":[{"taxonomy":"category","embeddable":true,"href":"https:\/\/jornalfatosenoticias.com.br\/index.php\/wp-json\/wp\/v2\/categories?post=27261"},{"taxonomy":"post_tag","embeddable":true,"href":"https:\/\/jornalfatosenoticias.com.br\/index.php\/wp-json\/wp\/v2\/tags?post=27261"}],"curies":[{"name":"wp","href":"https:\/\/api.w.org\/{rel}","templated":true}]}}