{"id":27265,"date":"2022-01-27T14:11:11","date_gmt":"2022-01-27T17:11:11","guid":{"rendered":"https:\/\/jornalfatosenoticias.com.br\/?p=27265"},"modified":"2022-01-27T14:11:13","modified_gmt":"2022-01-27T17:11:13","slug":"mais-de-250-estudantes-capixabas-sao-medalhistas-na-obmep-2021","status":"publish","type":"post","link":"https:\/\/jornalfatosenoticias.com.br\/index.php\/2022\/01\/27\/mais-de-250-estudantes-capixabas-sao-medalhistas-na-obmep-2021\/","title":{"rendered":"Mais de 250 estudantes capixabas s\u00e3o medalhistas na OBMEP 2021"},"content":{"rendered":"\n<p><em><span class=\"has-inline-color has-black-color\">Da Rede Estadual de Ensino, foram oito medalhas de ouro, 21 de prata e 74 de bronze<\/span><\/em><\/p>\n\n\n\n<p>A rela\u00e7\u00e3o dos estudantes premiados na 16\u00aa edi\u00e7\u00e3o da Olimp\u00edada Brasileira de Matem\u00e1tica das Escolas P\u00fablicas (OBMEP) 2021 foi divulgada. Entre os premiados, 252 s\u00e3o da Rede Estadual de Ensino do Esp\u00edrito Santo. Foram oito alunos premiados com medalha de ouro, 21 de prata, 74 de bronze e 787 estudantes com Men\u00e7\u00e3o Honrosa.<br>Nesta edi\u00e7\u00e3o, 1.578 estudantes capixabas tamb\u00e9m foram premiados com men\u00e7\u00f5es honrosas, representando um aumento de, aproximadamente, 8% em rela\u00e7\u00e3o \u00e0 Olimp\u00edada Brasileira de Matem\u00e1tica das Escolas P\u00fablicas 2019, a \u00faltima edi\u00e7\u00e3o realizada.<br>Com a participa\u00e7\u00e3o de, aproximadamente, 18 milh\u00f5es de estudantes, de 55 mil escolas, em todo o Pa\u00eds, o Esp\u00edrito Santo foi representado por 340 mil estudantes, do 6\u00ba ao 9\u00ba ano do Ensino Fundamental e do Ensino M\u00e9dio. Na primeira etapa da olimp\u00edada, quase 17 mil capixabas de 78 munic\u00edpios foram classificados para a 2\u00aa fase da edi\u00e7\u00e3o 2021.<\/p>\n\n\n\n<p><strong>Veja o resultado do Esp\u00edrito Santo na OBMEP 2021\u00a0<a href=\"http:\/\/premiacao.obmep.org.br\/16aobmep\/verMenuAlunosPremiados-ES.htm\" target=\"_blank\" rel=\"noreferrer noopener\">AQUI<\/a><\/strong><\/p>\n\n\n\n<p><strong><span class=\"has-inline-color has-black-color\">Est\u00edmulo ao estudo da Matem\u00e1tica<br><\/span><\/strong>A OBMEP \u00e9 realizada pelo Instituto de Matem\u00e1tica Pura e Aplicada (Impa), com o apoio da Sociedade Brasileira de Matem\u00e1tica (SBM), e promovida com recursos do Minist\u00e9rio da Educa\u00e7\u00e3o (MEC) e do Minist\u00e9rio da Ci\u00eancia, Tecnologia, Inova\u00e7\u00f5es e Comunica\u00e7\u00f5es (MCTIC). Foi criada em 2005, com o objetivo de estimular o estudo da matem\u00e1tica e identificar talentos na \u00e1rea.<br>Essa competi\u00e7\u00e3o \u00e9 destinada aos estudantes do ensino fundamental (anos finais) e do ensino m\u00e9dio das escolas p\u00fablicas municipais, estaduais, federais e privadas, que concorrem a pr\u00eamios, de acordo com a classifica\u00e7\u00e3o nas provas. Premia, separadamente, alunos de escolas p\u00fablicas e privadas. Aos primeiros, ser\u00e3o concedidas 6.500 medalhas (500 de ouro, 1.500 de prata e 4.500 de bronze) e at\u00e9 46.200 certificados de Men\u00e7\u00e3o Honrosa. Estudantes de institui\u00e7\u00f5es particulares receber\u00e3o 975 medalhas, sendo 75 de ouro, 225 de prata e 675 de bronze, e at\u00e9 5.700 certificados de Men\u00e7\u00e3o Honrosa.<\/p>\n\n\n\n<p><em><span class=\"has-inline-color has-black-color\">Com informa\u00e7\u00f5es do Programa Matem\u00e1tica na Rede e OBMEP<\/span><\/em><\/p>\n\n\n\n<p><strong><em>Fonte: <a href=\"https:\/\/sedu.es.gov.br\/Not%C3%ADcia\/mais-de-250-estudantes-capixabas-sao-medalhistas-na-obmep-2021\">Sedu<\/a><\/em><\/strong><\/p>\n","protected":false},"excerpt":{"rendered":"<p>Da Rede Estadual de Ensino, foram oito medalhas de ouro, 21 de prata e 74 de bronze A rela\u00e7\u00e3o dos estudantes premiados na 16\u00aa edi\u00e7\u00e3o da Olimp\u00edada Brasileira de Matem\u00e1tica das Escolas P\u00fablicas (OBMEP) 2021 foi divulgada. Entre os premiados, 252 s\u00e3o da Rede Estadual de Ensino do Esp\u00edrito Santo. Foram oito alunos premiados com [&hellip;]<\/p>\n","protected":false},"author":2,"featured_media":27266,"comment_status":"open","ping_status":"open","sticky":false,"template":"","format":"standard","meta":{"footnotes":""},"categories":[7],"tags":[13064,5551,13065,8591],"class_list":["post-27265","post","type-post","status-publish","format-standard","has-post-thumbnail","hentry","category-educacao","tag-estudantes-capixabas","tag-medalhas","tag-medalhistas","tag-obmep"],"yoast_head":"<!-- This site is optimized with the Yoast SEO plugin v26.5 - https:\/\/yoast.com\/wordpress\/plugins\/seo\/ -->\n<title>Mais de 250 estudantes capixabas s\u00e3o medalhistas na OBMEP 2021 - Jornal Fatos e Not\u00edcias<\/title>\n<meta name=\"robots\" content=\"index, follow, max-snippet:-1, max-image-preview:large, max-video-preview:-1\" \/>\n<link rel=\"canonical\" href=\"https:\/\/jornalfatosenoticias.com.br\/index.php\/2022\/01\/27\/mais-de-250-estudantes-capixabas-sao-medalhistas-na-obmep-2021\/\" \/>\n<meta property=\"og:locale\" content=\"pt_BR\" \/>\n<meta property=\"og:type\" content=\"article\" \/>\n<meta property=\"og:title\" content=\"Mais de 250 estudantes capixabas s\u00e3o medalhistas na OBMEP 2021 - Jornal Fatos e Not\u00edcias\" \/>\n<meta property=\"og:description\" content=\"Da Rede Estadual de Ensino, foram oito medalhas de ouro, 21 de prata e 74 de bronze A rela\u00e7\u00e3o dos estudantes premiados na 16\u00aa edi\u00e7\u00e3o da Olimp\u00edada Brasileira de Matem\u00e1tica das Escolas P\u00fablicas (OBMEP) 2021 foi divulgada. Entre os premiados, 252 s\u00e3o da Rede Estadual de Ensino do Esp\u00edrito Santo. Foram oito alunos premiados com [&hellip;]\" \/>\n<meta property=\"og:url\" content=\"https:\/\/jornalfatosenoticias.com.br\/index.php\/2022\/01\/27\/mais-de-250-estudantes-capixabas-sao-medalhistas-na-obmep-2021\/\" \/>\n<meta property=\"og:site_name\" content=\"Jornal Fatos e Not\u00edcias\" \/>\n<meta property=\"article:published_time\" content=\"2022-01-27T17:11:11+00:00\" \/>\n<meta property=\"article:modified_time\" content=\"2022-01-27T17:11:13+00:00\" \/>\n<meta property=\"og:image\" content=\"https:\/\/jornalfatosenoticias.com.br\/wp-content\/uploads\/2022\/01\/OBMEP.jpg\" \/>\n\t<meta property=\"og:image:width\" content=\"850\" \/>\n\t<meta property=\"og:image:height\" content=\"678\" \/>\n\t<meta property=\"og:image:type\" content=\"image\/jpeg\" \/>\n<meta name=\"author\" content=\"Luzimara Fernandes\" \/>\n<meta name=\"twitter:card\" content=\"summary_large_image\" \/>\n<meta name=\"twitter:label1\" content=\"Escrito por\" \/>\n\t<meta name=\"twitter:data1\" content=\"Luzimara Fernandes\" \/>\n\t<meta name=\"twitter:label2\" content=\"Est. tempo de leitura\" \/>\n\t<meta name=\"twitter:data2\" content=\"2 minutos\" \/>\n<script type=\"application\/ld+json\" class=\"yoast-schema-graph\">{\"@context\":\"https:\/\/schema.org\",\"@graph\":[{\"@type\":\"Article\",\"@id\":\"https:\/\/jornalfatosenoticias.com.br\/index.php\/2022\/01\/27\/mais-de-250-estudantes-capixabas-sao-medalhistas-na-obmep-2021\/#article\",\"isPartOf\":{\"@id\":\"https:\/\/jornalfatosenoticias.com.br\/index.php\/2022\/01\/27\/mais-de-250-estudantes-capixabas-sao-medalhistas-na-obmep-2021\/\"},\"author\":{\"name\":\"Luzimara Fernandes\",\"@id\":\"https:\/\/jornalfatosenoticias.com.br\/#\/schema\/person\/d63837fa13ac8666eb9e74e0985d6f81\"},\"headline\":\"Mais de 250 estudantes capixabas s\u00e3o medalhistas na OBMEP 2021\",\"datePublished\":\"2022-01-27T17:11:11+00:00\",\"dateModified\":\"2022-01-27T17:11:13+00:00\",\"mainEntityOfPage\":{\"@id\":\"https:\/\/jornalfatosenoticias.com.br\/index.php\/2022\/01\/27\/mais-de-250-estudantes-capixabas-sao-medalhistas-na-obmep-2021\/\"},\"wordCount\":358,\"commentCount\":0,\"publisher\":{\"@id\":\"https:\/\/jornalfatosenoticias.com.br\/#organization\"},\"image\":{\"@id\":\"https:\/\/jornalfatosenoticias.com.br\/index.php\/2022\/01\/27\/mais-de-250-estudantes-capixabas-sao-medalhistas-na-obmep-2021\/#primaryimage\"},\"thumbnailUrl\":\"https:\/\/jornalfatosenoticias.com.br\/wp-content\/uploads\/2022\/01\/OBMEP.jpg\",\"keywords\":[\"estudantes capixabas\",\"medalhas\",\"medalhistas\",\"Obmep\"],\"articleSection\":[\"Educa\u00e7\u00e3o\"],\"inLanguage\":\"pt-BR\",\"potentialAction\":[{\"@type\":\"CommentAction\",\"name\":\"Comment\",\"target\":[\"https:\/\/jornalfatosenoticias.com.br\/index.php\/2022\/01\/27\/mais-de-250-estudantes-capixabas-sao-medalhistas-na-obmep-2021\/#respond\"]}]},{\"@type\":\"WebPage\",\"@id\":\"https:\/\/jornalfatosenoticias.com.br\/index.php\/2022\/01\/27\/mais-de-250-estudantes-capixabas-sao-medalhistas-na-obmep-2021\/\",\"url\":\"https:\/\/jornalfatosenoticias.com.br\/index.php\/2022\/01\/27\/mais-de-250-estudantes-capixabas-sao-medalhistas-na-obmep-2021\/\",\"name\":\"Mais de 250 estudantes capixabas s\u00e3o medalhistas na OBMEP 2021 - Jornal Fatos e Not\u00edcias\",\"isPartOf\":{\"@id\":\"https:\/\/jornalfatosenoticias.com.br\/#website\"},\"primaryImageOfPage\":{\"@id\":\"https:\/\/jornalfatosenoticias.com.br\/index.php\/2022\/01\/27\/mais-de-250-estudantes-capixabas-sao-medalhistas-na-obmep-2021\/#primaryimage\"},\"image\":{\"@id\":\"https:\/\/jornalfatosenoticias.com.br\/index.php\/2022\/01\/27\/mais-de-250-estudantes-capixabas-sao-medalhistas-na-obmep-2021\/#primaryimage\"},\"thumbnailUrl\":\"https:\/\/jornalfatosenoticias.com.br\/wp-content\/uploads\/2022\/01\/OBMEP.jpg\",\"datePublished\":\"2022-01-27T17:11:11+00:00\",\"dateModified\":\"2022-01-27T17:11:13+00:00\",\"breadcrumb\":{\"@id\":\"https:\/\/jornalfatosenoticias.com.br\/index.php\/2022\/01\/27\/mais-de-250-estudantes-capixabas-sao-medalhistas-na-obmep-2021\/#breadcrumb\"},\"inLanguage\":\"pt-BR\",\"potentialAction\":[{\"@type\":\"ReadAction\",\"target\":[\"https:\/\/jornalfatosenoticias.com.br\/index.php\/2022\/01\/27\/mais-de-250-estudantes-capixabas-sao-medalhistas-na-obmep-2021\/\"]}]},{\"@type\":\"ImageObject\",\"inLanguage\":\"pt-BR\",\"@id\":\"https:\/\/jornalfatosenoticias.com.br\/index.php\/2022\/01\/27\/mais-de-250-estudantes-capixabas-sao-medalhistas-na-obmep-2021\/#primaryimage\",\"url\":\"https:\/\/jornalfatosenoticias.com.br\/wp-content\/uploads\/2022\/01\/OBMEP.jpg\",\"contentUrl\":\"https:\/\/jornalfatosenoticias.com.br\/wp-content\/uploads\/2022\/01\/OBMEP.jpg\",\"width\":850,\"height\":678},{\"@type\":\"BreadcrumbList\",\"@id\":\"https:\/\/jornalfatosenoticias.com.br\/index.php\/2022\/01\/27\/mais-de-250-estudantes-capixabas-sao-medalhistas-na-obmep-2021\/#breadcrumb\",\"itemListElement\":[{\"@type\":\"ListItem\",\"position\":1,\"name\":\"In\u00edcio\",\"item\":\"https:\/\/jornalfatosenoticias.com.br\/\"},{\"@type\":\"ListItem\",\"position\":2,\"name\":\"Mais de 250 estudantes capixabas s\u00e3o medalhistas na OBMEP 2021\"}]},{\"@type\":\"WebSite\",\"@id\":\"https:\/\/jornalfatosenoticias.com.br\/#website\",\"url\":\"https:\/\/jornalfatosenoticias.com.br\/\",\"name\":\"Jornal Fatos e Not\u00edcias\",\"description\":\"Not\u00edcias em geral\",\"publisher\":{\"@id\":\"https:\/\/jornalfatosenoticias.com.br\/#organization\"},\"potentialAction\":[{\"@type\":\"SearchAction\",\"target\":{\"@type\":\"EntryPoint\",\"urlTemplate\":\"https:\/\/jornalfatosenoticias.com.br\/?s={search_term_string}\"},\"query-input\":{\"@type\":\"PropertyValueSpecification\",\"valueRequired\":true,\"valueName\":\"search_term_string\"}}],\"inLanguage\":\"pt-BR\"},{\"@type\":\"Organization\",\"@id\":\"https:\/\/jornalfatosenoticias.com.br\/#organization\",\"name\":\"Jornal Fatos e Not\u00edcias\",\"url\":\"https:\/\/jornalfatosenoticias.com.br\/\",\"logo\":{\"@type\":\"ImageObject\",\"inLanguage\":\"pt-BR\",\"@id\":\"https:\/\/jornalfatosenoticias.com.br\/#\/schema\/logo\/image\/\",\"url\":\"https:\/\/jornalfatosenoticias.com.br\/wp-content\/uploads\/2020\/02\/logo120.png\",\"contentUrl\":\"https:\/\/jornalfatosenoticias.com.br\/wp-content\/uploads\/2020\/02\/logo120.png\",\"width\":1227,\"height\":120,\"caption\":\"Jornal Fatos e Not\u00edcias\"},\"image\":{\"@id\":\"https:\/\/jornalfatosenoticias.com.br\/#\/schema\/logo\/image\/\"}},{\"@type\":\"Person\",\"@id\":\"https:\/\/jornalfatosenoticias.com.br\/#\/schema\/person\/d63837fa13ac8666eb9e74e0985d6f81\",\"name\":\"Luzimara Fernandes\",\"image\":{\"@type\":\"ImageObject\",\"inLanguage\":\"pt-BR\",\"@id\":\"https:\/\/jornalfatosenoticias.com.br\/#\/schema\/person\/image\/\",\"url\":\"https:\/\/jornalfatosenoticias.com.br\/wp-content\/uploads\/2025\/05\/EU_portal.jpg\",\"contentUrl\":\"https:\/\/jornalfatosenoticias.com.br\/wp-content\/uploads\/2025\/05\/EU_portal.jpg\",\"caption\":\"Luzimara Fernandes\"},\"description\":\"Jornalista MTB 2358-ES\",\"sameAs\":[\"https:\/\/jornalfatosenoticias.com.br\"],\"url\":\"https:\/\/jornalfatosenoticias.com.br\/index.php\/author\/luzimara\/\"}]}<\/script>\n<!-- \/ Yoast SEO plugin. -->","yoast_head_json":{"title":"Mais de 250 estudantes capixabas s\u00e3o medalhistas na OBMEP 2021 - Jornal Fatos e Not\u00edcias","robots":{"index":"index","follow":"follow","max-snippet":"max-snippet:-1","max-image-preview":"max-image-preview:large","max-video-preview":"max-video-preview:-1"},"canonical":"https:\/\/jornalfatosenoticias.com.br\/index.php\/2022\/01\/27\/mais-de-250-estudantes-capixabas-sao-medalhistas-na-obmep-2021\/","og_locale":"pt_BR","og_type":"article","og_title":"Mais de 250 estudantes capixabas s\u00e3o medalhistas na OBMEP 2021 - Jornal Fatos e Not\u00edcias","og_description":"Da Rede Estadual de Ensino, foram oito medalhas de ouro, 21 de prata e 74 de bronze A rela\u00e7\u00e3o dos estudantes premiados na 16\u00aa edi\u00e7\u00e3o da Olimp\u00edada Brasileira de Matem\u00e1tica das Escolas P\u00fablicas (OBMEP) 2021 foi divulgada. Entre os premiados, 252 s\u00e3o da Rede Estadual de Ensino do Esp\u00edrito Santo. Foram oito alunos premiados com [&hellip;]","og_url":"https:\/\/jornalfatosenoticias.com.br\/index.php\/2022\/01\/27\/mais-de-250-estudantes-capixabas-sao-medalhistas-na-obmep-2021\/","og_site_name":"Jornal Fatos e Not\u00edcias","article_published_time":"2022-01-27T17:11:11+00:00","article_modified_time":"2022-01-27T17:11:13+00:00","og_image":[{"width":850,"height":678,"url":"https:\/\/jornalfatosenoticias.com.br\/wp-content\/uploads\/2022\/01\/OBMEP.jpg","type":"image\/jpeg"}],"author":"Luzimara Fernandes","twitter_card":"summary_large_image","twitter_misc":{"Escrito por":"Luzimara Fernandes","Est. tempo de leitura":"2 minutos"},"schema":{"@context":"https:\/\/schema.org","@graph":[{"@type":"Article","@id":"https:\/\/jornalfatosenoticias.com.br\/index.php\/2022\/01\/27\/mais-de-250-estudantes-capixabas-sao-medalhistas-na-obmep-2021\/#article","isPartOf":{"@id":"https:\/\/jornalfatosenoticias.com.br\/index.php\/2022\/01\/27\/mais-de-250-estudantes-capixabas-sao-medalhistas-na-obmep-2021\/"},"author":{"name":"Luzimara Fernandes","@id":"https:\/\/jornalfatosenoticias.com.br\/#\/schema\/person\/d63837fa13ac8666eb9e74e0985d6f81"},"headline":"Mais de 250 estudantes capixabas s\u00e3o medalhistas na OBMEP 2021","datePublished":"2022-01-27T17:11:11+00:00","dateModified":"2022-01-27T17:11:13+00:00","mainEntityOfPage":{"@id":"https:\/\/jornalfatosenoticias.com.br\/index.php\/2022\/01\/27\/mais-de-250-estudantes-capixabas-sao-medalhistas-na-obmep-2021\/"},"wordCount":358,"commentCount":0,"publisher":{"@id":"https:\/\/jornalfatosenoticias.com.br\/#organization"},"image":{"@id":"https:\/\/jornalfatosenoticias.com.br\/index.php\/2022\/01\/27\/mais-de-250-estudantes-capixabas-sao-medalhistas-na-obmep-2021\/#primaryimage"},"thumbnailUrl":"https:\/\/jornalfatosenoticias.com.br\/wp-content\/uploads\/2022\/01\/OBMEP.jpg","keywords":["estudantes capixabas","medalhas","medalhistas","Obmep"],"articleSection":["Educa\u00e7\u00e3o"],"inLanguage":"pt-BR","potentialAction":[{"@type":"CommentAction","name":"Comment","target":["https:\/\/jornalfatosenoticias.com.br\/index.php\/2022\/01\/27\/mais-de-250-estudantes-capixabas-sao-medalhistas-na-obmep-2021\/#respond"]}]},{"@type":"WebPage","@id":"https:\/\/jornalfatosenoticias.com.br\/index.php\/2022\/01\/27\/mais-de-250-estudantes-capixabas-sao-medalhistas-na-obmep-2021\/","url":"https:\/\/jornalfatosenoticias.com.br\/index.php\/2022\/01\/27\/mais-de-250-estudantes-capixabas-sao-medalhistas-na-obmep-2021\/","name":"Mais de 250 estudantes capixabas s\u00e3o medalhistas na OBMEP 2021 - Jornal Fatos e Not\u00edcias","isPartOf":{"@id":"https:\/\/jornalfatosenoticias.com.br\/#website"},"primaryImageOfPage":{"@id":"https:\/\/jornalfatosenoticias.com.br\/index.php\/2022\/01\/27\/mais-de-250-estudantes-capixabas-sao-medalhistas-na-obmep-2021\/#primaryimage"},"image":{"@id":"https:\/\/jornalfatosenoticias.com.br\/index.php\/2022\/01\/27\/mais-de-250-estudantes-capixabas-sao-medalhistas-na-obmep-2021\/#primaryimage"},"thumbnailUrl":"https:\/\/jornalfatosenoticias.com.br\/wp-content\/uploads\/2022\/01\/OBMEP.jpg","datePublished":"2022-01-27T17:11:11+00:00","dateModified":"2022-01-27T17:11:13+00:00","breadcrumb":{"@id":"https:\/\/jornalfatosenoticias.com.br\/index.php\/2022\/01\/27\/mais-de-250-estudantes-capixabas-sao-medalhistas-na-obmep-2021\/#breadcrumb"},"inLanguage":"pt-BR","potentialAction":[{"@type":"ReadAction","target":["https:\/\/jornalfatosenoticias.com.br\/index.php\/2022\/01\/27\/mais-de-250-estudantes-capixabas-sao-medalhistas-na-obmep-2021\/"]}]},{"@type":"ImageObject","inLanguage":"pt-BR","@id":"https:\/\/jornalfatosenoticias.com.br\/index.php\/2022\/01\/27\/mais-de-250-estudantes-capixabas-sao-medalhistas-na-obmep-2021\/#primaryimage","url":"https:\/\/jornalfatosenoticias.com.br\/wp-content\/uploads\/2022\/01\/OBMEP.jpg","contentUrl":"https:\/\/jornalfatosenoticias.com.br\/wp-content\/uploads\/2022\/01\/OBMEP.jpg","width":850,"height":678},{"@type":"BreadcrumbList","@id":"https:\/\/jornalfatosenoticias.com.br\/index.php\/2022\/01\/27\/mais-de-250-estudantes-capixabas-sao-medalhistas-na-obmep-2021\/#breadcrumb","itemListElement":[{"@type":"ListItem","position":1,"name":"In\u00edcio","item":"https:\/\/jornalfatosenoticias.com.br\/"},{"@type":"ListItem","position":2,"name":"Mais de 250 estudantes capixabas s\u00e3o medalhistas na OBMEP 2021"}]},{"@type":"WebSite","@id":"https:\/\/jornalfatosenoticias.com.br\/#website","url":"https:\/\/jornalfatosenoticias.com.br\/","name":"Jornal Fatos e Not\u00edcias","description":"Not\u00edcias em geral","publisher":{"@id":"https:\/\/jornalfatosenoticias.com.br\/#organization"},"potentialAction":[{"@type":"SearchAction","target":{"@type":"EntryPoint","urlTemplate":"https:\/\/jornalfatosenoticias.com.br\/?s={search_term_string}"},"query-input":{"@type":"PropertyValueSpecification","valueRequired":true,"valueName":"search_term_string"}}],"inLanguage":"pt-BR"},{"@type":"Organization","@id":"https:\/\/jornalfatosenoticias.com.br\/#organization","name":"Jornal Fatos e Not\u00edcias","url":"https:\/\/jornalfatosenoticias.com.br\/","logo":{"@type":"ImageObject","inLanguage":"pt-BR","@id":"https:\/\/jornalfatosenoticias.com.br\/#\/schema\/logo\/image\/","url":"https:\/\/jornalfatosenoticias.com.br\/wp-content\/uploads\/2020\/02\/logo120.png","contentUrl":"https:\/\/jornalfatosenoticias.com.br\/wp-content\/uploads\/2020\/02\/logo120.png","width":1227,"height":120,"caption":"Jornal Fatos e Not\u00edcias"},"image":{"@id":"https:\/\/jornalfatosenoticias.com.br\/#\/schema\/logo\/image\/"}},{"@type":"Person","@id":"https:\/\/jornalfatosenoticias.com.br\/#\/schema\/person\/d63837fa13ac8666eb9e74e0985d6f81","name":"Luzimara Fernandes","image":{"@type":"ImageObject","inLanguage":"pt-BR","@id":"https:\/\/jornalfatosenoticias.com.br\/#\/schema\/person\/image\/","url":"https:\/\/jornalfatosenoticias.com.br\/wp-content\/uploads\/2025\/05\/EU_portal.jpg","contentUrl":"https:\/\/jornalfatosenoticias.com.br\/wp-content\/uploads\/2025\/05\/EU_portal.jpg","caption":"Luzimara Fernandes"},"description":"Jornalista MTB 2358-ES","sameAs":["https:\/\/jornalfatosenoticias.com.br"],"url":"https:\/\/jornalfatosenoticias.com.br\/index.php\/author\/luzimara\/"}]}},"cc_featured_image_caption":{"caption_text":"(Foto: Divulga\u00e7\u00e3o OBMEP) ","source_text":"","source_url":""},"jetpack_featured_media_url":"https:\/\/jornalfatosenoticias.com.br\/wp-content\/uploads\/2022\/01\/OBMEP.jpg","_links":{"self":[{"href":"https:\/\/jornalfatosenoticias.com.br\/index.php\/wp-json\/wp\/v2\/posts\/27265","targetHints":{"allow":["GET"]}}],"collection":[{"href":"https:\/\/jornalfatosenoticias.com.br\/index.php\/wp-json\/wp\/v2\/posts"}],"about":[{"href":"https:\/\/jornalfatosenoticias.com.br\/index.php\/wp-json\/wp\/v2\/types\/post"}],"author":[{"embeddable":true,"href":"https:\/\/jornalfatosenoticias.com.br\/index.php\/wp-json\/wp\/v2\/users\/2"}],"replies":[{"embeddable":true,"href":"https:\/\/jornalfatosenoticias.com.br\/index.php\/wp-json\/wp\/v2\/comments?post=27265"}],"version-history":[{"count":0,"href":"https:\/\/jornalfatosenoticias.com.br\/index.php\/wp-json\/wp\/v2\/posts\/27265\/revisions"}],"wp:featuredmedia":[{"embeddable":true,"href":"https:\/\/jornalfatosenoticias.com.br\/index.php\/wp-json\/wp\/v2\/media\/27266"}],"wp:attachment":[{"href":"https:\/\/jornalfatosenoticias.com.br\/index.php\/wp-json\/wp\/v2\/media?parent=27265"}],"wp:term":[{"taxonomy":"category","embeddable":true,"href":"https:\/\/jornalfatosenoticias.com.br\/index.php\/wp-json\/wp\/v2\/categories?post=27265"},{"taxonomy":"post_tag","embeddable":true,"href":"https:\/\/jornalfatosenoticias.com.br\/index.php\/wp-json\/wp\/v2\/tags?post=27265"}],"curies":[{"name":"wp","href":"https:\/\/api.w.org\/{rel}","templated":true}]}}