{"id":27268,"date":"2022-01-28T11:29:25","date_gmt":"2022-01-28T14:29:25","guid":{"rendered":"https:\/\/jornalfatosenoticias.com.br\/?p=27268"},"modified":"2022-01-28T11:29:26","modified_gmt":"2022-01-28T14:29:26","slug":"ibge-desemprego-cai-para-116-em-novembro","status":"publish","type":"post","link":"https:\/\/jornalfatosenoticias.com.br\/index.php\/2022\/01\/28\/ibge-desemprego-cai-para-116-em-novembro\/","title":{"rendered":"IBGE: Desemprego cai para 11,6% em novembro"},"content":{"rendered":"\n<p><em><span class=\"has-inline-color has-black-color\">S\u00e3o 3,2 milh\u00f5es de pessoas a mais no mercado de trabalho<\/span><\/em><\/p>\n\n\n\n<p>No trimestre encerrado em novembro, a taxa de desocupa\u00e7\u00e3o no pa\u00eds caiu para 11,6%, com a diminui\u00e7\u00e3o de 10,6% no n\u00famero de desempregados, uma redu\u00e7\u00e3o de 1,5 milh\u00e3o de pessoas. A queda em rela\u00e7\u00e3o ao trimestre anterior foi de 1,6 ponto percentual e o n\u00famero de pessoas sem ocupa\u00e7\u00e3o \u00e9 de 12,4 milh\u00f5es. Na compara\u00e7\u00e3o com o mesmo per\u00edodo do ano anterior, a queda foi de 14,5%, com 2,1 milh\u00f5es a menos em busca de trabalho.<br>Os dados s\u00e3o da Pesquisa Nacional por Amostra de Domic\u00edlios (PNAD) Cont\u00ednua para o trimestre encerrado em novembro de 2021, divulgada hoje (28) pelo Instituto Brasileiro de Geografia e Estat\u00edstica (IBGE).<br>Segundo o instituto, entre o trimestre encerrado em agosto e o per\u00edodo encerrado em novembro, 3,2 milh\u00f5es de pessoas conseguiram entrar no mercado de trabalho, um aumento de 3,5% no n\u00famero de pessoas ocupadas.<br>De acordo com a coordenadora de Trabalho e Rendimento do IBGE, Adriana Beringuy, a recupera\u00e7\u00e3o pode estar refletindo a sazonalidade do fim de ano.<\/p>\n\n\n\n<blockquote class=\"wp-block-quote is-layout-flow wp-block-quote-is-layout-flow\"><p><span class=\"has-inline-color has-luminous-vivid-orange-color\">\u201cEsse resultado acompanha a trajet\u00f3ria de recupera\u00e7\u00e3o da ocupa\u00e7\u00e3o que podemos ver nos \u00faltimos trimestres da s\u00e9rie hist\u00f3rica da pesquisa. O crescimento tamb\u00e9m j\u00e1 pode estar refletindo a sazonalidade dos meses do fim de ano, per\u00edodo em que as atividades relacionadas principalmente a com\u00e9rcio e servi\u00e7os tendem a aumentar as contrata\u00e7\u00f5es\u201d.<\/span><\/p><\/blockquote>\n\n\n\n<p>O n\u00edvel de ocupa\u00e7\u00e3o foi estimado em 55,1%, um aumento de 1,7 ponto percentual frente ao trimestre anterior.<\/p>\n\n\n\n<p><strong><em>Fonte: <a href=\"https:\/\/agenciabrasil.ebc.com.br\/economia\/noticia\/2022-01\/ibge-desemprego-cai-para-116-em-novembro\">Ag\u00eancia Brasil<\/a><\/em><\/strong><\/p>\n","protected":false},"excerpt":{"rendered":"<p>S\u00e3o 3,2 milh\u00f5es de pessoas a mais no mercado de trabalho No trimestre encerrado em novembro, a taxa de desocupa\u00e7\u00e3o no pa\u00eds caiu para 11,6%, com a diminui\u00e7\u00e3o de 10,6% no n\u00famero de desempregados, uma redu\u00e7\u00e3o de 1,5 milh\u00e3o de pessoas. A queda em rela\u00e7\u00e3o ao trimestre anterior foi de 1,6 ponto percentual e o [&hellip;]<\/p>\n","protected":false},"author":2,"featured_media":27269,"comment_status":"open","ping_status":"open","sticky":false,"template":"","format":"standard","meta":{"footnotes":""},"categories":[9],"tags":[1971,13066,1281,3307],"class_list":["post-27268","post","type-post","status-publish","format-standard","has-post-thumbnail","hentry","category-economia","tag-desemprego","tag-emprego","tag-ibge","tag-taxa-de-ocupacao"],"yoast_head":"<!-- This site is optimized with the Yoast SEO plugin v26.5 - https:\/\/yoast.com\/wordpress\/plugins\/seo\/ -->\n<title>IBGE: Desemprego cai para 11,6% em novembro - Jornal Fatos e Not\u00edcias<\/title>\n<meta name=\"robots\" content=\"index, follow, max-snippet:-1, max-image-preview:large, max-video-preview:-1\" \/>\n<link rel=\"canonical\" href=\"https:\/\/jornalfatosenoticias.com.br\/index.php\/2022\/01\/28\/ibge-desemprego-cai-para-116-em-novembro\/\" \/>\n<meta property=\"og:locale\" content=\"pt_BR\" \/>\n<meta property=\"og:type\" content=\"article\" \/>\n<meta property=\"og:title\" content=\"IBGE: Desemprego cai para 11,6% em novembro - Jornal Fatos e Not\u00edcias\" \/>\n<meta property=\"og:description\" content=\"S\u00e3o 3,2 milh\u00f5es de pessoas a mais no mercado de trabalho No trimestre encerrado em novembro, a taxa de desocupa\u00e7\u00e3o no pa\u00eds caiu para 11,6%, com a diminui\u00e7\u00e3o de 10,6% no n\u00famero de desempregados, uma redu\u00e7\u00e3o de 1,5 milh\u00e3o de pessoas. A queda em rela\u00e7\u00e3o ao trimestre anterior foi de 1,6 ponto percentual e o [&hellip;]\" \/>\n<meta property=\"og:url\" content=\"https:\/\/jornalfatosenoticias.com.br\/index.php\/2022\/01\/28\/ibge-desemprego-cai-para-116-em-novembro\/\" \/>\n<meta property=\"og:site_name\" content=\"Jornal Fatos e Not\u00edcias\" \/>\n<meta property=\"article:published_time\" content=\"2022-01-28T14:29:25+00:00\" \/>\n<meta property=\"article:modified_time\" content=\"2022-01-28T14:29:26+00:00\" \/>\n<meta property=\"og:image\" content=\"https:\/\/jornalfatosenoticias.com.br\/wp-content\/uploads\/2022\/01\/carteira_de_trabalho.jpg\" \/>\n\t<meta property=\"og:image:width\" content=\"1000\" \/>\n\t<meta property=\"og:image:height\" content=\"598\" \/>\n\t<meta property=\"og:image:type\" content=\"image\/jpeg\" \/>\n<meta name=\"author\" content=\"Luzimara Fernandes\" \/>\n<meta name=\"twitter:card\" content=\"summary_large_image\" \/>\n<meta name=\"twitter:label1\" content=\"Escrito por\" \/>\n\t<meta name=\"twitter:data1\" content=\"Luzimara Fernandes\" \/>\n\t<meta name=\"twitter:label2\" content=\"Est. tempo de leitura\" \/>\n\t<meta name=\"twitter:data2\" content=\"1 minuto\" \/>\n<script type=\"application\/ld+json\" class=\"yoast-schema-graph\">{\"@context\":\"https:\/\/schema.org\",\"@graph\":[{\"@type\":\"Article\",\"@id\":\"https:\/\/jornalfatosenoticias.com.br\/index.php\/2022\/01\/28\/ibge-desemprego-cai-para-116-em-novembro\/#article\",\"isPartOf\":{\"@id\":\"https:\/\/jornalfatosenoticias.com.br\/index.php\/2022\/01\/28\/ibge-desemprego-cai-para-116-em-novembro\/\"},\"author\":{\"name\":\"Luzimara Fernandes\",\"@id\":\"https:\/\/jornalfatosenoticias.com.br\/#\/schema\/person\/d63837fa13ac8666eb9e74e0985d6f81\"},\"headline\":\"IBGE: Desemprego cai para 11,6% em novembro\",\"datePublished\":\"2022-01-28T14:29:25+00:00\",\"dateModified\":\"2022-01-28T14:29:26+00:00\",\"mainEntityOfPage\":{\"@id\":\"https:\/\/jornalfatosenoticias.com.br\/index.php\/2022\/01\/28\/ibge-desemprego-cai-para-116-em-novembro\/\"},\"wordCount\":275,\"commentCount\":0,\"publisher\":{\"@id\":\"https:\/\/jornalfatosenoticias.com.br\/#organization\"},\"image\":{\"@id\":\"https:\/\/jornalfatosenoticias.com.br\/index.php\/2022\/01\/28\/ibge-desemprego-cai-para-116-em-novembro\/#primaryimage\"},\"thumbnailUrl\":\"https:\/\/jornalfatosenoticias.com.br\/wp-content\/uploads\/2022\/01\/carteira_de_trabalho.jpg\",\"keywords\":[\"desemprego\",\"emprego\",\"IBGE\",\"taxa de ocupa\u00e7\u00e3o\"],\"articleSection\":[\"Economia\"],\"inLanguage\":\"pt-BR\",\"potentialAction\":[{\"@type\":\"CommentAction\",\"name\":\"Comment\",\"target\":[\"https:\/\/jornalfatosenoticias.com.br\/index.php\/2022\/01\/28\/ibge-desemprego-cai-para-116-em-novembro\/#respond\"]}]},{\"@type\":\"WebPage\",\"@id\":\"https:\/\/jornalfatosenoticias.com.br\/index.php\/2022\/01\/28\/ibge-desemprego-cai-para-116-em-novembro\/\",\"url\":\"https:\/\/jornalfatosenoticias.com.br\/index.php\/2022\/01\/28\/ibge-desemprego-cai-para-116-em-novembro\/\",\"name\":\"IBGE: Desemprego cai para 11,6% em novembro - Jornal Fatos e Not\u00edcias\",\"isPartOf\":{\"@id\":\"https:\/\/jornalfatosenoticias.com.br\/#website\"},\"primaryImageOfPage\":{\"@id\":\"https:\/\/jornalfatosenoticias.com.br\/index.php\/2022\/01\/28\/ibge-desemprego-cai-para-116-em-novembro\/#primaryimage\"},\"image\":{\"@id\":\"https:\/\/jornalfatosenoticias.com.br\/index.php\/2022\/01\/28\/ibge-desemprego-cai-para-116-em-novembro\/#primaryimage\"},\"thumbnailUrl\":\"https:\/\/jornalfatosenoticias.com.br\/wp-content\/uploads\/2022\/01\/carteira_de_trabalho.jpg\",\"datePublished\":\"2022-01-28T14:29:25+00:00\",\"dateModified\":\"2022-01-28T14:29:26+00:00\",\"breadcrumb\":{\"@id\":\"https:\/\/jornalfatosenoticias.com.br\/index.php\/2022\/01\/28\/ibge-desemprego-cai-para-116-em-novembro\/#breadcrumb\"},\"inLanguage\":\"pt-BR\",\"potentialAction\":[{\"@type\":\"ReadAction\",\"target\":[\"https:\/\/jornalfatosenoticias.com.br\/index.php\/2022\/01\/28\/ibge-desemprego-cai-para-116-em-novembro\/\"]}]},{\"@type\":\"ImageObject\",\"inLanguage\":\"pt-BR\",\"@id\":\"https:\/\/jornalfatosenoticias.com.br\/index.php\/2022\/01\/28\/ibge-desemprego-cai-para-116-em-novembro\/#primaryimage\",\"url\":\"https:\/\/jornalfatosenoticias.com.br\/wp-content\/uploads\/2022\/01\/carteira_de_trabalho.jpg\",\"contentUrl\":\"https:\/\/jornalfatosenoticias.com.br\/wp-content\/uploads\/2022\/01\/carteira_de_trabalho.jpg\",\"width\":1000,\"height\":598,\"caption\":\"carteira de trabalho\"},{\"@type\":\"BreadcrumbList\",\"@id\":\"https:\/\/jornalfatosenoticias.com.br\/index.php\/2022\/01\/28\/ibge-desemprego-cai-para-116-em-novembro\/#breadcrumb\",\"itemListElement\":[{\"@type\":\"ListItem\",\"position\":1,\"name\":\"In\u00edcio\",\"item\":\"https:\/\/jornalfatosenoticias.com.br\/\"},{\"@type\":\"ListItem\",\"position\":2,\"name\":\"IBGE: Desemprego cai para 11,6% em novembro\"}]},{\"@type\":\"WebSite\",\"@id\":\"https:\/\/jornalfatosenoticias.com.br\/#website\",\"url\":\"https:\/\/jornalfatosenoticias.com.br\/\",\"name\":\"Jornal Fatos e Not\u00edcias\",\"description\":\"Not\u00edcias em geral\",\"publisher\":{\"@id\":\"https:\/\/jornalfatosenoticias.com.br\/#organization\"},\"potentialAction\":[{\"@type\":\"SearchAction\",\"target\":{\"@type\":\"EntryPoint\",\"urlTemplate\":\"https:\/\/jornalfatosenoticias.com.br\/?s={search_term_string}\"},\"query-input\":{\"@type\":\"PropertyValueSpecification\",\"valueRequired\":true,\"valueName\":\"search_term_string\"}}],\"inLanguage\":\"pt-BR\"},{\"@type\":\"Organization\",\"@id\":\"https:\/\/jornalfatosenoticias.com.br\/#organization\",\"name\":\"Jornal Fatos e Not\u00edcias\",\"url\":\"https:\/\/jornalfatosenoticias.com.br\/\",\"logo\":{\"@type\":\"ImageObject\",\"inLanguage\":\"pt-BR\",\"@id\":\"https:\/\/jornalfatosenoticias.com.br\/#\/schema\/logo\/image\/\",\"url\":\"https:\/\/jornalfatosenoticias.com.br\/wp-content\/uploads\/2020\/02\/logo120.png\",\"contentUrl\":\"https:\/\/jornalfatosenoticias.com.br\/wp-content\/uploads\/2020\/02\/logo120.png\",\"width\":1227,\"height\":120,\"caption\":\"Jornal Fatos e Not\u00edcias\"},\"image\":{\"@id\":\"https:\/\/jornalfatosenoticias.com.br\/#\/schema\/logo\/image\/\"}},{\"@type\":\"Person\",\"@id\":\"https:\/\/jornalfatosenoticias.com.br\/#\/schema\/person\/d63837fa13ac8666eb9e74e0985d6f81\",\"name\":\"Luzimara Fernandes\",\"image\":{\"@type\":\"ImageObject\",\"inLanguage\":\"pt-BR\",\"@id\":\"https:\/\/jornalfatosenoticias.com.br\/#\/schema\/person\/image\/\",\"url\":\"https:\/\/jornalfatosenoticias.com.br\/wp-content\/uploads\/2025\/05\/EU_portal.jpg\",\"contentUrl\":\"https:\/\/jornalfatosenoticias.com.br\/wp-content\/uploads\/2025\/05\/EU_portal.jpg\",\"caption\":\"Luzimara Fernandes\"},\"description\":\"Jornalista MTB 2358-ES\",\"sameAs\":[\"https:\/\/jornalfatosenoticias.com.br\"],\"url\":\"https:\/\/jornalfatosenoticias.com.br\/index.php\/author\/luzimara\/\"}]}<\/script>\n<!-- \/ Yoast SEO plugin. -->","yoast_head_json":{"title":"IBGE: Desemprego cai para 11,6% em novembro - Jornal Fatos e Not\u00edcias","robots":{"index":"index","follow":"follow","max-snippet":"max-snippet:-1","max-image-preview":"max-image-preview:large","max-video-preview":"max-video-preview:-1"},"canonical":"https:\/\/jornalfatosenoticias.com.br\/index.php\/2022\/01\/28\/ibge-desemprego-cai-para-116-em-novembro\/","og_locale":"pt_BR","og_type":"article","og_title":"IBGE: Desemprego cai para 11,6% em novembro - Jornal Fatos e Not\u00edcias","og_description":"S\u00e3o 3,2 milh\u00f5es de pessoas a mais no mercado de trabalho No trimestre encerrado em novembro, a taxa de desocupa\u00e7\u00e3o no pa\u00eds caiu para 11,6%, com a diminui\u00e7\u00e3o de 10,6% no n\u00famero de desempregados, uma redu\u00e7\u00e3o de 1,5 milh\u00e3o de pessoas. A queda em rela\u00e7\u00e3o ao trimestre anterior foi de 1,6 ponto percentual e o [&hellip;]","og_url":"https:\/\/jornalfatosenoticias.com.br\/index.php\/2022\/01\/28\/ibge-desemprego-cai-para-116-em-novembro\/","og_site_name":"Jornal Fatos e Not\u00edcias","article_published_time":"2022-01-28T14:29:25+00:00","article_modified_time":"2022-01-28T14:29:26+00:00","og_image":[{"width":1000,"height":598,"url":"https:\/\/jornalfatosenoticias.com.br\/wp-content\/uploads\/2022\/01\/carteira_de_trabalho.jpg","type":"image\/jpeg"}],"author":"Luzimara Fernandes","twitter_card":"summary_large_image","twitter_misc":{"Escrito por":"Luzimara Fernandes","Est. tempo de leitura":"1 minuto"},"schema":{"@context":"https:\/\/schema.org","@graph":[{"@type":"Article","@id":"https:\/\/jornalfatosenoticias.com.br\/index.php\/2022\/01\/28\/ibge-desemprego-cai-para-116-em-novembro\/#article","isPartOf":{"@id":"https:\/\/jornalfatosenoticias.com.br\/index.php\/2022\/01\/28\/ibge-desemprego-cai-para-116-em-novembro\/"},"author":{"name":"Luzimara Fernandes","@id":"https:\/\/jornalfatosenoticias.com.br\/#\/schema\/person\/d63837fa13ac8666eb9e74e0985d6f81"},"headline":"IBGE: Desemprego cai para 11,6% em novembro","datePublished":"2022-01-28T14:29:25+00:00","dateModified":"2022-01-28T14:29:26+00:00","mainEntityOfPage":{"@id":"https:\/\/jornalfatosenoticias.com.br\/index.php\/2022\/01\/28\/ibge-desemprego-cai-para-116-em-novembro\/"},"wordCount":275,"commentCount":0,"publisher":{"@id":"https:\/\/jornalfatosenoticias.com.br\/#organization"},"image":{"@id":"https:\/\/jornalfatosenoticias.com.br\/index.php\/2022\/01\/28\/ibge-desemprego-cai-para-116-em-novembro\/#primaryimage"},"thumbnailUrl":"https:\/\/jornalfatosenoticias.com.br\/wp-content\/uploads\/2022\/01\/carteira_de_trabalho.jpg","keywords":["desemprego","emprego","IBGE","taxa de ocupa\u00e7\u00e3o"],"articleSection":["Economia"],"inLanguage":"pt-BR","potentialAction":[{"@type":"CommentAction","name":"Comment","target":["https:\/\/jornalfatosenoticias.com.br\/index.php\/2022\/01\/28\/ibge-desemprego-cai-para-116-em-novembro\/#respond"]}]},{"@type":"WebPage","@id":"https:\/\/jornalfatosenoticias.com.br\/index.php\/2022\/01\/28\/ibge-desemprego-cai-para-116-em-novembro\/","url":"https:\/\/jornalfatosenoticias.com.br\/index.php\/2022\/01\/28\/ibge-desemprego-cai-para-116-em-novembro\/","name":"IBGE: Desemprego cai para 11,6% em novembro - Jornal Fatos e Not\u00edcias","isPartOf":{"@id":"https:\/\/jornalfatosenoticias.com.br\/#website"},"primaryImageOfPage":{"@id":"https:\/\/jornalfatosenoticias.com.br\/index.php\/2022\/01\/28\/ibge-desemprego-cai-para-116-em-novembro\/#primaryimage"},"image":{"@id":"https:\/\/jornalfatosenoticias.com.br\/index.php\/2022\/01\/28\/ibge-desemprego-cai-para-116-em-novembro\/#primaryimage"},"thumbnailUrl":"https:\/\/jornalfatosenoticias.com.br\/wp-content\/uploads\/2022\/01\/carteira_de_trabalho.jpg","datePublished":"2022-01-28T14:29:25+00:00","dateModified":"2022-01-28T14:29:26+00:00","breadcrumb":{"@id":"https:\/\/jornalfatosenoticias.com.br\/index.php\/2022\/01\/28\/ibge-desemprego-cai-para-116-em-novembro\/#breadcrumb"},"inLanguage":"pt-BR","potentialAction":[{"@type":"ReadAction","target":["https:\/\/jornalfatosenoticias.com.br\/index.php\/2022\/01\/28\/ibge-desemprego-cai-para-116-em-novembro\/"]}]},{"@type":"ImageObject","inLanguage":"pt-BR","@id":"https:\/\/jornalfatosenoticias.com.br\/index.php\/2022\/01\/28\/ibge-desemprego-cai-para-116-em-novembro\/#primaryimage","url":"https:\/\/jornalfatosenoticias.com.br\/wp-content\/uploads\/2022\/01\/carteira_de_trabalho.jpg","contentUrl":"https:\/\/jornalfatosenoticias.com.br\/wp-content\/uploads\/2022\/01\/carteira_de_trabalho.jpg","width":1000,"height":598,"caption":"carteira de trabalho"},{"@type":"BreadcrumbList","@id":"https:\/\/jornalfatosenoticias.com.br\/index.php\/2022\/01\/28\/ibge-desemprego-cai-para-116-em-novembro\/#breadcrumb","itemListElement":[{"@type":"ListItem","position":1,"name":"In\u00edcio","item":"https:\/\/jornalfatosenoticias.com.br\/"},{"@type":"ListItem","position":2,"name":"IBGE: Desemprego cai para 11,6% em novembro"}]},{"@type":"WebSite","@id":"https:\/\/jornalfatosenoticias.com.br\/#website","url":"https:\/\/jornalfatosenoticias.com.br\/","name":"Jornal Fatos e Not\u00edcias","description":"Not\u00edcias em geral","publisher":{"@id":"https:\/\/jornalfatosenoticias.com.br\/#organization"},"potentialAction":[{"@type":"SearchAction","target":{"@type":"EntryPoint","urlTemplate":"https:\/\/jornalfatosenoticias.com.br\/?s={search_term_string}"},"query-input":{"@type":"PropertyValueSpecification","valueRequired":true,"valueName":"search_term_string"}}],"inLanguage":"pt-BR"},{"@type":"Organization","@id":"https:\/\/jornalfatosenoticias.com.br\/#organization","name":"Jornal Fatos e Not\u00edcias","url":"https:\/\/jornalfatosenoticias.com.br\/","logo":{"@type":"ImageObject","inLanguage":"pt-BR","@id":"https:\/\/jornalfatosenoticias.com.br\/#\/schema\/logo\/image\/","url":"https:\/\/jornalfatosenoticias.com.br\/wp-content\/uploads\/2020\/02\/logo120.png","contentUrl":"https:\/\/jornalfatosenoticias.com.br\/wp-content\/uploads\/2020\/02\/logo120.png","width":1227,"height":120,"caption":"Jornal Fatos e Not\u00edcias"},"image":{"@id":"https:\/\/jornalfatosenoticias.com.br\/#\/schema\/logo\/image\/"}},{"@type":"Person","@id":"https:\/\/jornalfatosenoticias.com.br\/#\/schema\/person\/d63837fa13ac8666eb9e74e0985d6f81","name":"Luzimara Fernandes","image":{"@type":"ImageObject","inLanguage":"pt-BR","@id":"https:\/\/jornalfatosenoticias.com.br\/#\/schema\/person\/image\/","url":"https:\/\/jornalfatosenoticias.com.br\/wp-content\/uploads\/2025\/05\/EU_portal.jpg","contentUrl":"https:\/\/jornalfatosenoticias.com.br\/wp-content\/uploads\/2025\/05\/EU_portal.jpg","caption":"Luzimara Fernandes"},"description":"Jornalista MTB 2358-ES","sameAs":["https:\/\/jornalfatosenoticias.com.br"],"url":"https:\/\/jornalfatosenoticias.com.br\/index.php\/author\/luzimara\/"}]}},"cc_featured_image_caption":{"caption_text":"(Foto: Ag\u00eancia Bras\u00edlia) ","source_text":"","source_url":""},"jetpack_featured_media_url":"https:\/\/jornalfatosenoticias.com.br\/wp-content\/uploads\/2022\/01\/carteira_de_trabalho.jpg","_links":{"self":[{"href":"https:\/\/jornalfatosenoticias.com.br\/index.php\/wp-json\/wp\/v2\/posts\/27268","targetHints":{"allow":["GET"]}}],"collection":[{"href":"https:\/\/jornalfatosenoticias.com.br\/index.php\/wp-json\/wp\/v2\/posts"}],"about":[{"href":"https:\/\/jornalfatosenoticias.com.br\/index.php\/wp-json\/wp\/v2\/types\/post"}],"author":[{"embeddable":true,"href":"https:\/\/jornalfatosenoticias.com.br\/index.php\/wp-json\/wp\/v2\/users\/2"}],"replies":[{"embeddable":true,"href":"https:\/\/jornalfatosenoticias.com.br\/index.php\/wp-json\/wp\/v2\/comments?post=27268"}],"version-history":[{"count":0,"href":"https:\/\/jornalfatosenoticias.com.br\/index.php\/wp-json\/wp\/v2\/posts\/27268\/revisions"}],"wp:featuredmedia":[{"embeddable":true,"href":"https:\/\/jornalfatosenoticias.com.br\/index.php\/wp-json\/wp\/v2\/media\/27269"}],"wp:attachment":[{"href":"https:\/\/jornalfatosenoticias.com.br\/index.php\/wp-json\/wp\/v2\/media?parent=27268"}],"wp:term":[{"taxonomy":"category","embeddable":true,"href":"https:\/\/jornalfatosenoticias.com.br\/index.php\/wp-json\/wp\/v2\/categories?post=27268"},{"taxonomy":"post_tag","embeddable":true,"href":"https:\/\/jornalfatosenoticias.com.br\/index.php\/wp-json\/wp\/v2\/tags?post=27268"}],"curies":[{"name":"wp","href":"https:\/\/api.w.org\/{rel}","templated":true}]}}