{"id":27271,"date":"2022-01-28T11:45:18","date_gmt":"2022-01-28T14:45:18","guid":{"rendered":"https:\/\/jornalfatosenoticias.com.br\/?p=27271"},"modified":"2022-01-28T11:45:22","modified_gmt":"2022-01-28T14:45:22","slug":"governo-publica-criterios-para-universalizacao-da-internet-na-educacao","status":"publish","type":"post","link":"https:\/\/jornalfatosenoticias.com.br\/index.php\/2022\/01\/28\/governo-publica-criterios-para-universalizacao-da-internet-na-educacao\/","title":{"rendered":"Governo publica crit\u00e9rios para universaliza\u00e7\u00e3o da internet na educa\u00e7\u00e3o"},"content":{"rendered":"\n<p><em><span class=\"has-inline-color has-black-color\">Medida abrange educa\u00e7\u00e3o b\u00e1sica p\u00fablica<\/span><\/em><\/p>\n\n\n\n<p>O <a href=\"http:\/\/in.gov.br\/en\/web\/dou\/-\/decreto-n-10.952-de-27-de-janeiro-de-2022-376606099\" target=\"_blank\" rel=\"noreferrer noopener\"><em><strong>Di\u00e1rio Oficial da Uni\u00e3o<\/strong><\/em><\/a>\u00a0de hoje (28) publica decreto que regulamenta e estabelece crit\u00e9rios de transfer\u00eancia autom\u00e1tica de recursos \u00e0s unidades federativas, com o objetivo de garantir acesso \u00e0 internet &#8220;com fins educacionais&#8221; a alunos e professores da educa\u00e7\u00e3o b\u00e1sica p\u00fablica.<br>Ao regulamentar a <strong><a href=\"http:\/\/planalto.gov.br\/ccivil_03\/_ato2019-2022\/2021\/Lei\/L14172.htm\" target=\"_blank\" rel=\"noreferrer noopener\">lei n\u00ba14.172<\/a>,<\/strong> publicada em junho de 2021, o decreto n\u00ba 10.952, divulgado nesta sexta-feira, detalha como ser\u00e3o feitas as transfer\u00eancias por meio da Plataforma +Brasil, sistema que integra as bases de gest\u00e3o de transfer\u00eancias de recursos da Uni\u00e3o.<br>A transfer\u00eancia, feita em parcela \u00fanica de R$ 3,5 bilh\u00f5es aos estados e ao Distrito Federal, \u00e9 um apoio financeiro, dado em raz\u00e3o da calamidade p\u00fablica decorrente da pandemia, de forma a, em colabora\u00e7\u00e3o com os munic\u00edpios, &#8220;proporcionar equidade na universaliza\u00e7\u00e3o do ensino&#8221;.<\/p>\n\n\n\n<p><strong><span class=\"has-inline-color has-black-color\">Diretrizes<br><\/span><\/strong>O decreto apresenta algumas diretrizes para a aplica\u00e7\u00e3o desses recursos e descreve como ser\u00e3o a operacionaliza\u00e7\u00e3o das transfer\u00eancias e os prazos.<br>Caso os recursos (e os rendimentos obtidos a partir de sua aplica\u00e7\u00e3o) n\u00e3o sejam aplicados, os saldos remanescentes dever\u00e3o ser restitu\u00eddos \u00e0 Conta \u00danica do Tesouro Nacional por meio da emiss\u00e3o e do pagamento de Guia de Recolhimento da Uni\u00e3o.<br>O decreto apresenta, tamb\u00e9m, anexos que servir\u00e3o de modelo para a apresenta\u00e7\u00e3o do relat\u00f3rio de gest\u00e3o final.<\/p>\n\n\n\n<p><strong><em>Fonte: <a href=\"https:\/\/agenciabrasil.ebc.com.br\/geral\/noticia\/2022-01\/governo-publica-criterios-para-universalizacao-da-internet-na-educacao\">Ag\u00eancia Brasil<\/a><\/em><\/strong><\/p>\n","protected":false},"excerpt":{"rendered":"<p>Medida abrange educa\u00e7\u00e3o b\u00e1sica p\u00fablica O Di\u00e1rio Oficial da Uni\u00e3o\u00a0de hoje (28) publica decreto que regulamenta e estabelece crit\u00e9rios de transfer\u00eancia autom\u00e1tica de recursos \u00e0s unidades federativas, com o objetivo de garantir acesso \u00e0 internet &#8220;com fins educacionais&#8221; a alunos e professores da educa\u00e7\u00e3o b\u00e1sica p\u00fablica.Ao regulamentar a lei n\u00ba14.172, publicada em junho de 2021, [&hellip;]<\/p>\n","protected":false},"author":2,"featured_media":27272,"comment_status":"open","ping_status":"open","sticky":false,"template":"","format":"standard","meta":{"footnotes":""},"categories":[7,10],"tags":[693,411,1564,3087,13067],"class_list":["post-27271","post","type-post","status-publish","format-standard","has-post-thumbnail","hentry","category-educacao","category-politica","tag-diario-oficial","tag-educacao-basica","tag-internet","tag-matriculas","tag-universalizacao"],"yoast_head":"<!-- This site is optimized with the Yoast SEO plugin v26.5 - https:\/\/yoast.com\/wordpress\/plugins\/seo\/ -->\n<title>Governo publica crit\u00e9rios para universaliza\u00e7\u00e3o da internet na educa\u00e7\u00e3o - Jornal Fatos e Not\u00edcias<\/title>\n<meta name=\"robots\" content=\"index, follow, max-snippet:-1, max-image-preview:large, max-video-preview:-1\" \/>\n<link rel=\"canonical\" href=\"https:\/\/jornalfatosenoticias.com.br\/index.php\/2022\/01\/28\/governo-publica-criterios-para-universalizacao-da-internet-na-educacao\/\" \/>\n<meta property=\"og:locale\" content=\"pt_BR\" \/>\n<meta property=\"og:type\" content=\"article\" \/>\n<meta property=\"og:title\" content=\"Governo publica crit\u00e9rios para universaliza\u00e7\u00e3o da internet na educa\u00e7\u00e3o - Jornal Fatos e Not\u00edcias\" \/>\n<meta property=\"og:description\" content=\"Medida abrange educa\u00e7\u00e3o b\u00e1sica p\u00fablica O Di\u00e1rio Oficial da Uni\u00e3o\u00a0de hoje (28) publica decreto que regulamenta e estabelece crit\u00e9rios de transfer\u00eancia autom\u00e1tica de recursos \u00e0s unidades federativas, com o objetivo de garantir acesso \u00e0 internet &#8220;com fins educacionais&#8221; a alunos e professores da educa\u00e7\u00e3o b\u00e1sica p\u00fablica.Ao regulamentar a lei n\u00ba14.172, publicada em junho de 2021, [&hellip;]\" \/>\n<meta property=\"og:url\" content=\"https:\/\/jornalfatosenoticias.com.br\/index.php\/2022\/01\/28\/governo-publica-criterios-para-universalizacao-da-internet-na-educacao\/\" \/>\n<meta property=\"og:site_name\" content=\"Jornal Fatos e Not\u00edcias\" \/>\n<meta property=\"article:published_time\" content=\"2022-01-28T14:45:18+00:00\" \/>\n<meta property=\"article:modified_time\" content=\"2022-01-28T14:45:22+00:00\" \/>\n<meta property=\"og:image\" content=\"https:\/\/jornalfatosenoticias.com.br\/wp-content\/uploads\/2022\/01\/internet-educacao.jpg\" \/>\n\t<meta property=\"og:image:width\" content=\"1000\" \/>\n\t<meta property=\"og:image:height\" content=\"598\" \/>\n\t<meta property=\"og:image:type\" content=\"image\/jpeg\" \/>\n<meta name=\"author\" content=\"Luzimara Fernandes\" \/>\n<meta name=\"twitter:card\" content=\"summary_large_image\" \/>\n<meta name=\"twitter:label1\" content=\"Escrito por\" \/>\n\t<meta name=\"twitter:data1\" content=\"Luzimara Fernandes\" \/>\n\t<meta name=\"twitter:label2\" content=\"Est. tempo de leitura\" \/>\n\t<meta name=\"twitter:data2\" content=\"1 minuto\" \/>\n<script type=\"application\/ld+json\" class=\"yoast-schema-graph\">{\"@context\":\"https:\/\/schema.org\",\"@graph\":[{\"@type\":\"Article\",\"@id\":\"https:\/\/jornalfatosenoticias.com.br\/index.php\/2022\/01\/28\/governo-publica-criterios-para-universalizacao-da-internet-na-educacao\/#article\",\"isPartOf\":{\"@id\":\"https:\/\/jornalfatosenoticias.com.br\/index.php\/2022\/01\/28\/governo-publica-criterios-para-universalizacao-da-internet-na-educacao\/\"},\"author\":{\"name\":\"Luzimara Fernandes\",\"@id\":\"https:\/\/jornalfatosenoticias.com.br\/#\/schema\/person\/d63837fa13ac8666eb9e74e0985d6f81\"},\"headline\":\"Governo publica crit\u00e9rios para universaliza\u00e7\u00e3o da internet na educa\u00e7\u00e3o\",\"datePublished\":\"2022-01-28T14:45:18+00:00\",\"dateModified\":\"2022-01-28T14:45:22+00:00\",\"mainEntityOfPage\":{\"@id\":\"https:\/\/jornalfatosenoticias.com.br\/index.php\/2022\/01\/28\/governo-publica-criterios-para-universalizacao-da-internet-na-educacao\/\"},\"wordCount\":257,\"commentCount\":0,\"publisher\":{\"@id\":\"https:\/\/jornalfatosenoticias.com.br\/#organization\"},\"image\":{\"@id\":\"https:\/\/jornalfatosenoticias.com.br\/index.php\/2022\/01\/28\/governo-publica-criterios-para-universalizacao-da-internet-na-educacao\/#primaryimage\"},\"thumbnailUrl\":\"https:\/\/jornalfatosenoticias.com.br\/wp-content\/uploads\/2022\/01\/internet-educacao.jpg\",\"keywords\":[\"Di\u00e1rio Oficial\",\"educa\u00e7\u00e3o b\u00e1sica\",\"internet\",\"matr\u00edculas\",\"universaliza\u00e7\u00e3o\"],\"articleSection\":[\"Educa\u00e7\u00e3o\",\"Pol\u00edtica\"],\"inLanguage\":\"pt-BR\",\"potentialAction\":[{\"@type\":\"CommentAction\",\"name\":\"Comment\",\"target\":[\"https:\/\/jornalfatosenoticias.com.br\/index.php\/2022\/01\/28\/governo-publica-criterios-para-universalizacao-da-internet-na-educacao\/#respond\"]}]},{\"@type\":\"WebPage\",\"@id\":\"https:\/\/jornalfatosenoticias.com.br\/index.php\/2022\/01\/28\/governo-publica-criterios-para-universalizacao-da-internet-na-educacao\/\",\"url\":\"https:\/\/jornalfatosenoticias.com.br\/index.php\/2022\/01\/28\/governo-publica-criterios-para-universalizacao-da-internet-na-educacao\/\",\"name\":\"Governo publica crit\u00e9rios para universaliza\u00e7\u00e3o da internet na educa\u00e7\u00e3o - Jornal Fatos e Not\u00edcias\",\"isPartOf\":{\"@id\":\"https:\/\/jornalfatosenoticias.com.br\/#website\"},\"primaryImageOfPage\":{\"@id\":\"https:\/\/jornalfatosenoticias.com.br\/index.php\/2022\/01\/28\/governo-publica-criterios-para-universalizacao-da-internet-na-educacao\/#primaryimage\"},\"image\":{\"@id\":\"https:\/\/jornalfatosenoticias.com.br\/index.php\/2022\/01\/28\/governo-publica-criterios-para-universalizacao-da-internet-na-educacao\/#primaryimage\"},\"thumbnailUrl\":\"https:\/\/jornalfatosenoticias.com.br\/wp-content\/uploads\/2022\/01\/internet-educacao.jpg\",\"datePublished\":\"2022-01-28T14:45:18+00:00\",\"dateModified\":\"2022-01-28T14:45:22+00:00\",\"breadcrumb\":{\"@id\":\"https:\/\/jornalfatosenoticias.com.br\/index.php\/2022\/01\/28\/governo-publica-criterios-para-universalizacao-da-internet-na-educacao\/#breadcrumb\"},\"inLanguage\":\"pt-BR\",\"potentialAction\":[{\"@type\":\"ReadAction\",\"target\":[\"https:\/\/jornalfatosenoticias.com.br\/index.php\/2022\/01\/28\/governo-publica-criterios-para-universalizacao-da-internet-na-educacao\/\"]}]},{\"@type\":\"ImageObject\",\"inLanguage\":\"pt-BR\",\"@id\":\"https:\/\/jornalfatosenoticias.com.br\/index.php\/2022\/01\/28\/governo-publica-criterios-para-universalizacao-da-internet-na-educacao\/#primaryimage\",\"url\":\"https:\/\/jornalfatosenoticias.com.br\/wp-content\/uploads\/2022\/01\/internet-educacao.jpg\",\"contentUrl\":\"https:\/\/jornalfatosenoticias.com.br\/wp-content\/uploads\/2022\/01\/internet-educacao.jpg\",\"width\":1000,\"height\":598,\"caption\":\"A pandemia revelou a desigualdade de acesso \u00e0 internet\"},{\"@type\":\"BreadcrumbList\",\"@id\":\"https:\/\/jornalfatosenoticias.com.br\/index.php\/2022\/01\/28\/governo-publica-criterios-para-universalizacao-da-internet-na-educacao\/#breadcrumb\",\"itemListElement\":[{\"@type\":\"ListItem\",\"position\":1,\"name\":\"In\u00edcio\",\"item\":\"https:\/\/jornalfatosenoticias.com.br\/\"},{\"@type\":\"ListItem\",\"position\":2,\"name\":\"Governo publica crit\u00e9rios para universaliza\u00e7\u00e3o da internet na educa\u00e7\u00e3o\"}]},{\"@type\":\"WebSite\",\"@id\":\"https:\/\/jornalfatosenoticias.com.br\/#website\",\"url\":\"https:\/\/jornalfatosenoticias.com.br\/\",\"name\":\"Jornal Fatos e Not\u00edcias\",\"description\":\"Not\u00edcias em geral\",\"publisher\":{\"@id\":\"https:\/\/jornalfatosenoticias.com.br\/#organization\"},\"potentialAction\":[{\"@type\":\"SearchAction\",\"target\":{\"@type\":\"EntryPoint\",\"urlTemplate\":\"https:\/\/jornalfatosenoticias.com.br\/?s={search_term_string}\"},\"query-input\":{\"@type\":\"PropertyValueSpecification\",\"valueRequired\":true,\"valueName\":\"search_term_string\"}}],\"inLanguage\":\"pt-BR\"},{\"@type\":\"Organization\",\"@id\":\"https:\/\/jornalfatosenoticias.com.br\/#organization\",\"name\":\"Jornal Fatos e Not\u00edcias\",\"url\":\"https:\/\/jornalfatosenoticias.com.br\/\",\"logo\":{\"@type\":\"ImageObject\",\"inLanguage\":\"pt-BR\",\"@id\":\"https:\/\/jornalfatosenoticias.com.br\/#\/schema\/logo\/image\/\",\"url\":\"https:\/\/jornalfatosenoticias.com.br\/wp-content\/uploads\/2020\/02\/logo120.png\",\"contentUrl\":\"https:\/\/jornalfatosenoticias.com.br\/wp-content\/uploads\/2020\/02\/logo120.png\",\"width\":1227,\"height\":120,\"caption\":\"Jornal Fatos e Not\u00edcias\"},\"image\":{\"@id\":\"https:\/\/jornalfatosenoticias.com.br\/#\/schema\/logo\/image\/\"}},{\"@type\":\"Person\",\"@id\":\"https:\/\/jornalfatosenoticias.com.br\/#\/schema\/person\/d63837fa13ac8666eb9e74e0985d6f81\",\"name\":\"Luzimara Fernandes\",\"image\":{\"@type\":\"ImageObject\",\"inLanguage\":\"pt-BR\",\"@id\":\"https:\/\/jornalfatosenoticias.com.br\/#\/schema\/person\/image\/\",\"url\":\"https:\/\/jornalfatosenoticias.com.br\/wp-content\/uploads\/2025\/05\/EU_portal.jpg\",\"contentUrl\":\"https:\/\/jornalfatosenoticias.com.br\/wp-content\/uploads\/2025\/05\/EU_portal.jpg\",\"caption\":\"Luzimara Fernandes\"},\"description\":\"Jornalista MTB 2358-ES\",\"sameAs\":[\"https:\/\/jornalfatosenoticias.com.br\"],\"url\":\"https:\/\/jornalfatosenoticias.com.br\/index.php\/author\/luzimara\/\"}]}<\/script>\n<!-- \/ Yoast SEO plugin. -->","yoast_head_json":{"title":"Governo publica crit\u00e9rios para universaliza\u00e7\u00e3o da internet na educa\u00e7\u00e3o - Jornal Fatos e Not\u00edcias","robots":{"index":"index","follow":"follow","max-snippet":"max-snippet:-1","max-image-preview":"max-image-preview:large","max-video-preview":"max-video-preview:-1"},"canonical":"https:\/\/jornalfatosenoticias.com.br\/index.php\/2022\/01\/28\/governo-publica-criterios-para-universalizacao-da-internet-na-educacao\/","og_locale":"pt_BR","og_type":"article","og_title":"Governo publica crit\u00e9rios para universaliza\u00e7\u00e3o da internet na educa\u00e7\u00e3o - Jornal Fatos e Not\u00edcias","og_description":"Medida abrange educa\u00e7\u00e3o b\u00e1sica p\u00fablica O Di\u00e1rio Oficial da Uni\u00e3o\u00a0de hoje (28) publica decreto que regulamenta e estabelece crit\u00e9rios de transfer\u00eancia autom\u00e1tica de recursos \u00e0s unidades federativas, com o objetivo de garantir acesso \u00e0 internet &#8220;com fins educacionais&#8221; a alunos e professores da educa\u00e7\u00e3o b\u00e1sica p\u00fablica.Ao regulamentar a lei n\u00ba14.172, publicada em junho de 2021, [&hellip;]","og_url":"https:\/\/jornalfatosenoticias.com.br\/index.php\/2022\/01\/28\/governo-publica-criterios-para-universalizacao-da-internet-na-educacao\/","og_site_name":"Jornal Fatos e Not\u00edcias","article_published_time":"2022-01-28T14:45:18+00:00","article_modified_time":"2022-01-28T14:45:22+00:00","og_image":[{"width":1000,"height":598,"url":"https:\/\/jornalfatosenoticias.com.br\/wp-content\/uploads\/2022\/01\/internet-educacao.jpg","type":"image\/jpeg"}],"author":"Luzimara Fernandes","twitter_card":"summary_large_image","twitter_misc":{"Escrito por":"Luzimara Fernandes","Est. tempo de leitura":"1 minuto"},"schema":{"@context":"https:\/\/schema.org","@graph":[{"@type":"Article","@id":"https:\/\/jornalfatosenoticias.com.br\/index.php\/2022\/01\/28\/governo-publica-criterios-para-universalizacao-da-internet-na-educacao\/#article","isPartOf":{"@id":"https:\/\/jornalfatosenoticias.com.br\/index.php\/2022\/01\/28\/governo-publica-criterios-para-universalizacao-da-internet-na-educacao\/"},"author":{"name":"Luzimara Fernandes","@id":"https:\/\/jornalfatosenoticias.com.br\/#\/schema\/person\/d63837fa13ac8666eb9e74e0985d6f81"},"headline":"Governo publica crit\u00e9rios para universaliza\u00e7\u00e3o da internet na educa\u00e7\u00e3o","datePublished":"2022-01-28T14:45:18+00:00","dateModified":"2022-01-28T14:45:22+00:00","mainEntityOfPage":{"@id":"https:\/\/jornalfatosenoticias.com.br\/index.php\/2022\/01\/28\/governo-publica-criterios-para-universalizacao-da-internet-na-educacao\/"},"wordCount":257,"commentCount":0,"publisher":{"@id":"https:\/\/jornalfatosenoticias.com.br\/#organization"},"image":{"@id":"https:\/\/jornalfatosenoticias.com.br\/index.php\/2022\/01\/28\/governo-publica-criterios-para-universalizacao-da-internet-na-educacao\/#primaryimage"},"thumbnailUrl":"https:\/\/jornalfatosenoticias.com.br\/wp-content\/uploads\/2022\/01\/internet-educacao.jpg","keywords":["Di\u00e1rio Oficial","educa\u00e7\u00e3o b\u00e1sica","internet","matr\u00edculas","universaliza\u00e7\u00e3o"],"articleSection":["Educa\u00e7\u00e3o","Pol\u00edtica"],"inLanguage":"pt-BR","potentialAction":[{"@type":"CommentAction","name":"Comment","target":["https:\/\/jornalfatosenoticias.com.br\/index.php\/2022\/01\/28\/governo-publica-criterios-para-universalizacao-da-internet-na-educacao\/#respond"]}]},{"@type":"WebPage","@id":"https:\/\/jornalfatosenoticias.com.br\/index.php\/2022\/01\/28\/governo-publica-criterios-para-universalizacao-da-internet-na-educacao\/","url":"https:\/\/jornalfatosenoticias.com.br\/index.php\/2022\/01\/28\/governo-publica-criterios-para-universalizacao-da-internet-na-educacao\/","name":"Governo publica crit\u00e9rios para universaliza\u00e7\u00e3o da internet na educa\u00e7\u00e3o - Jornal Fatos e Not\u00edcias","isPartOf":{"@id":"https:\/\/jornalfatosenoticias.com.br\/#website"},"primaryImageOfPage":{"@id":"https:\/\/jornalfatosenoticias.com.br\/index.php\/2022\/01\/28\/governo-publica-criterios-para-universalizacao-da-internet-na-educacao\/#primaryimage"},"image":{"@id":"https:\/\/jornalfatosenoticias.com.br\/index.php\/2022\/01\/28\/governo-publica-criterios-para-universalizacao-da-internet-na-educacao\/#primaryimage"},"thumbnailUrl":"https:\/\/jornalfatosenoticias.com.br\/wp-content\/uploads\/2022\/01\/internet-educacao.jpg","datePublished":"2022-01-28T14:45:18+00:00","dateModified":"2022-01-28T14:45:22+00:00","breadcrumb":{"@id":"https:\/\/jornalfatosenoticias.com.br\/index.php\/2022\/01\/28\/governo-publica-criterios-para-universalizacao-da-internet-na-educacao\/#breadcrumb"},"inLanguage":"pt-BR","potentialAction":[{"@type":"ReadAction","target":["https:\/\/jornalfatosenoticias.com.br\/index.php\/2022\/01\/28\/governo-publica-criterios-para-universalizacao-da-internet-na-educacao\/"]}]},{"@type":"ImageObject","inLanguage":"pt-BR","@id":"https:\/\/jornalfatosenoticias.com.br\/index.php\/2022\/01\/28\/governo-publica-criterios-para-universalizacao-da-internet-na-educacao\/#primaryimage","url":"https:\/\/jornalfatosenoticias.com.br\/wp-content\/uploads\/2022\/01\/internet-educacao.jpg","contentUrl":"https:\/\/jornalfatosenoticias.com.br\/wp-content\/uploads\/2022\/01\/internet-educacao.jpg","width":1000,"height":598,"caption":"A pandemia revelou a desigualdade de acesso \u00e0 internet"},{"@type":"BreadcrumbList","@id":"https:\/\/jornalfatosenoticias.com.br\/index.php\/2022\/01\/28\/governo-publica-criterios-para-universalizacao-da-internet-na-educacao\/#breadcrumb","itemListElement":[{"@type":"ListItem","position":1,"name":"In\u00edcio","item":"https:\/\/jornalfatosenoticias.com.br\/"},{"@type":"ListItem","position":2,"name":"Governo publica crit\u00e9rios para universaliza\u00e7\u00e3o da internet na educa\u00e7\u00e3o"}]},{"@type":"WebSite","@id":"https:\/\/jornalfatosenoticias.com.br\/#website","url":"https:\/\/jornalfatosenoticias.com.br\/","name":"Jornal Fatos e Not\u00edcias","description":"Not\u00edcias em geral","publisher":{"@id":"https:\/\/jornalfatosenoticias.com.br\/#organization"},"potentialAction":[{"@type":"SearchAction","target":{"@type":"EntryPoint","urlTemplate":"https:\/\/jornalfatosenoticias.com.br\/?s={search_term_string}"},"query-input":{"@type":"PropertyValueSpecification","valueRequired":true,"valueName":"search_term_string"}}],"inLanguage":"pt-BR"},{"@type":"Organization","@id":"https:\/\/jornalfatosenoticias.com.br\/#organization","name":"Jornal Fatos e Not\u00edcias","url":"https:\/\/jornalfatosenoticias.com.br\/","logo":{"@type":"ImageObject","inLanguage":"pt-BR","@id":"https:\/\/jornalfatosenoticias.com.br\/#\/schema\/logo\/image\/","url":"https:\/\/jornalfatosenoticias.com.br\/wp-content\/uploads\/2020\/02\/logo120.png","contentUrl":"https:\/\/jornalfatosenoticias.com.br\/wp-content\/uploads\/2020\/02\/logo120.png","width":1227,"height":120,"caption":"Jornal Fatos e Not\u00edcias"},"image":{"@id":"https:\/\/jornalfatosenoticias.com.br\/#\/schema\/logo\/image\/"}},{"@type":"Person","@id":"https:\/\/jornalfatosenoticias.com.br\/#\/schema\/person\/d63837fa13ac8666eb9e74e0985d6f81","name":"Luzimara Fernandes","image":{"@type":"ImageObject","inLanguage":"pt-BR","@id":"https:\/\/jornalfatosenoticias.com.br\/#\/schema\/person\/image\/","url":"https:\/\/jornalfatosenoticias.com.br\/wp-content\/uploads\/2025\/05\/EU_portal.jpg","contentUrl":"https:\/\/jornalfatosenoticias.com.br\/wp-content\/uploads\/2025\/05\/EU_portal.jpg","caption":"Luzimara Fernandes"},"description":"Jornalista MTB 2358-ES","sameAs":["https:\/\/jornalfatosenoticias.com.br"],"url":"https:\/\/jornalfatosenoticias.com.br\/index.php\/author\/luzimara\/"}]}},"cc_featured_image_caption":{"caption_text":"(Foto: Caminhos da Reportagem\/TV Brasil)","source_text":"","source_url":""},"jetpack_featured_media_url":"https:\/\/jornalfatosenoticias.com.br\/wp-content\/uploads\/2022\/01\/internet-educacao.jpg","_links":{"self":[{"href":"https:\/\/jornalfatosenoticias.com.br\/index.php\/wp-json\/wp\/v2\/posts\/27271","targetHints":{"allow":["GET"]}}],"collection":[{"href":"https:\/\/jornalfatosenoticias.com.br\/index.php\/wp-json\/wp\/v2\/posts"}],"about":[{"href":"https:\/\/jornalfatosenoticias.com.br\/index.php\/wp-json\/wp\/v2\/types\/post"}],"author":[{"embeddable":true,"href":"https:\/\/jornalfatosenoticias.com.br\/index.php\/wp-json\/wp\/v2\/users\/2"}],"replies":[{"embeddable":true,"href":"https:\/\/jornalfatosenoticias.com.br\/index.php\/wp-json\/wp\/v2\/comments?post=27271"}],"version-history":[{"count":0,"href":"https:\/\/jornalfatosenoticias.com.br\/index.php\/wp-json\/wp\/v2\/posts\/27271\/revisions"}],"wp:featuredmedia":[{"embeddable":true,"href":"https:\/\/jornalfatosenoticias.com.br\/index.php\/wp-json\/wp\/v2\/media\/27272"}],"wp:attachment":[{"href":"https:\/\/jornalfatosenoticias.com.br\/index.php\/wp-json\/wp\/v2\/media?parent=27271"}],"wp:term":[{"taxonomy":"category","embeddable":true,"href":"https:\/\/jornalfatosenoticias.com.br\/index.php\/wp-json\/wp\/v2\/categories?post=27271"},{"taxonomy":"post_tag","embeddable":true,"href":"https:\/\/jornalfatosenoticias.com.br\/index.php\/wp-json\/wp\/v2\/tags?post=27271"}],"curies":[{"name":"wp","href":"https:\/\/api.w.org\/{rel}","templated":true}]}}