{"id":27274,"date":"2022-01-28T11:52:53","date_gmt":"2022-01-28T14:52:53","guid":{"rendered":"https:\/\/jornalfatosenoticias.com.br\/?p=27274"},"modified":"2022-01-28T11:52:56","modified_gmt":"2022-01-28T14:52:56","slug":"unicef-45-mil-pessoas-precisam-de-ajuda-humanitaria-em-mocambique","status":"publish","type":"post","link":"https:\/\/jornalfatosenoticias.com.br\/index.php\/2022\/01\/28\/unicef-45-mil-pessoas-precisam-de-ajuda-humanitaria-em-mocambique\/","title":{"rendered":"Unicef: 45 mil pessoas precisam de ajuda humanit\u00e1ria em Mo\u00e7ambique"},"content":{"rendered":"\n<p><span class=\"has-inline-color has-black-color\"><em>Entre atingidos pela tempestade Ana est\u00e3o 23 mil mulheres e crian\u00e7as<\/em><\/span><\/p>\n\n\n\n<p>O Fundo das Na\u00e7\u00f5es Unidas para a Inf\u00e2ncia (Unicef) estima que mais de 45 mil pessoas, incluindo 23 mil mulheres e crian\u00e7as, precisem de assist\u00eancia humanit\u00e1ria&#8221; em Mo\u00e7ambique, depois da passagem da tempestade Ana, desde segunda-feira (24).<br>A popula\u00e7\u00e3o afetada vive nas prov\u00edncias mais povoadas do pa\u00eds, ou seja, Nampula e Zamb\u00e9zia, e ainda em Tete, Niassa, Sofala e Manica, todas no norte e no centro.<br>De acordo com dados das autoridades locais e do Instituto Nacional de Gest\u00e3o de Desastres (INGD), pelo menos 20 pessoas morreram, embora relatos da popula\u00e7\u00e3o nas zonas afetadas indique n\u00famero de v\u00edtimas ainda maior.<br>Citando dados do INGD, a ag\u00eancia da ONU informou, em comunicado, que a tempestade &#8220;danificou quase 10,5 mil casas, bem como pontes, linhas el\u00e9tricas, escolas, sistemas de \u00e1gua e instala\u00e7\u00f5es de sa\u00fade&#8221;.<br>Balan\u00e7o preliminar da Prote\u00e7\u00e3o Civil diz que foram atingidas 12 instala\u00e7\u00f5es de sa\u00fade e 346 salas de aula (137 escolas), &#8220;deixando 27,38 mil alunos sem lugar para aprender, antes do novo ano letivo, que tem in\u00edcio previsto para segunda-feira (31)&#8221;.<br>O governo anunciou que vai colocar pontes met\u00e1licas provis\u00f3rias, para que seja retomada a circula\u00e7\u00e3o em duas importantes vias rodovi\u00e1rias: sobre o rio Revubo\u00e9, na prov\u00edncia de Tete, e sobre o rio Licungo, na Zamb\u00e9zia.<br>Entretanto, apesar de a tempestade Ana j\u00e1 ter passado, a Prote\u00e7\u00e3o Civil diz que risco de inunda\u00e7\u00f5es persiste na prov\u00edncia de Sofala, porque as chuvas continuam a alimentar bacias hidrogr\u00e1ficas que ficaram acima dos n\u00edveis de alerta nos \u00faltimos dias.<\/p>\n\n\n\n<blockquote class=\"wp-block-quote is-layout-flow wp-block-quote-is-layout-flow\"><p><span class=\"has-inline-color has-luminous-vivid-orange-color\">&#8220;O Unicef estima que precisar\u00e1 de US$ 3,5 milh\u00f5es para responder \u00e0s necessidades imediatas das popula\u00e7\u00f5es afetadas&#8221;, e acrescenta que est\u00e1 utilizando recursos internos.<\/span><\/p><\/blockquote>\n\n\n\n<p>Mo\u00e7ambique enfrenta \u00e9poca cicl\u00f4nica sazonal, e a tempestade tropical Ana foi a primeira e \u00fanica at\u00e9 agora a atingir o pa\u00eds.<\/p>\n\n\n\n<p><em><strong>Fonte: <a href=\"https:\/\/agenciabrasil.ebc.com.br\/internacional\/noticia\/2022-01\/unicef-45-mil-pessoas-precisam-de-ajuda-humanitaria-em-mocambique\">Ag\u00eancia Brasil<\/a><\/strong><\/em><\/p>\n","protected":false},"excerpt":{"rendered":"<p>Entre atingidos pela tempestade Ana est\u00e3o 23 mil mulheres e crian\u00e7as O Fundo das Na\u00e7\u00f5es Unidas para a Inf\u00e2ncia (Unicef) estima que mais de 45 mil pessoas, incluindo 23 mil mulheres e crian\u00e7as, precisem de assist\u00eancia humanit\u00e1ria&#8221; em Mo\u00e7ambique, depois da passagem da tempestade Ana, desde segunda-feira (24).A popula\u00e7\u00e3o afetada vive nas prov\u00edncias mais povoadas [&hellip;]<\/p>\n","protected":false},"author":2,"featured_media":27275,"comment_status":"open","ping_status":"open","sticky":false,"template":"","format":"standard","meta":{"footnotes":""},"categories":[41],"tags":[13068,11769,13069,1869],"class_list":["post-27274","post","type-post","status-publish","format-standard","has-post-thumbnail","hentry","category-internacional","tag-ajuda-humanitaria","tag-mocambique","tag-tempestade-ana","tag-unicef"],"yoast_head":"<!-- This site is optimized with the Yoast SEO plugin v26.5 - https:\/\/yoast.com\/wordpress\/plugins\/seo\/ -->\n<title>Unicef: 45 mil pessoas precisam de ajuda humanit\u00e1ria em Mo\u00e7ambique - Jornal Fatos e Not\u00edcias<\/title>\n<meta name=\"robots\" content=\"index, follow, max-snippet:-1, max-image-preview:large, max-video-preview:-1\" \/>\n<link rel=\"canonical\" href=\"https:\/\/jornalfatosenoticias.com.br\/index.php\/2022\/01\/28\/unicef-45-mil-pessoas-precisam-de-ajuda-humanitaria-em-mocambique\/\" \/>\n<meta property=\"og:locale\" content=\"pt_BR\" \/>\n<meta property=\"og:type\" content=\"article\" \/>\n<meta property=\"og:title\" content=\"Unicef: 45 mil pessoas precisam de ajuda humanit\u00e1ria em Mo\u00e7ambique - Jornal Fatos e Not\u00edcias\" \/>\n<meta property=\"og:description\" content=\"Entre atingidos pela tempestade Ana est\u00e3o 23 mil mulheres e crian\u00e7as O Fundo das Na\u00e7\u00f5es Unidas para a Inf\u00e2ncia (Unicef) estima que mais de 45 mil pessoas, incluindo 23 mil mulheres e crian\u00e7as, precisem de assist\u00eancia humanit\u00e1ria&#8221; em Mo\u00e7ambique, depois da passagem da tempestade Ana, desde segunda-feira (24).A popula\u00e7\u00e3o afetada vive nas prov\u00edncias mais povoadas [&hellip;]\" \/>\n<meta property=\"og:url\" content=\"https:\/\/jornalfatosenoticias.com.br\/index.php\/2022\/01\/28\/unicef-45-mil-pessoas-precisam-de-ajuda-humanitaria-em-mocambique\/\" \/>\n<meta property=\"og:site_name\" content=\"Jornal Fatos e Not\u00edcias\" \/>\n<meta property=\"article:published_time\" content=\"2022-01-28T14:52:53+00:00\" \/>\n<meta property=\"article:modified_time\" content=\"2022-01-28T14:52:56+00:00\" \/>\n<meta property=\"og:image\" content=\"https:\/\/jornalfatosenoticias.com.br\/wp-content\/uploads\/2022\/01\/mocambique_unicef.jpg\" \/>\n\t<meta property=\"og:image:width\" content=\"1000\" \/>\n\t<meta property=\"og:image:height\" content=\"452\" \/>\n\t<meta property=\"og:image:type\" content=\"image\/jpeg\" \/>\n<meta name=\"author\" content=\"Luzimara Fernandes\" \/>\n<meta name=\"twitter:card\" content=\"summary_large_image\" \/>\n<meta name=\"twitter:label1\" content=\"Escrito por\" \/>\n\t<meta name=\"twitter:data1\" content=\"Luzimara Fernandes\" \/>\n\t<meta name=\"twitter:label2\" content=\"Est. tempo de leitura\" \/>\n\t<meta name=\"twitter:data2\" content=\"2 minutos\" \/>\n<script type=\"application\/ld+json\" class=\"yoast-schema-graph\">{\"@context\":\"https:\/\/schema.org\",\"@graph\":[{\"@type\":\"Article\",\"@id\":\"https:\/\/jornalfatosenoticias.com.br\/index.php\/2022\/01\/28\/unicef-45-mil-pessoas-precisam-de-ajuda-humanitaria-em-mocambique\/#article\",\"isPartOf\":{\"@id\":\"https:\/\/jornalfatosenoticias.com.br\/index.php\/2022\/01\/28\/unicef-45-mil-pessoas-precisam-de-ajuda-humanitaria-em-mocambique\/\"},\"author\":{\"name\":\"Luzimara Fernandes\",\"@id\":\"https:\/\/jornalfatosenoticias.com.br\/#\/schema\/person\/d63837fa13ac8666eb9e74e0985d6f81\"},\"headline\":\"Unicef: 45 mil pessoas precisam de ajuda humanit\u00e1ria em Mo\u00e7ambique\",\"datePublished\":\"2022-01-28T14:52:53+00:00\",\"dateModified\":\"2022-01-28T14:52:56+00:00\",\"mainEntityOfPage\":{\"@id\":\"https:\/\/jornalfatosenoticias.com.br\/index.php\/2022\/01\/28\/unicef-45-mil-pessoas-precisam-de-ajuda-humanitaria-em-mocambique\/\"},\"wordCount\":347,\"commentCount\":0,\"publisher\":{\"@id\":\"https:\/\/jornalfatosenoticias.com.br\/#organization\"},\"image\":{\"@id\":\"https:\/\/jornalfatosenoticias.com.br\/index.php\/2022\/01\/28\/unicef-45-mil-pessoas-precisam-de-ajuda-humanitaria-em-mocambique\/#primaryimage\"},\"thumbnailUrl\":\"https:\/\/jornalfatosenoticias.com.br\/wp-content\/uploads\/2022\/01\/mocambique_unicef.jpg\",\"keywords\":[\"ajuda humanit\u00e1ria\",\"Mo\u00e7ambique\",\"tempestade Ana\",\"Unicef\"],\"articleSection\":[\"Internacional\"],\"inLanguage\":\"pt-BR\",\"potentialAction\":[{\"@type\":\"CommentAction\",\"name\":\"Comment\",\"target\":[\"https:\/\/jornalfatosenoticias.com.br\/index.php\/2022\/01\/28\/unicef-45-mil-pessoas-precisam-de-ajuda-humanitaria-em-mocambique\/#respond\"]}]},{\"@type\":\"WebPage\",\"@id\":\"https:\/\/jornalfatosenoticias.com.br\/index.php\/2022\/01\/28\/unicef-45-mil-pessoas-precisam-de-ajuda-humanitaria-em-mocambique\/\",\"url\":\"https:\/\/jornalfatosenoticias.com.br\/index.php\/2022\/01\/28\/unicef-45-mil-pessoas-precisam-de-ajuda-humanitaria-em-mocambique\/\",\"name\":\"Unicef: 45 mil pessoas precisam de ajuda humanit\u00e1ria em Mo\u00e7ambique - Jornal Fatos e Not\u00edcias\",\"isPartOf\":{\"@id\":\"https:\/\/jornalfatosenoticias.com.br\/#website\"},\"primaryImageOfPage\":{\"@id\":\"https:\/\/jornalfatosenoticias.com.br\/index.php\/2022\/01\/28\/unicef-45-mil-pessoas-precisam-de-ajuda-humanitaria-em-mocambique\/#primaryimage\"},\"image\":{\"@id\":\"https:\/\/jornalfatosenoticias.com.br\/index.php\/2022\/01\/28\/unicef-45-mil-pessoas-precisam-de-ajuda-humanitaria-em-mocambique\/#primaryimage\"},\"thumbnailUrl\":\"https:\/\/jornalfatosenoticias.com.br\/wp-content\/uploads\/2022\/01\/mocambique_unicef.jpg\",\"datePublished\":\"2022-01-28T14:52:53+00:00\",\"dateModified\":\"2022-01-28T14:52:56+00:00\",\"breadcrumb\":{\"@id\":\"https:\/\/jornalfatosenoticias.com.br\/index.php\/2022\/01\/28\/unicef-45-mil-pessoas-precisam-de-ajuda-humanitaria-em-mocambique\/#breadcrumb\"},\"inLanguage\":\"pt-BR\",\"potentialAction\":[{\"@type\":\"ReadAction\",\"target\":[\"https:\/\/jornalfatosenoticias.com.br\/index.php\/2022\/01\/28\/unicef-45-mil-pessoas-precisam-de-ajuda-humanitaria-em-mocambique\/\"]}]},{\"@type\":\"ImageObject\",\"inLanguage\":\"pt-BR\",\"@id\":\"https:\/\/jornalfatosenoticias.com.br\/index.php\/2022\/01\/28\/unicef-45-mil-pessoas-precisam-de-ajuda-humanitaria-em-mocambique\/#primaryimage\",\"url\":\"https:\/\/jornalfatosenoticias.com.br\/wp-content\/uploads\/2022\/01\/mocambique_unicef.jpg\",\"contentUrl\":\"https:\/\/jornalfatosenoticias.com.br\/wp-content\/uploads\/2022\/01\/mocambique_unicef.jpg\",\"width\":1000,\"height\":452},{\"@type\":\"BreadcrumbList\",\"@id\":\"https:\/\/jornalfatosenoticias.com.br\/index.php\/2022\/01\/28\/unicef-45-mil-pessoas-precisam-de-ajuda-humanitaria-em-mocambique\/#breadcrumb\",\"itemListElement\":[{\"@type\":\"ListItem\",\"position\":1,\"name\":\"In\u00edcio\",\"item\":\"https:\/\/jornalfatosenoticias.com.br\/\"},{\"@type\":\"ListItem\",\"position\":2,\"name\":\"Unicef: 45 mil pessoas precisam de ajuda humanit\u00e1ria em Mo\u00e7ambique\"}]},{\"@type\":\"WebSite\",\"@id\":\"https:\/\/jornalfatosenoticias.com.br\/#website\",\"url\":\"https:\/\/jornalfatosenoticias.com.br\/\",\"name\":\"Jornal Fatos e Not\u00edcias\",\"description\":\"Not\u00edcias em geral\",\"publisher\":{\"@id\":\"https:\/\/jornalfatosenoticias.com.br\/#organization\"},\"potentialAction\":[{\"@type\":\"SearchAction\",\"target\":{\"@type\":\"EntryPoint\",\"urlTemplate\":\"https:\/\/jornalfatosenoticias.com.br\/?s={search_term_string}\"},\"query-input\":{\"@type\":\"PropertyValueSpecification\",\"valueRequired\":true,\"valueName\":\"search_term_string\"}}],\"inLanguage\":\"pt-BR\"},{\"@type\":\"Organization\",\"@id\":\"https:\/\/jornalfatosenoticias.com.br\/#organization\",\"name\":\"Jornal Fatos e Not\u00edcias\",\"url\":\"https:\/\/jornalfatosenoticias.com.br\/\",\"logo\":{\"@type\":\"ImageObject\",\"inLanguage\":\"pt-BR\",\"@id\":\"https:\/\/jornalfatosenoticias.com.br\/#\/schema\/logo\/image\/\",\"url\":\"https:\/\/jornalfatosenoticias.com.br\/wp-content\/uploads\/2020\/02\/logo120.png\",\"contentUrl\":\"https:\/\/jornalfatosenoticias.com.br\/wp-content\/uploads\/2020\/02\/logo120.png\",\"width\":1227,\"height\":120,\"caption\":\"Jornal Fatos e Not\u00edcias\"},\"image\":{\"@id\":\"https:\/\/jornalfatosenoticias.com.br\/#\/schema\/logo\/image\/\"}},{\"@type\":\"Person\",\"@id\":\"https:\/\/jornalfatosenoticias.com.br\/#\/schema\/person\/d63837fa13ac8666eb9e74e0985d6f81\",\"name\":\"Luzimara Fernandes\",\"image\":{\"@type\":\"ImageObject\",\"inLanguage\":\"pt-BR\",\"@id\":\"https:\/\/jornalfatosenoticias.com.br\/#\/schema\/person\/image\/\",\"url\":\"https:\/\/jornalfatosenoticias.com.br\/wp-content\/uploads\/2025\/05\/EU_portal.jpg\",\"contentUrl\":\"https:\/\/jornalfatosenoticias.com.br\/wp-content\/uploads\/2025\/05\/EU_portal.jpg\",\"caption\":\"Luzimara Fernandes\"},\"description\":\"Jornalista MTB 2358-ES\",\"sameAs\":[\"https:\/\/jornalfatosenoticias.com.br\"],\"url\":\"https:\/\/jornalfatosenoticias.com.br\/index.php\/author\/luzimara\/\"}]}<\/script>\n<!-- \/ Yoast SEO plugin. -->","yoast_head_json":{"title":"Unicef: 45 mil pessoas precisam de ajuda humanit\u00e1ria em Mo\u00e7ambique - Jornal Fatos e Not\u00edcias","robots":{"index":"index","follow":"follow","max-snippet":"max-snippet:-1","max-image-preview":"max-image-preview:large","max-video-preview":"max-video-preview:-1"},"canonical":"https:\/\/jornalfatosenoticias.com.br\/index.php\/2022\/01\/28\/unicef-45-mil-pessoas-precisam-de-ajuda-humanitaria-em-mocambique\/","og_locale":"pt_BR","og_type":"article","og_title":"Unicef: 45 mil pessoas precisam de ajuda humanit\u00e1ria em Mo\u00e7ambique - Jornal Fatos e Not\u00edcias","og_description":"Entre atingidos pela tempestade Ana est\u00e3o 23 mil mulheres e crian\u00e7as O Fundo das Na\u00e7\u00f5es Unidas para a Inf\u00e2ncia (Unicef) estima que mais de 45 mil pessoas, incluindo 23 mil mulheres e crian\u00e7as, precisem de assist\u00eancia humanit\u00e1ria&#8221; em Mo\u00e7ambique, depois da passagem da tempestade Ana, desde segunda-feira (24).A popula\u00e7\u00e3o afetada vive nas prov\u00edncias mais povoadas [&hellip;]","og_url":"https:\/\/jornalfatosenoticias.com.br\/index.php\/2022\/01\/28\/unicef-45-mil-pessoas-precisam-de-ajuda-humanitaria-em-mocambique\/","og_site_name":"Jornal Fatos e Not\u00edcias","article_published_time":"2022-01-28T14:52:53+00:00","article_modified_time":"2022-01-28T14:52:56+00:00","og_image":[{"width":1000,"height":452,"url":"https:\/\/jornalfatosenoticias.com.br\/wp-content\/uploads\/2022\/01\/mocambique_unicef.jpg","type":"image\/jpeg"}],"author":"Luzimara Fernandes","twitter_card":"summary_large_image","twitter_misc":{"Escrito por":"Luzimara Fernandes","Est. tempo de leitura":"2 minutos"},"schema":{"@context":"https:\/\/schema.org","@graph":[{"@type":"Article","@id":"https:\/\/jornalfatosenoticias.com.br\/index.php\/2022\/01\/28\/unicef-45-mil-pessoas-precisam-de-ajuda-humanitaria-em-mocambique\/#article","isPartOf":{"@id":"https:\/\/jornalfatosenoticias.com.br\/index.php\/2022\/01\/28\/unicef-45-mil-pessoas-precisam-de-ajuda-humanitaria-em-mocambique\/"},"author":{"name":"Luzimara Fernandes","@id":"https:\/\/jornalfatosenoticias.com.br\/#\/schema\/person\/d63837fa13ac8666eb9e74e0985d6f81"},"headline":"Unicef: 45 mil pessoas precisam de ajuda humanit\u00e1ria em Mo\u00e7ambique","datePublished":"2022-01-28T14:52:53+00:00","dateModified":"2022-01-28T14:52:56+00:00","mainEntityOfPage":{"@id":"https:\/\/jornalfatosenoticias.com.br\/index.php\/2022\/01\/28\/unicef-45-mil-pessoas-precisam-de-ajuda-humanitaria-em-mocambique\/"},"wordCount":347,"commentCount":0,"publisher":{"@id":"https:\/\/jornalfatosenoticias.com.br\/#organization"},"image":{"@id":"https:\/\/jornalfatosenoticias.com.br\/index.php\/2022\/01\/28\/unicef-45-mil-pessoas-precisam-de-ajuda-humanitaria-em-mocambique\/#primaryimage"},"thumbnailUrl":"https:\/\/jornalfatosenoticias.com.br\/wp-content\/uploads\/2022\/01\/mocambique_unicef.jpg","keywords":["ajuda humanit\u00e1ria","Mo\u00e7ambique","tempestade Ana","Unicef"],"articleSection":["Internacional"],"inLanguage":"pt-BR","potentialAction":[{"@type":"CommentAction","name":"Comment","target":["https:\/\/jornalfatosenoticias.com.br\/index.php\/2022\/01\/28\/unicef-45-mil-pessoas-precisam-de-ajuda-humanitaria-em-mocambique\/#respond"]}]},{"@type":"WebPage","@id":"https:\/\/jornalfatosenoticias.com.br\/index.php\/2022\/01\/28\/unicef-45-mil-pessoas-precisam-de-ajuda-humanitaria-em-mocambique\/","url":"https:\/\/jornalfatosenoticias.com.br\/index.php\/2022\/01\/28\/unicef-45-mil-pessoas-precisam-de-ajuda-humanitaria-em-mocambique\/","name":"Unicef: 45 mil pessoas precisam de ajuda humanit\u00e1ria em Mo\u00e7ambique - Jornal Fatos e Not\u00edcias","isPartOf":{"@id":"https:\/\/jornalfatosenoticias.com.br\/#website"},"primaryImageOfPage":{"@id":"https:\/\/jornalfatosenoticias.com.br\/index.php\/2022\/01\/28\/unicef-45-mil-pessoas-precisam-de-ajuda-humanitaria-em-mocambique\/#primaryimage"},"image":{"@id":"https:\/\/jornalfatosenoticias.com.br\/index.php\/2022\/01\/28\/unicef-45-mil-pessoas-precisam-de-ajuda-humanitaria-em-mocambique\/#primaryimage"},"thumbnailUrl":"https:\/\/jornalfatosenoticias.com.br\/wp-content\/uploads\/2022\/01\/mocambique_unicef.jpg","datePublished":"2022-01-28T14:52:53+00:00","dateModified":"2022-01-28T14:52:56+00:00","breadcrumb":{"@id":"https:\/\/jornalfatosenoticias.com.br\/index.php\/2022\/01\/28\/unicef-45-mil-pessoas-precisam-de-ajuda-humanitaria-em-mocambique\/#breadcrumb"},"inLanguage":"pt-BR","potentialAction":[{"@type":"ReadAction","target":["https:\/\/jornalfatosenoticias.com.br\/index.php\/2022\/01\/28\/unicef-45-mil-pessoas-precisam-de-ajuda-humanitaria-em-mocambique\/"]}]},{"@type":"ImageObject","inLanguage":"pt-BR","@id":"https:\/\/jornalfatosenoticias.com.br\/index.php\/2022\/01\/28\/unicef-45-mil-pessoas-precisam-de-ajuda-humanitaria-em-mocambique\/#primaryimage","url":"https:\/\/jornalfatosenoticias.com.br\/wp-content\/uploads\/2022\/01\/mocambique_unicef.jpg","contentUrl":"https:\/\/jornalfatosenoticias.com.br\/wp-content\/uploads\/2022\/01\/mocambique_unicef.jpg","width":1000,"height":452},{"@type":"BreadcrumbList","@id":"https:\/\/jornalfatosenoticias.com.br\/index.php\/2022\/01\/28\/unicef-45-mil-pessoas-precisam-de-ajuda-humanitaria-em-mocambique\/#breadcrumb","itemListElement":[{"@type":"ListItem","position":1,"name":"In\u00edcio","item":"https:\/\/jornalfatosenoticias.com.br\/"},{"@type":"ListItem","position":2,"name":"Unicef: 45 mil pessoas precisam de ajuda humanit\u00e1ria em Mo\u00e7ambique"}]},{"@type":"WebSite","@id":"https:\/\/jornalfatosenoticias.com.br\/#website","url":"https:\/\/jornalfatosenoticias.com.br\/","name":"Jornal Fatos e Not\u00edcias","description":"Not\u00edcias em geral","publisher":{"@id":"https:\/\/jornalfatosenoticias.com.br\/#organization"},"potentialAction":[{"@type":"SearchAction","target":{"@type":"EntryPoint","urlTemplate":"https:\/\/jornalfatosenoticias.com.br\/?s={search_term_string}"},"query-input":{"@type":"PropertyValueSpecification","valueRequired":true,"valueName":"search_term_string"}}],"inLanguage":"pt-BR"},{"@type":"Organization","@id":"https:\/\/jornalfatosenoticias.com.br\/#organization","name":"Jornal Fatos e Not\u00edcias","url":"https:\/\/jornalfatosenoticias.com.br\/","logo":{"@type":"ImageObject","inLanguage":"pt-BR","@id":"https:\/\/jornalfatosenoticias.com.br\/#\/schema\/logo\/image\/","url":"https:\/\/jornalfatosenoticias.com.br\/wp-content\/uploads\/2020\/02\/logo120.png","contentUrl":"https:\/\/jornalfatosenoticias.com.br\/wp-content\/uploads\/2020\/02\/logo120.png","width":1227,"height":120,"caption":"Jornal Fatos e Not\u00edcias"},"image":{"@id":"https:\/\/jornalfatosenoticias.com.br\/#\/schema\/logo\/image\/"}},{"@type":"Person","@id":"https:\/\/jornalfatosenoticias.com.br\/#\/schema\/person\/d63837fa13ac8666eb9e74e0985d6f81","name":"Luzimara Fernandes","image":{"@type":"ImageObject","inLanguage":"pt-BR","@id":"https:\/\/jornalfatosenoticias.com.br\/#\/schema\/person\/image\/","url":"https:\/\/jornalfatosenoticias.com.br\/wp-content\/uploads\/2025\/05\/EU_portal.jpg","contentUrl":"https:\/\/jornalfatosenoticias.com.br\/wp-content\/uploads\/2025\/05\/EU_portal.jpg","caption":"Luzimara Fernandes"},"description":"Jornalista MTB 2358-ES","sameAs":["https:\/\/jornalfatosenoticias.com.br"],"url":"https:\/\/jornalfatosenoticias.com.br\/index.php\/author\/luzimara\/"}]}},"cc_featured_image_caption":{"caption_text":"(Foto: Unicef Mo\u00e7ambique\/Ricardo Franco)\r\n","source_text":"","source_url":""},"jetpack_featured_media_url":"https:\/\/jornalfatosenoticias.com.br\/wp-content\/uploads\/2022\/01\/mocambique_unicef.jpg","_links":{"self":[{"href":"https:\/\/jornalfatosenoticias.com.br\/index.php\/wp-json\/wp\/v2\/posts\/27274","targetHints":{"allow":["GET"]}}],"collection":[{"href":"https:\/\/jornalfatosenoticias.com.br\/index.php\/wp-json\/wp\/v2\/posts"}],"about":[{"href":"https:\/\/jornalfatosenoticias.com.br\/index.php\/wp-json\/wp\/v2\/types\/post"}],"author":[{"embeddable":true,"href":"https:\/\/jornalfatosenoticias.com.br\/index.php\/wp-json\/wp\/v2\/users\/2"}],"replies":[{"embeddable":true,"href":"https:\/\/jornalfatosenoticias.com.br\/index.php\/wp-json\/wp\/v2\/comments?post=27274"}],"version-history":[{"count":0,"href":"https:\/\/jornalfatosenoticias.com.br\/index.php\/wp-json\/wp\/v2\/posts\/27274\/revisions"}],"wp:featuredmedia":[{"embeddable":true,"href":"https:\/\/jornalfatosenoticias.com.br\/index.php\/wp-json\/wp\/v2\/media\/27275"}],"wp:attachment":[{"href":"https:\/\/jornalfatosenoticias.com.br\/index.php\/wp-json\/wp\/v2\/media?parent=27274"}],"wp:term":[{"taxonomy":"category","embeddable":true,"href":"https:\/\/jornalfatosenoticias.com.br\/index.php\/wp-json\/wp\/v2\/categories?post=27274"},{"taxonomy":"post_tag","embeddable":true,"href":"https:\/\/jornalfatosenoticias.com.br\/index.php\/wp-json\/wp\/v2\/tags?post=27274"}],"curies":[{"name":"wp","href":"https:\/\/api.w.org\/{rel}","templated":true}]}}