{"id":27304,"date":"2022-01-28T13:20:19","date_gmt":"2022-01-28T16:20:19","guid":{"rendered":"https:\/\/jornalfatosenoticias.com.br\/?p=27304"},"modified":"2022-01-28T13:20:20","modified_gmt":"2022-01-28T16:20:20","slug":"esquecer-pode-ser-um-sinal-de-memoria-saudavel","status":"publish","type":"post","link":"https:\/\/jornalfatosenoticias.com.br\/index.php\/2022\/01\/28\/esquecer-pode-ser-um-sinal-de-memoria-saudavel\/","title":{"rendered":"Esquecer pode ser um sinal de mem\u00f3ria saud\u00e1vel"},"content":{"rendered":"\n<p>O ato de esquecer est\u00e1 presente no dia a dia de pessoas no mundo inteiro, por\u00e9m, ao contr\u00e1rio do que muitos pensam, nem sempre \u201cesquecer\u201d \u00e9 sinal de uma falha cognitiva ou de um problema de sa\u00fade. Um estudo realizado na Universidade de Toronto (Canad\u00e1) concluiu que, na verdade, ser esquecido pode ser uma evid\u00eancia de intelig\u00eancia e que a boa mem\u00f3ria \u00e9 algo sobrevalorizado.<br>De acordo com o estudo canadense, \u00e9 importante que o c\u00e9rebro se esque\u00e7a de detalhes irrelevantes e se concentre em coisas que nos ajudar\u00e3o a tomar decis\u00f5es na vida real, sendo a mem\u00f3ria uma ferramenta essencial para otimizar a tomada de decis\u00f5es. A regi\u00e3o do c\u00e9rebro da tomada de decis\u00f5es, o lobo frontal, \u00e9 a mesma relacionada em testes de QI. N\u00e3o podemos esquecer que o nosso c\u00e9rebro \u00e9 feito para nos prevenir, para a nossa sobreviv\u00eancia, logo, opta por mem\u00f3rias mais importantes assim como pela economia de energia.<br>Por isso, concordo que o esquecimento pode ser considerado um benef\u00edcio, e n\u00e3o um obst\u00e1culo. A mem\u00f3ria foi feita para &#8220;esquecer&#8221;. N\u00e3o seria poss\u00edvel armazenar e reter tudo. Afinal, formatamos a mem\u00f3ria como um todo, por exemplo, n\u00e3o codificamos a letra e sim o contexto da frase ou da palavra. Podemos pensar na letra, mas quando lemos este texto, por exemplo, o formatamos em um todo.<\/p>\n\n\n\n<p><strong><span class=\"has-inline-color has-vivid-red-color\">Nem tudo \u00e9 positivo<br><\/span><\/strong>\u00c9 necess\u00e1rio ressaltar que o estudo canadense tamb\u00e9m afirma que esquecer de coisas importantes com frequ\u00eancia pode ser um problema, e n\u00e3o tem rela\u00e7\u00e3o com a intelig\u00eancia. Temos sempre que montar um &#8220;quebra-cabe\u00e7a de ideias&#8221; n\u00e3o generalizando o esquecimento como um fator bom sem analisar os pormenores.<br>Afinal, o esquecimento pode ser um dist\u00farbio, assim como pode ser o princ\u00edpio de uma doen\u00e7a neurodegenerativa. Tem que saber identificar o esquecimento em si, como ele acontece e sua rela\u00e7\u00e3o.<br>Um alto QI tem rela\u00e7\u00e3o com conex\u00f5es mais eficientes, sinapses mais potentes e duradouras, que s\u00e3o as comunica\u00e7\u00f5es entre neur\u00f4nios e codifica\u00e7\u00e3o de mem\u00f3ria nas c\u00e9lulas de engrama, ou seja, uma pessoa inteligente quando quer aprender algo, tem maior facilidade de aprender, pois tem foco e maior facilidade de memorizar, utilizando bem o processo necess\u00e1rio para uma melhor memoriza\u00e7\u00e3o, com conex\u00f5es mais eficientes. Portanto, o c\u00e9rebro funciona mais r\u00e1pido, com muitas informa\u00e7\u00f5es a todo instante, por isso tende a esquecer mais tamb\u00e9m. Por\u00e9m, no fim, por mais que esque\u00e7a muito, a quantidade de informa\u00e7\u00f5es \u00e9 maior.<\/p>\n\n\n\n<p><strong><em>Fonte: <a href=\"https:\/\/www.megacurioso.com.br\/ciencia\/121006-esquecer-pode-ser-sinal-de-uma-memoria-saudavel.htm\">Mega Curioso<\/a><\/em><\/strong><\/p>\n","protected":false},"excerpt":{"rendered":"<p>O ato de esquecer est\u00e1 presente no dia a dia de pessoas no mundo inteiro, por\u00e9m, ao contr\u00e1rio do que muitos pensam, nem sempre \u201cesquecer\u201d \u00e9 sinal de uma falha cognitiva ou de um problema de sa\u00fade. Um estudo realizado na Universidade de Toronto (Canad\u00e1) concluiu que, na verdade, ser esquecido pode ser uma evid\u00eancia [&hellip;]<\/p>\n","protected":false},"author":2,"featured_media":27305,"comment_status":"open","ping_status":"open","sticky":false,"template":"","format":"standard","meta":{"footnotes":""},"categories":[2522],"tags":[2336,6807,3247,6658,1377],"class_list":["post-27304","post","type-post","status-publish","format-standard","has-post-thumbnail","hentry","category-comportamento","tag-cerebro","tag-esquecimento","tag-memoria","tag-neurociencia","tag-qi"],"yoast_head":"<!-- This site is optimized with the Yoast SEO plugin v26.5 - https:\/\/yoast.com\/wordpress\/plugins\/seo\/ -->\n<title>Esquecer pode ser um sinal de mem\u00f3ria saud\u00e1vel - Jornal Fatos e Not\u00edcias<\/title>\n<meta name=\"robots\" content=\"index, follow, max-snippet:-1, max-image-preview:large, max-video-preview:-1\" \/>\n<link rel=\"canonical\" href=\"https:\/\/jornalfatosenoticias.com.br\/index.php\/2022\/01\/28\/esquecer-pode-ser-um-sinal-de-memoria-saudavel\/\" \/>\n<meta property=\"og:locale\" content=\"pt_BR\" \/>\n<meta property=\"og:type\" content=\"article\" \/>\n<meta property=\"og:title\" content=\"Esquecer pode ser um sinal de mem\u00f3ria saud\u00e1vel - Jornal Fatos e Not\u00edcias\" \/>\n<meta property=\"og:description\" content=\"O ato de esquecer est\u00e1 presente no dia a dia de pessoas no mundo inteiro, por\u00e9m, ao contr\u00e1rio do que muitos pensam, nem sempre \u201cesquecer\u201d \u00e9 sinal de uma falha cognitiva ou de um problema de sa\u00fade. Um estudo realizado na Universidade de Toronto (Canad\u00e1) concluiu que, na verdade, ser esquecido pode ser uma evid\u00eancia [&hellip;]\" \/>\n<meta property=\"og:url\" content=\"https:\/\/jornalfatosenoticias.com.br\/index.php\/2022\/01\/28\/esquecer-pode-ser-um-sinal-de-memoria-saudavel\/\" \/>\n<meta property=\"og:site_name\" content=\"Jornal Fatos e Not\u00edcias\" \/>\n<meta property=\"article:published_time\" content=\"2022-01-28T16:20:19+00:00\" \/>\n<meta property=\"article:modified_time\" content=\"2022-01-28T16:20:20+00:00\" \/>\n<meta property=\"og:image\" content=\"https:\/\/jornalfatosenoticias.com.br\/wp-content\/uploads\/2022\/01\/esquecer.jpg\" \/>\n\t<meta property=\"og:image:width\" content=\"1000\" \/>\n\t<meta property=\"og:image:height\" content=\"666\" \/>\n\t<meta property=\"og:image:type\" content=\"image\/jpeg\" \/>\n<meta name=\"author\" content=\"Luzimara Fernandes\" \/>\n<meta name=\"twitter:card\" content=\"summary_large_image\" \/>\n<meta name=\"twitter:label1\" content=\"Escrito por\" \/>\n\t<meta name=\"twitter:data1\" content=\"Luzimara Fernandes\" \/>\n\t<meta name=\"twitter:label2\" content=\"Est. tempo de leitura\" \/>\n\t<meta name=\"twitter:data2\" content=\"2 minutos\" \/>\n<script type=\"application\/ld+json\" class=\"yoast-schema-graph\">{\"@context\":\"https:\/\/schema.org\",\"@graph\":[{\"@type\":\"Article\",\"@id\":\"https:\/\/jornalfatosenoticias.com.br\/index.php\/2022\/01\/28\/esquecer-pode-ser-um-sinal-de-memoria-saudavel\/#article\",\"isPartOf\":{\"@id\":\"https:\/\/jornalfatosenoticias.com.br\/index.php\/2022\/01\/28\/esquecer-pode-ser-um-sinal-de-memoria-saudavel\/\"},\"author\":{\"name\":\"Luzimara Fernandes\",\"@id\":\"https:\/\/jornalfatosenoticias.com.br\/#\/schema\/person\/d63837fa13ac8666eb9e74e0985d6f81\"},\"headline\":\"Esquecer pode ser um sinal de mem\u00f3ria saud\u00e1vel\",\"datePublished\":\"2022-01-28T16:20:19+00:00\",\"dateModified\":\"2022-01-28T16:20:20+00:00\",\"mainEntityOfPage\":{\"@id\":\"https:\/\/jornalfatosenoticias.com.br\/index.php\/2022\/01\/28\/esquecer-pode-ser-um-sinal-de-memoria-saudavel\/\"},\"wordCount\":460,\"commentCount\":0,\"publisher\":{\"@id\":\"https:\/\/jornalfatosenoticias.com.br\/#organization\"},\"image\":{\"@id\":\"https:\/\/jornalfatosenoticias.com.br\/index.php\/2022\/01\/28\/esquecer-pode-ser-um-sinal-de-memoria-saudavel\/#primaryimage\"},\"thumbnailUrl\":\"https:\/\/jornalfatosenoticias.com.br\/wp-content\/uploads\/2022\/01\/esquecer.jpg\",\"keywords\":[\"c\u00e9rebro\",\"esquecimento\",\"mem\u00f3ria\",\"neuroci\u00eancia\",\"QI\"],\"articleSection\":[\"Comportamento &amp; Equil\u00edbrio\"],\"inLanguage\":\"pt-BR\",\"potentialAction\":[{\"@type\":\"CommentAction\",\"name\":\"Comment\",\"target\":[\"https:\/\/jornalfatosenoticias.com.br\/index.php\/2022\/01\/28\/esquecer-pode-ser-um-sinal-de-memoria-saudavel\/#respond\"]}]},{\"@type\":\"WebPage\",\"@id\":\"https:\/\/jornalfatosenoticias.com.br\/index.php\/2022\/01\/28\/esquecer-pode-ser-um-sinal-de-memoria-saudavel\/\",\"url\":\"https:\/\/jornalfatosenoticias.com.br\/index.php\/2022\/01\/28\/esquecer-pode-ser-um-sinal-de-memoria-saudavel\/\",\"name\":\"Esquecer pode ser um sinal de mem\u00f3ria saud\u00e1vel - Jornal Fatos e Not\u00edcias\",\"isPartOf\":{\"@id\":\"https:\/\/jornalfatosenoticias.com.br\/#website\"},\"primaryImageOfPage\":{\"@id\":\"https:\/\/jornalfatosenoticias.com.br\/index.php\/2022\/01\/28\/esquecer-pode-ser-um-sinal-de-memoria-saudavel\/#primaryimage\"},\"image\":{\"@id\":\"https:\/\/jornalfatosenoticias.com.br\/index.php\/2022\/01\/28\/esquecer-pode-ser-um-sinal-de-memoria-saudavel\/#primaryimage\"},\"thumbnailUrl\":\"https:\/\/jornalfatosenoticias.com.br\/wp-content\/uploads\/2022\/01\/esquecer.jpg\",\"datePublished\":\"2022-01-28T16:20:19+00:00\",\"dateModified\":\"2022-01-28T16:20:20+00:00\",\"breadcrumb\":{\"@id\":\"https:\/\/jornalfatosenoticias.com.br\/index.php\/2022\/01\/28\/esquecer-pode-ser-um-sinal-de-memoria-saudavel\/#breadcrumb\"},\"inLanguage\":\"pt-BR\",\"potentialAction\":[{\"@type\":\"ReadAction\",\"target\":[\"https:\/\/jornalfatosenoticias.com.br\/index.php\/2022\/01\/28\/esquecer-pode-ser-um-sinal-de-memoria-saudavel\/\"]}]},{\"@type\":\"ImageObject\",\"inLanguage\":\"pt-BR\",\"@id\":\"https:\/\/jornalfatosenoticias.com.br\/index.php\/2022\/01\/28\/esquecer-pode-ser-um-sinal-de-memoria-saudavel\/#primaryimage\",\"url\":\"https:\/\/jornalfatosenoticias.com.br\/wp-content\/uploads\/2022\/01\/esquecer.jpg\",\"contentUrl\":\"https:\/\/jornalfatosenoticias.com.br\/wp-content\/uploads\/2022\/01\/esquecer.jpg\",\"width\":1000,\"height\":666},{\"@type\":\"BreadcrumbList\",\"@id\":\"https:\/\/jornalfatosenoticias.com.br\/index.php\/2022\/01\/28\/esquecer-pode-ser-um-sinal-de-memoria-saudavel\/#breadcrumb\",\"itemListElement\":[{\"@type\":\"ListItem\",\"position\":1,\"name\":\"In\u00edcio\",\"item\":\"https:\/\/jornalfatosenoticias.com.br\/\"},{\"@type\":\"ListItem\",\"position\":2,\"name\":\"Esquecer pode ser um sinal de mem\u00f3ria saud\u00e1vel\"}]},{\"@type\":\"WebSite\",\"@id\":\"https:\/\/jornalfatosenoticias.com.br\/#website\",\"url\":\"https:\/\/jornalfatosenoticias.com.br\/\",\"name\":\"Jornal Fatos e Not\u00edcias\",\"description\":\"Not\u00edcias em geral\",\"publisher\":{\"@id\":\"https:\/\/jornalfatosenoticias.com.br\/#organization\"},\"potentialAction\":[{\"@type\":\"SearchAction\",\"target\":{\"@type\":\"EntryPoint\",\"urlTemplate\":\"https:\/\/jornalfatosenoticias.com.br\/?s={search_term_string}\"},\"query-input\":{\"@type\":\"PropertyValueSpecification\",\"valueRequired\":true,\"valueName\":\"search_term_string\"}}],\"inLanguage\":\"pt-BR\"},{\"@type\":\"Organization\",\"@id\":\"https:\/\/jornalfatosenoticias.com.br\/#organization\",\"name\":\"Jornal Fatos e Not\u00edcias\",\"url\":\"https:\/\/jornalfatosenoticias.com.br\/\",\"logo\":{\"@type\":\"ImageObject\",\"inLanguage\":\"pt-BR\",\"@id\":\"https:\/\/jornalfatosenoticias.com.br\/#\/schema\/logo\/image\/\",\"url\":\"https:\/\/jornalfatosenoticias.com.br\/wp-content\/uploads\/2020\/02\/logo120.png\",\"contentUrl\":\"https:\/\/jornalfatosenoticias.com.br\/wp-content\/uploads\/2020\/02\/logo120.png\",\"width\":1227,\"height\":120,\"caption\":\"Jornal Fatos e Not\u00edcias\"},\"image\":{\"@id\":\"https:\/\/jornalfatosenoticias.com.br\/#\/schema\/logo\/image\/\"}},{\"@type\":\"Person\",\"@id\":\"https:\/\/jornalfatosenoticias.com.br\/#\/schema\/person\/d63837fa13ac8666eb9e74e0985d6f81\",\"name\":\"Luzimara Fernandes\",\"image\":{\"@type\":\"ImageObject\",\"inLanguage\":\"pt-BR\",\"@id\":\"https:\/\/jornalfatosenoticias.com.br\/#\/schema\/person\/image\/\",\"url\":\"https:\/\/jornalfatosenoticias.com.br\/wp-content\/uploads\/2025\/05\/EU_portal.jpg\",\"contentUrl\":\"https:\/\/jornalfatosenoticias.com.br\/wp-content\/uploads\/2025\/05\/EU_portal.jpg\",\"caption\":\"Luzimara Fernandes\"},\"description\":\"Jornalista MTB 2358-ES\",\"sameAs\":[\"https:\/\/jornalfatosenoticias.com.br\"],\"url\":\"https:\/\/jornalfatosenoticias.com.br\/index.php\/author\/luzimara\/\"}]}<\/script>\n<!-- \/ Yoast SEO plugin. -->","yoast_head_json":{"title":"Esquecer pode ser um sinal de mem\u00f3ria saud\u00e1vel - Jornal Fatos e Not\u00edcias","robots":{"index":"index","follow":"follow","max-snippet":"max-snippet:-1","max-image-preview":"max-image-preview:large","max-video-preview":"max-video-preview:-1"},"canonical":"https:\/\/jornalfatosenoticias.com.br\/index.php\/2022\/01\/28\/esquecer-pode-ser-um-sinal-de-memoria-saudavel\/","og_locale":"pt_BR","og_type":"article","og_title":"Esquecer pode ser um sinal de mem\u00f3ria saud\u00e1vel - Jornal Fatos e Not\u00edcias","og_description":"O ato de esquecer est\u00e1 presente no dia a dia de pessoas no mundo inteiro, por\u00e9m, ao contr\u00e1rio do que muitos pensam, nem sempre \u201cesquecer\u201d \u00e9 sinal de uma falha cognitiva ou de um problema de sa\u00fade. Um estudo realizado na Universidade de Toronto (Canad\u00e1) concluiu que, na verdade, ser esquecido pode ser uma evid\u00eancia [&hellip;]","og_url":"https:\/\/jornalfatosenoticias.com.br\/index.php\/2022\/01\/28\/esquecer-pode-ser-um-sinal-de-memoria-saudavel\/","og_site_name":"Jornal Fatos e Not\u00edcias","article_published_time":"2022-01-28T16:20:19+00:00","article_modified_time":"2022-01-28T16:20:20+00:00","og_image":[{"width":1000,"height":666,"url":"https:\/\/jornalfatosenoticias.com.br\/wp-content\/uploads\/2022\/01\/esquecer.jpg","type":"image\/jpeg"}],"author":"Luzimara Fernandes","twitter_card":"summary_large_image","twitter_misc":{"Escrito por":"Luzimara Fernandes","Est. tempo de leitura":"2 minutos"},"schema":{"@context":"https:\/\/schema.org","@graph":[{"@type":"Article","@id":"https:\/\/jornalfatosenoticias.com.br\/index.php\/2022\/01\/28\/esquecer-pode-ser-um-sinal-de-memoria-saudavel\/#article","isPartOf":{"@id":"https:\/\/jornalfatosenoticias.com.br\/index.php\/2022\/01\/28\/esquecer-pode-ser-um-sinal-de-memoria-saudavel\/"},"author":{"name":"Luzimara Fernandes","@id":"https:\/\/jornalfatosenoticias.com.br\/#\/schema\/person\/d63837fa13ac8666eb9e74e0985d6f81"},"headline":"Esquecer pode ser um sinal de mem\u00f3ria saud\u00e1vel","datePublished":"2022-01-28T16:20:19+00:00","dateModified":"2022-01-28T16:20:20+00:00","mainEntityOfPage":{"@id":"https:\/\/jornalfatosenoticias.com.br\/index.php\/2022\/01\/28\/esquecer-pode-ser-um-sinal-de-memoria-saudavel\/"},"wordCount":460,"commentCount":0,"publisher":{"@id":"https:\/\/jornalfatosenoticias.com.br\/#organization"},"image":{"@id":"https:\/\/jornalfatosenoticias.com.br\/index.php\/2022\/01\/28\/esquecer-pode-ser-um-sinal-de-memoria-saudavel\/#primaryimage"},"thumbnailUrl":"https:\/\/jornalfatosenoticias.com.br\/wp-content\/uploads\/2022\/01\/esquecer.jpg","keywords":["c\u00e9rebro","esquecimento","mem\u00f3ria","neuroci\u00eancia","QI"],"articleSection":["Comportamento &amp; Equil\u00edbrio"],"inLanguage":"pt-BR","potentialAction":[{"@type":"CommentAction","name":"Comment","target":["https:\/\/jornalfatosenoticias.com.br\/index.php\/2022\/01\/28\/esquecer-pode-ser-um-sinal-de-memoria-saudavel\/#respond"]}]},{"@type":"WebPage","@id":"https:\/\/jornalfatosenoticias.com.br\/index.php\/2022\/01\/28\/esquecer-pode-ser-um-sinal-de-memoria-saudavel\/","url":"https:\/\/jornalfatosenoticias.com.br\/index.php\/2022\/01\/28\/esquecer-pode-ser-um-sinal-de-memoria-saudavel\/","name":"Esquecer pode ser um sinal de mem\u00f3ria saud\u00e1vel - Jornal Fatos e Not\u00edcias","isPartOf":{"@id":"https:\/\/jornalfatosenoticias.com.br\/#website"},"primaryImageOfPage":{"@id":"https:\/\/jornalfatosenoticias.com.br\/index.php\/2022\/01\/28\/esquecer-pode-ser-um-sinal-de-memoria-saudavel\/#primaryimage"},"image":{"@id":"https:\/\/jornalfatosenoticias.com.br\/index.php\/2022\/01\/28\/esquecer-pode-ser-um-sinal-de-memoria-saudavel\/#primaryimage"},"thumbnailUrl":"https:\/\/jornalfatosenoticias.com.br\/wp-content\/uploads\/2022\/01\/esquecer.jpg","datePublished":"2022-01-28T16:20:19+00:00","dateModified":"2022-01-28T16:20:20+00:00","breadcrumb":{"@id":"https:\/\/jornalfatosenoticias.com.br\/index.php\/2022\/01\/28\/esquecer-pode-ser-um-sinal-de-memoria-saudavel\/#breadcrumb"},"inLanguage":"pt-BR","potentialAction":[{"@type":"ReadAction","target":["https:\/\/jornalfatosenoticias.com.br\/index.php\/2022\/01\/28\/esquecer-pode-ser-um-sinal-de-memoria-saudavel\/"]}]},{"@type":"ImageObject","inLanguage":"pt-BR","@id":"https:\/\/jornalfatosenoticias.com.br\/index.php\/2022\/01\/28\/esquecer-pode-ser-um-sinal-de-memoria-saudavel\/#primaryimage","url":"https:\/\/jornalfatosenoticias.com.br\/wp-content\/uploads\/2022\/01\/esquecer.jpg","contentUrl":"https:\/\/jornalfatosenoticias.com.br\/wp-content\/uploads\/2022\/01\/esquecer.jpg","width":1000,"height":666},{"@type":"BreadcrumbList","@id":"https:\/\/jornalfatosenoticias.com.br\/index.php\/2022\/01\/28\/esquecer-pode-ser-um-sinal-de-memoria-saudavel\/#breadcrumb","itemListElement":[{"@type":"ListItem","position":1,"name":"In\u00edcio","item":"https:\/\/jornalfatosenoticias.com.br\/"},{"@type":"ListItem","position":2,"name":"Esquecer pode ser um sinal de mem\u00f3ria saud\u00e1vel"}]},{"@type":"WebSite","@id":"https:\/\/jornalfatosenoticias.com.br\/#website","url":"https:\/\/jornalfatosenoticias.com.br\/","name":"Jornal Fatos e Not\u00edcias","description":"Not\u00edcias em geral","publisher":{"@id":"https:\/\/jornalfatosenoticias.com.br\/#organization"},"potentialAction":[{"@type":"SearchAction","target":{"@type":"EntryPoint","urlTemplate":"https:\/\/jornalfatosenoticias.com.br\/?s={search_term_string}"},"query-input":{"@type":"PropertyValueSpecification","valueRequired":true,"valueName":"search_term_string"}}],"inLanguage":"pt-BR"},{"@type":"Organization","@id":"https:\/\/jornalfatosenoticias.com.br\/#organization","name":"Jornal Fatos e Not\u00edcias","url":"https:\/\/jornalfatosenoticias.com.br\/","logo":{"@type":"ImageObject","inLanguage":"pt-BR","@id":"https:\/\/jornalfatosenoticias.com.br\/#\/schema\/logo\/image\/","url":"https:\/\/jornalfatosenoticias.com.br\/wp-content\/uploads\/2020\/02\/logo120.png","contentUrl":"https:\/\/jornalfatosenoticias.com.br\/wp-content\/uploads\/2020\/02\/logo120.png","width":1227,"height":120,"caption":"Jornal Fatos e Not\u00edcias"},"image":{"@id":"https:\/\/jornalfatosenoticias.com.br\/#\/schema\/logo\/image\/"}},{"@type":"Person","@id":"https:\/\/jornalfatosenoticias.com.br\/#\/schema\/person\/d63837fa13ac8666eb9e74e0985d6f81","name":"Luzimara Fernandes","image":{"@type":"ImageObject","inLanguage":"pt-BR","@id":"https:\/\/jornalfatosenoticias.com.br\/#\/schema\/person\/image\/","url":"https:\/\/jornalfatosenoticias.com.br\/wp-content\/uploads\/2025\/05\/EU_portal.jpg","contentUrl":"https:\/\/jornalfatosenoticias.com.br\/wp-content\/uploads\/2025\/05\/EU_portal.jpg","caption":"Luzimara Fernandes"},"description":"Jornalista MTB 2358-ES","sameAs":["https:\/\/jornalfatosenoticias.com.br"],"url":"https:\/\/jornalfatosenoticias.com.br\/index.php\/author\/luzimara\/"}]}},"cc_featured_image_caption":{"caption_text":"(Foto: iStock)","source_text":"","source_url":""},"jetpack_featured_media_url":"https:\/\/jornalfatosenoticias.com.br\/wp-content\/uploads\/2022\/01\/esquecer.jpg","_links":{"self":[{"href":"https:\/\/jornalfatosenoticias.com.br\/index.php\/wp-json\/wp\/v2\/posts\/27304","targetHints":{"allow":["GET"]}}],"collection":[{"href":"https:\/\/jornalfatosenoticias.com.br\/index.php\/wp-json\/wp\/v2\/posts"}],"about":[{"href":"https:\/\/jornalfatosenoticias.com.br\/index.php\/wp-json\/wp\/v2\/types\/post"}],"author":[{"embeddable":true,"href":"https:\/\/jornalfatosenoticias.com.br\/index.php\/wp-json\/wp\/v2\/users\/2"}],"replies":[{"embeddable":true,"href":"https:\/\/jornalfatosenoticias.com.br\/index.php\/wp-json\/wp\/v2\/comments?post=27304"}],"version-history":[{"count":0,"href":"https:\/\/jornalfatosenoticias.com.br\/index.php\/wp-json\/wp\/v2\/posts\/27304\/revisions"}],"wp:featuredmedia":[{"embeddable":true,"href":"https:\/\/jornalfatosenoticias.com.br\/index.php\/wp-json\/wp\/v2\/media\/27305"}],"wp:attachment":[{"href":"https:\/\/jornalfatosenoticias.com.br\/index.php\/wp-json\/wp\/v2\/media?parent=27304"}],"wp:term":[{"taxonomy":"category","embeddable":true,"href":"https:\/\/jornalfatosenoticias.com.br\/index.php\/wp-json\/wp\/v2\/categories?post=27304"},{"taxonomy":"post_tag","embeddable":true,"href":"https:\/\/jornalfatosenoticias.com.br\/index.php\/wp-json\/wp\/v2\/tags?post=27304"}],"curies":[{"name":"wp","href":"https:\/\/api.w.org\/{rel}","templated":true}]}}