{"id":27414,"date":"2022-02-01T15:09:01","date_gmt":"2022-02-01T18:09:01","guid":{"rendered":"https:\/\/jornalfatosenoticias.com.br\/?p=27414"},"modified":"2022-02-01T15:09:03","modified_gmt":"2022-02-01T18:09:03","slug":"serra-da-capivara-e-reconhecida-como-um-dos-roteiros-turisticos-mais-importantes-do-mundo","status":"publish","type":"post","link":"https:\/\/jornalfatosenoticias.com.br\/index.php\/2022\/02\/01\/serra-da-capivara-e-reconhecida-como-um-dos-roteiros-turisticos-mais-importantes-do-mundo\/","title":{"rendered":"Serra da Capivara \u00e9 reconhecida como um dos roteiros tur\u00edsticos mais importantes do mundo"},"content":{"rendered":"\n<p><em><span class=\"has-inline-color has-black-color\">O parque \u00e9 o \u00fanico bioma exclusivamente brasileiro e abrange os f\u00f3sseis dos primeiros homens a habitar as Am\u00e9ricas<\/span><\/em><\/p>\n\n\n\n<p>Conhecido por abrigar um dos mais ricos patrim\u00f4nios arqueol\u00f3gicos do mundo, o Parque Nacional da Serra da Capivara, no Piau\u00ed, ganhou mais um t\u00edtulo para colocar na estante: a unidade de conserva\u00e7\u00e3o \u00e9 a \u00fanica brasileira a constar numa seleta lista feita pelo The New York Times, um dos ve\u00edculos de comunica\u00e7\u00e3o mais importantes do mundo, de destinos tur\u00edsticos em 2022.<\/p>\n\n\n\n<p>Clique\u00a0<a href=\"https:\/\/www.nytimes.com\/interactive\/2022\/travel\/52-places-travel-2022.html\">aqui<\/a>\u00a0e acesse a lista completa.<\/p>\n\n\n\n<p>A mat\u00e9ria destaca a relev\u00e2ncia arqueol\u00f3gica da Serra da Capivara \u2014 afinal, por l\u00e1 est\u00e3o os f\u00f3sseis dos primeiros homens a habitar as Am\u00e9ricas \u2014 tamb\u00e9m das paisagens e belezas c\u00eanicas da Caatinga, \u00fanico bioma exclusivamente brasileiro.<\/p>\n\n\n\n<blockquote class=\"wp-block-quote is-layout-flow wp-block-quote-is-layout-flow\"><p><span class=\"has-inline-color has-luminous-vivid-orange-color\">\u201cO que distingue este parque nacional de in\u00fameras outras paisagens brasileiras de tirar o f\u00f4lego s\u00e3o os restos arqueol\u00f3gicos e art\u00edsticos de humanos antigos, que muitos pesquisadores acreditam ter chegado h\u00e1 mais de 20 mil anos\u201d, diz o jornalista Seth Kugel.<\/span><\/p><\/blockquote>\n\n\n\n<p>Aos poucos, a visita\u00e7\u00e3o no Parque est\u00e1 retomando ritmos normais, com visitantes de todo o Brasil e do mundo. Apesar da pandemia, o ICMBio investiu em infraestrutura, como novos atrativos, banheiros e, recentemente, uma escada de 60 metros de altura que proporcionam um acesso mais seguro, r\u00e1pido e, ainda, garante ao passeio uma vista magn\u00edfica.<\/p>\n\n\n\n<blockquote class=\"wp-block-quote is-layout-flow wp-block-quote-is-layout-flow\"><p><span class=\"has-inline-color has-luminous-vivid-orange-color\">\u201cDepois de longas conversas com o correspondente da NYTimes, falando do nosso Parque, da gest\u00e3o, dos trabalhos e pesquisas, estamos na lista dos mais importantes roteiros tur\u00edsticos do mundo\u201d, vibra a chefe da unidade, Marian Rodrigues.<\/span><\/p><\/blockquote>\n\n\n\n<p><strong><span class=\"has-inline-color has-black-color\">Outros destinos<br><\/span><\/strong>O Parque divide a lista com outros representantes de peso, como o Parque Nacional de Saguaro (Arizona), nos Estados Unidos; a Reserva da Biosfera de Dana, na Jord\u00e2nia; a Floresta Nacional de El Yunque, em Porto Rico; o Parque Nacional de Chimanimani, em Mo\u00e7ambique; o Parque de Iber\u00e1, na Argentina; o Parque Nacional de Cerro Castillo, no Chile; o Parque Nacional de Elijio Panti, em Belize, al\u00e9m de destinos urbanos, como Kyoto, no Jap\u00e3o; o Queens, em Nova York e Humboldt, no Kansas.<\/p>\n\n\n\n<p><strong><em>Fonte: <a href=\"https:\/\/www.gov.br\/pt-br\/noticias\/viagens-e-turismo\/2022\/01\/serra-da-capivara-e-reconhecida-como-um-dos-roteiros-turisticos-mais-importantes-do-mundo#:~:text=Conhecido%20por%20abrigar%20um%20dos,de%20comunica%C3%A7%C3%A3o%20mais%20importantes%20do\">MTur<\/a><\/em><\/strong><\/p>\n","protected":false},"excerpt":{"rendered":"<p>O parque \u00e9 o \u00fanico bioma exclusivamente brasileiro e abrange os f\u00f3sseis dos primeiros homens a habitar as Am\u00e9ricas Conhecido por abrigar um dos mais ricos patrim\u00f4nios arqueol\u00f3gicos do mundo, o Parque Nacional da Serra da Capivara, no Piau\u00ed, ganhou mais um t\u00edtulo para colocar na estante: a unidade de conserva\u00e7\u00e3o \u00e9 a \u00fanica brasileira [&hellip;]<\/p>\n","protected":false},"author":2,"featured_media":27415,"comment_status":"open","ping_status":"open","sticky":false,"template":"","format":"standard","meta":{"footnotes":""},"categories":[746],"tags":[1509,13106,1853,2408],"class_list":["post-27414","post","type-post","status-publish","format-standard","has-post-thumbnail","hentry","category-turismo","tag-icmbio","tag-roteiros-turisticos","tag-turismo","tag-viagens"],"yoast_head":"<!-- This site is optimized with the Yoast SEO plugin v26.5 - https:\/\/yoast.com\/wordpress\/plugins\/seo\/ -->\n<title>Serra da Capivara \u00e9 reconhecida como um dos roteiros tur\u00edsticos mais importantes do mundo - Jornal Fatos e Not\u00edcias<\/title>\n<meta name=\"robots\" content=\"index, follow, max-snippet:-1, max-image-preview:large, max-video-preview:-1\" \/>\n<link rel=\"canonical\" href=\"https:\/\/jornalfatosenoticias.com.br\/index.php\/2022\/02\/01\/serra-da-capivara-e-reconhecida-como-um-dos-roteiros-turisticos-mais-importantes-do-mundo\/\" \/>\n<meta property=\"og:locale\" content=\"pt_BR\" \/>\n<meta property=\"og:type\" content=\"article\" \/>\n<meta property=\"og:title\" content=\"Serra da Capivara \u00e9 reconhecida como um dos roteiros tur\u00edsticos mais importantes do mundo - Jornal Fatos e Not\u00edcias\" \/>\n<meta property=\"og:description\" content=\"O parque \u00e9 o \u00fanico bioma exclusivamente brasileiro e abrange os f\u00f3sseis dos primeiros homens a habitar as Am\u00e9ricas Conhecido por abrigar um dos mais ricos patrim\u00f4nios arqueol\u00f3gicos do mundo, o Parque Nacional da Serra da Capivara, no Piau\u00ed, ganhou mais um t\u00edtulo para colocar na estante: a unidade de conserva\u00e7\u00e3o \u00e9 a \u00fanica brasileira [&hellip;]\" \/>\n<meta property=\"og:url\" content=\"https:\/\/jornalfatosenoticias.com.br\/index.php\/2022\/02\/01\/serra-da-capivara-e-reconhecida-como-um-dos-roteiros-turisticos-mais-importantes-do-mundo\/\" \/>\n<meta property=\"og:site_name\" content=\"Jornal Fatos e Not\u00edcias\" \/>\n<meta property=\"article:published_time\" content=\"2022-02-01T18:09:01+00:00\" \/>\n<meta property=\"article:modified_time\" content=\"2022-02-01T18:09:03+00:00\" \/>\n<meta property=\"og:image\" content=\"https:\/\/jornalfatosenoticias.com.br\/wp-content\/uploads\/2022\/02\/Serra-da-Capivara.jpeg\" \/>\n\t<meta property=\"og:image:width\" content=\"1000\" \/>\n\t<meta property=\"og:image:height\" content=\"630\" \/>\n\t<meta property=\"og:image:type\" content=\"image\/jpeg\" \/>\n<meta name=\"author\" content=\"Luzimara Fernandes\" \/>\n<meta name=\"twitter:card\" content=\"summary_large_image\" \/>\n<meta name=\"twitter:label1\" content=\"Escrito por\" \/>\n\t<meta name=\"twitter:data1\" content=\"Luzimara Fernandes\" \/>\n\t<meta name=\"twitter:label2\" content=\"Est. tempo de leitura\" \/>\n\t<meta name=\"twitter:data2\" content=\"2 minutos\" \/>\n<script type=\"application\/ld+json\" class=\"yoast-schema-graph\">{\"@context\":\"https:\/\/schema.org\",\"@graph\":[{\"@type\":\"Article\",\"@id\":\"https:\/\/jornalfatosenoticias.com.br\/index.php\/2022\/02\/01\/serra-da-capivara-e-reconhecida-como-um-dos-roteiros-turisticos-mais-importantes-do-mundo\/#article\",\"isPartOf\":{\"@id\":\"https:\/\/jornalfatosenoticias.com.br\/index.php\/2022\/02\/01\/serra-da-capivara-e-reconhecida-como-um-dos-roteiros-turisticos-mais-importantes-do-mundo\/\"},\"author\":{\"name\":\"Luzimara Fernandes\",\"@id\":\"https:\/\/jornalfatosenoticias.com.br\/#\/schema\/person\/d63837fa13ac8666eb9e74e0985d6f81\"},\"headline\":\"Serra da Capivara \u00e9 reconhecida como um dos roteiros tur\u00edsticos mais importantes do mundo\",\"datePublished\":\"2022-02-01T18:09:01+00:00\",\"dateModified\":\"2022-02-01T18:09:03+00:00\",\"mainEntityOfPage\":{\"@id\":\"https:\/\/jornalfatosenoticias.com.br\/index.php\/2022\/02\/01\/serra-da-capivara-e-reconhecida-como-um-dos-roteiros-turisticos-mais-importantes-do-mundo\/\"},\"wordCount\":381,\"commentCount\":0,\"publisher\":{\"@id\":\"https:\/\/jornalfatosenoticias.com.br\/#organization\"},\"image\":{\"@id\":\"https:\/\/jornalfatosenoticias.com.br\/index.php\/2022\/02\/01\/serra-da-capivara-e-reconhecida-como-um-dos-roteiros-turisticos-mais-importantes-do-mundo\/#primaryimage\"},\"thumbnailUrl\":\"https:\/\/jornalfatosenoticias.com.br\/wp-content\/uploads\/2022\/02\/Serra-da-Capivara.jpeg\",\"keywords\":[\"ICMBio\",\"roteiros tur\u00edsticos\",\"Turismo\",\"viagens\"],\"articleSection\":[\"Turismo\"],\"inLanguage\":\"pt-BR\",\"potentialAction\":[{\"@type\":\"CommentAction\",\"name\":\"Comment\",\"target\":[\"https:\/\/jornalfatosenoticias.com.br\/index.php\/2022\/02\/01\/serra-da-capivara-e-reconhecida-como-um-dos-roteiros-turisticos-mais-importantes-do-mundo\/#respond\"]}]},{\"@type\":\"WebPage\",\"@id\":\"https:\/\/jornalfatosenoticias.com.br\/index.php\/2022\/02\/01\/serra-da-capivara-e-reconhecida-como-um-dos-roteiros-turisticos-mais-importantes-do-mundo\/\",\"url\":\"https:\/\/jornalfatosenoticias.com.br\/index.php\/2022\/02\/01\/serra-da-capivara-e-reconhecida-como-um-dos-roteiros-turisticos-mais-importantes-do-mundo\/\",\"name\":\"Serra da Capivara \u00e9 reconhecida como um dos roteiros tur\u00edsticos mais importantes do mundo - Jornal Fatos e Not\u00edcias\",\"isPartOf\":{\"@id\":\"https:\/\/jornalfatosenoticias.com.br\/#website\"},\"primaryImageOfPage\":{\"@id\":\"https:\/\/jornalfatosenoticias.com.br\/index.php\/2022\/02\/01\/serra-da-capivara-e-reconhecida-como-um-dos-roteiros-turisticos-mais-importantes-do-mundo\/#primaryimage\"},\"image\":{\"@id\":\"https:\/\/jornalfatosenoticias.com.br\/index.php\/2022\/02\/01\/serra-da-capivara-e-reconhecida-como-um-dos-roteiros-turisticos-mais-importantes-do-mundo\/#primaryimage\"},\"thumbnailUrl\":\"https:\/\/jornalfatosenoticias.com.br\/wp-content\/uploads\/2022\/02\/Serra-da-Capivara.jpeg\",\"datePublished\":\"2022-02-01T18:09:01+00:00\",\"dateModified\":\"2022-02-01T18:09:03+00:00\",\"breadcrumb\":{\"@id\":\"https:\/\/jornalfatosenoticias.com.br\/index.php\/2022\/02\/01\/serra-da-capivara-e-reconhecida-como-um-dos-roteiros-turisticos-mais-importantes-do-mundo\/#breadcrumb\"},\"inLanguage\":\"pt-BR\",\"potentialAction\":[{\"@type\":\"ReadAction\",\"target\":[\"https:\/\/jornalfatosenoticias.com.br\/index.php\/2022\/02\/01\/serra-da-capivara-e-reconhecida-como-um-dos-roteiros-turisticos-mais-importantes-do-mundo\/\"]}]},{\"@type\":\"ImageObject\",\"inLanguage\":\"pt-BR\",\"@id\":\"https:\/\/jornalfatosenoticias.com.br\/index.php\/2022\/02\/01\/serra-da-capivara-e-reconhecida-como-um-dos-roteiros-turisticos-mais-importantes-do-mundo\/#primaryimage\",\"url\":\"https:\/\/jornalfatosenoticias.com.br\/wp-content\/uploads\/2022\/02\/Serra-da-Capivara.jpeg\",\"contentUrl\":\"https:\/\/jornalfatosenoticias.com.br\/wp-content\/uploads\/2022\/02\/Serra-da-Capivara.jpeg\",\"width\":1000,\"height\":630},{\"@type\":\"BreadcrumbList\",\"@id\":\"https:\/\/jornalfatosenoticias.com.br\/index.php\/2022\/02\/01\/serra-da-capivara-e-reconhecida-como-um-dos-roteiros-turisticos-mais-importantes-do-mundo\/#breadcrumb\",\"itemListElement\":[{\"@type\":\"ListItem\",\"position\":1,\"name\":\"In\u00edcio\",\"item\":\"https:\/\/jornalfatosenoticias.com.br\/\"},{\"@type\":\"ListItem\",\"position\":2,\"name\":\"Serra da Capivara \u00e9 reconhecida como um dos roteiros tur\u00edsticos mais importantes do mundo\"}]},{\"@type\":\"WebSite\",\"@id\":\"https:\/\/jornalfatosenoticias.com.br\/#website\",\"url\":\"https:\/\/jornalfatosenoticias.com.br\/\",\"name\":\"Jornal Fatos e Not\u00edcias\",\"description\":\"Not\u00edcias em geral\",\"publisher\":{\"@id\":\"https:\/\/jornalfatosenoticias.com.br\/#organization\"},\"potentialAction\":[{\"@type\":\"SearchAction\",\"target\":{\"@type\":\"EntryPoint\",\"urlTemplate\":\"https:\/\/jornalfatosenoticias.com.br\/?s={search_term_string}\"},\"query-input\":{\"@type\":\"PropertyValueSpecification\",\"valueRequired\":true,\"valueName\":\"search_term_string\"}}],\"inLanguage\":\"pt-BR\"},{\"@type\":\"Organization\",\"@id\":\"https:\/\/jornalfatosenoticias.com.br\/#organization\",\"name\":\"Jornal Fatos e Not\u00edcias\",\"url\":\"https:\/\/jornalfatosenoticias.com.br\/\",\"logo\":{\"@type\":\"ImageObject\",\"inLanguage\":\"pt-BR\",\"@id\":\"https:\/\/jornalfatosenoticias.com.br\/#\/schema\/logo\/image\/\",\"url\":\"https:\/\/jornalfatosenoticias.com.br\/wp-content\/uploads\/2020\/02\/logo120.png\",\"contentUrl\":\"https:\/\/jornalfatosenoticias.com.br\/wp-content\/uploads\/2020\/02\/logo120.png\",\"width\":1227,\"height\":120,\"caption\":\"Jornal Fatos e Not\u00edcias\"},\"image\":{\"@id\":\"https:\/\/jornalfatosenoticias.com.br\/#\/schema\/logo\/image\/\"}},{\"@type\":\"Person\",\"@id\":\"https:\/\/jornalfatosenoticias.com.br\/#\/schema\/person\/d63837fa13ac8666eb9e74e0985d6f81\",\"name\":\"Luzimara Fernandes\",\"image\":{\"@type\":\"ImageObject\",\"inLanguage\":\"pt-BR\",\"@id\":\"https:\/\/jornalfatosenoticias.com.br\/#\/schema\/person\/image\/\",\"url\":\"https:\/\/jornalfatosenoticias.com.br\/wp-content\/uploads\/2025\/05\/EU_portal.jpg\",\"contentUrl\":\"https:\/\/jornalfatosenoticias.com.br\/wp-content\/uploads\/2025\/05\/EU_portal.jpg\",\"caption\":\"Luzimara Fernandes\"},\"description\":\"Jornalista MTB 2358-ES\",\"sameAs\":[\"https:\/\/jornalfatosenoticias.com.br\"],\"url\":\"https:\/\/jornalfatosenoticias.com.br\/index.php\/author\/luzimara\/\"}]}<\/script>\n<!-- \/ Yoast SEO plugin. -->","yoast_head_json":{"title":"Serra da Capivara \u00e9 reconhecida como um dos roteiros tur\u00edsticos mais importantes do mundo - Jornal Fatos e Not\u00edcias","robots":{"index":"index","follow":"follow","max-snippet":"max-snippet:-1","max-image-preview":"max-image-preview:large","max-video-preview":"max-video-preview:-1"},"canonical":"https:\/\/jornalfatosenoticias.com.br\/index.php\/2022\/02\/01\/serra-da-capivara-e-reconhecida-como-um-dos-roteiros-turisticos-mais-importantes-do-mundo\/","og_locale":"pt_BR","og_type":"article","og_title":"Serra da Capivara \u00e9 reconhecida como um dos roteiros tur\u00edsticos mais importantes do mundo - Jornal Fatos e Not\u00edcias","og_description":"O parque \u00e9 o \u00fanico bioma exclusivamente brasileiro e abrange os f\u00f3sseis dos primeiros homens a habitar as Am\u00e9ricas Conhecido por abrigar um dos mais ricos patrim\u00f4nios arqueol\u00f3gicos do mundo, o Parque Nacional da Serra da Capivara, no Piau\u00ed, ganhou mais um t\u00edtulo para colocar na estante: a unidade de conserva\u00e7\u00e3o \u00e9 a \u00fanica brasileira [&hellip;]","og_url":"https:\/\/jornalfatosenoticias.com.br\/index.php\/2022\/02\/01\/serra-da-capivara-e-reconhecida-como-um-dos-roteiros-turisticos-mais-importantes-do-mundo\/","og_site_name":"Jornal Fatos e Not\u00edcias","article_published_time":"2022-02-01T18:09:01+00:00","article_modified_time":"2022-02-01T18:09:03+00:00","og_image":[{"width":1000,"height":630,"url":"https:\/\/jornalfatosenoticias.com.br\/wp-content\/uploads\/2022\/02\/Serra-da-Capivara.jpeg","type":"image\/jpeg"}],"author":"Luzimara Fernandes","twitter_card":"summary_large_image","twitter_misc":{"Escrito por":"Luzimara Fernandes","Est. tempo de leitura":"2 minutos"},"schema":{"@context":"https:\/\/schema.org","@graph":[{"@type":"Article","@id":"https:\/\/jornalfatosenoticias.com.br\/index.php\/2022\/02\/01\/serra-da-capivara-e-reconhecida-como-um-dos-roteiros-turisticos-mais-importantes-do-mundo\/#article","isPartOf":{"@id":"https:\/\/jornalfatosenoticias.com.br\/index.php\/2022\/02\/01\/serra-da-capivara-e-reconhecida-como-um-dos-roteiros-turisticos-mais-importantes-do-mundo\/"},"author":{"name":"Luzimara Fernandes","@id":"https:\/\/jornalfatosenoticias.com.br\/#\/schema\/person\/d63837fa13ac8666eb9e74e0985d6f81"},"headline":"Serra da Capivara \u00e9 reconhecida como um dos roteiros tur\u00edsticos mais importantes do mundo","datePublished":"2022-02-01T18:09:01+00:00","dateModified":"2022-02-01T18:09:03+00:00","mainEntityOfPage":{"@id":"https:\/\/jornalfatosenoticias.com.br\/index.php\/2022\/02\/01\/serra-da-capivara-e-reconhecida-como-um-dos-roteiros-turisticos-mais-importantes-do-mundo\/"},"wordCount":381,"commentCount":0,"publisher":{"@id":"https:\/\/jornalfatosenoticias.com.br\/#organization"},"image":{"@id":"https:\/\/jornalfatosenoticias.com.br\/index.php\/2022\/02\/01\/serra-da-capivara-e-reconhecida-como-um-dos-roteiros-turisticos-mais-importantes-do-mundo\/#primaryimage"},"thumbnailUrl":"https:\/\/jornalfatosenoticias.com.br\/wp-content\/uploads\/2022\/02\/Serra-da-Capivara.jpeg","keywords":["ICMBio","roteiros tur\u00edsticos","Turismo","viagens"],"articleSection":["Turismo"],"inLanguage":"pt-BR","potentialAction":[{"@type":"CommentAction","name":"Comment","target":["https:\/\/jornalfatosenoticias.com.br\/index.php\/2022\/02\/01\/serra-da-capivara-e-reconhecida-como-um-dos-roteiros-turisticos-mais-importantes-do-mundo\/#respond"]}]},{"@type":"WebPage","@id":"https:\/\/jornalfatosenoticias.com.br\/index.php\/2022\/02\/01\/serra-da-capivara-e-reconhecida-como-um-dos-roteiros-turisticos-mais-importantes-do-mundo\/","url":"https:\/\/jornalfatosenoticias.com.br\/index.php\/2022\/02\/01\/serra-da-capivara-e-reconhecida-como-um-dos-roteiros-turisticos-mais-importantes-do-mundo\/","name":"Serra da Capivara \u00e9 reconhecida como um dos roteiros tur\u00edsticos mais importantes do mundo - Jornal Fatos e Not\u00edcias","isPartOf":{"@id":"https:\/\/jornalfatosenoticias.com.br\/#website"},"primaryImageOfPage":{"@id":"https:\/\/jornalfatosenoticias.com.br\/index.php\/2022\/02\/01\/serra-da-capivara-e-reconhecida-como-um-dos-roteiros-turisticos-mais-importantes-do-mundo\/#primaryimage"},"image":{"@id":"https:\/\/jornalfatosenoticias.com.br\/index.php\/2022\/02\/01\/serra-da-capivara-e-reconhecida-como-um-dos-roteiros-turisticos-mais-importantes-do-mundo\/#primaryimage"},"thumbnailUrl":"https:\/\/jornalfatosenoticias.com.br\/wp-content\/uploads\/2022\/02\/Serra-da-Capivara.jpeg","datePublished":"2022-02-01T18:09:01+00:00","dateModified":"2022-02-01T18:09:03+00:00","breadcrumb":{"@id":"https:\/\/jornalfatosenoticias.com.br\/index.php\/2022\/02\/01\/serra-da-capivara-e-reconhecida-como-um-dos-roteiros-turisticos-mais-importantes-do-mundo\/#breadcrumb"},"inLanguage":"pt-BR","potentialAction":[{"@type":"ReadAction","target":["https:\/\/jornalfatosenoticias.com.br\/index.php\/2022\/02\/01\/serra-da-capivara-e-reconhecida-como-um-dos-roteiros-turisticos-mais-importantes-do-mundo\/"]}]},{"@type":"ImageObject","inLanguage":"pt-BR","@id":"https:\/\/jornalfatosenoticias.com.br\/index.php\/2022\/02\/01\/serra-da-capivara-e-reconhecida-como-um-dos-roteiros-turisticos-mais-importantes-do-mundo\/#primaryimage","url":"https:\/\/jornalfatosenoticias.com.br\/wp-content\/uploads\/2022\/02\/Serra-da-Capivara.jpeg","contentUrl":"https:\/\/jornalfatosenoticias.com.br\/wp-content\/uploads\/2022\/02\/Serra-da-Capivara.jpeg","width":1000,"height":630},{"@type":"BreadcrumbList","@id":"https:\/\/jornalfatosenoticias.com.br\/index.php\/2022\/02\/01\/serra-da-capivara-e-reconhecida-como-um-dos-roteiros-turisticos-mais-importantes-do-mundo\/#breadcrumb","itemListElement":[{"@type":"ListItem","position":1,"name":"In\u00edcio","item":"https:\/\/jornalfatosenoticias.com.br\/"},{"@type":"ListItem","position":2,"name":"Serra da Capivara \u00e9 reconhecida como um dos roteiros tur\u00edsticos mais importantes do mundo"}]},{"@type":"WebSite","@id":"https:\/\/jornalfatosenoticias.com.br\/#website","url":"https:\/\/jornalfatosenoticias.com.br\/","name":"Jornal Fatos e Not\u00edcias","description":"Not\u00edcias em geral","publisher":{"@id":"https:\/\/jornalfatosenoticias.com.br\/#organization"},"potentialAction":[{"@type":"SearchAction","target":{"@type":"EntryPoint","urlTemplate":"https:\/\/jornalfatosenoticias.com.br\/?s={search_term_string}"},"query-input":{"@type":"PropertyValueSpecification","valueRequired":true,"valueName":"search_term_string"}}],"inLanguage":"pt-BR"},{"@type":"Organization","@id":"https:\/\/jornalfatosenoticias.com.br\/#organization","name":"Jornal Fatos e Not\u00edcias","url":"https:\/\/jornalfatosenoticias.com.br\/","logo":{"@type":"ImageObject","inLanguage":"pt-BR","@id":"https:\/\/jornalfatosenoticias.com.br\/#\/schema\/logo\/image\/","url":"https:\/\/jornalfatosenoticias.com.br\/wp-content\/uploads\/2020\/02\/logo120.png","contentUrl":"https:\/\/jornalfatosenoticias.com.br\/wp-content\/uploads\/2020\/02\/logo120.png","width":1227,"height":120,"caption":"Jornal Fatos e Not\u00edcias"},"image":{"@id":"https:\/\/jornalfatosenoticias.com.br\/#\/schema\/logo\/image\/"}},{"@type":"Person","@id":"https:\/\/jornalfatosenoticias.com.br\/#\/schema\/person\/d63837fa13ac8666eb9e74e0985d6f81","name":"Luzimara Fernandes","image":{"@type":"ImageObject","inLanguage":"pt-BR","@id":"https:\/\/jornalfatosenoticias.com.br\/#\/schema\/person\/image\/","url":"https:\/\/jornalfatosenoticias.com.br\/wp-content\/uploads\/2025\/05\/EU_portal.jpg","contentUrl":"https:\/\/jornalfatosenoticias.com.br\/wp-content\/uploads\/2025\/05\/EU_portal.jpg","caption":"Luzimara Fernandes"},"description":"Jornalista MTB 2358-ES","sameAs":["https:\/\/jornalfatosenoticias.com.br"],"url":"https:\/\/jornalfatosenoticias.com.br\/index.php\/author\/luzimara\/"}]}},"cc_featured_image_caption":{"caption_text":"Serra da Capivara (Foto: ICMBio) ","source_text":"","source_url":""},"jetpack_featured_media_url":"https:\/\/jornalfatosenoticias.com.br\/wp-content\/uploads\/2022\/02\/Serra-da-Capivara.jpeg","_links":{"self":[{"href":"https:\/\/jornalfatosenoticias.com.br\/index.php\/wp-json\/wp\/v2\/posts\/27414","targetHints":{"allow":["GET"]}}],"collection":[{"href":"https:\/\/jornalfatosenoticias.com.br\/index.php\/wp-json\/wp\/v2\/posts"}],"about":[{"href":"https:\/\/jornalfatosenoticias.com.br\/index.php\/wp-json\/wp\/v2\/types\/post"}],"author":[{"embeddable":true,"href":"https:\/\/jornalfatosenoticias.com.br\/index.php\/wp-json\/wp\/v2\/users\/2"}],"replies":[{"embeddable":true,"href":"https:\/\/jornalfatosenoticias.com.br\/index.php\/wp-json\/wp\/v2\/comments?post=27414"}],"version-history":[{"count":0,"href":"https:\/\/jornalfatosenoticias.com.br\/index.php\/wp-json\/wp\/v2\/posts\/27414\/revisions"}],"wp:featuredmedia":[{"embeddable":true,"href":"https:\/\/jornalfatosenoticias.com.br\/index.php\/wp-json\/wp\/v2\/media\/27415"}],"wp:attachment":[{"href":"https:\/\/jornalfatosenoticias.com.br\/index.php\/wp-json\/wp\/v2\/media?parent=27414"}],"wp:term":[{"taxonomy":"category","embeddable":true,"href":"https:\/\/jornalfatosenoticias.com.br\/index.php\/wp-json\/wp\/v2\/categories?post=27414"},{"taxonomy":"post_tag","embeddable":true,"href":"https:\/\/jornalfatosenoticias.com.br\/index.php\/wp-json\/wp\/v2\/tags?post=27414"}],"curies":[{"name":"wp","href":"https:\/\/api.w.org\/{rel}","templated":true}]}}