{"id":27446,"date":"2022-02-02T13:44:21","date_gmt":"2022-02-02T16:44:21","guid":{"rendered":"https:\/\/jornalfatosenoticias.com.br\/?p=27446"},"modified":"2022-02-02T13:44:26","modified_gmt":"2022-02-02T16:44:26","slug":"freeland-brasil-e-wwf-brasil-apontam-acoes-de-combate-ao-trafico-de-especies-silvestres","status":"publish","type":"post","link":"https:\/\/jornalfatosenoticias.com.br\/index.php\/2022\/02\/02\/freeland-brasil-e-wwf-brasil-apontam-acoes-de-combate-ao-trafico-de-especies-silvestres\/","title":{"rendered":"Freeland-Brasil e WWF-Brasil apontam a\u00e7\u00f5es de combate ao tr\u00e1fico de esp\u00e9cies silvestres"},"content":{"rendered":"\n<p><em><span class=\"has-inline-color has-black-color\">Cerca de 93% da popula\u00e7\u00e3o recriminam a pr\u00e1tica, segundo pesquisa encomendada pelo WWF-Brasil<\/span><\/em><\/p>\n\n\n\n<p>A rejei\u00e7\u00e3o \u00e0 ca\u00e7a \u00e9 algo un\u00e2nime na sociedade brasileira: cerca de 93% da popula\u00e7\u00e3o recriminam a pr\u00e1tica, segundo pesquisa encomendada pelo WWF-Brasil.<br>No entanto, pouco falamos sobre os mecanismos de controle e combate ao tr\u00e1fico de esp\u00e9cies selvagens. Esta pr\u00e1tica il\u00edcita movimenta mundialmente at\u00e9 23 bilh\u00f5es de d\u00f3lares por ano, exclu\u00edda a pesca e madeira ilegais, segundo estudo do Programa das Na\u00e7\u00f5es Unidas para o Meio Ambiente \u2014 <strong><a href=\"https:\/\/www.google.com\/url?q=https:\/\/www.undp.org\/content\/dam\/angola\/docs\/Publications\/RELAT%25C3%2593RIO%2520SOBRE%2520O%2520AUMENTO%2520DOS%2520CRIMES%2520AMBIENTAIS.pdf&amp;sa=D&amp;source=docs&amp;ust=1639521937062000&amp;usg=AOvVaw36xD0LAK61SR0yBlKRFM3V\" target=\"_blank\" rel=\"noreferrer noopener\">Pnuma<\/a><\/strong>.<br>O tr\u00e1fico de fauna silvestre \u2014 transfronteiri\u00e7o e dom\u00e9stico \u2014 tem grande envolvimento com grupos criminosos organizados e contribui para o decl\u00ednio da biodiversidade. Entre 1970 e 2016 j\u00e1 foi poss\u00edvel constatar uma redu\u00e7\u00e3o m\u00e9dia de 68% nas popula\u00e7\u00f5es monitoradas de mam\u00edferos, aves, anf\u00edbios e peixes causada, principalmente, por fatores como obras de infraestrutura, agricultura e pesca, pr\u00e1ticas de produ\u00e7\u00e3o que pressionam ambientes naturais e outros (<strong><a href=\"https:\/\/livingplanet.panda.org\/pt-br\/?_ga=2.35522978.24080352.1635355345-1274637884.1634823863\" target=\"_blank\" rel=\"noreferrer noopener\">\u00cdndice Planeta Vivo 2020<\/a><\/strong>). Al\u00e9m disso, n\u00e3o apenas pode ter converg\u00eancia com outros crimes (tr\u00e1fico de drogas, de mercadorias falsificadas, porte ilegal de arma, entre outros), mas depende de outros crimes para que ocorra, como contrabando, corrup\u00e7\u00e3o, falsifica\u00e7\u00e3o e lavagem de dinheiro.<br>O WWF-Brasil e Freeland Brasil realizaram um levantamento que analisa o arcabou\u00e7o legal, os mecanismos de fiscaliza\u00e7\u00e3o e sua efetividade, com o objetivo de gerar recomenda\u00e7\u00f5es para fortalecer o combate ao tr\u00e1fico de fauna silvestre no Brasil. Para Anna Carolina Lins, do WWF-Brasil, o documento faz uma leitura pormenorizada das leis e aponta aspectos nos quais elas podem melhorar, mas alcan\u00e7a tamb\u00e9m quem trabalha em campo com dicas para otimizar a fiscaliza\u00e7\u00e3o.<\/p>\n\n\n\n<blockquote class=\"wp-block-quote is-layout-flow wp-block-quote-is-layout-flow\"><p><span class=\"has-inline-color has-luminous-vivid-orange-color\">\u201cNossa inten\u00e7\u00e3o \u00e9 qualificar o debate para aprimorar pol\u00edticas j\u00e1 existentes no combate ao tr\u00e1fico ilegal\u201d, ressalta.<\/span><\/p><\/blockquote>\n\n\n\n<p>Constatou-se que o enfrentamento ao grave problema do tr\u00e1fico silvestre depende do fortalecimento do marco regulat\u00f3rio e de capacidades institucionais de combate. \u00c9 necess\u00e1rio aumentar a transpar\u00eancia e integra\u00e7\u00e3o das informa\u00e7\u00f5es p\u00fablicas; aprimorar a coordena\u00e7\u00e3o dos \u00f3rg\u00e3os de comando e controle, as a\u00e7\u00f5es e mecanismos de fiscaliza\u00e7\u00e3o; rever as regras de puni\u00e7\u00e3o a traficantes e organiza\u00e7\u00f5es criminosas; entre outras medidas.<br>O levantamento aponta pontos sens\u00edveis de leis, resolu\u00e7\u00f5es, portarias, proposi\u00e7\u00f5es no Congresso Nacional, oferece orienta\u00e7\u00f5es \u2014 seja sobre or\u00e7amento da Uni\u00e3o ou atua\u00e7\u00e3o de diferentes \u00f3rg\u00e3os policiais e sugere a\u00e7\u00f5es para o campo de fiscaliza\u00e7\u00e3o e para o sistema de Gest\u00e3o dos Centros de Triagem de Animais Silvestres, entre outros.<br>Segundo a Dra. Juliana Machado Ferreira, diretora-executiva da Freeland Brasil, o combate efetivo ao tr\u00e1fico de fauna silvestre ser\u00e1 atingido atrav\u00e9s de uma abordagem multifacetada que desenvolva um trabalho de educa\u00e7\u00e3o e conscientiza\u00e7\u00e3o para redu\u00e7\u00e3o da demanda, fortalecimento das institui\u00e7\u00f5es governamentais que combatem o crime, e fortalecimento do arcabou\u00e7o legal, tanto em n\u00edvel nacional (evitar retrocessos e fortalecer a legisla\u00e7\u00e3o), quanto em n\u00edvel regional (desenvolvimento de acordos e atua\u00e7\u00e3o multiag\u00eancia e transfronteiri\u00e7a) e em n\u00edvel internacional (como, por exemplo, a efetiva\u00e7\u00e3o da proposta de um 4\u00ba protocolo sobre crime contra esp\u00e9cies silvestres na Conven\u00e7\u00e3o sobre Crime Organizado Transnacional da ONU, capitaneada pela End Wildlife Crime initiative). Al\u00e9m disso, \u00e9 crucial que quest\u00f5es relativas \u00e0 inclus\u00e3o social tamb\u00e9m sejam abordadas. A organiza\u00e7\u00e3o de um trabalho t\u00e3o complexo quanto este poderia se dar sob o guarda-chuva de uma \u201cEstrat\u00e9gia Nacional para o Combate ao Tr\u00e1fico de Fauna Silvestre\u201d.<br>Durante o levantamento, al\u00e9m de um profundo estudo de dados, foram realizadas entrevistas com especialistas da \u00e1rea, que possuem experi\u00eancia profissional com o tema, como autoridades p\u00fablicas e pol\u00edticas, comunidade acad\u00eamica e terceiro setor. Eles qualificaram o olhar dos analistas na averigua\u00e7\u00e3o jur\u00eddica.<\/p>\n\n\n\n<p><em><span class=\"has-inline-color has-vivid-green-cyan-color\">O levantamento aponta diversas recomenda\u00e7\u00f5es relacionadas a temas como:<\/span><\/em><\/p>\n\n\n\n<ul class=\"wp-block-list\"><li>Aumentar a transpar\u00eancia e integra\u00e7\u00e3o das informa\u00e7\u00f5es p\u00fablicas;<\/li><li>Aprimorar a coordena\u00e7\u00e3o dos \u00f3rg\u00e3os de comando e controle;<\/li><li>Aprimorar as a\u00e7\u00f5es e mecanismos de fiscaliza\u00e7\u00e3o;<\/li><li>Rever as regras de puni\u00e7\u00e3o a traficantes e organiza\u00e7\u00f5es criminosas;<\/li><li>Promover a coopera\u00e7\u00e3o, a coordena\u00e7\u00e3o e a comunica\u00e7\u00e3o entre \u00f3rg\u00e3os federais com atua\u00e7\u00e3o nas diferentes formas de crime organizado;<\/li><li>Melhorar a base de conhecimentos sobre os mecanismos de comando e controle e os processos judiciais envolvendo tr\u00e1fico de fauna;<\/li><li>Criar banco de dados de infratores ambientais, unificando os registros dos \u00f3rg\u00e3os competentes, com foco especial no rastreamento de reincid\u00eancias;<\/li><li>Promover educa\u00e7\u00e3o ambiental e sensibiliza\u00e7\u00e3o dos diferentes setores da sociedade para o combate ao tr\u00e1fico de fauna.<\/li><\/ul>\n\n\n\n<p><strong><em>Fonte: <a href=\"https:\/\/www.ecycle.com.br\/freeland-brasil-e-wwf-brasil-apontam-acoes-de-combate-ao-trafico-de-especies-silvestres\/\">eCycle<\/a><\/em><\/strong><\/p>\n","protected":false},"excerpt":{"rendered":"<p>Cerca de 93% da popula\u00e7\u00e3o recriminam a pr\u00e1tica, segundo pesquisa encomendada pelo WWF-Brasil A rejei\u00e7\u00e3o \u00e0 ca\u00e7a \u00e9 algo un\u00e2nime na sociedade brasileira: cerca de 93% da popula\u00e7\u00e3o recriminam a pr\u00e1tica, segundo pesquisa encomendada pelo WWF-Brasil.No entanto, pouco falamos sobre os mecanismos de controle e combate ao tr\u00e1fico de esp\u00e9cies selvagens. Esta pr\u00e1tica il\u00edcita movimenta [&hellip;]<\/p>\n","protected":false},"author":2,"featured_media":27447,"comment_status":"open","ping_status":"open","sticky":false,"template":"","format":"standard","meta":{"footnotes":""},"categories":[8],"tags":[1878,13118,13117,13116,1462,2526],"class_list":["post-27446","post","type-post","status-publish","format-standard","has-post-thumbnail","hentry","category-meio-ambiente","tag-animais-silvestres","tag-combate-ao-trafico-de-animais","tag-especies-silvestres","tag-freeland-brasil","tag-trafico-de-animais","tag-wwf-brasil"],"yoast_head":"<!-- This site is optimized with the Yoast SEO plugin v26.5 - https:\/\/yoast.com\/wordpress\/plugins\/seo\/ -->\n<title>Freeland-Brasil e WWF-Brasil apontam a\u00e7\u00f5es de combate ao tr\u00e1fico de esp\u00e9cies silvestres - Jornal Fatos e Not\u00edcias<\/title>\n<meta name=\"robots\" content=\"index, follow, max-snippet:-1, max-image-preview:large, max-video-preview:-1\" \/>\n<link rel=\"canonical\" href=\"https:\/\/jornalfatosenoticias.com.br\/index.php\/2022\/02\/02\/freeland-brasil-e-wwf-brasil-apontam-acoes-de-combate-ao-trafico-de-especies-silvestres\/\" \/>\n<meta property=\"og:locale\" content=\"pt_BR\" \/>\n<meta property=\"og:type\" content=\"article\" \/>\n<meta property=\"og:title\" content=\"Freeland-Brasil e WWF-Brasil apontam a\u00e7\u00f5es de combate ao tr\u00e1fico de esp\u00e9cies silvestres - Jornal Fatos e Not\u00edcias\" \/>\n<meta property=\"og:description\" content=\"Cerca de 93% da popula\u00e7\u00e3o recriminam a pr\u00e1tica, segundo pesquisa encomendada pelo WWF-Brasil A rejei\u00e7\u00e3o \u00e0 ca\u00e7a \u00e9 algo un\u00e2nime na sociedade brasileira: cerca de 93% da popula\u00e7\u00e3o recriminam a pr\u00e1tica, segundo pesquisa encomendada pelo WWF-Brasil.No entanto, pouco falamos sobre os mecanismos de controle e combate ao tr\u00e1fico de esp\u00e9cies selvagens. Esta pr\u00e1tica il\u00edcita movimenta [&hellip;]\" \/>\n<meta property=\"og:url\" content=\"https:\/\/jornalfatosenoticias.com.br\/index.php\/2022\/02\/02\/freeland-brasil-e-wwf-brasil-apontam-acoes-de-combate-ao-trafico-de-especies-silvestres\/\" \/>\n<meta property=\"og:site_name\" content=\"Jornal Fatos e Not\u00edcias\" \/>\n<meta property=\"article:published_time\" content=\"2022-02-02T16:44:21+00:00\" \/>\n<meta property=\"article:modified_time\" content=\"2022-02-02T16:44:26+00:00\" \/>\n<meta property=\"og:image\" content=\"https:\/\/jornalfatosenoticias.com.br\/wp-content\/uploads\/2022\/02\/animais-silvestres_trafico.jpg\" \/>\n\t<meta property=\"og:image:width\" content=\"1000\" \/>\n\t<meta property=\"og:image:height\" content=\"750\" \/>\n\t<meta property=\"og:image:type\" content=\"image\/jpeg\" \/>\n<meta name=\"author\" content=\"Luzimara Fernandes\" \/>\n<meta name=\"twitter:card\" content=\"summary_large_image\" \/>\n<meta name=\"twitter:label1\" content=\"Escrito por\" \/>\n\t<meta name=\"twitter:data1\" content=\"Luzimara Fernandes\" \/>\n\t<meta name=\"twitter:label2\" content=\"Est. tempo de leitura\" \/>\n\t<meta name=\"twitter:data2\" content=\"4 minutos\" \/>\n<script type=\"application\/ld+json\" class=\"yoast-schema-graph\">{\"@context\":\"https:\/\/schema.org\",\"@graph\":[{\"@type\":\"Article\",\"@id\":\"https:\/\/jornalfatosenoticias.com.br\/index.php\/2022\/02\/02\/freeland-brasil-e-wwf-brasil-apontam-acoes-de-combate-ao-trafico-de-especies-silvestres\/#article\",\"isPartOf\":{\"@id\":\"https:\/\/jornalfatosenoticias.com.br\/index.php\/2022\/02\/02\/freeland-brasil-e-wwf-brasil-apontam-acoes-de-combate-ao-trafico-de-especies-silvestres\/\"},\"author\":{\"name\":\"Luzimara Fernandes\",\"@id\":\"https:\/\/jornalfatosenoticias.com.br\/#\/schema\/person\/d63837fa13ac8666eb9e74e0985d6f81\"},\"headline\":\"Freeland-Brasil e WWF-Brasil apontam a\u00e7\u00f5es de combate ao tr\u00e1fico de esp\u00e9cies silvestres\",\"datePublished\":\"2022-02-02T16:44:21+00:00\",\"dateModified\":\"2022-02-02T16:44:26+00:00\",\"mainEntityOfPage\":{\"@id\":\"https:\/\/jornalfatosenoticias.com.br\/index.php\/2022\/02\/02\/freeland-brasil-e-wwf-brasil-apontam-acoes-de-combate-ao-trafico-de-especies-silvestres\/\"},\"wordCount\":818,\"commentCount\":0,\"publisher\":{\"@id\":\"https:\/\/jornalfatosenoticias.com.br\/#organization\"},\"image\":{\"@id\":\"https:\/\/jornalfatosenoticias.com.br\/index.php\/2022\/02\/02\/freeland-brasil-e-wwf-brasil-apontam-acoes-de-combate-ao-trafico-de-especies-silvestres\/#primaryimage\"},\"thumbnailUrl\":\"https:\/\/jornalfatosenoticias.com.br\/wp-content\/uploads\/2022\/02\/animais-silvestres_trafico.jpg\",\"keywords\":[\"animais silvestres\",\"combate ao tr\u00e1fico de animais\",\"esp\u00e9cies silvestres\",\"Freeland-Brasil\",\"tr\u00e1fico de animais\",\"WWF-Brasil\"],\"articleSection\":[\"Meio ambiente\"],\"inLanguage\":\"pt-BR\",\"potentialAction\":[{\"@type\":\"CommentAction\",\"name\":\"Comment\",\"target\":[\"https:\/\/jornalfatosenoticias.com.br\/index.php\/2022\/02\/02\/freeland-brasil-e-wwf-brasil-apontam-acoes-de-combate-ao-trafico-de-especies-silvestres\/#respond\"]}]},{\"@type\":\"WebPage\",\"@id\":\"https:\/\/jornalfatosenoticias.com.br\/index.php\/2022\/02\/02\/freeland-brasil-e-wwf-brasil-apontam-acoes-de-combate-ao-trafico-de-especies-silvestres\/\",\"url\":\"https:\/\/jornalfatosenoticias.com.br\/index.php\/2022\/02\/02\/freeland-brasil-e-wwf-brasil-apontam-acoes-de-combate-ao-trafico-de-especies-silvestres\/\",\"name\":\"Freeland-Brasil e WWF-Brasil apontam a\u00e7\u00f5es de combate ao tr\u00e1fico de esp\u00e9cies silvestres - Jornal Fatos e Not\u00edcias\",\"isPartOf\":{\"@id\":\"https:\/\/jornalfatosenoticias.com.br\/#website\"},\"primaryImageOfPage\":{\"@id\":\"https:\/\/jornalfatosenoticias.com.br\/index.php\/2022\/02\/02\/freeland-brasil-e-wwf-brasil-apontam-acoes-de-combate-ao-trafico-de-especies-silvestres\/#primaryimage\"},\"image\":{\"@id\":\"https:\/\/jornalfatosenoticias.com.br\/index.php\/2022\/02\/02\/freeland-brasil-e-wwf-brasil-apontam-acoes-de-combate-ao-trafico-de-especies-silvestres\/#primaryimage\"},\"thumbnailUrl\":\"https:\/\/jornalfatosenoticias.com.br\/wp-content\/uploads\/2022\/02\/animais-silvestres_trafico.jpg\",\"datePublished\":\"2022-02-02T16:44:21+00:00\",\"dateModified\":\"2022-02-02T16:44:26+00:00\",\"breadcrumb\":{\"@id\":\"https:\/\/jornalfatosenoticias.com.br\/index.php\/2022\/02\/02\/freeland-brasil-e-wwf-brasil-apontam-acoes-de-combate-ao-trafico-de-especies-silvestres\/#breadcrumb\"},\"inLanguage\":\"pt-BR\",\"potentialAction\":[{\"@type\":\"ReadAction\",\"target\":[\"https:\/\/jornalfatosenoticias.com.br\/index.php\/2022\/02\/02\/freeland-brasil-e-wwf-brasil-apontam-acoes-de-combate-ao-trafico-de-especies-silvestres\/\"]}]},{\"@type\":\"ImageObject\",\"inLanguage\":\"pt-BR\",\"@id\":\"https:\/\/jornalfatosenoticias.com.br\/index.php\/2022\/02\/02\/freeland-brasil-e-wwf-brasil-apontam-acoes-de-combate-ao-trafico-de-especies-silvestres\/#primaryimage\",\"url\":\"https:\/\/jornalfatosenoticias.com.br\/wp-content\/uploads\/2022\/02\/animais-silvestres_trafico.jpg\",\"contentUrl\":\"https:\/\/jornalfatosenoticias.com.br\/wp-content\/uploads\/2022\/02\/animais-silvestres_trafico.jpg\",\"width\":1000,\"height\":750},{\"@type\":\"BreadcrumbList\",\"@id\":\"https:\/\/jornalfatosenoticias.com.br\/index.php\/2022\/02\/02\/freeland-brasil-e-wwf-brasil-apontam-acoes-de-combate-ao-trafico-de-especies-silvestres\/#breadcrumb\",\"itemListElement\":[{\"@type\":\"ListItem\",\"position\":1,\"name\":\"In\u00edcio\",\"item\":\"https:\/\/jornalfatosenoticias.com.br\/\"},{\"@type\":\"ListItem\",\"position\":2,\"name\":\"Freeland-Brasil e WWF-Brasil apontam a\u00e7\u00f5es de combate ao tr\u00e1fico de esp\u00e9cies silvestres\"}]},{\"@type\":\"WebSite\",\"@id\":\"https:\/\/jornalfatosenoticias.com.br\/#website\",\"url\":\"https:\/\/jornalfatosenoticias.com.br\/\",\"name\":\"Jornal Fatos e Not\u00edcias\",\"description\":\"Not\u00edcias em geral\",\"publisher\":{\"@id\":\"https:\/\/jornalfatosenoticias.com.br\/#organization\"},\"potentialAction\":[{\"@type\":\"SearchAction\",\"target\":{\"@type\":\"EntryPoint\",\"urlTemplate\":\"https:\/\/jornalfatosenoticias.com.br\/?s={search_term_string}\"},\"query-input\":{\"@type\":\"PropertyValueSpecification\",\"valueRequired\":true,\"valueName\":\"search_term_string\"}}],\"inLanguage\":\"pt-BR\"},{\"@type\":\"Organization\",\"@id\":\"https:\/\/jornalfatosenoticias.com.br\/#organization\",\"name\":\"Jornal Fatos e Not\u00edcias\",\"url\":\"https:\/\/jornalfatosenoticias.com.br\/\",\"logo\":{\"@type\":\"ImageObject\",\"inLanguage\":\"pt-BR\",\"@id\":\"https:\/\/jornalfatosenoticias.com.br\/#\/schema\/logo\/image\/\",\"url\":\"https:\/\/jornalfatosenoticias.com.br\/wp-content\/uploads\/2020\/02\/logo120.png\",\"contentUrl\":\"https:\/\/jornalfatosenoticias.com.br\/wp-content\/uploads\/2020\/02\/logo120.png\",\"width\":1227,\"height\":120,\"caption\":\"Jornal Fatos e Not\u00edcias\"},\"image\":{\"@id\":\"https:\/\/jornalfatosenoticias.com.br\/#\/schema\/logo\/image\/\"}},{\"@type\":\"Person\",\"@id\":\"https:\/\/jornalfatosenoticias.com.br\/#\/schema\/person\/d63837fa13ac8666eb9e74e0985d6f81\",\"name\":\"Luzimara Fernandes\",\"image\":{\"@type\":\"ImageObject\",\"inLanguage\":\"pt-BR\",\"@id\":\"https:\/\/jornalfatosenoticias.com.br\/#\/schema\/person\/image\/\",\"url\":\"https:\/\/jornalfatosenoticias.com.br\/wp-content\/uploads\/2025\/05\/EU_portal.jpg\",\"contentUrl\":\"https:\/\/jornalfatosenoticias.com.br\/wp-content\/uploads\/2025\/05\/EU_portal.jpg\",\"caption\":\"Luzimara Fernandes\"},\"description\":\"Jornalista MTB 2358-ES\",\"sameAs\":[\"https:\/\/jornalfatosenoticias.com.br\"],\"url\":\"https:\/\/jornalfatosenoticias.com.br\/index.php\/author\/luzimara\/\"}]}<\/script>\n<!-- \/ Yoast SEO plugin. -->","yoast_head_json":{"title":"Freeland-Brasil e WWF-Brasil apontam a\u00e7\u00f5es de combate ao tr\u00e1fico de esp\u00e9cies silvestres - Jornal Fatos e Not\u00edcias","robots":{"index":"index","follow":"follow","max-snippet":"max-snippet:-1","max-image-preview":"max-image-preview:large","max-video-preview":"max-video-preview:-1"},"canonical":"https:\/\/jornalfatosenoticias.com.br\/index.php\/2022\/02\/02\/freeland-brasil-e-wwf-brasil-apontam-acoes-de-combate-ao-trafico-de-especies-silvestres\/","og_locale":"pt_BR","og_type":"article","og_title":"Freeland-Brasil e WWF-Brasil apontam a\u00e7\u00f5es de combate ao tr\u00e1fico de esp\u00e9cies silvestres - Jornal Fatos e Not\u00edcias","og_description":"Cerca de 93% da popula\u00e7\u00e3o recriminam a pr\u00e1tica, segundo pesquisa encomendada pelo WWF-Brasil A rejei\u00e7\u00e3o \u00e0 ca\u00e7a \u00e9 algo un\u00e2nime na sociedade brasileira: cerca de 93% da popula\u00e7\u00e3o recriminam a pr\u00e1tica, segundo pesquisa encomendada pelo WWF-Brasil.No entanto, pouco falamos sobre os mecanismos de controle e combate ao tr\u00e1fico de esp\u00e9cies selvagens. Esta pr\u00e1tica il\u00edcita movimenta [&hellip;]","og_url":"https:\/\/jornalfatosenoticias.com.br\/index.php\/2022\/02\/02\/freeland-brasil-e-wwf-brasil-apontam-acoes-de-combate-ao-trafico-de-especies-silvestres\/","og_site_name":"Jornal Fatos e Not\u00edcias","article_published_time":"2022-02-02T16:44:21+00:00","article_modified_time":"2022-02-02T16:44:26+00:00","og_image":[{"width":1000,"height":750,"url":"https:\/\/jornalfatosenoticias.com.br\/wp-content\/uploads\/2022\/02\/animais-silvestres_trafico.jpg","type":"image\/jpeg"}],"author":"Luzimara Fernandes","twitter_card":"summary_large_image","twitter_misc":{"Escrito por":"Luzimara Fernandes","Est. tempo de leitura":"4 minutos"},"schema":{"@context":"https:\/\/schema.org","@graph":[{"@type":"Article","@id":"https:\/\/jornalfatosenoticias.com.br\/index.php\/2022\/02\/02\/freeland-brasil-e-wwf-brasil-apontam-acoes-de-combate-ao-trafico-de-especies-silvestres\/#article","isPartOf":{"@id":"https:\/\/jornalfatosenoticias.com.br\/index.php\/2022\/02\/02\/freeland-brasil-e-wwf-brasil-apontam-acoes-de-combate-ao-trafico-de-especies-silvestres\/"},"author":{"name":"Luzimara Fernandes","@id":"https:\/\/jornalfatosenoticias.com.br\/#\/schema\/person\/d63837fa13ac8666eb9e74e0985d6f81"},"headline":"Freeland-Brasil e WWF-Brasil apontam a\u00e7\u00f5es de combate ao tr\u00e1fico de esp\u00e9cies silvestres","datePublished":"2022-02-02T16:44:21+00:00","dateModified":"2022-02-02T16:44:26+00:00","mainEntityOfPage":{"@id":"https:\/\/jornalfatosenoticias.com.br\/index.php\/2022\/02\/02\/freeland-brasil-e-wwf-brasil-apontam-acoes-de-combate-ao-trafico-de-especies-silvestres\/"},"wordCount":818,"commentCount":0,"publisher":{"@id":"https:\/\/jornalfatosenoticias.com.br\/#organization"},"image":{"@id":"https:\/\/jornalfatosenoticias.com.br\/index.php\/2022\/02\/02\/freeland-brasil-e-wwf-brasil-apontam-acoes-de-combate-ao-trafico-de-especies-silvestres\/#primaryimage"},"thumbnailUrl":"https:\/\/jornalfatosenoticias.com.br\/wp-content\/uploads\/2022\/02\/animais-silvestres_trafico.jpg","keywords":["animais silvestres","combate ao tr\u00e1fico de animais","esp\u00e9cies silvestres","Freeland-Brasil","tr\u00e1fico de animais","WWF-Brasil"],"articleSection":["Meio ambiente"],"inLanguage":"pt-BR","potentialAction":[{"@type":"CommentAction","name":"Comment","target":["https:\/\/jornalfatosenoticias.com.br\/index.php\/2022\/02\/02\/freeland-brasil-e-wwf-brasil-apontam-acoes-de-combate-ao-trafico-de-especies-silvestres\/#respond"]}]},{"@type":"WebPage","@id":"https:\/\/jornalfatosenoticias.com.br\/index.php\/2022\/02\/02\/freeland-brasil-e-wwf-brasil-apontam-acoes-de-combate-ao-trafico-de-especies-silvestres\/","url":"https:\/\/jornalfatosenoticias.com.br\/index.php\/2022\/02\/02\/freeland-brasil-e-wwf-brasil-apontam-acoes-de-combate-ao-trafico-de-especies-silvestres\/","name":"Freeland-Brasil e WWF-Brasil apontam a\u00e7\u00f5es de combate ao tr\u00e1fico de esp\u00e9cies silvestres - Jornal Fatos e Not\u00edcias","isPartOf":{"@id":"https:\/\/jornalfatosenoticias.com.br\/#website"},"primaryImageOfPage":{"@id":"https:\/\/jornalfatosenoticias.com.br\/index.php\/2022\/02\/02\/freeland-brasil-e-wwf-brasil-apontam-acoes-de-combate-ao-trafico-de-especies-silvestres\/#primaryimage"},"image":{"@id":"https:\/\/jornalfatosenoticias.com.br\/index.php\/2022\/02\/02\/freeland-brasil-e-wwf-brasil-apontam-acoes-de-combate-ao-trafico-de-especies-silvestres\/#primaryimage"},"thumbnailUrl":"https:\/\/jornalfatosenoticias.com.br\/wp-content\/uploads\/2022\/02\/animais-silvestres_trafico.jpg","datePublished":"2022-02-02T16:44:21+00:00","dateModified":"2022-02-02T16:44:26+00:00","breadcrumb":{"@id":"https:\/\/jornalfatosenoticias.com.br\/index.php\/2022\/02\/02\/freeland-brasil-e-wwf-brasil-apontam-acoes-de-combate-ao-trafico-de-especies-silvestres\/#breadcrumb"},"inLanguage":"pt-BR","potentialAction":[{"@type":"ReadAction","target":["https:\/\/jornalfatosenoticias.com.br\/index.php\/2022\/02\/02\/freeland-brasil-e-wwf-brasil-apontam-acoes-de-combate-ao-trafico-de-especies-silvestres\/"]}]},{"@type":"ImageObject","inLanguage":"pt-BR","@id":"https:\/\/jornalfatosenoticias.com.br\/index.php\/2022\/02\/02\/freeland-brasil-e-wwf-brasil-apontam-acoes-de-combate-ao-trafico-de-especies-silvestres\/#primaryimage","url":"https:\/\/jornalfatosenoticias.com.br\/wp-content\/uploads\/2022\/02\/animais-silvestres_trafico.jpg","contentUrl":"https:\/\/jornalfatosenoticias.com.br\/wp-content\/uploads\/2022\/02\/animais-silvestres_trafico.jpg","width":1000,"height":750},{"@type":"BreadcrumbList","@id":"https:\/\/jornalfatosenoticias.com.br\/index.php\/2022\/02\/02\/freeland-brasil-e-wwf-brasil-apontam-acoes-de-combate-ao-trafico-de-especies-silvestres\/#breadcrumb","itemListElement":[{"@type":"ListItem","position":1,"name":"In\u00edcio","item":"https:\/\/jornalfatosenoticias.com.br\/"},{"@type":"ListItem","position":2,"name":"Freeland-Brasil e WWF-Brasil apontam a\u00e7\u00f5es de combate ao tr\u00e1fico de esp\u00e9cies silvestres"}]},{"@type":"WebSite","@id":"https:\/\/jornalfatosenoticias.com.br\/#website","url":"https:\/\/jornalfatosenoticias.com.br\/","name":"Jornal Fatos e Not\u00edcias","description":"Not\u00edcias em geral","publisher":{"@id":"https:\/\/jornalfatosenoticias.com.br\/#organization"},"potentialAction":[{"@type":"SearchAction","target":{"@type":"EntryPoint","urlTemplate":"https:\/\/jornalfatosenoticias.com.br\/?s={search_term_string}"},"query-input":{"@type":"PropertyValueSpecification","valueRequired":true,"valueName":"search_term_string"}}],"inLanguage":"pt-BR"},{"@type":"Organization","@id":"https:\/\/jornalfatosenoticias.com.br\/#organization","name":"Jornal Fatos e Not\u00edcias","url":"https:\/\/jornalfatosenoticias.com.br\/","logo":{"@type":"ImageObject","inLanguage":"pt-BR","@id":"https:\/\/jornalfatosenoticias.com.br\/#\/schema\/logo\/image\/","url":"https:\/\/jornalfatosenoticias.com.br\/wp-content\/uploads\/2020\/02\/logo120.png","contentUrl":"https:\/\/jornalfatosenoticias.com.br\/wp-content\/uploads\/2020\/02\/logo120.png","width":1227,"height":120,"caption":"Jornal Fatos e Not\u00edcias"},"image":{"@id":"https:\/\/jornalfatosenoticias.com.br\/#\/schema\/logo\/image\/"}},{"@type":"Person","@id":"https:\/\/jornalfatosenoticias.com.br\/#\/schema\/person\/d63837fa13ac8666eb9e74e0985d6f81","name":"Luzimara Fernandes","image":{"@type":"ImageObject","inLanguage":"pt-BR","@id":"https:\/\/jornalfatosenoticias.com.br\/#\/schema\/person\/image\/","url":"https:\/\/jornalfatosenoticias.com.br\/wp-content\/uploads\/2025\/05\/EU_portal.jpg","contentUrl":"https:\/\/jornalfatosenoticias.com.br\/wp-content\/uploads\/2025\/05\/EU_portal.jpg","caption":"Luzimara Fernandes"},"description":"Jornalista MTB 2358-ES","sameAs":["https:\/\/jornalfatosenoticias.com.br"],"url":"https:\/\/jornalfatosenoticias.com.br\/index.php\/author\/luzimara\/"}]}},"cc_featured_image_caption":{"caption_text":"(Foto: Rodrigo Soldon Souza\/Flick\/CC BY-NC-ND 2.0) ","source_text":"","source_url":""},"jetpack_featured_media_url":"https:\/\/jornalfatosenoticias.com.br\/wp-content\/uploads\/2022\/02\/animais-silvestres_trafico.jpg","_links":{"self":[{"href":"https:\/\/jornalfatosenoticias.com.br\/index.php\/wp-json\/wp\/v2\/posts\/27446","targetHints":{"allow":["GET"]}}],"collection":[{"href":"https:\/\/jornalfatosenoticias.com.br\/index.php\/wp-json\/wp\/v2\/posts"}],"about":[{"href":"https:\/\/jornalfatosenoticias.com.br\/index.php\/wp-json\/wp\/v2\/types\/post"}],"author":[{"embeddable":true,"href":"https:\/\/jornalfatosenoticias.com.br\/index.php\/wp-json\/wp\/v2\/users\/2"}],"replies":[{"embeddable":true,"href":"https:\/\/jornalfatosenoticias.com.br\/index.php\/wp-json\/wp\/v2\/comments?post=27446"}],"version-history":[{"count":0,"href":"https:\/\/jornalfatosenoticias.com.br\/index.php\/wp-json\/wp\/v2\/posts\/27446\/revisions"}],"wp:featuredmedia":[{"embeddable":true,"href":"https:\/\/jornalfatosenoticias.com.br\/index.php\/wp-json\/wp\/v2\/media\/27447"}],"wp:attachment":[{"href":"https:\/\/jornalfatosenoticias.com.br\/index.php\/wp-json\/wp\/v2\/media?parent=27446"}],"wp:term":[{"taxonomy":"category","embeddable":true,"href":"https:\/\/jornalfatosenoticias.com.br\/index.php\/wp-json\/wp\/v2\/categories?post=27446"},{"taxonomy":"post_tag","embeddable":true,"href":"https:\/\/jornalfatosenoticias.com.br\/index.php\/wp-json\/wp\/v2\/tags?post=27446"}],"curies":[{"name":"wp","href":"https:\/\/api.w.org\/{rel}","templated":true}]}}