{"id":27555,"date":"2022-02-04T14:17:30","date_gmt":"2022-02-04T17:17:30","guid":{"rendered":"https:\/\/jornalfatosenoticias.com.br\/?p=27555"},"modified":"2022-02-04T14:17:34","modified_gmt":"2022-02-04T17:17:34","slug":"arqueologos-descobrem-capacetes-gregos-usados-em-batalha-ha-2-500-anos","status":"publish","type":"post","link":"https:\/\/jornalfatosenoticias.com.br\/index.php\/2022\/02\/04\/arqueologos-descobrem-capacetes-gregos-usados-em-batalha-ha-2-500-anos\/","title":{"rendered":"Arque\u00f3logos descobrem capacetes gregos usados em batalha h\u00e1 2.500 anos"},"content":{"rendered":"\n<p><em><span class=\"has-inline-color has-black-color\">As escava\u00e7\u00f5es aconteceram em Velia, no sul da It\u00e1lia, na regi\u00e3o do grande s\u00edtio arqueol\u00f3gico de Pesto<\/span><\/em><\/p>\n\n\n\n<p>Al\u00e9m de dois capacetes em <strong>\u00f3timo estado de conserva\u00e7\u00e3o<\/strong>, os arque\u00f3logos encontraram fragmentos de pe\u00e7as de metal, provavelmente armas, da \u00e9poca da\u00a0<a href=\"https:\/\/br.sputniknews.com\/20220120\/residencia-da-grecia-antiga-de-mais-de-2500-anos-e-encontrada-na-bulgaria-21097356.html\" target=\"_blank\" rel=\"noreferrer noopener\">Batalha de Al\u00e1lia, que aconteceu entre os anos de 540 a.C. e 535 a.C.<\/a> Tamb\u00e9m foram encontradas as ru\u00ednas de um templo na antiga col\u00f4nia grega.<br>A batalha entre for\u00e7as gregas e a alian\u00e7a dos etruscos e cartagineses no s\u00e9culo VI a.C. aconteceu na costa da C\u00f3rsega. Uma frota de cerca de <strong>120 navios<\/strong> foi derrotada pelos gregos. Os especialistas acreditam que um dos capacetes encontrados tenha sido usado por um soldado grego e o outro era parte do uniforme dos etruscos e cartagineses.<br>No templo foram encontrados vasos com inscri\u00e7\u00f5es em grego significando &#8220;sagrado&#8221;. Os arque\u00f3logos acreditam que a constru\u00e7\u00e3o ficava localizada na <strong>acr\u00f3pole<\/strong>, a parte mais alta e nobre das cidades gregas antigas, de Velia.<\/p>\n\n\n\n<figure class=\"wp-block-image size-large\"><img loading=\"lazy\" decoding=\"async\" width=\"1000\" height=\"750\" src=\"https:\/\/jornalfatosenoticias.com.br\/wp-content\/uploads\/2022\/02\/capacetes-gregos.jpg\" alt=\"\" class=\"wp-image-27557\" srcset=\"https:\/\/jornalfatosenoticias.com.br\/wp-content\/uploads\/2022\/02\/capacetes-gregos.jpg 1000w, https:\/\/jornalfatosenoticias.com.br\/wp-content\/uploads\/2022\/02\/capacetes-gregos-300x225.jpg 300w, https:\/\/jornalfatosenoticias.com.br\/wp-content\/uploads\/2022\/02\/capacetes-gregos-768x576.jpg 768w\" sizes=\"auto, (max-width: 1000px) 100vw, 1000px\" \/><figcaption><em><span class=\"has-inline-color has-black-color\"> Vista a\u00e9rea da acr\u00f3pole de Velia, antiga col\u00f4nia grega na It\u00e1lia<\/span><\/em> <em><span class=\"has-inline-color has-black-color\">(Foto: S\u00edtio Arqueol\u00f3gico de Pesto e Velia)<\/span><\/em><\/figcaption><\/figure>\n\n\n\n<p>De acordo com <a href=\"https:\/\/www.theguardian.com\/world\/2022\/feb\/01\/archaeologists-uncover-ancient-helmets-and-temple-ruins-in-southern-italy\" target=\"_blank\" rel=\"noreferrer noopener\">reportagem<\/a>\u00a0do The Guardian, o\u00a0<a href=\"https:\/\/br.sputniknews.com\/20211229\/encontrado-submarino-italiano-da-2-guerra-mundial-a-100-metros-de-profundidade-na-grecia-fotos-20859397.html\" target=\"_blank\" rel=\"noreferrer noopener\">diretor-geral dos museus italianos<\/a>\u00a0Massimo Osanna disse que os artefatos encontrados no templo eram partes de\u00a0<a href=\"https:\/\/br.sputniknews.com\/20220110\/arqueologos-espanhois-afirmam-ter-descoberto-templo-do-heroi-mitologico-hercules-20973217.html\" target=\"_blank\" rel=\"noreferrer noopener\">oferendas a Atena, a deusa grega da sabedoria<\/a>, enviadas pelos soldados ap\u00f3s a vit\u00f3ria na\u00a0<strong>Batalha de Al\u00e1lia<\/strong>. Ap\u00f3s a vit\u00f3ria, os gregos seguiram para o sul da It\u00e1lia e foi quando fundaram a cidade de Velia.<\/p>\n\n\n\n<blockquote class=\"wp-block-quote is-layout-flow wp-block-quote-is-layout-flow\"><p><span class=\"has-inline-color has-luminous-vivid-orange-color\">&#8220;[As novas descobertas] revelam um novo olhar sobre a hist\u00f3ria da poderosa col\u00f4nia grega&#8221;, comemorou Massimo Osanna.<\/span><\/p><\/blockquote>\n\n\n\n<figure class=\"wp-block-image size-large\"><img loading=\"lazy\" decoding=\"async\" width=\"1000\" height=\"562\" src=\"https:\/\/jornalfatosenoticias.com.br\/wp-content\/uploads\/2022\/02\/capacete-grego-3.jpg\" alt=\"\" class=\"wp-image-27558\" srcset=\"https:\/\/jornalfatosenoticias.com.br\/wp-content\/uploads\/2022\/02\/capacete-grego-3.jpg 1000w, https:\/\/jornalfatosenoticias.com.br\/wp-content\/uploads\/2022\/02\/capacete-grego-3-300x169.jpg 300w, https:\/\/jornalfatosenoticias.com.br\/wp-content\/uploads\/2022\/02\/capacete-grego-3-768x432.jpg 768w\" sizes=\"auto, (max-width: 1000px) 100vw, 1000px\" \/><figcaption><em><span class=\"has-inline-color has-black-color\">(Foto: S\u00edtio Arqueol\u00f3gico de Pesto e Velia)<\/span><\/em><\/figcaption><\/figure>\n\n\n\n<p>O ministro da Cultura da It\u00e1lia, Dario Franceschini, afirmou que a recente descoberta refor\u00e7a a import\u00e2ncia de <strong>&#8220;continuar investindo em pesquisas&#8221;.<\/strong><\/p>\n\n\n\n<p><strong><em>Fonte: <a href=\"https:\/\/br.sputniknews.com\/20220202\/arqueologos-descobrem-capacetes-gregos-usados-em-batalha-ha-2500-anos-21245045.html\">Sputnik News Brasil<\/a><\/em><\/strong><\/p>\n","protected":false},"excerpt":{"rendered":"<p>As escava\u00e7\u00f5es aconteceram em Velia, no sul da It\u00e1lia, na regi\u00e3o do grande s\u00edtio arqueol\u00f3gico de Pesto Al\u00e9m de dois capacetes em \u00f3timo estado de conserva\u00e7\u00e3o, os arque\u00f3logos encontraram fragmentos de pe\u00e7as de metal, provavelmente armas, da \u00e9poca da\u00a0Batalha de Al\u00e1lia, que aconteceu entre os anos de 540 a.C. e 535 a.C. Tamb\u00e9m foram encontradas [&hellip;]<\/p>\n","protected":false},"author":2,"featured_media":27556,"comment_status":"open","ping_status":"open","sticky":false,"template":"","format":"standard","meta":{"footnotes":""},"categories":[9808],"tags":[1478,13151,3976,4491,124],"class_list":["post-27555","post","type-post","status-publish","format-standard","has-post-thumbnail","hentry","category-paleo-arqueologia","tag-arqueologia","tag-capacetes-gregos","tag-grecia-antiga","tag-guerra","tag-italia"],"yoast_head":"<!-- This site is optimized with the Yoast SEO plugin v26.5 - https:\/\/yoast.com\/wordpress\/plugins\/seo\/ -->\n<title>Arque\u00f3logos descobrem capacetes gregos usados em batalha h\u00e1 2.500 anos - Jornal Fatos e Not\u00edcias<\/title>\n<meta name=\"robots\" content=\"index, follow, max-snippet:-1, max-image-preview:large, max-video-preview:-1\" \/>\n<link rel=\"canonical\" href=\"https:\/\/jornalfatosenoticias.com.br\/index.php\/2022\/02\/04\/arqueologos-descobrem-capacetes-gregos-usados-em-batalha-ha-2-500-anos\/\" \/>\n<meta property=\"og:locale\" content=\"pt_BR\" \/>\n<meta property=\"og:type\" content=\"article\" \/>\n<meta property=\"og:title\" content=\"Arque\u00f3logos descobrem capacetes gregos usados em batalha h\u00e1 2.500 anos - Jornal Fatos e Not\u00edcias\" \/>\n<meta property=\"og:description\" content=\"As escava\u00e7\u00f5es aconteceram em Velia, no sul da It\u00e1lia, na regi\u00e3o do grande s\u00edtio arqueol\u00f3gico de Pesto Al\u00e9m de dois capacetes em \u00f3timo estado de conserva\u00e7\u00e3o, os arque\u00f3logos encontraram fragmentos de pe\u00e7as de metal, provavelmente armas, da \u00e9poca da\u00a0Batalha de Al\u00e1lia, que aconteceu entre os anos de 540 a.C. e 535 a.C. Tamb\u00e9m foram encontradas [&hellip;]\" \/>\n<meta property=\"og:url\" content=\"https:\/\/jornalfatosenoticias.com.br\/index.php\/2022\/02\/04\/arqueologos-descobrem-capacetes-gregos-usados-em-batalha-ha-2-500-anos\/\" \/>\n<meta property=\"og:site_name\" content=\"Jornal Fatos e Not\u00edcias\" \/>\n<meta property=\"article:published_time\" content=\"2022-02-04T17:17:30+00:00\" \/>\n<meta property=\"article:modified_time\" content=\"2022-02-04T17:17:34+00:00\" \/>\n<meta property=\"og:image\" content=\"https:\/\/jornalfatosenoticias.com.br\/wp-content\/uploads\/2022\/02\/capacete-gregos2.jpg\" \/>\n\t<meta property=\"og:image:width\" content=\"1000\" \/>\n\t<meta property=\"og:image:height\" content=\"562\" \/>\n\t<meta property=\"og:image:type\" content=\"image\/jpeg\" \/>\n<meta name=\"author\" content=\"Luzimara Fernandes\" \/>\n<meta name=\"twitter:card\" content=\"summary_large_image\" \/>\n<meta name=\"twitter:label1\" content=\"Escrito por\" \/>\n\t<meta name=\"twitter:data1\" content=\"Luzimara Fernandes\" \/>\n\t<meta name=\"twitter:label2\" content=\"Est. tempo de leitura\" \/>\n\t<meta name=\"twitter:data2\" content=\"2 minutos\" \/>\n<script type=\"application\/ld+json\" class=\"yoast-schema-graph\">{\"@context\":\"https:\/\/schema.org\",\"@graph\":[{\"@type\":\"Article\",\"@id\":\"https:\/\/jornalfatosenoticias.com.br\/index.php\/2022\/02\/04\/arqueologos-descobrem-capacetes-gregos-usados-em-batalha-ha-2-500-anos\/#article\",\"isPartOf\":{\"@id\":\"https:\/\/jornalfatosenoticias.com.br\/index.php\/2022\/02\/04\/arqueologos-descobrem-capacetes-gregos-usados-em-batalha-ha-2-500-anos\/\"},\"author\":{\"name\":\"Luzimara Fernandes\",\"@id\":\"https:\/\/jornalfatosenoticias.com.br\/#\/schema\/person\/d63837fa13ac8666eb9e74e0985d6f81\"},\"headline\":\"Arque\u00f3logos descobrem capacetes gregos usados em batalha h\u00e1 2.500 anos\",\"datePublished\":\"2022-02-04T17:17:30+00:00\",\"dateModified\":\"2022-02-04T17:17:34+00:00\",\"mainEntityOfPage\":{\"@id\":\"https:\/\/jornalfatosenoticias.com.br\/index.php\/2022\/02\/04\/arqueologos-descobrem-capacetes-gregos-usados-em-batalha-ha-2-500-anos\/\"},\"wordCount\":334,\"commentCount\":0,\"publisher\":{\"@id\":\"https:\/\/jornalfatosenoticias.com.br\/#organization\"},\"image\":{\"@id\":\"https:\/\/jornalfatosenoticias.com.br\/index.php\/2022\/02\/04\/arqueologos-descobrem-capacetes-gregos-usados-em-batalha-ha-2-500-anos\/#primaryimage\"},\"thumbnailUrl\":\"https:\/\/jornalfatosenoticias.com.br\/wp-content\/uploads\/2022\/02\/capacete-gregos2.jpg\",\"keywords\":[\"arqueologia\",\"capacetes gregos\",\"Gr\u00e9cia Antiga\",\"guerra\",\"It\u00e1lia\"],\"articleSection\":[\"Paleo &amp; Arqueologia\"],\"inLanguage\":\"pt-BR\",\"potentialAction\":[{\"@type\":\"CommentAction\",\"name\":\"Comment\",\"target\":[\"https:\/\/jornalfatosenoticias.com.br\/index.php\/2022\/02\/04\/arqueologos-descobrem-capacetes-gregos-usados-em-batalha-ha-2-500-anos\/#respond\"]}]},{\"@type\":\"WebPage\",\"@id\":\"https:\/\/jornalfatosenoticias.com.br\/index.php\/2022\/02\/04\/arqueologos-descobrem-capacetes-gregos-usados-em-batalha-ha-2-500-anos\/\",\"url\":\"https:\/\/jornalfatosenoticias.com.br\/index.php\/2022\/02\/04\/arqueologos-descobrem-capacetes-gregos-usados-em-batalha-ha-2-500-anos\/\",\"name\":\"Arque\u00f3logos descobrem capacetes gregos usados em batalha h\u00e1 2.500 anos - Jornal Fatos e Not\u00edcias\",\"isPartOf\":{\"@id\":\"https:\/\/jornalfatosenoticias.com.br\/#website\"},\"primaryImageOfPage\":{\"@id\":\"https:\/\/jornalfatosenoticias.com.br\/index.php\/2022\/02\/04\/arqueologos-descobrem-capacetes-gregos-usados-em-batalha-ha-2-500-anos\/#primaryimage\"},\"image\":{\"@id\":\"https:\/\/jornalfatosenoticias.com.br\/index.php\/2022\/02\/04\/arqueologos-descobrem-capacetes-gregos-usados-em-batalha-ha-2-500-anos\/#primaryimage\"},\"thumbnailUrl\":\"https:\/\/jornalfatosenoticias.com.br\/wp-content\/uploads\/2022\/02\/capacete-gregos2.jpg\",\"datePublished\":\"2022-02-04T17:17:30+00:00\",\"dateModified\":\"2022-02-04T17:17:34+00:00\",\"breadcrumb\":{\"@id\":\"https:\/\/jornalfatosenoticias.com.br\/index.php\/2022\/02\/04\/arqueologos-descobrem-capacetes-gregos-usados-em-batalha-ha-2-500-anos\/#breadcrumb\"},\"inLanguage\":\"pt-BR\",\"potentialAction\":[{\"@type\":\"ReadAction\",\"target\":[\"https:\/\/jornalfatosenoticias.com.br\/index.php\/2022\/02\/04\/arqueologos-descobrem-capacetes-gregos-usados-em-batalha-ha-2-500-anos\/\"]}]},{\"@type\":\"ImageObject\",\"inLanguage\":\"pt-BR\",\"@id\":\"https:\/\/jornalfatosenoticias.com.br\/index.php\/2022\/02\/04\/arqueologos-descobrem-capacetes-gregos-usados-em-batalha-ha-2-500-anos\/#primaryimage\",\"url\":\"https:\/\/jornalfatosenoticias.com.br\/wp-content\/uploads\/2022\/02\/capacete-gregos2.jpg\",\"contentUrl\":\"https:\/\/jornalfatosenoticias.com.br\/wp-content\/uploads\/2022\/02\/capacete-gregos2.jpg\",\"width\":1000,\"height\":562},{\"@type\":\"BreadcrumbList\",\"@id\":\"https:\/\/jornalfatosenoticias.com.br\/index.php\/2022\/02\/04\/arqueologos-descobrem-capacetes-gregos-usados-em-batalha-ha-2-500-anos\/#breadcrumb\",\"itemListElement\":[{\"@type\":\"ListItem\",\"position\":1,\"name\":\"In\u00edcio\",\"item\":\"https:\/\/jornalfatosenoticias.com.br\/\"},{\"@type\":\"ListItem\",\"position\":2,\"name\":\"Arque\u00f3logos descobrem capacetes gregos usados em batalha h\u00e1 2.500 anos\"}]},{\"@type\":\"WebSite\",\"@id\":\"https:\/\/jornalfatosenoticias.com.br\/#website\",\"url\":\"https:\/\/jornalfatosenoticias.com.br\/\",\"name\":\"Jornal Fatos e Not\u00edcias\",\"description\":\"Not\u00edcias em geral\",\"publisher\":{\"@id\":\"https:\/\/jornalfatosenoticias.com.br\/#organization\"},\"potentialAction\":[{\"@type\":\"SearchAction\",\"target\":{\"@type\":\"EntryPoint\",\"urlTemplate\":\"https:\/\/jornalfatosenoticias.com.br\/?s={search_term_string}\"},\"query-input\":{\"@type\":\"PropertyValueSpecification\",\"valueRequired\":true,\"valueName\":\"search_term_string\"}}],\"inLanguage\":\"pt-BR\"},{\"@type\":\"Organization\",\"@id\":\"https:\/\/jornalfatosenoticias.com.br\/#organization\",\"name\":\"Jornal Fatos e Not\u00edcias\",\"url\":\"https:\/\/jornalfatosenoticias.com.br\/\",\"logo\":{\"@type\":\"ImageObject\",\"inLanguage\":\"pt-BR\",\"@id\":\"https:\/\/jornalfatosenoticias.com.br\/#\/schema\/logo\/image\/\",\"url\":\"https:\/\/jornalfatosenoticias.com.br\/wp-content\/uploads\/2020\/02\/logo120.png\",\"contentUrl\":\"https:\/\/jornalfatosenoticias.com.br\/wp-content\/uploads\/2020\/02\/logo120.png\",\"width\":1227,\"height\":120,\"caption\":\"Jornal Fatos e Not\u00edcias\"},\"image\":{\"@id\":\"https:\/\/jornalfatosenoticias.com.br\/#\/schema\/logo\/image\/\"}},{\"@type\":\"Person\",\"@id\":\"https:\/\/jornalfatosenoticias.com.br\/#\/schema\/person\/d63837fa13ac8666eb9e74e0985d6f81\",\"name\":\"Luzimara Fernandes\",\"image\":{\"@type\":\"ImageObject\",\"inLanguage\":\"pt-BR\",\"@id\":\"https:\/\/jornalfatosenoticias.com.br\/#\/schema\/person\/image\/\",\"url\":\"https:\/\/jornalfatosenoticias.com.br\/wp-content\/uploads\/2025\/05\/EU_portal.jpg\",\"contentUrl\":\"https:\/\/jornalfatosenoticias.com.br\/wp-content\/uploads\/2025\/05\/EU_portal.jpg\",\"caption\":\"Luzimara Fernandes\"},\"description\":\"Jornalista MTB 2358-ES\",\"sameAs\":[\"https:\/\/jornalfatosenoticias.com.br\"],\"url\":\"https:\/\/jornalfatosenoticias.com.br\/index.php\/author\/luzimara\/\"}]}<\/script>\n<!-- \/ Yoast SEO plugin. -->","yoast_head_json":{"title":"Arque\u00f3logos descobrem capacetes gregos usados em batalha h\u00e1 2.500 anos - Jornal Fatos e Not\u00edcias","robots":{"index":"index","follow":"follow","max-snippet":"max-snippet:-1","max-image-preview":"max-image-preview:large","max-video-preview":"max-video-preview:-1"},"canonical":"https:\/\/jornalfatosenoticias.com.br\/index.php\/2022\/02\/04\/arqueologos-descobrem-capacetes-gregos-usados-em-batalha-ha-2-500-anos\/","og_locale":"pt_BR","og_type":"article","og_title":"Arque\u00f3logos descobrem capacetes gregos usados em batalha h\u00e1 2.500 anos - Jornal Fatos e Not\u00edcias","og_description":"As escava\u00e7\u00f5es aconteceram em Velia, no sul da It\u00e1lia, na regi\u00e3o do grande s\u00edtio arqueol\u00f3gico de Pesto Al\u00e9m de dois capacetes em \u00f3timo estado de conserva\u00e7\u00e3o, os arque\u00f3logos encontraram fragmentos de pe\u00e7as de metal, provavelmente armas, da \u00e9poca da\u00a0Batalha de Al\u00e1lia, que aconteceu entre os anos de 540 a.C. e 535 a.C. Tamb\u00e9m foram encontradas [&hellip;]","og_url":"https:\/\/jornalfatosenoticias.com.br\/index.php\/2022\/02\/04\/arqueologos-descobrem-capacetes-gregos-usados-em-batalha-ha-2-500-anos\/","og_site_name":"Jornal Fatos e Not\u00edcias","article_published_time":"2022-02-04T17:17:30+00:00","article_modified_time":"2022-02-04T17:17:34+00:00","og_image":[{"width":1000,"height":562,"url":"https:\/\/jornalfatosenoticias.com.br\/wp-content\/uploads\/2022\/02\/capacete-gregos2.jpg","type":"image\/jpeg"}],"author":"Luzimara Fernandes","twitter_card":"summary_large_image","twitter_misc":{"Escrito por":"Luzimara Fernandes","Est. tempo de leitura":"2 minutos"},"schema":{"@context":"https:\/\/schema.org","@graph":[{"@type":"Article","@id":"https:\/\/jornalfatosenoticias.com.br\/index.php\/2022\/02\/04\/arqueologos-descobrem-capacetes-gregos-usados-em-batalha-ha-2-500-anos\/#article","isPartOf":{"@id":"https:\/\/jornalfatosenoticias.com.br\/index.php\/2022\/02\/04\/arqueologos-descobrem-capacetes-gregos-usados-em-batalha-ha-2-500-anos\/"},"author":{"name":"Luzimara Fernandes","@id":"https:\/\/jornalfatosenoticias.com.br\/#\/schema\/person\/d63837fa13ac8666eb9e74e0985d6f81"},"headline":"Arque\u00f3logos descobrem capacetes gregos usados em batalha h\u00e1 2.500 anos","datePublished":"2022-02-04T17:17:30+00:00","dateModified":"2022-02-04T17:17:34+00:00","mainEntityOfPage":{"@id":"https:\/\/jornalfatosenoticias.com.br\/index.php\/2022\/02\/04\/arqueologos-descobrem-capacetes-gregos-usados-em-batalha-ha-2-500-anos\/"},"wordCount":334,"commentCount":0,"publisher":{"@id":"https:\/\/jornalfatosenoticias.com.br\/#organization"},"image":{"@id":"https:\/\/jornalfatosenoticias.com.br\/index.php\/2022\/02\/04\/arqueologos-descobrem-capacetes-gregos-usados-em-batalha-ha-2-500-anos\/#primaryimage"},"thumbnailUrl":"https:\/\/jornalfatosenoticias.com.br\/wp-content\/uploads\/2022\/02\/capacete-gregos2.jpg","keywords":["arqueologia","capacetes gregos","Gr\u00e9cia Antiga","guerra","It\u00e1lia"],"articleSection":["Paleo &amp; Arqueologia"],"inLanguage":"pt-BR","potentialAction":[{"@type":"CommentAction","name":"Comment","target":["https:\/\/jornalfatosenoticias.com.br\/index.php\/2022\/02\/04\/arqueologos-descobrem-capacetes-gregos-usados-em-batalha-ha-2-500-anos\/#respond"]}]},{"@type":"WebPage","@id":"https:\/\/jornalfatosenoticias.com.br\/index.php\/2022\/02\/04\/arqueologos-descobrem-capacetes-gregos-usados-em-batalha-ha-2-500-anos\/","url":"https:\/\/jornalfatosenoticias.com.br\/index.php\/2022\/02\/04\/arqueologos-descobrem-capacetes-gregos-usados-em-batalha-ha-2-500-anos\/","name":"Arque\u00f3logos descobrem capacetes gregos usados em batalha h\u00e1 2.500 anos - Jornal Fatos e Not\u00edcias","isPartOf":{"@id":"https:\/\/jornalfatosenoticias.com.br\/#website"},"primaryImageOfPage":{"@id":"https:\/\/jornalfatosenoticias.com.br\/index.php\/2022\/02\/04\/arqueologos-descobrem-capacetes-gregos-usados-em-batalha-ha-2-500-anos\/#primaryimage"},"image":{"@id":"https:\/\/jornalfatosenoticias.com.br\/index.php\/2022\/02\/04\/arqueologos-descobrem-capacetes-gregos-usados-em-batalha-ha-2-500-anos\/#primaryimage"},"thumbnailUrl":"https:\/\/jornalfatosenoticias.com.br\/wp-content\/uploads\/2022\/02\/capacete-gregos2.jpg","datePublished":"2022-02-04T17:17:30+00:00","dateModified":"2022-02-04T17:17:34+00:00","breadcrumb":{"@id":"https:\/\/jornalfatosenoticias.com.br\/index.php\/2022\/02\/04\/arqueologos-descobrem-capacetes-gregos-usados-em-batalha-ha-2-500-anos\/#breadcrumb"},"inLanguage":"pt-BR","potentialAction":[{"@type":"ReadAction","target":["https:\/\/jornalfatosenoticias.com.br\/index.php\/2022\/02\/04\/arqueologos-descobrem-capacetes-gregos-usados-em-batalha-ha-2-500-anos\/"]}]},{"@type":"ImageObject","inLanguage":"pt-BR","@id":"https:\/\/jornalfatosenoticias.com.br\/index.php\/2022\/02\/04\/arqueologos-descobrem-capacetes-gregos-usados-em-batalha-ha-2-500-anos\/#primaryimage","url":"https:\/\/jornalfatosenoticias.com.br\/wp-content\/uploads\/2022\/02\/capacete-gregos2.jpg","contentUrl":"https:\/\/jornalfatosenoticias.com.br\/wp-content\/uploads\/2022\/02\/capacete-gregos2.jpg","width":1000,"height":562},{"@type":"BreadcrumbList","@id":"https:\/\/jornalfatosenoticias.com.br\/index.php\/2022\/02\/04\/arqueologos-descobrem-capacetes-gregos-usados-em-batalha-ha-2-500-anos\/#breadcrumb","itemListElement":[{"@type":"ListItem","position":1,"name":"In\u00edcio","item":"https:\/\/jornalfatosenoticias.com.br\/"},{"@type":"ListItem","position":2,"name":"Arque\u00f3logos descobrem capacetes gregos usados em batalha h\u00e1 2.500 anos"}]},{"@type":"WebSite","@id":"https:\/\/jornalfatosenoticias.com.br\/#website","url":"https:\/\/jornalfatosenoticias.com.br\/","name":"Jornal Fatos e Not\u00edcias","description":"Not\u00edcias em geral","publisher":{"@id":"https:\/\/jornalfatosenoticias.com.br\/#organization"},"potentialAction":[{"@type":"SearchAction","target":{"@type":"EntryPoint","urlTemplate":"https:\/\/jornalfatosenoticias.com.br\/?s={search_term_string}"},"query-input":{"@type":"PropertyValueSpecification","valueRequired":true,"valueName":"search_term_string"}}],"inLanguage":"pt-BR"},{"@type":"Organization","@id":"https:\/\/jornalfatosenoticias.com.br\/#organization","name":"Jornal Fatos e Not\u00edcias","url":"https:\/\/jornalfatosenoticias.com.br\/","logo":{"@type":"ImageObject","inLanguage":"pt-BR","@id":"https:\/\/jornalfatosenoticias.com.br\/#\/schema\/logo\/image\/","url":"https:\/\/jornalfatosenoticias.com.br\/wp-content\/uploads\/2020\/02\/logo120.png","contentUrl":"https:\/\/jornalfatosenoticias.com.br\/wp-content\/uploads\/2020\/02\/logo120.png","width":1227,"height":120,"caption":"Jornal Fatos e Not\u00edcias"},"image":{"@id":"https:\/\/jornalfatosenoticias.com.br\/#\/schema\/logo\/image\/"}},{"@type":"Person","@id":"https:\/\/jornalfatosenoticias.com.br\/#\/schema\/person\/d63837fa13ac8666eb9e74e0985d6f81","name":"Luzimara Fernandes","image":{"@type":"ImageObject","inLanguage":"pt-BR","@id":"https:\/\/jornalfatosenoticias.com.br\/#\/schema\/person\/image\/","url":"https:\/\/jornalfatosenoticias.com.br\/wp-content\/uploads\/2025\/05\/EU_portal.jpg","contentUrl":"https:\/\/jornalfatosenoticias.com.br\/wp-content\/uploads\/2025\/05\/EU_portal.jpg","caption":"Luzimara Fernandes"},"description":"Jornalista MTB 2358-ES","sameAs":["https:\/\/jornalfatosenoticias.com.br"],"url":"https:\/\/jornalfatosenoticias.com.br\/index.php\/author\/luzimara\/"}]}},"cc_featured_image_caption":{"caption_text":"(Foto: S\u00edtio Arqueol\u00f3gico de Pesto e Velia)","source_text":"","source_url":""},"jetpack_featured_media_url":"https:\/\/jornalfatosenoticias.com.br\/wp-content\/uploads\/2022\/02\/capacete-gregos2.jpg","_links":{"self":[{"href":"https:\/\/jornalfatosenoticias.com.br\/index.php\/wp-json\/wp\/v2\/posts\/27555","targetHints":{"allow":["GET"]}}],"collection":[{"href":"https:\/\/jornalfatosenoticias.com.br\/index.php\/wp-json\/wp\/v2\/posts"}],"about":[{"href":"https:\/\/jornalfatosenoticias.com.br\/index.php\/wp-json\/wp\/v2\/types\/post"}],"author":[{"embeddable":true,"href":"https:\/\/jornalfatosenoticias.com.br\/index.php\/wp-json\/wp\/v2\/users\/2"}],"replies":[{"embeddable":true,"href":"https:\/\/jornalfatosenoticias.com.br\/index.php\/wp-json\/wp\/v2\/comments?post=27555"}],"version-history":[{"count":0,"href":"https:\/\/jornalfatosenoticias.com.br\/index.php\/wp-json\/wp\/v2\/posts\/27555\/revisions"}],"wp:featuredmedia":[{"embeddable":true,"href":"https:\/\/jornalfatosenoticias.com.br\/index.php\/wp-json\/wp\/v2\/media\/27556"}],"wp:attachment":[{"href":"https:\/\/jornalfatosenoticias.com.br\/index.php\/wp-json\/wp\/v2\/media?parent=27555"}],"wp:term":[{"taxonomy":"category","embeddable":true,"href":"https:\/\/jornalfatosenoticias.com.br\/index.php\/wp-json\/wp\/v2\/categories?post=27555"},{"taxonomy":"post_tag","embeddable":true,"href":"https:\/\/jornalfatosenoticias.com.br\/index.php\/wp-json\/wp\/v2\/tags?post=27555"}],"curies":[{"name":"wp","href":"https:\/\/api.w.org\/{rel}","templated":true}]}}