{"id":27560,"date":"2022-02-04T14:27:11","date_gmt":"2022-02-04T17:27:11","guid":{"rendered":"https:\/\/jornalfatosenoticias.com.br\/?p=27560"},"modified":"2022-02-04T14:27:12","modified_gmt":"2022-02-04T17:27:12","slug":"presidente-oficializa-reajuste-de-3323-para-professores","status":"publish","type":"post","link":"https:\/\/jornalfatosenoticias.com.br\/index.php\/2022\/02\/04\/presidente-oficializa-reajuste-de-3323-para-professores\/","title":{"rendered":"Presidente oficializa reajuste de 33,23% para professores"},"content":{"rendered":"\n<p><em><span class=\"has-inline-color has-black-color\">Confedera\u00e7\u00e3o dos munic\u00edpios criticou medida<\/span><\/em><\/p>\n\n\n\n<p>Uma cerim\u00f4nia no Pal\u00e1cio do Planalto, nesta sexta-feira (4), oficializou o reajuste de 33,23% para professores da rede p\u00fablica de educa\u00e7\u00e3o b\u00e1sica. A portaria, assinada pelo ministro da Educa\u00e7\u00e3o, Milton Ribeiro, e pelo presidente Jair Bolsonaro, eleva de R$ 2.886 para R$ 3.845 o piso salarial nacional da categoria.<br>Al\u00e9m do reajuste, foram lan\u00e7ados no evento dois editais com a oferta de 168 mil vagas em cursos de gradua\u00e7\u00e3o e p\u00f3s-gradua\u00e7\u00e3o para forma\u00e7\u00e3o de professores. O primeiro \u00e9 o da Universidade Aberta do Brasil (UAB) e o segundo edital \u00e9 do Programa Nacional de Forma\u00e7\u00e3o de Professores da Educa\u00e7\u00e3o B\u00e1sica (Parfor).<\/p>\n\n\n\n<blockquote class=\"wp-block-quote is-layout-flow wp-block-quote-is-layout-flow\"><p><span class=\"has-inline-color has-luminous-vivid-orange-color\">\u201cEm 2021 o protagonismo foi dos profissionais da sa\u00fade, em 2022, o protagonismo ser\u00e1 dos profissionais de educa\u00e7\u00e3o. Chega de usar os professores e profissionais de educa\u00e7\u00e3o apenas como massa de manobra pol\u00edtico-eleitoral. Est\u00e1 na hora de a\u00e7\u00f5es diretas. E uma a\u00e7\u00e3o direta \u00e9 essa, que respeita o profissional e d\u00e1 a ele um ganho a mais nessa situa\u00e7\u00e3o\u201d, ressaltou o ministro da Educa\u00e7\u00e3o na cerim\u00f4nia.<\/span><\/p><\/blockquote>\n\n\n\n<p><strong><span class=\"has-inline-color has-vivid-red-color\">Piso<br><\/span><\/strong>O piso se aplica a profissionais com forma\u00e7\u00e3o em magist\u00e9rio em n\u00edvel m\u00e9dio &#8211; vinculados a institui\u00e7\u00f5es de ensino infantil, fundamental e m\u00e9dio das redes federal, estadual e municipal &#8211; que t\u00eam carga hor\u00e1ria de trabalho de 40 horas semanais. Segundo a Confedera\u00e7\u00e3o Nacional dos Trabalhadores em Educa\u00e7\u00e3o (CNTE), a medida abrange professores, diretores, coordenadores, inspetores, supervisores, orientadores e planejadores escolares em in\u00edcio de carreira. Segundo o Minist\u00e9rio da Educa\u00e7\u00e3o (MEC), mais de 1,7 milh\u00e3o de profissionais ser\u00e3o impactados.<br>O reajuste est\u00e1 previsto em lei de 2008. Segundo o texto, o valor m\u00ednimo para os docentes da educa\u00e7\u00e3o b\u00e1sica deve ser reajustado anualmente em janeiro. Segundo entendimento da CNTE e do governo federal, o reajuste \u00e9 autom\u00e1tico e dever\u00e1 constar do sal\u00e1rio referente ao m\u00eas de janeiro, a ser pago em fevereiro. Mas na pr\u00e1tica n\u00e3o deve ser assim j\u00e1 que os munic\u00edpios t\u00eam alegado dificuldades financeiras para arcar com esse reajuste.<\/p>\n\n\n\n<p><strong><span class=\"has-inline-color has-vivid-red-color\">Diverg\u00eancias<br><\/span><\/strong>Um dia depois de o presidente Jair Bolsonaro adiantar o valor de reajuste do piso, a Confedera\u00e7\u00e3o Nacional dos Munic\u00edpios (CNM) criticou a medida afirmando que o Executivo federal coloca \u201cem primeiro lugar uma disputa eleitoral\u201d e joga a educa\u00e7\u00e3o \u201cpelo ralo\u201d.<br>\u00c0 \u00e9poca, <strong><a href=\"https:\/\/www.cnm.org.br\/comunicacao\/noticias\/nota-da-cnm-sobre-aumento-do-piso-do-magisterio-2022\" target=\"_blank\" rel=\"noreferrer noopener\">por meio de nota<\/a>,<\/strong> o presidente da entidade, Paulo Ziulkoski, destacou que o crit\u00e9rio de reajuste anual do piso do magist\u00e9rio foi revogado com a Lei 14.113\/2020, que regulamentou o novo Fundo de Manutenc\u0327a\u0303o e Desenvolvimento da Educac\u0327a\u0303o Ba\u0301sica e de Valorizac\u0327a\u0303o dos Profissionais da Educac\u0327a\u0303o (Fundeb), entendimento que, segundo ele, foi confirmado pelo pr\u00f3prio Ministe\u0301rio da Educac\u0327a\u0303o, no dia 14 de janeiro, com base em parecer jur\u00eddico da Advocacia-Geral da Unia\u0303o (AGU).<br>O Minist\u00e9rio da Educa\u00e7\u00e3o, por sua vez, informou que a defini\u00e7\u00e3o do valor se deu ap\u00f3s &#8220;estudo t\u00e9cnico e jur\u00eddico&#8221;, que, segundo a pasta, &#8220;permitiu a manuten\u00e7\u00e3o do crit\u00e9rio previsto na atual Lei 11.738 de 2008\u201d.<br>Pelas contas da CNM, o reajuste anunciado pelo governo federal, de 33,24%, ter\u00e1 impacto de R$ 30,46 bilho\u0303es nos cofres dos munic\u00edpios, \u201ccolocando os entes locais em uma dif\u00edcil situa\u00e7\u00e3o fiscal e inviabilizando a gesta\u0303o da educac\u0327a\u0303o no Brasil\u201d.<\/p>\n\n\n\n<blockquote class=\"wp-block-quote is-layout-flow wp-block-quote-is-layout-flow\"><p><span class=\"has-inline-color has-luminous-vivid-orange-color\">\u201cPara se ter ideia do impacto, o repasse do Fundeb para este ano sera\u0301 de R$ 226 milho\u0303es. Com esse reajuste, estima-se que 90% dos recursos do fundo sejam utilizados para cobrir gastos com pessoal\u201d, ponderou o presidente da CNM.<\/span><\/p><\/blockquote>\n\n\n\n<p>A entidade recomendou a corre\u00e7\u00e3o do piso pelo \u00cdndice Nacional de Pre\u00e7os ao Consumidor (INPC) medido nos 12 meses anteriores ao reajuste \u2014 a mesma m\u00e9trica usada na corre\u00e7\u00e3o do sal\u00e1rio m\u00ednimo geral e orientou os prefeitos a n\u00e3o pagarem o valor determinado pelo governo federal. O INPC fechou 2021 em 10,16%.<br>Para o ministro da Educa\u00e7\u00e3o, os recursos existem e o governo federal pode socorrer munic\u00edpios que n\u00e3o consigam pagar o reajuste.<\/p>\n\n\n\n<blockquote class=\"wp-block-quote is-layout-flow wp-block-quote-is-layout-flow\"><p><span class=\"has-inline-color has-luminous-vivid-orange-color\">\u201cVejo que h\u00e1 na m\u00eddia, muitas vezes, discuss\u00e3o de alguns gestores, sobretudo municipais e estaduais, que acham que o valor \u00e9 muito grande. Lembro de no final do ano ter sido procurado por alguns prefeitos e at\u00e9 governadores com dificuldades, devido ao montante de recursos da educa\u00e7\u00e3o que tinham de usar, e me perguntaram, o que podemos fazer? A\u00ed foram b\u00f4nus, computadores\u2026Os recursos existem e o governo federal, j\u00e1 h\u00e1 previs\u00e3o legal, pode, de maneira justificada, socorrer eventualmente um gestor que n\u00e3o consiga cumprir esse montante\u201d, afirmou.<\/span><\/p><\/blockquote>\n\n\n\n<p>O presidente Jair Bolsonaro tamb\u00e9m citou a pol\u00eamica e afirmou que os recursos s\u00e3o do governo federal.<\/p>\n\n\n\n<blockquote class=\"wp-block-quote is-layout-flow wp-block-quote-is-layout-flow\"><p><span class=\"has-inline-color has-luminous-vivid-orange-color\">&#8220;Havia, sim, pedidos de muitos chefes de executivo estaduais e municipais querendo [reajuste] de 7%. O dinheiro \u00e9 de quem? Quem \u00e9 que repassa esse dinheiro para eles? Somos n\u00f3s, o governo federal. E a quem pertence a caneta Bic para assinar a portaria? Essa caneta Bic quem vai usar sou eu&#8221;, declarou.<\/span><\/p><\/blockquote>\n\n\n\n<p><strong><span class=\"has-inline-color has-vivid-red-color\">Semana<br><\/span><\/strong>No evento, o presidente citou ainda o que chamou de \u201crealiza\u00e7\u00f5es da semana\u201d como o <strong><a href=\"https:\/\/agenciabrasil.ebc.com.br\/geral\/noticia\/2022-02\/prova-de-vida-para-o-inss-deixa-de-ser-exigida-presencialmente\" target=\"_blank\" rel=\"noreferrer noopener\">fim da exig\u00eancia da prova de vida do INSS<\/a>,<\/strong> a\u00a0entrega de dois mil t\u00edtulos de terra,\u00a0al\u00e9m de\u00a0cerca de\u00a0R$ 8 bilh\u00f5es esquecidos por correntistas ao longo dos \u00faltimos anos\u00a0que ser\u00e3o liberados.\u00a0O sistema que permite a\u00a0<a href=\"https:\/\/agenciabrasil.ebc.com.br\/radioagencia-nacional\/economia\/audio\/2022-01\/confira-se-voce-possui-dinheiro-esquecido-em-alguma-conta-bancaria\" target=\"_blank\" rel=\"noreferrer noopener\"><strong>consulta a valores<\/strong><\/a> devidos por bancos a pessoas e empresas voltar\u00e1 a funcionar somente em 14 de fevereiro, segundo o Banco Central.<\/p>\n\n\n\n<p><strong><em>Fonte: <a href=\"https:\/\/agenciabrasil.ebc.com.br\/educacao\/noticia\/2022-02\/presidente-oficializa-reajuste-de-3323-para-professores\">Ag\u00eancia Brasil<\/a><\/em><\/strong><\/p>\n","protected":false},"excerpt":{"rendered":"<p>Confedera\u00e7\u00e3o dos munic\u00edpios criticou medida Uma cerim\u00f4nia no Pal\u00e1cio do Planalto, nesta sexta-feira (4), oficializou o reajuste de 33,23% para professores da rede p\u00fablica de educa\u00e7\u00e3o b\u00e1sica. A portaria, assinada pelo ministro da Educa\u00e7\u00e3o, Milton Ribeiro, e pelo presidente Jair Bolsonaro, eleva de R$ 2.886 para R$ 3.845 o piso salarial nacional da categoria.Al\u00e9m do [&hellip;]<\/p>\n","protected":false},"author":2,"featured_media":27561,"comment_status":"open","ping_status":"open","sticky":false,"template":"","format":"standard","meta":{"footnotes":""},"categories":[7],"tags":[13152,13155,860,357,13153,13154],"class_list":["post-27560","post","type-post","status-publish","format-standard","has-post-thumbnail","hentry","category-educacao","tag-aumento-salarial","tag-cnm","tag-governo-federal","tag-professores","tag-reajuste","tag-salario"],"yoast_head":"<!-- This site is optimized with the Yoast SEO plugin v26.5 - https:\/\/yoast.com\/wordpress\/plugins\/seo\/ -->\n<title>Presidente oficializa reajuste de 33,23% para professores - Jornal Fatos e Not\u00edcias<\/title>\n<meta name=\"robots\" content=\"index, follow, max-snippet:-1, max-image-preview:large, max-video-preview:-1\" \/>\n<link rel=\"canonical\" href=\"https:\/\/jornalfatosenoticias.com.br\/index.php\/2022\/02\/04\/presidente-oficializa-reajuste-de-3323-para-professores\/\" \/>\n<meta property=\"og:locale\" content=\"pt_BR\" \/>\n<meta property=\"og:type\" content=\"article\" \/>\n<meta property=\"og:title\" content=\"Presidente oficializa reajuste de 33,23% para professores - Jornal Fatos e Not\u00edcias\" \/>\n<meta property=\"og:description\" content=\"Confedera\u00e7\u00e3o dos munic\u00edpios criticou medida Uma cerim\u00f4nia no Pal\u00e1cio do Planalto, nesta sexta-feira (4), oficializou o reajuste de 33,23% para professores da rede p\u00fablica de educa\u00e7\u00e3o b\u00e1sica. A portaria, assinada pelo ministro da Educa\u00e7\u00e3o, Milton Ribeiro, e pelo presidente Jair Bolsonaro, eleva de R$ 2.886 para R$ 3.845 o piso salarial nacional da categoria.Al\u00e9m do [&hellip;]\" \/>\n<meta property=\"og:url\" content=\"https:\/\/jornalfatosenoticias.com.br\/index.php\/2022\/02\/04\/presidente-oficializa-reajuste-de-3323-para-professores\/\" \/>\n<meta property=\"og:site_name\" content=\"Jornal Fatos e Not\u00edcias\" \/>\n<meta property=\"article:published_time\" content=\"2022-02-04T17:27:11+00:00\" \/>\n<meta property=\"article:modified_time\" content=\"2022-02-04T17:27:12+00:00\" \/>\n<meta property=\"og:image\" content=\"https:\/\/jornalfatosenoticias.com.br\/wp-content\/uploads\/2022\/02\/voz_bolsonaro_mcajr_abr.jpg\" \/>\n\t<meta property=\"og:image:width\" content=\"1000\" \/>\n\t<meta property=\"og:image:height\" content=\"598\" \/>\n\t<meta property=\"og:image:type\" content=\"image\/jpeg\" \/>\n<meta name=\"author\" content=\"Luzimara Fernandes\" \/>\n<meta name=\"twitter:card\" content=\"summary_large_image\" \/>\n<meta name=\"twitter:label1\" content=\"Escrito por\" \/>\n\t<meta name=\"twitter:data1\" content=\"Luzimara Fernandes\" \/>\n\t<meta name=\"twitter:label2\" content=\"Est. tempo de leitura\" \/>\n\t<meta name=\"twitter:data2\" content=\"5 minutos\" \/>\n<script type=\"application\/ld+json\" class=\"yoast-schema-graph\">{\"@context\":\"https:\/\/schema.org\",\"@graph\":[{\"@type\":\"Article\",\"@id\":\"https:\/\/jornalfatosenoticias.com.br\/index.php\/2022\/02\/04\/presidente-oficializa-reajuste-de-3323-para-professores\/#article\",\"isPartOf\":{\"@id\":\"https:\/\/jornalfatosenoticias.com.br\/index.php\/2022\/02\/04\/presidente-oficializa-reajuste-de-3323-para-professores\/\"},\"author\":{\"name\":\"Luzimara Fernandes\",\"@id\":\"https:\/\/jornalfatosenoticias.com.br\/#\/schema\/person\/d63837fa13ac8666eb9e74e0985d6f81\"},\"headline\":\"Presidente oficializa reajuste de 33,23% para professores\",\"datePublished\":\"2022-02-04T17:27:11+00:00\",\"dateModified\":\"2022-02-04T17:27:12+00:00\",\"mainEntityOfPage\":{\"@id\":\"https:\/\/jornalfatosenoticias.com.br\/index.php\/2022\/02\/04\/presidente-oficializa-reajuste-de-3323-para-professores\/\"},\"wordCount\":958,\"commentCount\":0,\"publisher\":{\"@id\":\"https:\/\/jornalfatosenoticias.com.br\/#organization\"},\"image\":{\"@id\":\"https:\/\/jornalfatosenoticias.com.br\/index.php\/2022\/02\/04\/presidente-oficializa-reajuste-de-3323-para-professores\/#primaryimage\"},\"thumbnailUrl\":\"https:\/\/jornalfatosenoticias.com.br\/wp-content\/uploads\/2022\/02\/voz_bolsonaro_mcajr_abr.jpg\",\"keywords\":[\"aumento salarial\",\"CNM\",\"governo federal\",\"professores\",\"reajuste\",\"sal\u00e1rio\"],\"articleSection\":[\"Educa\u00e7\u00e3o\"],\"inLanguage\":\"pt-BR\",\"potentialAction\":[{\"@type\":\"CommentAction\",\"name\":\"Comment\",\"target\":[\"https:\/\/jornalfatosenoticias.com.br\/index.php\/2022\/02\/04\/presidente-oficializa-reajuste-de-3323-para-professores\/#respond\"]}]},{\"@type\":\"WebPage\",\"@id\":\"https:\/\/jornalfatosenoticias.com.br\/index.php\/2022\/02\/04\/presidente-oficializa-reajuste-de-3323-para-professores\/\",\"url\":\"https:\/\/jornalfatosenoticias.com.br\/index.php\/2022\/02\/04\/presidente-oficializa-reajuste-de-3323-para-professores\/\",\"name\":\"Presidente oficializa reajuste de 33,23% para professores - Jornal Fatos e Not\u00edcias\",\"isPartOf\":{\"@id\":\"https:\/\/jornalfatosenoticias.com.br\/#website\"},\"primaryImageOfPage\":{\"@id\":\"https:\/\/jornalfatosenoticias.com.br\/index.php\/2022\/02\/04\/presidente-oficializa-reajuste-de-3323-para-professores\/#primaryimage\"},\"image\":{\"@id\":\"https:\/\/jornalfatosenoticias.com.br\/index.php\/2022\/02\/04\/presidente-oficializa-reajuste-de-3323-para-professores\/#primaryimage\"},\"thumbnailUrl\":\"https:\/\/jornalfatosenoticias.com.br\/wp-content\/uploads\/2022\/02\/voz_bolsonaro_mcajr_abr.jpg\",\"datePublished\":\"2022-02-04T17:27:11+00:00\",\"dateModified\":\"2022-02-04T17:27:12+00:00\",\"breadcrumb\":{\"@id\":\"https:\/\/jornalfatosenoticias.com.br\/index.php\/2022\/02\/04\/presidente-oficializa-reajuste-de-3323-para-professores\/#breadcrumb\"},\"inLanguage\":\"pt-BR\",\"potentialAction\":[{\"@type\":\"ReadAction\",\"target\":[\"https:\/\/jornalfatosenoticias.com.br\/index.php\/2022\/02\/04\/presidente-oficializa-reajuste-de-3323-para-professores\/\"]}]},{\"@type\":\"ImageObject\",\"inLanguage\":\"pt-BR\",\"@id\":\"https:\/\/jornalfatosenoticias.com.br\/index.php\/2022\/02\/04\/presidente-oficializa-reajuste-de-3323-para-professores\/#primaryimage\",\"url\":\"https:\/\/jornalfatosenoticias.com.br\/wp-content\/uploads\/2022\/02\/voz_bolsonaro_mcajr_abr.jpg\",\"contentUrl\":\"https:\/\/jornalfatosenoticias.com.br\/wp-content\/uploads\/2022\/02\/voz_bolsonaro_mcajr_abr.jpg\",\"width\":1000,\"height\":598,\"caption\":\"O presidente da Rep\u00fablica, Jair Bolsonaro, \u00e9 entrevistado no programa A Voz do Brasil.\"},{\"@type\":\"BreadcrumbList\",\"@id\":\"https:\/\/jornalfatosenoticias.com.br\/index.php\/2022\/02\/04\/presidente-oficializa-reajuste-de-3323-para-professores\/#breadcrumb\",\"itemListElement\":[{\"@type\":\"ListItem\",\"position\":1,\"name\":\"In\u00edcio\",\"item\":\"https:\/\/jornalfatosenoticias.com.br\/\"},{\"@type\":\"ListItem\",\"position\":2,\"name\":\"Presidente oficializa reajuste de 33,23% para professores\"}]},{\"@type\":\"WebSite\",\"@id\":\"https:\/\/jornalfatosenoticias.com.br\/#website\",\"url\":\"https:\/\/jornalfatosenoticias.com.br\/\",\"name\":\"Jornal Fatos e Not\u00edcias\",\"description\":\"Not\u00edcias em geral\",\"publisher\":{\"@id\":\"https:\/\/jornalfatosenoticias.com.br\/#organization\"},\"potentialAction\":[{\"@type\":\"SearchAction\",\"target\":{\"@type\":\"EntryPoint\",\"urlTemplate\":\"https:\/\/jornalfatosenoticias.com.br\/?s={search_term_string}\"},\"query-input\":{\"@type\":\"PropertyValueSpecification\",\"valueRequired\":true,\"valueName\":\"search_term_string\"}}],\"inLanguage\":\"pt-BR\"},{\"@type\":\"Organization\",\"@id\":\"https:\/\/jornalfatosenoticias.com.br\/#organization\",\"name\":\"Jornal Fatos e Not\u00edcias\",\"url\":\"https:\/\/jornalfatosenoticias.com.br\/\",\"logo\":{\"@type\":\"ImageObject\",\"inLanguage\":\"pt-BR\",\"@id\":\"https:\/\/jornalfatosenoticias.com.br\/#\/schema\/logo\/image\/\",\"url\":\"https:\/\/jornalfatosenoticias.com.br\/wp-content\/uploads\/2020\/02\/logo120.png\",\"contentUrl\":\"https:\/\/jornalfatosenoticias.com.br\/wp-content\/uploads\/2020\/02\/logo120.png\",\"width\":1227,\"height\":120,\"caption\":\"Jornal Fatos e Not\u00edcias\"},\"image\":{\"@id\":\"https:\/\/jornalfatosenoticias.com.br\/#\/schema\/logo\/image\/\"}},{\"@type\":\"Person\",\"@id\":\"https:\/\/jornalfatosenoticias.com.br\/#\/schema\/person\/d63837fa13ac8666eb9e74e0985d6f81\",\"name\":\"Luzimara Fernandes\",\"image\":{\"@type\":\"ImageObject\",\"inLanguage\":\"pt-BR\",\"@id\":\"https:\/\/jornalfatosenoticias.com.br\/#\/schema\/person\/image\/\",\"url\":\"https:\/\/jornalfatosenoticias.com.br\/wp-content\/uploads\/2025\/05\/EU_portal.jpg\",\"contentUrl\":\"https:\/\/jornalfatosenoticias.com.br\/wp-content\/uploads\/2025\/05\/EU_portal.jpg\",\"caption\":\"Luzimara Fernandes\"},\"description\":\"Jornalista MTB 2358-ES\",\"sameAs\":[\"https:\/\/jornalfatosenoticias.com.br\"],\"url\":\"https:\/\/jornalfatosenoticias.com.br\/index.php\/author\/luzimara\/\"}]}<\/script>\n<!-- \/ Yoast SEO plugin. -->","yoast_head_json":{"title":"Presidente oficializa reajuste de 33,23% para professores - Jornal Fatos e Not\u00edcias","robots":{"index":"index","follow":"follow","max-snippet":"max-snippet:-1","max-image-preview":"max-image-preview:large","max-video-preview":"max-video-preview:-1"},"canonical":"https:\/\/jornalfatosenoticias.com.br\/index.php\/2022\/02\/04\/presidente-oficializa-reajuste-de-3323-para-professores\/","og_locale":"pt_BR","og_type":"article","og_title":"Presidente oficializa reajuste de 33,23% para professores - Jornal Fatos e Not\u00edcias","og_description":"Confedera\u00e7\u00e3o dos munic\u00edpios criticou medida Uma cerim\u00f4nia no Pal\u00e1cio do Planalto, nesta sexta-feira (4), oficializou o reajuste de 33,23% para professores da rede p\u00fablica de educa\u00e7\u00e3o b\u00e1sica. A portaria, assinada pelo ministro da Educa\u00e7\u00e3o, Milton Ribeiro, e pelo presidente Jair Bolsonaro, eleva de R$ 2.886 para R$ 3.845 o piso salarial nacional da categoria.Al\u00e9m do [&hellip;]","og_url":"https:\/\/jornalfatosenoticias.com.br\/index.php\/2022\/02\/04\/presidente-oficializa-reajuste-de-3323-para-professores\/","og_site_name":"Jornal Fatos e Not\u00edcias","article_published_time":"2022-02-04T17:27:11+00:00","article_modified_time":"2022-02-04T17:27:12+00:00","og_image":[{"width":1000,"height":598,"url":"https:\/\/jornalfatosenoticias.com.br\/wp-content\/uploads\/2022\/02\/voz_bolsonaro_mcajr_abr.jpg","type":"image\/jpeg"}],"author":"Luzimara Fernandes","twitter_card":"summary_large_image","twitter_misc":{"Escrito por":"Luzimara Fernandes","Est. tempo de leitura":"5 minutos"},"schema":{"@context":"https:\/\/schema.org","@graph":[{"@type":"Article","@id":"https:\/\/jornalfatosenoticias.com.br\/index.php\/2022\/02\/04\/presidente-oficializa-reajuste-de-3323-para-professores\/#article","isPartOf":{"@id":"https:\/\/jornalfatosenoticias.com.br\/index.php\/2022\/02\/04\/presidente-oficializa-reajuste-de-3323-para-professores\/"},"author":{"name":"Luzimara Fernandes","@id":"https:\/\/jornalfatosenoticias.com.br\/#\/schema\/person\/d63837fa13ac8666eb9e74e0985d6f81"},"headline":"Presidente oficializa reajuste de 33,23% para professores","datePublished":"2022-02-04T17:27:11+00:00","dateModified":"2022-02-04T17:27:12+00:00","mainEntityOfPage":{"@id":"https:\/\/jornalfatosenoticias.com.br\/index.php\/2022\/02\/04\/presidente-oficializa-reajuste-de-3323-para-professores\/"},"wordCount":958,"commentCount":0,"publisher":{"@id":"https:\/\/jornalfatosenoticias.com.br\/#organization"},"image":{"@id":"https:\/\/jornalfatosenoticias.com.br\/index.php\/2022\/02\/04\/presidente-oficializa-reajuste-de-3323-para-professores\/#primaryimage"},"thumbnailUrl":"https:\/\/jornalfatosenoticias.com.br\/wp-content\/uploads\/2022\/02\/voz_bolsonaro_mcajr_abr.jpg","keywords":["aumento salarial","CNM","governo federal","professores","reajuste","sal\u00e1rio"],"articleSection":["Educa\u00e7\u00e3o"],"inLanguage":"pt-BR","potentialAction":[{"@type":"CommentAction","name":"Comment","target":["https:\/\/jornalfatosenoticias.com.br\/index.php\/2022\/02\/04\/presidente-oficializa-reajuste-de-3323-para-professores\/#respond"]}]},{"@type":"WebPage","@id":"https:\/\/jornalfatosenoticias.com.br\/index.php\/2022\/02\/04\/presidente-oficializa-reajuste-de-3323-para-professores\/","url":"https:\/\/jornalfatosenoticias.com.br\/index.php\/2022\/02\/04\/presidente-oficializa-reajuste-de-3323-para-professores\/","name":"Presidente oficializa reajuste de 33,23% para professores - Jornal Fatos e Not\u00edcias","isPartOf":{"@id":"https:\/\/jornalfatosenoticias.com.br\/#website"},"primaryImageOfPage":{"@id":"https:\/\/jornalfatosenoticias.com.br\/index.php\/2022\/02\/04\/presidente-oficializa-reajuste-de-3323-para-professores\/#primaryimage"},"image":{"@id":"https:\/\/jornalfatosenoticias.com.br\/index.php\/2022\/02\/04\/presidente-oficializa-reajuste-de-3323-para-professores\/#primaryimage"},"thumbnailUrl":"https:\/\/jornalfatosenoticias.com.br\/wp-content\/uploads\/2022\/02\/voz_bolsonaro_mcajr_abr.jpg","datePublished":"2022-02-04T17:27:11+00:00","dateModified":"2022-02-04T17:27:12+00:00","breadcrumb":{"@id":"https:\/\/jornalfatosenoticias.com.br\/index.php\/2022\/02\/04\/presidente-oficializa-reajuste-de-3323-para-professores\/#breadcrumb"},"inLanguage":"pt-BR","potentialAction":[{"@type":"ReadAction","target":["https:\/\/jornalfatosenoticias.com.br\/index.php\/2022\/02\/04\/presidente-oficializa-reajuste-de-3323-para-professores\/"]}]},{"@type":"ImageObject","inLanguage":"pt-BR","@id":"https:\/\/jornalfatosenoticias.com.br\/index.php\/2022\/02\/04\/presidente-oficializa-reajuste-de-3323-para-professores\/#primaryimage","url":"https:\/\/jornalfatosenoticias.com.br\/wp-content\/uploads\/2022\/02\/voz_bolsonaro_mcajr_abr.jpg","contentUrl":"https:\/\/jornalfatosenoticias.com.br\/wp-content\/uploads\/2022\/02\/voz_bolsonaro_mcajr_abr.jpg","width":1000,"height":598,"caption":"O presidente da Rep\u00fablica, Jair Bolsonaro, \u00e9 entrevistado no programa A Voz do Brasil."},{"@type":"BreadcrumbList","@id":"https:\/\/jornalfatosenoticias.com.br\/index.php\/2022\/02\/04\/presidente-oficializa-reajuste-de-3323-para-professores\/#breadcrumb","itemListElement":[{"@type":"ListItem","position":1,"name":"In\u00edcio","item":"https:\/\/jornalfatosenoticias.com.br\/"},{"@type":"ListItem","position":2,"name":"Presidente oficializa reajuste de 33,23% para professores"}]},{"@type":"WebSite","@id":"https:\/\/jornalfatosenoticias.com.br\/#website","url":"https:\/\/jornalfatosenoticias.com.br\/","name":"Jornal Fatos e Not\u00edcias","description":"Not\u00edcias em geral","publisher":{"@id":"https:\/\/jornalfatosenoticias.com.br\/#organization"},"potentialAction":[{"@type":"SearchAction","target":{"@type":"EntryPoint","urlTemplate":"https:\/\/jornalfatosenoticias.com.br\/?s={search_term_string}"},"query-input":{"@type":"PropertyValueSpecification","valueRequired":true,"valueName":"search_term_string"}}],"inLanguage":"pt-BR"},{"@type":"Organization","@id":"https:\/\/jornalfatosenoticias.com.br\/#organization","name":"Jornal Fatos e Not\u00edcias","url":"https:\/\/jornalfatosenoticias.com.br\/","logo":{"@type":"ImageObject","inLanguage":"pt-BR","@id":"https:\/\/jornalfatosenoticias.com.br\/#\/schema\/logo\/image\/","url":"https:\/\/jornalfatosenoticias.com.br\/wp-content\/uploads\/2020\/02\/logo120.png","contentUrl":"https:\/\/jornalfatosenoticias.com.br\/wp-content\/uploads\/2020\/02\/logo120.png","width":1227,"height":120,"caption":"Jornal Fatos e Not\u00edcias"},"image":{"@id":"https:\/\/jornalfatosenoticias.com.br\/#\/schema\/logo\/image\/"}},{"@type":"Person","@id":"https:\/\/jornalfatosenoticias.com.br\/#\/schema\/person\/d63837fa13ac8666eb9e74e0985d6f81","name":"Luzimara Fernandes","image":{"@type":"ImageObject","inLanguage":"pt-BR","@id":"https:\/\/jornalfatosenoticias.com.br\/#\/schema\/person\/image\/","url":"https:\/\/jornalfatosenoticias.com.br\/wp-content\/uploads\/2025\/05\/EU_portal.jpg","contentUrl":"https:\/\/jornalfatosenoticias.com.br\/wp-content\/uploads\/2025\/05\/EU_portal.jpg","caption":"Luzimara Fernandes"},"description":"Jornalista MTB 2358-ES","sameAs":["https:\/\/jornalfatosenoticias.com.br"],"url":"https:\/\/jornalfatosenoticias.com.br\/index.php\/author\/luzimara\/"}]}},"cc_featured_image_caption":{"caption_text":"(Foto: Marcello Casal Jr\/Ag\u00eancia Brasil) ","source_text":"","source_url":""},"jetpack_featured_media_url":"https:\/\/jornalfatosenoticias.com.br\/wp-content\/uploads\/2022\/02\/voz_bolsonaro_mcajr_abr.jpg","_links":{"self":[{"href":"https:\/\/jornalfatosenoticias.com.br\/index.php\/wp-json\/wp\/v2\/posts\/27560","targetHints":{"allow":["GET"]}}],"collection":[{"href":"https:\/\/jornalfatosenoticias.com.br\/index.php\/wp-json\/wp\/v2\/posts"}],"about":[{"href":"https:\/\/jornalfatosenoticias.com.br\/index.php\/wp-json\/wp\/v2\/types\/post"}],"author":[{"embeddable":true,"href":"https:\/\/jornalfatosenoticias.com.br\/index.php\/wp-json\/wp\/v2\/users\/2"}],"replies":[{"embeddable":true,"href":"https:\/\/jornalfatosenoticias.com.br\/index.php\/wp-json\/wp\/v2\/comments?post=27560"}],"version-history":[{"count":0,"href":"https:\/\/jornalfatosenoticias.com.br\/index.php\/wp-json\/wp\/v2\/posts\/27560\/revisions"}],"wp:featuredmedia":[{"embeddable":true,"href":"https:\/\/jornalfatosenoticias.com.br\/index.php\/wp-json\/wp\/v2\/media\/27561"}],"wp:attachment":[{"href":"https:\/\/jornalfatosenoticias.com.br\/index.php\/wp-json\/wp\/v2\/media?parent=27560"}],"wp:term":[{"taxonomy":"category","embeddable":true,"href":"https:\/\/jornalfatosenoticias.com.br\/index.php\/wp-json\/wp\/v2\/categories?post=27560"},{"taxonomy":"post_tag","embeddable":true,"href":"https:\/\/jornalfatosenoticias.com.br\/index.php\/wp-json\/wp\/v2\/tags?post=27560"}],"curies":[{"name":"wp","href":"https:\/\/api.w.org\/{rel}","templated":true}]}}