{"id":27587,"date":"2022-02-07T12:09:06","date_gmt":"2022-02-07T15:09:06","guid":{"rendered":"https:\/\/jornalfatosenoticias.com.br\/?p=27587"},"modified":"2022-02-07T12:10:18","modified_gmt":"2022-02-07T15:10:18","slug":"por-que-ha-casos-em-que-filhos-podam-os-pais-idosos-com-certa-violencia","status":"publish","type":"post","link":"https:\/\/jornalfatosenoticias.com.br\/index.php\/2022\/02\/07\/por-que-ha-casos-em-que-filhos-podam-os-pais-idosos-com-certa-violencia\/","title":{"rendered":"Por que h\u00e1 casos em que filhos &#8216;podam&#8217; os pais idosos com certa viol\u00eancia?"},"content":{"rendered":"\n<p>A pandemia do novo coronav\u00edrus agravou a situa\u00e7\u00e3o de muitos idosos dependentes dos filhos, que correspondem em torno de 65% dos suspeitos de viol\u00eancia contra esse grupo et\u00e1rio. As informa\u00e7\u00f5es s\u00e3o de 2021, com <a href=\"https:\/\/www.camara.leg.br\/noticias\/774878-pandemia-de-covid-agravou-situacao-de-violencia-contra-idosos\/\">dados da Ouvidoria Nacional de Direitos Humanos (ONDH)<\/a>. At\u00e9 o primeiro semestre de 2021, o n\u00famero de den\u00fancias registrado pelo Disque 100 ultrapassou 30 mil.<br>Por tr\u00e1s desse crescente cen\u00e1rio est\u00e3o fatores como restri\u00e7\u00e3o de circula\u00e7\u00e3o, maior conviv\u00eancia entre os que residem na mesma moradia, incertezas sobre o futuro, favorecendo assim um ac\u00famulo de tens\u00f5es, que se somam a poss\u00edveis situa\u00e7\u00f5es familiares anteriores e culminam nos casos de viol\u00eancia.<br>Mas viol\u00eancia n\u00e3o \u00e9 s\u00f3 agress\u00e3o. Ainda \u00e9 a\u00e7\u00e3o ou omiss\u00e3o, praticada em local p\u00fablico ou privado, que cause morte, dano, sofrimento f\u00edsico ou psicol\u00f3gico no idoso.<br>Nesse sentido, filhos que, sob constantes amea\u00e7as, chantagens, humilha\u00e7\u00f5es, maus-tratos, constrangimentos n\u00e3o permitem os pais idosos se comunicarem, seja com parceiros, amigos, parentes, ou ent\u00e3o tomarem decis\u00f5es pr\u00f3prias (como vestir aquilo que desejam, assistir TV, acordar ou dormir tarde, gastar o pr\u00f3prio dinheiro), principalmente estando eles com a sa\u00fade f\u00edsica e mental preservadas, cometem crime pela lei n\u00ba 10.741, de 1\u00ba de outubro de 2003.<\/p>\n\n\n\n<h4 class=\"wp-block-heading\"><span class=\"has-inline-color has-black-color\">Idoso precisa ver que n\u00e3o est\u00e1 s\u00f3<\/span><\/h4>\n\n\n\n<figure class=\"wp-block-image size-large\"><img loading=\"lazy\" decoding=\"async\" width=\"1000\" height=\"561\" src=\"https:\/\/jornalfatosenoticias.com.br\/wp-content\/uploads\/2022\/02\/idoso-triste_2.jpg\" alt=\"\" class=\"wp-image-27588\" srcset=\"https:\/\/jornalfatosenoticias.com.br\/wp-content\/uploads\/2022\/02\/idoso-triste_2.jpg 1000w, https:\/\/jornalfatosenoticias.com.br\/wp-content\/uploads\/2022\/02\/idoso-triste_2-300x168.jpg 300w, https:\/\/jornalfatosenoticias.com.br\/wp-content\/uploads\/2022\/02\/idoso-triste_2-768x431.jpg 768w\" sizes=\"auto, (max-width: 1000px) 100vw, 1000px\" \/><figcaption><em><span class=\"has-inline-color has-black-color\">(Foto: iStock)<\/span><\/em><\/figcaption><\/figure>\n\n\n\n<p>Cl\u00e1udia Messias, psic\u00f3loga do Hospital Geral de Palmas (TO), informa que, se apesar de l\u00facido, o idoso acabar aceitando esse tipo de viol\u00eancia \u00e9 devido ao grau de afeto que tem pelo filho, ou porque depende dele financeiramente ou para tarefas cuja mobilidade o impede.<\/p>\n\n\n\n<blockquote class=\"wp-block-quote is-layout-flow wp-block-quote-is-layout-flow\"><p><span class=\"has-inline-color has-luminous-vivid-orange-color\">&#8220;Mas isso n\u00e3o se justifica. Voc\u00ea trabalha a vida inteira, cria seus filhos com todo cuidado, amor e esfor\u00e7o e, quando eles crescem, querem controlar, determinar tudo e da pior forma? Est\u00e1 errado!&#8221;.<\/span><\/p><\/blockquote>\n\n\n\n<p>A fam\u00edlia, ao perceber, n\u00e3o pode ser conivente nem se distanciar desse caso. O idoso n\u00e3o \u00e9 de propriedade exclusiva de ningu\u00e9m e seus assuntos devem ser compartilhados, com m\u00e9dico e, se possuir, outros filhos, netos, sobrinhos, cuidadores.<br>Algu\u00e9m tem que intervir. Num primeiro momento, buscar entender o que se passa naquela rela\u00e7\u00e3o e ouvir os dois lados. Por gentileza, responsabilidade, v\u00ednculo, n\u00e3o esperar a situa\u00e7\u00e3o sair do controle para se mostrar presente.<\/p>\n\n\n\n<blockquote class=\"wp-block-quote is-layout-flow wp-block-quote-is-layout-flow\"><p><span class=\"has-inline-color has-luminous-vivid-orange-color\">&#8220;O idoso precisa ter outros tipos de relacionamentos, com os quais possa desempenhar outras atividades e se sentir firme e seguro emocionalmente. Ver que ele tem com quem contar, se precisar de algo e querer tomar decis\u00f5es. Sem essa rede, mais ref\u00e9m e fragilizado fica&#8221;, explica Liliana Seger, doutora em psicologia pelo Instituto de Psicologia da Universidade de S\u00e3o Paulo (IP-USP). Ela continua que essa mobiliza\u00e7\u00e3o ainda serve como &#8220;recado&#8221; para o filho dominador.<\/span><\/p><\/blockquote>\n\n\n\n<h4 class=\"wp-block-heading\"><span class=\"has-inline-color has-black-color\">Cabe acompanhamento profissional<\/span><\/h4>\n\n\n\n<figure class=\"wp-block-image size-large\"><img loading=\"lazy\" decoding=\"async\" width=\"1000\" height=\"561\" src=\"https:\/\/jornalfatosenoticias.com.br\/wp-content\/uploads\/2022\/02\/inteligencia-emocional-balanca-IDOSOS-MALTRATADOS3.jpg\" alt=\"\" class=\"wp-image-27589\" srcset=\"https:\/\/jornalfatosenoticias.com.br\/wp-content\/uploads\/2022\/02\/inteligencia-emocional-balanca-IDOSOS-MALTRATADOS3.jpg 1000w, https:\/\/jornalfatosenoticias.com.br\/wp-content\/uploads\/2022\/02\/inteligencia-emocional-balanca-IDOSOS-MALTRATADOS3-300x168.jpg 300w, https:\/\/jornalfatosenoticias.com.br\/wp-content\/uploads\/2022\/02\/inteligencia-emocional-balanca-IDOSOS-MALTRATADOS3-768x431.jpg 768w\" sizes=\"auto, (max-width: 1000px) 100vw, 1000px\" \/><figcaption><em><span class=\"has-inline-color has-black-color\">(Foto: Getty Images)<\/span><\/em><\/figcaption><\/figure>\n\n\n\n<p>Para um filho querer determinar, da pior forma, o que o pai ou a m\u00e3e, agora envelhecidos, podem, ou n\u00e3o fazer, suspeita-se de que h\u00e1 algo de errado com sua esfera psicoemocional. N\u00e3o que sendo de fato isso \u00e9 aceit\u00e1vel o que ele faz. Longe disso. Mas ressentimentos, ci\u00fames, baixa autoestima, complexo de rejei\u00e7\u00e3o e at\u00e9 medo de perder aquela pessoa s\u00e3o fatores a se suspeitar. Indiv\u00edduos que s\u00e3o inseguros n\u00e3o confiam em si nem nas outras pessoas.<\/p>\n\n\n\n<blockquote class=\"wp-block-quote is-layout-flow wp-block-quote-is-layout-flow\"><p><span class=\"has-inline-color has-luminous-vivid-orange-color\">&#8220;Quando h\u00e1 possessividade e preocupa\u00e7\u00e3o excessiva, \u00e9 caso para profissionais de sa\u00fade mental. \u00c9 preciso compreender as motiva\u00e7\u00f5es desse filho. Os familiares podem sondar e convenc\u00ea-lo a procurar ajuda psicoter\u00e1pica e, assim, ele compreender seu funcionamento, seus medos, suas distor\u00e7\u00f5es para se colocar no lugar do idoso e mudar seu comportamento, se flexibilizar&#8221;, orienta Henrique Bottura, psiquiatra e diretor cl\u00ednico do Instituto de Psiquiatria Paulista (SP).<\/span><\/p><\/blockquote>\n\n\n\n<p>Seger e Messias acrescentam que a terapia direcionada a idosos tamb\u00e9m \u00e9 muito bem-vinda quando se encontram nessa condi\u00e7\u00e3o delicada. \u00c0s vezes, o que eles n\u00e3o t\u00eam coragem para dizer aos familiares, exp\u00f5em em consult\u00f3rio, como o sofrimento atrelado \u00e0 internaliza\u00e7\u00e3o do que passam e \u00e0 possibilidade de gerar implica\u00e7\u00f5es negativas contra o filho. O trabalho que os especialistas desenvolvem os ajuda a reconhecer os abusos, ter coragem e se posicionar.<\/p>\n\n\n\n<h4 class=\"wp-block-heading\"><span class=\"has-inline-color has-black-color\">Situa\u00e7\u00f5es para n\u00e3o se confundir<\/span><\/h4>\n\n\n\n<figure class=\"wp-block-image size-large\"><img loading=\"lazy\" decoding=\"async\" width=\"1000\" height=\"561\" src=\"https:\/\/jornalfatosenoticias.com.br\/wp-content\/uploads\/2022\/02\/idosoS-com-familia-4.jpg\" alt=\"\" class=\"wp-image-27590\" srcset=\"https:\/\/jornalfatosenoticias.com.br\/wp-content\/uploads\/2022\/02\/idosoS-com-familia-4.jpg 1000w, https:\/\/jornalfatosenoticias.com.br\/wp-content\/uploads\/2022\/02\/idosoS-com-familia-4-300x168.jpg 300w, https:\/\/jornalfatosenoticias.com.br\/wp-content\/uploads\/2022\/02\/idosoS-com-familia-4-768x431.jpg 768w\" sizes=\"auto, (max-width: 1000px) 100vw, 1000px\" \/><figcaption><em><span class=\"has-inline-color has-black-color\">(Foto: iStock)<\/span><\/em><\/figcaption><\/figure>\n\n\n\n<p>A media\u00e7\u00e3o do psic\u00f3logo ou psiquiatra em conjunto com o geriatra tamb\u00e9m contribui para que o idoso se autoconhe\u00e7a e aprenda a lidar melhor emocionalmente com as mudan\u00e7as atreladas ao envelhecimento.<br>Quando n\u00e3o \u00e9 compreendido ou reage mal no dia a dia, <a href=\"https:\/\/www.uol.com.br\/vivabem\/noticias\/redacao\/2020\/02\/21\/infantilizar-idoso-traz-impactos-fisicos-sociais-e-psicologicos.htm\">corre o risco de ser infantilizado<\/a>, cita Leide Batista, psic\u00f3loga pela Faculdade Castro Alves e com experi\u00eancia pelo Hospital da Cidade, em Salvador: &#8220;Invertem-se os pap\u00e9is e junto termina-se o respeito&#8221;.<br>Batista complementa que quando o idoso perde o status de chefe da casa, n\u00e3o favorece mais a ningu\u00e9m, igualmente tende a ser menos acatado. Agora, se continuam ativos, provedores e ainda sujeitos \u00e0 domina\u00e7\u00e3o, leva a supor que seus dependentes, apesar de adultos, acham que eles n\u00e3o t\u00eam vida pr\u00f3pria, nem necessidades afetivas e servem apenas para supri-los. S\u00e3o realidades bem complexas, afirma Paulo Camiz, geriatra do Hospital das Cl\u00ednicas de S\u00e3o Paulo.<\/p>\n\n\n\n<blockquote class=\"wp-block-quote is-layout-flow wp-block-quote-is-layout-flow\"><p><span class=\"has-inline-color has-luminous-vivid-orange-color\">&#8220;\u00c9 preciso conhec\u00ea-las a fundo antes de qualquer decis\u00e3o. \u00c0s vezes, julga-se que o filho age mal, mas pode tamb\u00e9m n\u00e3o ser bem assim. O cerceamento \u00e9 importante se o idoso estiver incapaz de tomar decis\u00f5es l\u00facidas, se autocuidar e encontra-se vulner\u00e1vel, ou se coloca em situa\u00e7\u00f5es perigosas. Mas se est\u00e3o aut\u00f4nomos e independentes, podem fazer de tudo, com seguran\u00e7a. Ainda assim s\u00e3o &#8216;podados&#8217; e com viol\u00eancia? Ent\u00e3o cabe den\u00fancia&#8221;, finaliza Camiz.<\/span><\/p><\/blockquote>\n\n\n\n<p><strong><em>Fonte: <a href=\"https:\/\/www.uol.com.br\/vivabem\/noticias\/redacao\/2022\/02\/04\/por-que-ha-casos-em-que-filhos-podam-os-pais-idosos-com-certa-violencia.htm\">UOL<\/a><\/em><\/strong><\/p>\n","protected":false},"excerpt":{"rendered":"<p>A pandemia do novo coronav\u00edrus agravou a situa\u00e7\u00e3o de muitos idosos dependentes dos filhos, que correspondem em torno de 65% dos suspeitos de viol\u00eancia contra esse grupo et\u00e1rio. As informa\u00e7\u00f5es s\u00e3o de 2021, com dados da Ouvidoria Nacional de Direitos Humanos (ONDH). At\u00e9 o primeiro semestre de 2021, o n\u00famero de den\u00fancias registrado pelo Disque [&hellip;]<\/p>\n","protected":false},"author":2,"featured_media":27591,"comment_status":"open","ping_status":"open","sticky":false,"template":"","format":"standard","meta":{"footnotes":""},"categories":[2522],"tags":[7919,9027,6150,850,52],"class_list":["post-27587","post","type-post","status-publish","format-standard","has-post-thumbnail","hentry","category-comportamento","tag-cuidados-idosos","tag-disque-100","tag-filhos","tag-idosos","tag-maus-tratos"],"yoast_head":"<!-- This site is optimized with the Yoast SEO plugin v26.5 - https:\/\/yoast.com\/wordpress\/plugins\/seo\/ -->\n<title>Por que h\u00e1 casos em que filhos &#039;podam&#039; os pais idosos com certa viol\u00eancia? - Jornal Fatos e Not\u00edcias<\/title>\n<meta name=\"robots\" content=\"index, follow, max-snippet:-1, max-image-preview:large, max-video-preview:-1\" \/>\n<link rel=\"canonical\" href=\"https:\/\/jornalfatosenoticias.com.br\/index.php\/2022\/02\/07\/por-que-ha-casos-em-que-filhos-podam-os-pais-idosos-com-certa-violencia\/\" \/>\n<meta property=\"og:locale\" content=\"pt_BR\" \/>\n<meta property=\"og:type\" content=\"article\" \/>\n<meta property=\"og:title\" content=\"Por que h\u00e1 casos em que filhos &#039;podam&#039; os pais idosos com certa viol\u00eancia? - Jornal Fatos e Not\u00edcias\" \/>\n<meta property=\"og:description\" content=\"A pandemia do novo coronav\u00edrus agravou a situa\u00e7\u00e3o de muitos idosos dependentes dos filhos, que correspondem em torno de 65% dos suspeitos de viol\u00eancia contra esse grupo et\u00e1rio. As informa\u00e7\u00f5es s\u00e3o de 2021, com dados da Ouvidoria Nacional de Direitos Humanos (ONDH). At\u00e9 o primeiro semestre de 2021, o n\u00famero de den\u00fancias registrado pelo Disque [&hellip;]\" \/>\n<meta property=\"og:url\" content=\"https:\/\/jornalfatosenoticias.com.br\/index.php\/2022\/02\/07\/por-que-ha-casos-em-que-filhos-podam-os-pais-idosos-com-certa-violencia\/\" \/>\n<meta property=\"og:site_name\" content=\"Jornal Fatos e Not\u00edcias\" \/>\n<meta property=\"article:published_time\" content=\"2022-02-07T15:09:06+00:00\" \/>\n<meta property=\"article:modified_time\" content=\"2022-02-07T15:10:18+00:00\" \/>\n<meta property=\"og:image\" content=\"https:\/\/jornalfatosenoticias.com.br\/wp-content\/uploads\/2022\/02\/discussao-entre-filho-e-pai-idoso.jpg\" \/>\n\t<meta property=\"og:image:width\" content=\"1000\" \/>\n\t<meta property=\"og:image:height\" content=\"562\" \/>\n\t<meta property=\"og:image:type\" content=\"image\/jpeg\" \/>\n<meta name=\"author\" content=\"Luzimara Fernandes\" \/>\n<meta name=\"twitter:card\" content=\"summary_large_image\" \/>\n<meta name=\"twitter:label1\" content=\"Escrito por\" \/>\n\t<meta name=\"twitter:data1\" content=\"Luzimara Fernandes\" \/>\n\t<meta name=\"twitter:label2\" content=\"Est. tempo de leitura\" \/>\n\t<meta name=\"twitter:data2\" content=\"5 minutos\" \/>\n<script type=\"application\/ld+json\" class=\"yoast-schema-graph\">{\"@context\":\"https:\/\/schema.org\",\"@graph\":[{\"@type\":\"Article\",\"@id\":\"https:\/\/jornalfatosenoticias.com.br\/index.php\/2022\/02\/07\/por-que-ha-casos-em-que-filhos-podam-os-pais-idosos-com-certa-violencia\/#article\",\"isPartOf\":{\"@id\":\"https:\/\/jornalfatosenoticias.com.br\/index.php\/2022\/02\/07\/por-que-ha-casos-em-que-filhos-podam-os-pais-idosos-com-certa-violencia\/\"},\"author\":{\"name\":\"Luzimara Fernandes\",\"@id\":\"https:\/\/jornalfatosenoticias.com.br\/#\/schema\/person\/d63837fa13ac8666eb9e74e0985d6f81\"},\"headline\":\"Por que h\u00e1 casos em que filhos &#8216;podam&#8217; os pais idosos com certa viol\u00eancia?\",\"datePublished\":\"2022-02-07T15:09:06+00:00\",\"dateModified\":\"2022-02-07T15:10:18+00:00\",\"mainEntityOfPage\":{\"@id\":\"https:\/\/jornalfatosenoticias.com.br\/index.php\/2022\/02\/07\/por-que-ha-casos-em-que-filhos-podam-os-pais-idosos-com-certa-violencia\/\"},\"wordCount\":987,\"commentCount\":0,\"publisher\":{\"@id\":\"https:\/\/jornalfatosenoticias.com.br\/#organization\"},\"image\":{\"@id\":\"https:\/\/jornalfatosenoticias.com.br\/index.php\/2022\/02\/07\/por-que-ha-casos-em-que-filhos-podam-os-pais-idosos-com-certa-violencia\/#primaryimage\"},\"thumbnailUrl\":\"https:\/\/jornalfatosenoticias.com.br\/wp-content\/uploads\/2022\/02\/discussao-entre-filho-e-pai-idoso.jpg\",\"keywords\":[\"cuidados idosos\",\"Disque 100\",\"filhos\",\"idosos\",\"maus-tratos\"],\"articleSection\":[\"Comportamento &amp; Equil\u00edbrio\"],\"inLanguage\":\"pt-BR\",\"potentialAction\":[{\"@type\":\"CommentAction\",\"name\":\"Comment\",\"target\":[\"https:\/\/jornalfatosenoticias.com.br\/index.php\/2022\/02\/07\/por-que-ha-casos-em-que-filhos-podam-os-pais-idosos-com-certa-violencia\/#respond\"]}]},{\"@type\":\"WebPage\",\"@id\":\"https:\/\/jornalfatosenoticias.com.br\/index.php\/2022\/02\/07\/por-que-ha-casos-em-que-filhos-podam-os-pais-idosos-com-certa-violencia\/\",\"url\":\"https:\/\/jornalfatosenoticias.com.br\/index.php\/2022\/02\/07\/por-que-ha-casos-em-que-filhos-podam-os-pais-idosos-com-certa-violencia\/\",\"name\":\"Por que h\u00e1 casos em que filhos 'podam' os pais idosos com certa viol\u00eancia? - Jornal Fatos e Not\u00edcias\",\"isPartOf\":{\"@id\":\"https:\/\/jornalfatosenoticias.com.br\/#website\"},\"primaryImageOfPage\":{\"@id\":\"https:\/\/jornalfatosenoticias.com.br\/index.php\/2022\/02\/07\/por-que-ha-casos-em-que-filhos-podam-os-pais-idosos-com-certa-violencia\/#primaryimage\"},\"image\":{\"@id\":\"https:\/\/jornalfatosenoticias.com.br\/index.php\/2022\/02\/07\/por-que-ha-casos-em-que-filhos-podam-os-pais-idosos-com-certa-violencia\/#primaryimage\"},\"thumbnailUrl\":\"https:\/\/jornalfatosenoticias.com.br\/wp-content\/uploads\/2022\/02\/discussao-entre-filho-e-pai-idoso.jpg\",\"datePublished\":\"2022-02-07T15:09:06+00:00\",\"dateModified\":\"2022-02-07T15:10:18+00:00\",\"breadcrumb\":{\"@id\":\"https:\/\/jornalfatosenoticias.com.br\/index.php\/2022\/02\/07\/por-que-ha-casos-em-que-filhos-podam-os-pais-idosos-com-certa-violencia\/#breadcrumb\"},\"inLanguage\":\"pt-BR\",\"potentialAction\":[{\"@type\":\"ReadAction\",\"target\":[\"https:\/\/jornalfatosenoticias.com.br\/index.php\/2022\/02\/07\/por-que-ha-casos-em-que-filhos-podam-os-pais-idosos-com-certa-violencia\/\"]}]},{\"@type\":\"ImageObject\",\"inLanguage\":\"pt-BR\",\"@id\":\"https:\/\/jornalfatosenoticias.com.br\/index.php\/2022\/02\/07\/por-que-ha-casos-em-que-filhos-podam-os-pais-idosos-com-certa-violencia\/#primaryimage\",\"url\":\"https:\/\/jornalfatosenoticias.com.br\/wp-content\/uploads\/2022\/02\/discussao-entre-filho-e-pai-idoso.jpg\",\"contentUrl\":\"https:\/\/jornalfatosenoticias.com.br\/wp-content\/uploads\/2022\/02\/discussao-entre-filho-e-pai-idoso.jpg\",\"width\":1000,\"height\":562},{\"@type\":\"BreadcrumbList\",\"@id\":\"https:\/\/jornalfatosenoticias.com.br\/index.php\/2022\/02\/07\/por-que-ha-casos-em-que-filhos-podam-os-pais-idosos-com-certa-violencia\/#breadcrumb\",\"itemListElement\":[{\"@type\":\"ListItem\",\"position\":1,\"name\":\"In\u00edcio\",\"item\":\"https:\/\/jornalfatosenoticias.com.br\/\"},{\"@type\":\"ListItem\",\"position\":2,\"name\":\"Por que h\u00e1 casos em que filhos &#8216;podam&#8217; os pais idosos com certa viol\u00eancia?\"}]},{\"@type\":\"WebSite\",\"@id\":\"https:\/\/jornalfatosenoticias.com.br\/#website\",\"url\":\"https:\/\/jornalfatosenoticias.com.br\/\",\"name\":\"Jornal Fatos e Not\u00edcias\",\"description\":\"Not\u00edcias em geral\",\"publisher\":{\"@id\":\"https:\/\/jornalfatosenoticias.com.br\/#organization\"},\"potentialAction\":[{\"@type\":\"SearchAction\",\"target\":{\"@type\":\"EntryPoint\",\"urlTemplate\":\"https:\/\/jornalfatosenoticias.com.br\/?s={search_term_string}\"},\"query-input\":{\"@type\":\"PropertyValueSpecification\",\"valueRequired\":true,\"valueName\":\"search_term_string\"}}],\"inLanguage\":\"pt-BR\"},{\"@type\":\"Organization\",\"@id\":\"https:\/\/jornalfatosenoticias.com.br\/#organization\",\"name\":\"Jornal Fatos e Not\u00edcias\",\"url\":\"https:\/\/jornalfatosenoticias.com.br\/\",\"logo\":{\"@type\":\"ImageObject\",\"inLanguage\":\"pt-BR\",\"@id\":\"https:\/\/jornalfatosenoticias.com.br\/#\/schema\/logo\/image\/\",\"url\":\"https:\/\/jornalfatosenoticias.com.br\/wp-content\/uploads\/2020\/02\/logo120.png\",\"contentUrl\":\"https:\/\/jornalfatosenoticias.com.br\/wp-content\/uploads\/2020\/02\/logo120.png\",\"width\":1227,\"height\":120,\"caption\":\"Jornal Fatos e Not\u00edcias\"},\"image\":{\"@id\":\"https:\/\/jornalfatosenoticias.com.br\/#\/schema\/logo\/image\/\"}},{\"@type\":\"Person\",\"@id\":\"https:\/\/jornalfatosenoticias.com.br\/#\/schema\/person\/d63837fa13ac8666eb9e74e0985d6f81\",\"name\":\"Luzimara Fernandes\",\"image\":{\"@type\":\"ImageObject\",\"inLanguage\":\"pt-BR\",\"@id\":\"https:\/\/jornalfatosenoticias.com.br\/#\/schema\/person\/image\/\",\"url\":\"https:\/\/jornalfatosenoticias.com.br\/wp-content\/uploads\/2025\/05\/EU_portal.jpg\",\"contentUrl\":\"https:\/\/jornalfatosenoticias.com.br\/wp-content\/uploads\/2025\/05\/EU_portal.jpg\",\"caption\":\"Luzimara Fernandes\"},\"description\":\"Jornalista MTB 2358-ES\",\"sameAs\":[\"https:\/\/jornalfatosenoticias.com.br\"],\"url\":\"https:\/\/jornalfatosenoticias.com.br\/index.php\/author\/luzimara\/\"}]}<\/script>\n<!-- \/ Yoast SEO plugin. -->","yoast_head_json":{"title":"Por que h\u00e1 casos em que filhos 'podam' os pais idosos com certa viol\u00eancia? - Jornal Fatos e Not\u00edcias","robots":{"index":"index","follow":"follow","max-snippet":"max-snippet:-1","max-image-preview":"max-image-preview:large","max-video-preview":"max-video-preview:-1"},"canonical":"https:\/\/jornalfatosenoticias.com.br\/index.php\/2022\/02\/07\/por-que-ha-casos-em-que-filhos-podam-os-pais-idosos-com-certa-violencia\/","og_locale":"pt_BR","og_type":"article","og_title":"Por que h\u00e1 casos em que filhos 'podam' os pais idosos com certa viol\u00eancia? - Jornal Fatos e Not\u00edcias","og_description":"A pandemia do novo coronav\u00edrus agravou a situa\u00e7\u00e3o de muitos idosos dependentes dos filhos, que correspondem em torno de 65% dos suspeitos de viol\u00eancia contra esse grupo et\u00e1rio. As informa\u00e7\u00f5es s\u00e3o de 2021, com dados da Ouvidoria Nacional de Direitos Humanos (ONDH). At\u00e9 o primeiro semestre de 2021, o n\u00famero de den\u00fancias registrado pelo Disque [&hellip;]","og_url":"https:\/\/jornalfatosenoticias.com.br\/index.php\/2022\/02\/07\/por-que-ha-casos-em-que-filhos-podam-os-pais-idosos-com-certa-violencia\/","og_site_name":"Jornal Fatos e Not\u00edcias","article_published_time":"2022-02-07T15:09:06+00:00","article_modified_time":"2022-02-07T15:10:18+00:00","og_image":[{"width":1000,"height":562,"url":"https:\/\/jornalfatosenoticias.com.br\/wp-content\/uploads\/2022\/02\/discussao-entre-filho-e-pai-idoso.jpg","type":"image\/jpeg"}],"author":"Luzimara Fernandes","twitter_card":"summary_large_image","twitter_misc":{"Escrito por":"Luzimara Fernandes","Est. tempo de leitura":"5 minutos"},"schema":{"@context":"https:\/\/schema.org","@graph":[{"@type":"Article","@id":"https:\/\/jornalfatosenoticias.com.br\/index.php\/2022\/02\/07\/por-que-ha-casos-em-que-filhos-podam-os-pais-idosos-com-certa-violencia\/#article","isPartOf":{"@id":"https:\/\/jornalfatosenoticias.com.br\/index.php\/2022\/02\/07\/por-que-ha-casos-em-que-filhos-podam-os-pais-idosos-com-certa-violencia\/"},"author":{"name":"Luzimara Fernandes","@id":"https:\/\/jornalfatosenoticias.com.br\/#\/schema\/person\/d63837fa13ac8666eb9e74e0985d6f81"},"headline":"Por que h\u00e1 casos em que filhos &#8216;podam&#8217; os pais idosos com certa viol\u00eancia?","datePublished":"2022-02-07T15:09:06+00:00","dateModified":"2022-02-07T15:10:18+00:00","mainEntityOfPage":{"@id":"https:\/\/jornalfatosenoticias.com.br\/index.php\/2022\/02\/07\/por-que-ha-casos-em-que-filhos-podam-os-pais-idosos-com-certa-violencia\/"},"wordCount":987,"commentCount":0,"publisher":{"@id":"https:\/\/jornalfatosenoticias.com.br\/#organization"},"image":{"@id":"https:\/\/jornalfatosenoticias.com.br\/index.php\/2022\/02\/07\/por-que-ha-casos-em-que-filhos-podam-os-pais-idosos-com-certa-violencia\/#primaryimage"},"thumbnailUrl":"https:\/\/jornalfatosenoticias.com.br\/wp-content\/uploads\/2022\/02\/discussao-entre-filho-e-pai-idoso.jpg","keywords":["cuidados idosos","Disque 100","filhos","idosos","maus-tratos"],"articleSection":["Comportamento &amp; Equil\u00edbrio"],"inLanguage":"pt-BR","potentialAction":[{"@type":"CommentAction","name":"Comment","target":["https:\/\/jornalfatosenoticias.com.br\/index.php\/2022\/02\/07\/por-que-ha-casos-em-que-filhos-podam-os-pais-idosos-com-certa-violencia\/#respond"]}]},{"@type":"WebPage","@id":"https:\/\/jornalfatosenoticias.com.br\/index.php\/2022\/02\/07\/por-que-ha-casos-em-que-filhos-podam-os-pais-idosos-com-certa-violencia\/","url":"https:\/\/jornalfatosenoticias.com.br\/index.php\/2022\/02\/07\/por-que-ha-casos-em-que-filhos-podam-os-pais-idosos-com-certa-violencia\/","name":"Por que h\u00e1 casos em que filhos 'podam' os pais idosos com certa viol\u00eancia? - Jornal Fatos e Not\u00edcias","isPartOf":{"@id":"https:\/\/jornalfatosenoticias.com.br\/#website"},"primaryImageOfPage":{"@id":"https:\/\/jornalfatosenoticias.com.br\/index.php\/2022\/02\/07\/por-que-ha-casos-em-que-filhos-podam-os-pais-idosos-com-certa-violencia\/#primaryimage"},"image":{"@id":"https:\/\/jornalfatosenoticias.com.br\/index.php\/2022\/02\/07\/por-que-ha-casos-em-que-filhos-podam-os-pais-idosos-com-certa-violencia\/#primaryimage"},"thumbnailUrl":"https:\/\/jornalfatosenoticias.com.br\/wp-content\/uploads\/2022\/02\/discussao-entre-filho-e-pai-idoso.jpg","datePublished":"2022-02-07T15:09:06+00:00","dateModified":"2022-02-07T15:10:18+00:00","breadcrumb":{"@id":"https:\/\/jornalfatosenoticias.com.br\/index.php\/2022\/02\/07\/por-que-ha-casos-em-que-filhos-podam-os-pais-idosos-com-certa-violencia\/#breadcrumb"},"inLanguage":"pt-BR","potentialAction":[{"@type":"ReadAction","target":["https:\/\/jornalfatosenoticias.com.br\/index.php\/2022\/02\/07\/por-que-ha-casos-em-que-filhos-podam-os-pais-idosos-com-certa-violencia\/"]}]},{"@type":"ImageObject","inLanguage":"pt-BR","@id":"https:\/\/jornalfatosenoticias.com.br\/index.php\/2022\/02\/07\/por-que-ha-casos-em-que-filhos-podam-os-pais-idosos-com-certa-violencia\/#primaryimage","url":"https:\/\/jornalfatosenoticias.com.br\/wp-content\/uploads\/2022\/02\/discussao-entre-filho-e-pai-idoso.jpg","contentUrl":"https:\/\/jornalfatosenoticias.com.br\/wp-content\/uploads\/2022\/02\/discussao-entre-filho-e-pai-idoso.jpg","width":1000,"height":562},{"@type":"BreadcrumbList","@id":"https:\/\/jornalfatosenoticias.com.br\/index.php\/2022\/02\/07\/por-que-ha-casos-em-que-filhos-podam-os-pais-idosos-com-certa-violencia\/#breadcrumb","itemListElement":[{"@type":"ListItem","position":1,"name":"In\u00edcio","item":"https:\/\/jornalfatosenoticias.com.br\/"},{"@type":"ListItem","position":2,"name":"Por que h\u00e1 casos em que filhos &#8216;podam&#8217; os pais idosos com certa viol\u00eancia?"}]},{"@type":"WebSite","@id":"https:\/\/jornalfatosenoticias.com.br\/#website","url":"https:\/\/jornalfatosenoticias.com.br\/","name":"Jornal Fatos e Not\u00edcias","description":"Not\u00edcias em geral","publisher":{"@id":"https:\/\/jornalfatosenoticias.com.br\/#organization"},"potentialAction":[{"@type":"SearchAction","target":{"@type":"EntryPoint","urlTemplate":"https:\/\/jornalfatosenoticias.com.br\/?s={search_term_string}"},"query-input":{"@type":"PropertyValueSpecification","valueRequired":true,"valueName":"search_term_string"}}],"inLanguage":"pt-BR"},{"@type":"Organization","@id":"https:\/\/jornalfatosenoticias.com.br\/#organization","name":"Jornal Fatos e Not\u00edcias","url":"https:\/\/jornalfatosenoticias.com.br\/","logo":{"@type":"ImageObject","inLanguage":"pt-BR","@id":"https:\/\/jornalfatosenoticias.com.br\/#\/schema\/logo\/image\/","url":"https:\/\/jornalfatosenoticias.com.br\/wp-content\/uploads\/2020\/02\/logo120.png","contentUrl":"https:\/\/jornalfatosenoticias.com.br\/wp-content\/uploads\/2020\/02\/logo120.png","width":1227,"height":120,"caption":"Jornal Fatos e Not\u00edcias"},"image":{"@id":"https:\/\/jornalfatosenoticias.com.br\/#\/schema\/logo\/image\/"}},{"@type":"Person","@id":"https:\/\/jornalfatosenoticias.com.br\/#\/schema\/person\/d63837fa13ac8666eb9e74e0985d6f81","name":"Luzimara Fernandes","image":{"@type":"ImageObject","inLanguage":"pt-BR","@id":"https:\/\/jornalfatosenoticias.com.br\/#\/schema\/person\/image\/","url":"https:\/\/jornalfatosenoticias.com.br\/wp-content\/uploads\/2025\/05\/EU_portal.jpg","contentUrl":"https:\/\/jornalfatosenoticias.com.br\/wp-content\/uploads\/2025\/05\/EU_portal.jpg","caption":"Luzimara Fernandes"},"description":"Jornalista MTB 2358-ES","sameAs":["https:\/\/jornalfatosenoticias.com.br"],"url":"https:\/\/jornalfatosenoticias.com.br\/index.php\/author\/luzimara\/"}]}},"cc_featured_image_caption":{"caption_text":"(Foto: iStock)","source_text":"","source_url":""},"jetpack_featured_media_url":"https:\/\/jornalfatosenoticias.com.br\/wp-content\/uploads\/2022\/02\/discussao-entre-filho-e-pai-idoso.jpg","_links":{"self":[{"href":"https:\/\/jornalfatosenoticias.com.br\/index.php\/wp-json\/wp\/v2\/posts\/27587","targetHints":{"allow":["GET"]}}],"collection":[{"href":"https:\/\/jornalfatosenoticias.com.br\/index.php\/wp-json\/wp\/v2\/posts"}],"about":[{"href":"https:\/\/jornalfatosenoticias.com.br\/index.php\/wp-json\/wp\/v2\/types\/post"}],"author":[{"embeddable":true,"href":"https:\/\/jornalfatosenoticias.com.br\/index.php\/wp-json\/wp\/v2\/users\/2"}],"replies":[{"embeddable":true,"href":"https:\/\/jornalfatosenoticias.com.br\/index.php\/wp-json\/wp\/v2\/comments?post=27587"}],"version-history":[{"count":0,"href":"https:\/\/jornalfatosenoticias.com.br\/index.php\/wp-json\/wp\/v2\/posts\/27587\/revisions"}],"wp:featuredmedia":[{"embeddable":true,"href":"https:\/\/jornalfatosenoticias.com.br\/index.php\/wp-json\/wp\/v2\/media\/27591"}],"wp:attachment":[{"href":"https:\/\/jornalfatosenoticias.com.br\/index.php\/wp-json\/wp\/v2\/media?parent=27587"}],"wp:term":[{"taxonomy":"category","embeddable":true,"href":"https:\/\/jornalfatosenoticias.com.br\/index.php\/wp-json\/wp\/v2\/categories?post=27587"},{"taxonomy":"post_tag","embeddable":true,"href":"https:\/\/jornalfatosenoticias.com.br\/index.php\/wp-json\/wp\/v2\/tags?post=27587"}],"curies":[{"name":"wp","href":"https:\/\/api.w.org\/{rel}","templated":true}]}}