{"id":27663,"date":"2022-02-08T12:21:22","date_gmt":"2022-02-08T15:21:22","guid":{"rendered":"https:\/\/jornalfatosenoticias.com.br\/?p=27663"},"modified":"2022-02-08T12:21:23","modified_gmt":"2022-02-08T15:21:23","slug":"sementes-magneticas-prometem-revolucionar-tratamento-do-cancer","status":"publish","type":"post","link":"https:\/\/jornalfatosenoticias.com.br\/index.php\/2022\/02\/08\/sementes-magneticas-prometem-revolucionar-tratamento-do-cancer\/","title":{"rendered":"Sementes magn\u00e9ticas prometem revolucionar tratamento do c\u00e2ncer"},"content":{"rendered":"\n<p>Um grupo de cientistas da Universidade de Londres (UCL) desenvolveu uma nova terapia contra o c\u00e2ncer que usa sementes magn\u00e9ticas para aquecer e matar c\u00e9lulas cancer\u00edgenas. Este novo m\u00e9todo pode ser bastante promissor para o tratamento de tumores cerebrais e em outras partes do corpo.<br>A terapia, que foi batizada de abla\u00e7\u00e3o guiada por imagem minimamente invasiva (Minima, na sigla em ingl\u00eas), \u00e9 composta por uma esp\u00e9cie de semente ferromagn\u00e9tica. Essa semente \u00e9 navegada para o tumor com aux\u00edlio de gradientes de propuls\u00e3o gerados por um scanner de resson\u00e2ncia magn\u00e9tica.<\/p>\n\n\n\n<p><strong><span class=\"has-inline-color has-black-color\">Aquecer e matar<br><\/span><\/strong>Em seguida, a semente \u00e9 aquecida remotamente com o objetivo de matar c\u00e9lulas cancer\u00edgenas que estejam pr\u00f3ximas. Segundo os pesquisadores, as descobertas estabelecem uma \u201cprova de conceito\u201d para o tratamento de glioblastoma de dif\u00edcil acesso e outros c\u00e2nceres, como de pr\u00f3stata.<\/p>\n\n\n\n<blockquote class=\"wp-block-quote is-layout-flow wp-block-quote-is-layout-flow\"><p><span class=\"has-inline-color has-luminous-vivid-orange-color\">\u201cO Minima \u00e9 uma nova terapia guiada por resson\u00e2ncia magn\u00e9tica que tem o potencial de evitar os efeitos colaterais tradicionais ao tratar com precis\u00e3o o tumor sem prejudicar os tecidos saud\u00e1veis\u201d, escreveu o autor s\u00eanior do estudo, Mark Lythgoe.<\/span><\/p><\/blockquote>\n\n\n\n<p>Segundo Lythgoe, como a semente de aquecimento \u00e9 magn\u00e9tica, os campos magn\u00e9ticos no scanner de resson\u00e2ncia podem ser usados para orientar a semente atrav\u00e9s do tecido at\u00e9 o tumor. \u201cUma vez no tumor, a semente pode ser aquecida, destruindo as c\u00e9lulas cancerosas\u201d, disse o m\u00e9dico.<\/p>\n\n\n\n<figure class=\"wp-block-image size-large\"><img loading=\"lazy\" decoding=\"async\" width=\"1000\" height=\"775\" src=\"https:\/\/jornalfatosenoticias.com.br\/wp-content\/uploads\/2022\/02\/semente-magnetica-contra-o-cancer2.jpg\" alt=\"\" class=\"wp-image-27664\" srcset=\"https:\/\/jornalfatosenoticias.com.br\/wp-content\/uploads\/2022\/02\/semente-magnetica-contra-o-cancer2.jpg 1000w, https:\/\/jornalfatosenoticias.com.br\/wp-content\/uploads\/2022\/02\/semente-magnetica-contra-o-cancer2-300x233.jpg 300w, https:\/\/jornalfatosenoticias.com.br\/wp-content\/uploads\/2022\/02\/semente-magnetica-contra-o-cancer2-768x595.jpg 768w\" sizes=\"auto, (max-width: 1000px) 100vw, 1000px\" \/><figcaption><em><span class=\"has-inline-color has-black-color\">Ilustra\u00e7\u00e3o demonstrando o funcionamento do Minima no tratamento de c\u00e2ncer (Foto: Mark Lythgoe\/UCL)<\/span><\/em><\/figcaption><\/figure>\n\n\n\n<p><strong><span class=\"has-inline-color has-black-color\">Pequenas sementes met\u00e1licas<br><\/span><\/strong>As sementes magn\u00e9ticas s\u00e3o feitas de uma liga met\u00e1lica, t\u00eam formato esf\u00e9rico e cerca de 2mm de comprimento. Elas s\u00e3o implantadas superficialmente no tecido antes de serem programadas para rastrear, aquecer e matar as c\u00e9lulas cancer\u00edgenas.<br>Hoje, os scanners de resson\u00e2ncia magn\u00e9tica est\u00e3o amplamente dispon\u00edveis em hospitais do mundo inteiro, sendo importantes no diagn\u00f3stico de c\u00e2ncer. Por\u00e9m, o Minima tem o potencial de elevar os scanners para a categoria de plataforma terap\u00eautica, e n\u00e3o s\u00f3 de diagn\u00f3stico.<\/p>\n\n\n\n<blockquote class=\"wp-block-quote is-layout-flow wp-block-quote-is-layout-flow\"><p><span class=\"has-inline-color has-luminous-vivid-orange-color\">\u201c\u00c0 medida que a semente \u00e9 guiada atrav\u00e9s do tecido, ela pode ser aquecida para destruir o c\u00e2ncer. Isso combina terapia e diagn\u00f3stico em um \u00fanico dispositivo, criando uma classe completamente nova de terapia por imagem\u201d, escreveu Lythgoe.<\/span><\/p><\/blockquote>\n\n\n\n<p><strong><em>Fonte: <a href=\"https:\/\/olhardigital.com.br\/2022\/02\/06\/medicina-e-saude\/sementes-magneticas-prometem-revolucionar-tratamento-do-cancer\/\">Olhar Digital<\/a><\/em><\/strong><\/p>\n","protected":false},"excerpt":{"rendered":"<p>Um grupo de cientistas da Universidade de Londres (UCL) desenvolveu uma nova terapia contra o c\u00e2ncer que usa sementes magn\u00e9ticas para aquecer e matar c\u00e9lulas cancer\u00edgenas. Este novo m\u00e9todo pode ser bastante promissor para o tratamento de tumores cerebrais e em outras partes do corpo.A terapia, que foi batizada de abla\u00e7\u00e3o guiada por imagem minimamente [&hellip;]<\/p>\n","protected":false},"author":2,"featured_media":27665,"comment_status":"open","ping_status":"open","sticky":false,"template":"","format":"standard","meta":{"footnotes":""},"categories":[11],"tags":[642,10908,2336,7563],"class_list":["post-27663","post","type-post","status-publish","format-standard","has-post-thumbnail","hentry","category-saude","tag-cancer","tag-cancer-no-cerebro","tag-cerebro","tag-tratamento-de-cancer"],"yoast_head":"<!-- This site is optimized with the Yoast SEO plugin v26.5 - https:\/\/yoast.com\/wordpress\/plugins\/seo\/ -->\n<title>Sementes magn\u00e9ticas prometem revolucionar tratamento do c\u00e2ncer - Jornal Fatos e Not\u00edcias<\/title>\n<meta name=\"robots\" content=\"index, follow, max-snippet:-1, max-image-preview:large, max-video-preview:-1\" \/>\n<link rel=\"canonical\" href=\"https:\/\/jornalfatosenoticias.com.br\/index.php\/2022\/02\/08\/sementes-magneticas-prometem-revolucionar-tratamento-do-cancer\/\" \/>\n<meta property=\"og:locale\" content=\"pt_BR\" \/>\n<meta property=\"og:type\" content=\"article\" \/>\n<meta property=\"og:title\" content=\"Sementes magn\u00e9ticas prometem revolucionar tratamento do c\u00e2ncer - Jornal Fatos e Not\u00edcias\" \/>\n<meta property=\"og:description\" content=\"Um grupo de cientistas da Universidade de Londres (UCL) desenvolveu uma nova terapia contra o c\u00e2ncer que usa sementes magn\u00e9ticas para aquecer e matar c\u00e9lulas cancer\u00edgenas. Este novo m\u00e9todo pode ser bastante promissor para o tratamento de tumores cerebrais e em outras partes do corpo.A terapia, que foi batizada de abla\u00e7\u00e3o guiada por imagem minimamente [&hellip;]\" \/>\n<meta property=\"og:url\" content=\"https:\/\/jornalfatosenoticias.com.br\/index.php\/2022\/02\/08\/sementes-magneticas-prometem-revolucionar-tratamento-do-cancer\/\" \/>\n<meta property=\"og:site_name\" content=\"Jornal Fatos e Not\u00edcias\" \/>\n<meta property=\"article:published_time\" content=\"2022-02-08T15:21:22+00:00\" \/>\n<meta property=\"article:modified_time\" content=\"2022-02-08T15:21:23+00:00\" \/>\n<meta property=\"og:image\" content=\"https:\/\/jornalfatosenoticias.com.br\/wp-content\/uploads\/2022\/02\/semente-magnetica-contra-o-cancer_capa.jpg\" \/>\n\t<meta property=\"og:image:width\" content=\"1000\" \/>\n\t<meta property=\"og:image:height\" content=\"525\" \/>\n\t<meta property=\"og:image:type\" content=\"image\/jpeg\" \/>\n<meta name=\"author\" content=\"Luzimara Fernandes\" \/>\n<meta name=\"twitter:card\" content=\"summary_large_image\" \/>\n<meta name=\"twitter:label1\" content=\"Escrito por\" \/>\n\t<meta name=\"twitter:data1\" content=\"Luzimara Fernandes\" \/>\n\t<meta name=\"twitter:label2\" content=\"Est. tempo de leitura\" \/>\n\t<meta name=\"twitter:data2\" content=\"2 minutos\" \/>\n<script type=\"application\/ld+json\" class=\"yoast-schema-graph\">{\"@context\":\"https:\/\/schema.org\",\"@graph\":[{\"@type\":\"Article\",\"@id\":\"https:\/\/jornalfatosenoticias.com.br\/index.php\/2022\/02\/08\/sementes-magneticas-prometem-revolucionar-tratamento-do-cancer\/#article\",\"isPartOf\":{\"@id\":\"https:\/\/jornalfatosenoticias.com.br\/index.php\/2022\/02\/08\/sementes-magneticas-prometem-revolucionar-tratamento-do-cancer\/\"},\"author\":{\"name\":\"Luzimara Fernandes\",\"@id\":\"https:\/\/jornalfatosenoticias.com.br\/#\/schema\/person\/d63837fa13ac8666eb9e74e0985d6f81\"},\"headline\":\"Sementes magn\u00e9ticas prometem revolucionar tratamento do c\u00e2ncer\",\"datePublished\":\"2022-02-08T15:21:22+00:00\",\"dateModified\":\"2022-02-08T15:21:23+00:00\",\"mainEntityOfPage\":{\"@id\":\"https:\/\/jornalfatosenoticias.com.br\/index.php\/2022\/02\/08\/sementes-magneticas-prometem-revolucionar-tratamento-do-cancer\/\"},\"wordCount\":409,\"commentCount\":0,\"publisher\":{\"@id\":\"https:\/\/jornalfatosenoticias.com.br\/#organization\"},\"image\":{\"@id\":\"https:\/\/jornalfatosenoticias.com.br\/index.php\/2022\/02\/08\/sementes-magneticas-prometem-revolucionar-tratamento-do-cancer\/#primaryimage\"},\"thumbnailUrl\":\"https:\/\/jornalfatosenoticias.com.br\/wp-content\/uploads\/2022\/02\/semente-magnetica-contra-o-cancer_capa.jpg\",\"keywords\":[\"c\u00e2ncer\",\"c\u00e2ncer no c\u00e9rebro\",\"c\u00e9rebro\",\"tratamento de c\u00e2ncer\"],\"articleSection\":[\"Sa\u00fade\"],\"inLanguage\":\"pt-BR\",\"potentialAction\":[{\"@type\":\"CommentAction\",\"name\":\"Comment\",\"target\":[\"https:\/\/jornalfatosenoticias.com.br\/index.php\/2022\/02\/08\/sementes-magneticas-prometem-revolucionar-tratamento-do-cancer\/#respond\"]}]},{\"@type\":\"WebPage\",\"@id\":\"https:\/\/jornalfatosenoticias.com.br\/index.php\/2022\/02\/08\/sementes-magneticas-prometem-revolucionar-tratamento-do-cancer\/\",\"url\":\"https:\/\/jornalfatosenoticias.com.br\/index.php\/2022\/02\/08\/sementes-magneticas-prometem-revolucionar-tratamento-do-cancer\/\",\"name\":\"Sementes magn\u00e9ticas prometem revolucionar tratamento do c\u00e2ncer - Jornal Fatos e Not\u00edcias\",\"isPartOf\":{\"@id\":\"https:\/\/jornalfatosenoticias.com.br\/#website\"},\"primaryImageOfPage\":{\"@id\":\"https:\/\/jornalfatosenoticias.com.br\/index.php\/2022\/02\/08\/sementes-magneticas-prometem-revolucionar-tratamento-do-cancer\/#primaryimage\"},\"image\":{\"@id\":\"https:\/\/jornalfatosenoticias.com.br\/index.php\/2022\/02\/08\/sementes-magneticas-prometem-revolucionar-tratamento-do-cancer\/#primaryimage\"},\"thumbnailUrl\":\"https:\/\/jornalfatosenoticias.com.br\/wp-content\/uploads\/2022\/02\/semente-magnetica-contra-o-cancer_capa.jpg\",\"datePublished\":\"2022-02-08T15:21:22+00:00\",\"dateModified\":\"2022-02-08T15:21:23+00:00\",\"breadcrumb\":{\"@id\":\"https:\/\/jornalfatosenoticias.com.br\/index.php\/2022\/02\/08\/sementes-magneticas-prometem-revolucionar-tratamento-do-cancer\/#breadcrumb\"},\"inLanguage\":\"pt-BR\",\"potentialAction\":[{\"@type\":\"ReadAction\",\"target\":[\"https:\/\/jornalfatosenoticias.com.br\/index.php\/2022\/02\/08\/sementes-magneticas-prometem-revolucionar-tratamento-do-cancer\/\"]}]},{\"@type\":\"ImageObject\",\"inLanguage\":\"pt-BR\",\"@id\":\"https:\/\/jornalfatosenoticias.com.br\/index.php\/2022\/02\/08\/sementes-magneticas-prometem-revolucionar-tratamento-do-cancer\/#primaryimage\",\"url\":\"https:\/\/jornalfatosenoticias.com.br\/wp-content\/uploads\/2022\/02\/semente-magnetica-contra-o-cancer_capa.jpg\",\"contentUrl\":\"https:\/\/jornalfatosenoticias.com.br\/wp-content\/uploads\/2022\/02\/semente-magnetica-contra-o-cancer_capa.jpg\",\"width\":1000,\"height\":525},{\"@type\":\"BreadcrumbList\",\"@id\":\"https:\/\/jornalfatosenoticias.com.br\/index.php\/2022\/02\/08\/sementes-magneticas-prometem-revolucionar-tratamento-do-cancer\/#breadcrumb\",\"itemListElement\":[{\"@type\":\"ListItem\",\"position\":1,\"name\":\"In\u00edcio\",\"item\":\"https:\/\/jornalfatosenoticias.com.br\/\"},{\"@type\":\"ListItem\",\"position\":2,\"name\":\"Sementes magn\u00e9ticas prometem revolucionar tratamento do c\u00e2ncer\"}]},{\"@type\":\"WebSite\",\"@id\":\"https:\/\/jornalfatosenoticias.com.br\/#website\",\"url\":\"https:\/\/jornalfatosenoticias.com.br\/\",\"name\":\"Jornal Fatos e Not\u00edcias\",\"description\":\"Not\u00edcias em geral\",\"publisher\":{\"@id\":\"https:\/\/jornalfatosenoticias.com.br\/#organization\"},\"potentialAction\":[{\"@type\":\"SearchAction\",\"target\":{\"@type\":\"EntryPoint\",\"urlTemplate\":\"https:\/\/jornalfatosenoticias.com.br\/?s={search_term_string}\"},\"query-input\":{\"@type\":\"PropertyValueSpecification\",\"valueRequired\":true,\"valueName\":\"search_term_string\"}}],\"inLanguage\":\"pt-BR\"},{\"@type\":\"Organization\",\"@id\":\"https:\/\/jornalfatosenoticias.com.br\/#organization\",\"name\":\"Jornal Fatos e Not\u00edcias\",\"url\":\"https:\/\/jornalfatosenoticias.com.br\/\",\"logo\":{\"@type\":\"ImageObject\",\"inLanguage\":\"pt-BR\",\"@id\":\"https:\/\/jornalfatosenoticias.com.br\/#\/schema\/logo\/image\/\",\"url\":\"https:\/\/jornalfatosenoticias.com.br\/wp-content\/uploads\/2020\/02\/logo120.png\",\"contentUrl\":\"https:\/\/jornalfatosenoticias.com.br\/wp-content\/uploads\/2020\/02\/logo120.png\",\"width\":1227,\"height\":120,\"caption\":\"Jornal Fatos e Not\u00edcias\"},\"image\":{\"@id\":\"https:\/\/jornalfatosenoticias.com.br\/#\/schema\/logo\/image\/\"}},{\"@type\":\"Person\",\"@id\":\"https:\/\/jornalfatosenoticias.com.br\/#\/schema\/person\/d63837fa13ac8666eb9e74e0985d6f81\",\"name\":\"Luzimara Fernandes\",\"image\":{\"@type\":\"ImageObject\",\"inLanguage\":\"pt-BR\",\"@id\":\"https:\/\/jornalfatosenoticias.com.br\/#\/schema\/person\/image\/\",\"url\":\"https:\/\/jornalfatosenoticias.com.br\/wp-content\/uploads\/2025\/05\/EU_portal.jpg\",\"contentUrl\":\"https:\/\/jornalfatosenoticias.com.br\/wp-content\/uploads\/2025\/05\/EU_portal.jpg\",\"caption\":\"Luzimara Fernandes\"},\"description\":\"Jornalista MTB 2358-ES\",\"sameAs\":[\"https:\/\/jornalfatosenoticias.com.br\"],\"url\":\"https:\/\/jornalfatosenoticias.com.br\/index.php\/author\/luzimara\/\"}]}<\/script>\n<!-- \/ Yoast SEO plugin. -->","yoast_head_json":{"title":"Sementes magn\u00e9ticas prometem revolucionar tratamento do c\u00e2ncer - Jornal Fatos e Not\u00edcias","robots":{"index":"index","follow":"follow","max-snippet":"max-snippet:-1","max-image-preview":"max-image-preview:large","max-video-preview":"max-video-preview:-1"},"canonical":"https:\/\/jornalfatosenoticias.com.br\/index.php\/2022\/02\/08\/sementes-magneticas-prometem-revolucionar-tratamento-do-cancer\/","og_locale":"pt_BR","og_type":"article","og_title":"Sementes magn\u00e9ticas prometem revolucionar tratamento do c\u00e2ncer - Jornal Fatos e Not\u00edcias","og_description":"Um grupo de cientistas da Universidade de Londres (UCL) desenvolveu uma nova terapia contra o c\u00e2ncer que usa sementes magn\u00e9ticas para aquecer e matar c\u00e9lulas cancer\u00edgenas. Este novo m\u00e9todo pode ser bastante promissor para o tratamento de tumores cerebrais e em outras partes do corpo.A terapia, que foi batizada de abla\u00e7\u00e3o guiada por imagem minimamente [&hellip;]","og_url":"https:\/\/jornalfatosenoticias.com.br\/index.php\/2022\/02\/08\/sementes-magneticas-prometem-revolucionar-tratamento-do-cancer\/","og_site_name":"Jornal Fatos e Not\u00edcias","article_published_time":"2022-02-08T15:21:22+00:00","article_modified_time":"2022-02-08T15:21:23+00:00","og_image":[{"width":1000,"height":525,"url":"https:\/\/jornalfatosenoticias.com.br\/wp-content\/uploads\/2022\/02\/semente-magnetica-contra-o-cancer_capa.jpg","type":"image\/jpeg"}],"author":"Luzimara Fernandes","twitter_card":"summary_large_image","twitter_misc":{"Escrito por":"Luzimara Fernandes","Est. tempo de leitura":"2 minutos"},"schema":{"@context":"https:\/\/schema.org","@graph":[{"@type":"Article","@id":"https:\/\/jornalfatosenoticias.com.br\/index.php\/2022\/02\/08\/sementes-magneticas-prometem-revolucionar-tratamento-do-cancer\/#article","isPartOf":{"@id":"https:\/\/jornalfatosenoticias.com.br\/index.php\/2022\/02\/08\/sementes-magneticas-prometem-revolucionar-tratamento-do-cancer\/"},"author":{"name":"Luzimara Fernandes","@id":"https:\/\/jornalfatosenoticias.com.br\/#\/schema\/person\/d63837fa13ac8666eb9e74e0985d6f81"},"headline":"Sementes magn\u00e9ticas prometem revolucionar tratamento do c\u00e2ncer","datePublished":"2022-02-08T15:21:22+00:00","dateModified":"2022-02-08T15:21:23+00:00","mainEntityOfPage":{"@id":"https:\/\/jornalfatosenoticias.com.br\/index.php\/2022\/02\/08\/sementes-magneticas-prometem-revolucionar-tratamento-do-cancer\/"},"wordCount":409,"commentCount":0,"publisher":{"@id":"https:\/\/jornalfatosenoticias.com.br\/#organization"},"image":{"@id":"https:\/\/jornalfatosenoticias.com.br\/index.php\/2022\/02\/08\/sementes-magneticas-prometem-revolucionar-tratamento-do-cancer\/#primaryimage"},"thumbnailUrl":"https:\/\/jornalfatosenoticias.com.br\/wp-content\/uploads\/2022\/02\/semente-magnetica-contra-o-cancer_capa.jpg","keywords":["c\u00e2ncer","c\u00e2ncer no c\u00e9rebro","c\u00e9rebro","tratamento de c\u00e2ncer"],"articleSection":["Sa\u00fade"],"inLanguage":"pt-BR","potentialAction":[{"@type":"CommentAction","name":"Comment","target":["https:\/\/jornalfatosenoticias.com.br\/index.php\/2022\/02\/08\/sementes-magneticas-prometem-revolucionar-tratamento-do-cancer\/#respond"]}]},{"@type":"WebPage","@id":"https:\/\/jornalfatosenoticias.com.br\/index.php\/2022\/02\/08\/sementes-magneticas-prometem-revolucionar-tratamento-do-cancer\/","url":"https:\/\/jornalfatosenoticias.com.br\/index.php\/2022\/02\/08\/sementes-magneticas-prometem-revolucionar-tratamento-do-cancer\/","name":"Sementes magn\u00e9ticas prometem revolucionar tratamento do c\u00e2ncer - Jornal Fatos e Not\u00edcias","isPartOf":{"@id":"https:\/\/jornalfatosenoticias.com.br\/#website"},"primaryImageOfPage":{"@id":"https:\/\/jornalfatosenoticias.com.br\/index.php\/2022\/02\/08\/sementes-magneticas-prometem-revolucionar-tratamento-do-cancer\/#primaryimage"},"image":{"@id":"https:\/\/jornalfatosenoticias.com.br\/index.php\/2022\/02\/08\/sementes-magneticas-prometem-revolucionar-tratamento-do-cancer\/#primaryimage"},"thumbnailUrl":"https:\/\/jornalfatosenoticias.com.br\/wp-content\/uploads\/2022\/02\/semente-magnetica-contra-o-cancer_capa.jpg","datePublished":"2022-02-08T15:21:22+00:00","dateModified":"2022-02-08T15:21:23+00:00","breadcrumb":{"@id":"https:\/\/jornalfatosenoticias.com.br\/index.php\/2022\/02\/08\/sementes-magneticas-prometem-revolucionar-tratamento-do-cancer\/#breadcrumb"},"inLanguage":"pt-BR","potentialAction":[{"@type":"ReadAction","target":["https:\/\/jornalfatosenoticias.com.br\/index.php\/2022\/02\/08\/sementes-magneticas-prometem-revolucionar-tratamento-do-cancer\/"]}]},{"@type":"ImageObject","inLanguage":"pt-BR","@id":"https:\/\/jornalfatosenoticias.com.br\/index.php\/2022\/02\/08\/sementes-magneticas-prometem-revolucionar-tratamento-do-cancer\/#primaryimage","url":"https:\/\/jornalfatosenoticias.com.br\/wp-content\/uploads\/2022\/02\/semente-magnetica-contra-o-cancer_capa.jpg","contentUrl":"https:\/\/jornalfatosenoticias.com.br\/wp-content\/uploads\/2022\/02\/semente-magnetica-contra-o-cancer_capa.jpg","width":1000,"height":525},{"@type":"BreadcrumbList","@id":"https:\/\/jornalfatosenoticias.com.br\/index.php\/2022\/02\/08\/sementes-magneticas-prometem-revolucionar-tratamento-do-cancer\/#breadcrumb","itemListElement":[{"@type":"ListItem","position":1,"name":"In\u00edcio","item":"https:\/\/jornalfatosenoticias.com.br\/"},{"@type":"ListItem","position":2,"name":"Sementes magn\u00e9ticas prometem revolucionar tratamento do c\u00e2ncer"}]},{"@type":"WebSite","@id":"https:\/\/jornalfatosenoticias.com.br\/#website","url":"https:\/\/jornalfatosenoticias.com.br\/","name":"Jornal Fatos e Not\u00edcias","description":"Not\u00edcias em geral","publisher":{"@id":"https:\/\/jornalfatosenoticias.com.br\/#organization"},"potentialAction":[{"@type":"SearchAction","target":{"@type":"EntryPoint","urlTemplate":"https:\/\/jornalfatosenoticias.com.br\/?s={search_term_string}"},"query-input":{"@type":"PropertyValueSpecification","valueRequired":true,"valueName":"search_term_string"}}],"inLanguage":"pt-BR"},{"@type":"Organization","@id":"https:\/\/jornalfatosenoticias.com.br\/#organization","name":"Jornal Fatos e Not\u00edcias","url":"https:\/\/jornalfatosenoticias.com.br\/","logo":{"@type":"ImageObject","inLanguage":"pt-BR","@id":"https:\/\/jornalfatosenoticias.com.br\/#\/schema\/logo\/image\/","url":"https:\/\/jornalfatosenoticias.com.br\/wp-content\/uploads\/2020\/02\/logo120.png","contentUrl":"https:\/\/jornalfatosenoticias.com.br\/wp-content\/uploads\/2020\/02\/logo120.png","width":1227,"height":120,"caption":"Jornal Fatos e Not\u00edcias"},"image":{"@id":"https:\/\/jornalfatosenoticias.com.br\/#\/schema\/logo\/image\/"}},{"@type":"Person","@id":"https:\/\/jornalfatosenoticias.com.br\/#\/schema\/person\/d63837fa13ac8666eb9e74e0985d6f81","name":"Luzimara Fernandes","image":{"@type":"ImageObject","inLanguage":"pt-BR","@id":"https:\/\/jornalfatosenoticias.com.br\/#\/schema\/person\/image\/","url":"https:\/\/jornalfatosenoticias.com.br\/wp-content\/uploads\/2025\/05\/EU_portal.jpg","contentUrl":"https:\/\/jornalfatosenoticias.com.br\/wp-content\/uploads\/2025\/05\/EU_portal.jpg","caption":"Luzimara Fernandes"},"description":"Jornalista MTB 2358-ES","sameAs":["https:\/\/jornalfatosenoticias.com.br"],"url":"https:\/\/jornalfatosenoticias.com.br\/index.php\/author\/luzimara\/"}]}},"cc_featured_image_caption":{"caption_text":"(Foto: Shutterstock)","source_text":"","source_url":""},"jetpack_featured_media_url":"https:\/\/jornalfatosenoticias.com.br\/wp-content\/uploads\/2022\/02\/semente-magnetica-contra-o-cancer_capa.jpg","_links":{"self":[{"href":"https:\/\/jornalfatosenoticias.com.br\/index.php\/wp-json\/wp\/v2\/posts\/27663","targetHints":{"allow":["GET"]}}],"collection":[{"href":"https:\/\/jornalfatosenoticias.com.br\/index.php\/wp-json\/wp\/v2\/posts"}],"about":[{"href":"https:\/\/jornalfatosenoticias.com.br\/index.php\/wp-json\/wp\/v2\/types\/post"}],"author":[{"embeddable":true,"href":"https:\/\/jornalfatosenoticias.com.br\/index.php\/wp-json\/wp\/v2\/users\/2"}],"replies":[{"embeddable":true,"href":"https:\/\/jornalfatosenoticias.com.br\/index.php\/wp-json\/wp\/v2\/comments?post=27663"}],"version-history":[{"count":0,"href":"https:\/\/jornalfatosenoticias.com.br\/index.php\/wp-json\/wp\/v2\/posts\/27663\/revisions"}],"wp:featuredmedia":[{"embeddable":true,"href":"https:\/\/jornalfatosenoticias.com.br\/index.php\/wp-json\/wp\/v2\/media\/27665"}],"wp:attachment":[{"href":"https:\/\/jornalfatosenoticias.com.br\/index.php\/wp-json\/wp\/v2\/media?parent=27663"}],"wp:term":[{"taxonomy":"category","embeddable":true,"href":"https:\/\/jornalfatosenoticias.com.br\/index.php\/wp-json\/wp\/v2\/categories?post=27663"},{"taxonomy":"post_tag","embeddable":true,"href":"https:\/\/jornalfatosenoticias.com.br\/index.php\/wp-json\/wp\/v2\/tags?post=27663"}],"curies":[{"name":"wp","href":"https:\/\/api.w.org\/{rel}","templated":true}]}}