{"id":27677,"date":"2022-02-08T13:12:56","date_gmt":"2022-02-08T16:12:56","guid":{"rendered":"https:\/\/jornalfatosenoticias.com.br\/?p=27677"},"modified":"2022-02-08T13:13:00","modified_gmt":"2022-02-08T16:13:00","slug":"sudeste-africano-13-milhoes-de-pessoas-passam-fome-por-causa-da-seca","status":"publish","type":"post","link":"https:\/\/jornalfatosenoticias.com.br\/index.php\/2022\/02\/08\/sudeste-africano-13-milhoes-de-pessoas-passam-fome-por-causa-da-seca\/","title":{"rendered":"Sudeste africano: 13 milh\u00f5es de pessoas passam fome por causa da seca"},"content":{"rendered":"\n<p><em><span class=\"has-inline-color has-black-color\">ONU alerta que cen\u00e1rio pode piorar nos pr\u00f3ximos meses<\/span><\/em><\/p>\n\n\n\n<p>Treze milh\u00f5es de pessoas est\u00e3o passando fome na Eti\u00f3pia, no Qu\u00eania e na Som\u00e1lia devido \u00e0 seca no Sudeste Africano, a pior desde 1981, alertou hoje (8) o Programa Mundial de Alimentos (PMA) da Organiza\u00e7\u00e3o das Na\u00e7\u00f5es Unidas (ONU).<\/p>\n\n\n\n<blockquote class=\"wp-block-quote is-layout-flow wp-block-quote-is-layout-flow\"><p><span class=\"has-inline-color has-luminous-vivid-orange-color\">&#8220;A situa\u00e7\u00e3o requer interven\u00e7\u00e3o humanit\u00e1ria imediata e apoio cont\u00ednuo \u00e0s comunidades a fim de construir sua resili\u00eancia para o futuro&#8221;, disse o diretor do PMA para a regi\u00e3o, Michael Dunford.<\/span><\/p><\/blockquote>\n\n\n\n<p>Ap\u00f3s tr\u00eas esta\u00e7\u00f5es chuvosas consecutivas, mas com menos quantidade de chuva que o habitual, as colheitas de milh\u00f5es de agricultores est\u00e3o destru\u00eddas e muitos animais dom\u00e9sticos morreram, obrigando as fam\u00edlias a abandonarem suas casas e causando aumento dos conflitos intercomunit\u00e1rios.<\/p>\n\n\n\n<blockquote class=\"wp-block-quote is-layout-flow wp-block-quote-is-layout-flow\"><p><span class=\"has-inline-color has-luminous-vivid-orange-color\">&#8220;As colheitas foram destru\u00eddas, o gado est\u00e1 morrendo e a fome aumenta \u00e0 medida que a seca recorrente atinge o Sudeste Africano&#8221;, disse Dunford.<\/span><\/p><\/blockquote>\n\n\n\n<p>O PMA alertou que o cen\u00e1rio pode piorar nos pr\u00f3ximos meses, pois as previs\u00f5es s\u00e3o de que continuar\u00e1 a chover abaixo da m\u00e9dia.<br>De acordo com o programa da ONU, as taxas de desnutri\u00e7\u00e3o s\u00e3o altas e continuar\u00e3o a crescer se medidas urgentes n\u00e3o forem tomadas no sul e sudeste da Eti\u00f3pia, sudeste e norte do Qu\u00eania e centro e sul da Som\u00e1lia.<br>O PMA teme crise humanit\u00e1ria como a que ocorreu em 2011, quando 250 mil pessoas morreram de fome na Som\u00e1lia, por isso insistiu que &#8220;\u00e9 essencial a assist\u00eancia imediata&#8221; para evitar essa calamidade.<br>O governo queniano identificou a seca como &#8220;emerg\u00eancia nacional&#8221; em setembro de 2021, e a Som\u00e1lia declarou &#8220;estado de emerg\u00eancia humanit\u00e1ria&#8221; um m\u00eas depois.<\/p>\n\n\n\n<p><strong><em>Fonte: <a href=\"https:\/\/agenciabrasil.ebc.com.br\/internacional\/noticia\/2022-02\/sudeste-africano-13-milhoes-de-pessoas-passam-fome-por-causa-da-seca\">Ag\u00eancia Brasil<\/a><\/em><\/strong><\/p>\n","protected":false},"excerpt":{"rendered":"<p>ONU alerta que cen\u00e1rio pode piorar nos pr\u00f3ximos meses Treze milh\u00f5es de pessoas est\u00e3o passando fome na Eti\u00f3pia, no Qu\u00eania e na Som\u00e1lia devido \u00e0 seca no Sudeste Africano, a pior desde 1981, alertou hoje (8) o Programa Mundial de Alimentos (PMA) da Organiza\u00e7\u00e3o das Na\u00e7\u00f5es Unidas (ONU). &#8220;A situa\u00e7\u00e3o requer interven\u00e7\u00e3o humanit\u00e1ria imediata e [&hellip;]<\/p>\n","protected":false},"author":2,"featured_media":27678,"comment_status":"open","ping_status":"open","sticky":false,"template":"","format":"standard","meta":{"footnotes":""},"categories":[41],"tags":[13201,1203,13202,2134,13203],"class_list":["post-27677","post","type-post","status-publish","format-standard","has-post-thumbnail","hentry","category-internacional","tag-alerta-onu","tag-fome","tag-pma","tag-seca","tag-sudeste-africano"],"yoast_head":"<!-- This site is optimized with the Yoast SEO plugin v26.5 - https:\/\/yoast.com\/wordpress\/plugins\/seo\/ -->\n<title>Sudeste africano: 13 milh\u00f5es de pessoas passam fome por causa da seca - Jornal Fatos e Not\u00edcias<\/title>\n<meta name=\"robots\" content=\"index, follow, max-snippet:-1, max-image-preview:large, max-video-preview:-1\" \/>\n<link rel=\"canonical\" href=\"https:\/\/jornalfatosenoticias.com.br\/index.php\/2022\/02\/08\/sudeste-africano-13-milhoes-de-pessoas-passam-fome-por-causa-da-seca\/\" \/>\n<meta property=\"og:locale\" content=\"pt_BR\" \/>\n<meta property=\"og:type\" content=\"article\" \/>\n<meta property=\"og:title\" content=\"Sudeste africano: 13 milh\u00f5es de pessoas passam fome por causa da seca - Jornal Fatos e Not\u00edcias\" \/>\n<meta property=\"og:description\" content=\"ONU alerta que cen\u00e1rio pode piorar nos pr\u00f3ximos meses Treze milh\u00f5es de pessoas est\u00e3o passando fome na Eti\u00f3pia, no Qu\u00eania e na Som\u00e1lia devido \u00e0 seca no Sudeste Africano, a pior desde 1981, alertou hoje (8) o Programa Mundial de Alimentos (PMA) da Organiza\u00e7\u00e3o das Na\u00e7\u00f5es Unidas (ONU). &#8220;A situa\u00e7\u00e3o requer interven\u00e7\u00e3o humanit\u00e1ria imediata e [&hellip;]\" \/>\n<meta property=\"og:url\" content=\"https:\/\/jornalfatosenoticias.com.br\/index.php\/2022\/02\/08\/sudeste-africano-13-milhoes-de-pessoas-passam-fome-por-causa-da-seca\/\" \/>\n<meta property=\"og:site_name\" content=\"Jornal Fatos e Not\u00edcias\" \/>\n<meta property=\"article:published_time\" content=\"2022-02-08T16:12:56+00:00\" \/>\n<meta property=\"article:modified_time\" content=\"2022-02-08T16:13:00+00:00\" \/>\n<meta property=\"og:image\" content=\"https:\/\/jornalfatosenoticias.com.br\/wp-content\/uploads\/2022\/02\/somalia-alerta-fome-na-africa.jpg\" \/>\n\t<meta property=\"og:image:width\" content=\"1000\" \/>\n\t<meta property=\"og:image:height\" content=\"598\" \/>\n\t<meta property=\"og:image:type\" content=\"image\/jpeg\" \/>\n<meta name=\"author\" content=\"Luzimara Fernandes\" \/>\n<meta name=\"twitter:card\" content=\"summary_large_image\" \/>\n<meta name=\"twitter:label1\" content=\"Escrito por\" \/>\n\t<meta name=\"twitter:data1\" content=\"Luzimara Fernandes\" \/>\n\t<meta name=\"twitter:label2\" content=\"Est. tempo de leitura\" \/>\n\t<meta name=\"twitter:data2\" content=\"2 minutos\" \/>\n<script type=\"application\/ld+json\" class=\"yoast-schema-graph\">{\"@context\":\"https:\/\/schema.org\",\"@graph\":[{\"@type\":\"Article\",\"@id\":\"https:\/\/jornalfatosenoticias.com.br\/index.php\/2022\/02\/08\/sudeste-africano-13-milhoes-de-pessoas-passam-fome-por-causa-da-seca\/#article\",\"isPartOf\":{\"@id\":\"https:\/\/jornalfatosenoticias.com.br\/index.php\/2022\/02\/08\/sudeste-africano-13-milhoes-de-pessoas-passam-fome-por-causa-da-seca\/\"},\"author\":{\"name\":\"Luzimara Fernandes\",\"@id\":\"https:\/\/jornalfatosenoticias.com.br\/#\/schema\/person\/d63837fa13ac8666eb9e74e0985d6f81\"},\"headline\":\"Sudeste africano: 13 milh\u00f5es de pessoas passam fome por causa da seca\",\"datePublished\":\"2022-02-08T16:12:56+00:00\",\"dateModified\":\"2022-02-08T16:13:00+00:00\",\"mainEntityOfPage\":{\"@id\":\"https:\/\/jornalfatosenoticias.com.br\/index.php\/2022\/02\/08\/sudeste-africano-13-milhoes-de-pessoas-passam-fome-por-causa-da-seca\/\"},\"wordCount\":315,\"commentCount\":0,\"publisher\":{\"@id\":\"https:\/\/jornalfatosenoticias.com.br\/#organization\"},\"image\":{\"@id\":\"https:\/\/jornalfatosenoticias.com.br\/index.php\/2022\/02\/08\/sudeste-africano-13-milhoes-de-pessoas-passam-fome-por-causa-da-seca\/#primaryimage\"},\"thumbnailUrl\":\"https:\/\/jornalfatosenoticias.com.br\/wp-content\/uploads\/2022\/02\/somalia-alerta-fome-na-africa.jpg\",\"keywords\":[\"alerta ONU\",\"fome\",\"PMA\",\"seca\",\"Sudeste Africano\"],\"articleSection\":[\"Internacional\"],\"inLanguage\":\"pt-BR\",\"potentialAction\":[{\"@type\":\"CommentAction\",\"name\":\"Comment\",\"target\":[\"https:\/\/jornalfatosenoticias.com.br\/index.php\/2022\/02\/08\/sudeste-africano-13-milhoes-de-pessoas-passam-fome-por-causa-da-seca\/#respond\"]}]},{\"@type\":\"WebPage\",\"@id\":\"https:\/\/jornalfatosenoticias.com.br\/index.php\/2022\/02\/08\/sudeste-africano-13-milhoes-de-pessoas-passam-fome-por-causa-da-seca\/\",\"url\":\"https:\/\/jornalfatosenoticias.com.br\/index.php\/2022\/02\/08\/sudeste-africano-13-milhoes-de-pessoas-passam-fome-por-causa-da-seca\/\",\"name\":\"Sudeste africano: 13 milh\u00f5es de pessoas passam fome por causa da seca - Jornal Fatos e Not\u00edcias\",\"isPartOf\":{\"@id\":\"https:\/\/jornalfatosenoticias.com.br\/#website\"},\"primaryImageOfPage\":{\"@id\":\"https:\/\/jornalfatosenoticias.com.br\/index.php\/2022\/02\/08\/sudeste-africano-13-milhoes-de-pessoas-passam-fome-por-causa-da-seca\/#primaryimage\"},\"image\":{\"@id\":\"https:\/\/jornalfatosenoticias.com.br\/index.php\/2022\/02\/08\/sudeste-africano-13-milhoes-de-pessoas-passam-fome-por-causa-da-seca\/#primaryimage\"},\"thumbnailUrl\":\"https:\/\/jornalfatosenoticias.com.br\/wp-content\/uploads\/2022\/02\/somalia-alerta-fome-na-africa.jpg\",\"datePublished\":\"2022-02-08T16:12:56+00:00\",\"dateModified\":\"2022-02-08T16:13:00+00:00\",\"breadcrumb\":{\"@id\":\"https:\/\/jornalfatosenoticias.com.br\/index.php\/2022\/02\/08\/sudeste-africano-13-milhoes-de-pessoas-passam-fome-por-causa-da-seca\/#breadcrumb\"},\"inLanguage\":\"pt-BR\",\"potentialAction\":[{\"@type\":\"ReadAction\",\"target\":[\"https:\/\/jornalfatosenoticias.com.br\/index.php\/2022\/02\/08\/sudeste-africano-13-milhoes-de-pessoas-passam-fome-por-causa-da-seca\/\"]}]},{\"@type\":\"ImageObject\",\"inLanguage\":\"pt-BR\",\"@id\":\"https:\/\/jornalfatosenoticias.com.br\/index.php\/2022\/02\/08\/sudeste-africano-13-milhoes-de-pessoas-passam-fome-por-causa-da-seca\/#primaryimage\",\"url\":\"https:\/\/jornalfatosenoticias.com.br\/wp-content\/uploads\/2022\/02\/somalia-alerta-fome-na-africa.jpg\",\"contentUrl\":\"https:\/\/jornalfatosenoticias.com.br\/wp-content\/uploads\/2022\/02\/somalia-alerta-fome-na-africa.jpg\",\"width\":1000,\"height\":598},{\"@type\":\"BreadcrumbList\",\"@id\":\"https:\/\/jornalfatosenoticias.com.br\/index.php\/2022\/02\/08\/sudeste-africano-13-milhoes-de-pessoas-passam-fome-por-causa-da-seca\/#breadcrumb\",\"itemListElement\":[{\"@type\":\"ListItem\",\"position\":1,\"name\":\"In\u00edcio\",\"item\":\"https:\/\/jornalfatosenoticias.com.br\/\"},{\"@type\":\"ListItem\",\"position\":2,\"name\":\"Sudeste africano: 13 milh\u00f5es de pessoas passam fome por causa da seca\"}]},{\"@type\":\"WebSite\",\"@id\":\"https:\/\/jornalfatosenoticias.com.br\/#website\",\"url\":\"https:\/\/jornalfatosenoticias.com.br\/\",\"name\":\"Jornal Fatos e Not\u00edcias\",\"description\":\"Not\u00edcias em geral\",\"publisher\":{\"@id\":\"https:\/\/jornalfatosenoticias.com.br\/#organization\"},\"potentialAction\":[{\"@type\":\"SearchAction\",\"target\":{\"@type\":\"EntryPoint\",\"urlTemplate\":\"https:\/\/jornalfatosenoticias.com.br\/?s={search_term_string}\"},\"query-input\":{\"@type\":\"PropertyValueSpecification\",\"valueRequired\":true,\"valueName\":\"search_term_string\"}}],\"inLanguage\":\"pt-BR\"},{\"@type\":\"Organization\",\"@id\":\"https:\/\/jornalfatosenoticias.com.br\/#organization\",\"name\":\"Jornal Fatos e Not\u00edcias\",\"url\":\"https:\/\/jornalfatosenoticias.com.br\/\",\"logo\":{\"@type\":\"ImageObject\",\"inLanguage\":\"pt-BR\",\"@id\":\"https:\/\/jornalfatosenoticias.com.br\/#\/schema\/logo\/image\/\",\"url\":\"https:\/\/jornalfatosenoticias.com.br\/wp-content\/uploads\/2020\/02\/logo120.png\",\"contentUrl\":\"https:\/\/jornalfatosenoticias.com.br\/wp-content\/uploads\/2020\/02\/logo120.png\",\"width\":1227,\"height\":120,\"caption\":\"Jornal Fatos e Not\u00edcias\"},\"image\":{\"@id\":\"https:\/\/jornalfatosenoticias.com.br\/#\/schema\/logo\/image\/\"}},{\"@type\":\"Person\",\"@id\":\"https:\/\/jornalfatosenoticias.com.br\/#\/schema\/person\/d63837fa13ac8666eb9e74e0985d6f81\",\"name\":\"Luzimara Fernandes\",\"image\":{\"@type\":\"ImageObject\",\"inLanguage\":\"pt-BR\",\"@id\":\"https:\/\/jornalfatosenoticias.com.br\/#\/schema\/person\/image\/\",\"url\":\"https:\/\/jornalfatosenoticias.com.br\/wp-content\/uploads\/2025\/05\/EU_portal.jpg\",\"contentUrl\":\"https:\/\/jornalfatosenoticias.com.br\/wp-content\/uploads\/2025\/05\/EU_portal.jpg\",\"caption\":\"Luzimara Fernandes\"},\"description\":\"Jornalista MTB 2358-ES\",\"sameAs\":[\"https:\/\/jornalfatosenoticias.com.br\"],\"url\":\"https:\/\/jornalfatosenoticias.com.br\/index.php\/author\/luzimara\/\"}]}<\/script>\n<!-- \/ Yoast SEO plugin. -->","yoast_head_json":{"title":"Sudeste africano: 13 milh\u00f5es de pessoas passam fome por causa da seca - Jornal Fatos e Not\u00edcias","robots":{"index":"index","follow":"follow","max-snippet":"max-snippet:-1","max-image-preview":"max-image-preview:large","max-video-preview":"max-video-preview:-1"},"canonical":"https:\/\/jornalfatosenoticias.com.br\/index.php\/2022\/02\/08\/sudeste-africano-13-milhoes-de-pessoas-passam-fome-por-causa-da-seca\/","og_locale":"pt_BR","og_type":"article","og_title":"Sudeste africano: 13 milh\u00f5es de pessoas passam fome por causa da seca - Jornal Fatos e Not\u00edcias","og_description":"ONU alerta que cen\u00e1rio pode piorar nos pr\u00f3ximos meses Treze milh\u00f5es de pessoas est\u00e3o passando fome na Eti\u00f3pia, no Qu\u00eania e na Som\u00e1lia devido \u00e0 seca no Sudeste Africano, a pior desde 1981, alertou hoje (8) o Programa Mundial de Alimentos (PMA) da Organiza\u00e7\u00e3o das Na\u00e7\u00f5es Unidas (ONU). &#8220;A situa\u00e7\u00e3o requer interven\u00e7\u00e3o humanit\u00e1ria imediata e [&hellip;]","og_url":"https:\/\/jornalfatosenoticias.com.br\/index.php\/2022\/02\/08\/sudeste-africano-13-milhoes-de-pessoas-passam-fome-por-causa-da-seca\/","og_site_name":"Jornal Fatos e Not\u00edcias","article_published_time":"2022-02-08T16:12:56+00:00","article_modified_time":"2022-02-08T16:13:00+00:00","og_image":[{"width":1000,"height":598,"url":"https:\/\/jornalfatosenoticias.com.br\/wp-content\/uploads\/2022\/02\/somalia-alerta-fome-na-africa.jpg","type":"image\/jpeg"}],"author":"Luzimara Fernandes","twitter_card":"summary_large_image","twitter_misc":{"Escrito por":"Luzimara Fernandes","Est. tempo de leitura":"2 minutos"},"schema":{"@context":"https:\/\/schema.org","@graph":[{"@type":"Article","@id":"https:\/\/jornalfatosenoticias.com.br\/index.php\/2022\/02\/08\/sudeste-africano-13-milhoes-de-pessoas-passam-fome-por-causa-da-seca\/#article","isPartOf":{"@id":"https:\/\/jornalfatosenoticias.com.br\/index.php\/2022\/02\/08\/sudeste-africano-13-milhoes-de-pessoas-passam-fome-por-causa-da-seca\/"},"author":{"name":"Luzimara Fernandes","@id":"https:\/\/jornalfatosenoticias.com.br\/#\/schema\/person\/d63837fa13ac8666eb9e74e0985d6f81"},"headline":"Sudeste africano: 13 milh\u00f5es de pessoas passam fome por causa da seca","datePublished":"2022-02-08T16:12:56+00:00","dateModified":"2022-02-08T16:13:00+00:00","mainEntityOfPage":{"@id":"https:\/\/jornalfatosenoticias.com.br\/index.php\/2022\/02\/08\/sudeste-africano-13-milhoes-de-pessoas-passam-fome-por-causa-da-seca\/"},"wordCount":315,"commentCount":0,"publisher":{"@id":"https:\/\/jornalfatosenoticias.com.br\/#organization"},"image":{"@id":"https:\/\/jornalfatosenoticias.com.br\/index.php\/2022\/02\/08\/sudeste-africano-13-milhoes-de-pessoas-passam-fome-por-causa-da-seca\/#primaryimage"},"thumbnailUrl":"https:\/\/jornalfatosenoticias.com.br\/wp-content\/uploads\/2022\/02\/somalia-alerta-fome-na-africa.jpg","keywords":["alerta ONU","fome","PMA","seca","Sudeste Africano"],"articleSection":["Internacional"],"inLanguage":"pt-BR","potentialAction":[{"@type":"CommentAction","name":"Comment","target":["https:\/\/jornalfatosenoticias.com.br\/index.php\/2022\/02\/08\/sudeste-africano-13-milhoes-de-pessoas-passam-fome-por-causa-da-seca\/#respond"]}]},{"@type":"WebPage","@id":"https:\/\/jornalfatosenoticias.com.br\/index.php\/2022\/02\/08\/sudeste-africano-13-milhoes-de-pessoas-passam-fome-por-causa-da-seca\/","url":"https:\/\/jornalfatosenoticias.com.br\/index.php\/2022\/02\/08\/sudeste-africano-13-milhoes-de-pessoas-passam-fome-por-causa-da-seca\/","name":"Sudeste africano: 13 milh\u00f5es de pessoas passam fome por causa da seca - Jornal Fatos e Not\u00edcias","isPartOf":{"@id":"https:\/\/jornalfatosenoticias.com.br\/#website"},"primaryImageOfPage":{"@id":"https:\/\/jornalfatosenoticias.com.br\/index.php\/2022\/02\/08\/sudeste-africano-13-milhoes-de-pessoas-passam-fome-por-causa-da-seca\/#primaryimage"},"image":{"@id":"https:\/\/jornalfatosenoticias.com.br\/index.php\/2022\/02\/08\/sudeste-africano-13-milhoes-de-pessoas-passam-fome-por-causa-da-seca\/#primaryimage"},"thumbnailUrl":"https:\/\/jornalfatosenoticias.com.br\/wp-content\/uploads\/2022\/02\/somalia-alerta-fome-na-africa.jpg","datePublished":"2022-02-08T16:12:56+00:00","dateModified":"2022-02-08T16:13:00+00:00","breadcrumb":{"@id":"https:\/\/jornalfatosenoticias.com.br\/index.php\/2022\/02\/08\/sudeste-africano-13-milhoes-de-pessoas-passam-fome-por-causa-da-seca\/#breadcrumb"},"inLanguage":"pt-BR","potentialAction":[{"@type":"ReadAction","target":["https:\/\/jornalfatosenoticias.com.br\/index.php\/2022\/02\/08\/sudeste-africano-13-milhoes-de-pessoas-passam-fome-por-causa-da-seca\/"]}]},{"@type":"ImageObject","inLanguage":"pt-BR","@id":"https:\/\/jornalfatosenoticias.com.br\/index.php\/2022\/02\/08\/sudeste-africano-13-milhoes-de-pessoas-passam-fome-por-causa-da-seca\/#primaryimage","url":"https:\/\/jornalfatosenoticias.com.br\/wp-content\/uploads\/2022\/02\/somalia-alerta-fome-na-africa.jpg","contentUrl":"https:\/\/jornalfatosenoticias.com.br\/wp-content\/uploads\/2022\/02\/somalia-alerta-fome-na-africa.jpg","width":1000,"height":598},{"@type":"BreadcrumbList","@id":"https:\/\/jornalfatosenoticias.com.br\/index.php\/2022\/02\/08\/sudeste-africano-13-milhoes-de-pessoas-passam-fome-por-causa-da-seca\/#breadcrumb","itemListElement":[{"@type":"ListItem","position":1,"name":"In\u00edcio","item":"https:\/\/jornalfatosenoticias.com.br\/"},{"@type":"ListItem","position":2,"name":"Sudeste africano: 13 milh\u00f5es de pessoas passam fome por causa da seca"}]},{"@type":"WebSite","@id":"https:\/\/jornalfatosenoticias.com.br\/#website","url":"https:\/\/jornalfatosenoticias.com.br\/","name":"Jornal Fatos e Not\u00edcias","description":"Not\u00edcias em geral","publisher":{"@id":"https:\/\/jornalfatosenoticias.com.br\/#organization"},"potentialAction":[{"@type":"SearchAction","target":{"@type":"EntryPoint","urlTemplate":"https:\/\/jornalfatosenoticias.com.br\/?s={search_term_string}"},"query-input":{"@type":"PropertyValueSpecification","valueRequired":true,"valueName":"search_term_string"}}],"inLanguage":"pt-BR"},{"@type":"Organization","@id":"https:\/\/jornalfatosenoticias.com.br\/#organization","name":"Jornal Fatos e Not\u00edcias","url":"https:\/\/jornalfatosenoticias.com.br\/","logo":{"@type":"ImageObject","inLanguage":"pt-BR","@id":"https:\/\/jornalfatosenoticias.com.br\/#\/schema\/logo\/image\/","url":"https:\/\/jornalfatosenoticias.com.br\/wp-content\/uploads\/2020\/02\/logo120.png","contentUrl":"https:\/\/jornalfatosenoticias.com.br\/wp-content\/uploads\/2020\/02\/logo120.png","width":1227,"height":120,"caption":"Jornal Fatos e Not\u00edcias"},"image":{"@id":"https:\/\/jornalfatosenoticias.com.br\/#\/schema\/logo\/image\/"}},{"@type":"Person","@id":"https:\/\/jornalfatosenoticias.com.br\/#\/schema\/person\/d63837fa13ac8666eb9e74e0985d6f81","name":"Luzimara Fernandes","image":{"@type":"ImageObject","inLanguage":"pt-BR","@id":"https:\/\/jornalfatosenoticias.com.br\/#\/schema\/person\/image\/","url":"https:\/\/jornalfatosenoticias.com.br\/wp-content\/uploads\/2025\/05\/EU_portal.jpg","contentUrl":"https:\/\/jornalfatosenoticias.com.br\/wp-content\/uploads\/2025\/05\/EU_portal.jpg","caption":"Luzimara Fernandes"},"description":"Jornalista MTB 2358-ES","sameAs":["https:\/\/jornalfatosenoticias.com.br"],"url":"https:\/\/jornalfatosenoticias.com.br\/index.php\/author\/luzimara\/"}]}},"cc_featured_image_caption":{"caption_text":"(Foto: Unicef Som\u00e1lia)","source_text":"","source_url":""},"jetpack_featured_media_url":"https:\/\/jornalfatosenoticias.com.br\/wp-content\/uploads\/2022\/02\/somalia-alerta-fome-na-africa.jpg","_links":{"self":[{"href":"https:\/\/jornalfatosenoticias.com.br\/index.php\/wp-json\/wp\/v2\/posts\/27677","targetHints":{"allow":["GET"]}}],"collection":[{"href":"https:\/\/jornalfatosenoticias.com.br\/index.php\/wp-json\/wp\/v2\/posts"}],"about":[{"href":"https:\/\/jornalfatosenoticias.com.br\/index.php\/wp-json\/wp\/v2\/types\/post"}],"author":[{"embeddable":true,"href":"https:\/\/jornalfatosenoticias.com.br\/index.php\/wp-json\/wp\/v2\/users\/2"}],"replies":[{"embeddable":true,"href":"https:\/\/jornalfatosenoticias.com.br\/index.php\/wp-json\/wp\/v2\/comments?post=27677"}],"version-history":[{"count":0,"href":"https:\/\/jornalfatosenoticias.com.br\/index.php\/wp-json\/wp\/v2\/posts\/27677\/revisions"}],"wp:featuredmedia":[{"embeddable":true,"href":"https:\/\/jornalfatosenoticias.com.br\/index.php\/wp-json\/wp\/v2\/media\/27678"}],"wp:attachment":[{"href":"https:\/\/jornalfatosenoticias.com.br\/index.php\/wp-json\/wp\/v2\/media?parent=27677"}],"wp:term":[{"taxonomy":"category","embeddable":true,"href":"https:\/\/jornalfatosenoticias.com.br\/index.php\/wp-json\/wp\/v2\/categories?post=27677"},{"taxonomy":"post_tag","embeddable":true,"href":"https:\/\/jornalfatosenoticias.com.br\/index.php\/wp-json\/wp\/v2\/tags?post=27677"}],"curies":[{"name":"wp","href":"https:\/\/api.w.org\/{rel}","templated":true}]}}