{"id":27693,"date":"2022-02-09T11:57:37","date_gmt":"2022-02-09T14:57:37","guid":{"rendered":"https:\/\/jornalfatosenoticias.com.br\/?p=27693"},"modified":"2022-02-09T12:30:06","modified_gmt":"2022-02-09T15:30:06","slug":"eleicao-para-presidente-do-conjunto-carapina-i","status":"publish","type":"post","link":"https:\/\/jornalfatosenoticias.com.br\/index.php\/2022\/02\/09\/eleicao-para-presidente-do-conjunto-carapina-i\/","title":{"rendered":"Elei\u00e7\u00e3o para presidente do Conjunto Carapina I"},"content":{"rendered":"\n<p><em><span class=\"has-inline-color has-black-color\">Entrevista com o candidato Jean Carlos Campista Lippaus<\/span><\/em><\/p>\n\n\n\n<p>Jean Carlos Campista Lippaus, ou simplesmente Jean, como \u00e9 mais conhecido, motorista de profiss\u00e3o do Grupo CVC Chevrolet e vice-presidente da atual gest\u00e3o da comunidade Carapina I, est\u00e1 na disputa \u00e0 presid\u00eancia da comunidade para dar continuidade ao trabalho que vem desenvolvendo desde o in\u00edcio de 2020.<br>Para Jean, a comunidade n\u00e3o necessita de grandes obras, mesmo porque n\u00e3o teria \u00e1rea para isso. <\/p>\n\n\n\n<blockquote class=\"wp-block-quote is-layout-flow wp-block-quote-is-layout-flow\"><p><span class=\"has-inline-color has-luminous-vivid-orange-color\">\u201cO que precisamos mesmo \u00e9 trazer cursos profissionalizantes, a pandemia parou muita gente, temos um grande n\u00famero de desempregados e acredito que as parcerias com a iniciativa privada como a Vale, a ArcelorMittal e outras empresas de pequeno e m\u00e9dio portes ser\u00e1 a grande tacada\u201d, acredita.<\/span><\/p><\/blockquote>\n\n\n\n<figure class=\"wp-block-image size-large\"><img loading=\"lazy\" decoding=\"async\" width=\"1000\" height=\"607\" src=\"https:\/\/jornalfatosenoticias.com.br\/wp-content\/uploads\/2022\/02\/associacao-moradores-B.-Fatima2.jpg\" alt=\"\" class=\"wp-image-27694\" srcset=\"https:\/\/jornalfatosenoticias.com.br\/wp-content\/uploads\/2022\/02\/associacao-moradores-B.-Fatima2.jpg 1000w, https:\/\/jornalfatosenoticias.com.br\/wp-content\/uploads\/2022\/02\/associacao-moradores-B.-Fatima2-300x182.jpg 300w, https:\/\/jornalfatosenoticias.com.br\/wp-content\/uploads\/2022\/02\/associacao-moradores-B.-Fatima2-768x466.jpg 768w\" sizes=\"auto, (max-width: 1000px) 100vw, 1000px\" \/><figcaption><em><span class=\"has-inline-color has-black-color\">Avenida Jos\u00e9 Rato (Foto: Haroldo Filho\/F&amp;N)<\/span><\/em><\/figcaption><\/figure>\n\n\n\n<p>\u201cA atual gest\u00e3o vem fazendo muitas coisas, apesar das dificuldades impostas pela pandemia. Sinalizamos a maioria das ruas, com placas, faixas de pedestres, quebra-molas, tudo com muita dificuldade e persist\u00eancia. Quando assumimos, em 2020, veio a pandemia e a prefeitura ficou praticamente sem atendimento, fechada literalmente. A reforma da pracinha do Mirante foi uma das obras paralisadas. No entanto, mesmo com tantos imprevistos, conseguimos concluir o campo society e o parquinho. J\u00e1 solicitamos a conclus\u00e3o de todo o Mirante e a prefeitura j\u00e1 respondeu que as obras de reforma ser\u00e3o retomadas at\u00e9 mar\u00e7o deste ano naquele local\u201d, garante Jean, acrescentando que \u201co Centro Comunit\u00e1rio est\u00e1 reformado, periodicamente executamos o bota-fora. N\u00e3o somos um bairro perif\u00e9rico, \u00e9 pequeno, os moradores t\u00eam um bom grau de instru\u00e7\u00e3o e de classe m\u00e9dia razo\u00e1vel, f\u00e1cil de administrar\u201d.<br>Ainda segundo Jean, a reforma do gin\u00e1sio (quadra) \u00e9 essencial, pois a estrutura e as telas est\u00e3o danificadas. <\/p>\n\n\n\n<blockquote class=\"wp-block-quote is-layout-flow wp-block-quote-is-layout-flow\"><p><span class=\"has-inline-color has-luminous-vivid-orange-color\">\u201cO pr\u00e9dio est\u00e1 em boas condi\u00e7\u00f5es, reformamos tudo e estamos terminando a reforma do sal\u00e3o de festas. S\u00e3o poucas coisas, o que precisa ter mesmo \u00e9 uma manuten\u00e7\u00e3o cont\u00ednua por parte da prefeitura\u201d, afirma.<\/span><\/p><\/blockquote>\n\n\n\n<p>No que diz respeito \u00e0 sa\u00fade, de acordo com o vice-presidente, a comunidade conta com uma arteterapeuta e uma psic\u00f3loga que atendem com custo bem abaixo do mercado, R$ 28,00, todas as ter\u00e7as e quintas-feiras. <\/p>\n\n\n\n<div class=\"wp-block-image\"><figure class=\"alignleft size-large is-resized\"><img loading=\"lazy\" decoding=\"async\" src=\"https:\/\/jornalfatosenoticias.com.br\/wp-content\/uploads\/2020\/02\/logo_esteio.jpg\" alt=\"\" class=\"wp-image-1214\" width=\"270\" height=\"225\"\/><\/figure><\/div>\n\n\n\n<p>Para Jean \u00e9 preciso ampliar esses servi\u00e7os, trazendo profissionais liberais de v\u00e1rias \u00e1reas de atua\u00e7\u00e3o e cita como exemplo a sala de inform\u00e1tica, que est\u00e1 quase conclu\u00edda e vai atender, gratuitamente, o morador que precisar imprimir um documento.<br>Jean frisou que, apesar de todos esses esfor\u00e7os \u00e9 preciso melhorar o atendimento, principalmente na sa\u00fade. <\/p>\n\n\n\n<blockquote class=\"wp-block-quote is-layout-flow wp-block-quote-is-layout-flow\"><p><span class=\"has-inline-color has-luminous-vivid-orange-color\">\u201cEstamos trabalhando bastante com o pessoal do posto de sa\u00fade para melhorar o atendimento. N\u00e3o melhorou ainda, a prefeitura \u00e9 a respons\u00e1vel, mas n\u00f3s temos que cobrar e correr atr\u00e1s dos \u00f3rg\u00e3os p\u00fablicos. Vejo duas coisas como prioridade: trazer os cursos profissionalizantes para ajudar as pessoas a se reinserirem no mercado de trabalho e melhorar a nossa unidade de sa\u00fade. A sa\u00fade das pessoas est\u00e1 muito debilitada e o posto n\u00e3o est\u00e1 atendendo devidamente\u201d.<\/span><\/p><\/blockquote>\n\n\n\n<p>Jean denuncia que o posto n\u00e3o tem m\u00e9dico e, segundo ele, a prefeitura alega que est\u00e1 em processo de contrata\u00e7\u00e3o, mas ele contesta, uma vez que o prefeito j\u00e1 est\u00e1 no segundo ano de mandato. \u201cA unidade de sa\u00fade precisa ter um ginecologista, um cl\u00ednico geral e um pediatra, isso \u00e9 o b\u00e1sico\u201d, ressalta Jean.<\/p>\n\n\n\n<div class=\"wp-block-image\"><figure class=\"alignright size-large is-resized\"><img loading=\"lazy\" decoding=\"async\" src=\"https:\/\/jornalfatosenoticias.com.br\/wp-content\/uploads\/2022\/02\/associacao-moradores-B.-Fatima.jpg\" alt=\"\" class=\"wp-image-27695\" width=\"360\" height=\"206\" srcset=\"https:\/\/jornalfatosenoticias.com.br\/wp-content\/uploads\/2022\/02\/associacao-moradores-B.-Fatima.jpg 1000w, https:\/\/jornalfatosenoticias.com.br\/wp-content\/uploads\/2022\/02\/associacao-moradores-B.-Fatima-300x172.jpg 300w, https:\/\/jornalfatosenoticias.com.br\/wp-content\/uploads\/2022\/02\/associacao-moradores-B.-Fatima-768x440.jpg 768w\" sizes=\"auto, (max-width: 360px) 100vw, 360px\" \/><figcaption><em><span class=\"has-inline-color has-black-color\">Sede da Associa\u00e7\u00e3o de Moradores (Foto: Haroldo Filho\/F&amp;N)<\/span><\/em><\/figcaption><\/figure><\/div>\n\n\n\n<p>Entretanto, para trabalhar e exigir os direitos da comunidade com responsabilidade, o Cadastros Nacional da Pessoa Jur\u00eddica (CNPJ) da associa\u00e7\u00e3o, que est\u00e1 com restri\u00e7\u00f5es na Receita Federal, precisa estar em dia e regularizado, pois isso \u00e9 uma exig\u00eancia para firmar parcerias com empresas de grande porte que, al\u00e9m do espa\u00e7o, exigem tamb\u00e9m todas as Certid\u00f5es Negativas. \u201cSou morador h\u00e1 26 anos da comunidade e conhe\u00e7o as necessidades do bairro. Hoje, fa\u00e7o parte da atual administra\u00e7\u00e3o e todos conhecem minha dedica\u00e7\u00e3o. Quero aproveitar a oportunidade dada pelo respeitado e confi\u00e1vel ve\u00edculo de comunica\u00e7\u00e3o <strong><em><span class=\"has-inline-color has-black-color\">Fatos &amp; Not\u00edcias<\/span><\/em><\/strong>, para pedir o voto de confian\u00e7a no pr\u00f3ximo dia 20 (domingo), na sede da associa\u00e7\u00e3o, conto com voc\u00eas!\u201d.<\/p>\n\n\n\n<figure class=\"wp-block-image size-large\"><img decoding=\"async\" src=\"https:\/\/jornalfatosenoticias.com.br\/wp-content\/uploads\/2022\/02\/LOGO_PRECISAO-CONTABILIDADE.jpg\" alt=\"\" class=\"wp-image-27697\"\/><\/figure>\n\n\n\n<p><em><span class=\"has-inline-color has-vivid-red-color\">**Amanh\u00e3 ser\u00e1 a vez do candidato Leandro Ferra\u00e7o, conhecido tamb\u00e9m como Boi Lambeu.<\/span><\/em><\/p>\n","protected":false},"excerpt":{"rendered":"<p>Entrevista com o candidato Jean Carlos Campista Lippaus Jean Carlos Campista Lippaus, ou simplesmente Jean, como \u00e9 mais conhecido, motorista de profiss\u00e3o do Grupo CVC Chevrolet e vice-presidente da atual gest\u00e3o da comunidade Carapina I, est\u00e1 na disputa \u00e0 presid\u00eancia da comunidade para dar continuidade ao trabalho que vem desenvolvendo desde o in\u00edcio de 2020.Para [&hellip;]<\/p>\n","protected":false},"author":3,"featured_media":27696,"comment_status":"open","ping_status":"open","sticky":false,"template":"","format":"standard","meta":{"footnotes":""},"categories":[5],"tags":[7921,13208,3506,13209,74],"class_list":["post-27693","post","type-post","status-publish","format-standard","has-post-thumbnail","hentry","category-geral","tag-conjunto-carapina-i","tag-eleicao-comunitaria","tag-infraestrutura","tag-jean-carlos-lippaus","tag-saude"],"yoast_head":"<!-- This site is optimized with the Yoast SEO plugin v26.5 - https:\/\/yoast.com\/wordpress\/plugins\/seo\/ -->\n<title>Elei\u00e7\u00e3o para presidente do Conjunto Carapina I - Jornal Fatos e Not\u00edcias<\/title>\n<meta name=\"robots\" content=\"index, follow, max-snippet:-1, max-image-preview:large, max-video-preview:-1\" \/>\n<link rel=\"canonical\" href=\"https:\/\/jornalfatosenoticias.com.br\/index.php\/2022\/02\/09\/eleicao-para-presidente-do-conjunto-carapina-i\/\" \/>\n<meta property=\"og:locale\" content=\"pt_BR\" \/>\n<meta property=\"og:type\" content=\"article\" \/>\n<meta property=\"og:title\" content=\"Elei\u00e7\u00e3o para presidente do Conjunto Carapina I - Jornal Fatos e Not\u00edcias\" \/>\n<meta property=\"og:description\" content=\"Entrevista com o candidato Jean Carlos Campista Lippaus Jean Carlos Campista Lippaus, ou simplesmente Jean, como \u00e9 mais conhecido, motorista de profiss\u00e3o do Grupo CVC Chevrolet e vice-presidente da atual gest\u00e3o da comunidade Carapina I, est\u00e1 na disputa \u00e0 presid\u00eancia da comunidade para dar continuidade ao trabalho que vem desenvolvendo desde o in\u00edcio de 2020.Para [&hellip;]\" \/>\n<meta property=\"og:url\" content=\"https:\/\/jornalfatosenoticias.com.br\/index.php\/2022\/02\/09\/eleicao-para-presidente-do-conjunto-carapina-i\/\" \/>\n<meta property=\"og:site_name\" content=\"Jornal Fatos e Not\u00edcias\" \/>\n<meta property=\"article:published_time\" content=\"2022-02-09T14:57:37+00:00\" \/>\n<meta property=\"article:modified_time\" content=\"2022-02-09T15:30:06+00:00\" \/>\n<meta property=\"og:image\" content=\"https:\/\/jornalfatosenoticias.com.br\/wp-content\/uploads\/2022\/02\/DSC_0630.jpg\" \/>\n\t<meta property=\"og:image:width\" content=\"1000\" \/>\n\t<meta property=\"og:image:height\" content=\"617\" \/>\n\t<meta property=\"og:image:type\" content=\"image\/jpeg\" \/>\n<meta name=\"author\" content=\"Haroldo Filho\" \/>\n<meta name=\"twitter:card\" content=\"summary_large_image\" \/>\n<meta name=\"twitter:label1\" content=\"Escrito por\" \/>\n\t<meta name=\"twitter:data1\" content=\"Haroldo Filho\" \/>\n\t<meta name=\"twitter:label2\" content=\"Est. tempo de leitura\" \/>\n\t<meta name=\"twitter:data2\" content=\"4 minutos\" \/>\n<script type=\"application\/ld+json\" class=\"yoast-schema-graph\">{\"@context\":\"https:\/\/schema.org\",\"@graph\":[{\"@type\":\"Article\",\"@id\":\"https:\/\/jornalfatosenoticias.com.br\/index.php\/2022\/02\/09\/eleicao-para-presidente-do-conjunto-carapina-i\/#article\",\"isPartOf\":{\"@id\":\"https:\/\/jornalfatosenoticias.com.br\/index.php\/2022\/02\/09\/eleicao-para-presidente-do-conjunto-carapina-i\/\"},\"author\":{\"name\":\"Haroldo Filho\",\"@id\":\"https:\/\/jornalfatosenoticias.com.br\/#\/schema\/person\/05c46cc25b42a5c27e004fb0fa6b4965\"},\"headline\":\"Elei\u00e7\u00e3o para presidente do Conjunto Carapina I\",\"datePublished\":\"2022-02-09T14:57:37+00:00\",\"dateModified\":\"2022-02-09T15:30:06+00:00\",\"mainEntityOfPage\":{\"@id\":\"https:\/\/jornalfatosenoticias.com.br\/index.php\/2022\/02\/09\/eleicao-para-presidente-do-conjunto-carapina-i\/\"},\"wordCount\":735,\"commentCount\":0,\"publisher\":{\"@id\":\"https:\/\/jornalfatosenoticias.com.br\/#organization\"},\"image\":{\"@id\":\"https:\/\/jornalfatosenoticias.com.br\/index.php\/2022\/02\/09\/eleicao-para-presidente-do-conjunto-carapina-i\/#primaryimage\"},\"thumbnailUrl\":\"https:\/\/jornalfatosenoticias.com.br\/wp-content\/uploads\/2022\/02\/DSC_0630.jpg\",\"keywords\":[\"Conjunto Carapina I\",\"elei\u00e7\u00e3o comunit\u00e1ria\",\"Infraestrutura\",\"Jean Carlos Lippaus\",\"sa\u00fade\"],\"articleSection\":[\"Geral\"],\"inLanguage\":\"pt-BR\",\"potentialAction\":[{\"@type\":\"CommentAction\",\"name\":\"Comment\",\"target\":[\"https:\/\/jornalfatosenoticias.com.br\/index.php\/2022\/02\/09\/eleicao-para-presidente-do-conjunto-carapina-i\/#respond\"]}]},{\"@type\":\"WebPage\",\"@id\":\"https:\/\/jornalfatosenoticias.com.br\/index.php\/2022\/02\/09\/eleicao-para-presidente-do-conjunto-carapina-i\/\",\"url\":\"https:\/\/jornalfatosenoticias.com.br\/index.php\/2022\/02\/09\/eleicao-para-presidente-do-conjunto-carapina-i\/\",\"name\":\"Elei\u00e7\u00e3o para presidente do Conjunto Carapina I - Jornal Fatos e Not\u00edcias\",\"isPartOf\":{\"@id\":\"https:\/\/jornalfatosenoticias.com.br\/#website\"},\"primaryImageOfPage\":{\"@id\":\"https:\/\/jornalfatosenoticias.com.br\/index.php\/2022\/02\/09\/eleicao-para-presidente-do-conjunto-carapina-i\/#primaryimage\"},\"image\":{\"@id\":\"https:\/\/jornalfatosenoticias.com.br\/index.php\/2022\/02\/09\/eleicao-para-presidente-do-conjunto-carapina-i\/#primaryimage\"},\"thumbnailUrl\":\"https:\/\/jornalfatosenoticias.com.br\/wp-content\/uploads\/2022\/02\/DSC_0630.jpg\",\"datePublished\":\"2022-02-09T14:57:37+00:00\",\"dateModified\":\"2022-02-09T15:30:06+00:00\",\"breadcrumb\":{\"@id\":\"https:\/\/jornalfatosenoticias.com.br\/index.php\/2022\/02\/09\/eleicao-para-presidente-do-conjunto-carapina-i\/#breadcrumb\"},\"inLanguage\":\"pt-BR\",\"potentialAction\":[{\"@type\":\"ReadAction\",\"target\":[\"https:\/\/jornalfatosenoticias.com.br\/index.php\/2022\/02\/09\/eleicao-para-presidente-do-conjunto-carapina-i\/\"]}]},{\"@type\":\"ImageObject\",\"inLanguage\":\"pt-BR\",\"@id\":\"https:\/\/jornalfatosenoticias.com.br\/index.php\/2022\/02\/09\/eleicao-para-presidente-do-conjunto-carapina-i\/#primaryimage\",\"url\":\"https:\/\/jornalfatosenoticias.com.br\/wp-content\/uploads\/2022\/02\/DSC_0630.jpg\",\"contentUrl\":\"https:\/\/jornalfatosenoticias.com.br\/wp-content\/uploads\/2022\/02\/DSC_0630.jpg\",\"width\":1000,\"height\":617},{\"@type\":\"BreadcrumbList\",\"@id\":\"https:\/\/jornalfatosenoticias.com.br\/index.php\/2022\/02\/09\/eleicao-para-presidente-do-conjunto-carapina-i\/#breadcrumb\",\"itemListElement\":[{\"@type\":\"ListItem\",\"position\":1,\"name\":\"In\u00edcio\",\"item\":\"https:\/\/jornalfatosenoticias.com.br\/\"},{\"@type\":\"ListItem\",\"position\":2,\"name\":\"Elei\u00e7\u00e3o para presidente do Conjunto Carapina I\"}]},{\"@type\":\"WebSite\",\"@id\":\"https:\/\/jornalfatosenoticias.com.br\/#website\",\"url\":\"https:\/\/jornalfatosenoticias.com.br\/\",\"name\":\"Jornal Fatos e Not\u00edcias\",\"description\":\"Not\u00edcias em geral\",\"publisher\":{\"@id\":\"https:\/\/jornalfatosenoticias.com.br\/#organization\"},\"potentialAction\":[{\"@type\":\"SearchAction\",\"target\":{\"@type\":\"EntryPoint\",\"urlTemplate\":\"https:\/\/jornalfatosenoticias.com.br\/?s={search_term_string}\"},\"query-input\":{\"@type\":\"PropertyValueSpecification\",\"valueRequired\":true,\"valueName\":\"search_term_string\"}}],\"inLanguage\":\"pt-BR\"},{\"@type\":\"Organization\",\"@id\":\"https:\/\/jornalfatosenoticias.com.br\/#organization\",\"name\":\"Jornal Fatos e Not\u00edcias\",\"url\":\"https:\/\/jornalfatosenoticias.com.br\/\",\"logo\":{\"@type\":\"ImageObject\",\"inLanguage\":\"pt-BR\",\"@id\":\"https:\/\/jornalfatosenoticias.com.br\/#\/schema\/logo\/image\/\",\"url\":\"https:\/\/jornalfatosenoticias.com.br\/wp-content\/uploads\/2020\/02\/logo120.png\",\"contentUrl\":\"https:\/\/jornalfatosenoticias.com.br\/wp-content\/uploads\/2020\/02\/logo120.png\",\"width\":1227,\"height\":120,\"caption\":\"Jornal Fatos e Not\u00edcias\"},\"image\":{\"@id\":\"https:\/\/jornalfatosenoticias.com.br\/#\/schema\/logo\/image\/\"}},{\"@type\":\"Person\",\"@id\":\"https:\/\/jornalfatosenoticias.com.br\/#\/schema\/person\/05c46cc25b42a5c27e004fb0fa6b4965\",\"name\":\"Haroldo Filho\",\"image\":{\"@type\":\"ImageObject\",\"inLanguage\":\"pt-BR\",\"@id\":\"https:\/\/jornalfatosenoticias.com.br\/#\/schema\/person\/image\/\",\"url\":\"https:\/\/jornalfatosenoticias.com.br\/wp-content\/uploads\/2025\/08\/WhatsApp-Image-2025-08-18-at-15.30.28-150x150.jpeg\",\"contentUrl\":\"https:\/\/jornalfatosenoticias.com.br\/wp-content\/uploads\/2025\/08\/WhatsApp-Image-2025-08-18-at-15.30.28-150x150.jpeg\",\"caption\":\"Haroldo Filho\"},\"description\":\"Jornalista \u2013 DRT: 0003818\/ES Coordenador-geral da ONG Educar para Crescer\",\"url\":\"https:\/\/jornalfatosenoticias.com.br\/index.php\/author\/haroldo\/\"}]}<\/script>\n<!-- \/ Yoast SEO plugin. -->","yoast_head_json":{"title":"Elei\u00e7\u00e3o para presidente do Conjunto Carapina I - Jornal Fatos e Not\u00edcias","robots":{"index":"index","follow":"follow","max-snippet":"max-snippet:-1","max-image-preview":"max-image-preview:large","max-video-preview":"max-video-preview:-1"},"canonical":"https:\/\/jornalfatosenoticias.com.br\/index.php\/2022\/02\/09\/eleicao-para-presidente-do-conjunto-carapina-i\/","og_locale":"pt_BR","og_type":"article","og_title":"Elei\u00e7\u00e3o para presidente do Conjunto Carapina I - Jornal Fatos e Not\u00edcias","og_description":"Entrevista com o candidato Jean Carlos Campista Lippaus Jean Carlos Campista Lippaus, ou simplesmente Jean, como \u00e9 mais conhecido, motorista de profiss\u00e3o do Grupo CVC Chevrolet e vice-presidente da atual gest\u00e3o da comunidade Carapina I, est\u00e1 na disputa \u00e0 presid\u00eancia da comunidade para dar continuidade ao trabalho que vem desenvolvendo desde o in\u00edcio de 2020.Para [&hellip;]","og_url":"https:\/\/jornalfatosenoticias.com.br\/index.php\/2022\/02\/09\/eleicao-para-presidente-do-conjunto-carapina-i\/","og_site_name":"Jornal Fatos e Not\u00edcias","article_published_time":"2022-02-09T14:57:37+00:00","article_modified_time":"2022-02-09T15:30:06+00:00","og_image":[{"width":1000,"height":617,"url":"https:\/\/jornalfatosenoticias.com.br\/wp-content\/uploads\/2022\/02\/DSC_0630.jpg","type":"image\/jpeg"}],"author":"Haroldo Filho","twitter_card":"summary_large_image","twitter_misc":{"Escrito por":"Haroldo Filho","Est. tempo de leitura":"4 minutos"},"schema":{"@context":"https:\/\/schema.org","@graph":[{"@type":"Article","@id":"https:\/\/jornalfatosenoticias.com.br\/index.php\/2022\/02\/09\/eleicao-para-presidente-do-conjunto-carapina-i\/#article","isPartOf":{"@id":"https:\/\/jornalfatosenoticias.com.br\/index.php\/2022\/02\/09\/eleicao-para-presidente-do-conjunto-carapina-i\/"},"author":{"name":"Haroldo Filho","@id":"https:\/\/jornalfatosenoticias.com.br\/#\/schema\/person\/05c46cc25b42a5c27e004fb0fa6b4965"},"headline":"Elei\u00e7\u00e3o para presidente do Conjunto Carapina I","datePublished":"2022-02-09T14:57:37+00:00","dateModified":"2022-02-09T15:30:06+00:00","mainEntityOfPage":{"@id":"https:\/\/jornalfatosenoticias.com.br\/index.php\/2022\/02\/09\/eleicao-para-presidente-do-conjunto-carapina-i\/"},"wordCount":735,"commentCount":0,"publisher":{"@id":"https:\/\/jornalfatosenoticias.com.br\/#organization"},"image":{"@id":"https:\/\/jornalfatosenoticias.com.br\/index.php\/2022\/02\/09\/eleicao-para-presidente-do-conjunto-carapina-i\/#primaryimage"},"thumbnailUrl":"https:\/\/jornalfatosenoticias.com.br\/wp-content\/uploads\/2022\/02\/DSC_0630.jpg","keywords":["Conjunto Carapina I","elei\u00e7\u00e3o comunit\u00e1ria","Infraestrutura","Jean Carlos Lippaus","sa\u00fade"],"articleSection":["Geral"],"inLanguage":"pt-BR","potentialAction":[{"@type":"CommentAction","name":"Comment","target":["https:\/\/jornalfatosenoticias.com.br\/index.php\/2022\/02\/09\/eleicao-para-presidente-do-conjunto-carapina-i\/#respond"]}]},{"@type":"WebPage","@id":"https:\/\/jornalfatosenoticias.com.br\/index.php\/2022\/02\/09\/eleicao-para-presidente-do-conjunto-carapina-i\/","url":"https:\/\/jornalfatosenoticias.com.br\/index.php\/2022\/02\/09\/eleicao-para-presidente-do-conjunto-carapina-i\/","name":"Elei\u00e7\u00e3o para presidente do Conjunto Carapina I - Jornal Fatos e Not\u00edcias","isPartOf":{"@id":"https:\/\/jornalfatosenoticias.com.br\/#website"},"primaryImageOfPage":{"@id":"https:\/\/jornalfatosenoticias.com.br\/index.php\/2022\/02\/09\/eleicao-para-presidente-do-conjunto-carapina-i\/#primaryimage"},"image":{"@id":"https:\/\/jornalfatosenoticias.com.br\/index.php\/2022\/02\/09\/eleicao-para-presidente-do-conjunto-carapina-i\/#primaryimage"},"thumbnailUrl":"https:\/\/jornalfatosenoticias.com.br\/wp-content\/uploads\/2022\/02\/DSC_0630.jpg","datePublished":"2022-02-09T14:57:37+00:00","dateModified":"2022-02-09T15:30:06+00:00","breadcrumb":{"@id":"https:\/\/jornalfatosenoticias.com.br\/index.php\/2022\/02\/09\/eleicao-para-presidente-do-conjunto-carapina-i\/#breadcrumb"},"inLanguage":"pt-BR","potentialAction":[{"@type":"ReadAction","target":["https:\/\/jornalfatosenoticias.com.br\/index.php\/2022\/02\/09\/eleicao-para-presidente-do-conjunto-carapina-i\/"]}]},{"@type":"ImageObject","inLanguage":"pt-BR","@id":"https:\/\/jornalfatosenoticias.com.br\/index.php\/2022\/02\/09\/eleicao-para-presidente-do-conjunto-carapina-i\/#primaryimage","url":"https:\/\/jornalfatosenoticias.com.br\/wp-content\/uploads\/2022\/02\/DSC_0630.jpg","contentUrl":"https:\/\/jornalfatosenoticias.com.br\/wp-content\/uploads\/2022\/02\/DSC_0630.jpg","width":1000,"height":617},{"@type":"BreadcrumbList","@id":"https:\/\/jornalfatosenoticias.com.br\/index.php\/2022\/02\/09\/eleicao-para-presidente-do-conjunto-carapina-i\/#breadcrumb","itemListElement":[{"@type":"ListItem","position":1,"name":"In\u00edcio","item":"https:\/\/jornalfatosenoticias.com.br\/"},{"@type":"ListItem","position":2,"name":"Elei\u00e7\u00e3o para presidente do Conjunto Carapina I"}]},{"@type":"WebSite","@id":"https:\/\/jornalfatosenoticias.com.br\/#website","url":"https:\/\/jornalfatosenoticias.com.br\/","name":"Jornal Fatos e Not\u00edcias","description":"Not\u00edcias em geral","publisher":{"@id":"https:\/\/jornalfatosenoticias.com.br\/#organization"},"potentialAction":[{"@type":"SearchAction","target":{"@type":"EntryPoint","urlTemplate":"https:\/\/jornalfatosenoticias.com.br\/?s={search_term_string}"},"query-input":{"@type":"PropertyValueSpecification","valueRequired":true,"valueName":"search_term_string"}}],"inLanguage":"pt-BR"},{"@type":"Organization","@id":"https:\/\/jornalfatosenoticias.com.br\/#organization","name":"Jornal Fatos e Not\u00edcias","url":"https:\/\/jornalfatosenoticias.com.br\/","logo":{"@type":"ImageObject","inLanguage":"pt-BR","@id":"https:\/\/jornalfatosenoticias.com.br\/#\/schema\/logo\/image\/","url":"https:\/\/jornalfatosenoticias.com.br\/wp-content\/uploads\/2020\/02\/logo120.png","contentUrl":"https:\/\/jornalfatosenoticias.com.br\/wp-content\/uploads\/2020\/02\/logo120.png","width":1227,"height":120,"caption":"Jornal Fatos e Not\u00edcias"},"image":{"@id":"https:\/\/jornalfatosenoticias.com.br\/#\/schema\/logo\/image\/"}},{"@type":"Person","@id":"https:\/\/jornalfatosenoticias.com.br\/#\/schema\/person\/05c46cc25b42a5c27e004fb0fa6b4965","name":"Haroldo Filho","image":{"@type":"ImageObject","inLanguage":"pt-BR","@id":"https:\/\/jornalfatosenoticias.com.br\/#\/schema\/person\/image\/","url":"https:\/\/jornalfatosenoticias.com.br\/wp-content\/uploads\/2025\/08\/WhatsApp-Image-2025-08-18-at-15.30.28-150x150.jpeg","contentUrl":"https:\/\/jornalfatosenoticias.com.br\/wp-content\/uploads\/2025\/08\/WhatsApp-Image-2025-08-18-at-15.30.28-150x150.jpeg","caption":"Haroldo Filho"},"description":"Jornalista \u2013 DRT: 0003818\/ES Coordenador-geral da ONG Educar para Crescer","url":"https:\/\/jornalfatosenoticias.com.br\/index.php\/author\/haroldo\/"}]}},"cc_featured_image_caption":{"caption_text":"Jean Carlos (Foto: Haroldo Filho\/F&N)","source_text":"","source_url":""},"jetpack_featured_media_url":"https:\/\/jornalfatosenoticias.com.br\/wp-content\/uploads\/2022\/02\/DSC_0630.jpg","_links":{"self":[{"href":"https:\/\/jornalfatosenoticias.com.br\/index.php\/wp-json\/wp\/v2\/posts\/27693","targetHints":{"allow":["GET"]}}],"collection":[{"href":"https:\/\/jornalfatosenoticias.com.br\/index.php\/wp-json\/wp\/v2\/posts"}],"about":[{"href":"https:\/\/jornalfatosenoticias.com.br\/index.php\/wp-json\/wp\/v2\/types\/post"}],"author":[{"embeddable":true,"href":"https:\/\/jornalfatosenoticias.com.br\/index.php\/wp-json\/wp\/v2\/users\/3"}],"replies":[{"embeddable":true,"href":"https:\/\/jornalfatosenoticias.com.br\/index.php\/wp-json\/wp\/v2\/comments?post=27693"}],"version-history":[{"count":0,"href":"https:\/\/jornalfatosenoticias.com.br\/index.php\/wp-json\/wp\/v2\/posts\/27693\/revisions"}],"wp:featuredmedia":[{"embeddable":true,"href":"https:\/\/jornalfatosenoticias.com.br\/index.php\/wp-json\/wp\/v2\/media\/27696"}],"wp:attachment":[{"href":"https:\/\/jornalfatosenoticias.com.br\/index.php\/wp-json\/wp\/v2\/media?parent=27693"}],"wp:term":[{"taxonomy":"category","embeddable":true,"href":"https:\/\/jornalfatosenoticias.com.br\/index.php\/wp-json\/wp\/v2\/categories?post=27693"},{"taxonomy":"post_tag","embeddable":true,"href":"https:\/\/jornalfatosenoticias.com.br\/index.php\/wp-json\/wp\/v2\/tags?post=27693"}],"curies":[{"name":"wp","href":"https:\/\/api.w.org\/{rel}","templated":true}]}}