{"id":27717,"date":"2022-02-09T13:17:13","date_gmt":"2022-02-09T16:17:13","guid":{"rendered":"https:\/\/jornalfatosenoticias.com.br\/?p=27717"},"modified":"2022-02-09T13:17:17","modified_gmt":"2022-02-09T16:17:17","slug":"grande-reserva-mata-atlantica-vai-receber-19-mil-mudas","status":"publish","type":"post","link":"https:\/\/jornalfatosenoticias.com.br\/index.php\/2022\/02\/09\/grande-reserva-mata-atlantica-vai-receber-19-mil-mudas\/","title":{"rendered":"Grande Reserva Mata Atl\u00e2ntica vai receber 19 mil mudas"},"content":{"rendered":"\n<p><em><span class=\"has-inline-color has-black-color\">Iniciativa visa implementar modelo de produ\u00e7\u00e3o agroflorestal no maior remanescente de Mata Atl\u00e2ntica do Brasil<\/span><\/em><\/p>\n\n\n\n<p>Uma nova iniciativa promete contribuir com a conserva\u00e7\u00e3o da biodiversidade da <a href=\"https:\/\/ciclovivo.com.br\/planeta\/meio-ambiente\/webserie-youtube-grande-reserva-mata-atlantica\/?amp=1\">Grande Reserva Mata Atl\u00e2ntica<\/a>, o \u00faltimo maior remanescente do bioma, localizado entre os estados do Paran\u00e1, Santa Catarina e S\u00e3o Paulo. Por meio de uma parceria entre a Sociedade de Pesquisa em Vida Selvagem e Educa\u00e7\u00e3o Ambiental (SPVS), a reNature, empresa de consultoria em agricultura regenerativa fundada na Holanda, e a marca de roupas FARM, 19 mil mudas ser\u00e3o plantadas na regi\u00e3o da Grande Reserva.<br>Do total de mudas, 2,5 mil s\u00e3o de <a href=\"https:\/\/ciclovivo.com.br\/planeta\/meio-ambiente\/app-270-restaura-mata-atlantica\/?amp=1\">esp\u00e9cies arb\u00f3reas frut\u00edferas e nativas da Mata Atl\u00e2ntica<\/a> e 16,5 mil s\u00e3o esp\u00e9cies arbustivas e herb\u00e1ceas com fins de aduba\u00e7\u00e3o do solo e gera\u00e7\u00e3o de produtos agr\u00edcolas alternativos, possibilitando renda \u00e0s comunidades locais. A iniciativa faz parte do projeto \u201cMil \u00e1rvores por dia, todos os dias\u201d, da FARM. Parte do trabalho inclui a restaura\u00e7\u00e3o de diferentes biomas brasileiros com o compromisso de plantio de mil \u00e1rvores por dia, como o pr\u00f3prio nome do projeto sugere.<br>Est\u00e3o compreendidas pelo projeto \u00e1reas de Mata Atl\u00e2ntica, Floresta Amaz\u00f4nica e tamb\u00e9m Caatinga e Cerrado. At\u00e9 o fim de 2021, meio milh\u00e3o de mudas j\u00e1 haviam sido plantadas.<\/p>\n\n\n\n<figure class=\"wp-block-image size-large\"><img loading=\"lazy\" decoding=\"async\" width=\"1000\" height=\"666\" src=\"https:\/\/jornalfatosenoticias.com.br\/wp-content\/uploads\/2022\/02\/plantio-mata-atlantica-2.jpg\" alt=\"\" class=\"wp-image-27718\" srcset=\"https:\/\/jornalfatosenoticias.com.br\/wp-content\/uploads\/2022\/02\/plantio-mata-atlantica-2.jpg 1000w, https:\/\/jornalfatosenoticias.com.br\/wp-content\/uploads\/2022\/02\/plantio-mata-atlantica-2-300x200.jpg 300w, https:\/\/jornalfatosenoticias.com.br\/wp-content\/uploads\/2022\/02\/plantio-mata-atlantica-2-768x511.jpg 768w\" sizes=\"auto, (max-width: 1000px) 100vw, 1000px\" \/><figcaption><em><span class=\"has-inline-color has-black-color\">O plantio na Grande Reserva Mata Atl\u00e2ntica come\u00e7ou em outubro de 2021 e deve ser conclu\u00eddo at\u00e9 agosto de 2022 (Foto: Divulga\u00e7\u00e3o\/Farm)<\/span><\/em><\/figcaption><\/figure>\n\n\n\n<p><strong><span class=\"has-inline-color has-vivid-green-cyan-color\">Sistemas agroflorestais<br><\/span><\/strong>A parceria visa desenvolver modelos produtivos agroflorestais com frut\u00edferas nativas da Mata Atl\u00e2ntica associados \u00e0 cria\u00e7\u00e3o de abelhas nativas (meliponicultura) e de outras esp\u00e9cies da agricultura convencional utilizada na regi\u00e3o. O trabalho prev\u00ea a implementa\u00e7\u00e3o de 2,5 hectares desses sistemas no entorno da Reserva Natural das \u00c1guas, \u00e1rea protegida mantida pela SPVS no munic\u00edpio de Antonina (PR). Os agricultores da regi\u00e3o ser\u00e3o sensibilizados e capacitados para implementar Sistemas Agroflorestais (SAFs) em suas propriedades.<\/p>\n\n\n\n<figure class=\"wp-block-image size-large\"><img loading=\"lazy\" decoding=\"async\" width=\"1000\" height=\"750\" src=\"https:\/\/jornalfatosenoticias.com.br\/wp-content\/uploads\/2022\/02\/grande-reserva-mata-atlantica3.jpg\" alt=\"\" class=\"wp-image-27719\" srcset=\"https:\/\/jornalfatosenoticias.com.br\/wp-content\/uploads\/2022\/02\/grande-reserva-mata-atlantica3.jpg 1000w, https:\/\/jornalfatosenoticias.com.br\/wp-content\/uploads\/2022\/02\/grande-reserva-mata-atlantica3-300x225.jpg 300w, https:\/\/jornalfatosenoticias.com.br\/wp-content\/uploads\/2022\/02\/grande-reserva-mata-atlantica3-768x576.jpg 768w\" sizes=\"auto, (max-width: 1000px) 100vw, 1000px\" \/><figcaption><em><span class=\"has-inline-color has-black-color\">Agrofloresta na regi\u00e3o da Amaz\u00f4nia (Foto: Fl\u00e1vio Quental\/WWF Brasil)<\/span><\/em><\/figcaption><\/figure>\n\n\n\n<p>Al\u00e9m de promover o manejo sustent\u00e1vel do solo, os SAFs devem agir como motores para a promo\u00e7\u00e3o de um novo modelo de desenvolvimento em \u00e1reas abertas j\u00e1 existentes, agregando uma economia circular e restaurativa aliada \u00e0 voca\u00e7\u00e3o regional das \u00e1reas inseridas na Grande Reserva Mata Atl\u00e2ntica, que \u00e9 a conserva\u00e7\u00e3o da natureza e da cultura local. Os sistemas agroflorestais s\u00e3o um potencial substituto aos cultivos convencionais que s\u00e3o extensivos, t\u00eam baixo valor agregado e fundamentados no extrativismo e monocultura.<\/p>\n\n\n\n<blockquote class=\"wp-block-quote is-layout-flow wp-block-quote-is-layout-flow\"><p><span class=\"has-inline-color has-luminous-vivid-orange-color\">\u201cLevando em considera\u00e7\u00e3o que 70% da popula\u00e7\u00e3o brasileira reside em \u00e1reas do bioma Mata Atl\u00e2ntica, os sistemas agroflorestais tornam-se alternativas vi\u00e1veis para impulsionar o mercado local e regional, pautados, principalmente, na riqueza das esp\u00e9cies nativas e no conhecimento tradicional\u201d, explica Cl\u00f3vis Borges, diretor-executivo da SPVS.<\/span><\/p><\/blockquote>\n\n\n\n<figure class=\"wp-block-image size-large\"><img loading=\"lazy\" decoding=\"async\" width=\"1000\" height=\"750\" src=\"https:\/\/jornalfatosenoticias.com.br\/wp-content\/uploads\/2022\/02\/grande-reserva-mata-atlantica4.jpg\" alt=\"\" class=\"wp-image-27720\" srcset=\"https:\/\/jornalfatosenoticias.com.br\/wp-content\/uploads\/2022\/02\/grande-reserva-mata-atlantica4.jpg 1000w, https:\/\/jornalfatosenoticias.com.br\/wp-content\/uploads\/2022\/02\/grande-reserva-mata-atlantica4-300x225.jpg 300w, https:\/\/jornalfatosenoticias.com.br\/wp-content\/uploads\/2022\/02\/grande-reserva-mata-atlantica4-768x576.jpg 768w\" sizes=\"auto, (max-width: 1000px) 100vw, 1000px\" \/><figcaption><em><span class=\"has-inline-color has-black-color\">(Foto: Universo da Floresta\/Divulga\u00e7\u00e3o)<\/span><\/em><\/figcaption><\/figure>\n\n\n\n<p>Todo o trabalho foi constru\u00eddo com a participa\u00e7\u00e3o da reNature, institui\u00e7\u00e3o que se utiliza do vasto potencial da agricultura contra os desafios mais emergentes da atualidade, como mudan\u00e7as clim\u00e1ticas, perda da biodiversidade e inseguran\u00e7a alimentar.<\/p>\n\n\n\n<blockquote class=\"wp-block-quote is-layout-flow wp-block-quote-is-layout-flow\"><p><span class=\"has-inline-color has-luminous-vivid-orange-color\">\u201cA busca pela constru\u00e7\u00e3o de parcerias como a da Farm e a da SPVS \u00e9 a base de nosso trabalho. Entendemos que \u00e9 preciso ir al\u00e9m dos tradicionais modelos de sustentabilidade\u201d, relata Felipe Villela, fundador da reNature. \u201cImplementar este trabalho \u00e9 garantir impacto, gera\u00e7\u00e3o de renda, conserva\u00e7\u00e3o e ganho para todas as partes envolvidas, com a perpetuidade de\u201d, garante o fundador da reNature<\/span><\/p><\/blockquote>\n\n\n\n<p><strong><em>Fonte: <a href=\"https:\/\/ciclovivo.com.br\/planeta\/meio-ambiente\/grande-reserva-mata-atlantica-vai-receber-19-mil-mudas\/?amp=1\">CicloVivo<\/a><\/em><\/strong><\/p>\n","protected":false},"excerpt":{"rendered":"<p>Iniciativa visa implementar modelo de produ\u00e7\u00e3o agroflorestal no maior remanescente de Mata Atl\u00e2ntica do Brasil Uma nova iniciativa promete contribuir com a conserva\u00e7\u00e3o da biodiversidade da Grande Reserva Mata Atl\u00e2ntica, o \u00faltimo maior remanescente do bioma, localizado entre os estados do Paran\u00e1, Santa Catarina e S\u00e3o Paulo. Por meio de uma parceria entre a Sociedade [&hellip;]<\/p>\n","protected":false},"author":2,"featured_media":27721,"comment_status":"open","ping_status":"open","sticky":false,"template":"","format":"standard","meta":{"footnotes":""},"categories":[8],"tags":[334,1064,13218,13219,13217,13220],"class_list":["post-27717","post","type-post","status-publish","format-standard","has-post-thumbnail","hentry","category-meio-ambiente","tag-biodiversidade","tag-bioma","tag-especies-arboreas","tag-frutiferas","tag-grande-reserva-mata-atlantica","tag-nativas"],"yoast_head":"<!-- This site is optimized with the Yoast SEO plugin v26.5 - https:\/\/yoast.com\/wordpress\/plugins\/seo\/ -->\n<title>Grande Reserva Mata Atl\u00e2ntica vai receber 19 mil mudas - Jornal Fatos e Not\u00edcias<\/title>\n<meta name=\"robots\" content=\"index, follow, max-snippet:-1, max-image-preview:large, max-video-preview:-1\" \/>\n<link rel=\"canonical\" href=\"https:\/\/jornalfatosenoticias.com.br\/index.php\/2022\/02\/09\/grande-reserva-mata-atlantica-vai-receber-19-mil-mudas\/\" \/>\n<meta property=\"og:locale\" content=\"pt_BR\" \/>\n<meta property=\"og:type\" content=\"article\" \/>\n<meta property=\"og:title\" content=\"Grande Reserva Mata Atl\u00e2ntica vai receber 19 mil mudas - Jornal Fatos e Not\u00edcias\" \/>\n<meta property=\"og:description\" content=\"Iniciativa visa implementar modelo de produ\u00e7\u00e3o agroflorestal no maior remanescente de Mata Atl\u00e2ntica do Brasil Uma nova iniciativa promete contribuir com a conserva\u00e7\u00e3o da biodiversidade da Grande Reserva Mata Atl\u00e2ntica, o \u00faltimo maior remanescente do bioma, localizado entre os estados do Paran\u00e1, Santa Catarina e S\u00e3o Paulo. Por meio de uma parceria entre a Sociedade [&hellip;]\" \/>\n<meta property=\"og:url\" content=\"https:\/\/jornalfatosenoticias.com.br\/index.php\/2022\/02\/09\/grande-reserva-mata-atlantica-vai-receber-19-mil-mudas\/\" \/>\n<meta property=\"og:site_name\" content=\"Jornal Fatos e Not\u00edcias\" \/>\n<meta property=\"article:published_time\" content=\"2022-02-09T16:17:13+00:00\" \/>\n<meta property=\"article:modified_time\" content=\"2022-02-09T16:17:17+00:00\" \/>\n<meta property=\"og:image\" content=\"https:\/\/jornalfatosenoticias.com.br\/wp-content\/uploads\/2022\/02\/grande-reserva-mata-atlantica.jpg\" \/>\n\t<meta property=\"og:image:width\" content=\"1000\" \/>\n\t<meta property=\"og:image:height\" content=\"618\" \/>\n\t<meta property=\"og:image:type\" content=\"image\/jpeg\" \/>\n<meta name=\"author\" content=\"Luzimara Fernandes\" \/>\n<meta name=\"twitter:card\" content=\"summary_large_image\" \/>\n<meta name=\"twitter:label1\" content=\"Escrito por\" \/>\n\t<meta name=\"twitter:data1\" content=\"Luzimara Fernandes\" \/>\n\t<meta name=\"twitter:label2\" content=\"Est. tempo de leitura\" \/>\n\t<meta name=\"twitter:data2\" content=\"3 minutos\" \/>\n<script type=\"application\/ld+json\" class=\"yoast-schema-graph\">{\"@context\":\"https:\/\/schema.org\",\"@graph\":[{\"@type\":\"Article\",\"@id\":\"https:\/\/jornalfatosenoticias.com.br\/index.php\/2022\/02\/09\/grande-reserva-mata-atlantica-vai-receber-19-mil-mudas\/#article\",\"isPartOf\":{\"@id\":\"https:\/\/jornalfatosenoticias.com.br\/index.php\/2022\/02\/09\/grande-reserva-mata-atlantica-vai-receber-19-mil-mudas\/\"},\"author\":{\"name\":\"Luzimara Fernandes\",\"@id\":\"https:\/\/jornalfatosenoticias.com.br\/#\/schema\/person\/d63837fa13ac8666eb9e74e0985d6f81\"},\"headline\":\"Grande Reserva Mata Atl\u00e2ntica vai receber 19 mil mudas\",\"datePublished\":\"2022-02-09T16:17:13+00:00\",\"dateModified\":\"2022-02-09T16:17:17+00:00\",\"mainEntityOfPage\":{\"@id\":\"https:\/\/jornalfatosenoticias.com.br\/index.php\/2022\/02\/09\/grande-reserva-mata-atlantica-vai-receber-19-mil-mudas\/\"},\"wordCount\":602,\"commentCount\":0,\"publisher\":{\"@id\":\"https:\/\/jornalfatosenoticias.com.br\/#organization\"},\"image\":{\"@id\":\"https:\/\/jornalfatosenoticias.com.br\/index.php\/2022\/02\/09\/grande-reserva-mata-atlantica-vai-receber-19-mil-mudas\/#primaryimage\"},\"thumbnailUrl\":\"https:\/\/jornalfatosenoticias.com.br\/wp-content\/uploads\/2022\/02\/grande-reserva-mata-atlantica.jpg\",\"keywords\":[\"biodiversidade\",\"bioma\",\"esp\u00e9cies arb\u00f3reas\",\"frut\u00edferas\",\"Grande Reserva Mata Atl\u00e2ntica\",\"nativas\"],\"articleSection\":[\"Meio ambiente\"],\"inLanguage\":\"pt-BR\",\"potentialAction\":[{\"@type\":\"CommentAction\",\"name\":\"Comment\",\"target\":[\"https:\/\/jornalfatosenoticias.com.br\/index.php\/2022\/02\/09\/grande-reserva-mata-atlantica-vai-receber-19-mil-mudas\/#respond\"]}]},{\"@type\":\"WebPage\",\"@id\":\"https:\/\/jornalfatosenoticias.com.br\/index.php\/2022\/02\/09\/grande-reserva-mata-atlantica-vai-receber-19-mil-mudas\/\",\"url\":\"https:\/\/jornalfatosenoticias.com.br\/index.php\/2022\/02\/09\/grande-reserva-mata-atlantica-vai-receber-19-mil-mudas\/\",\"name\":\"Grande Reserva Mata Atl\u00e2ntica vai receber 19 mil mudas - Jornal Fatos e Not\u00edcias\",\"isPartOf\":{\"@id\":\"https:\/\/jornalfatosenoticias.com.br\/#website\"},\"primaryImageOfPage\":{\"@id\":\"https:\/\/jornalfatosenoticias.com.br\/index.php\/2022\/02\/09\/grande-reserva-mata-atlantica-vai-receber-19-mil-mudas\/#primaryimage\"},\"image\":{\"@id\":\"https:\/\/jornalfatosenoticias.com.br\/index.php\/2022\/02\/09\/grande-reserva-mata-atlantica-vai-receber-19-mil-mudas\/#primaryimage\"},\"thumbnailUrl\":\"https:\/\/jornalfatosenoticias.com.br\/wp-content\/uploads\/2022\/02\/grande-reserva-mata-atlantica.jpg\",\"datePublished\":\"2022-02-09T16:17:13+00:00\",\"dateModified\":\"2022-02-09T16:17:17+00:00\",\"breadcrumb\":{\"@id\":\"https:\/\/jornalfatosenoticias.com.br\/index.php\/2022\/02\/09\/grande-reserva-mata-atlantica-vai-receber-19-mil-mudas\/#breadcrumb\"},\"inLanguage\":\"pt-BR\",\"potentialAction\":[{\"@type\":\"ReadAction\",\"target\":[\"https:\/\/jornalfatosenoticias.com.br\/index.php\/2022\/02\/09\/grande-reserva-mata-atlantica-vai-receber-19-mil-mudas\/\"]}]},{\"@type\":\"ImageObject\",\"inLanguage\":\"pt-BR\",\"@id\":\"https:\/\/jornalfatosenoticias.com.br\/index.php\/2022\/02\/09\/grande-reserva-mata-atlantica-vai-receber-19-mil-mudas\/#primaryimage\",\"url\":\"https:\/\/jornalfatosenoticias.com.br\/wp-content\/uploads\/2022\/02\/grande-reserva-mata-atlantica.jpg\",\"contentUrl\":\"https:\/\/jornalfatosenoticias.com.br\/wp-content\/uploads\/2022\/02\/grande-reserva-mata-atlantica.jpg\",\"width\":1000,\"height\":618},{\"@type\":\"BreadcrumbList\",\"@id\":\"https:\/\/jornalfatosenoticias.com.br\/index.php\/2022\/02\/09\/grande-reserva-mata-atlantica-vai-receber-19-mil-mudas\/#breadcrumb\",\"itemListElement\":[{\"@type\":\"ListItem\",\"position\":1,\"name\":\"In\u00edcio\",\"item\":\"https:\/\/jornalfatosenoticias.com.br\/\"},{\"@type\":\"ListItem\",\"position\":2,\"name\":\"Grande Reserva Mata Atl\u00e2ntica vai receber 19 mil mudas\"}]},{\"@type\":\"WebSite\",\"@id\":\"https:\/\/jornalfatosenoticias.com.br\/#website\",\"url\":\"https:\/\/jornalfatosenoticias.com.br\/\",\"name\":\"Jornal Fatos e Not\u00edcias\",\"description\":\"Not\u00edcias em geral\",\"publisher\":{\"@id\":\"https:\/\/jornalfatosenoticias.com.br\/#organization\"},\"potentialAction\":[{\"@type\":\"SearchAction\",\"target\":{\"@type\":\"EntryPoint\",\"urlTemplate\":\"https:\/\/jornalfatosenoticias.com.br\/?s={search_term_string}\"},\"query-input\":{\"@type\":\"PropertyValueSpecification\",\"valueRequired\":true,\"valueName\":\"search_term_string\"}}],\"inLanguage\":\"pt-BR\"},{\"@type\":\"Organization\",\"@id\":\"https:\/\/jornalfatosenoticias.com.br\/#organization\",\"name\":\"Jornal Fatos e Not\u00edcias\",\"url\":\"https:\/\/jornalfatosenoticias.com.br\/\",\"logo\":{\"@type\":\"ImageObject\",\"inLanguage\":\"pt-BR\",\"@id\":\"https:\/\/jornalfatosenoticias.com.br\/#\/schema\/logo\/image\/\",\"url\":\"https:\/\/jornalfatosenoticias.com.br\/wp-content\/uploads\/2020\/02\/logo120.png\",\"contentUrl\":\"https:\/\/jornalfatosenoticias.com.br\/wp-content\/uploads\/2020\/02\/logo120.png\",\"width\":1227,\"height\":120,\"caption\":\"Jornal Fatos e Not\u00edcias\"},\"image\":{\"@id\":\"https:\/\/jornalfatosenoticias.com.br\/#\/schema\/logo\/image\/\"}},{\"@type\":\"Person\",\"@id\":\"https:\/\/jornalfatosenoticias.com.br\/#\/schema\/person\/d63837fa13ac8666eb9e74e0985d6f81\",\"name\":\"Luzimara Fernandes\",\"image\":{\"@type\":\"ImageObject\",\"inLanguage\":\"pt-BR\",\"@id\":\"https:\/\/jornalfatosenoticias.com.br\/#\/schema\/person\/image\/\",\"url\":\"https:\/\/jornalfatosenoticias.com.br\/wp-content\/uploads\/2025\/05\/EU_portal.jpg\",\"contentUrl\":\"https:\/\/jornalfatosenoticias.com.br\/wp-content\/uploads\/2025\/05\/EU_portal.jpg\",\"caption\":\"Luzimara Fernandes\"},\"description\":\"Jornalista MTB 2358-ES\",\"sameAs\":[\"https:\/\/jornalfatosenoticias.com.br\"],\"url\":\"https:\/\/jornalfatosenoticias.com.br\/index.php\/author\/luzimara\/\"}]}<\/script>\n<!-- \/ Yoast SEO plugin. -->","yoast_head_json":{"title":"Grande Reserva Mata Atl\u00e2ntica vai receber 19 mil mudas - Jornal Fatos e Not\u00edcias","robots":{"index":"index","follow":"follow","max-snippet":"max-snippet:-1","max-image-preview":"max-image-preview:large","max-video-preview":"max-video-preview:-1"},"canonical":"https:\/\/jornalfatosenoticias.com.br\/index.php\/2022\/02\/09\/grande-reserva-mata-atlantica-vai-receber-19-mil-mudas\/","og_locale":"pt_BR","og_type":"article","og_title":"Grande Reserva Mata Atl\u00e2ntica vai receber 19 mil mudas - Jornal Fatos e Not\u00edcias","og_description":"Iniciativa visa implementar modelo de produ\u00e7\u00e3o agroflorestal no maior remanescente de Mata Atl\u00e2ntica do Brasil Uma nova iniciativa promete contribuir com a conserva\u00e7\u00e3o da biodiversidade da Grande Reserva Mata Atl\u00e2ntica, o \u00faltimo maior remanescente do bioma, localizado entre os estados do Paran\u00e1, Santa Catarina e S\u00e3o Paulo. Por meio de uma parceria entre a Sociedade [&hellip;]","og_url":"https:\/\/jornalfatosenoticias.com.br\/index.php\/2022\/02\/09\/grande-reserva-mata-atlantica-vai-receber-19-mil-mudas\/","og_site_name":"Jornal Fatos e Not\u00edcias","article_published_time":"2022-02-09T16:17:13+00:00","article_modified_time":"2022-02-09T16:17:17+00:00","og_image":[{"width":1000,"height":618,"url":"https:\/\/jornalfatosenoticias.com.br\/wp-content\/uploads\/2022\/02\/grande-reserva-mata-atlantica.jpg","type":"image\/jpeg"}],"author":"Luzimara Fernandes","twitter_card":"summary_large_image","twitter_misc":{"Escrito por":"Luzimara Fernandes","Est. tempo de leitura":"3 minutos"},"schema":{"@context":"https:\/\/schema.org","@graph":[{"@type":"Article","@id":"https:\/\/jornalfatosenoticias.com.br\/index.php\/2022\/02\/09\/grande-reserva-mata-atlantica-vai-receber-19-mil-mudas\/#article","isPartOf":{"@id":"https:\/\/jornalfatosenoticias.com.br\/index.php\/2022\/02\/09\/grande-reserva-mata-atlantica-vai-receber-19-mil-mudas\/"},"author":{"name":"Luzimara Fernandes","@id":"https:\/\/jornalfatosenoticias.com.br\/#\/schema\/person\/d63837fa13ac8666eb9e74e0985d6f81"},"headline":"Grande Reserva Mata Atl\u00e2ntica vai receber 19 mil mudas","datePublished":"2022-02-09T16:17:13+00:00","dateModified":"2022-02-09T16:17:17+00:00","mainEntityOfPage":{"@id":"https:\/\/jornalfatosenoticias.com.br\/index.php\/2022\/02\/09\/grande-reserva-mata-atlantica-vai-receber-19-mil-mudas\/"},"wordCount":602,"commentCount":0,"publisher":{"@id":"https:\/\/jornalfatosenoticias.com.br\/#organization"},"image":{"@id":"https:\/\/jornalfatosenoticias.com.br\/index.php\/2022\/02\/09\/grande-reserva-mata-atlantica-vai-receber-19-mil-mudas\/#primaryimage"},"thumbnailUrl":"https:\/\/jornalfatosenoticias.com.br\/wp-content\/uploads\/2022\/02\/grande-reserva-mata-atlantica.jpg","keywords":["biodiversidade","bioma","esp\u00e9cies arb\u00f3reas","frut\u00edferas","Grande Reserva Mata Atl\u00e2ntica","nativas"],"articleSection":["Meio ambiente"],"inLanguage":"pt-BR","potentialAction":[{"@type":"CommentAction","name":"Comment","target":["https:\/\/jornalfatosenoticias.com.br\/index.php\/2022\/02\/09\/grande-reserva-mata-atlantica-vai-receber-19-mil-mudas\/#respond"]}]},{"@type":"WebPage","@id":"https:\/\/jornalfatosenoticias.com.br\/index.php\/2022\/02\/09\/grande-reserva-mata-atlantica-vai-receber-19-mil-mudas\/","url":"https:\/\/jornalfatosenoticias.com.br\/index.php\/2022\/02\/09\/grande-reserva-mata-atlantica-vai-receber-19-mil-mudas\/","name":"Grande Reserva Mata Atl\u00e2ntica vai receber 19 mil mudas - Jornal Fatos e Not\u00edcias","isPartOf":{"@id":"https:\/\/jornalfatosenoticias.com.br\/#website"},"primaryImageOfPage":{"@id":"https:\/\/jornalfatosenoticias.com.br\/index.php\/2022\/02\/09\/grande-reserva-mata-atlantica-vai-receber-19-mil-mudas\/#primaryimage"},"image":{"@id":"https:\/\/jornalfatosenoticias.com.br\/index.php\/2022\/02\/09\/grande-reserva-mata-atlantica-vai-receber-19-mil-mudas\/#primaryimage"},"thumbnailUrl":"https:\/\/jornalfatosenoticias.com.br\/wp-content\/uploads\/2022\/02\/grande-reserva-mata-atlantica.jpg","datePublished":"2022-02-09T16:17:13+00:00","dateModified":"2022-02-09T16:17:17+00:00","breadcrumb":{"@id":"https:\/\/jornalfatosenoticias.com.br\/index.php\/2022\/02\/09\/grande-reserva-mata-atlantica-vai-receber-19-mil-mudas\/#breadcrumb"},"inLanguage":"pt-BR","potentialAction":[{"@type":"ReadAction","target":["https:\/\/jornalfatosenoticias.com.br\/index.php\/2022\/02\/09\/grande-reserva-mata-atlantica-vai-receber-19-mil-mudas\/"]}]},{"@type":"ImageObject","inLanguage":"pt-BR","@id":"https:\/\/jornalfatosenoticias.com.br\/index.php\/2022\/02\/09\/grande-reserva-mata-atlantica-vai-receber-19-mil-mudas\/#primaryimage","url":"https:\/\/jornalfatosenoticias.com.br\/wp-content\/uploads\/2022\/02\/grande-reserva-mata-atlantica.jpg","contentUrl":"https:\/\/jornalfatosenoticias.com.br\/wp-content\/uploads\/2022\/02\/grande-reserva-mata-atlantica.jpg","width":1000,"height":618},{"@type":"BreadcrumbList","@id":"https:\/\/jornalfatosenoticias.com.br\/index.php\/2022\/02\/09\/grande-reserva-mata-atlantica-vai-receber-19-mil-mudas\/#breadcrumb","itemListElement":[{"@type":"ListItem","position":1,"name":"In\u00edcio","item":"https:\/\/jornalfatosenoticias.com.br\/"},{"@type":"ListItem","position":2,"name":"Grande Reserva Mata Atl\u00e2ntica vai receber 19 mil mudas"}]},{"@type":"WebSite","@id":"https:\/\/jornalfatosenoticias.com.br\/#website","url":"https:\/\/jornalfatosenoticias.com.br\/","name":"Jornal Fatos e Not\u00edcias","description":"Not\u00edcias em geral","publisher":{"@id":"https:\/\/jornalfatosenoticias.com.br\/#organization"},"potentialAction":[{"@type":"SearchAction","target":{"@type":"EntryPoint","urlTemplate":"https:\/\/jornalfatosenoticias.com.br\/?s={search_term_string}"},"query-input":{"@type":"PropertyValueSpecification","valueRequired":true,"valueName":"search_term_string"}}],"inLanguage":"pt-BR"},{"@type":"Organization","@id":"https:\/\/jornalfatosenoticias.com.br\/#organization","name":"Jornal Fatos e Not\u00edcias","url":"https:\/\/jornalfatosenoticias.com.br\/","logo":{"@type":"ImageObject","inLanguage":"pt-BR","@id":"https:\/\/jornalfatosenoticias.com.br\/#\/schema\/logo\/image\/","url":"https:\/\/jornalfatosenoticias.com.br\/wp-content\/uploads\/2020\/02\/logo120.png","contentUrl":"https:\/\/jornalfatosenoticias.com.br\/wp-content\/uploads\/2020\/02\/logo120.png","width":1227,"height":120,"caption":"Jornal Fatos e Not\u00edcias"},"image":{"@id":"https:\/\/jornalfatosenoticias.com.br\/#\/schema\/logo\/image\/"}},{"@type":"Person","@id":"https:\/\/jornalfatosenoticias.com.br\/#\/schema\/person\/d63837fa13ac8666eb9e74e0985d6f81","name":"Luzimara Fernandes","image":{"@type":"ImageObject","inLanguage":"pt-BR","@id":"https:\/\/jornalfatosenoticias.com.br\/#\/schema\/person\/image\/","url":"https:\/\/jornalfatosenoticias.com.br\/wp-content\/uploads\/2025\/05\/EU_portal.jpg","contentUrl":"https:\/\/jornalfatosenoticias.com.br\/wp-content\/uploads\/2025\/05\/EU_portal.jpg","caption":"Luzimara Fernandes"},"description":"Jornalista MTB 2358-ES","sameAs":["https:\/\/jornalfatosenoticias.com.br"],"url":"https:\/\/jornalfatosenoticias.com.br\/index.php\/author\/luzimara\/"}]}},"cc_featured_image_caption":{"caption_text":"(Foto: Facebook\/Grande Reserva Mata Atl\u00e2ntica) \r\n","source_text":"","source_url":""},"jetpack_featured_media_url":"https:\/\/jornalfatosenoticias.com.br\/wp-content\/uploads\/2022\/02\/grande-reserva-mata-atlantica.jpg","_links":{"self":[{"href":"https:\/\/jornalfatosenoticias.com.br\/index.php\/wp-json\/wp\/v2\/posts\/27717","targetHints":{"allow":["GET"]}}],"collection":[{"href":"https:\/\/jornalfatosenoticias.com.br\/index.php\/wp-json\/wp\/v2\/posts"}],"about":[{"href":"https:\/\/jornalfatosenoticias.com.br\/index.php\/wp-json\/wp\/v2\/types\/post"}],"author":[{"embeddable":true,"href":"https:\/\/jornalfatosenoticias.com.br\/index.php\/wp-json\/wp\/v2\/users\/2"}],"replies":[{"embeddable":true,"href":"https:\/\/jornalfatosenoticias.com.br\/index.php\/wp-json\/wp\/v2\/comments?post=27717"}],"version-history":[{"count":0,"href":"https:\/\/jornalfatosenoticias.com.br\/index.php\/wp-json\/wp\/v2\/posts\/27717\/revisions"}],"wp:featuredmedia":[{"embeddable":true,"href":"https:\/\/jornalfatosenoticias.com.br\/index.php\/wp-json\/wp\/v2\/media\/27721"}],"wp:attachment":[{"href":"https:\/\/jornalfatosenoticias.com.br\/index.php\/wp-json\/wp\/v2\/media?parent=27717"}],"wp:term":[{"taxonomy":"category","embeddable":true,"href":"https:\/\/jornalfatosenoticias.com.br\/index.php\/wp-json\/wp\/v2\/categories?post=27717"},{"taxonomy":"post_tag","embeddable":true,"href":"https:\/\/jornalfatosenoticias.com.br\/index.php\/wp-json\/wp\/v2\/tags?post=27717"}],"curies":[{"name":"wp","href":"https:\/\/api.w.org\/{rel}","templated":true}]}}