{"id":27723,"date":"2022-02-09T13:25:20","date_gmt":"2022-02-09T16:25:20","guid":{"rendered":"https:\/\/jornalfatosenoticias.com.br\/?p=27723"},"modified":"2022-02-09T13:25:24","modified_gmt":"2022-02-09T16:25:24","slug":"navio-naufragado-do-seculo-xiii-e-aparentemente-incendiado-e-encontrado-na-suecia","status":"publish","type":"post","link":"https:\/\/jornalfatosenoticias.com.br\/index.php\/2022\/02\/09\/navio-naufragado-do-seculo-xiii-e-aparentemente-incendiado-e-encontrado-na-suecia\/","title":{"rendered":"Navio naufragado do s\u00e9culo XIII e aparentemente incendiado \u00e9 encontrado na Su\u00e9cia"},"content":{"rendered":"\n<p><em><span class=\"has-inline-color has-black-color\">Arque\u00f3logos descobriram em uma ba\u00eda na Su\u00e9cia os restos de um raro navio mercante, uma coca, do s\u00e9c. XIII, descrito como sendo tamb\u00e9m um dos mais antigos naufr\u00e1gios da \u00e9poca na Europa<\/span><\/em><\/p>\n\n\n\n<p>Foi encontrado no ocidente da Su\u00e9cia <a href=\"https:\/\/br.sputniknews.com\/20210412\/partes-de-navio-mercante-do-seculo-xviii-descobertas-no-mar-vermelho-fotos-17318655.html\" target=\"_blank\" rel=\"noreferrer noopener\">um navio mercante<\/a>\u00a0que naufragou no s\u00e9c. XIII,\u00a0<a href=\"https:\/\/www.dn.se\/sverige\/medeltida-vrak-funnet-utanfor-fjallbacka-aldsta-i-bohuslan\/\" target=\"_blank\" rel=\"noreferrer noopener\">relatou<\/a> o jornal Dagens Nyheter. O naufr\u00e1gio da embarca\u00e7\u00e3o, que seria uma coca medieval, mede dez metros de comprimento e cinco metros de largura, apesar de o navio poder ter tido 20 metros de comprimento. As cocas surgiram primeiro no s\u00e9c. X, mas passaram a ser mais usadas a partir do s\u00e9c. XII devido \u00e0s suas capacidades de transportar carga.<br>O navio parece ter sido encontrado por acaso por uma equipe de arque\u00f3logos da Universidade de Gotemburgo, Su\u00e9cia, e um grupo de colegas freelancers, no condado de Bohuslan, no fundo lamacento de <strong>uma ba\u00eda rasa chamada Fjallbacka,<\/strong> n\u00e3o muito longe de casas-barcos de veraneio. A equipe teria informa\u00e7\u00e3o de outro naufr\u00e1gio, do s\u00e9c. XVII.<\/p>\n\n\n\n<figure class=\"wp-block-image size-large\"><img loading=\"lazy\" decoding=\"async\" width=\"1000\" height=\"564\" src=\"https:\/\/jornalfatosenoticias.com.br\/wp-content\/uploads\/2022\/02\/Navio-naufragado-do-seculo-XIII-e-aparentemente-incendiado-e-encontrado-na-Suecia2.jpg\" alt=\"\" class=\"wp-image-27724\" srcset=\"https:\/\/jornalfatosenoticias.com.br\/wp-content\/uploads\/2022\/02\/Navio-naufragado-do-seculo-XIII-e-aparentemente-incendiado-e-encontrado-na-Suecia2.jpg 1000w, https:\/\/jornalfatosenoticias.com.br\/wp-content\/uploads\/2022\/02\/Navio-naufragado-do-seculo-XIII-e-aparentemente-incendiado-e-encontrado-na-Suecia2-300x169.jpg 300w, https:\/\/jornalfatosenoticias.com.br\/wp-content\/uploads\/2022\/02\/Navio-naufragado-do-seculo-XIII-e-aparentemente-incendiado-e-encontrado-na-Suecia2-768x433.jpg 768w\" sizes=\"auto, (max-width: 1000px) 100vw, 1000px\" \/><figcaption><em><span class=\"has-inline-color has-black-color\">Anders Gutehall, arque\u00f3logo marinho da Visuell Arkeologi Norden, inspeciona o fundo em Dyngo, Su\u00e9cia (Foto: Staffan von Arbin\/Universidade de Gotemburgo, Su\u00e9cia)<\/span><\/em><\/figcaption><\/figure>\n\n\n\n<p>Staffan von Arbin, arque\u00f3logo marinho, explicou que a presen\u00e7a de carv\u00e3o queimado indica que o navio deve ter se incendiado antes de naufragar. N\u00e3o ficou claro se foi um acidente ou um ataque hostil, sendo um <a href=\"https:\/\/br.sputniknews.com\/20211018\/navio-de-carga-do-seculo-xix-e-encontrado-intacto-na-suecia-18134755.html\" target=\"_blank\" rel=\"noreferrer noopener\">assalto por piratas para roubar os bens<\/a> a bordo uma possibilidade. Os marinheiros medievais n\u00e3o tinham mapas ou b\u00fassolas e confiavam inteiramente no seu pr\u00f3prio conhecimento ou pilotos locais.<br>Assim, eles seguiam a costa sempre que poss\u00edvel e evitavam navegar \u00e0 noite. Quando a escurid\u00e3o chegava, os marinheiros tomavam ref\u00fagio em portos locais ou ba\u00edas abrigadas como a de Fjallbacka. Aoife Daly, dendrocronologista do Instituto Saxo de Copenhague, Dinamarca, analisou a madeira da embarca\u00e7\u00e3o, determinando que ela foi constru\u00edda com carvalhos do noroeste da Alemanha abatidos <a href=\"https:\/\/br.sputniknews.com\/20220127\/cientistas-usam-madeira-de-predios-para-determinar-epocas-de-crise-e-prosperidade-na-europa-21179596.html\" target=\"_blank\" rel=\"noreferrer noopener\">entre 1233 e 1240<\/a>.<br>Isso aponta a uma liga\u00e7\u00e3o \u00e0 Liga Hanse\u00e1tica, que detinha uma grande propor\u00e7\u00e3o do com\u00e9rcio no norte da Europa medieval, pois Bohuslan, ent\u00e3o parte da Noruega, tinha importantes rotas comerciais ao longo de sua costa. Os navios as usavam nos seus percursos entre o mar B\u00e1ltico e as Ilhas Brit\u00e2nicas e mais para sul na Europa.<br>De acordo com Arbin, at\u00e9 agora apenas<strong>foram encontrados 12 naufr\u00e1gios do s\u00e9c. XIII na Su\u00e9cia<\/strong>, sendo este o mais antigo descoberto no condado de Bohuslan e um dos mais antigos em toda a Europa.<\/p>\n\n\n\n<p><strong><em>Fonte: <a href=\"https:\/\/br.sputniknews.com\/20220207\/navio-naufragado-do-seculo-xiii-e-aparentemente-incendiado-e-encontrado-na-suecia-fotos-21297458.html\">Sputnik News Brasil<\/a><\/em><\/strong><\/p>\n","protected":false},"excerpt":{"rendered":"<p>Arque\u00f3logos descobriram em uma ba\u00eda na Su\u00e9cia os restos de um raro navio mercante, uma coca, do s\u00e9c. XIII, descrito como sendo tamb\u00e9m um dos mais antigos naufr\u00e1gios da \u00e9poca na Europa Foi encontrado no ocidente da Su\u00e9cia um navio mercante\u00a0que naufragou no s\u00e9c. XIII,\u00a0relatou o jornal Dagens Nyheter. O naufr\u00e1gio da embarca\u00e7\u00e3o, que seria [&hellip;]<\/p>\n","protected":false},"author":2,"featured_media":27725,"comment_status":"open","ping_status":"open","sticky":false,"template":"","format":"standard","meta":{"footnotes":""},"categories":[9808],"tags":[1478,761,13221,13222,2422,125,13223,4894,1958,2330],"class_list":["post-27723","post","type-post","status-publish","format-standard","has-post-thumbnail","hentry","category-paleo-arqueologia","tag-arqueologia","tag-arqueologos","tag-copenhague","tag-dagens-nyheter","tag-dinamarca","tag-europa","tag-gotemburgo","tag-mar-baltico","tag-noruega","tag-suecia"],"yoast_head":"<!-- This site is optimized with the Yoast SEO plugin v26.5 - https:\/\/yoast.com\/wordpress\/plugins\/seo\/ -->\n<title>Navio naufragado do s\u00e9culo XIII e aparentemente incendiado \u00e9 encontrado na Su\u00e9cia - Jornal Fatos e Not\u00edcias<\/title>\n<meta name=\"robots\" content=\"index, follow, max-snippet:-1, max-image-preview:large, max-video-preview:-1\" \/>\n<link rel=\"canonical\" href=\"https:\/\/jornalfatosenoticias.com.br\/index.php\/2022\/02\/09\/navio-naufragado-do-seculo-xiii-e-aparentemente-incendiado-e-encontrado-na-suecia\/\" \/>\n<meta property=\"og:locale\" content=\"pt_BR\" \/>\n<meta property=\"og:type\" content=\"article\" \/>\n<meta property=\"og:title\" content=\"Navio naufragado do s\u00e9culo XIII e aparentemente incendiado \u00e9 encontrado na Su\u00e9cia - Jornal Fatos e Not\u00edcias\" \/>\n<meta property=\"og:description\" content=\"Arque\u00f3logos descobriram em uma ba\u00eda na Su\u00e9cia os restos de um raro navio mercante, uma coca, do s\u00e9c. XIII, descrito como sendo tamb\u00e9m um dos mais antigos naufr\u00e1gios da \u00e9poca na Europa Foi encontrado no ocidente da Su\u00e9cia um navio mercante\u00a0que naufragou no s\u00e9c. XIII,\u00a0relatou o jornal Dagens Nyheter. O naufr\u00e1gio da embarca\u00e7\u00e3o, que seria [&hellip;]\" \/>\n<meta property=\"og:url\" content=\"https:\/\/jornalfatosenoticias.com.br\/index.php\/2022\/02\/09\/navio-naufragado-do-seculo-xiii-e-aparentemente-incendiado-e-encontrado-na-suecia\/\" \/>\n<meta property=\"og:site_name\" content=\"Jornal Fatos e Not\u00edcias\" \/>\n<meta property=\"article:published_time\" content=\"2022-02-09T16:25:20+00:00\" \/>\n<meta property=\"article:modified_time\" content=\"2022-02-09T16:25:24+00:00\" \/>\n<meta property=\"og:image\" content=\"https:\/\/jornalfatosenoticias.com.br\/wp-content\/uploads\/2022\/02\/Navio-naufragado-do-seculo-XIII-e-aparentemente-incendiado-e-encontrado-na-Suecia.jpg\" \/>\n\t<meta property=\"og:image:width\" content=\"1000\" \/>\n\t<meta property=\"og:image:height\" content=\"562\" \/>\n\t<meta property=\"og:image:type\" content=\"image\/jpeg\" \/>\n<meta name=\"author\" content=\"Luzimara Fernandes\" \/>\n<meta name=\"twitter:card\" content=\"summary_large_image\" \/>\n<meta name=\"twitter:label1\" content=\"Escrito por\" \/>\n\t<meta name=\"twitter:data1\" content=\"Luzimara Fernandes\" \/>\n\t<meta name=\"twitter:label2\" content=\"Est. tempo de leitura\" \/>\n\t<meta name=\"twitter:data2\" content=\"2 minutos\" \/>\n<script type=\"application\/ld+json\" class=\"yoast-schema-graph\">{\"@context\":\"https:\/\/schema.org\",\"@graph\":[{\"@type\":\"Article\",\"@id\":\"https:\/\/jornalfatosenoticias.com.br\/index.php\/2022\/02\/09\/navio-naufragado-do-seculo-xiii-e-aparentemente-incendiado-e-encontrado-na-suecia\/#article\",\"isPartOf\":{\"@id\":\"https:\/\/jornalfatosenoticias.com.br\/index.php\/2022\/02\/09\/navio-naufragado-do-seculo-xiii-e-aparentemente-incendiado-e-encontrado-na-suecia\/\"},\"author\":{\"name\":\"Luzimara Fernandes\",\"@id\":\"https:\/\/jornalfatosenoticias.com.br\/#\/schema\/person\/d63837fa13ac8666eb9e74e0985d6f81\"},\"headline\":\"Navio naufragado do s\u00e9culo XIII e aparentemente incendiado \u00e9 encontrado na Su\u00e9cia\",\"datePublished\":\"2022-02-09T16:25:20+00:00\",\"dateModified\":\"2022-02-09T16:25:24+00:00\",\"mainEntityOfPage\":{\"@id\":\"https:\/\/jornalfatosenoticias.com.br\/index.php\/2022\/02\/09\/navio-naufragado-do-seculo-xiii-e-aparentemente-incendiado-e-encontrado-na-suecia\/\"},\"wordCount\":454,\"commentCount\":0,\"publisher\":{\"@id\":\"https:\/\/jornalfatosenoticias.com.br\/#organization\"},\"image\":{\"@id\":\"https:\/\/jornalfatosenoticias.com.br\/index.php\/2022\/02\/09\/navio-naufragado-do-seculo-xiii-e-aparentemente-incendiado-e-encontrado-na-suecia\/#primaryimage\"},\"thumbnailUrl\":\"https:\/\/jornalfatosenoticias.com.br\/wp-content\/uploads\/2022\/02\/Navio-naufragado-do-seculo-XIII-e-aparentemente-incendiado-e-encontrado-na-Suecia.jpg\",\"keywords\":[\"arqueologia\",\"arque\u00f3logos\",\"Copenhague\",\"Dagens Nyheter\",\"Dinamarca\",\"Europa\",\"Gotemburgo\",\"Mar B\u00e1ltico\",\"Noruega\",\"Su\u00e9cia\"],\"articleSection\":[\"Paleo &amp; Arqueologia\"],\"inLanguage\":\"pt-BR\",\"potentialAction\":[{\"@type\":\"CommentAction\",\"name\":\"Comment\",\"target\":[\"https:\/\/jornalfatosenoticias.com.br\/index.php\/2022\/02\/09\/navio-naufragado-do-seculo-xiii-e-aparentemente-incendiado-e-encontrado-na-suecia\/#respond\"]}]},{\"@type\":\"WebPage\",\"@id\":\"https:\/\/jornalfatosenoticias.com.br\/index.php\/2022\/02\/09\/navio-naufragado-do-seculo-xiii-e-aparentemente-incendiado-e-encontrado-na-suecia\/\",\"url\":\"https:\/\/jornalfatosenoticias.com.br\/index.php\/2022\/02\/09\/navio-naufragado-do-seculo-xiii-e-aparentemente-incendiado-e-encontrado-na-suecia\/\",\"name\":\"Navio naufragado do s\u00e9culo XIII e aparentemente incendiado \u00e9 encontrado na Su\u00e9cia - Jornal Fatos e Not\u00edcias\",\"isPartOf\":{\"@id\":\"https:\/\/jornalfatosenoticias.com.br\/#website\"},\"primaryImageOfPage\":{\"@id\":\"https:\/\/jornalfatosenoticias.com.br\/index.php\/2022\/02\/09\/navio-naufragado-do-seculo-xiii-e-aparentemente-incendiado-e-encontrado-na-suecia\/#primaryimage\"},\"image\":{\"@id\":\"https:\/\/jornalfatosenoticias.com.br\/index.php\/2022\/02\/09\/navio-naufragado-do-seculo-xiii-e-aparentemente-incendiado-e-encontrado-na-suecia\/#primaryimage\"},\"thumbnailUrl\":\"https:\/\/jornalfatosenoticias.com.br\/wp-content\/uploads\/2022\/02\/Navio-naufragado-do-seculo-XIII-e-aparentemente-incendiado-e-encontrado-na-Suecia.jpg\",\"datePublished\":\"2022-02-09T16:25:20+00:00\",\"dateModified\":\"2022-02-09T16:25:24+00:00\",\"breadcrumb\":{\"@id\":\"https:\/\/jornalfatosenoticias.com.br\/index.php\/2022\/02\/09\/navio-naufragado-do-seculo-xiii-e-aparentemente-incendiado-e-encontrado-na-suecia\/#breadcrumb\"},\"inLanguage\":\"pt-BR\",\"potentialAction\":[{\"@type\":\"ReadAction\",\"target\":[\"https:\/\/jornalfatosenoticias.com.br\/index.php\/2022\/02\/09\/navio-naufragado-do-seculo-xiii-e-aparentemente-incendiado-e-encontrado-na-suecia\/\"]}]},{\"@type\":\"ImageObject\",\"inLanguage\":\"pt-BR\",\"@id\":\"https:\/\/jornalfatosenoticias.com.br\/index.php\/2022\/02\/09\/navio-naufragado-do-seculo-xiii-e-aparentemente-incendiado-e-encontrado-na-suecia\/#primaryimage\",\"url\":\"https:\/\/jornalfatosenoticias.com.br\/wp-content\/uploads\/2022\/02\/Navio-naufragado-do-seculo-XIII-e-aparentemente-incendiado-e-encontrado-na-Suecia.jpg\",\"contentUrl\":\"https:\/\/jornalfatosenoticias.com.br\/wp-content\/uploads\/2022\/02\/Navio-naufragado-do-seculo-XIII-e-aparentemente-incendiado-e-encontrado-na-Suecia.jpg\",\"width\":1000,\"height\":562},{\"@type\":\"BreadcrumbList\",\"@id\":\"https:\/\/jornalfatosenoticias.com.br\/index.php\/2022\/02\/09\/navio-naufragado-do-seculo-xiii-e-aparentemente-incendiado-e-encontrado-na-suecia\/#breadcrumb\",\"itemListElement\":[{\"@type\":\"ListItem\",\"position\":1,\"name\":\"In\u00edcio\",\"item\":\"https:\/\/jornalfatosenoticias.com.br\/\"},{\"@type\":\"ListItem\",\"position\":2,\"name\":\"Navio naufragado do s\u00e9culo XIII e aparentemente incendiado \u00e9 encontrado na Su\u00e9cia\"}]},{\"@type\":\"WebSite\",\"@id\":\"https:\/\/jornalfatosenoticias.com.br\/#website\",\"url\":\"https:\/\/jornalfatosenoticias.com.br\/\",\"name\":\"Jornal Fatos e Not\u00edcias\",\"description\":\"Not\u00edcias em geral\",\"publisher\":{\"@id\":\"https:\/\/jornalfatosenoticias.com.br\/#organization\"},\"potentialAction\":[{\"@type\":\"SearchAction\",\"target\":{\"@type\":\"EntryPoint\",\"urlTemplate\":\"https:\/\/jornalfatosenoticias.com.br\/?s={search_term_string}\"},\"query-input\":{\"@type\":\"PropertyValueSpecification\",\"valueRequired\":true,\"valueName\":\"search_term_string\"}}],\"inLanguage\":\"pt-BR\"},{\"@type\":\"Organization\",\"@id\":\"https:\/\/jornalfatosenoticias.com.br\/#organization\",\"name\":\"Jornal Fatos e Not\u00edcias\",\"url\":\"https:\/\/jornalfatosenoticias.com.br\/\",\"logo\":{\"@type\":\"ImageObject\",\"inLanguage\":\"pt-BR\",\"@id\":\"https:\/\/jornalfatosenoticias.com.br\/#\/schema\/logo\/image\/\",\"url\":\"https:\/\/jornalfatosenoticias.com.br\/wp-content\/uploads\/2020\/02\/logo120.png\",\"contentUrl\":\"https:\/\/jornalfatosenoticias.com.br\/wp-content\/uploads\/2020\/02\/logo120.png\",\"width\":1227,\"height\":120,\"caption\":\"Jornal Fatos e Not\u00edcias\"},\"image\":{\"@id\":\"https:\/\/jornalfatosenoticias.com.br\/#\/schema\/logo\/image\/\"}},{\"@type\":\"Person\",\"@id\":\"https:\/\/jornalfatosenoticias.com.br\/#\/schema\/person\/d63837fa13ac8666eb9e74e0985d6f81\",\"name\":\"Luzimara Fernandes\",\"image\":{\"@type\":\"ImageObject\",\"inLanguage\":\"pt-BR\",\"@id\":\"https:\/\/jornalfatosenoticias.com.br\/#\/schema\/person\/image\/\",\"url\":\"https:\/\/jornalfatosenoticias.com.br\/wp-content\/uploads\/2025\/05\/EU_portal.jpg\",\"contentUrl\":\"https:\/\/jornalfatosenoticias.com.br\/wp-content\/uploads\/2025\/05\/EU_portal.jpg\",\"caption\":\"Luzimara Fernandes\"},\"description\":\"Jornalista MTB 2358-ES\",\"sameAs\":[\"https:\/\/jornalfatosenoticias.com.br\"],\"url\":\"https:\/\/jornalfatosenoticias.com.br\/index.php\/author\/luzimara\/\"}]}<\/script>\n<!-- \/ Yoast SEO plugin. -->","yoast_head_json":{"title":"Navio naufragado do s\u00e9culo XIII e aparentemente incendiado \u00e9 encontrado na Su\u00e9cia - Jornal Fatos e Not\u00edcias","robots":{"index":"index","follow":"follow","max-snippet":"max-snippet:-1","max-image-preview":"max-image-preview:large","max-video-preview":"max-video-preview:-1"},"canonical":"https:\/\/jornalfatosenoticias.com.br\/index.php\/2022\/02\/09\/navio-naufragado-do-seculo-xiii-e-aparentemente-incendiado-e-encontrado-na-suecia\/","og_locale":"pt_BR","og_type":"article","og_title":"Navio naufragado do s\u00e9culo XIII e aparentemente incendiado \u00e9 encontrado na Su\u00e9cia - Jornal Fatos e Not\u00edcias","og_description":"Arque\u00f3logos descobriram em uma ba\u00eda na Su\u00e9cia os restos de um raro navio mercante, uma coca, do s\u00e9c. XIII, descrito como sendo tamb\u00e9m um dos mais antigos naufr\u00e1gios da \u00e9poca na Europa Foi encontrado no ocidente da Su\u00e9cia um navio mercante\u00a0que naufragou no s\u00e9c. XIII,\u00a0relatou o jornal Dagens Nyheter. O naufr\u00e1gio da embarca\u00e7\u00e3o, que seria [&hellip;]","og_url":"https:\/\/jornalfatosenoticias.com.br\/index.php\/2022\/02\/09\/navio-naufragado-do-seculo-xiii-e-aparentemente-incendiado-e-encontrado-na-suecia\/","og_site_name":"Jornal Fatos e Not\u00edcias","article_published_time":"2022-02-09T16:25:20+00:00","article_modified_time":"2022-02-09T16:25:24+00:00","og_image":[{"width":1000,"height":562,"url":"https:\/\/jornalfatosenoticias.com.br\/wp-content\/uploads\/2022\/02\/Navio-naufragado-do-seculo-XIII-e-aparentemente-incendiado-e-encontrado-na-Suecia.jpg","type":"image\/jpeg"}],"author":"Luzimara Fernandes","twitter_card":"summary_large_image","twitter_misc":{"Escrito por":"Luzimara Fernandes","Est. tempo de leitura":"2 minutos"},"schema":{"@context":"https:\/\/schema.org","@graph":[{"@type":"Article","@id":"https:\/\/jornalfatosenoticias.com.br\/index.php\/2022\/02\/09\/navio-naufragado-do-seculo-xiii-e-aparentemente-incendiado-e-encontrado-na-suecia\/#article","isPartOf":{"@id":"https:\/\/jornalfatosenoticias.com.br\/index.php\/2022\/02\/09\/navio-naufragado-do-seculo-xiii-e-aparentemente-incendiado-e-encontrado-na-suecia\/"},"author":{"name":"Luzimara Fernandes","@id":"https:\/\/jornalfatosenoticias.com.br\/#\/schema\/person\/d63837fa13ac8666eb9e74e0985d6f81"},"headline":"Navio naufragado do s\u00e9culo XIII e aparentemente incendiado \u00e9 encontrado na Su\u00e9cia","datePublished":"2022-02-09T16:25:20+00:00","dateModified":"2022-02-09T16:25:24+00:00","mainEntityOfPage":{"@id":"https:\/\/jornalfatosenoticias.com.br\/index.php\/2022\/02\/09\/navio-naufragado-do-seculo-xiii-e-aparentemente-incendiado-e-encontrado-na-suecia\/"},"wordCount":454,"commentCount":0,"publisher":{"@id":"https:\/\/jornalfatosenoticias.com.br\/#organization"},"image":{"@id":"https:\/\/jornalfatosenoticias.com.br\/index.php\/2022\/02\/09\/navio-naufragado-do-seculo-xiii-e-aparentemente-incendiado-e-encontrado-na-suecia\/#primaryimage"},"thumbnailUrl":"https:\/\/jornalfatosenoticias.com.br\/wp-content\/uploads\/2022\/02\/Navio-naufragado-do-seculo-XIII-e-aparentemente-incendiado-e-encontrado-na-Suecia.jpg","keywords":["arqueologia","arque\u00f3logos","Copenhague","Dagens Nyheter","Dinamarca","Europa","Gotemburgo","Mar B\u00e1ltico","Noruega","Su\u00e9cia"],"articleSection":["Paleo &amp; Arqueologia"],"inLanguage":"pt-BR","potentialAction":[{"@type":"CommentAction","name":"Comment","target":["https:\/\/jornalfatosenoticias.com.br\/index.php\/2022\/02\/09\/navio-naufragado-do-seculo-xiii-e-aparentemente-incendiado-e-encontrado-na-suecia\/#respond"]}]},{"@type":"WebPage","@id":"https:\/\/jornalfatosenoticias.com.br\/index.php\/2022\/02\/09\/navio-naufragado-do-seculo-xiii-e-aparentemente-incendiado-e-encontrado-na-suecia\/","url":"https:\/\/jornalfatosenoticias.com.br\/index.php\/2022\/02\/09\/navio-naufragado-do-seculo-xiii-e-aparentemente-incendiado-e-encontrado-na-suecia\/","name":"Navio naufragado do s\u00e9culo XIII e aparentemente incendiado \u00e9 encontrado na Su\u00e9cia - Jornal Fatos e Not\u00edcias","isPartOf":{"@id":"https:\/\/jornalfatosenoticias.com.br\/#website"},"primaryImageOfPage":{"@id":"https:\/\/jornalfatosenoticias.com.br\/index.php\/2022\/02\/09\/navio-naufragado-do-seculo-xiii-e-aparentemente-incendiado-e-encontrado-na-suecia\/#primaryimage"},"image":{"@id":"https:\/\/jornalfatosenoticias.com.br\/index.php\/2022\/02\/09\/navio-naufragado-do-seculo-xiii-e-aparentemente-incendiado-e-encontrado-na-suecia\/#primaryimage"},"thumbnailUrl":"https:\/\/jornalfatosenoticias.com.br\/wp-content\/uploads\/2022\/02\/Navio-naufragado-do-seculo-XIII-e-aparentemente-incendiado-e-encontrado-na-Suecia.jpg","datePublished":"2022-02-09T16:25:20+00:00","dateModified":"2022-02-09T16:25:24+00:00","breadcrumb":{"@id":"https:\/\/jornalfatosenoticias.com.br\/index.php\/2022\/02\/09\/navio-naufragado-do-seculo-xiii-e-aparentemente-incendiado-e-encontrado-na-suecia\/#breadcrumb"},"inLanguage":"pt-BR","potentialAction":[{"@type":"ReadAction","target":["https:\/\/jornalfatosenoticias.com.br\/index.php\/2022\/02\/09\/navio-naufragado-do-seculo-xiii-e-aparentemente-incendiado-e-encontrado-na-suecia\/"]}]},{"@type":"ImageObject","inLanguage":"pt-BR","@id":"https:\/\/jornalfatosenoticias.com.br\/index.php\/2022\/02\/09\/navio-naufragado-do-seculo-xiii-e-aparentemente-incendiado-e-encontrado-na-suecia\/#primaryimage","url":"https:\/\/jornalfatosenoticias.com.br\/wp-content\/uploads\/2022\/02\/Navio-naufragado-do-seculo-XIII-e-aparentemente-incendiado-e-encontrado-na-Suecia.jpg","contentUrl":"https:\/\/jornalfatosenoticias.com.br\/wp-content\/uploads\/2022\/02\/Navio-naufragado-do-seculo-XIII-e-aparentemente-incendiado-e-encontrado-na-Suecia.jpg","width":1000,"height":562},{"@type":"BreadcrumbList","@id":"https:\/\/jornalfatosenoticias.com.br\/index.php\/2022\/02\/09\/navio-naufragado-do-seculo-xiii-e-aparentemente-incendiado-e-encontrado-na-suecia\/#breadcrumb","itemListElement":[{"@type":"ListItem","position":1,"name":"In\u00edcio","item":"https:\/\/jornalfatosenoticias.com.br\/"},{"@type":"ListItem","position":2,"name":"Navio naufragado do s\u00e9culo XIII e aparentemente incendiado \u00e9 encontrado na Su\u00e9cia"}]},{"@type":"WebSite","@id":"https:\/\/jornalfatosenoticias.com.br\/#website","url":"https:\/\/jornalfatosenoticias.com.br\/","name":"Jornal Fatos e Not\u00edcias","description":"Not\u00edcias em geral","publisher":{"@id":"https:\/\/jornalfatosenoticias.com.br\/#organization"},"potentialAction":[{"@type":"SearchAction","target":{"@type":"EntryPoint","urlTemplate":"https:\/\/jornalfatosenoticias.com.br\/?s={search_term_string}"},"query-input":{"@type":"PropertyValueSpecification","valueRequired":true,"valueName":"search_term_string"}}],"inLanguage":"pt-BR"},{"@type":"Organization","@id":"https:\/\/jornalfatosenoticias.com.br\/#organization","name":"Jornal Fatos e Not\u00edcias","url":"https:\/\/jornalfatosenoticias.com.br\/","logo":{"@type":"ImageObject","inLanguage":"pt-BR","@id":"https:\/\/jornalfatosenoticias.com.br\/#\/schema\/logo\/image\/","url":"https:\/\/jornalfatosenoticias.com.br\/wp-content\/uploads\/2020\/02\/logo120.png","contentUrl":"https:\/\/jornalfatosenoticias.com.br\/wp-content\/uploads\/2020\/02\/logo120.png","width":1227,"height":120,"caption":"Jornal Fatos e Not\u00edcias"},"image":{"@id":"https:\/\/jornalfatosenoticias.com.br\/#\/schema\/logo\/image\/"}},{"@type":"Person","@id":"https:\/\/jornalfatosenoticias.com.br\/#\/schema\/person\/d63837fa13ac8666eb9e74e0985d6f81","name":"Luzimara Fernandes","image":{"@type":"ImageObject","inLanguage":"pt-BR","@id":"https:\/\/jornalfatosenoticias.com.br\/#\/schema\/person\/image\/","url":"https:\/\/jornalfatosenoticias.com.br\/wp-content\/uploads\/2025\/05\/EU_portal.jpg","contentUrl":"https:\/\/jornalfatosenoticias.com.br\/wp-content\/uploads\/2025\/05\/EU_portal.jpg","caption":"Luzimara Fernandes"},"description":"Jornalista MTB 2358-ES","sameAs":["https:\/\/jornalfatosenoticias.com.br"],"url":"https:\/\/jornalfatosenoticias.com.br\/index.php\/author\/luzimara\/"}]}},"cc_featured_image_caption":{"caption_text":"(Foto: Pixabay\/johneridenour) ","source_text":"","source_url":""},"jetpack_featured_media_url":"https:\/\/jornalfatosenoticias.com.br\/wp-content\/uploads\/2022\/02\/Navio-naufragado-do-seculo-XIII-e-aparentemente-incendiado-e-encontrado-na-Suecia.jpg","_links":{"self":[{"href":"https:\/\/jornalfatosenoticias.com.br\/index.php\/wp-json\/wp\/v2\/posts\/27723","targetHints":{"allow":["GET"]}}],"collection":[{"href":"https:\/\/jornalfatosenoticias.com.br\/index.php\/wp-json\/wp\/v2\/posts"}],"about":[{"href":"https:\/\/jornalfatosenoticias.com.br\/index.php\/wp-json\/wp\/v2\/types\/post"}],"author":[{"embeddable":true,"href":"https:\/\/jornalfatosenoticias.com.br\/index.php\/wp-json\/wp\/v2\/users\/2"}],"replies":[{"embeddable":true,"href":"https:\/\/jornalfatosenoticias.com.br\/index.php\/wp-json\/wp\/v2\/comments?post=27723"}],"version-history":[{"count":0,"href":"https:\/\/jornalfatosenoticias.com.br\/index.php\/wp-json\/wp\/v2\/posts\/27723\/revisions"}],"wp:featuredmedia":[{"embeddable":true,"href":"https:\/\/jornalfatosenoticias.com.br\/index.php\/wp-json\/wp\/v2\/media\/27725"}],"wp:attachment":[{"href":"https:\/\/jornalfatosenoticias.com.br\/index.php\/wp-json\/wp\/v2\/media?parent=27723"}],"wp:term":[{"taxonomy":"category","embeddable":true,"href":"https:\/\/jornalfatosenoticias.com.br\/index.php\/wp-json\/wp\/v2\/categories?post=27723"},{"taxonomy":"post_tag","embeddable":true,"href":"https:\/\/jornalfatosenoticias.com.br\/index.php\/wp-json\/wp\/v2\/tags?post=27723"}],"curies":[{"name":"wp","href":"https:\/\/api.w.org\/{rel}","templated":true}]}}