{"id":27739,"date":"2022-02-09T16:17:04","date_gmt":"2022-02-09T19:17:04","guid":{"rendered":"https:\/\/jornalfatosenoticias.com.br\/?p=27739"},"modified":"2022-02-09T16:28:32","modified_gmt":"2022-02-09T19:28:32","slug":"bolsonaro-reajusta-piso-salarial-do-professor-de-educacao-basica","status":"publish","type":"post","link":"https:\/\/jornalfatosenoticias.com.br\/index.php\/2022\/02\/09\/bolsonaro-reajusta-piso-salarial-do-professor-de-educacao-basica\/","title":{"rendered":"Bolsonaro reajusta piso salarial do professor de educa\u00e7\u00e3o b\u00e1sica"},"content":{"rendered":"\n<p><em><span class=\"has-inline-color has-black-color\">A informa\u00e7\u00e3o do Minist\u00e9rio da Educa\u00e7\u00e3o \u00e9 que a defini\u00e7\u00e3o do valor se deu ap\u00f3s estudo t\u00e9cnico e jur\u00eddico, permitindo a manuten\u00e7\u00e3o do crit\u00e9rio previsto na atual Lei 11.738, de 2008. O \u00f3rg\u00e3o esclarece ainda que os recursos existem e a Uni\u00e3o pode socorrer Munic\u00edpios e Estados que n\u00e3o consigam pagar o reajuste<\/span><\/em><\/p>\n\n\n\n<p>No \u00faltimo dia 4, o presidente da Rep\u00fablica, Jair Messias Bolsonaro, juntamente com o ministro da Educa\u00e7\u00e3o (MEC), Milton Ribeiro, oficializou o reajuste de 33,23% para professores da rede p\u00fablica de educa\u00e7\u00e3o b\u00e1sica, elevando de R$ 2.886,00 para R$ 3.845,00 o piso salarial nacional da categoria. Mas nem bem foi assinada e a benfeitoria j\u00e1 vem criando conflitos entre as esferas governamentais, governadores alegam n\u00e3o ter como pagar essa conta.<br>Ligamos para o Sindicato dos(as) Trabalhadores(as) em Educa\u00e7\u00e3o P\u00fablica do Esp\u00edrito Santo (Sindiupes) e falamos com o diretor de comunica\u00e7\u00e3o, professor Hildebando Jos\u00e9 Paranhos. Segundo ele, o grande desafio que se coloca para o magist\u00e9rio \u00e9 a situa\u00e7\u00e3o da legisla\u00e7\u00e3o chamada Lei 11.738, denominada Piso Salarial ao Profissional Nacional do Magist\u00e9rio P\u00fablico da Educa\u00e7\u00e3o B\u00e1sica. <\/p>\n\n\n\n<figure class=\"wp-block-image size-large is-resized\"><img loading=\"lazy\" decoding=\"async\" src=\"https:\/\/jornalfatosenoticias.com.br\/wp-content\/uploads\/2022\/02\/Professor-olhar-de-uma-lente-460.jpg\" alt=\"\" class=\"wp-image-27740\" width=\"706\" height=\"477\" srcset=\"https:\/\/jornalfatosenoticias.com.br\/wp-content\/uploads\/2022\/02\/Professor-olhar-de-uma-lente-460.jpg 1000w, https:\/\/jornalfatosenoticias.com.br\/wp-content\/uploads\/2022\/02\/Professor-olhar-de-uma-lente-460-300x203.jpg 300w, https:\/\/jornalfatosenoticias.com.br\/wp-content\/uploads\/2022\/02\/Professor-olhar-de-uma-lente-460-768x520.jpg 768w\" sizes=\"auto, (max-width: 706px) 100vw, 706px\" \/><figcaption><em><span class=\"has-inline-color has-black-color\">Professora (Foto: Nova Escola)<\/span><\/em><\/figcaption><\/figure>\n\n\n\n<blockquote class=\"wp-block-quote is-layout-flow wp-block-quote-is-layout-flow\"><p><span class=\"has-inline-color has-luminous-vivid-orange-color\">&#8220;Quando o governo federal anuncia aumento de 33,23, \u00e9 conforme o Art. 5\u00ba do piso que diz que tamb\u00e9m deve ser utilizado para reajustar o sal\u00e1rio dos professores e professoras, por isso, o correto s\u00e3o as prefeituras, os estados e o Distrito Federal aplicarem o reajuste de 33,23% a partir de janeiro em todo Brasil. O Sindiupes, assim como a Confedera\u00e7\u00e3o Nacional dos Trabalhadores em Educa\u00e7\u00e3o (CNTE), vai buscar junto a cada munic\u00edpio, trabalhar no sentido de garantir esse reajuste na carreira desses profissionais. \u00c9 natural que cada prefeito e governador, e n\u00e3o \u00e9 diferente aqui no Estado, que trabalham com n\u00fameros, falam que n\u00e3o t\u00eam condi\u00e7\u00f5es e acaba acontecendo o que aconteceu no ano passado, sobra de verba do Fundo de Manuten\u00e7\u00e3o e Desenvolvimento da Educa\u00e7\u00e3o B\u00e1sica e de Valoriza\u00e7\u00e3o dos Profissionais da Educa\u00e7\u00e3o (Fundeb)\u201d.<\/span><\/p><\/blockquote>\n\n\n\n<div class=\"wp-block-image\"><figure class=\"alignleft size-large\"><img decoding=\"async\" src=\"https:\/\/jornalfatosenoticias.com.br\/wp-content\/uploads\/2020\/02\/logo-Saudali.jpg\" alt=\"\" class=\"wp-image-27535\"\/><\/figure><\/div>\n\n\n\n<p>O presidente da Confedera\u00e7\u00e3o Nacional dos Munic\u00edpios (CNM), criticou e afirmou, dizendo que, a medida \u201ctrata-se de disputa eleitoral\u201d. Paulo Ziulkoski destacou que \u201co crit\u00e9rio de reajuste anual do piso do magist\u00e9rio foi revogado com a Lei 14.113\/2020, que regulamentou o novo Fundeb. Pelas nossas contas, o reajuste anunciado ter\u00e1 impacto de R$ 30,46 bilh\u00f5es nos cofres dos munic\u00edpios, e isso pode criar dificuldade fiscal e inviabilizar a gest\u00e3o da educa\u00e7\u00e3o no Brasil\u201d, criticou.<br>A informa\u00e7\u00e3o do MEC \u00e9 que a defini\u00e7\u00e3o do valor se deu ap\u00f3s estudo t\u00e9cnico e jur\u00eddico, permitindo a manuten\u00e7\u00e3o do crit\u00e9rio previsto na atual Lei 11.738, de 2008. O \u00f3rg\u00e3o esclarece, ainda, que os recursos existem e a Uni\u00e3o pode socorrer munic\u00edpios que n\u00e3o consigam pagar o reajuste.<br>S\u00e9rgio Majeski, deputado que mais atua em defesa da categoria no Estado, disse que o reajuste est\u00e1 vinculado \u00e0 Lei 11.738, de 2008, que criou o piso. <\/p>\n\n\n\n<figure class=\"wp-block-image size-large\"><img loading=\"lazy\" decoding=\"async\" width=\"1000\" height=\"666\" src=\"https:\/\/jornalfatosenoticias.com.br\/wp-content\/uploads\/2022\/02\/IMG-20220208-WA0143.jpg\" alt=\"\" class=\"wp-image-27741\" srcset=\"https:\/\/jornalfatosenoticias.com.br\/wp-content\/uploads\/2022\/02\/IMG-20220208-WA0143.jpg 1000w, https:\/\/jornalfatosenoticias.com.br\/wp-content\/uploads\/2022\/02\/IMG-20220208-WA0143-300x200.jpg 300w, https:\/\/jornalfatosenoticias.com.br\/wp-content\/uploads\/2022\/02\/IMG-20220208-WA0143-768x511.jpg 768w\" sizes=\"auto, (max-width: 1000px) 100vw, 1000px\" \/><figcaption><em><span class=\"has-inline-color has-black-color\">Deputado estadual S\u00e9rgio Majeski (Foto: Assessoria Ales)<\/span><\/em><\/figcaption><\/figure>\n\n\n\n<blockquote class=\"wp-block-quote is-layout-flow wp-block-quote-is-layout-flow\"><p><span class=\"has-inline-color has-luminous-vivid-orange-color\">\u201cEsse reajuste n\u00e3o \u00e9 dado de forma aleat\u00f3ria. A lei prev\u00ea que o reajuste anual do piso seja feito de acordo com a varia\u00e7\u00e3o ou aumento de investimento por aluno, dentro da m\u00e9dia nacional. N\u00e3o \u00e9 o governo de plant\u00e3o que vai estipular esse aumento\u201d. <\/span><\/p><\/blockquote>\n\n\n\n<div class=\"wp-block-image\"><figure class=\"alignright size-large is-resized\"><img loading=\"lazy\" decoding=\"async\" src=\"https:\/\/jornalfatosenoticias.com.br\/wp-content\/uploads\/2022\/02\/Serra-Pack-459.png\" alt=\"\" class=\"wp-image-27471\" width=\"333\" height=\"133\"\/><\/figure><\/div>\n\n\n\n<p>Majeski explica que, em 2020, foi aprovado o novo Fundeb e, com isso, aumentou o investimento por aluno no Pa\u00eds e que, por isso, a varia\u00e7\u00e3o 2020\/2021 foi bastante significativa, possibilitando esse percentual anunciado pelo governo Federal. <\/p>\n\n\n\n<blockquote class=\"wp-block-quote is-layout-flow wp-block-quote-is-layout-flow\"><p><span class=\"has-inline-color has-luminous-vivid-orange-color\">\u201cPode ser que alguns estados e munic\u00edpios enfrentem dificuldade, mas a lei diz que, caso um ente federado, Estado ou Munic\u00edpio, enfrente dificuldade de cumprir o piso, o governo Federal complementa, \u00e9 uma previs\u00e3o legal. N\u00e3o \u00e9 s\u00f3 a quest\u00e3o salarial que melhora a educa\u00e7\u00e3o, mas ela \u00e9 fundamental para voc\u00ea atrair cada vez mais melhores profissionais\u201d, afirma.<\/span><\/p><\/blockquote>\n\n\n\n<figure class=\"wp-block-image size-large\"><img loading=\"lazy\" decoding=\"async\" width=\"1000\" height=\"802\" src=\"https:\/\/jornalfatosenoticias.com.br\/wp-content\/uploads\/2022\/02\/Foto-Gilmar-editada-460.png\" alt=\"\" class=\"wp-image-27742\" srcset=\"https:\/\/jornalfatosenoticias.com.br\/wp-content\/uploads\/2022\/02\/Foto-Gilmar-editada-460.png 1000w, https:\/\/jornalfatosenoticias.com.br\/wp-content\/uploads\/2022\/02\/Foto-Gilmar-editada-460-300x241.png 300w, https:\/\/jornalfatosenoticias.com.br\/wp-content\/uploads\/2022\/02\/Foto-Gilmar-editada-460-768x616.png 768w\" sizes=\"auto, (max-width: 1000px) 100vw, 1000px\" \/><figcaption><em><span class=\"has-inline-color has-black-color\">Gilmar Borges, prefeito de Fund\u00e3o\/ES (Foto: Fatos &amp; Not\u00edcias)<\/span><\/em><\/figcaption><\/figure>\n\n\n\n<p>Segundo o prefeito de Fund\u00e3o, Gilmar Borges, o aumento do piso salarial para o professor, certamente vai impactar as finan\u00e7as dos munic\u00edpios e dificultar o pagamento, mas o gestor faz uma ressalva, \u201cressalto que a Uni\u00e3o poderia ampliar o repasse de recursos do Fundo de Participa\u00e7\u00e3o dos Munic\u00edpios (FPM), assim atenderia \u00e0 demanda por melhores sal\u00e1rios para a categoria. Lembro que \u00e9 no munic\u00edpio que tudo acontece e \u00e9 em Bras\u00edlia que tudo se decide. Nos munic\u00edpios n\u00e3o se faz moeda e nem se cria tributo. Ainda n\u00e3o tivemos condi\u00e7\u00f5es de pagar um sal\u00e1rio digno aos nossos professores porque os recursos s\u00e3o insuficientes, mas mesmo com as dificuldades, estamos realizando estudo para nos adequar ao novo piso salarial proposto pelo governo Federal\u201d, assegura.<\/p>\n","protected":false},"excerpt":{"rendered":"<p>A informa\u00e7\u00e3o do Minist\u00e9rio da Educa\u00e7\u00e3o \u00e9 que a defini\u00e7\u00e3o do valor se deu ap\u00f3s estudo t\u00e9cnico e jur\u00eddico, permitindo a manuten\u00e7\u00e3o do crit\u00e9rio previsto na atual Lei 11.738, de 2008. O \u00f3rg\u00e3o esclarece ainda que os recursos existem e a Uni\u00e3o pode socorrer Munic\u00edpios e Estados que n\u00e3o consigam pagar o reajuste No \u00faltimo [&hellip;]<\/p>\n","protected":false},"author":3,"featured_media":27743,"comment_status":"open","ping_status":"open","sticky":false,"template":"","format":"standard","meta":{"footnotes":""},"categories":[10],"tags":[411,1795,283,8852,13233,357,13232],"class_list":["post-27739","post","type-post","status-publish","format-standard","has-post-thumbnail","hentry","category-politica","tag-educacao-basica","tag-jair-bolsonaro","tag-mec","tag-milton-ribeiro","tag-piso-salarial","tag-professores","tag-reajuste-salarial"],"yoast_head":"<!-- This site is optimized with the Yoast SEO plugin v26.5 - https:\/\/yoast.com\/wordpress\/plugins\/seo\/ -->\n<title>Bolsonaro reajusta piso salarial do professor de educa\u00e7\u00e3o b\u00e1sica - Jornal Fatos e Not\u00edcias<\/title>\n<meta name=\"robots\" content=\"index, follow, max-snippet:-1, max-image-preview:large, max-video-preview:-1\" \/>\n<link rel=\"canonical\" href=\"https:\/\/jornalfatosenoticias.com.br\/index.php\/2022\/02\/09\/bolsonaro-reajusta-piso-salarial-do-professor-de-educacao-basica\/\" \/>\n<meta property=\"og:locale\" content=\"pt_BR\" \/>\n<meta property=\"og:type\" content=\"article\" \/>\n<meta property=\"og:title\" content=\"Bolsonaro reajusta piso salarial do professor de educa\u00e7\u00e3o b\u00e1sica - Jornal Fatos e Not\u00edcias\" \/>\n<meta property=\"og:description\" content=\"A informa\u00e7\u00e3o do Minist\u00e9rio da Educa\u00e7\u00e3o \u00e9 que a defini\u00e7\u00e3o do valor se deu ap\u00f3s estudo t\u00e9cnico e jur\u00eddico, permitindo a manuten\u00e7\u00e3o do crit\u00e9rio previsto na atual Lei 11.738, de 2008. O \u00f3rg\u00e3o esclarece ainda que os recursos existem e a Uni\u00e3o pode socorrer Munic\u00edpios e Estados que n\u00e3o consigam pagar o reajuste No \u00faltimo [&hellip;]\" \/>\n<meta property=\"og:url\" content=\"https:\/\/jornalfatosenoticias.com.br\/index.php\/2022\/02\/09\/bolsonaro-reajusta-piso-salarial-do-professor-de-educacao-basica\/\" \/>\n<meta property=\"og:site_name\" content=\"Jornal Fatos e Not\u00edcias\" \/>\n<meta property=\"article:published_time\" content=\"2022-02-09T19:17:04+00:00\" \/>\n<meta property=\"article:modified_time\" content=\"2022-02-09T19:28:32+00:00\" \/>\n<meta property=\"og:image\" content=\"https:\/\/jornalfatosenoticias.com.br\/wp-content\/uploads\/2022\/02\/Bolsonaro-edu-460.jpg\" \/>\n\t<meta property=\"og:image:width\" content=\"1000\" \/>\n\t<meta property=\"og:image:height\" content=\"600\" \/>\n\t<meta property=\"og:image:type\" content=\"image\/jpeg\" \/>\n<meta name=\"author\" content=\"Haroldo Filho\" \/>\n<meta name=\"twitter:card\" content=\"summary_large_image\" \/>\n<meta name=\"twitter:label1\" content=\"Escrito por\" \/>\n\t<meta name=\"twitter:data1\" content=\"Haroldo Filho\" \/>\n\t<meta name=\"twitter:label2\" content=\"Est. tempo de leitura\" \/>\n\t<meta name=\"twitter:data2\" content=\"4 minutos\" \/>\n<script type=\"application\/ld+json\" class=\"yoast-schema-graph\">{\"@context\":\"https:\/\/schema.org\",\"@graph\":[{\"@type\":\"Article\",\"@id\":\"https:\/\/jornalfatosenoticias.com.br\/index.php\/2022\/02\/09\/bolsonaro-reajusta-piso-salarial-do-professor-de-educacao-basica\/#article\",\"isPartOf\":{\"@id\":\"https:\/\/jornalfatosenoticias.com.br\/index.php\/2022\/02\/09\/bolsonaro-reajusta-piso-salarial-do-professor-de-educacao-basica\/\"},\"author\":{\"name\":\"Haroldo Filho\",\"@id\":\"https:\/\/jornalfatosenoticias.com.br\/#\/schema\/person\/05c46cc25b42a5c27e004fb0fa6b4965\"},\"headline\":\"Bolsonaro reajusta piso salarial do professor de educa\u00e7\u00e3o b\u00e1sica\",\"datePublished\":\"2022-02-09T19:17:04+00:00\",\"dateModified\":\"2022-02-09T19:28:32+00:00\",\"mainEntityOfPage\":{\"@id\":\"https:\/\/jornalfatosenoticias.com.br\/index.php\/2022\/02\/09\/bolsonaro-reajusta-piso-salarial-do-professor-de-educacao-basica\/\"},\"wordCount\":826,\"commentCount\":0,\"publisher\":{\"@id\":\"https:\/\/jornalfatosenoticias.com.br\/#organization\"},\"image\":{\"@id\":\"https:\/\/jornalfatosenoticias.com.br\/index.php\/2022\/02\/09\/bolsonaro-reajusta-piso-salarial-do-professor-de-educacao-basica\/#primaryimage\"},\"thumbnailUrl\":\"https:\/\/jornalfatosenoticias.com.br\/wp-content\/uploads\/2022\/02\/Bolsonaro-edu-460.jpg\",\"keywords\":[\"educa\u00e7\u00e3o b\u00e1sica\",\"Jair Bolsonaro\",\"MEC\",\"Milton Ribeiro\",\"piso salarial\",\"professores\",\"reajuste salarial\"],\"articleSection\":[\"Pol\u00edtica\"],\"inLanguage\":\"pt-BR\",\"potentialAction\":[{\"@type\":\"CommentAction\",\"name\":\"Comment\",\"target\":[\"https:\/\/jornalfatosenoticias.com.br\/index.php\/2022\/02\/09\/bolsonaro-reajusta-piso-salarial-do-professor-de-educacao-basica\/#respond\"]}]},{\"@type\":\"WebPage\",\"@id\":\"https:\/\/jornalfatosenoticias.com.br\/index.php\/2022\/02\/09\/bolsonaro-reajusta-piso-salarial-do-professor-de-educacao-basica\/\",\"url\":\"https:\/\/jornalfatosenoticias.com.br\/index.php\/2022\/02\/09\/bolsonaro-reajusta-piso-salarial-do-professor-de-educacao-basica\/\",\"name\":\"Bolsonaro reajusta piso salarial do professor de educa\u00e7\u00e3o b\u00e1sica - Jornal Fatos e Not\u00edcias\",\"isPartOf\":{\"@id\":\"https:\/\/jornalfatosenoticias.com.br\/#website\"},\"primaryImageOfPage\":{\"@id\":\"https:\/\/jornalfatosenoticias.com.br\/index.php\/2022\/02\/09\/bolsonaro-reajusta-piso-salarial-do-professor-de-educacao-basica\/#primaryimage\"},\"image\":{\"@id\":\"https:\/\/jornalfatosenoticias.com.br\/index.php\/2022\/02\/09\/bolsonaro-reajusta-piso-salarial-do-professor-de-educacao-basica\/#primaryimage\"},\"thumbnailUrl\":\"https:\/\/jornalfatosenoticias.com.br\/wp-content\/uploads\/2022\/02\/Bolsonaro-edu-460.jpg\",\"datePublished\":\"2022-02-09T19:17:04+00:00\",\"dateModified\":\"2022-02-09T19:28:32+00:00\",\"breadcrumb\":{\"@id\":\"https:\/\/jornalfatosenoticias.com.br\/index.php\/2022\/02\/09\/bolsonaro-reajusta-piso-salarial-do-professor-de-educacao-basica\/#breadcrumb\"},\"inLanguage\":\"pt-BR\",\"potentialAction\":[{\"@type\":\"ReadAction\",\"target\":[\"https:\/\/jornalfatosenoticias.com.br\/index.php\/2022\/02\/09\/bolsonaro-reajusta-piso-salarial-do-professor-de-educacao-basica\/\"]}]},{\"@type\":\"ImageObject\",\"inLanguage\":\"pt-BR\",\"@id\":\"https:\/\/jornalfatosenoticias.com.br\/index.php\/2022\/02\/09\/bolsonaro-reajusta-piso-salarial-do-professor-de-educacao-basica\/#primaryimage\",\"url\":\"https:\/\/jornalfatosenoticias.com.br\/wp-content\/uploads\/2022\/02\/Bolsonaro-edu-460.jpg\",\"contentUrl\":\"https:\/\/jornalfatosenoticias.com.br\/wp-content\/uploads\/2022\/02\/Bolsonaro-edu-460.jpg\",\"width\":1000,\"height\":600},{\"@type\":\"BreadcrumbList\",\"@id\":\"https:\/\/jornalfatosenoticias.com.br\/index.php\/2022\/02\/09\/bolsonaro-reajusta-piso-salarial-do-professor-de-educacao-basica\/#breadcrumb\",\"itemListElement\":[{\"@type\":\"ListItem\",\"position\":1,\"name\":\"In\u00edcio\",\"item\":\"https:\/\/jornalfatosenoticias.com.br\/\"},{\"@type\":\"ListItem\",\"position\":2,\"name\":\"Bolsonaro reajusta piso salarial do professor de educa\u00e7\u00e3o b\u00e1sica\"}]},{\"@type\":\"WebSite\",\"@id\":\"https:\/\/jornalfatosenoticias.com.br\/#website\",\"url\":\"https:\/\/jornalfatosenoticias.com.br\/\",\"name\":\"Jornal Fatos e Not\u00edcias\",\"description\":\"Not\u00edcias em geral\",\"publisher\":{\"@id\":\"https:\/\/jornalfatosenoticias.com.br\/#organization\"},\"potentialAction\":[{\"@type\":\"SearchAction\",\"target\":{\"@type\":\"EntryPoint\",\"urlTemplate\":\"https:\/\/jornalfatosenoticias.com.br\/?s={search_term_string}\"},\"query-input\":{\"@type\":\"PropertyValueSpecification\",\"valueRequired\":true,\"valueName\":\"search_term_string\"}}],\"inLanguage\":\"pt-BR\"},{\"@type\":\"Organization\",\"@id\":\"https:\/\/jornalfatosenoticias.com.br\/#organization\",\"name\":\"Jornal Fatos e Not\u00edcias\",\"url\":\"https:\/\/jornalfatosenoticias.com.br\/\",\"logo\":{\"@type\":\"ImageObject\",\"inLanguage\":\"pt-BR\",\"@id\":\"https:\/\/jornalfatosenoticias.com.br\/#\/schema\/logo\/image\/\",\"url\":\"https:\/\/jornalfatosenoticias.com.br\/wp-content\/uploads\/2020\/02\/logo120.png\",\"contentUrl\":\"https:\/\/jornalfatosenoticias.com.br\/wp-content\/uploads\/2020\/02\/logo120.png\",\"width\":1227,\"height\":120,\"caption\":\"Jornal Fatos e Not\u00edcias\"},\"image\":{\"@id\":\"https:\/\/jornalfatosenoticias.com.br\/#\/schema\/logo\/image\/\"}},{\"@type\":\"Person\",\"@id\":\"https:\/\/jornalfatosenoticias.com.br\/#\/schema\/person\/05c46cc25b42a5c27e004fb0fa6b4965\",\"name\":\"Haroldo Filho\",\"image\":{\"@type\":\"ImageObject\",\"inLanguage\":\"pt-BR\",\"@id\":\"https:\/\/jornalfatosenoticias.com.br\/#\/schema\/person\/image\/\",\"url\":\"https:\/\/jornalfatosenoticias.com.br\/wp-content\/uploads\/2025\/08\/WhatsApp-Image-2025-08-18-at-15.30.28-150x150.jpeg\",\"contentUrl\":\"https:\/\/jornalfatosenoticias.com.br\/wp-content\/uploads\/2025\/08\/WhatsApp-Image-2025-08-18-at-15.30.28-150x150.jpeg\",\"caption\":\"Haroldo Filho\"},\"description\":\"Jornalista \u2013 DRT: 0003818\/ES Coordenador-geral da ONG Educar para Crescer\",\"url\":\"https:\/\/jornalfatosenoticias.com.br\/index.php\/author\/haroldo\/\"}]}<\/script>\n<!-- \/ Yoast SEO plugin. -->","yoast_head_json":{"title":"Bolsonaro reajusta piso salarial do professor de educa\u00e7\u00e3o b\u00e1sica - Jornal Fatos e Not\u00edcias","robots":{"index":"index","follow":"follow","max-snippet":"max-snippet:-1","max-image-preview":"max-image-preview:large","max-video-preview":"max-video-preview:-1"},"canonical":"https:\/\/jornalfatosenoticias.com.br\/index.php\/2022\/02\/09\/bolsonaro-reajusta-piso-salarial-do-professor-de-educacao-basica\/","og_locale":"pt_BR","og_type":"article","og_title":"Bolsonaro reajusta piso salarial do professor de educa\u00e7\u00e3o b\u00e1sica - Jornal Fatos e Not\u00edcias","og_description":"A informa\u00e7\u00e3o do Minist\u00e9rio da Educa\u00e7\u00e3o \u00e9 que a defini\u00e7\u00e3o do valor se deu ap\u00f3s estudo t\u00e9cnico e jur\u00eddico, permitindo a manuten\u00e7\u00e3o do crit\u00e9rio previsto na atual Lei 11.738, de 2008. O \u00f3rg\u00e3o esclarece ainda que os recursos existem e a Uni\u00e3o pode socorrer Munic\u00edpios e Estados que n\u00e3o consigam pagar o reajuste No \u00faltimo [&hellip;]","og_url":"https:\/\/jornalfatosenoticias.com.br\/index.php\/2022\/02\/09\/bolsonaro-reajusta-piso-salarial-do-professor-de-educacao-basica\/","og_site_name":"Jornal Fatos e Not\u00edcias","article_published_time":"2022-02-09T19:17:04+00:00","article_modified_time":"2022-02-09T19:28:32+00:00","og_image":[{"width":1000,"height":600,"url":"https:\/\/jornalfatosenoticias.com.br\/wp-content\/uploads\/2022\/02\/Bolsonaro-edu-460.jpg","type":"image\/jpeg"}],"author":"Haroldo Filho","twitter_card":"summary_large_image","twitter_misc":{"Escrito por":"Haroldo Filho","Est. tempo de leitura":"4 minutos"},"schema":{"@context":"https:\/\/schema.org","@graph":[{"@type":"Article","@id":"https:\/\/jornalfatosenoticias.com.br\/index.php\/2022\/02\/09\/bolsonaro-reajusta-piso-salarial-do-professor-de-educacao-basica\/#article","isPartOf":{"@id":"https:\/\/jornalfatosenoticias.com.br\/index.php\/2022\/02\/09\/bolsonaro-reajusta-piso-salarial-do-professor-de-educacao-basica\/"},"author":{"name":"Haroldo Filho","@id":"https:\/\/jornalfatosenoticias.com.br\/#\/schema\/person\/05c46cc25b42a5c27e004fb0fa6b4965"},"headline":"Bolsonaro reajusta piso salarial do professor de educa\u00e7\u00e3o b\u00e1sica","datePublished":"2022-02-09T19:17:04+00:00","dateModified":"2022-02-09T19:28:32+00:00","mainEntityOfPage":{"@id":"https:\/\/jornalfatosenoticias.com.br\/index.php\/2022\/02\/09\/bolsonaro-reajusta-piso-salarial-do-professor-de-educacao-basica\/"},"wordCount":826,"commentCount":0,"publisher":{"@id":"https:\/\/jornalfatosenoticias.com.br\/#organization"},"image":{"@id":"https:\/\/jornalfatosenoticias.com.br\/index.php\/2022\/02\/09\/bolsonaro-reajusta-piso-salarial-do-professor-de-educacao-basica\/#primaryimage"},"thumbnailUrl":"https:\/\/jornalfatosenoticias.com.br\/wp-content\/uploads\/2022\/02\/Bolsonaro-edu-460.jpg","keywords":["educa\u00e7\u00e3o b\u00e1sica","Jair Bolsonaro","MEC","Milton Ribeiro","piso salarial","professores","reajuste salarial"],"articleSection":["Pol\u00edtica"],"inLanguage":"pt-BR","potentialAction":[{"@type":"CommentAction","name":"Comment","target":["https:\/\/jornalfatosenoticias.com.br\/index.php\/2022\/02\/09\/bolsonaro-reajusta-piso-salarial-do-professor-de-educacao-basica\/#respond"]}]},{"@type":"WebPage","@id":"https:\/\/jornalfatosenoticias.com.br\/index.php\/2022\/02\/09\/bolsonaro-reajusta-piso-salarial-do-professor-de-educacao-basica\/","url":"https:\/\/jornalfatosenoticias.com.br\/index.php\/2022\/02\/09\/bolsonaro-reajusta-piso-salarial-do-professor-de-educacao-basica\/","name":"Bolsonaro reajusta piso salarial do professor de educa\u00e7\u00e3o b\u00e1sica - Jornal Fatos e Not\u00edcias","isPartOf":{"@id":"https:\/\/jornalfatosenoticias.com.br\/#website"},"primaryImageOfPage":{"@id":"https:\/\/jornalfatosenoticias.com.br\/index.php\/2022\/02\/09\/bolsonaro-reajusta-piso-salarial-do-professor-de-educacao-basica\/#primaryimage"},"image":{"@id":"https:\/\/jornalfatosenoticias.com.br\/index.php\/2022\/02\/09\/bolsonaro-reajusta-piso-salarial-do-professor-de-educacao-basica\/#primaryimage"},"thumbnailUrl":"https:\/\/jornalfatosenoticias.com.br\/wp-content\/uploads\/2022\/02\/Bolsonaro-edu-460.jpg","datePublished":"2022-02-09T19:17:04+00:00","dateModified":"2022-02-09T19:28:32+00:00","breadcrumb":{"@id":"https:\/\/jornalfatosenoticias.com.br\/index.php\/2022\/02\/09\/bolsonaro-reajusta-piso-salarial-do-professor-de-educacao-basica\/#breadcrumb"},"inLanguage":"pt-BR","potentialAction":[{"@type":"ReadAction","target":["https:\/\/jornalfatosenoticias.com.br\/index.php\/2022\/02\/09\/bolsonaro-reajusta-piso-salarial-do-professor-de-educacao-basica\/"]}]},{"@type":"ImageObject","inLanguage":"pt-BR","@id":"https:\/\/jornalfatosenoticias.com.br\/index.php\/2022\/02\/09\/bolsonaro-reajusta-piso-salarial-do-professor-de-educacao-basica\/#primaryimage","url":"https:\/\/jornalfatosenoticias.com.br\/wp-content\/uploads\/2022\/02\/Bolsonaro-edu-460.jpg","contentUrl":"https:\/\/jornalfatosenoticias.com.br\/wp-content\/uploads\/2022\/02\/Bolsonaro-edu-460.jpg","width":1000,"height":600},{"@type":"BreadcrumbList","@id":"https:\/\/jornalfatosenoticias.com.br\/index.php\/2022\/02\/09\/bolsonaro-reajusta-piso-salarial-do-professor-de-educacao-basica\/#breadcrumb","itemListElement":[{"@type":"ListItem","position":1,"name":"In\u00edcio","item":"https:\/\/jornalfatosenoticias.com.br\/"},{"@type":"ListItem","position":2,"name":"Bolsonaro reajusta piso salarial do professor de educa\u00e7\u00e3o b\u00e1sica"}]},{"@type":"WebSite","@id":"https:\/\/jornalfatosenoticias.com.br\/#website","url":"https:\/\/jornalfatosenoticias.com.br\/","name":"Jornal Fatos e Not\u00edcias","description":"Not\u00edcias em geral","publisher":{"@id":"https:\/\/jornalfatosenoticias.com.br\/#organization"},"potentialAction":[{"@type":"SearchAction","target":{"@type":"EntryPoint","urlTemplate":"https:\/\/jornalfatosenoticias.com.br\/?s={search_term_string}"},"query-input":{"@type":"PropertyValueSpecification","valueRequired":true,"valueName":"search_term_string"}}],"inLanguage":"pt-BR"},{"@type":"Organization","@id":"https:\/\/jornalfatosenoticias.com.br\/#organization","name":"Jornal Fatos e Not\u00edcias","url":"https:\/\/jornalfatosenoticias.com.br\/","logo":{"@type":"ImageObject","inLanguage":"pt-BR","@id":"https:\/\/jornalfatosenoticias.com.br\/#\/schema\/logo\/image\/","url":"https:\/\/jornalfatosenoticias.com.br\/wp-content\/uploads\/2020\/02\/logo120.png","contentUrl":"https:\/\/jornalfatosenoticias.com.br\/wp-content\/uploads\/2020\/02\/logo120.png","width":1227,"height":120,"caption":"Jornal Fatos e Not\u00edcias"},"image":{"@id":"https:\/\/jornalfatosenoticias.com.br\/#\/schema\/logo\/image\/"}},{"@type":"Person","@id":"https:\/\/jornalfatosenoticias.com.br\/#\/schema\/person\/05c46cc25b42a5c27e004fb0fa6b4965","name":"Haroldo Filho","image":{"@type":"ImageObject","inLanguage":"pt-BR","@id":"https:\/\/jornalfatosenoticias.com.br\/#\/schema\/person\/image\/","url":"https:\/\/jornalfatosenoticias.com.br\/wp-content\/uploads\/2025\/08\/WhatsApp-Image-2025-08-18-at-15.30.28-150x150.jpeg","contentUrl":"https:\/\/jornalfatosenoticias.com.br\/wp-content\/uploads\/2025\/08\/WhatsApp-Image-2025-08-18-at-15.30.28-150x150.jpeg","caption":"Haroldo Filho"},"description":"Jornalista \u2013 DRT: 0003818\/ES Coordenador-geral da ONG Educar para Crescer","url":"https:\/\/jornalfatosenoticias.com.br\/index.php\/author\/haroldo\/"}]}},"cc_featured_image_caption":{"caption_text":"(Foto: Reprodu\u00e7\u00e3o\/Facebook) ","source_text":"","source_url":""},"jetpack_featured_media_url":"https:\/\/jornalfatosenoticias.com.br\/wp-content\/uploads\/2022\/02\/Bolsonaro-edu-460.jpg","_links":{"self":[{"href":"https:\/\/jornalfatosenoticias.com.br\/index.php\/wp-json\/wp\/v2\/posts\/27739","targetHints":{"allow":["GET"]}}],"collection":[{"href":"https:\/\/jornalfatosenoticias.com.br\/index.php\/wp-json\/wp\/v2\/posts"}],"about":[{"href":"https:\/\/jornalfatosenoticias.com.br\/index.php\/wp-json\/wp\/v2\/types\/post"}],"author":[{"embeddable":true,"href":"https:\/\/jornalfatosenoticias.com.br\/index.php\/wp-json\/wp\/v2\/users\/3"}],"replies":[{"embeddable":true,"href":"https:\/\/jornalfatosenoticias.com.br\/index.php\/wp-json\/wp\/v2\/comments?post=27739"}],"version-history":[{"count":0,"href":"https:\/\/jornalfatosenoticias.com.br\/index.php\/wp-json\/wp\/v2\/posts\/27739\/revisions"}],"wp:featuredmedia":[{"embeddable":true,"href":"https:\/\/jornalfatosenoticias.com.br\/index.php\/wp-json\/wp\/v2\/media\/27743"}],"wp:attachment":[{"href":"https:\/\/jornalfatosenoticias.com.br\/index.php\/wp-json\/wp\/v2\/media?parent=27739"}],"wp:term":[{"taxonomy":"category","embeddable":true,"href":"https:\/\/jornalfatosenoticias.com.br\/index.php\/wp-json\/wp\/v2\/categories?post=27739"},{"taxonomy":"post_tag","embeddable":true,"href":"https:\/\/jornalfatosenoticias.com.br\/index.php\/wp-json\/wp\/v2\/tags?post=27739"}],"curies":[{"name":"wp","href":"https:\/\/api.w.org\/{rel}","templated":true}]}}