{"id":27808,"date":"2022-02-11T13:17:56","date_gmt":"2022-02-11T16:17:56","guid":{"rendered":"https:\/\/jornalfatosenoticias.com.br\/?p=27808"},"modified":"2022-02-11T13:18:00","modified_gmt":"2022-02-11T16:18:00","slug":"dirigente-projeta-vela-mais-dinamica-em-paris-com-novas-classes","status":"publish","type":"post","link":"https:\/\/jornalfatosenoticias.com.br\/index.php\/2022\/02\/11\/dirigente-projeta-vela-mais-dinamica-em-paris-com-novas-classes\/","title":{"rendered":"Dirigente projeta vela mais din\u00e2mica em Paris com novas classes"},"content":{"rendered":"\n<p><em><span class=\"has-inline-color has-black-color\">iQFoil e F\u00f3rmula Kite substituir\u00e3o Finn e RS:X nos Jogos de 2024<\/span><\/em><\/p>\n\n\n\n<p>A manuten\u00e7\u00e3o de esportes como surfe, skate e escalada nas Olimp\u00edada de Paris (Fran\u00e7a) e Los Angeles (Estados Unidos) evidencia a tentativa do Comit\u00ea Ol\u00edmpico Internacional (COI) de atrair um p\u00fablico mais jovem aos Jogos. N\u00e3o \u00e9 diferente em modalidades consolidadas no programa ol\u00edmpico. \u00c9 o caso da vela, que ter\u00e1 duas novas classes na edi\u00e7\u00e3o de 2024, na capital francesa: iQFoil e F\u00f3rmula Kite.<\/p>\n\n\n\n<blockquote class=\"wp-block-quote is-layout-flow wp-block-quote-is-layout-flow\"><p><span class=\"has-inline-color has-luminous-vivid-orange-color\">&#8220;\u00c9 a evolu\u00e7\u00e3o natural do mundo. O jovem de hoje quer agilidade, cor, emo\u00e7\u00e3o. H\u00e1 uma tend\u00eancia na vela de termos eventos com maior atratividade e menor dura\u00e7\u00e3o, mais emo\u00e7\u00e3o. A [iQ]Foil, por exemplo, \u00e9 basicamente uma prancha \u00e0 vela, que parece voar. Quem v\u00ea de longe, pensa que ela est\u00e1 voando a cent\u00edmetros da \u00e1gua. Elas vieram para ficar e acho que \u00e9 uma tend\u00eancia que ser\u00e1 acentuada&#8221;, disse o catarinense Ricardo Navarro, delegado t\u00e9cnico da modalidade nos Jogos de Paris, \u00e0 <strong>Ag\u00eancia Brasil.<\/strong><\/span><\/p><\/blockquote>\n\n\n\n<p>Segundo o dirigente brasileiro, de 62 anos, a forma de disputa das novas classes tende a ser diferente do tradicional da vela, onde o barco com melhor desempenho ap\u00f3s uma s\u00e9rie de regatas sai vencedor. O modelo, de acordo com ele, deve se assemelhar \u00e0 SSL Gold Cup, considerada a Copa do Mundo da modalidade, onde as provas ter\u00e3o flotilhas com quatro embarca\u00e7\u00f5es, buscando classifica\u00e7\u00e3o \u00e0 etapa seguinte.<\/p>\n\n\n\n<figure class=\"wp-block-image size-large is-resized\"><img loading=\"lazy\" decoding=\"async\" src=\"https:\/\/jornalfatosenoticias.com.br\/wp-content\/uploads\/2022\/02\/ricardo_navarro_dirigente_vela.jpg\" alt=\"\" class=\"wp-image-27809\" width=\"706\" height=\"470\" srcset=\"https:\/\/jornalfatosenoticias.com.br\/wp-content\/uploads\/2022\/02\/ricardo_navarro_dirigente_vela.jpg 1000w, https:\/\/jornalfatosenoticias.com.br\/wp-content\/uploads\/2022\/02\/ricardo_navarro_dirigente_vela-300x200.jpg 300w, https:\/\/jornalfatosenoticias.com.br\/wp-content\/uploads\/2022\/02\/ricardo_navarro_dirigente_vela-768x512.jpg 768w\" sizes=\"auto, (max-width: 706px) 100vw, 706px\" \/><figcaption><em><span class=\"has-inline-color has-black-color\">Para o catarinense Ricardo Navarro, delegado t\u00e9cnico da vela na Olimp\u00edada de Paris, a disputa em 2024 ser\u00e1 mais din\u00e2mica, com v\u00e1rias baterias, principalmente na prancha (Foto: Reuters\/Gabriel Heusi\/ICSC)<\/span><\/em><\/figcaption><\/figure>\n\n\n\n<blockquote class=\"wp-block-quote is-layout-flow wp-block-quote-is-layout-flow\"><p><span class=\"has-inline-color has-luminous-vivid-orange-color\">&#8220;[O formato] Ser\u00e1 mais din\u00e2mico, com eliminat\u00f3rias, bem interessante. Na prancha, principalmente, teremos v\u00e1rias baterias \u2014 o surfe tem isso \u2014 at\u00e9 que tenhamos uma regata final. N\u00e3o ser\u00e1 aquela modalidade em que todos competem durante sete, oito dias. [A final] N\u00e3o chegar\u00e1 a ser um contra um, pois acaba tirando o brilho do esporte, ficaria mon\u00f3tono. O atleta ter\u00e1 que estar muito ligado para n\u00e3o ser eliminado em est\u00e1gios iniciais. Esse processo iniciar\u00e1 em Paris. Em 2028, estou seguro, apesar de ainda n\u00e3o estar definido, que isso ser\u00e1 a t\u00f4nica, com certeza, regatas mais curtas e percursos menores&#8221;, disse o delegado.<\/span><\/p><\/blockquote>\n\n\n\n<p>Os novos eventos, com disputas masculina e feminina, ocupam os lugares das classes RS:X (presente nos Jogos de 2008 a 2020) e Finn (que era disputada desde 1952, somente entre homens). Em Paris 2024, as provas da vela ser\u00e3o na Marina Roucas-Blanc, em Marselha, cidade francesa a mais de 770 quil\u00f4metros da capital e acostumada a ser sede de competi\u00e7\u00f5es internacionais da modalidade.<\/p>\n\n\n\n<p><strong><span class=\"has-inline-color has-black-color\">Brasil no comando<br><\/span><\/strong>Tanto na iQFoil como na F\u00f3rmula Kite o Brasil tem atletas bem colocados no ranking da World Sailing, federa\u00e7\u00e3o internacional da vela. A primeira tem Mateus Isaac na terceira posi\u00e7\u00e3o entre os homens e Giovanna Prada \u2014 prata nos Jogos Pan-Americanos J\u00fanior de Cali (Col\u00f4mbia), no ano passado \u2014 em quarto no feminino. Na kite, o melhor brasileiro \u00e9 Bruno Lobo, ouro nos Jogos Pan-Americanos de Lima (Peru), em 2019, que aparece em 21\u00ba lugar.<\/p>\n\n\n\n<figure class=\"wp-block-image size-large\"><img loading=\"lazy\" decoding=\"async\" width=\"799\" height=\"1000\" src=\"https:\/\/jornalfatosenoticias.com.br\/wp-content\/uploads\/2022\/02\/mateus_isaac_iqfoil_vela.jpg\" alt=\"\" class=\"wp-image-27810\" srcset=\"https:\/\/jornalfatosenoticias.com.br\/wp-content\/uploads\/2022\/02\/mateus_isaac_iqfoil_vela.jpg 799w, https:\/\/jornalfatosenoticias.com.br\/wp-content\/uploads\/2022\/02\/mateus_isaac_iqfoil_vela-240x300.jpg 240w, https:\/\/jornalfatosenoticias.com.br\/wp-content\/uploads\/2022\/02\/mateus_isaac_iqfoil_vela-768x961.jpg 768w\" sizes=\"auto, (max-width: 799px) 100vw, 799px\" \/><figcaption><em><span class=\"has-inline-color has-black-color\">O velejador brasileiro Mateus Isaac ocupa atualmente a terceira posi\u00e7\u00e3o no ranking masculino da World Sailing (Foto: Sailing EnergyWorld Sailing\/Direitos Reservados)<\/span><\/em><\/figcaption><\/figure>\n\n\n\n<blockquote class=\"wp-block-quote is-layout-flow wp-block-quote-is-layout-flow\"><p><span class=\"has-inline-color has-luminous-vivid-orange-color\">&#8220;[O Brasil] \u00c9 um Pa\u00eds com peso na vela. [A indica\u00e7\u00e3o] \u00c9 tamb\u00e9m um reconhecimento ao que o Brasil fez na Olimp\u00edada do Rio [de Janeiro, em 2016] e uma mensagem de oportunidade a novas pessoas, sendo algu\u00e9m da Am\u00e9rica do Sul. A fun\u00e7\u00e3o [delegado t\u00e9cnico] sempre foi exercida pelo presidente [da World Sailing] ou por um vice, que normalmente v\u00eam de centros maiores, como Europa ou Am\u00e9rica do Norte&#8221;, explicou o brasileiro, que j\u00e1 iniciou o trabalho a caminho da quarta Olimp\u00edada \u2014 ele foi \u00e1rbitro em duas ocasi\u00f5es (uma como auxiliar, outra como principal) e atuou na organiza\u00e7\u00e3o da Rio 2016.<\/span><\/p><\/blockquote>\n\n\n\n<p>&#8220;A pandemia [da covid-19] adiou os Jogos de T\u00f3quio [Jap\u00e3o] e criou um problema para Paris. Normalmente, o ciclo ol\u00edmpico \u00e9 de quatro anos. O primeiro \u00e9 de instala\u00e7\u00e3o do comit\u00ea organizador. A partir do segundo ano \u00e9 que o trabalho para cada esporte come\u00e7a. Paris perdeu esse primeiro ano, ent\u00e3o somente no come\u00e7o de 2022 \u00e9 que os delegados t\u00e9cnicos come\u00e7aram a ser definidos. No dia em que fui apontado j\u00e1 me chamaram para reuni\u00f5es&#8221;, concluiu Navarro.<br>Al\u00e9m de iQFoil e da F\u00f3rmula Kite, a vela na Olimp\u00edada de 2024 ter\u00e1 as j\u00e1 tradicionais classes Laser (masculino), Laser Radial (feminino), 49er (masculino), 49erFX (feminino) e Nacra 17 (misto). A 470 tamb\u00e9m est\u00e1 mantida, mas passa a ser disputada em dupla mista, ao inv\u00e9s de dividida por g\u00eanero.<\/p>\n\n\n\n<p><span class=\"has-inline-color has-black-color\"><em><strong>Foto de capa: <\/strong>Fred Hoffman\/On Board Sports\/Direitos Reservados<\/em><\/span><\/p>\n\n\n\n<p><strong><em>Fonte: Ag\u00eancia Brasil<\/em><\/strong><\/p>\n","protected":false},"excerpt":{"rendered":"<p>iQFoil e F\u00f3rmula Kite substituir\u00e3o Finn e RS:X nos Jogos de 2024 A manuten\u00e7\u00e3o de esportes como surfe, skate e escalada nas Olimp\u00edada de Paris (Fran\u00e7a) e Los Angeles (Estados Unidos) evidencia a tentativa do Comit\u00ea Ol\u00edmpico Internacional (COI) de atrair um p\u00fablico mais jovem aos Jogos. N\u00e3o \u00e9 diferente em modalidades consolidadas no programa [&hellip;]<\/p>\n","protected":false},"author":2,"featured_media":27811,"comment_status":"open","ping_status":"open","sticky":false,"template":"","format":"standard","meta":{"footnotes":""},"categories":[12],"tags":[277,13273,13277,13274,13275,13276,13271,3241,13272,4027],"class_list":["post-27808","post","type-post","status-publish","format-standard","has-post-thumbnail","hentry","category-esportes","tag-coi","tag-delegado-tecnico","tag-formula-kite","tag-iqfoil","tag-kitesurf","tag-mateus-isaac","tag-olimpiada-de-paris","tag-pranchas","tag-ricardo-navarro","tag-vela"],"yoast_head":"<!-- This site is optimized with the Yoast SEO plugin v26.5 - https:\/\/yoast.com\/wordpress\/plugins\/seo\/ -->\n<title>Dirigente projeta vela mais din\u00e2mica em Paris com novas classes - Jornal Fatos e Not\u00edcias<\/title>\n<meta name=\"robots\" content=\"index, follow, max-snippet:-1, max-image-preview:large, max-video-preview:-1\" \/>\n<link rel=\"canonical\" href=\"https:\/\/jornalfatosenoticias.com.br\/index.php\/2022\/02\/11\/dirigente-projeta-vela-mais-dinamica-em-paris-com-novas-classes\/\" \/>\n<meta property=\"og:locale\" content=\"pt_BR\" \/>\n<meta property=\"og:type\" content=\"article\" \/>\n<meta property=\"og:title\" content=\"Dirigente projeta vela mais din\u00e2mica em Paris com novas classes - Jornal Fatos e Not\u00edcias\" \/>\n<meta property=\"og:description\" content=\"iQFoil e F\u00f3rmula Kite substituir\u00e3o Finn e RS:X nos Jogos de 2024 A manuten\u00e7\u00e3o de esportes como surfe, skate e escalada nas Olimp\u00edada de Paris (Fran\u00e7a) e Los Angeles (Estados Unidos) evidencia a tentativa do Comit\u00ea Ol\u00edmpico Internacional (COI) de atrair um p\u00fablico mais jovem aos Jogos. N\u00e3o \u00e9 diferente em modalidades consolidadas no programa [&hellip;]\" \/>\n<meta property=\"og:url\" content=\"https:\/\/jornalfatosenoticias.com.br\/index.php\/2022\/02\/11\/dirigente-projeta-vela-mais-dinamica-em-paris-com-novas-classes\/\" \/>\n<meta property=\"og:site_name\" content=\"Jornal Fatos e Not\u00edcias\" \/>\n<meta property=\"article:published_time\" content=\"2022-02-11T16:17:56+00:00\" \/>\n<meta property=\"article:modified_time\" content=\"2022-02-11T16:18:00+00:00\" \/>\n<meta property=\"og:image\" content=\"https:\/\/jornalfatosenoticias.com.br\/wp-content\/uploads\/2022\/02\/kitesruf_araruama_competicao_inter.jpg\" \/>\n\t<meta property=\"og:image:width\" content=\"1000\" \/>\n\t<meta property=\"og:image:height\" content=\"598\" \/>\n\t<meta property=\"og:image:type\" content=\"image\/jpeg\" \/>\n<meta name=\"author\" content=\"Luzimara Fernandes\" \/>\n<meta name=\"twitter:card\" content=\"summary_large_image\" \/>\n<meta name=\"twitter:label1\" content=\"Escrito por\" \/>\n\t<meta name=\"twitter:data1\" content=\"Luzimara Fernandes\" \/>\n\t<meta name=\"twitter:label2\" content=\"Est. tempo de leitura\" \/>\n\t<meta name=\"twitter:data2\" content=\"4 minutos\" \/>\n<script type=\"application\/ld+json\" class=\"yoast-schema-graph\">{\"@context\":\"https:\/\/schema.org\",\"@graph\":[{\"@type\":\"Article\",\"@id\":\"https:\/\/jornalfatosenoticias.com.br\/index.php\/2022\/02\/11\/dirigente-projeta-vela-mais-dinamica-em-paris-com-novas-classes\/#article\",\"isPartOf\":{\"@id\":\"https:\/\/jornalfatosenoticias.com.br\/index.php\/2022\/02\/11\/dirigente-projeta-vela-mais-dinamica-em-paris-com-novas-classes\/\"},\"author\":{\"name\":\"Luzimara Fernandes\",\"@id\":\"https:\/\/jornalfatosenoticias.com.br\/#\/schema\/person\/d63837fa13ac8666eb9e74e0985d6f81\"},\"headline\":\"Dirigente projeta vela mais din\u00e2mica em Paris com novas classes\",\"datePublished\":\"2022-02-11T16:17:56+00:00\",\"dateModified\":\"2022-02-11T16:18:00+00:00\",\"mainEntityOfPage\":{\"@id\":\"https:\/\/jornalfatosenoticias.com.br\/index.php\/2022\/02\/11\/dirigente-projeta-vela-mais-dinamica-em-paris-com-novas-classes\/\"},\"wordCount\":823,\"commentCount\":0,\"publisher\":{\"@id\":\"https:\/\/jornalfatosenoticias.com.br\/#organization\"},\"image\":{\"@id\":\"https:\/\/jornalfatosenoticias.com.br\/index.php\/2022\/02\/11\/dirigente-projeta-vela-mais-dinamica-em-paris-com-novas-classes\/#primaryimage\"},\"thumbnailUrl\":\"https:\/\/jornalfatosenoticias.com.br\/wp-content\/uploads\/2022\/02\/kitesruf_araruama_competicao_inter.jpg\",\"keywords\":[\"COI\",\"delegado t\u00e9cnico\",\"F\u00f3rmula Kite\",\"iQFoil\",\"Kitesurf\",\"Mateus Isaac\",\"Olimp\u00edada de Paris\",\"pranchas\",\"Ricardo Navarro\",\"Vela\"],\"articleSection\":[\"Esportes\"],\"inLanguage\":\"pt-BR\",\"potentialAction\":[{\"@type\":\"CommentAction\",\"name\":\"Comment\",\"target\":[\"https:\/\/jornalfatosenoticias.com.br\/index.php\/2022\/02\/11\/dirigente-projeta-vela-mais-dinamica-em-paris-com-novas-classes\/#respond\"]}]},{\"@type\":\"WebPage\",\"@id\":\"https:\/\/jornalfatosenoticias.com.br\/index.php\/2022\/02\/11\/dirigente-projeta-vela-mais-dinamica-em-paris-com-novas-classes\/\",\"url\":\"https:\/\/jornalfatosenoticias.com.br\/index.php\/2022\/02\/11\/dirigente-projeta-vela-mais-dinamica-em-paris-com-novas-classes\/\",\"name\":\"Dirigente projeta vela mais din\u00e2mica em Paris com novas classes - Jornal Fatos e Not\u00edcias\",\"isPartOf\":{\"@id\":\"https:\/\/jornalfatosenoticias.com.br\/#website\"},\"primaryImageOfPage\":{\"@id\":\"https:\/\/jornalfatosenoticias.com.br\/index.php\/2022\/02\/11\/dirigente-projeta-vela-mais-dinamica-em-paris-com-novas-classes\/#primaryimage\"},\"image\":{\"@id\":\"https:\/\/jornalfatosenoticias.com.br\/index.php\/2022\/02\/11\/dirigente-projeta-vela-mais-dinamica-em-paris-com-novas-classes\/#primaryimage\"},\"thumbnailUrl\":\"https:\/\/jornalfatosenoticias.com.br\/wp-content\/uploads\/2022\/02\/kitesruf_araruama_competicao_inter.jpg\",\"datePublished\":\"2022-02-11T16:17:56+00:00\",\"dateModified\":\"2022-02-11T16:18:00+00:00\",\"breadcrumb\":{\"@id\":\"https:\/\/jornalfatosenoticias.com.br\/index.php\/2022\/02\/11\/dirigente-projeta-vela-mais-dinamica-em-paris-com-novas-classes\/#breadcrumb\"},\"inLanguage\":\"pt-BR\",\"potentialAction\":[{\"@type\":\"ReadAction\",\"target\":[\"https:\/\/jornalfatosenoticias.com.br\/index.php\/2022\/02\/11\/dirigente-projeta-vela-mais-dinamica-em-paris-com-novas-classes\/\"]}]},{\"@type\":\"ImageObject\",\"inLanguage\":\"pt-BR\",\"@id\":\"https:\/\/jornalfatosenoticias.com.br\/index.php\/2022\/02\/11\/dirigente-projeta-vela-mais-dinamica-em-paris-com-novas-classes\/#primaryimage\",\"url\":\"https:\/\/jornalfatosenoticias.com.br\/wp-content\/uploads\/2022\/02\/kitesruf_araruama_competicao_inter.jpg\",\"contentUrl\":\"https:\/\/jornalfatosenoticias.com.br\/wp-content\/uploads\/2022\/02\/kitesruf_araruama_competicao_inter.jpg\",\"width\":1000,\"height\":598},{\"@type\":\"BreadcrumbList\",\"@id\":\"https:\/\/jornalfatosenoticias.com.br\/index.php\/2022\/02\/11\/dirigente-projeta-vela-mais-dinamica-em-paris-com-novas-classes\/#breadcrumb\",\"itemListElement\":[{\"@type\":\"ListItem\",\"position\":1,\"name\":\"In\u00edcio\",\"item\":\"https:\/\/jornalfatosenoticias.com.br\/\"},{\"@type\":\"ListItem\",\"position\":2,\"name\":\"Dirigente projeta vela mais din\u00e2mica em Paris com novas classes\"}]},{\"@type\":\"WebSite\",\"@id\":\"https:\/\/jornalfatosenoticias.com.br\/#website\",\"url\":\"https:\/\/jornalfatosenoticias.com.br\/\",\"name\":\"Jornal Fatos e Not\u00edcias\",\"description\":\"Not\u00edcias em geral\",\"publisher\":{\"@id\":\"https:\/\/jornalfatosenoticias.com.br\/#organization\"},\"potentialAction\":[{\"@type\":\"SearchAction\",\"target\":{\"@type\":\"EntryPoint\",\"urlTemplate\":\"https:\/\/jornalfatosenoticias.com.br\/?s={search_term_string}\"},\"query-input\":{\"@type\":\"PropertyValueSpecification\",\"valueRequired\":true,\"valueName\":\"search_term_string\"}}],\"inLanguage\":\"pt-BR\"},{\"@type\":\"Organization\",\"@id\":\"https:\/\/jornalfatosenoticias.com.br\/#organization\",\"name\":\"Jornal Fatos e Not\u00edcias\",\"url\":\"https:\/\/jornalfatosenoticias.com.br\/\",\"logo\":{\"@type\":\"ImageObject\",\"inLanguage\":\"pt-BR\",\"@id\":\"https:\/\/jornalfatosenoticias.com.br\/#\/schema\/logo\/image\/\",\"url\":\"https:\/\/jornalfatosenoticias.com.br\/wp-content\/uploads\/2020\/02\/logo120.png\",\"contentUrl\":\"https:\/\/jornalfatosenoticias.com.br\/wp-content\/uploads\/2020\/02\/logo120.png\",\"width\":1227,\"height\":120,\"caption\":\"Jornal Fatos e Not\u00edcias\"},\"image\":{\"@id\":\"https:\/\/jornalfatosenoticias.com.br\/#\/schema\/logo\/image\/\"}},{\"@type\":\"Person\",\"@id\":\"https:\/\/jornalfatosenoticias.com.br\/#\/schema\/person\/d63837fa13ac8666eb9e74e0985d6f81\",\"name\":\"Luzimara Fernandes\",\"image\":{\"@type\":\"ImageObject\",\"inLanguage\":\"pt-BR\",\"@id\":\"https:\/\/jornalfatosenoticias.com.br\/#\/schema\/person\/image\/\",\"url\":\"https:\/\/jornalfatosenoticias.com.br\/wp-content\/uploads\/2025\/05\/EU_portal.jpg\",\"contentUrl\":\"https:\/\/jornalfatosenoticias.com.br\/wp-content\/uploads\/2025\/05\/EU_portal.jpg\",\"caption\":\"Luzimara Fernandes\"},\"description\":\"Jornalista MTB 2358-ES\",\"sameAs\":[\"https:\/\/jornalfatosenoticias.com.br\"],\"url\":\"https:\/\/jornalfatosenoticias.com.br\/index.php\/author\/luzimara\/\"}]}<\/script>\n<!-- \/ Yoast SEO plugin. -->","yoast_head_json":{"title":"Dirigente projeta vela mais din\u00e2mica em Paris com novas classes - Jornal Fatos e Not\u00edcias","robots":{"index":"index","follow":"follow","max-snippet":"max-snippet:-1","max-image-preview":"max-image-preview:large","max-video-preview":"max-video-preview:-1"},"canonical":"https:\/\/jornalfatosenoticias.com.br\/index.php\/2022\/02\/11\/dirigente-projeta-vela-mais-dinamica-em-paris-com-novas-classes\/","og_locale":"pt_BR","og_type":"article","og_title":"Dirigente projeta vela mais din\u00e2mica em Paris com novas classes - Jornal Fatos e Not\u00edcias","og_description":"iQFoil e F\u00f3rmula Kite substituir\u00e3o Finn e RS:X nos Jogos de 2024 A manuten\u00e7\u00e3o de esportes como surfe, skate e escalada nas Olimp\u00edada de Paris (Fran\u00e7a) e Los Angeles (Estados Unidos) evidencia a tentativa do Comit\u00ea Ol\u00edmpico Internacional (COI) de atrair um p\u00fablico mais jovem aos Jogos. N\u00e3o \u00e9 diferente em modalidades consolidadas no programa [&hellip;]","og_url":"https:\/\/jornalfatosenoticias.com.br\/index.php\/2022\/02\/11\/dirigente-projeta-vela-mais-dinamica-em-paris-com-novas-classes\/","og_site_name":"Jornal Fatos e Not\u00edcias","article_published_time":"2022-02-11T16:17:56+00:00","article_modified_time":"2022-02-11T16:18:00+00:00","og_image":[{"width":1000,"height":598,"url":"https:\/\/jornalfatosenoticias.com.br\/wp-content\/uploads\/2022\/02\/kitesruf_araruama_competicao_inter.jpg","type":"image\/jpeg"}],"author":"Luzimara Fernandes","twitter_card":"summary_large_image","twitter_misc":{"Escrito por":"Luzimara Fernandes","Est. tempo de leitura":"4 minutos"},"schema":{"@context":"https:\/\/schema.org","@graph":[{"@type":"Article","@id":"https:\/\/jornalfatosenoticias.com.br\/index.php\/2022\/02\/11\/dirigente-projeta-vela-mais-dinamica-em-paris-com-novas-classes\/#article","isPartOf":{"@id":"https:\/\/jornalfatosenoticias.com.br\/index.php\/2022\/02\/11\/dirigente-projeta-vela-mais-dinamica-em-paris-com-novas-classes\/"},"author":{"name":"Luzimara Fernandes","@id":"https:\/\/jornalfatosenoticias.com.br\/#\/schema\/person\/d63837fa13ac8666eb9e74e0985d6f81"},"headline":"Dirigente projeta vela mais din\u00e2mica em Paris com novas classes","datePublished":"2022-02-11T16:17:56+00:00","dateModified":"2022-02-11T16:18:00+00:00","mainEntityOfPage":{"@id":"https:\/\/jornalfatosenoticias.com.br\/index.php\/2022\/02\/11\/dirigente-projeta-vela-mais-dinamica-em-paris-com-novas-classes\/"},"wordCount":823,"commentCount":0,"publisher":{"@id":"https:\/\/jornalfatosenoticias.com.br\/#organization"},"image":{"@id":"https:\/\/jornalfatosenoticias.com.br\/index.php\/2022\/02\/11\/dirigente-projeta-vela-mais-dinamica-em-paris-com-novas-classes\/#primaryimage"},"thumbnailUrl":"https:\/\/jornalfatosenoticias.com.br\/wp-content\/uploads\/2022\/02\/kitesruf_araruama_competicao_inter.jpg","keywords":["COI","delegado t\u00e9cnico","F\u00f3rmula Kite","iQFoil","Kitesurf","Mateus Isaac","Olimp\u00edada de Paris","pranchas","Ricardo Navarro","Vela"],"articleSection":["Esportes"],"inLanguage":"pt-BR","potentialAction":[{"@type":"CommentAction","name":"Comment","target":["https:\/\/jornalfatosenoticias.com.br\/index.php\/2022\/02\/11\/dirigente-projeta-vela-mais-dinamica-em-paris-com-novas-classes\/#respond"]}]},{"@type":"WebPage","@id":"https:\/\/jornalfatosenoticias.com.br\/index.php\/2022\/02\/11\/dirigente-projeta-vela-mais-dinamica-em-paris-com-novas-classes\/","url":"https:\/\/jornalfatosenoticias.com.br\/index.php\/2022\/02\/11\/dirigente-projeta-vela-mais-dinamica-em-paris-com-novas-classes\/","name":"Dirigente projeta vela mais din\u00e2mica em Paris com novas classes - Jornal Fatos e Not\u00edcias","isPartOf":{"@id":"https:\/\/jornalfatosenoticias.com.br\/#website"},"primaryImageOfPage":{"@id":"https:\/\/jornalfatosenoticias.com.br\/index.php\/2022\/02\/11\/dirigente-projeta-vela-mais-dinamica-em-paris-com-novas-classes\/#primaryimage"},"image":{"@id":"https:\/\/jornalfatosenoticias.com.br\/index.php\/2022\/02\/11\/dirigente-projeta-vela-mais-dinamica-em-paris-com-novas-classes\/#primaryimage"},"thumbnailUrl":"https:\/\/jornalfatosenoticias.com.br\/wp-content\/uploads\/2022\/02\/kitesruf_araruama_competicao_inter.jpg","datePublished":"2022-02-11T16:17:56+00:00","dateModified":"2022-02-11T16:18:00+00:00","breadcrumb":{"@id":"https:\/\/jornalfatosenoticias.com.br\/index.php\/2022\/02\/11\/dirigente-projeta-vela-mais-dinamica-em-paris-com-novas-classes\/#breadcrumb"},"inLanguage":"pt-BR","potentialAction":[{"@type":"ReadAction","target":["https:\/\/jornalfatosenoticias.com.br\/index.php\/2022\/02\/11\/dirigente-projeta-vela-mais-dinamica-em-paris-com-novas-classes\/"]}]},{"@type":"ImageObject","inLanguage":"pt-BR","@id":"https:\/\/jornalfatosenoticias.com.br\/index.php\/2022\/02\/11\/dirigente-projeta-vela-mais-dinamica-em-paris-com-novas-classes\/#primaryimage","url":"https:\/\/jornalfatosenoticias.com.br\/wp-content\/uploads\/2022\/02\/kitesruf_araruama_competicao_inter.jpg","contentUrl":"https:\/\/jornalfatosenoticias.com.br\/wp-content\/uploads\/2022\/02\/kitesruf_araruama_competicao_inter.jpg","width":1000,"height":598},{"@type":"BreadcrumbList","@id":"https:\/\/jornalfatosenoticias.com.br\/index.php\/2022\/02\/11\/dirigente-projeta-vela-mais-dinamica-em-paris-com-novas-classes\/#breadcrumb","itemListElement":[{"@type":"ListItem","position":1,"name":"In\u00edcio","item":"https:\/\/jornalfatosenoticias.com.br\/"},{"@type":"ListItem","position":2,"name":"Dirigente projeta vela mais din\u00e2mica em Paris com novas classes"}]},{"@type":"WebSite","@id":"https:\/\/jornalfatosenoticias.com.br\/#website","url":"https:\/\/jornalfatosenoticias.com.br\/","name":"Jornal Fatos e Not\u00edcias","description":"Not\u00edcias em geral","publisher":{"@id":"https:\/\/jornalfatosenoticias.com.br\/#organization"},"potentialAction":[{"@type":"SearchAction","target":{"@type":"EntryPoint","urlTemplate":"https:\/\/jornalfatosenoticias.com.br\/?s={search_term_string}"},"query-input":{"@type":"PropertyValueSpecification","valueRequired":true,"valueName":"search_term_string"}}],"inLanguage":"pt-BR"},{"@type":"Organization","@id":"https:\/\/jornalfatosenoticias.com.br\/#organization","name":"Jornal Fatos e Not\u00edcias","url":"https:\/\/jornalfatosenoticias.com.br\/","logo":{"@type":"ImageObject","inLanguage":"pt-BR","@id":"https:\/\/jornalfatosenoticias.com.br\/#\/schema\/logo\/image\/","url":"https:\/\/jornalfatosenoticias.com.br\/wp-content\/uploads\/2020\/02\/logo120.png","contentUrl":"https:\/\/jornalfatosenoticias.com.br\/wp-content\/uploads\/2020\/02\/logo120.png","width":1227,"height":120,"caption":"Jornal Fatos e Not\u00edcias"},"image":{"@id":"https:\/\/jornalfatosenoticias.com.br\/#\/schema\/logo\/image\/"}},{"@type":"Person","@id":"https:\/\/jornalfatosenoticias.com.br\/#\/schema\/person\/d63837fa13ac8666eb9e74e0985d6f81","name":"Luzimara Fernandes","image":{"@type":"ImageObject","inLanguage":"pt-BR","@id":"https:\/\/jornalfatosenoticias.com.br\/#\/schema\/person\/image\/","url":"https:\/\/jornalfatosenoticias.com.br\/wp-content\/uploads\/2025\/05\/EU_portal.jpg","contentUrl":"https:\/\/jornalfatosenoticias.com.br\/wp-content\/uploads\/2025\/05\/EU_portal.jpg","caption":"Luzimara Fernandes"},"description":"Jornalista MTB 2358-ES","sameAs":["https:\/\/jornalfatosenoticias.com.br"],"url":"https:\/\/jornalfatosenoticias.com.br\/index.php\/author\/luzimara\/"}]}},"cc_featured_image_caption":{"caption_text":"","source_text":"","source_url":""},"jetpack_featured_media_url":"https:\/\/jornalfatosenoticias.com.br\/wp-content\/uploads\/2022\/02\/kitesruf_araruama_competicao_inter.jpg","_links":{"self":[{"href":"https:\/\/jornalfatosenoticias.com.br\/index.php\/wp-json\/wp\/v2\/posts\/27808","targetHints":{"allow":["GET"]}}],"collection":[{"href":"https:\/\/jornalfatosenoticias.com.br\/index.php\/wp-json\/wp\/v2\/posts"}],"about":[{"href":"https:\/\/jornalfatosenoticias.com.br\/index.php\/wp-json\/wp\/v2\/types\/post"}],"author":[{"embeddable":true,"href":"https:\/\/jornalfatosenoticias.com.br\/index.php\/wp-json\/wp\/v2\/users\/2"}],"replies":[{"embeddable":true,"href":"https:\/\/jornalfatosenoticias.com.br\/index.php\/wp-json\/wp\/v2\/comments?post=27808"}],"version-history":[{"count":0,"href":"https:\/\/jornalfatosenoticias.com.br\/index.php\/wp-json\/wp\/v2\/posts\/27808\/revisions"}],"wp:featuredmedia":[{"embeddable":true,"href":"https:\/\/jornalfatosenoticias.com.br\/index.php\/wp-json\/wp\/v2\/media\/27811"}],"wp:attachment":[{"href":"https:\/\/jornalfatosenoticias.com.br\/index.php\/wp-json\/wp\/v2\/media?parent=27808"}],"wp:term":[{"taxonomy":"category","embeddable":true,"href":"https:\/\/jornalfatosenoticias.com.br\/index.php\/wp-json\/wp\/v2\/categories?post=27808"},{"taxonomy":"post_tag","embeddable":true,"href":"https:\/\/jornalfatosenoticias.com.br\/index.php\/wp-json\/wp\/v2\/tags?post=27808"}],"curies":[{"name":"wp","href":"https:\/\/api.w.org\/{rel}","templated":true}]}}