{"id":27834,"date":"2022-02-11T15:14:49","date_gmt":"2022-02-11T18:14:49","guid":{"rendered":"https:\/\/jornalfatosenoticias.com.br\/?p=27834"},"modified":"2022-02-11T15:14:51","modified_gmt":"2022-02-11T18:14:51","slug":"nova-tecnica-promete-separar-microplasticos-da-agua","status":"publish","type":"post","link":"https:\/\/jornalfatosenoticias.com.br\/index.php\/2022\/02\/11\/nova-tecnica-promete-separar-microplasticos-da-agua\/","title":{"rendered":"Nova t\u00e9cnica promete separar micropl\u00e1sticos da \u00e1gua"},"content":{"rendered":"\n<p><em><span class=\"has-inline-color has-black-color\">Desenvolvido por professores na Espanha, m\u00e9todo j\u00e1 \u00e9 premiado!<\/span><\/em><\/p>\n\n\n\n<p>Especialistas em polui\u00e7\u00e3o marinha alertam para o aumento dos pl\u00e1sticos no oceano, que se transformam em min\u00fasculas part\u00edculas, tornando-se incapazes de serem captados. Por\u00e9m, uma nova tecnologia surgida na Espanha promete ser capaz de n\u00e3o s\u00f3 separar os micropl\u00e1sticos de ambientes aqu\u00e1ticos, como tamb\u00e9m identific\u00e1-los e quantific\u00e1-los.<br>A inova\u00e7\u00e3o foi desenvolvida pela startup Captoplastic, que nasceu na Universidade Aut\u00f3noma de Madrid em 2020. O m\u00e9todo pode ser aplicado em \u00e1guas para consumo humano, esta\u00e7\u00f5es de tratamento de \u00e1gua e, claro, na ind\u00fastria de reciclagem.<\/p>\n\n\n\n<blockquote class=\"wp-block-quote is-layout-flow wp-block-quote-is-layout-flow\"><p><span class=\"has-inline-color has-luminous-vivid-orange-color\">\u201cA Captoplastic nasceu da experi\u00eancia de um grupo de professores que se dedicam \u00e0 elimina\u00e7\u00e3o de contaminantes na \u00e1gua, tanto pot\u00e1vel quanto residual. Nos \u00faltimos anos desenvolvemos diferentes processos e procedimentos, alguns deles baseados no desenvolvimento de catalisadores, e vimos como estes poderiam ser usados \u200b\u200bpara remover micropl\u00e1sticos da \u00e1gua\u201d, explicou o professor Jos\u00e9 Antonio Casas.<\/span><\/p><\/blockquote>\n\n\n\n<p>Ele \u00e9 fundador da empresa juntamente com os professores Macarena Mu\u00f1oz e Zahara Mart\u00ednez, do Departamento de Engenharia Qu\u00edmica da Universidade. A solu\u00e7\u00e3o \u00e9 baseada em uma t\u00e9cnica chamada de aglomera\u00e7\u00e3o seletiva.<\/p>\n\n\n\n<blockquote class=\"wp-block-quote is-layout-flow wp-block-quote-is-layout-flow\"><p><span class=\"has-inline-color has-luminous-vivid-orange-color\">\u201cAdicionamos aglutinante ao volume de \u00e1gua para capturar apenas os pl\u00e1sticos\u201d, explica Raquel Parra, diretora-executiva da Captoplastic.<\/span><\/p><\/blockquote>\n\n\n\n<p>A tecnologia foi patenteada. Um grande objetivo do grupo \u00e9 que o m\u00e9todo chegue em esta\u00e7\u00f5es de tratamento de esgoto e esta\u00e7\u00f5es de tratamento de \u00e1gua. A equipe estima que isso ocorra at\u00e9 2023. Outro passo, a m\u00e9dio prazo, \u00e9 testar a t\u00e9cnica em m\u00e1quinas de lavar roupa, controlando a passagem de fibras t\u00eaxteis e micropl\u00e1sticos. Por enquanto, a startup busca uma segunda patente para um sistema de medi\u00e7\u00e3o para a identifica\u00e7\u00e3o e quantifica\u00e7\u00e3o de micropl\u00e1sticos na \u00e1gua.<br>O m\u00e9todo visa padronizar a an\u00e1lise de micropl\u00e1sticos. A inova\u00e7\u00e3o j\u00e1 foi premiada pelo <em>eAwards Spain<\/em> 2021 da Funda\u00e7\u00e3o Everis e tamb\u00e9m ganhou o pr\u00eamio internacional <em>Global NTT Data Foundation.<\/em> A startup disputou com propostas de 10 pa\u00edses da Europa e Am\u00e9rica Latina.<\/p>\n\n\n\n<figure class=\"wp-block-image size-large\"><img loading=\"lazy\" decoding=\"async\" width=\"1000\" height=\"724\" src=\"https:\/\/jornalfatosenoticias.com.br\/wp-content\/uploads\/2022\/02\/microplasticos-agua-2.jpg\" alt=\"\" class=\"wp-image-27835\" srcset=\"https:\/\/jornalfatosenoticias.com.br\/wp-content\/uploads\/2022\/02\/microplasticos-agua-2.jpg 1000w, https:\/\/jornalfatosenoticias.com.br\/wp-content\/uploads\/2022\/02\/microplasticos-agua-2-300x217.jpg 300w, https:\/\/jornalfatosenoticias.com.br\/wp-content\/uploads\/2022\/02\/microplasticos-agua-2-768x556.jpg 768w\" sizes=\"auto, (max-width: 1000px) 100vw, 1000px\" \/><figcaption><em><span class=\"has-inline-color has-black-color\">Fundadores e CEO da Captoplastic (Foto: Universidade Aut\u00f3noma de Madrid)<\/span><\/em><\/figcaption><\/figure>\n\n\n\n<p><strong><span class=\"has-inline-color has-vivid-green-cyan-color\">O perigo dos micropl\u00e1sticos<br><\/span><\/strong>Os cientistas definem micropl\u00e1sticos como fragmentos de pl\u00e1stico com menos de 5mm. Os nanopl\u00e1sticos s\u00e3o ainda menores, com di\u00e2metros menores que 0,001 mm. Pesquisas realizadas em animais j\u00e1 relacionam a exposi\u00e7\u00e3o a micro e nanopl\u00e1sticos \u00e0 infertilidade, inflama\u00e7\u00e3o e c\u00e2ncer.<br>Al\u00e9m do perigo para a fauna marinha, que ingerem tais fragmentos, h\u00e1 tamb\u00e9m riscos para os seres humanos. J\u00e1 foi constatado que os micropl\u00e1sticos est\u00e3o presentes em <a href=\"https:\/\/ciclovivo.com.br\/planeta\/meio-ambiente\/cientistas-encontram-microplasticos-em-frutas-e-vegetais\/\" target=\"_blank\" rel=\"noreferrer noopener\">frutas e vegetais<\/a>,\u00a0<a href=\"https:\/\/ciclovivo.com.br\/planeta\/meio-ambiente\/estudo-encontra-microplasticos-sal\/\" target=\"_blank\" rel=\"noreferrer noopener\">no sal<\/a>\u00a0e at\u00e9\u00a0<a href=\"https:\/\/ciclovivo.com.br\/vida-sustentavel\/equilibrio\/parece-absurdo-comemos-respiramos-microplasticos\/\" target=\"_blank\" rel=\"noreferrer noopener\">no ar<\/a> de grandes metr\u00f3poles. As pessoas inalam essas part\u00edculas ou fibras. Em 2020, pela primeira vez, cientistas detectaram a presen\u00e7a de <a href=\"https:\/\/ciclovivo.com.br\/planeta\/meio-ambiente\/microplasticos-encontrados-orgaos-humanos\/\" target=\"_blank\" rel=\"noreferrer noopener\">micropl\u00e1sticos em \u00f3rg\u00e3os<\/a> e tecidos humanos.<br>Os estudos que fazem a rela\u00e7\u00e3o entre pl\u00e1stico e a sa\u00fade humana ainda s\u00e3o recentes. De forma que as poss\u00edveis consequ\u00eancias ainda est\u00e3o sendo investigadas. Enquanto isso, sabe-se o quanto a polui\u00e7\u00e3o pl\u00e1stica j\u00e1 \u00e9 prejudicial para os ecossistemas marinhos e mais do que limpar \u00e9 importante agir previamente sobre as causas da polui\u00e7\u00e3o pl\u00e1stica.<br>Uma nova revis\u00e3o encomendada pelo WWF de mais de 2.590 estudos, publicada na \u00faltima semana, afirma que \u00e1reas marinhas com mais de duas vezes e meia o tamanho da Groenl\u00e2ndia podem exceder os limites ecologicamente perigosos de concentra\u00e7\u00e3o de micropl\u00e1sticos at\u00e9 o final do s\u00e9culo. Confira: <a href=\"https:\/\/ciclovivo.com.br\/planeta\/meio-ambiente\/poluicao-oceanica-por-plasticos-quadruplicara-ate-2050\/\" target=\"_blank\" rel=\"noreferrer noopener\">Polui\u00e7\u00e3o oce\u00e2nica por pl\u00e1sticos quadruplicar\u00e1 at\u00e9 2050<\/a>.<\/p>\n\n\n\n<figure class=\"wp-block-image size-large\"><img loading=\"lazy\" decoding=\"async\" width=\"1000\" height=\"687\" src=\"https:\/\/jornalfatosenoticias.com.br\/wp-content\/uploads\/2022\/02\/microplasticos-agua-3_iStock.jpg\" alt=\"\" class=\"wp-image-27836\" srcset=\"https:\/\/jornalfatosenoticias.com.br\/wp-content\/uploads\/2022\/02\/microplasticos-agua-3_iStock.jpg 1000w, https:\/\/jornalfatosenoticias.com.br\/wp-content\/uploads\/2022\/02\/microplasticos-agua-3_iStock-300x206.jpg 300w, https:\/\/jornalfatosenoticias.com.br\/wp-content\/uploads\/2022\/02\/microplasticos-agua-3_iStock-768x528.jpg 768w\" sizes=\"auto, (max-width: 1000px) 100vw, 1000px\" \/><figcaption><em><span class=\"has-inline-color has-black-color\">(Foto: iStock)<\/span><\/em><\/figcaption><\/figure>\n\n\n\n<h4 class=\"wp-block-heading\"><span class=\"has-inline-color has-vivid-green-cyan-color\">Conhe\u00e7a iniciativas que est\u00e3o buscando remediar o problema<\/span><\/h4>\n\n\n\n<ul class=\"wp-block-list\"><li><a href=\"https:\/\/ciclovivo.com.br\/inovacao\/inspiracao\/brasileiro-ganha-premio-internacional-por-sistema-que-filtra-microplasticos\/\" target=\"_blank\" rel=\"noreferrer noopener\">Brasileiro ganha pr\u00eamio internacional por sistema que filtra micropl\u00e1sticos<\/a><\/li><li><a href=\"https:\/\/ciclovivo.com.br\/inovacao\/inspiracao\/estudante-irlandes-cria-ima-que-atrai-microplasticos\/\" target=\"_blank\" rel=\"noreferrer noopener\">Estudante irland\u00eas cria \u201cim\u00e3\u201d que atrai micropl\u00e1sticos<\/a><\/li><li><a href=\"https:\/\/ciclovivo.com.br\/inovacao\/tecnologia\/cientistas-usam-ondas-acusticas-para-filtrar-microplasticos-da-agua\/\" target=\"_blank\" rel=\"noreferrer noopener\">Cientistas usam ondas ac\u00fasticas para filtrar micropl\u00e1sticos da \u00e1gua<\/a><\/li><li><a href=\"https:\/\/ciclovivo.com.br\/inovacao\/inspiracao\/jovem-tecnica-extrair-microplasticos-google\/\" target=\"_blank\" rel=\"noreferrer noopener\">Jovem cria t\u00e9cnica para extrair micropl\u00e1sticos e vence pr\u00eamio do Google<\/a><\/li><li><a href=\"https:\/\/ciclovivo.com.br\/inovacao\/tecnologia\/estudantes-criam-maquina-que-separa-microplasticos-da-areia\/\" target=\"_blank\" rel=\"noreferrer noopener\">Estudantes criam m\u00e1quina que separa micropl\u00e1sticos da areia<\/a><\/li><li><a href=\"https:\/\/ciclovivo.com.br\/inovacao\/tecnologia\/estudantes-criam-dispositivo-que-recolhe-microplasticos-de-pneus\/\" target=\"_blank\" rel=\"noreferrer noopener\">Estudantes criam dispositivo que recolhe micropl\u00e1sticos de pneus<\/a><\/li><\/ul>\n\n\n\n<p><strong><em>Fonte: <a href=\"https:\/\/ciclovivo.com.br\/inovacao\/tecnologia\/nova-tecnica-promete-separar-microplasticos-da-agua\/\">CicloVivo<\/a><\/em><\/strong><\/p>\n","protected":false},"excerpt":{"rendered":"<p>Desenvolvido por professores na Espanha, m\u00e9todo j\u00e1 \u00e9 premiado! Especialistas em polui\u00e7\u00e3o marinha alertam para o aumento dos pl\u00e1sticos no oceano, que se transformam em min\u00fasculas part\u00edculas, tornando-se incapazes de serem captados. Por\u00e9m, uma nova tecnologia surgida na Espanha promete ser capaz de n\u00e3o s\u00f3 separar os micropl\u00e1sticos de ambientes aqu\u00e1ticos, como tamb\u00e9m identific\u00e1-los e [&hellip;]<\/p>\n","protected":false},"author":2,"featured_media":27837,"comment_status":"open","ping_status":"open","sticky":false,"template":"","format":"standard","meta":{"footnotes":""},"categories":[3],"tags":[13285,13286,452,13287,2504],"class_list":["post-27834","post","type-post","status-publish","format-standard","has-post-thumbnail","hentry","category-tecnologia","tag-captoplastic","tag-madri","tag-microplastico","tag-nanoplasticos","tag-startup"],"yoast_head":"<!-- This site is optimized with the Yoast SEO plugin v26.5 - https:\/\/yoast.com\/wordpress\/plugins\/seo\/ -->\n<title>Nova t\u00e9cnica promete separar micropl\u00e1sticos da \u00e1gua - Jornal Fatos e Not\u00edcias<\/title>\n<meta name=\"robots\" content=\"index, follow, max-snippet:-1, max-image-preview:large, max-video-preview:-1\" \/>\n<link rel=\"canonical\" href=\"https:\/\/jornalfatosenoticias.com.br\/index.php\/2022\/02\/11\/nova-tecnica-promete-separar-microplasticos-da-agua\/\" \/>\n<meta property=\"og:locale\" content=\"pt_BR\" \/>\n<meta property=\"og:type\" content=\"article\" \/>\n<meta property=\"og:title\" content=\"Nova t\u00e9cnica promete separar micropl\u00e1sticos da \u00e1gua - Jornal Fatos e Not\u00edcias\" \/>\n<meta property=\"og:description\" content=\"Desenvolvido por professores na Espanha, m\u00e9todo j\u00e1 \u00e9 premiado! Especialistas em polui\u00e7\u00e3o marinha alertam para o aumento dos pl\u00e1sticos no oceano, que se transformam em min\u00fasculas part\u00edculas, tornando-se incapazes de serem captados. Por\u00e9m, uma nova tecnologia surgida na Espanha promete ser capaz de n\u00e3o s\u00f3 separar os micropl\u00e1sticos de ambientes aqu\u00e1ticos, como tamb\u00e9m identific\u00e1-los e [&hellip;]\" \/>\n<meta property=\"og:url\" content=\"https:\/\/jornalfatosenoticias.com.br\/index.php\/2022\/02\/11\/nova-tecnica-promete-separar-microplasticos-da-agua\/\" \/>\n<meta property=\"og:site_name\" content=\"Jornal Fatos e Not\u00edcias\" \/>\n<meta property=\"article:published_time\" content=\"2022-02-11T18:14:49+00:00\" \/>\n<meta property=\"article:modified_time\" content=\"2022-02-11T18:14:51+00:00\" \/>\n<meta property=\"og:image\" content=\"https:\/\/jornalfatosenoticias.com.br\/wp-content\/uploads\/2022\/02\/microplasticos-agua-1.jpg\" \/>\n\t<meta property=\"og:image:width\" content=\"1000\" \/>\n\t<meta property=\"og:image:height\" content=\"665\" \/>\n\t<meta property=\"og:image:type\" content=\"image\/jpeg\" \/>\n<meta name=\"author\" content=\"Luzimara Fernandes\" \/>\n<meta name=\"twitter:card\" content=\"summary_large_image\" \/>\n<meta name=\"twitter:label1\" content=\"Escrito por\" \/>\n\t<meta name=\"twitter:data1\" content=\"Luzimara Fernandes\" \/>\n\t<meta name=\"twitter:label2\" content=\"Est. tempo de leitura\" \/>\n\t<meta name=\"twitter:data2\" content=\"3 minutos\" \/>\n<script type=\"application\/ld+json\" class=\"yoast-schema-graph\">{\"@context\":\"https:\/\/schema.org\",\"@graph\":[{\"@type\":\"Article\",\"@id\":\"https:\/\/jornalfatosenoticias.com.br\/index.php\/2022\/02\/11\/nova-tecnica-promete-separar-microplasticos-da-agua\/#article\",\"isPartOf\":{\"@id\":\"https:\/\/jornalfatosenoticias.com.br\/index.php\/2022\/02\/11\/nova-tecnica-promete-separar-microplasticos-da-agua\/\"},\"author\":{\"name\":\"Luzimara Fernandes\",\"@id\":\"https:\/\/jornalfatosenoticias.com.br\/#\/schema\/person\/d63837fa13ac8666eb9e74e0985d6f81\"},\"headline\":\"Nova t\u00e9cnica promete separar micropl\u00e1sticos da \u00e1gua\",\"datePublished\":\"2022-02-11T18:14:49+00:00\",\"dateModified\":\"2022-02-11T18:14:51+00:00\",\"mainEntityOfPage\":{\"@id\":\"https:\/\/jornalfatosenoticias.com.br\/index.php\/2022\/02\/11\/nova-tecnica-promete-separar-microplasticos-da-agua\/\"},\"wordCount\":701,\"commentCount\":0,\"publisher\":{\"@id\":\"https:\/\/jornalfatosenoticias.com.br\/#organization\"},\"image\":{\"@id\":\"https:\/\/jornalfatosenoticias.com.br\/index.php\/2022\/02\/11\/nova-tecnica-promete-separar-microplasticos-da-agua\/#primaryimage\"},\"thumbnailUrl\":\"https:\/\/jornalfatosenoticias.com.br\/wp-content\/uploads\/2022\/02\/microplasticos-agua-1.jpg\",\"keywords\":[\"Captoplastic\",\"Madri\",\"micropl\u00e1stico\",\"nanopl\u00e1sticos\",\"startup\"],\"articleSection\":[\"Tecnologia &amp; Inova\u00e7\u00e3o\"],\"inLanguage\":\"pt-BR\",\"potentialAction\":[{\"@type\":\"CommentAction\",\"name\":\"Comment\",\"target\":[\"https:\/\/jornalfatosenoticias.com.br\/index.php\/2022\/02\/11\/nova-tecnica-promete-separar-microplasticos-da-agua\/#respond\"]}]},{\"@type\":\"WebPage\",\"@id\":\"https:\/\/jornalfatosenoticias.com.br\/index.php\/2022\/02\/11\/nova-tecnica-promete-separar-microplasticos-da-agua\/\",\"url\":\"https:\/\/jornalfatosenoticias.com.br\/index.php\/2022\/02\/11\/nova-tecnica-promete-separar-microplasticos-da-agua\/\",\"name\":\"Nova t\u00e9cnica promete separar micropl\u00e1sticos da \u00e1gua - Jornal Fatos e Not\u00edcias\",\"isPartOf\":{\"@id\":\"https:\/\/jornalfatosenoticias.com.br\/#website\"},\"primaryImageOfPage\":{\"@id\":\"https:\/\/jornalfatosenoticias.com.br\/index.php\/2022\/02\/11\/nova-tecnica-promete-separar-microplasticos-da-agua\/#primaryimage\"},\"image\":{\"@id\":\"https:\/\/jornalfatosenoticias.com.br\/index.php\/2022\/02\/11\/nova-tecnica-promete-separar-microplasticos-da-agua\/#primaryimage\"},\"thumbnailUrl\":\"https:\/\/jornalfatosenoticias.com.br\/wp-content\/uploads\/2022\/02\/microplasticos-agua-1.jpg\",\"datePublished\":\"2022-02-11T18:14:49+00:00\",\"dateModified\":\"2022-02-11T18:14:51+00:00\",\"breadcrumb\":{\"@id\":\"https:\/\/jornalfatosenoticias.com.br\/index.php\/2022\/02\/11\/nova-tecnica-promete-separar-microplasticos-da-agua\/#breadcrumb\"},\"inLanguage\":\"pt-BR\",\"potentialAction\":[{\"@type\":\"ReadAction\",\"target\":[\"https:\/\/jornalfatosenoticias.com.br\/index.php\/2022\/02\/11\/nova-tecnica-promete-separar-microplasticos-da-agua\/\"]}]},{\"@type\":\"ImageObject\",\"inLanguage\":\"pt-BR\",\"@id\":\"https:\/\/jornalfatosenoticias.com.br\/index.php\/2022\/02\/11\/nova-tecnica-promete-separar-microplasticos-da-agua\/#primaryimage\",\"url\":\"https:\/\/jornalfatosenoticias.com.br\/wp-content\/uploads\/2022\/02\/microplasticos-agua-1.jpg\",\"contentUrl\":\"https:\/\/jornalfatosenoticias.com.br\/wp-content\/uploads\/2022\/02\/microplasticos-agua-1.jpg\",\"width\":1000,\"height\":665},{\"@type\":\"BreadcrumbList\",\"@id\":\"https:\/\/jornalfatosenoticias.com.br\/index.php\/2022\/02\/11\/nova-tecnica-promete-separar-microplasticos-da-agua\/#breadcrumb\",\"itemListElement\":[{\"@type\":\"ListItem\",\"position\":1,\"name\":\"In\u00edcio\",\"item\":\"https:\/\/jornalfatosenoticias.com.br\/\"},{\"@type\":\"ListItem\",\"position\":2,\"name\":\"Nova t\u00e9cnica promete separar micropl\u00e1sticos da \u00e1gua\"}]},{\"@type\":\"WebSite\",\"@id\":\"https:\/\/jornalfatosenoticias.com.br\/#website\",\"url\":\"https:\/\/jornalfatosenoticias.com.br\/\",\"name\":\"Jornal Fatos e Not\u00edcias\",\"description\":\"Not\u00edcias em geral\",\"publisher\":{\"@id\":\"https:\/\/jornalfatosenoticias.com.br\/#organization\"},\"potentialAction\":[{\"@type\":\"SearchAction\",\"target\":{\"@type\":\"EntryPoint\",\"urlTemplate\":\"https:\/\/jornalfatosenoticias.com.br\/?s={search_term_string}\"},\"query-input\":{\"@type\":\"PropertyValueSpecification\",\"valueRequired\":true,\"valueName\":\"search_term_string\"}}],\"inLanguage\":\"pt-BR\"},{\"@type\":\"Organization\",\"@id\":\"https:\/\/jornalfatosenoticias.com.br\/#organization\",\"name\":\"Jornal Fatos e Not\u00edcias\",\"url\":\"https:\/\/jornalfatosenoticias.com.br\/\",\"logo\":{\"@type\":\"ImageObject\",\"inLanguage\":\"pt-BR\",\"@id\":\"https:\/\/jornalfatosenoticias.com.br\/#\/schema\/logo\/image\/\",\"url\":\"https:\/\/jornalfatosenoticias.com.br\/wp-content\/uploads\/2020\/02\/logo120.png\",\"contentUrl\":\"https:\/\/jornalfatosenoticias.com.br\/wp-content\/uploads\/2020\/02\/logo120.png\",\"width\":1227,\"height\":120,\"caption\":\"Jornal Fatos e Not\u00edcias\"},\"image\":{\"@id\":\"https:\/\/jornalfatosenoticias.com.br\/#\/schema\/logo\/image\/\"}},{\"@type\":\"Person\",\"@id\":\"https:\/\/jornalfatosenoticias.com.br\/#\/schema\/person\/d63837fa13ac8666eb9e74e0985d6f81\",\"name\":\"Luzimara Fernandes\",\"image\":{\"@type\":\"ImageObject\",\"inLanguage\":\"pt-BR\",\"@id\":\"https:\/\/jornalfatosenoticias.com.br\/#\/schema\/person\/image\/\",\"url\":\"https:\/\/jornalfatosenoticias.com.br\/wp-content\/uploads\/2025\/05\/EU_portal.jpg\",\"contentUrl\":\"https:\/\/jornalfatosenoticias.com.br\/wp-content\/uploads\/2025\/05\/EU_portal.jpg\",\"caption\":\"Luzimara Fernandes\"},\"description\":\"Jornalista MTB 2358-ES\",\"sameAs\":[\"https:\/\/jornalfatosenoticias.com.br\"],\"url\":\"https:\/\/jornalfatosenoticias.com.br\/index.php\/author\/luzimara\/\"}]}<\/script>\n<!-- \/ Yoast SEO plugin. -->","yoast_head_json":{"title":"Nova t\u00e9cnica promete separar micropl\u00e1sticos da \u00e1gua - Jornal Fatos e Not\u00edcias","robots":{"index":"index","follow":"follow","max-snippet":"max-snippet:-1","max-image-preview":"max-image-preview:large","max-video-preview":"max-video-preview:-1"},"canonical":"https:\/\/jornalfatosenoticias.com.br\/index.php\/2022\/02\/11\/nova-tecnica-promete-separar-microplasticos-da-agua\/","og_locale":"pt_BR","og_type":"article","og_title":"Nova t\u00e9cnica promete separar micropl\u00e1sticos da \u00e1gua - Jornal Fatos e Not\u00edcias","og_description":"Desenvolvido por professores na Espanha, m\u00e9todo j\u00e1 \u00e9 premiado! Especialistas em polui\u00e7\u00e3o marinha alertam para o aumento dos pl\u00e1sticos no oceano, que se transformam em min\u00fasculas part\u00edculas, tornando-se incapazes de serem captados. Por\u00e9m, uma nova tecnologia surgida na Espanha promete ser capaz de n\u00e3o s\u00f3 separar os micropl\u00e1sticos de ambientes aqu\u00e1ticos, como tamb\u00e9m identific\u00e1-los e [&hellip;]","og_url":"https:\/\/jornalfatosenoticias.com.br\/index.php\/2022\/02\/11\/nova-tecnica-promete-separar-microplasticos-da-agua\/","og_site_name":"Jornal Fatos e Not\u00edcias","article_published_time":"2022-02-11T18:14:49+00:00","article_modified_time":"2022-02-11T18:14:51+00:00","og_image":[{"width":1000,"height":665,"url":"https:\/\/jornalfatosenoticias.com.br\/wp-content\/uploads\/2022\/02\/microplasticos-agua-1.jpg","type":"image\/jpeg"}],"author":"Luzimara Fernandes","twitter_card":"summary_large_image","twitter_misc":{"Escrito por":"Luzimara Fernandes","Est. tempo de leitura":"3 minutos"},"schema":{"@context":"https:\/\/schema.org","@graph":[{"@type":"Article","@id":"https:\/\/jornalfatosenoticias.com.br\/index.php\/2022\/02\/11\/nova-tecnica-promete-separar-microplasticos-da-agua\/#article","isPartOf":{"@id":"https:\/\/jornalfatosenoticias.com.br\/index.php\/2022\/02\/11\/nova-tecnica-promete-separar-microplasticos-da-agua\/"},"author":{"name":"Luzimara Fernandes","@id":"https:\/\/jornalfatosenoticias.com.br\/#\/schema\/person\/d63837fa13ac8666eb9e74e0985d6f81"},"headline":"Nova t\u00e9cnica promete separar micropl\u00e1sticos da \u00e1gua","datePublished":"2022-02-11T18:14:49+00:00","dateModified":"2022-02-11T18:14:51+00:00","mainEntityOfPage":{"@id":"https:\/\/jornalfatosenoticias.com.br\/index.php\/2022\/02\/11\/nova-tecnica-promete-separar-microplasticos-da-agua\/"},"wordCount":701,"commentCount":0,"publisher":{"@id":"https:\/\/jornalfatosenoticias.com.br\/#organization"},"image":{"@id":"https:\/\/jornalfatosenoticias.com.br\/index.php\/2022\/02\/11\/nova-tecnica-promete-separar-microplasticos-da-agua\/#primaryimage"},"thumbnailUrl":"https:\/\/jornalfatosenoticias.com.br\/wp-content\/uploads\/2022\/02\/microplasticos-agua-1.jpg","keywords":["Captoplastic","Madri","micropl\u00e1stico","nanopl\u00e1sticos","startup"],"articleSection":["Tecnologia &amp; Inova\u00e7\u00e3o"],"inLanguage":"pt-BR","potentialAction":[{"@type":"CommentAction","name":"Comment","target":["https:\/\/jornalfatosenoticias.com.br\/index.php\/2022\/02\/11\/nova-tecnica-promete-separar-microplasticos-da-agua\/#respond"]}]},{"@type":"WebPage","@id":"https:\/\/jornalfatosenoticias.com.br\/index.php\/2022\/02\/11\/nova-tecnica-promete-separar-microplasticos-da-agua\/","url":"https:\/\/jornalfatosenoticias.com.br\/index.php\/2022\/02\/11\/nova-tecnica-promete-separar-microplasticos-da-agua\/","name":"Nova t\u00e9cnica promete separar micropl\u00e1sticos da \u00e1gua - Jornal Fatos e Not\u00edcias","isPartOf":{"@id":"https:\/\/jornalfatosenoticias.com.br\/#website"},"primaryImageOfPage":{"@id":"https:\/\/jornalfatosenoticias.com.br\/index.php\/2022\/02\/11\/nova-tecnica-promete-separar-microplasticos-da-agua\/#primaryimage"},"image":{"@id":"https:\/\/jornalfatosenoticias.com.br\/index.php\/2022\/02\/11\/nova-tecnica-promete-separar-microplasticos-da-agua\/#primaryimage"},"thumbnailUrl":"https:\/\/jornalfatosenoticias.com.br\/wp-content\/uploads\/2022\/02\/microplasticos-agua-1.jpg","datePublished":"2022-02-11T18:14:49+00:00","dateModified":"2022-02-11T18:14:51+00:00","breadcrumb":{"@id":"https:\/\/jornalfatosenoticias.com.br\/index.php\/2022\/02\/11\/nova-tecnica-promete-separar-microplasticos-da-agua\/#breadcrumb"},"inLanguage":"pt-BR","potentialAction":[{"@type":"ReadAction","target":["https:\/\/jornalfatosenoticias.com.br\/index.php\/2022\/02\/11\/nova-tecnica-promete-separar-microplasticos-da-agua\/"]}]},{"@type":"ImageObject","inLanguage":"pt-BR","@id":"https:\/\/jornalfatosenoticias.com.br\/index.php\/2022\/02\/11\/nova-tecnica-promete-separar-microplasticos-da-agua\/#primaryimage","url":"https:\/\/jornalfatosenoticias.com.br\/wp-content\/uploads\/2022\/02\/microplasticos-agua-1.jpg","contentUrl":"https:\/\/jornalfatosenoticias.com.br\/wp-content\/uploads\/2022\/02\/microplasticos-agua-1.jpg","width":1000,"height":665},{"@type":"BreadcrumbList","@id":"https:\/\/jornalfatosenoticias.com.br\/index.php\/2022\/02\/11\/nova-tecnica-promete-separar-microplasticos-da-agua\/#breadcrumb","itemListElement":[{"@type":"ListItem","position":1,"name":"In\u00edcio","item":"https:\/\/jornalfatosenoticias.com.br\/"},{"@type":"ListItem","position":2,"name":"Nova t\u00e9cnica promete separar micropl\u00e1sticos da \u00e1gua"}]},{"@type":"WebSite","@id":"https:\/\/jornalfatosenoticias.com.br\/#website","url":"https:\/\/jornalfatosenoticias.com.br\/","name":"Jornal Fatos e Not\u00edcias","description":"Not\u00edcias em geral","publisher":{"@id":"https:\/\/jornalfatosenoticias.com.br\/#organization"},"potentialAction":[{"@type":"SearchAction","target":{"@type":"EntryPoint","urlTemplate":"https:\/\/jornalfatosenoticias.com.br\/?s={search_term_string}"},"query-input":{"@type":"PropertyValueSpecification","valueRequired":true,"valueName":"search_term_string"}}],"inLanguage":"pt-BR"},{"@type":"Organization","@id":"https:\/\/jornalfatosenoticias.com.br\/#organization","name":"Jornal Fatos e Not\u00edcias","url":"https:\/\/jornalfatosenoticias.com.br\/","logo":{"@type":"ImageObject","inLanguage":"pt-BR","@id":"https:\/\/jornalfatosenoticias.com.br\/#\/schema\/logo\/image\/","url":"https:\/\/jornalfatosenoticias.com.br\/wp-content\/uploads\/2020\/02\/logo120.png","contentUrl":"https:\/\/jornalfatosenoticias.com.br\/wp-content\/uploads\/2020\/02\/logo120.png","width":1227,"height":120,"caption":"Jornal Fatos e Not\u00edcias"},"image":{"@id":"https:\/\/jornalfatosenoticias.com.br\/#\/schema\/logo\/image\/"}},{"@type":"Person","@id":"https:\/\/jornalfatosenoticias.com.br\/#\/schema\/person\/d63837fa13ac8666eb9e74e0985d6f81","name":"Luzimara Fernandes","image":{"@type":"ImageObject","inLanguage":"pt-BR","@id":"https:\/\/jornalfatosenoticias.com.br\/#\/schema\/person\/image\/","url":"https:\/\/jornalfatosenoticias.com.br\/wp-content\/uploads\/2025\/05\/EU_portal.jpg","contentUrl":"https:\/\/jornalfatosenoticias.com.br\/wp-content\/uploads\/2025\/05\/EU_portal.jpg","caption":"Luzimara Fernandes"},"description":"Jornalista MTB 2358-ES","sameAs":["https:\/\/jornalfatosenoticias.com.br"],"url":"https:\/\/jornalfatosenoticias.com.br\/index.php\/author\/luzimara\/"}]}},"cc_featured_image_caption":{"caption_text":"(Foto: S\u00f6ren Funk\/Unsplash)","source_text":"","source_url":""},"jetpack_featured_media_url":"https:\/\/jornalfatosenoticias.com.br\/wp-content\/uploads\/2022\/02\/microplasticos-agua-1.jpg","_links":{"self":[{"href":"https:\/\/jornalfatosenoticias.com.br\/index.php\/wp-json\/wp\/v2\/posts\/27834","targetHints":{"allow":["GET"]}}],"collection":[{"href":"https:\/\/jornalfatosenoticias.com.br\/index.php\/wp-json\/wp\/v2\/posts"}],"about":[{"href":"https:\/\/jornalfatosenoticias.com.br\/index.php\/wp-json\/wp\/v2\/types\/post"}],"author":[{"embeddable":true,"href":"https:\/\/jornalfatosenoticias.com.br\/index.php\/wp-json\/wp\/v2\/users\/2"}],"replies":[{"embeddable":true,"href":"https:\/\/jornalfatosenoticias.com.br\/index.php\/wp-json\/wp\/v2\/comments?post=27834"}],"version-history":[{"count":0,"href":"https:\/\/jornalfatosenoticias.com.br\/index.php\/wp-json\/wp\/v2\/posts\/27834\/revisions"}],"wp:featuredmedia":[{"embeddable":true,"href":"https:\/\/jornalfatosenoticias.com.br\/index.php\/wp-json\/wp\/v2\/media\/27837"}],"wp:attachment":[{"href":"https:\/\/jornalfatosenoticias.com.br\/index.php\/wp-json\/wp\/v2\/media?parent=27834"}],"wp:term":[{"taxonomy":"category","embeddable":true,"href":"https:\/\/jornalfatosenoticias.com.br\/index.php\/wp-json\/wp\/v2\/categories?post=27834"},{"taxonomy":"post_tag","embeddable":true,"href":"https:\/\/jornalfatosenoticias.com.br\/index.php\/wp-json\/wp\/v2\/tags?post=27834"}],"curies":[{"name":"wp","href":"https:\/\/api.w.org\/{rel}","templated":true}]}}