{"id":27846,"date":"2022-02-14T12:29:19","date_gmt":"2022-02-14T15:29:19","guid":{"rendered":"https:\/\/jornalfatosenoticias.com.br\/?p=27846"},"modified":"2022-02-14T12:31:42","modified_gmt":"2022-02-14T15:31:42","slug":"100-anos-da-semana-de-arte-moderna-da-mesa-de-bar-a-antropofagia","status":"publish","type":"post","link":"https:\/\/jornalfatosenoticias.com.br\/index.php\/2022\/02\/14\/100-anos-da-semana-de-arte-moderna-da-mesa-de-bar-a-antropofagia\/","title":{"rendered":"100 anos da Semana de Arte Moderna: da mesa de bar \u00e0 antropofagia"},"content":{"rendered":"\n<p><em><span class=\"has-inline-color has-black-color\">H\u00e1 100 anos, escritores famintos da Semana de 22 exaltaram a comida em suas obras e inspiraram gera\u00e7\u00f5es<\/span><\/em><\/p>\n\n\n\n<p>Os escritores Oswald e M\u00e1rio de Andrade se conheceram em 1917. Juntos, planejaram a Semana de Arte Moderna, que estreou h\u00e1 exatos 100 anos, em 13 de fevereiro de 1922, no Teatro Municipal. Irreverentes e contestadores, apresentaram a uma desconfiada elite paulistana um novo olhar sobre a literatura, m\u00fasica, escultura, artes pl\u00e1sticas e arquitetura.<br>A ousadia desses jovens artistas passou tamb\u00e9m pela mesa, como atesta o historiador Rud\u00e1 K. de Andrade, que acaba de publicar um saboroso livro sobre a intersec\u00e7\u00e3o entre literatura e gastronomia na vida e obra do seu av\u00f4, Oswald: &#8216;A Arte de Devorar o Mundo&#8217;, que emprestou a esta reportagem algumas de suas belas ilustra\u00e7\u00f5es. A obra traz, passo a passo, as receitas de vatap\u00e1, feijoada e quindim, as comidas preferidas do escritor modernista \u2014 que ali\u00e1s, batizou um dos mais tradicionais bares da capital paulista.<br>J\u00e1 M\u00e1rio de Andrade era um colecionador de card\u00e1pios. E a artista pl\u00e1stica Tarsila do Amaral, que assina a tela Abaporu, teria se inspirado num banquete com r\u00e3s como prato principal para chegar \u00e0s bases do movimento antrop\u00f3fago \u2014 que propunha desconstruir toda a heran\u00e7a cultural estrangeira, em nome de um contato mais \u00edntimo com as ra\u00edzes do Brasil.<br>Para al\u00e9m de telas, partituras e livros, revelam-se tamb\u00e9m nos pratos e cozinhas o testemunho de uma das principais revolu\u00e7\u00f5es culturais de nosso Pa\u00eds.<\/p>\n\n\n\n<p><strong><span class=\"has-inline-color has-vivid-red-color\">O ponto chic de Oswald de Andrade<br><\/span><\/strong>O Brasil se recuperava de uma grande pandemia causada pela Gripe Espanhola, e por isso as ruas ferviam como nunca. &#8220;Os amantes da vida noturna voltaram a frequentar teatros, restaurantes, bares e locais que atra\u00edam a boemia paulistana, formadas principalmente por estudantes, artistas e intelectuais&#8221;, explica Iacocca.<br>Em 1922, M\u00e1rio de Andrade lan\u00e7ou o conjunto de poemas &#8220;Paulic\u00e9ia Desvairada&#8221; e abriu a Semana de Arte Moderna. Assim ele descreveu a S\u00e3o Paulo daquele tempo: &#8220;as ruas se desenrolando, rumor surdo e rouco, estr\u00e9pitos, estalidos\u2026&#8221;.<br>Durante o burburinho gerado pela semana modernista, uma lanchonete abria suas portas no Largo do Paissandu. O lugar n\u00e3o tinha nome, mas ficou famoso por ostentar uma decora\u00e7\u00e3o luxuosa, com lustres franceses e balc\u00e3o de m\u00e1rmore de Carrara.<\/p>\n\n\n\n<figure class=\"wp-block-image size-large\"><img loading=\"lazy\" decoding=\"async\" width=\"1000\" height=\"523\" src=\"https:\/\/jornalfatosenoticias.com.br\/wp-content\/uploads\/2022\/02\/ponto-chic.jpg\" alt=\"\" class=\"wp-image-27847\" srcset=\"https:\/\/jornalfatosenoticias.com.br\/wp-content\/uploads\/2022\/02\/ponto-chic.jpg 1000w, https:\/\/jornalfatosenoticias.com.br\/wp-content\/uploads\/2022\/02\/ponto-chic-300x157.jpg 300w, https:\/\/jornalfatosenoticias.com.br\/wp-content\/uploads\/2022\/02\/ponto-chic-768x402.jpg 768w\" sizes=\"auto, (max-width: 1000px) 100vw, 1000px\" \/><figcaption><em><span class=\"has-inline-color has-black-color\">Oswald de Andrdade deu o nome \u00e0 lanchonete Ponto Chic, at\u00e9 hoje aberta em S\u00e3o Paulo (Foto: Divulga\u00e7\u00e3o)<\/span><\/em><\/figcaption><\/figure>\n\n\n\n<p>Tamb\u00e9m apaixonado pela pauliceia, foi Oswald de Andrade o respons\u00e1vel pelo batismo do estabelecimento. &#8220;De tanto ouvir &#8216;vamos naquele lugar chique&#8217;, o escritor sugeriu ao propriet\u00e1rio que adotasse o nome Ponto Chic&#8221;, conta o jornalista Angelo Iacocca, escritor do livro &#8220;Ponto Chic: um bar na hist\u00f3ria de S\u00e3o Paulo&#8221;.<\/p>\n\n\n\n<div class=\"wp-block-image\"><figure class=\"alignright size-large is-resized\"><img loading=\"lazy\" decoding=\"async\" src=\"https:\/\/jornalfatosenoticias.com.br\/wp-content\/uploads\/2022\/02\/edificio-na-rua-libero-badaro-onde-funcionava-a-garconniere-de-oswald-de-andrade-e-reuniu-escritores-e-artistas-que-fundariam-o-modernismo.jpg\" alt=\"\" class=\"wp-image-27848\" width=\"414\" height=\"414\" srcset=\"https:\/\/jornalfatosenoticias.com.br\/wp-content\/uploads\/2022\/02\/edificio-na-rua-libero-badaro-onde-funcionava-a-garconniere-de-oswald-de-andrade-e-reuniu-escritores-e-artistas-que-fundariam-o-modernismo.jpg 600w, https:\/\/jornalfatosenoticias.com.br\/wp-content\/uploads\/2022\/02\/edificio-na-rua-libero-badaro-onde-funcionava-a-garconniere-de-oswald-de-andrade-e-reuniu-escritores-e-artistas-que-fundariam-o-modernismo-300x300.jpg 300w, https:\/\/jornalfatosenoticias.com.br\/wp-content\/uploads\/2022\/02\/edificio-na-rua-libero-badaro-onde-funcionava-a-garconniere-de-oswald-de-andrade-e-reuniu-escritores-e-artistas-que-fundariam-o-modernismo-150x150.jpg 150w\" sizes=\"auto, (max-width: 414px) 100vw, 414px\" \/><figcaption><em><span class=\"has-inline-color has-black-color\">Edif\u00edcio da garconni\u00e8re onde Oswald de Andrade reuniu escritores e artistas que fundariam o modernismo (Foto: Marlene Bergamo\/Folhapress)<\/span><\/em><\/figcaption><\/figure><\/div>\n\n\n\n<p>Oswald de Andrade tinha uma gar\u00e7onni\u00e8re na Pra\u00e7a da Rep\u00fablica, onde ele recebia artistas que vinham para tomar cacha\u00e7a e petiscar pedacinhos de rapadura (pois o local n\u00e3o tinha cozinha). Entre viradas de copos e tabletes de a\u00e7\u00facar na l\u00edngua, grandes nomes como Menotti del Picchia, Monteiro Lobato, Guilherme de Almeida e, claro, M\u00e1rio de Andrade, ajudaram a criar a express\u00e3o art\u00edstica que rompia com o tradicionalismo da \u00e9poca.<\/p>\n\n\n\n<blockquote class=\"wp-block-quote is-layout-flow wp-block-quote-is-layout-flow\"><p><span class=\"has-inline-color has-luminous-vivid-orange-color\">&#8220;A culin\u00e1ria era um campo de a\u00e7\u00e3o e de express\u00e3o para as ideias modernistas&#8221;, Rud\u00e1 K. de Andrade, neto de Oswald de Andrade e da escritora Pagu.<\/span><\/p><\/blockquote>\n\n\n\n<figure class=\"wp-block-image size-large is-resized\"><img loading=\"lazy\" decoding=\"async\" src=\"https:\/\/jornalfatosenoticias.com.br\/wp-content\/uploads\/2022\/02\/raabaporu-a-arte-de-devorar-o-mundo.jpg\" alt=\"\" class=\"wp-image-27849\" width=\"706\" height=\"396\" srcset=\"https:\/\/jornalfatosenoticias.com.br\/wp-content\/uploads\/2022\/02\/raabaporu-a-arte-de-devorar-o-mundo.jpg 1000w, https:\/\/jornalfatosenoticias.com.br\/wp-content\/uploads\/2022\/02\/raabaporu-a-arte-de-devorar-o-mundo-300x169.jpg 300w, https:\/\/jornalfatosenoticias.com.br\/wp-content\/uploads\/2022\/02\/raabaporu-a-arte-de-devorar-o-mundo-768x432.jpg 768w\" sizes=\"auto, (max-width: 706px) 100vw, 706px\" \/><figcaption><em><span class=\"has-inline-color has-black-color\">A &#8220;R\u00e3 Abaporu&#8221;, do livro &#8220;A Arte de Devorar o Mundo&#8221; (Foto: Divulga\u00e7\u00e3o\/Arte de Devorar o Mundo)<\/span><\/em><\/figcaption><\/figure>\n\n\n\n<p><strong><span class=\"has-inline-color has-vivid-red-color\">A feijoada macabra de Macuna\u00edma<br><\/span><\/strong>Os alimentos descritos por Oswald de Andrade ilustram a S\u00e3o Paulo de seu tempo, falam sobre a mesa das mazelas e os banquetes dos aristocratas. Isso tamb\u00e9m \u00e9 observado na obra de M\u00e1rio de Andrade. &#8220;Macuna\u00edma&#8221;, por exemplo, tem mais de 100 cita\u00e7\u00f5es relacionadas \u00e0 culin\u00e1ria.<br>Talvez a mais importante seja a macarronada. \u00c9 quando o vil\u00e3o comedor de gente Venceslau Pietro Pietra cai no caldeir\u00e3o, experimenta a massa que o pr\u00f3prio corpo temperou, lamenta que falta queijo e morre. Tal cena foi eternizada no cinema, em 1969, com a macarronada dando lugar a uma feijoada macabra, cheia de peda\u00e7os humanos numa clara homenagem ao movimento antropof\u00e1gico modernista.<\/p>\n\n\n\n<figure class=\"wp-block-image size-large\"><img loading=\"lazy\" decoding=\"async\" width=\"1000\" height=\"523\" src=\"https:\/\/jornalfatosenoticias.com.br\/wp-content\/uploads\/2022\/02\/cena-do-espetaculo-macunaima-uma-rapsodia-musical-de-bia-lessa.jpg\" alt=\"\" class=\"wp-image-27850\" srcset=\"https:\/\/jornalfatosenoticias.com.br\/wp-content\/uploads\/2022\/02\/cena-do-espetaculo-macunaima-uma-rapsodia-musical-de-bia-lessa.jpg 1000w, https:\/\/jornalfatosenoticias.com.br\/wp-content\/uploads\/2022\/02\/cena-do-espetaculo-macunaima-uma-rapsodia-musical-de-bia-lessa-300x157.jpg 300w, https:\/\/jornalfatosenoticias.com.br\/wp-content\/uploads\/2022\/02\/cena-do-espetaculo-macunaima-uma-rapsodia-musical-de-bia-lessa-768x402.jpg 768w\" sizes=\"auto, (max-width: 1000px) 100vw, 1000px\" \/><figcaption><em><span class=\"has-inline-color has-black-color\">Cena do espet\u00e1culo &#8220;Macuna\u00edma \u2014 Uma Raps\u00f3dia Musical&#8221;, de Bia Lessa (Foto: Elisa Mendes\/Divulga\u00e7\u00e3o)<\/span><\/em><\/figcaption><\/figure>\n\n\n\n<p>O movimento antropof\u00e1gico, corrente que marcou a primeira gera\u00e7\u00e3o modernista, nasceu durante um jantar, em 1927. A trupe de artistas se deliciava com uma apetitosa por\u00e7\u00e3o de r\u00e3s. Ao se deparar com a iguaria no prato, que preparada e servida lembrava um pequeno corpo humano, Tarsila do Amaral, ent\u00e3o esposa de Oswald de Andrade, ponderou que naquele momento eles estavam sendo quase antrop\u00f3fagos.<\/p>\n\n\n\n<blockquote class=\"wp-block-quote is-layout-flow wp-block-quote-is-layout-flow\"><p><span class=\"has-inline-color has-luminous-vivid-orange-color\">&#8220;E, assim, cozinhou-se a met\u00e1fora antropof\u00e1gica que, posteriormente, alimentou in\u00fameras reflex\u00f5es culturais e obras da produ\u00e7\u00e3o art\u00edstica brasileira&#8221;, Rud\u00e1 K. de Andrade.<\/span><\/p><\/blockquote>\n\n\n\n<p>A inspira\u00e7\u00e3o veio do ritual tupinamb\u00e1, pelo qual o comensal acreditava que devorar o inimigo gerava a absor\u00e7\u00e3o de suas qualidades. Ou seja, a proposta do movimento falava sobre uma fome simb\u00f3lica, que engoliria outras culturas, transfigurando o que vinha de fora, absorvendo elementos t\u00edpicos brasileiros, para refor\u00e7ar uma cultura com car\u00e1ter nacional.<br>Depois do jantar com r\u00e3s, inspirada por este ideal, Tarsila pintou o quadro que \u00e9 o s\u00edmbolo maior do movimento. &#8220;Abaporu&#8221; significa &#8220;o homem que come&#8221; e foi dado de presente para Oswald de Andrade.<\/p>\n\n\n\n<figure class=\"wp-block-image size-large\"><img loading=\"lazy\" decoding=\"async\" width=\"1000\" height=\"562\" src=\"https:\/\/jornalfatosenoticias.com.br\/wp-content\/uploads\/2022\/02\/cardapios-presentes-no-fundo-mario-de-andrade-arquivo-iebusp.jpg\" alt=\"\" class=\"wp-image-27851\" srcset=\"https:\/\/jornalfatosenoticias.com.br\/wp-content\/uploads\/2022\/02\/cardapios-presentes-no-fundo-mario-de-andrade-arquivo-iebusp.jpg 1000w, https:\/\/jornalfatosenoticias.com.br\/wp-content\/uploads\/2022\/02\/cardapios-presentes-no-fundo-mario-de-andrade-arquivo-iebusp-300x169.jpg 300w, https:\/\/jornalfatosenoticias.com.br\/wp-content\/uploads\/2022\/02\/cardapios-presentes-no-fundo-mario-de-andrade-arquivo-iebusp-768x432.jpg 768w\" sizes=\"auto, (max-width: 1000px) 100vw, 1000px\" \/><figcaption><em><span class=\"has-inline-color has-black-color\">Os card\u00e1pios que M\u00e1rio de Andrade colecionava, preservados hoje no fundo que leva seu nome (Foto: Arquivo IEB\/USP)<\/span><\/em><\/figcaption><\/figure>\n\n\n\n<p><strong><span class=\"has-inline-color has-vivid-red-color\">Card\u00e1pio de hist\u00f3rias<br><\/span><\/strong>Entre 1915 e 1940, M\u00e1rio de Andrade iniciou uma curiosa cole\u00e7\u00e3o de card\u00e1pios. S\u00e3o 22 menus e um marcador de lugar \u00e0 mesa que est\u00e3o preservados no Fundo M\u00e1rio de Andrade, parte do Instituto de Estudos Brasileiros da Universidade de S\u00e3o Paulo.<\/p>\n\n\n\n<blockquote class=\"wp-block-quote is-layout-flow wp-block-quote-is-layout-flow\"><p><span class=\"has-inline-color has-luminous-vivid-orange-color\">Esses documentos testemunham momentos de sua vida pessoal, profissional, cultural e pol\u00edtica. Ao decodificar estas refei\u00e7\u00f5es \u00e9 poss\u00edvel evidenciar a origem das normas e gostos alimentares da elite nacional daquele tempo&#8221;, diz Paula de Oliveira Feliciano, professora de gastronomia no Centro Universit\u00e1rio Senac e autora da tese de mestrado &#8220;<strong>Modernistas \u00e0 mesa: a cole\u00e7\u00e3o de card\u00e1pios de M\u00e1rio de Andrade&#8221;.<\/strong><\/span><\/p><\/blockquote>\n\n\n\n<p>Os card\u00e1pios s\u00e3o um reflexo da paix\u00e3o do escritor pelo estudo da cultura popular. E, mais importante, formam um registro hist\u00f3rico. &#8220;S\u00e3o testemunho da vida cultural, social e pol\u00edtica de uma \u00e9poca&#8221;, reflete Paula.<br>Oswald de Andrade n\u00e3o guardava card\u00e1pios, entretanto se deliciou com emblem\u00e1ticos banquetes ao longo da vida. Seu neto, o historiador Rud\u00e1 K. de Andrade s\u00f3 foi entender a import\u00e2ncia das r\u00e3s, prato que sempre figurou no card\u00e1pio de sua fam\u00edlia, quando mergulhou na pesquisa sobre as aventuras gastron\u00f4micas do av\u00f4.<\/p>\n\n\n\n<blockquote class=\"wp-block-quote is-layout-flow wp-block-quote-is-layout-flow\"><p><span class=\"has-inline-color has-luminous-vivid-orange-color\">&#8220;Al\u00e9m da contextualiza\u00e7\u00e3o social que o livro traz, articulando rela\u00e7\u00f5es hist\u00f3ricas, tamb\u00e9m quis resgatar a minha fam\u00edlia, para assim descobrir que os meus gostos e prefer\u00eancias vieram de Oswald, que passaram para o meu pai, e chegaram at\u00e9 mim&#8221;, explica.<\/span><\/p><\/blockquote>\n\n\n\n<p><strong><span class=\"has-inline-color has-vivid-red-color\">Os favoritos do meu av\u00f4<br><\/span><\/strong>Em &#8220;A arte de devorar o mundo&#8221;, o livro que acaba de publicar, descobrimos que vatap\u00e1, feijoada e quindim eram as comidas preferidas do escritor modernista. Rud\u00e1 traz receitas que fazem parte da sua mem\u00f3ria afetiva.<br>Est\u00e3o l\u00e1 o passo a passo para preparar iguarias como a R\u00e3 Abaporu, o Avant Vatap\u00e1 e o P\u00e3o Oswald.<\/p>\n\n\n\n<figure class=\"wp-block-image size-large\"><img loading=\"lazy\" decoding=\"async\" width=\"1000\" height=\"523\" src=\"https:\/\/jornalfatosenoticias.com.br\/wp-content\/uploads\/2022\/02\/o-historiador-ruda-k-de-andrade-neto-de-oswald-de-andrade-com-caricatura-de-seu-avo.jpg\" alt=\"\" class=\"wp-image-27852\" srcset=\"https:\/\/jornalfatosenoticias.com.br\/wp-content\/uploads\/2022\/02\/o-historiador-ruda-k-de-andrade-neto-de-oswald-de-andrade-com-caricatura-de-seu-avo.jpg 1000w, https:\/\/jornalfatosenoticias.com.br\/wp-content\/uploads\/2022\/02\/o-historiador-ruda-k-de-andrade-neto-de-oswald-de-andrade-com-caricatura-de-seu-avo-300x157.jpg 300w, https:\/\/jornalfatosenoticias.com.br\/wp-content\/uploads\/2022\/02\/o-historiador-ruda-k-de-andrade-neto-de-oswald-de-andrade-com-caricatura-de-seu-avo-768x402.jpg 768w\" sizes=\"auto, (max-width: 1000px) 100vw, 1000px\" \/><figcaption><em><span class=\"has-inline-color has-black-color\">O historiador Rud\u00e1 K. de Andrade, neto de Oswald de Andrade, com caricatura do seu av\u00f4 (Foto: Divulga\u00e7\u00e3o)<\/span><\/em><\/figcaption><\/figure>\n\n\n\n<blockquote class=\"wp-block-quote is-layout-flow wp-block-quote-is-layout-flow\"><p><span class=\"has-inline-color has-luminous-vivid-orange-color\">&#8220;Eu n\u00e3o herdei um caderninho de receitas do meu av\u00f4, s\u00f3 levei para o livro comidas que fizeram parte da hist\u00f3ria dele, mas preparadas do meu jeito&#8221;.<\/span><\/p><\/blockquote>\n\n\n\n<p>Cem anos depois, com certeza Oswald e M\u00e1rio de Andrade se sentiriam orgulhosos de serem lidos, debatidos, mastigados e degustados. Afinal, h\u00e1 melhor forma de preservar a nossa hist\u00f3ria do que comendo? &#8220;A culin\u00e1ria oferece uma rela\u00e7\u00e3o com nossos antepassados. E isso \u00e9 muito bonito&#8221;, finaliza o neto de Oswald.<\/p>\n\n\n\n<p><em><strong><span class=\"has-inline-color has-black-color\">Foto de capa:<\/span><\/strong><\/em> <em><span class=\"has-inline-color has-vivid-red-color\">Detalhe do painel &#8220;Momento Antropof\u00e1gico com Oswald de Andrade&#8221;, na Esta\u00e7\u00e3o Republica do metr\u00f4, em S\u00e3o Paulo (Alberto Rocha\/Folhapress)<\/span><\/em><\/p>\n\n\n\n<p><strong><em>Fonte: <a href=\"https:\/\/www.uol.com.br\/nossa\/reportagens-especiais\/da-mesa-de-bar-a-antropofagia-a-pauliceia-esfomeada-da-semana-de-22\/#page12\">UOL<\/a><\/em><\/strong><\/p>\n","protected":false},"excerpt":{"rendered":"<p>H\u00e1 100 anos, escritores famintos da Semana de 22 exaltaram a comida em suas obras e inspiraram gera\u00e7\u00f5es Os escritores Oswald e M\u00e1rio de Andrade se conheceram em 1917. Juntos, planejaram a Semana de Arte Moderna, que estreou h\u00e1 exatos 100 anos, em 13 de fevereiro de 1922, no Teatro Municipal. Irreverentes e contestadores, apresentaram [&hellip;]<\/p>\n","protected":false},"author":2,"featured_media":27853,"comment_status":"open","ping_status":"open","sticky":false,"template":"","format":"standard","meta":{"footnotes":""},"categories":[4],"tags":[13291,11243,2716,13292,13293,6727,6728],"class_list":["post-27846","post","type-post","status-publish","format-standard","has-post-thumbnail","hentry","category-cultura","tag-100-anos-da-semana-de-arte-moderna","tag-centenario","tag-comida","tag-mario-de-andrade","tag-oswald-de-andrade","tag-semana-de-arte-moderna","tag-tarsila-do-amaral"],"yoast_head":"<!-- This site is optimized with the Yoast SEO plugin v26.5 - https:\/\/yoast.com\/wordpress\/plugins\/seo\/ -->\n<title>100 anos da Semana de Arte Moderna: da mesa de bar \u00e0 antropofagia - Jornal Fatos e Not\u00edcias<\/title>\n<meta name=\"robots\" content=\"index, follow, max-snippet:-1, max-image-preview:large, max-video-preview:-1\" \/>\n<link rel=\"canonical\" href=\"https:\/\/jornalfatosenoticias.com.br\/index.php\/2022\/02\/14\/100-anos-da-semana-de-arte-moderna-da-mesa-de-bar-a-antropofagia\/\" \/>\n<meta property=\"og:locale\" content=\"pt_BR\" \/>\n<meta property=\"og:type\" content=\"article\" \/>\n<meta property=\"og:title\" content=\"100 anos da Semana de Arte Moderna: da mesa de bar \u00e0 antropofagia - Jornal Fatos e Not\u00edcias\" \/>\n<meta property=\"og:description\" content=\"H\u00e1 100 anos, escritores famintos da Semana de 22 exaltaram a comida em suas obras e inspiraram gera\u00e7\u00f5es Os escritores Oswald e M\u00e1rio de Andrade se conheceram em 1917. Juntos, planejaram a Semana de Arte Moderna, que estreou h\u00e1 exatos 100 anos, em 13 de fevereiro de 1922, no Teatro Municipal. Irreverentes e contestadores, apresentaram [&hellip;]\" \/>\n<meta property=\"og:url\" content=\"https:\/\/jornalfatosenoticias.com.br\/index.php\/2022\/02\/14\/100-anos-da-semana-de-arte-moderna-da-mesa-de-bar-a-antropofagia\/\" \/>\n<meta property=\"og:site_name\" content=\"Jornal Fatos e Not\u00edcias\" \/>\n<meta property=\"article:published_time\" content=\"2022-02-14T15:29:19+00:00\" \/>\n<meta property=\"article:modified_time\" content=\"2022-02-14T15:31:42+00:00\" \/>\n<meta property=\"og:image\" content=\"https:\/\/jornalfatosenoticias.com.br\/wp-content\/uploads\/2022\/02\/detalhe-do-painel-momento-antropofagico-com-oswald-de-andrade-na-estacao-republica-do-metro-em-sao-paulo.jpg\" \/>\n\t<meta property=\"og:image:width\" content=\"1000\" \/>\n\t<meta property=\"og:image:height\" content=\"562\" \/>\n\t<meta property=\"og:image:type\" content=\"image\/jpeg\" \/>\n<meta name=\"author\" content=\"Luzimara Fernandes\" \/>\n<meta name=\"twitter:card\" content=\"summary_large_image\" \/>\n<meta name=\"twitter:label1\" content=\"Escrito por\" \/>\n\t<meta name=\"twitter:data1\" content=\"Luzimara Fernandes\" \/>\n\t<meta name=\"twitter:label2\" content=\"Est. tempo de leitura\" \/>\n\t<meta name=\"twitter:data2\" content=\"7 minutos\" \/>\n<script type=\"application\/ld+json\" class=\"yoast-schema-graph\">{\"@context\":\"https:\/\/schema.org\",\"@graph\":[{\"@type\":\"Article\",\"@id\":\"https:\/\/jornalfatosenoticias.com.br\/index.php\/2022\/02\/14\/100-anos-da-semana-de-arte-moderna-da-mesa-de-bar-a-antropofagia\/#article\",\"isPartOf\":{\"@id\":\"https:\/\/jornalfatosenoticias.com.br\/index.php\/2022\/02\/14\/100-anos-da-semana-de-arte-moderna-da-mesa-de-bar-a-antropofagia\/\"},\"author\":{\"name\":\"Luzimara Fernandes\",\"@id\":\"https:\/\/jornalfatosenoticias.com.br\/#\/schema\/person\/d63837fa13ac8666eb9e74e0985d6f81\"},\"headline\":\"100 anos da Semana de Arte Moderna: da mesa de bar \u00e0 antropofagia\",\"datePublished\":\"2022-02-14T15:29:19+00:00\",\"dateModified\":\"2022-02-14T15:31:42+00:00\",\"mainEntityOfPage\":{\"@id\":\"https:\/\/jornalfatosenoticias.com.br\/index.php\/2022\/02\/14\/100-anos-da-semana-de-arte-moderna-da-mesa-de-bar-a-antropofagia\/\"},\"wordCount\":1427,\"commentCount\":0,\"publisher\":{\"@id\":\"https:\/\/jornalfatosenoticias.com.br\/#organization\"},\"image\":{\"@id\":\"https:\/\/jornalfatosenoticias.com.br\/index.php\/2022\/02\/14\/100-anos-da-semana-de-arte-moderna-da-mesa-de-bar-a-antropofagia\/#primaryimage\"},\"thumbnailUrl\":\"https:\/\/jornalfatosenoticias.com.br\/wp-content\/uploads\/2022\/02\/detalhe-do-painel-momento-antropofagico-com-oswald-de-andrade-na-estacao-republica-do-metro-em-sao-paulo.jpg\",\"keywords\":[\"100 anos da Semana de Arte Moderna\",\"centen\u00e1rio\",\"comida\",\"M\u00e1rio de Andrade\",\"Oswald de Andrade\",\"Semana de Arte Moderna\",\"Tarsila do Amaral\"],\"articleSection\":[\"Cultura\"],\"inLanguage\":\"pt-BR\",\"potentialAction\":[{\"@type\":\"CommentAction\",\"name\":\"Comment\",\"target\":[\"https:\/\/jornalfatosenoticias.com.br\/index.php\/2022\/02\/14\/100-anos-da-semana-de-arte-moderna-da-mesa-de-bar-a-antropofagia\/#respond\"]}]},{\"@type\":\"WebPage\",\"@id\":\"https:\/\/jornalfatosenoticias.com.br\/index.php\/2022\/02\/14\/100-anos-da-semana-de-arte-moderna-da-mesa-de-bar-a-antropofagia\/\",\"url\":\"https:\/\/jornalfatosenoticias.com.br\/index.php\/2022\/02\/14\/100-anos-da-semana-de-arte-moderna-da-mesa-de-bar-a-antropofagia\/\",\"name\":\"100 anos da Semana de Arte Moderna: da mesa de bar \u00e0 antropofagia - Jornal Fatos e Not\u00edcias\",\"isPartOf\":{\"@id\":\"https:\/\/jornalfatosenoticias.com.br\/#website\"},\"primaryImageOfPage\":{\"@id\":\"https:\/\/jornalfatosenoticias.com.br\/index.php\/2022\/02\/14\/100-anos-da-semana-de-arte-moderna-da-mesa-de-bar-a-antropofagia\/#primaryimage\"},\"image\":{\"@id\":\"https:\/\/jornalfatosenoticias.com.br\/index.php\/2022\/02\/14\/100-anos-da-semana-de-arte-moderna-da-mesa-de-bar-a-antropofagia\/#primaryimage\"},\"thumbnailUrl\":\"https:\/\/jornalfatosenoticias.com.br\/wp-content\/uploads\/2022\/02\/detalhe-do-painel-momento-antropofagico-com-oswald-de-andrade-na-estacao-republica-do-metro-em-sao-paulo.jpg\",\"datePublished\":\"2022-02-14T15:29:19+00:00\",\"dateModified\":\"2022-02-14T15:31:42+00:00\",\"breadcrumb\":{\"@id\":\"https:\/\/jornalfatosenoticias.com.br\/index.php\/2022\/02\/14\/100-anos-da-semana-de-arte-moderna-da-mesa-de-bar-a-antropofagia\/#breadcrumb\"},\"inLanguage\":\"pt-BR\",\"potentialAction\":[{\"@type\":\"ReadAction\",\"target\":[\"https:\/\/jornalfatosenoticias.com.br\/index.php\/2022\/02\/14\/100-anos-da-semana-de-arte-moderna-da-mesa-de-bar-a-antropofagia\/\"]}]},{\"@type\":\"ImageObject\",\"inLanguage\":\"pt-BR\",\"@id\":\"https:\/\/jornalfatosenoticias.com.br\/index.php\/2022\/02\/14\/100-anos-da-semana-de-arte-moderna-da-mesa-de-bar-a-antropofagia\/#primaryimage\",\"url\":\"https:\/\/jornalfatosenoticias.com.br\/wp-content\/uploads\/2022\/02\/detalhe-do-painel-momento-antropofagico-com-oswald-de-andrade-na-estacao-republica-do-metro-em-sao-paulo.jpg\",\"contentUrl\":\"https:\/\/jornalfatosenoticias.com.br\/wp-content\/uploads\/2022\/02\/detalhe-do-painel-momento-antropofagico-com-oswald-de-andrade-na-estacao-republica-do-metro-em-sao-paulo.jpg\",\"width\":1000,\"height\":562},{\"@type\":\"BreadcrumbList\",\"@id\":\"https:\/\/jornalfatosenoticias.com.br\/index.php\/2022\/02\/14\/100-anos-da-semana-de-arte-moderna-da-mesa-de-bar-a-antropofagia\/#breadcrumb\",\"itemListElement\":[{\"@type\":\"ListItem\",\"position\":1,\"name\":\"In\u00edcio\",\"item\":\"https:\/\/jornalfatosenoticias.com.br\/\"},{\"@type\":\"ListItem\",\"position\":2,\"name\":\"100 anos da Semana de Arte Moderna: da mesa de bar \u00e0 antropofagia\"}]},{\"@type\":\"WebSite\",\"@id\":\"https:\/\/jornalfatosenoticias.com.br\/#website\",\"url\":\"https:\/\/jornalfatosenoticias.com.br\/\",\"name\":\"Jornal Fatos e Not\u00edcias\",\"description\":\"Not\u00edcias em geral\",\"publisher\":{\"@id\":\"https:\/\/jornalfatosenoticias.com.br\/#organization\"},\"potentialAction\":[{\"@type\":\"SearchAction\",\"target\":{\"@type\":\"EntryPoint\",\"urlTemplate\":\"https:\/\/jornalfatosenoticias.com.br\/?s={search_term_string}\"},\"query-input\":{\"@type\":\"PropertyValueSpecification\",\"valueRequired\":true,\"valueName\":\"search_term_string\"}}],\"inLanguage\":\"pt-BR\"},{\"@type\":\"Organization\",\"@id\":\"https:\/\/jornalfatosenoticias.com.br\/#organization\",\"name\":\"Jornal Fatos e Not\u00edcias\",\"url\":\"https:\/\/jornalfatosenoticias.com.br\/\",\"logo\":{\"@type\":\"ImageObject\",\"inLanguage\":\"pt-BR\",\"@id\":\"https:\/\/jornalfatosenoticias.com.br\/#\/schema\/logo\/image\/\",\"url\":\"https:\/\/jornalfatosenoticias.com.br\/wp-content\/uploads\/2020\/02\/logo120.png\",\"contentUrl\":\"https:\/\/jornalfatosenoticias.com.br\/wp-content\/uploads\/2020\/02\/logo120.png\",\"width\":1227,\"height\":120,\"caption\":\"Jornal Fatos e Not\u00edcias\"},\"image\":{\"@id\":\"https:\/\/jornalfatosenoticias.com.br\/#\/schema\/logo\/image\/\"}},{\"@type\":\"Person\",\"@id\":\"https:\/\/jornalfatosenoticias.com.br\/#\/schema\/person\/d63837fa13ac8666eb9e74e0985d6f81\",\"name\":\"Luzimara Fernandes\",\"image\":{\"@type\":\"ImageObject\",\"inLanguage\":\"pt-BR\",\"@id\":\"https:\/\/jornalfatosenoticias.com.br\/#\/schema\/person\/image\/\",\"url\":\"https:\/\/jornalfatosenoticias.com.br\/wp-content\/uploads\/2025\/05\/EU_portal.jpg\",\"contentUrl\":\"https:\/\/jornalfatosenoticias.com.br\/wp-content\/uploads\/2025\/05\/EU_portal.jpg\",\"caption\":\"Luzimara Fernandes\"},\"description\":\"Jornalista MTB 2358-ES\",\"sameAs\":[\"https:\/\/jornalfatosenoticias.com.br\"],\"url\":\"https:\/\/jornalfatosenoticias.com.br\/index.php\/author\/luzimara\/\"}]}<\/script>\n<!-- \/ Yoast SEO plugin. -->","yoast_head_json":{"title":"100 anos da Semana de Arte Moderna: da mesa de bar \u00e0 antropofagia - Jornal Fatos e Not\u00edcias","robots":{"index":"index","follow":"follow","max-snippet":"max-snippet:-1","max-image-preview":"max-image-preview:large","max-video-preview":"max-video-preview:-1"},"canonical":"https:\/\/jornalfatosenoticias.com.br\/index.php\/2022\/02\/14\/100-anos-da-semana-de-arte-moderna-da-mesa-de-bar-a-antropofagia\/","og_locale":"pt_BR","og_type":"article","og_title":"100 anos da Semana de Arte Moderna: da mesa de bar \u00e0 antropofagia - Jornal Fatos e Not\u00edcias","og_description":"H\u00e1 100 anos, escritores famintos da Semana de 22 exaltaram a comida em suas obras e inspiraram gera\u00e7\u00f5es Os escritores Oswald e M\u00e1rio de Andrade se conheceram em 1917. Juntos, planejaram a Semana de Arte Moderna, que estreou h\u00e1 exatos 100 anos, em 13 de fevereiro de 1922, no Teatro Municipal. Irreverentes e contestadores, apresentaram [&hellip;]","og_url":"https:\/\/jornalfatosenoticias.com.br\/index.php\/2022\/02\/14\/100-anos-da-semana-de-arte-moderna-da-mesa-de-bar-a-antropofagia\/","og_site_name":"Jornal Fatos e Not\u00edcias","article_published_time":"2022-02-14T15:29:19+00:00","article_modified_time":"2022-02-14T15:31:42+00:00","og_image":[{"width":1000,"height":562,"url":"https:\/\/jornalfatosenoticias.com.br\/wp-content\/uploads\/2022\/02\/detalhe-do-painel-momento-antropofagico-com-oswald-de-andrade-na-estacao-republica-do-metro-em-sao-paulo.jpg","type":"image\/jpeg"}],"author":"Luzimara Fernandes","twitter_card":"summary_large_image","twitter_misc":{"Escrito por":"Luzimara Fernandes","Est. tempo de leitura":"7 minutos"},"schema":{"@context":"https:\/\/schema.org","@graph":[{"@type":"Article","@id":"https:\/\/jornalfatosenoticias.com.br\/index.php\/2022\/02\/14\/100-anos-da-semana-de-arte-moderna-da-mesa-de-bar-a-antropofagia\/#article","isPartOf":{"@id":"https:\/\/jornalfatosenoticias.com.br\/index.php\/2022\/02\/14\/100-anos-da-semana-de-arte-moderna-da-mesa-de-bar-a-antropofagia\/"},"author":{"name":"Luzimara Fernandes","@id":"https:\/\/jornalfatosenoticias.com.br\/#\/schema\/person\/d63837fa13ac8666eb9e74e0985d6f81"},"headline":"100 anos da Semana de Arte Moderna: da mesa de bar \u00e0 antropofagia","datePublished":"2022-02-14T15:29:19+00:00","dateModified":"2022-02-14T15:31:42+00:00","mainEntityOfPage":{"@id":"https:\/\/jornalfatosenoticias.com.br\/index.php\/2022\/02\/14\/100-anos-da-semana-de-arte-moderna-da-mesa-de-bar-a-antropofagia\/"},"wordCount":1427,"commentCount":0,"publisher":{"@id":"https:\/\/jornalfatosenoticias.com.br\/#organization"},"image":{"@id":"https:\/\/jornalfatosenoticias.com.br\/index.php\/2022\/02\/14\/100-anos-da-semana-de-arte-moderna-da-mesa-de-bar-a-antropofagia\/#primaryimage"},"thumbnailUrl":"https:\/\/jornalfatosenoticias.com.br\/wp-content\/uploads\/2022\/02\/detalhe-do-painel-momento-antropofagico-com-oswald-de-andrade-na-estacao-republica-do-metro-em-sao-paulo.jpg","keywords":["100 anos da Semana de Arte Moderna","centen\u00e1rio","comida","M\u00e1rio de Andrade","Oswald de Andrade","Semana de Arte Moderna","Tarsila do Amaral"],"articleSection":["Cultura"],"inLanguage":"pt-BR","potentialAction":[{"@type":"CommentAction","name":"Comment","target":["https:\/\/jornalfatosenoticias.com.br\/index.php\/2022\/02\/14\/100-anos-da-semana-de-arte-moderna-da-mesa-de-bar-a-antropofagia\/#respond"]}]},{"@type":"WebPage","@id":"https:\/\/jornalfatosenoticias.com.br\/index.php\/2022\/02\/14\/100-anos-da-semana-de-arte-moderna-da-mesa-de-bar-a-antropofagia\/","url":"https:\/\/jornalfatosenoticias.com.br\/index.php\/2022\/02\/14\/100-anos-da-semana-de-arte-moderna-da-mesa-de-bar-a-antropofagia\/","name":"100 anos da Semana de Arte Moderna: da mesa de bar \u00e0 antropofagia - Jornal Fatos e Not\u00edcias","isPartOf":{"@id":"https:\/\/jornalfatosenoticias.com.br\/#website"},"primaryImageOfPage":{"@id":"https:\/\/jornalfatosenoticias.com.br\/index.php\/2022\/02\/14\/100-anos-da-semana-de-arte-moderna-da-mesa-de-bar-a-antropofagia\/#primaryimage"},"image":{"@id":"https:\/\/jornalfatosenoticias.com.br\/index.php\/2022\/02\/14\/100-anos-da-semana-de-arte-moderna-da-mesa-de-bar-a-antropofagia\/#primaryimage"},"thumbnailUrl":"https:\/\/jornalfatosenoticias.com.br\/wp-content\/uploads\/2022\/02\/detalhe-do-painel-momento-antropofagico-com-oswald-de-andrade-na-estacao-republica-do-metro-em-sao-paulo.jpg","datePublished":"2022-02-14T15:29:19+00:00","dateModified":"2022-02-14T15:31:42+00:00","breadcrumb":{"@id":"https:\/\/jornalfatosenoticias.com.br\/index.php\/2022\/02\/14\/100-anos-da-semana-de-arte-moderna-da-mesa-de-bar-a-antropofagia\/#breadcrumb"},"inLanguage":"pt-BR","potentialAction":[{"@type":"ReadAction","target":["https:\/\/jornalfatosenoticias.com.br\/index.php\/2022\/02\/14\/100-anos-da-semana-de-arte-moderna-da-mesa-de-bar-a-antropofagia\/"]}]},{"@type":"ImageObject","inLanguage":"pt-BR","@id":"https:\/\/jornalfatosenoticias.com.br\/index.php\/2022\/02\/14\/100-anos-da-semana-de-arte-moderna-da-mesa-de-bar-a-antropofagia\/#primaryimage","url":"https:\/\/jornalfatosenoticias.com.br\/wp-content\/uploads\/2022\/02\/detalhe-do-painel-momento-antropofagico-com-oswald-de-andrade-na-estacao-republica-do-metro-em-sao-paulo.jpg","contentUrl":"https:\/\/jornalfatosenoticias.com.br\/wp-content\/uploads\/2022\/02\/detalhe-do-painel-momento-antropofagico-com-oswald-de-andrade-na-estacao-republica-do-metro-em-sao-paulo.jpg","width":1000,"height":562},{"@type":"BreadcrumbList","@id":"https:\/\/jornalfatosenoticias.com.br\/index.php\/2022\/02\/14\/100-anos-da-semana-de-arte-moderna-da-mesa-de-bar-a-antropofagia\/#breadcrumb","itemListElement":[{"@type":"ListItem","position":1,"name":"In\u00edcio","item":"https:\/\/jornalfatosenoticias.com.br\/"},{"@type":"ListItem","position":2,"name":"100 anos da Semana de Arte Moderna: da mesa de bar \u00e0 antropofagia"}]},{"@type":"WebSite","@id":"https:\/\/jornalfatosenoticias.com.br\/#website","url":"https:\/\/jornalfatosenoticias.com.br\/","name":"Jornal Fatos e Not\u00edcias","description":"Not\u00edcias em geral","publisher":{"@id":"https:\/\/jornalfatosenoticias.com.br\/#organization"},"potentialAction":[{"@type":"SearchAction","target":{"@type":"EntryPoint","urlTemplate":"https:\/\/jornalfatosenoticias.com.br\/?s={search_term_string}"},"query-input":{"@type":"PropertyValueSpecification","valueRequired":true,"valueName":"search_term_string"}}],"inLanguage":"pt-BR"},{"@type":"Organization","@id":"https:\/\/jornalfatosenoticias.com.br\/#organization","name":"Jornal Fatos e Not\u00edcias","url":"https:\/\/jornalfatosenoticias.com.br\/","logo":{"@type":"ImageObject","inLanguage":"pt-BR","@id":"https:\/\/jornalfatosenoticias.com.br\/#\/schema\/logo\/image\/","url":"https:\/\/jornalfatosenoticias.com.br\/wp-content\/uploads\/2020\/02\/logo120.png","contentUrl":"https:\/\/jornalfatosenoticias.com.br\/wp-content\/uploads\/2020\/02\/logo120.png","width":1227,"height":120,"caption":"Jornal Fatos e Not\u00edcias"},"image":{"@id":"https:\/\/jornalfatosenoticias.com.br\/#\/schema\/logo\/image\/"}},{"@type":"Person","@id":"https:\/\/jornalfatosenoticias.com.br\/#\/schema\/person\/d63837fa13ac8666eb9e74e0985d6f81","name":"Luzimara Fernandes","image":{"@type":"ImageObject","inLanguage":"pt-BR","@id":"https:\/\/jornalfatosenoticias.com.br\/#\/schema\/person\/image\/","url":"https:\/\/jornalfatosenoticias.com.br\/wp-content\/uploads\/2025\/05\/EU_portal.jpg","contentUrl":"https:\/\/jornalfatosenoticias.com.br\/wp-content\/uploads\/2025\/05\/EU_portal.jpg","caption":"Luzimara Fernandes"},"description":"Jornalista MTB 2358-ES","sameAs":["https:\/\/jornalfatosenoticias.com.br"],"url":"https:\/\/jornalfatosenoticias.com.br\/index.php\/author\/luzimara\/"}]}},"cc_featured_image_caption":{"caption_text":"","source_text":"","source_url":""},"jetpack_featured_media_url":"https:\/\/jornalfatosenoticias.com.br\/wp-content\/uploads\/2022\/02\/detalhe-do-painel-momento-antropofagico-com-oswald-de-andrade-na-estacao-republica-do-metro-em-sao-paulo.jpg","_links":{"self":[{"href":"https:\/\/jornalfatosenoticias.com.br\/index.php\/wp-json\/wp\/v2\/posts\/27846","targetHints":{"allow":["GET"]}}],"collection":[{"href":"https:\/\/jornalfatosenoticias.com.br\/index.php\/wp-json\/wp\/v2\/posts"}],"about":[{"href":"https:\/\/jornalfatosenoticias.com.br\/index.php\/wp-json\/wp\/v2\/types\/post"}],"author":[{"embeddable":true,"href":"https:\/\/jornalfatosenoticias.com.br\/index.php\/wp-json\/wp\/v2\/users\/2"}],"replies":[{"embeddable":true,"href":"https:\/\/jornalfatosenoticias.com.br\/index.php\/wp-json\/wp\/v2\/comments?post=27846"}],"version-history":[{"count":0,"href":"https:\/\/jornalfatosenoticias.com.br\/index.php\/wp-json\/wp\/v2\/posts\/27846\/revisions"}],"wp:featuredmedia":[{"embeddable":true,"href":"https:\/\/jornalfatosenoticias.com.br\/index.php\/wp-json\/wp\/v2\/media\/27853"}],"wp:attachment":[{"href":"https:\/\/jornalfatosenoticias.com.br\/index.php\/wp-json\/wp\/v2\/media?parent=27846"}],"wp:term":[{"taxonomy":"category","embeddable":true,"href":"https:\/\/jornalfatosenoticias.com.br\/index.php\/wp-json\/wp\/v2\/categories?post=27846"},{"taxonomy":"post_tag","embeddable":true,"href":"https:\/\/jornalfatosenoticias.com.br\/index.php\/wp-json\/wp\/v2\/tags?post=27846"}],"curies":[{"name":"wp","href":"https:\/\/api.w.org\/{rel}","templated":true}]}}