{"id":27866,"date":"2022-02-14T13:08:17","date_gmt":"2022-02-14T16:08:17","guid":{"rendered":"https:\/\/jornalfatosenoticias.com.br\/?p=27866"},"modified":"2022-02-14T13:08:55","modified_gmt":"2022-02-14T16:08:55","slug":"chuvas-deixam-45-desalojados-e-desabrigados-do-espirito-santo","status":"publish","type":"post","link":"https:\/\/jornalfatosenoticias.com.br\/index.php\/2022\/02\/14\/chuvas-deixam-45-desalojados-e-desabrigados-do-espirito-santo\/","title":{"rendered":"Chuvas deixam 45 desalojados e desabrigados do Esp\u00edrito Santo"},"content":{"rendered":"\n<p><span class=\"has-inline-color has-black-color\"><em>Oito cidades do interior do Estado t\u00eam alerta de deslizamentos<\/em><\/span><\/p>\n\n\n\n<p>As chuvas que atingiram o Esp\u00edrito Santo neste fim de semana deixaram 45 pessoas fora de casa no interior do Estado. O Rio Doce ultrapassou a cota de inunda\u00e7\u00e3o. A Defesa Civil estadual emitiu alerta de enchentes para quatro munic\u00edpios e aviso de risco moderado de deslizamentos para mais oito cidades.<br>Do total de 45 pessoas sem moradia, 28 est\u00e3o desabrigadas (sem possibilidade de voltar para casa) e 17 est\u00e3o desalojadas (temporariamente fora do lar). Todos os desabrigados moram em Linhares, no norte do Estado, e est\u00e3o abrigados no gin\u00e1sio de esportes do bairro Concei\u00e7\u00e3o.<br>Quanto aos desalojados, nove s\u00e3o de Colatina, cinco de Jo\u00e3o Neiva e tr\u00eas de Muniz Freire. A Defesa Civil do Esp\u00edrito Santo registrou um ferido no munic\u00edpio de Brejetuba.<br>At\u00e9 agora, h\u00e1 quatro munic\u00edpios com alerta alto para enchentes: Linhares, Colatina, Baixo Guandu e Bom Jesus do Norte. Os oito munic\u00edpios com risco moderado de deslizamento s\u00e3o Apiac\u00e1, Gua\u00e7u\u00ed, Ibatiba, Ibitirama, I\u00fana, Jo\u00e3o Neiva, Santa Maria de Jetib\u00e1 e S\u00e3o Mateus.<br>N\u00e3o h\u00e1 interdi\u00e7\u00f5es em rodovias federais, mas um deslizamento de terra interditou parcialmente a rodovia estadual ES-181, na sa\u00edda do munic\u00edpio de Muniz Freire, sentido Alegre.<\/p>\n\n\n\n<figure class=\"wp-block-image size-large\"><img loading=\"lazy\" decoding=\"async\" width=\"1024\" height=\"103\" src=\"https:\/\/jornalfatosenoticias.com.br\/wp-content\/uploads\/2022\/02\/Arte-Autoescola-Galatas_endereco_portal-1024x103.png\" alt=\"\" class=\"wp-image-27869\" srcset=\"https:\/\/jornalfatosenoticias.com.br\/wp-content\/uploads\/2022\/02\/Arte-Autoescola-Galatas_endereco_portal-1024x103.png 1024w, https:\/\/jornalfatosenoticias.com.br\/wp-content\/uploads\/2022\/02\/Arte-Autoescola-Galatas_endereco_portal-300x30.png 300w, https:\/\/jornalfatosenoticias.com.br\/wp-content\/uploads\/2022\/02\/Arte-Autoescola-Galatas_endereco_portal-768x77.png 768w, https:\/\/jornalfatosenoticias.com.br\/wp-content\/uploads\/2022\/02\/Arte-Autoescola-Galatas_endereco_portal.png 1223w\" sizes=\"auto, (max-width: 1024px) 100vw, 1024px\" \/><\/figure>\n\n\n\n<p><strong><em>Fonte: <a href=\"https:\/\/agenciabrasil.ebc.com.br\/geral\/noticia\/2022-02\/chuvas-deixam-45-desalojados-e-desabrigados-do-espirito-santo\">Ag\u00eancia Brasil<\/a><\/em><\/strong><\/p>\n","protected":false},"excerpt":{"rendered":"<p>Oito cidades do interior do Estado t\u00eam alerta de deslizamentos As chuvas que atingiram o Esp\u00edrito Santo neste fim de semana deixaram 45 pessoas fora de casa no interior do Estado. O Rio Doce ultrapassou a cota de inunda\u00e7\u00e3o. A Defesa Civil estadual emitiu alerta de enchentes para quatro munic\u00edpios e aviso de risco moderado [&hellip;]<\/p>\n","protected":false},"author":2,"featured_media":27867,"comment_status":"open","ping_status":"open","sticky":false,"template":"","format":"standard","meta":{"footnotes":""},"categories":[5],"tags":[223,3588,12487,12489,100,4455,749],"class_list":["post-27866","post","type-post","status-publish","format-standard","has-post-thumbnail","hentry","category-geral","tag-chuvas","tag-defesa-civil","tag-desabrigados","tag-desalojados","tag-espirito-santo","tag-inmet","tag-rio-doce"],"yoast_head":"<!-- This site is optimized with the Yoast SEO plugin v26.5 - https:\/\/yoast.com\/wordpress\/plugins\/seo\/ -->\n<title>Chuvas deixam 45 desalojados e desabrigados do Esp\u00edrito Santo - Jornal Fatos e Not\u00edcias<\/title>\n<meta name=\"robots\" content=\"index, follow, max-snippet:-1, max-image-preview:large, max-video-preview:-1\" \/>\n<link rel=\"canonical\" href=\"https:\/\/jornalfatosenoticias.com.br\/index.php\/2022\/02\/14\/chuvas-deixam-45-desalojados-e-desabrigados-do-espirito-santo\/\" \/>\n<meta property=\"og:locale\" content=\"pt_BR\" \/>\n<meta property=\"og:type\" content=\"article\" \/>\n<meta property=\"og:title\" content=\"Chuvas deixam 45 desalojados e desabrigados do Esp\u00edrito Santo - Jornal Fatos e Not\u00edcias\" \/>\n<meta property=\"og:description\" content=\"Oito cidades do interior do Estado t\u00eam alerta de deslizamentos As chuvas que atingiram o Esp\u00edrito Santo neste fim de semana deixaram 45 pessoas fora de casa no interior do Estado. O Rio Doce ultrapassou a cota de inunda\u00e7\u00e3o. A Defesa Civil estadual emitiu alerta de enchentes para quatro munic\u00edpios e aviso de risco moderado [&hellip;]\" \/>\n<meta property=\"og:url\" content=\"https:\/\/jornalfatosenoticias.com.br\/index.php\/2022\/02\/14\/chuvas-deixam-45-desalojados-e-desabrigados-do-espirito-santo\/\" \/>\n<meta property=\"og:site_name\" content=\"Jornal Fatos e Not\u00edcias\" \/>\n<meta property=\"article:published_time\" content=\"2022-02-14T16:08:17+00:00\" \/>\n<meta property=\"article:modified_time\" content=\"2022-02-14T16:08:55+00:00\" \/>\n<meta property=\"og:image\" content=\"https:\/\/jornalfatosenoticias.com.br\/wp-content\/uploads\/2022\/02\/chuvas-no-es.jpg\" \/>\n\t<meta property=\"og:image:width\" content=\"1000\" \/>\n\t<meta property=\"og:image:height\" content=\"500\" \/>\n\t<meta property=\"og:image:type\" content=\"image\/jpeg\" \/>\n<meta name=\"author\" content=\"Luzimara Fernandes\" \/>\n<meta name=\"twitter:card\" content=\"summary_large_image\" \/>\n<meta name=\"twitter:label1\" content=\"Escrito por\" \/>\n\t<meta name=\"twitter:data1\" content=\"Luzimara Fernandes\" \/>\n\t<meta name=\"twitter:label2\" content=\"Est. tempo de leitura\" \/>\n\t<meta name=\"twitter:data2\" content=\"1 minuto\" \/>\n<script type=\"application\/ld+json\" class=\"yoast-schema-graph\">{\"@context\":\"https:\/\/schema.org\",\"@graph\":[{\"@type\":\"Article\",\"@id\":\"https:\/\/jornalfatosenoticias.com.br\/index.php\/2022\/02\/14\/chuvas-deixam-45-desalojados-e-desabrigados-do-espirito-santo\/#article\",\"isPartOf\":{\"@id\":\"https:\/\/jornalfatosenoticias.com.br\/index.php\/2022\/02\/14\/chuvas-deixam-45-desalojados-e-desabrigados-do-espirito-santo\/\"},\"author\":{\"name\":\"Luzimara Fernandes\",\"@id\":\"https:\/\/jornalfatosenoticias.com.br\/#\/schema\/person\/d63837fa13ac8666eb9e74e0985d6f81\"},\"headline\":\"Chuvas deixam 45 desalojados e desabrigados do Esp\u00edrito Santo\",\"datePublished\":\"2022-02-14T16:08:17+00:00\",\"dateModified\":\"2022-02-14T16:08:55+00:00\",\"mainEntityOfPage\":{\"@id\":\"https:\/\/jornalfatosenoticias.com.br\/index.php\/2022\/02\/14\/chuvas-deixam-45-desalojados-e-desabrigados-do-espirito-santo\/\"},\"wordCount\":236,\"commentCount\":0,\"publisher\":{\"@id\":\"https:\/\/jornalfatosenoticias.com.br\/#organization\"},\"image\":{\"@id\":\"https:\/\/jornalfatosenoticias.com.br\/index.php\/2022\/02\/14\/chuvas-deixam-45-desalojados-e-desabrigados-do-espirito-santo\/#primaryimage\"},\"thumbnailUrl\":\"https:\/\/jornalfatosenoticias.com.br\/wp-content\/uploads\/2022\/02\/chuvas-no-es.jpg\",\"keywords\":[\"chuvas\",\"Defesa Civil\",\"desabrigados\",\"desalojados\",\"Esp\u00edrito Santo\",\"Inmet\",\"Rio Doce\"],\"articleSection\":[\"Geral\"],\"inLanguage\":\"pt-BR\",\"potentialAction\":[{\"@type\":\"CommentAction\",\"name\":\"Comment\",\"target\":[\"https:\/\/jornalfatosenoticias.com.br\/index.php\/2022\/02\/14\/chuvas-deixam-45-desalojados-e-desabrigados-do-espirito-santo\/#respond\"]}]},{\"@type\":\"WebPage\",\"@id\":\"https:\/\/jornalfatosenoticias.com.br\/index.php\/2022\/02\/14\/chuvas-deixam-45-desalojados-e-desabrigados-do-espirito-santo\/\",\"url\":\"https:\/\/jornalfatosenoticias.com.br\/index.php\/2022\/02\/14\/chuvas-deixam-45-desalojados-e-desabrigados-do-espirito-santo\/\",\"name\":\"Chuvas deixam 45 desalojados e desabrigados do Esp\u00edrito Santo - Jornal Fatos e Not\u00edcias\",\"isPartOf\":{\"@id\":\"https:\/\/jornalfatosenoticias.com.br\/#website\"},\"primaryImageOfPage\":{\"@id\":\"https:\/\/jornalfatosenoticias.com.br\/index.php\/2022\/02\/14\/chuvas-deixam-45-desalojados-e-desabrigados-do-espirito-santo\/#primaryimage\"},\"image\":{\"@id\":\"https:\/\/jornalfatosenoticias.com.br\/index.php\/2022\/02\/14\/chuvas-deixam-45-desalojados-e-desabrigados-do-espirito-santo\/#primaryimage\"},\"thumbnailUrl\":\"https:\/\/jornalfatosenoticias.com.br\/wp-content\/uploads\/2022\/02\/chuvas-no-es.jpg\",\"datePublished\":\"2022-02-14T16:08:17+00:00\",\"dateModified\":\"2022-02-14T16:08:55+00:00\",\"breadcrumb\":{\"@id\":\"https:\/\/jornalfatosenoticias.com.br\/index.php\/2022\/02\/14\/chuvas-deixam-45-desalojados-e-desabrigados-do-espirito-santo\/#breadcrumb\"},\"inLanguage\":\"pt-BR\",\"potentialAction\":[{\"@type\":\"ReadAction\",\"target\":[\"https:\/\/jornalfatosenoticias.com.br\/index.php\/2022\/02\/14\/chuvas-deixam-45-desalojados-e-desabrigados-do-espirito-santo\/\"]}]},{\"@type\":\"ImageObject\",\"inLanguage\":\"pt-BR\",\"@id\":\"https:\/\/jornalfatosenoticias.com.br\/index.php\/2022\/02\/14\/chuvas-deixam-45-desalojados-e-desabrigados-do-espirito-santo\/#primaryimage\",\"url\":\"https:\/\/jornalfatosenoticias.com.br\/wp-content\/uploads\/2022\/02\/chuvas-no-es.jpg\",\"contentUrl\":\"https:\/\/jornalfatosenoticias.com.br\/wp-content\/uploads\/2022\/02\/chuvas-no-es.jpg\",\"width\":1000,\"height\":500},{\"@type\":\"BreadcrumbList\",\"@id\":\"https:\/\/jornalfatosenoticias.com.br\/index.php\/2022\/02\/14\/chuvas-deixam-45-desalojados-e-desabrigados-do-espirito-santo\/#breadcrumb\",\"itemListElement\":[{\"@type\":\"ListItem\",\"position\":1,\"name\":\"In\u00edcio\",\"item\":\"https:\/\/jornalfatosenoticias.com.br\/\"},{\"@type\":\"ListItem\",\"position\":2,\"name\":\"Chuvas deixam 45 desalojados e desabrigados do Esp\u00edrito Santo\"}]},{\"@type\":\"WebSite\",\"@id\":\"https:\/\/jornalfatosenoticias.com.br\/#website\",\"url\":\"https:\/\/jornalfatosenoticias.com.br\/\",\"name\":\"Jornal Fatos e Not\u00edcias\",\"description\":\"Not\u00edcias em geral\",\"publisher\":{\"@id\":\"https:\/\/jornalfatosenoticias.com.br\/#organization\"},\"potentialAction\":[{\"@type\":\"SearchAction\",\"target\":{\"@type\":\"EntryPoint\",\"urlTemplate\":\"https:\/\/jornalfatosenoticias.com.br\/?s={search_term_string}\"},\"query-input\":{\"@type\":\"PropertyValueSpecification\",\"valueRequired\":true,\"valueName\":\"search_term_string\"}}],\"inLanguage\":\"pt-BR\"},{\"@type\":\"Organization\",\"@id\":\"https:\/\/jornalfatosenoticias.com.br\/#organization\",\"name\":\"Jornal Fatos e Not\u00edcias\",\"url\":\"https:\/\/jornalfatosenoticias.com.br\/\",\"logo\":{\"@type\":\"ImageObject\",\"inLanguage\":\"pt-BR\",\"@id\":\"https:\/\/jornalfatosenoticias.com.br\/#\/schema\/logo\/image\/\",\"url\":\"https:\/\/jornalfatosenoticias.com.br\/wp-content\/uploads\/2020\/02\/logo120.png\",\"contentUrl\":\"https:\/\/jornalfatosenoticias.com.br\/wp-content\/uploads\/2020\/02\/logo120.png\",\"width\":1227,\"height\":120,\"caption\":\"Jornal Fatos e Not\u00edcias\"},\"image\":{\"@id\":\"https:\/\/jornalfatosenoticias.com.br\/#\/schema\/logo\/image\/\"}},{\"@type\":\"Person\",\"@id\":\"https:\/\/jornalfatosenoticias.com.br\/#\/schema\/person\/d63837fa13ac8666eb9e74e0985d6f81\",\"name\":\"Luzimara Fernandes\",\"image\":{\"@type\":\"ImageObject\",\"inLanguage\":\"pt-BR\",\"@id\":\"https:\/\/jornalfatosenoticias.com.br\/#\/schema\/person\/image\/\",\"url\":\"https:\/\/jornalfatosenoticias.com.br\/wp-content\/uploads\/2025\/05\/EU_portal.jpg\",\"contentUrl\":\"https:\/\/jornalfatosenoticias.com.br\/wp-content\/uploads\/2025\/05\/EU_portal.jpg\",\"caption\":\"Luzimara Fernandes\"},\"description\":\"Jornalista MTB 2358-ES\",\"sameAs\":[\"https:\/\/jornalfatosenoticias.com.br\"],\"url\":\"https:\/\/jornalfatosenoticias.com.br\/index.php\/author\/luzimara\/\"}]}<\/script>\n<!-- \/ Yoast SEO plugin. -->","yoast_head_json":{"title":"Chuvas deixam 45 desalojados e desabrigados do Esp\u00edrito Santo - Jornal Fatos e Not\u00edcias","robots":{"index":"index","follow":"follow","max-snippet":"max-snippet:-1","max-image-preview":"max-image-preview:large","max-video-preview":"max-video-preview:-1"},"canonical":"https:\/\/jornalfatosenoticias.com.br\/index.php\/2022\/02\/14\/chuvas-deixam-45-desalojados-e-desabrigados-do-espirito-santo\/","og_locale":"pt_BR","og_type":"article","og_title":"Chuvas deixam 45 desalojados e desabrigados do Esp\u00edrito Santo - Jornal Fatos e Not\u00edcias","og_description":"Oito cidades do interior do Estado t\u00eam alerta de deslizamentos As chuvas que atingiram o Esp\u00edrito Santo neste fim de semana deixaram 45 pessoas fora de casa no interior do Estado. O Rio Doce ultrapassou a cota de inunda\u00e7\u00e3o. A Defesa Civil estadual emitiu alerta de enchentes para quatro munic\u00edpios e aviso de risco moderado [&hellip;]","og_url":"https:\/\/jornalfatosenoticias.com.br\/index.php\/2022\/02\/14\/chuvas-deixam-45-desalojados-e-desabrigados-do-espirito-santo\/","og_site_name":"Jornal Fatos e Not\u00edcias","article_published_time":"2022-02-14T16:08:17+00:00","article_modified_time":"2022-02-14T16:08:55+00:00","og_image":[{"width":1000,"height":500,"url":"https:\/\/jornalfatosenoticias.com.br\/wp-content\/uploads\/2022\/02\/chuvas-no-es.jpg","type":"image\/jpeg"}],"author":"Luzimara Fernandes","twitter_card":"summary_large_image","twitter_misc":{"Escrito por":"Luzimara Fernandes","Est. tempo de leitura":"1 minuto"},"schema":{"@context":"https:\/\/schema.org","@graph":[{"@type":"Article","@id":"https:\/\/jornalfatosenoticias.com.br\/index.php\/2022\/02\/14\/chuvas-deixam-45-desalojados-e-desabrigados-do-espirito-santo\/#article","isPartOf":{"@id":"https:\/\/jornalfatosenoticias.com.br\/index.php\/2022\/02\/14\/chuvas-deixam-45-desalojados-e-desabrigados-do-espirito-santo\/"},"author":{"name":"Luzimara Fernandes","@id":"https:\/\/jornalfatosenoticias.com.br\/#\/schema\/person\/d63837fa13ac8666eb9e74e0985d6f81"},"headline":"Chuvas deixam 45 desalojados e desabrigados do Esp\u00edrito Santo","datePublished":"2022-02-14T16:08:17+00:00","dateModified":"2022-02-14T16:08:55+00:00","mainEntityOfPage":{"@id":"https:\/\/jornalfatosenoticias.com.br\/index.php\/2022\/02\/14\/chuvas-deixam-45-desalojados-e-desabrigados-do-espirito-santo\/"},"wordCount":236,"commentCount":0,"publisher":{"@id":"https:\/\/jornalfatosenoticias.com.br\/#organization"},"image":{"@id":"https:\/\/jornalfatosenoticias.com.br\/index.php\/2022\/02\/14\/chuvas-deixam-45-desalojados-e-desabrigados-do-espirito-santo\/#primaryimage"},"thumbnailUrl":"https:\/\/jornalfatosenoticias.com.br\/wp-content\/uploads\/2022\/02\/chuvas-no-es.jpg","keywords":["chuvas","Defesa Civil","desabrigados","desalojados","Esp\u00edrito Santo","Inmet","Rio Doce"],"articleSection":["Geral"],"inLanguage":"pt-BR","potentialAction":[{"@type":"CommentAction","name":"Comment","target":["https:\/\/jornalfatosenoticias.com.br\/index.php\/2022\/02\/14\/chuvas-deixam-45-desalojados-e-desabrigados-do-espirito-santo\/#respond"]}]},{"@type":"WebPage","@id":"https:\/\/jornalfatosenoticias.com.br\/index.php\/2022\/02\/14\/chuvas-deixam-45-desalojados-e-desabrigados-do-espirito-santo\/","url":"https:\/\/jornalfatosenoticias.com.br\/index.php\/2022\/02\/14\/chuvas-deixam-45-desalojados-e-desabrigados-do-espirito-santo\/","name":"Chuvas deixam 45 desalojados e desabrigados do Esp\u00edrito Santo - Jornal Fatos e Not\u00edcias","isPartOf":{"@id":"https:\/\/jornalfatosenoticias.com.br\/#website"},"primaryImageOfPage":{"@id":"https:\/\/jornalfatosenoticias.com.br\/index.php\/2022\/02\/14\/chuvas-deixam-45-desalojados-e-desabrigados-do-espirito-santo\/#primaryimage"},"image":{"@id":"https:\/\/jornalfatosenoticias.com.br\/index.php\/2022\/02\/14\/chuvas-deixam-45-desalojados-e-desabrigados-do-espirito-santo\/#primaryimage"},"thumbnailUrl":"https:\/\/jornalfatosenoticias.com.br\/wp-content\/uploads\/2022\/02\/chuvas-no-es.jpg","datePublished":"2022-02-14T16:08:17+00:00","dateModified":"2022-02-14T16:08:55+00:00","breadcrumb":{"@id":"https:\/\/jornalfatosenoticias.com.br\/index.php\/2022\/02\/14\/chuvas-deixam-45-desalojados-e-desabrigados-do-espirito-santo\/#breadcrumb"},"inLanguage":"pt-BR","potentialAction":[{"@type":"ReadAction","target":["https:\/\/jornalfatosenoticias.com.br\/index.php\/2022\/02\/14\/chuvas-deixam-45-desalojados-e-desabrigados-do-espirito-santo\/"]}]},{"@type":"ImageObject","inLanguage":"pt-BR","@id":"https:\/\/jornalfatosenoticias.com.br\/index.php\/2022\/02\/14\/chuvas-deixam-45-desalojados-e-desabrigados-do-espirito-santo\/#primaryimage","url":"https:\/\/jornalfatosenoticias.com.br\/wp-content\/uploads\/2022\/02\/chuvas-no-es.jpg","contentUrl":"https:\/\/jornalfatosenoticias.com.br\/wp-content\/uploads\/2022\/02\/chuvas-no-es.jpg","width":1000,"height":500},{"@type":"BreadcrumbList","@id":"https:\/\/jornalfatosenoticias.com.br\/index.php\/2022\/02\/14\/chuvas-deixam-45-desalojados-e-desabrigados-do-espirito-santo\/#breadcrumb","itemListElement":[{"@type":"ListItem","position":1,"name":"In\u00edcio","item":"https:\/\/jornalfatosenoticias.com.br\/"},{"@type":"ListItem","position":2,"name":"Chuvas deixam 45 desalojados e desabrigados do Esp\u00edrito Santo"}]},{"@type":"WebSite","@id":"https:\/\/jornalfatosenoticias.com.br\/#website","url":"https:\/\/jornalfatosenoticias.com.br\/","name":"Jornal Fatos e Not\u00edcias","description":"Not\u00edcias em geral","publisher":{"@id":"https:\/\/jornalfatosenoticias.com.br\/#organization"},"potentialAction":[{"@type":"SearchAction","target":{"@type":"EntryPoint","urlTemplate":"https:\/\/jornalfatosenoticias.com.br\/?s={search_term_string}"},"query-input":{"@type":"PropertyValueSpecification","valueRequired":true,"valueName":"search_term_string"}}],"inLanguage":"pt-BR"},{"@type":"Organization","@id":"https:\/\/jornalfatosenoticias.com.br\/#organization","name":"Jornal Fatos e Not\u00edcias","url":"https:\/\/jornalfatosenoticias.com.br\/","logo":{"@type":"ImageObject","inLanguage":"pt-BR","@id":"https:\/\/jornalfatosenoticias.com.br\/#\/schema\/logo\/image\/","url":"https:\/\/jornalfatosenoticias.com.br\/wp-content\/uploads\/2020\/02\/logo120.png","contentUrl":"https:\/\/jornalfatosenoticias.com.br\/wp-content\/uploads\/2020\/02\/logo120.png","width":1227,"height":120,"caption":"Jornal Fatos e Not\u00edcias"},"image":{"@id":"https:\/\/jornalfatosenoticias.com.br\/#\/schema\/logo\/image\/"}},{"@type":"Person","@id":"https:\/\/jornalfatosenoticias.com.br\/#\/schema\/person\/d63837fa13ac8666eb9e74e0985d6f81","name":"Luzimara Fernandes","image":{"@type":"ImageObject","inLanguage":"pt-BR","@id":"https:\/\/jornalfatosenoticias.com.br\/#\/schema\/person\/image\/","url":"https:\/\/jornalfatosenoticias.com.br\/wp-content\/uploads\/2025\/05\/EU_portal.jpg","contentUrl":"https:\/\/jornalfatosenoticias.com.br\/wp-content\/uploads\/2025\/05\/EU_portal.jpg","caption":"Luzimara Fernandes"},"description":"Jornalista MTB 2358-ES","sameAs":["https:\/\/jornalfatosenoticias.com.br"],"url":"https:\/\/jornalfatosenoticias.com.br\/index.php\/author\/luzimara\/"}]}},"cc_featured_image_caption":{"caption_text":"(Foto: Reprodu\u00e7\u00e3o)","source_text":"","source_url":""},"jetpack_featured_media_url":"https:\/\/jornalfatosenoticias.com.br\/wp-content\/uploads\/2022\/02\/chuvas-no-es.jpg","_links":{"self":[{"href":"https:\/\/jornalfatosenoticias.com.br\/index.php\/wp-json\/wp\/v2\/posts\/27866","targetHints":{"allow":["GET"]}}],"collection":[{"href":"https:\/\/jornalfatosenoticias.com.br\/index.php\/wp-json\/wp\/v2\/posts"}],"about":[{"href":"https:\/\/jornalfatosenoticias.com.br\/index.php\/wp-json\/wp\/v2\/types\/post"}],"author":[{"embeddable":true,"href":"https:\/\/jornalfatosenoticias.com.br\/index.php\/wp-json\/wp\/v2\/users\/2"}],"replies":[{"embeddable":true,"href":"https:\/\/jornalfatosenoticias.com.br\/index.php\/wp-json\/wp\/v2\/comments?post=27866"}],"version-history":[{"count":0,"href":"https:\/\/jornalfatosenoticias.com.br\/index.php\/wp-json\/wp\/v2\/posts\/27866\/revisions"}],"wp:featuredmedia":[{"embeddable":true,"href":"https:\/\/jornalfatosenoticias.com.br\/index.php\/wp-json\/wp\/v2\/media\/27867"}],"wp:attachment":[{"href":"https:\/\/jornalfatosenoticias.com.br\/index.php\/wp-json\/wp\/v2\/media?parent=27866"}],"wp:term":[{"taxonomy":"category","embeddable":true,"href":"https:\/\/jornalfatosenoticias.com.br\/index.php\/wp-json\/wp\/v2\/categories?post=27866"},{"taxonomy":"post_tag","embeddable":true,"href":"https:\/\/jornalfatosenoticias.com.br\/index.php\/wp-json\/wp\/v2\/tags?post=27866"}],"curies":[{"name":"wp","href":"https:\/\/api.w.org\/{rel}","templated":true}]}}