{"id":27898,"date":"2022-02-14T14:34:33","date_gmt":"2022-02-14T17:34:33","guid":{"rendered":"https:\/\/jornalfatosenoticias.com.br\/?p=27898"},"modified":"2022-02-14T14:34:34","modified_gmt":"2022-02-14T17:34:34","slug":"majeski-aciona-ministerio-publico-por-cronograma-de-investimentos-em-acessibilidade-nas-escolas","status":"publish","type":"post","link":"https:\/\/jornalfatosenoticias.com.br\/index.php\/2022\/02\/14\/majeski-aciona-ministerio-publico-por-cronograma-de-investimentos-em-acessibilidade-nas-escolas\/","title":{"rendered":"Majeski aciona Minist\u00e9rio P\u00fablico por cronograma de investimentos em acessibilidade nas escolas"},"content":{"rendered":"\n<p>Presidente das Frentes Parlamentares de Apoio \u00e0 Inclus\u00e3o, \u00e0 Acessibilidade e \u00e0 Cidadania das Pessoas com Defici\u00eancia e a em Defesa do Cumprimento dos Planos Nacional (PNE \u2014 2014\/2024) e Estadual de Educa\u00e7\u00e3o (PEE \u2014 2015\/2025), o deputado estadual S\u00e9rgio Majeski (PSB) acionou o Minist\u00e9rio P\u00fablico do Estado do Esp\u00edrito Santo (MPES) propondo a elabora\u00e7\u00e3o de um Termo de Ajustamento de Conduta (TAC) com a Secretaria de Estado da Educa\u00e7\u00e3o (Sedu) pactuando um cronograma de interven\u00e7\u00f5es para garantir a acessibilidade ideal nas escolas estaduais.<br>No ano passado, Majeski j\u00e1 havia ingressado com representa\u00e7\u00e3o no Tribunal de Contas do Esp\u00edrito Santo (TCE-ES), com pedido de Medida Cautelar, para garantir o cumprimento da legisla\u00e7\u00e3o que estabelece a plena acessibilidade nas unidades da rede p\u00fablica estadual de ensino.<\/p>\n\n\n\n<blockquote class=\"wp-block-quote is-layout-flow wp-block-quote-is-layout-flow\"><p><span class=\"has-inline-color has-luminous-vivid-orange-color\">\u201cDesde o primeiro ano do mandato, realizamos visitas t\u00e9cnicas peri\u00f3dicas \u00e0s escolas estaduais. J\u00e1 fomos em quase 300 unidades para ver de perto a realidade das estruturas e conversamos com profissionais da educa\u00e7\u00e3o e alunos. Reconhecemos os esfor\u00e7os realizados pela administra\u00e7\u00e3o estadual para promover a adequa\u00e7\u00e3o da infraestrutura f\u00edsica da rede estadual, mas ainda h\u00e1 muito a ser feito. A elabora\u00e7\u00e3o de um cronograma dar\u00e1 transpar\u00eancia sobre o que e quando ser\u00e1 feito para favorecer a acessibilidade e a efetiva inclus\u00e3o dos alunos com defici\u00eancia nas escolas estaduais\u201d, destaca Majeski.<\/span><\/p><\/blockquote>\n\n\n\n<p>As aus\u00eancias constatadas por Majeski est\u00e3o comprovadas na primeira etapa do Censo Escolar 2021, divulgado recentemente pelo Instituto Nacional de Estudos e Pesquisas Educacionais An\u00edsio Teixeira (Inep).<br>Principal pesquisa estat\u00edstica da educa\u00e7\u00e3o b\u00e1sica no Brasil, o Censo \u00e9 elaborado com informa\u00e7\u00f5es repassadas pelos pr\u00f3prios servidores das secretarias estaduais. No Esp\u00edrito Santo, englobou 445 escolas.<br>De acordo com o levantamento, em 21,3% das escolas n\u00e3o h\u00e1 nenhum item de acessibilidade; em 28,3% n\u00e3o h\u00e1 sala de atendimento especial; em 46,5% n\u00e3o h\u00e1 rampas; em 57,5% n\u00e3o h\u00e1 v\u00e3o livre; 62,5% n\u00e3o contam com corrim\u00e3o; em 86,3% n\u00e3o h\u00e1 piso t\u00e1til; 89,4% n\u00e3o contam com elevador; em 91,9% n\u00e3o h\u00e1 sinais visuais; em 92,8% n\u00e3o h\u00e1 sinais t\u00e1teis e 97,5% n\u00e3o contam com sinal sonoro.<\/p>\n","protected":false},"excerpt":{"rendered":"<p>Presidente das Frentes Parlamentares de Apoio \u00e0 Inclus\u00e3o, \u00e0 Acessibilidade e \u00e0 Cidadania das Pessoas com Defici\u00eancia e a em Defesa do Cumprimento dos Planos Nacional (PNE \u2014 2014\/2024) e Estadual de Educa\u00e7\u00e3o (PEE \u2014 2015\/2025), o deputado estadual S\u00e9rgio Majeski (PSB) acionou o Minist\u00e9rio P\u00fablico do Estado do Esp\u00edrito Santo (MPES) propondo a elabora\u00e7\u00e3o [&hellip;]<\/p>\n","protected":false},"author":2,"featured_media":27899,"comment_status":"open","ping_status":"open","sticky":false,"template":"","format":"standard","meta":{"footnotes":""},"categories":[7],"tags":[1335,11749,539,4573,6678],"class_list":["post-27898","post","type-post","status-publish","format-standard","has-post-thumbnail","hentry","category-educacao","tag-acessibilidade","tag-acessibilidade-nas-escolas","tag-es","tag-ministerio-publico","tag-sergio-majeski"],"yoast_head":"<!-- This site is optimized with the Yoast SEO plugin v26.5 - https:\/\/yoast.com\/wordpress\/plugins\/seo\/ -->\n<title>Majeski aciona Minist\u00e9rio P\u00fablico por cronograma de investimentos em acessibilidade nas escolas - Jornal Fatos e Not\u00edcias<\/title>\n<meta name=\"robots\" content=\"index, follow, max-snippet:-1, max-image-preview:large, max-video-preview:-1\" \/>\n<link rel=\"canonical\" href=\"https:\/\/jornalfatosenoticias.com.br\/index.php\/2022\/02\/14\/majeski-aciona-ministerio-publico-por-cronograma-de-investimentos-em-acessibilidade-nas-escolas\/\" \/>\n<meta property=\"og:locale\" content=\"pt_BR\" \/>\n<meta property=\"og:type\" content=\"article\" \/>\n<meta property=\"og:title\" content=\"Majeski aciona Minist\u00e9rio P\u00fablico por cronograma de investimentos em acessibilidade nas escolas - Jornal Fatos e Not\u00edcias\" \/>\n<meta property=\"og:description\" content=\"Presidente das Frentes Parlamentares de Apoio \u00e0 Inclus\u00e3o, \u00e0 Acessibilidade e \u00e0 Cidadania das Pessoas com Defici\u00eancia e a em Defesa do Cumprimento dos Planos Nacional (PNE \u2014 2014\/2024) e Estadual de Educa\u00e7\u00e3o (PEE \u2014 2015\/2025), o deputado estadual S\u00e9rgio Majeski (PSB) acionou o Minist\u00e9rio P\u00fablico do Estado do Esp\u00edrito Santo (MPES) propondo a elabora\u00e7\u00e3o [&hellip;]\" \/>\n<meta property=\"og:url\" content=\"https:\/\/jornalfatosenoticias.com.br\/index.php\/2022\/02\/14\/majeski-aciona-ministerio-publico-por-cronograma-de-investimentos-em-acessibilidade-nas-escolas\/\" \/>\n<meta property=\"og:site_name\" content=\"Jornal Fatos e Not\u00edcias\" \/>\n<meta property=\"article:published_time\" content=\"2022-02-14T17:34:33+00:00\" \/>\n<meta property=\"article:modified_time\" content=\"2022-02-14T17:34:34+00:00\" \/>\n<meta property=\"og:image\" content=\"https:\/\/jornalfatosenoticias.com.br\/wp-content\/uploads\/2022\/02\/DepSegioMajeski-Foto-Ana-Salles.jpg\" \/>\n\t<meta property=\"og:image:width\" content=\"1000\" \/>\n\t<meta property=\"og:image:height\" content=\"666\" \/>\n\t<meta property=\"og:image:type\" content=\"image\/jpeg\" \/>\n<meta name=\"author\" content=\"Luzimara Fernandes\" \/>\n<meta name=\"twitter:card\" content=\"summary_large_image\" \/>\n<meta name=\"twitter:label1\" content=\"Escrito por\" \/>\n\t<meta name=\"twitter:data1\" content=\"Luzimara Fernandes\" \/>\n\t<meta name=\"twitter:label2\" content=\"Est. tempo de leitura\" \/>\n\t<meta name=\"twitter:data2\" content=\"2 minutos\" \/>\n<script type=\"application\/ld+json\" class=\"yoast-schema-graph\">{\"@context\":\"https:\/\/schema.org\",\"@graph\":[{\"@type\":\"Article\",\"@id\":\"https:\/\/jornalfatosenoticias.com.br\/index.php\/2022\/02\/14\/majeski-aciona-ministerio-publico-por-cronograma-de-investimentos-em-acessibilidade-nas-escolas\/#article\",\"isPartOf\":{\"@id\":\"https:\/\/jornalfatosenoticias.com.br\/index.php\/2022\/02\/14\/majeski-aciona-ministerio-publico-por-cronograma-de-investimentos-em-acessibilidade-nas-escolas\/\"},\"author\":{\"name\":\"Luzimara Fernandes\",\"@id\":\"https:\/\/jornalfatosenoticias.com.br\/#\/schema\/person\/d63837fa13ac8666eb9e74e0985d6f81\"},\"headline\":\"Majeski aciona Minist\u00e9rio P\u00fablico por cronograma de investimentos em acessibilidade nas escolas\",\"datePublished\":\"2022-02-14T17:34:33+00:00\",\"dateModified\":\"2022-02-14T17:34:34+00:00\",\"mainEntityOfPage\":{\"@id\":\"https:\/\/jornalfatosenoticias.com.br\/index.php\/2022\/02\/14\/majeski-aciona-ministerio-publico-por-cronograma-de-investimentos-em-acessibilidade-nas-escolas\/\"},\"wordCount\":379,\"commentCount\":0,\"publisher\":{\"@id\":\"https:\/\/jornalfatosenoticias.com.br\/#organization\"},\"image\":{\"@id\":\"https:\/\/jornalfatosenoticias.com.br\/index.php\/2022\/02\/14\/majeski-aciona-ministerio-publico-por-cronograma-de-investimentos-em-acessibilidade-nas-escolas\/#primaryimage\"},\"thumbnailUrl\":\"https:\/\/jornalfatosenoticias.com.br\/wp-content\/uploads\/2022\/02\/DepSegioMajeski-Foto-Ana-Salles.jpg\",\"keywords\":[\"acessibilidade\",\"acessibilidade nas escolas\",\"ES\",\"Minist\u00e9rio P\u00fablico\",\"S\u00e9rgio Majeski\"],\"articleSection\":[\"Educa\u00e7\u00e3o\"],\"inLanguage\":\"pt-BR\",\"potentialAction\":[{\"@type\":\"CommentAction\",\"name\":\"Comment\",\"target\":[\"https:\/\/jornalfatosenoticias.com.br\/index.php\/2022\/02\/14\/majeski-aciona-ministerio-publico-por-cronograma-de-investimentos-em-acessibilidade-nas-escolas\/#respond\"]}]},{\"@type\":\"WebPage\",\"@id\":\"https:\/\/jornalfatosenoticias.com.br\/index.php\/2022\/02\/14\/majeski-aciona-ministerio-publico-por-cronograma-de-investimentos-em-acessibilidade-nas-escolas\/\",\"url\":\"https:\/\/jornalfatosenoticias.com.br\/index.php\/2022\/02\/14\/majeski-aciona-ministerio-publico-por-cronograma-de-investimentos-em-acessibilidade-nas-escolas\/\",\"name\":\"Majeski aciona Minist\u00e9rio P\u00fablico por cronograma de investimentos em acessibilidade nas escolas - Jornal Fatos e Not\u00edcias\",\"isPartOf\":{\"@id\":\"https:\/\/jornalfatosenoticias.com.br\/#website\"},\"primaryImageOfPage\":{\"@id\":\"https:\/\/jornalfatosenoticias.com.br\/index.php\/2022\/02\/14\/majeski-aciona-ministerio-publico-por-cronograma-de-investimentos-em-acessibilidade-nas-escolas\/#primaryimage\"},\"image\":{\"@id\":\"https:\/\/jornalfatosenoticias.com.br\/index.php\/2022\/02\/14\/majeski-aciona-ministerio-publico-por-cronograma-de-investimentos-em-acessibilidade-nas-escolas\/#primaryimage\"},\"thumbnailUrl\":\"https:\/\/jornalfatosenoticias.com.br\/wp-content\/uploads\/2022\/02\/DepSegioMajeski-Foto-Ana-Salles.jpg\",\"datePublished\":\"2022-02-14T17:34:33+00:00\",\"dateModified\":\"2022-02-14T17:34:34+00:00\",\"breadcrumb\":{\"@id\":\"https:\/\/jornalfatosenoticias.com.br\/index.php\/2022\/02\/14\/majeski-aciona-ministerio-publico-por-cronograma-de-investimentos-em-acessibilidade-nas-escolas\/#breadcrumb\"},\"inLanguage\":\"pt-BR\",\"potentialAction\":[{\"@type\":\"ReadAction\",\"target\":[\"https:\/\/jornalfatosenoticias.com.br\/index.php\/2022\/02\/14\/majeski-aciona-ministerio-publico-por-cronograma-de-investimentos-em-acessibilidade-nas-escolas\/\"]}]},{\"@type\":\"ImageObject\",\"inLanguage\":\"pt-BR\",\"@id\":\"https:\/\/jornalfatosenoticias.com.br\/index.php\/2022\/02\/14\/majeski-aciona-ministerio-publico-por-cronograma-de-investimentos-em-acessibilidade-nas-escolas\/#primaryimage\",\"url\":\"https:\/\/jornalfatosenoticias.com.br\/wp-content\/uploads\/2022\/02\/DepSegioMajeski-Foto-Ana-Salles.jpg\",\"contentUrl\":\"https:\/\/jornalfatosenoticias.com.br\/wp-content\/uploads\/2022\/02\/DepSegioMajeski-Foto-Ana-Salles.jpg\",\"width\":1000,\"height\":666},{\"@type\":\"BreadcrumbList\",\"@id\":\"https:\/\/jornalfatosenoticias.com.br\/index.php\/2022\/02\/14\/majeski-aciona-ministerio-publico-por-cronograma-de-investimentos-em-acessibilidade-nas-escolas\/#breadcrumb\",\"itemListElement\":[{\"@type\":\"ListItem\",\"position\":1,\"name\":\"In\u00edcio\",\"item\":\"https:\/\/jornalfatosenoticias.com.br\/\"},{\"@type\":\"ListItem\",\"position\":2,\"name\":\"Majeski aciona Minist\u00e9rio P\u00fablico por cronograma de investimentos em acessibilidade nas escolas\"}]},{\"@type\":\"WebSite\",\"@id\":\"https:\/\/jornalfatosenoticias.com.br\/#website\",\"url\":\"https:\/\/jornalfatosenoticias.com.br\/\",\"name\":\"Jornal Fatos e Not\u00edcias\",\"description\":\"Not\u00edcias em geral\",\"publisher\":{\"@id\":\"https:\/\/jornalfatosenoticias.com.br\/#organization\"},\"potentialAction\":[{\"@type\":\"SearchAction\",\"target\":{\"@type\":\"EntryPoint\",\"urlTemplate\":\"https:\/\/jornalfatosenoticias.com.br\/?s={search_term_string}\"},\"query-input\":{\"@type\":\"PropertyValueSpecification\",\"valueRequired\":true,\"valueName\":\"search_term_string\"}}],\"inLanguage\":\"pt-BR\"},{\"@type\":\"Organization\",\"@id\":\"https:\/\/jornalfatosenoticias.com.br\/#organization\",\"name\":\"Jornal Fatos e Not\u00edcias\",\"url\":\"https:\/\/jornalfatosenoticias.com.br\/\",\"logo\":{\"@type\":\"ImageObject\",\"inLanguage\":\"pt-BR\",\"@id\":\"https:\/\/jornalfatosenoticias.com.br\/#\/schema\/logo\/image\/\",\"url\":\"https:\/\/jornalfatosenoticias.com.br\/wp-content\/uploads\/2020\/02\/logo120.png\",\"contentUrl\":\"https:\/\/jornalfatosenoticias.com.br\/wp-content\/uploads\/2020\/02\/logo120.png\",\"width\":1227,\"height\":120,\"caption\":\"Jornal Fatos e Not\u00edcias\"},\"image\":{\"@id\":\"https:\/\/jornalfatosenoticias.com.br\/#\/schema\/logo\/image\/\"}},{\"@type\":\"Person\",\"@id\":\"https:\/\/jornalfatosenoticias.com.br\/#\/schema\/person\/d63837fa13ac8666eb9e74e0985d6f81\",\"name\":\"Luzimara Fernandes\",\"image\":{\"@type\":\"ImageObject\",\"inLanguage\":\"pt-BR\",\"@id\":\"https:\/\/jornalfatosenoticias.com.br\/#\/schema\/person\/image\/\",\"url\":\"https:\/\/jornalfatosenoticias.com.br\/wp-content\/uploads\/2025\/05\/EU_portal.jpg\",\"contentUrl\":\"https:\/\/jornalfatosenoticias.com.br\/wp-content\/uploads\/2025\/05\/EU_portal.jpg\",\"caption\":\"Luzimara Fernandes\"},\"description\":\"Jornalista MTB 2358-ES\",\"sameAs\":[\"https:\/\/jornalfatosenoticias.com.br\"],\"url\":\"https:\/\/jornalfatosenoticias.com.br\/index.php\/author\/luzimara\/\"}]}<\/script>\n<!-- \/ Yoast SEO plugin. -->","yoast_head_json":{"title":"Majeski aciona Minist\u00e9rio P\u00fablico por cronograma de investimentos em acessibilidade nas escolas - Jornal Fatos e Not\u00edcias","robots":{"index":"index","follow":"follow","max-snippet":"max-snippet:-1","max-image-preview":"max-image-preview:large","max-video-preview":"max-video-preview:-1"},"canonical":"https:\/\/jornalfatosenoticias.com.br\/index.php\/2022\/02\/14\/majeski-aciona-ministerio-publico-por-cronograma-de-investimentos-em-acessibilidade-nas-escolas\/","og_locale":"pt_BR","og_type":"article","og_title":"Majeski aciona Minist\u00e9rio P\u00fablico por cronograma de investimentos em acessibilidade nas escolas - Jornal Fatos e Not\u00edcias","og_description":"Presidente das Frentes Parlamentares de Apoio \u00e0 Inclus\u00e3o, \u00e0 Acessibilidade e \u00e0 Cidadania das Pessoas com Defici\u00eancia e a em Defesa do Cumprimento dos Planos Nacional (PNE \u2014 2014\/2024) e Estadual de Educa\u00e7\u00e3o (PEE \u2014 2015\/2025), o deputado estadual S\u00e9rgio Majeski (PSB) acionou o Minist\u00e9rio P\u00fablico do Estado do Esp\u00edrito Santo (MPES) propondo a elabora\u00e7\u00e3o [&hellip;]","og_url":"https:\/\/jornalfatosenoticias.com.br\/index.php\/2022\/02\/14\/majeski-aciona-ministerio-publico-por-cronograma-de-investimentos-em-acessibilidade-nas-escolas\/","og_site_name":"Jornal Fatos e Not\u00edcias","article_published_time":"2022-02-14T17:34:33+00:00","article_modified_time":"2022-02-14T17:34:34+00:00","og_image":[{"width":1000,"height":666,"url":"https:\/\/jornalfatosenoticias.com.br\/wp-content\/uploads\/2022\/02\/DepSegioMajeski-Foto-Ana-Salles.jpg","type":"image\/jpeg"}],"author":"Luzimara Fernandes","twitter_card":"summary_large_image","twitter_misc":{"Escrito por":"Luzimara Fernandes","Est. tempo de leitura":"2 minutos"},"schema":{"@context":"https:\/\/schema.org","@graph":[{"@type":"Article","@id":"https:\/\/jornalfatosenoticias.com.br\/index.php\/2022\/02\/14\/majeski-aciona-ministerio-publico-por-cronograma-de-investimentos-em-acessibilidade-nas-escolas\/#article","isPartOf":{"@id":"https:\/\/jornalfatosenoticias.com.br\/index.php\/2022\/02\/14\/majeski-aciona-ministerio-publico-por-cronograma-de-investimentos-em-acessibilidade-nas-escolas\/"},"author":{"name":"Luzimara Fernandes","@id":"https:\/\/jornalfatosenoticias.com.br\/#\/schema\/person\/d63837fa13ac8666eb9e74e0985d6f81"},"headline":"Majeski aciona Minist\u00e9rio P\u00fablico por cronograma de investimentos em acessibilidade nas escolas","datePublished":"2022-02-14T17:34:33+00:00","dateModified":"2022-02-14T17:34:34+00:00","mainEntityOfPage":{"@id":"https:\/\/jornalfatosenoticias.com.br\/index.php\/2022\/02\/14\/majeski-aciona-ministerio-publico-por-cronograma-de-investimentos-em-acessibilidade-nas-escolas\/"},"wordCount":379,"commentCount":0,"publisher":{"@id":"https:\/\/jornalfatosenoticias.com.br\/#organization"},"image":{"@id":"https:\/\/jornalfatosenoticias.com.br\/index.php\/2022\/02\/14\/majeski-aciona-ministerio-publico-por-cronograma-de-investimentos-em-acessibilidade-nas-escolas\/#primaryimage"},"thumbnailUrl":"https:\/\/jornalfatosenoticias.com.br\/wp-content\/uploads\/2022\/02\/DepSegioMajeski-Foto-Ana-Salles.jpg","keywords":["acessibilidade","acessibilidade nas escolas","ES","Minist\u00e9rio P\u00fablico","S\u00e9rgio Majeski"],"articleSection":["Educa\u00e7\u00e3o"],"inLanguage":"pt-BR","potentialAction":[{"@type":"CommentAction","name":"Comment","target":["https:\/\/jornalfatosenoticias.com.br\/index.php\/2022\/02\/14\/majeski-aciona-ministerio-publico-por-cronograma-de-investimentos-em-acessibilidade-nas-escolas\/#respond"]}]},{"@type":"WebPage","@id":"https:\/\/jornalfatosenoticias.com.br\/index.php\/2022\/02\/14\/majeski-aciona-ministerio-publico-por-cronograma-de-investimentos-em-acessibilidade-nas-escolas\/","url":"https:\/\/jornalfatosenoticias.com.br\/index.php\/2022\/02\/14\/majeski-aciona-ministerio-publico-por-cronograma-de-investimentos-em-acessibilidade-nas-escolas\/","name":"Majeski aciona Minist\u00e9rio P\u00fablico por cronograma de investimentos em acessibilidade nas escolas - Jornal Fatos e Not\u00edcias","isPartOf":{"@id":"https:\/\/jornalfatosenoticias.com.br\/#website"},"primaryImageOfPage":{"@id":"https:\/\/jornalfatosenoticias.com.br\/index.php\/2022\/02\/14\/majeski-aciona-ministerio-publico-por-cronograma-de-investimentos-em-acessibilidade-nas-escolas\/#primaryimage"},"image":{"@id":"https:\/\/jornalfatosenoticias.com.br\/index.php\/2022\/02\/14\/majeski-aciona-ministerio-publico-por-cronograma-de-investimentos-em-acessibilidade-nas-escolas\/#primaryimage"},"thumbnailUrl":"https:\/\/jornalfatosenoticias.com.br\/wp-content\/uploads\/2022\/02\/DepSegioMajeski-Foto-Ana-Salles.jpg","datePublished":"2022-02-14T17:34:33+00:00","dateModified":"2022-02-14T17:34:34+00:00","breadcrumb":{"@id":"https:\/\/jornalfatosenoticias.com.br\/index.php\/2022\/02\/14\/majeski-aciona-ministerio-publico-por-cronograma-de-investimentos-em-acessibilidade-nas-escolas\/#breadcrumb"},"inLanguage":"pt-BR","potentialAction":[{"@type":"ReadAction","target":["https:\/\/jornalfatosenoticias.com.br\/index.php\/2022\/02\/14\/majeski-aciona-ministerio-publico-por-cronograma-de-investimentos-em-acessibilidade-nas-escolas\/"]}]},{"@type":"ImageObject","inLanguage":"pt-BR","@id":"https:\/\/jornalfatosenoticias.com.br\/index.php\/2022\/02\/14\/majeski-aciona-ministerio-publico-por-cronograma-de-investimentos-em-acessibilidade-nas-escolas\/#primaryimage","url":"https:\/\/jornalfatosenoticias.com.br\/wp-content\/uploads\/2022\/02\/DepSegioMajeski-Foto-Ana-Salles.jpg","contentUrl":"https:\/\/jornalfatosenoticias.com.br\/wp-content\/uploads\/2022\/02\/DepSegioMajeski-Foto-Ana-Salles.jpg","width":1000,"height":666},{"@type":"BreadcrumbList","@id":"https:\/\/jornalfatosenoticias.com.br\/index.php\/2022\/02\/14\/majeski-aciona-ministerio-publico-por-cronograma-de-investimentos-em-acessibilidade-nas-escolas\/#breadcrumb","itemListElement":[{"@type":"ListItem","position":1,"name":"In\u00edcio","item":"https:\/\/jornalfatosenoticias.com.br\/"},{"@type":"ListItem","position":2,"name":"Majeski aciona Minist\u00e9rio P\u00fablico por cronograma de investimentos em acessibilidade nas escolas"}]},{"@type":"WebSite","@id":"https:\/\/jornalfatosenoticias.com.br\/#website","url":"https:\/\/jornalfatosenoticias.com.br\/","name":"Jornal Fatos e Not\u00edcias","description":"Not\u00edcias em geral","publisher":{"@id":"https:\/\/jornalfatosenoticias.com.br\/#organization"},"potentialAction":[{"@type":"SearchAction","target":{"@type":"EntryPoint","urlTemplate":"https:\/\/jornalfatosenoticias.com.br\/?s={search_term_string}"},"query-input":{"@type":"PropertyValueSpecification","valueRequired":true,"valueName":"search_term_string"}}],"inLanguage":"pt-BR"},{"@type":"Organization","@id":"https:\/\/jornalfatosenoticias.com.br\/#organization","name":"Jornal Fatos e Not\u00edcias","url":"https:\/\/jornalfatosenoticias.com.br\/","logo":{"@type":"ImageObject","inLanguage":"pt-BR","@id":"https:\/\/jornalfatosenoticias.com.br\/#\/schema\/logo\/image\/","url":"https:\/\/jornalfatosenoticias.com.br\/wp-content\/uploads\/2020\/02\/logo120.png","contentUrl":"https:\/\/jornalfatosenoticias.com.br\/wp-content\/uploads\/2020\/02\/logo120.png","width":1227,"height":120,"caption":"Jornal Fatos e Not\u00edcias"},"image":{"@id":"https:\/\/jornalfatosenoticias.com.br\/#\/schema\/logo\/image\/"}},{"@type":"Person","@id":"https:\/\/jornalfatosenoticias.com.br\/#\/schema\/person\/d63837fa13ac8666eb9e74e0985d6f81","name":"Luzimara Fernandes","image":{"@type":"ImageObject","inLanguage":"pt-BR","@id":"https:\/\/jornalfatosenoticias.com.br\/#\/schema\/person\/image\/","url":"https:\/\/jornalfatosenoticias.com.br\/wp-content\/uploads\/2025\/05\/EU_portal.jpg","contentUrl":"https:\/\/jornalfatosenoticias.com.br\/wp-content\/uploads\/2025\/05\/EU_portal.jpg","caption":"Luzimara Fernandes"},"description":"Jornalista MTB 2358-ES","sameAs":["https:\/\/jornalfatosenoticias.com.br"],"url":"https:\/\/jornalfatosenoticias.com.br\/index.php\/author\/luzimara\/"}]}},"cc_featured_image_caption":{"caption_text":"(Foto: Ana Salles\/Ales)","source_text":"","source_url":""},"jetpack_featured_media_url":"https:\/\/jornalfatosenoticias.com.br\/wp-content\/uploads\/2022\/02\/DepSegioMajeski-Foto-Ana-Salles.jpg","_links":{"self":[{"href":"https:\/\/jornalfatosenoticias.com.br\/index.php\/wp-json\/wp\/v2\/posts\/27898","targetHints":{"allow":["GET"]}}],"collection":[{"href":"https:\/\/jornalfatosenoticias.com.br\/index.php\/wp-json\/wp\/v2\/posts"}],"about":[{"href":"https:\/\/jornalfatosenoticias.com.br\/index.php\/wp-json\/wp\/v2\/types\/post"}],"author":[{"embeddable":true,"href":"https:\/\/jornalfatosenoticias.com.br\/index.php\/wp-json\/wp\/v2\/users\/2"}],"replies":[{"embeddable":true,"href":"https:\/\/jornalfatosenoticias.com.br\/index.php\/wp-json\/wp\/v2\/comments?post=27898"}],"version-history":[{"count":0,"href":"https:\/\/jornalfatosenoticias.com.br\/index.php\/wp-json\/wp\/v2\/posts\/27898\/revisions"}],"wp:featuredmedia":[{"embeddable":true,"href":"https:\/\/jornalfatosenoticias.com.br\/index.php\/wp-json\/wp\/v2\/media\/27899"}],"wp:attachment":[{"href":"https:\/\/jornalfatosenoticias.com.br\/index.php\/wp-json\/wp\/v2\/media?parent=27898"}],"wp:term":[{"taxonomy":"category","embeddable":true,"href":"https:\/\/jornalfatosenoticias.com.br\/index.php\/wp-json\/wp\/v2\/categories?post=27898"},{"taxonomy":"post_tag","embeddable":true,"href":"https:\/\/jornalfatosenoticias.com.br\/index.php\/wp-json\/wp\/v2\/tags?post=27898"}],"curies":[{"name":"wp","href":"https:\/\/api.w.org\/{rel}","templated":true}]}}