{"id":27901,"date":"2022-02-15T10:33:53","date_gmt":"2022-02-15T13:33:53","guid":{"rendered":"https:\/\/jornalfatosenoticias.com.br\/?p=27901"},"modified":"2022-02-15T10:33:59","modified_gmt":"2022-02-15T13:33:59","slug":"13o-forum-permanente-dos-prefeitos-da-bacia-do-rio-doce","status":"publish","type":"post","link":"https:\/\/jornalfatosenoticias.com.br\/index.php\/2022\/02\/15\/13o-forum-permanente-dos-prefeitos-da-bacia-do-rio-doce\/","title":{"rendered":"13\u00ba F\u00f3rum Permanente dos Prefeitos da Bacia do Rio Doce"},"content":{"rendered":"\n<p><em><span class=\"has-inline-color has-black-color\">Prefeitos reprovam governan\u00e7a da Funda\u00e7\u00e3o Renova<\/span><\/em><\/p>\n\n\n\n<p>Aconteceu nesta semana, dias 13 e 14, no Centro de Turismo Social e Lazer de Praia Formosa (Sesc), em Aracruz, o 13\u00ba F\u00f3rum Permanente dos Prefeitos da Bacia do Rio Doce, que contou com a presen\u00e7a do ministro do Meio Ambiente, Joaquim Leite, do governador Casagrande, de deputados federais e autoridades e mais de 50 prefeitos capixabas e mineiros que tiveram seus munic\u00edpios atingidos pelo maior crime socioambiental do Pa\u00eds, ocorrido em 05 de novembro de 2015, que foi o rompimento da barragem de Fund\u00e3o, distrito do munic\u00edpio de Mariana\/MG, pela mineradora Samarco S.A.<br>O F\u00f3rum, que foi criado pelo prefeito Duarte J\u00fanior, prefeito de Mariana \u00e0 \u00e9poca do rompimento, tem como finalidade buscar mecanismos e recursos para superar as dificuldades enfrentadas pelos munic\u00edpios atingidos. At\u00e9 hoje, muitos deles sofrem com o despejo de mais de 50 milh\u00f5es de tonelada de lama t\u00f3xica no Rio Doce, por isso, o evento tem como principal pauta a \u201cRepactua\u00e7\u00e3o dos Recursos\u201d que, segundo os prefeitos, o pacto inicial com a gestora \u2014 Funda\u00e7\u00e3o \u2014 Renova \u00e9 muito burocr\u00e1tico e de dif\u00edcil acesso.<br>Para o prefeito de Fund\u00e3o (ES), Gilmar Borges, o principal objetivo do F\u00f3rum \u00e9, sobretudo, para n\u00f3s, do Esp\u00edrito Santo, mostrar para a sociedade e para a Funda\u00e7\u00e3o Renova que a necessidade e a exig\u00eancia feitas s\u00e3o para que os danos que foram causados pelo desastre provocado pela mineradora Samarco sejam reparados.<\/p>\n\n\n\n<figure class=\"wp-block-image size-large\"><img loading=\"lazy\" decoding=\"async\" width=\"1000\" height=\"571\" src=\"https:\/\/jornalfatosenoticias.com.br\/wp-content\/uploads\/2022\/02\/Forum-461.jpg\" alt=\"\" class=\"wp-image-27902\" srcset=\"https:\/\/jornalfatosenoticias.com.br\/wp-content\/uploads\/2022\/02\/Forum-461.jpg 1000w, https:\/\/jornalfatosenoticias.com.br\/wp-content\/uploads\/2022\/02\/Forum-461-300x171.jpg 300w, https:\/\/jornalfatosenoticias.com.br\/wp-content\/uploads\/2022\/02\/Forum-461-768x439.jpg 768w\" sizes=\"auto, (max-width: 1000px) 100vw, 1000px\" \/><figcaption><em><span class=\"has-inline-color has-black-color\">Prefeitos e autoridades se re\u00fanem no 13\u00ba F\u00f3rum Permanente de Prefeitos da Bacia do Rio Doce (Foto: Haroldo Filho\/F&amp;N)<\/span><\/em><\/figcaption><\/figure>\n\n\n\n<blockquote class=\"wp-block-quote is-layout-flow wp-block-quote-is-layout-flow\"><p><span class=\"has-inline-color has-luminous-vivid-orange-color\">\u201cRessalto sempre que o dano ambiental dificilmente recuperaremos na sua totalidade, mas podemos criar fatores novos que possam ter os danos mitigados e deixar a natureza se recriar. O F\u00f3rum tem como objetivo mostrar para a sociedade e para a Funda\u00e7\u00e3o Renova que a necessidade e a exig\u00eancia que est\u00e3o sendo feitas aqui s\u00e3o para os danos que foram causados pela mineradora Samarco, sejam reparados. Nosso munic\u00edpio foi afetado no litoral, no distrito de Praia Grande, e tivemos problema com evas\u00e3o de turistas, perdas de neg\u00f3cios, desvaloriza\u00e7\u00e3o imobili\u00e1ria e o mais importante, o preju\u00edzo marinho\u201d, lamentou o prefeito fund\u00e3oense.<\/span><\/p><\/blockquote>\n\n\n\n<figure class=\"wp-block-image size-large\"><img decoding=\"async\" src=\"https:\/\/jornalfatosenoticias.com.br\/wp-content\/uploads\/2022\/02\/Logo_Mizu-1024x201.png\" alt=\"\" class=\"wp-image-27859\"\/><\/figure>\n\n\n\n<p>Gilmar salientou ainda que \u00e9 importante ressaltar que alguns danos ainda n\u00e3o foram identificados, e o Rio Doce n\u00e3o \u00e9 mais o mesmo, pois v\u00e1rios fatores [elementos qu\u00edmicos] vieram e provocaram rea\u00e7\u00f5es qu\u00edmicas e que a sociedade ter\u00e1 que conviver com essa realidade, por isso ele destaca que \u00e9 remodelar o pacto inicial. Para o prefeito, o meio ambiente precisa ser respeitado porque o dano ambiental precisaria ser melhor tratado pelo poder p\u00fablico, incluindo o Poder Judici\u00e1rio. <\/p>\n\n\n\n<blockquote class=\"wp-block-quote is-layout-flow wp-block-quote-is-layout-flow\"><p><span class=\"has-inline-color has-luminous-vivid-orange-color\">\u201cN\u00e3o se pode conceber que para um dano, cuja natureza jur\u00eddica \u00e9 de obriga\u00e7\u00e3o objetiva, fique tanto tempo discutindo-se uma solu\u00e7\u00e3o. A obriga\u00e7\u00e3o da Funda\u00e7\u00e3o Renova \u00e9 objetiva e n\u00e3o se discute a culpa ou n\u00e3o, basta a exist\u00eancia do dano para que se atribua a responsabilidade do agente causador. Por isso, a necessidade da repactua\u00e7\u00e3o dos recursos devidos\u201d, defende Gilmar.<\/span><\/p><\/blockquote>\n\n\n\n<p>Juliano Duarte, prefeito de Mariana, munic\u00edpio onde ocorreu o rompimento, disse que o f\u00f3rum cresceu muito desde o seu surgimento com o fundador Duarte J\u00fanior, que conseguiu uma uni\u00e3o com todos os prefeitos de Minas Gerais e do Esp\u00edrito Santo, na \u00e9poca.<\/p>\n\n\n\n<figure class=\"wp-block-image size-large\"><img loading=\"lazy\" decoding=\"async\" width=\"1000\" height=\"666\" src=\"https:\/\/jornalfatosenoticias.com.br\/wp-content\/uploads\/2022\/02\/DSC_0645.jpg\" alt=\"\" class=\"wp-image-27903\" srcset=\"https:\/\/jornalfatosenoticias.com.br\/wp-content\/uploads\/2022\/02\/DSC_0645.jpg 1000w, https:\/\/jornalfatosenoticias.com.br\/wp-content\/uploads\/2022\/02\/DSC_0645-300x200.jpg 300w, https:\/\/jornalfatosenoticias.com.br\/wp-content\/uploads\/2022\/02\/DSC_0645-768x511.jpg 768w\" sizes=\"auto, (max-width: 1000px) 100vw, 1000px\" \/><figcaption><em><span class=\"has-inline-color has-black-color\">Juliano Duarte, prefeito de Mariana\/MG (Foto: Haroldo Filho\/F&amp;N)<\/span><\/em><\/figcaption><\/figure>\n\n\n\n<blockquote class=\"wp-block-quote is-layout-flow wp-block-quote-is-layout-flow\"><p><span class=\"has-inline-color has-luminous-vivid-orange-color\">\u201cHoje, o F\u00f3rum conta com quase cinquenta prefeitos participantes e todos n\u00f3s esperamos que o modelo gestacional seja modificado. Com a Repactua\u00e7\u00e3o, principal reivindica\u00e7\u00e3o desse F\u00f3rum, esperamos que os recursos sejam repassados diretamente aos munic\u00edpios atingidos, direta ou indiretamente. O problema iniciou em Mariana, na barragem de Fund\u00e3o, mas passou por v\u00e1rias cidades e por dois Estados, atrav\u00e9s do Rio Doce. Alguns munic\u00edpios, que n\u00e3o faziam parte do grupo, agora fazem. A repactua\u00e7\u00e3o est\u00e1 avan\u00e7ando com a presen\u00e7a dos governos estaduais de Minas Gerais e do Esp\u00edrito Santo e do Governo Federal. Esperamos que, at\u00e9 o m\u00eas de abril, essa repactua\u00e7\u00e3o seja finalizada e os recursos sejam repassados diretamente para as prefeituras, assim conseguiremos realizar pol\u00edticas p\u00fablicas, amenizando o sofrimento das pessoas que sofrem at\u00e9 hoje com o desastre&#8221;, destacou Juliano.<\/span><\/p><\/blockquote>\n\n\n\n<figure class=\"wp-block-image size-large\"><img decoding=\"async\" src=\"https:\/\/jornalfatosenoticias.com.br\/wp-content\/uploads\/2020\/02\/Serra-Grande-1024x160.png\" alt=\"\" class=\"wp-image-7836\"\/><\/figure>\n\n\n\n<p>O F\u00f3rum vem ganhando for\u00e7a para que, de fato, a gente possa poder \u2014 o mais breve poss\u00edvel \u2014 extinguir a Funda\u00e7\u00e3o Renova do processo e que o repasse seja feito diretamente direcionado \u00e0s pessoas que dependem e para os prefeitos municipais. Fica mais f\u00e1cil. Outra coisa \u00e9 o custo da Fund\u00e3o Renova, ele \u00e9 alto. <\/p>\n\n\n\n<blockquote class=\"wp-block-quote is-layout-flow wp-block-quote-is-layout-flow\"><p><span class=\"has-inline-color has-luminous-vivid-orange-color\">&#8220;A Funda\u00e7\u00e3o Renova \u00e9 auditado pelo Minist\u00e9rio P\u00fablico das funda\u00e7\u00f5es, voc\u00ea n\u00e3o consegue ter acesso, como disse antes, as consultorias s\u00e3o caras, com pre\u00e7os absurdos, as obras com pre\u00e7os muito mais caros, o poder p\u00fablico poderia realizar essas obras. Com isso, os recursos est\u00e3o indo embora e os benef\u00edcios n\u00e3o est\u00e3o chegando at\u00e9 a popula\u00e7\u00e3o que realmente precisa\u201d, adverte o prefeito mineiro.<\/span><\/p><\/blockquote>\n\n\n\n<p>Vice-prefeito de Fund\u00e3o, o empres\u00e1rio, Murilo Coutinho, parabenizou o munic\u00edpio de Aracruz, anfitri\u00e3o do evento, pela organiza\u00e7\u00e3o. Para Murilo, o F\u00f3rum \u00e9 muito importante para as cidades afetadas, como aconteceu com Fund\u00e3o. <\/p>\n\n\n\n<blockquote class=\"wp-block-quote is-layout-flow wp-block-quote-is-layout-flow\"><p><span class=\"has-inline-color has-luminous-vivid-orange-color\">\u201cNosso munic\u00edpio \u00e9 pequeno, com 23 mil habitantes e como 60% da renda de Fund\u00e3o derivam de Praia Grande, oriundos dos impostos imobili\u00e1rios, foi not\u00f3rio que depois do rompimento, tivemos perdas, com cancelamentos de hot\u00e9is e pousadas, os im\u00f3veis se desvalorizaram e a constru\u00e7\u00e3o civil estacionou, foi um dano silencioso, n\u00e3o t\u00ednhamos como mensurar o preju\u00edzo. O F\u00f3rum foi criado com a necessidade de quando foi criada a funda\u00e7\u00e3o, que seria respons\u00e1vel pelo repasse das indeniza\u00e7\u00f5es e, na ocasi\u00e3o, havia um consenso de repara\u00e7\u00e3o onde a verba se destinasse aos estados, mas, hoje, os prefeitos acreditam que essas verbas seriam melhor utilizadas se fossem direcionadas diretamente aos munic\u00edpios. Eles \u00e9 que conhecem a real dificuldade dos que foram afetados\u201d, explicou Murilo.<\/span><\/p><\/blockquote>\n\n\n\n<div class=\"wp-block-image\"><figure class=\"alignright size-large is-resized\"><img loading=\"lazy\" decoding=\"async\" src=\"https:\/\/jornalfatosenoticias.com.br\/wp-content\/uploads\/2020\/02\/logo-Saudali.jpg\" alt=\"\" class=\"wp-image-27535\" width=\"246\" height=\"172\"\/><\/figure><\/div>\n\n\n\n<p>Guerino Balestrassi, prefeito de Colatina, falou que trazer o 13\u00ba F\u00f3rum dos Munic\u00edpios para debater a quest\u00e3o da Bacia do Rio Doce e a repactua\u00e7\u00e3o, foi extremamente importante. <\/p>\n\n\n\n<blockquote class=\"wp-block-quote is-layout-flow wp-block-quote-is-layout-flow\"><p><span class=\"has-inline-color has-luminous-vivid-orange-color\">\u201cFoi importante trazermos esse F\u00f3rum para o nosso Estado e quero parabenizar o Coutinho, prefeito desse magn\u00edfico munic\u00edpio que \u00e9 Aracruz. O nosso munic\u00edpio, Colatina, vem participando ativamente desse processo, sou o vice-presidente do F\u00f3rum e ajudo na coordena\u00e7\u00e3o desse projeto fazendo com que esse debate tenha muito mais qualidade. Temos informa\u00e7\u00f5es bastantes relevantes para buscar recursos que ajudar\u00e3o a resolver os graves problemas que vieram com a trag\u00e9dia de Mariana\u201d, alega.<\/span><\/p><\/blockquote>\n\n\n\n<p>O prefeito mineiro Raulisson Morais, de A\u00e7ucena, conhecido como Nem do Duta, disse ter ficado bastante satisfeito com o F\u00f3rum. <\/p>\n\n\n\n<figure class=\"wp-block-image size-large\"><img loading=\"lazy\" decoding=\"async\" width=\"1000\" height=\"730\" src=\"https:\/\/jornalfatosenoticias.com.br\/wp-content\/uploads\/2022\/02\/Prefeito-Acucena.jpg\" alt=\"\" class=\"wp-image-27904\" srcset=\"https:\/\/jornalfatosenoticias.com.br\/wp-content\/uploads\/2022\/02\/Prefeito-Acucena.jpg 1000w, https:\/\/jornalfatosenoticias.com.br\/wp-content\/uploads\/2022\/02\/Prefeito-Acucena-300x219.jpg 300w, https:\/\/jornalfatosenoticias.com.br\/wp-content\/uploads\/2022\/02\/Prefeito-Acucena-768x561.jpg 768w\" sizes=\"auto, (max-width: 1000px) 100vw, 1000px\" \/><figcaption><em><span class=\"has-inline-color has-black-color\">Raulisson Morais, prefeito de A\u00e7ucena\/MG (Foto: Haroldo Filho\/F&amp;N)<\/span><\/em><\/figcaption><\/figure>\n\n\n\n<blockquote class=\"wp-block-quote is-layout-flow wp-block-quote-is-layout-flow\"><p><span class=\"has-inline-color has-luminous-vivid-orange-color\">\u201cEstou feliz, porque muitos munic\u00edpios atingidos, como o nosso, direta ou indiretamente, agora fazem parte do grupo e isso fortalece bastante, ganharemos mais visibilidade. O munic\u00edpio de A\u00e7ucena \u00e9 pequeno, a popula\u00e7\u00e3o \u00e9 de aproximadamente 10 mil habitantes e a regi\u00e3o \u00e9 banhada pelos rios Doce, Santo Ant\u00f4nio e Corrente, por isso sofremos um impacto grande com o rompimento da barragem de Mariana\u201d, lamentou o prefeito.<\/span><\/p><\/blockquote>\n\n\n\n<p>Joaquim Leite, ministro do Meio Ambiente, sobrevoou a foz do Rio Doce, em Reg\u00eancia e, em seu pronunciamento, disse que, nas primeiras reuni\u00f5es que teve com o presidente Jair Bolsonaro, exp\u00f4s o caso a ele e algumas condi\u00e7\u00f5es para amenizar o problema. <\/p>\n\n\n\n<figure class=\"wp-block-image size-large\"><img loading=\"lazy\" decoding=\"async\" width=\"1000\" height=\"969\" src=\"https:\/\/jornalfatosenoticias.com.br\/wp-content\/uploads\/2022\/02\/Joaquim-Leite-BBB.jpg\" alt=\"\" class=\"wp-image-27905\" srcset=\"https:\/\/jornalfatosenoticias.com.br\/wp-content\/uploads\/2022\/02\/Joaquim-Leite-BBB.jpg 1000w, https:\/\/jornalfatosenoticias.com.br\/wp-content\/uploads\/2022\/02\/Joaquim-Leite-BBB-300x291.jpg 300w, https:\/\/jornalfatosenoticias.com.br\/wp-content\/uploads\/2022\/02\/Joaquim-Leite-BBB-768x744.jpg 768w\" sizes=\"auto, (max-width: 1000px) 100vw, 1000px\" \/><figcaption><em><span class=\"has-inline-color has-black-color\">Ministro do Meio Ambiente, Joaquim Leite (Foto: Haroldo Filho\/F&amp;N)<\/span><\/em><\/figcaption><\/figure>\n\n\n\n<blockquote class=\"wp-block-quote is-layout-flow wp-block-quote-is-layout-flow\"><p><span class=\"has-inline-color has-luminous-vivid-orange-color\">\u201cExpus o problema e algumas solu\u00e7\u00f5es para o presidente e ele me deu autonomia, pedindo uma atua\u00e7\u00e3o r\u00edgida e r\u00e1pida para transformar a vida das pessoas que vivem nas regi\u00f5es afetadas de maneira mais eficiente de tudo daquilo que j\u00e1 foi feito at\u00e9 hoje e rigor na aplica\u00e7\u00e3o da lei aos envolvidos nesse crime ambiental de tamanha propor\u00e7\u00e3o\u201d, assegurou o ministro.<\/span><\/p><\/blockquote>\n\n\n\n<div class=\"wp-block-image\"><figure class=\"aligncenter size-large\"><img decoding=\"async\" src=\"https:\/\/jornalfatosenoticias.com.br\/wp-content\/uploads\/2022\/02\/Serra-Pack-459.png\" alt=\"\" class=\"wp-image-27471\"\/><\/figure><\/div>\n\n\n\n<p><em><span class=\"has-inline-color has-vivid-red-color\"><strong>Legenda foto de capa: <\/strong>Murilo Coutinho, Guerino, Dr. Coutinho (anfitri\u00e3o) e Gilmar Borges<\/span><\/em><\/p>\n","protected":false},"excerpt":{"rendered":"<p>Prefeitos reprovam governan\u00e7a da Funda\u00e7\u00e3o Renova Aconteceu nesta semana, dias 13 e 14, no Centro de Turismo Social e Lazer de Praia Formosa (Sesc), em Aracruz, o 13\u00ba F\u00f3rum Permanente dos Prefeitos da Bacia do Rio Doce, que contou com a presen\u00e7a do ministro do Meio Ambiente, Joaquim Leite, do governador Casagrande, de deputados federais [&hellip;]<\/p>\n","protected":false},"author":3,"featured_media":27906,"comment_status":"open","ping_status":"open","sticky":false,"template":"","format":"standard","meta":{"footnotes":""},"categories":[8],"tags":[8041,13033,13307,13305,945,13306,3538,750,11080],"class_list":["post-27901","post","type-post","status-publish","format-standard","has-post-thumbnail","hentry","category-meio-ambiente","tag-bacia-do-rio-doce","tag-desastre-ambiental","tag-forum","tag-forum-permanente-dos-prefeitos-da-bacia-do-rio-doce","tag-meio-ambiente","tag-ministro-do-meio-ambiente","tag-prefeitos","tag-samarco","tag-tragedia-de-mariana"],"yoast_head":"<!-- This site is optimized with the Yoast SEO plugin v26.5 - https:\/\/yoast.com\/wordpress\/plugins\/seo\/ -->\n<title>13\u00ba F\u00f3rum Permanente dos Prefeitos da Bacia do Rio Doce - Jornal Fatos e Not\u00edcias<\/title>\n<meta name=\"robots\" content=\"index, follow, max-snippet:-1, max-image-preview:large, max-video-preview:-1\" \/>\n<link rel=\"canonical\" href=\"https:\/\/jornalfatosenoticias.com.br\/index.php\/2022\/02\/15\/13o-forum-permanente-dos-prefeitos-da-bacia-do-rio-doce\/\" \/>\n<meta property=\"og:locale\" content=\"pt_BR\" \/>\n<meta property=\"og:type\" content=\"article\" \/>\n<meta property=\"og:title\" content=\"13\u00ba F\u00f3rum Permanente dos Prefeitos da Bacia do Rio Doce - Jornal Fatos e Not\u00edcias\" \/>\n<meta property=\"og:description\" content=\"Prefeitos reprovam governan\u00e7a da Funda\u00e7\u00e3o Renova Aconteceu nesta semana, dias 13 e 14, no Centro de Turismo Social e Lazer de Praia Formosa (Sesc), em Aracruz, o 13\u00ba F\u00f3rum Permanente dos Prefeitos da Bacia do Rio Doce, que contou com a presen\u00e7a do ministro do Meio Ambiente, Joaquim Leite, do governador Casagrande, de deputados federais [&hellip;]\" \/>\n<meta property=\"og:url\" content=\"https:\/\/jornalfatosenoticias.com.br\/index.php\/2022\/02\/15\/13o-forum-permanente-dos-prefeitos-da-bacia-do-rio-doce\/\" \/>\n<meta property=\"og:site_name\" content=\"Jornal Fatos e Not\u00edcias\" \/>\n<meta property=\"article:published_time\" content=\"2022-02-15T13:33:53+00:00\" \/>\n<meta property=\"article:modified_time\" content=\"2022-02-15T13:33:59+00:00\" \/>\n<meta property=\"og:image\" content=\"https:\/\/jornalfatosenoticias.com.br\/wp-content\/uploads\/2022\/02\/DSC_0685.jpg\" \/>\n\t<meta property=\"og:image:width\" content=\"1000\" \/>\n\t<meta property=\"og:image:height\" content=\"584\" \/>\n\t<meta property=\"og:image:type\" content=\"image\/jpeg\" \/>\n<meta name=\"author\" content=\"Haroldo Filho\" \/>\n<meta name=\"twitter:card\" content=\"summary_large_image\" \/>\n<meta name=\"twitter:label1\" content=\"Escrito por\" \/>\n\t<meta name=\"twitter:data1\" content=\"Haroldo Filho\" \/>\n\t<meta name=\"twitter:label2\" content=\"Est. tempo de leitura\" \/>\n\t<meta name=\"twitter:data2\" content=\"7 minutos\" \/>\n<script type=\"application\/ld+json\" class=\"yoast-schema-graph\">{\"@context\":\"https:\/\/schema.org\",\"@graph\":[{\"@type\":\"Article\",\"@id\":\"https:\/\/jornalfatosenoticias.com.br\/index.php\/2022\/02\/15\/13o-forum-permanente-dos-prefeitos-da-bacia-do-rio-doce\/#article\",\"isPartOf\":{\"@id\":\"https:\/\/jornalfatosenoticias.com.br\/index.php\/2022\/02\/15\/13o-forum-permanente-dos-prefeitos-da-bacia-do-rio-doce\/\"},\"author\":{\"name\":\"Haroldo Filho\",\"@id\":\"https:\/\/jornalfatosenoticias.com.br\/#\/schema\/person\/05c46cc25b42a5c27e004fb0fa6b4965\"},\"headline\":\"13\u00ba F\u00f3rum Permanente dos Prefeitos da Bacia do Rio Doce\",\"datePublished\":\"2022-02-15T13:33:53+00:00\",\"dateModified\":\"2022-02-15T13:33:59+00:00\",\"mainEntityOfPage\":{\"@id\":\"https:\/\/jornalfatosenoticias.com.br\/index.php\/2022\/02\/15\/13o-forum-permanente-dos-prefeitos-da-bacia-do-rio-doce\/\"},\"wordCount\":1414,\"commentCount\":0,\"publisher\":{\"@id\":\"https:\/\/jornalfatosenoticias.com.br\/#organization\"},\"image\":{\"@id\":\"https:\/\/jornalfatosenoticias.com.br\/index.php\/2022\/02\/15\/13o-forum-permanente-dos-prefeitos-da-bacia-do-rio-doce\/#primaryimage\"},\"thumbnailUrl\":\"https:\/\/jornalfatosenoticias.com.br\/wp-content\/uploads\/2022\/02\/DSC_0685.jpg\",\"keywords\":[\"Bacia do Rio Doce\",\"desastre ambiental\",\"f\u00f3rum\",\"F\u00f3rum Permanente dos Prefeitos da Bacia do Rio Doce\",\"meio ambiente\",\"ministro do Meio Ambiente\",\"prefeitos\",\"Samarco\",\"trag\u00e9dia de Mariana\"],\"articleSection\":[\"Meio ambiente\"],\"inLanguage\":\"pt-BR\",\"potentialAction\":[{\"@type\":\"CommentAction\",\"name\":\"Comment\",\"target\":[\"https:\/\/jornalfatosenoticias.com.br\/index.php\/2022\/02\/15\/13o-forum-permanente-dos-prefeitos-da-bacia-do-rio-doce\/#respond\"]}]},{\"@type\":\"WebPage\",\"@id\":\"https:\/\/jornalfatosenoticias.com.br\/index.php\/2022\/02\/15\/13o-forum-permanente-dos-prefeitos-da-bacia-do-rio-doce\/\",\"url\":\"https:\/\/jornalfatosenoticias.com.br\/index.php\/2022\/02\/15\/13o-forum-permanente-dos-prefeitos-da-bacia-do-rio-doce\/\",\"name\":\"13\u00ba F\u00f3rum Permanente dos Prefeitos da Bacia do Rio Doce - Jornal Fatos e Not\u00edcias\",\"isPartOf\":{\"@id\":\"https:\/\/jornalfatosenoticias.com.br\/#website\"},\"primaryImageOfPage\":{\"@id\":\"https:\/\/jornalfatosenoticias.com.br\/index.php\/2022\/02\/15\/13o-forum-permanente-dos-prefeitos-da-bacia-do-rio-doce\/#primaryimage\"},\"image\":{\"@id\":\"https:\/\/jornalfatosenoticias.com.br\/index.php\/2022\/02\/15\/13o-forum-permanente-dos-prefeitos-da-bacia-do-rio-doce\/#primaryimage\"},\"thumbnailUrl\":\"https:\/\/jornalfatosenoticias.com.br\/wp-content\/uploads\/2022\/02\/DSC_0685.jpg\",\"datePublished\":\"2022-02-15T13:33:53+00:00\",\"dateModified\":\"2022-02-15T13:33:59+00:00\",\"breadcrumb\":{\"@id\":\"https:\/\/jornalfatosenoticias.com.br\/index.php\/2022\/02\/15\/13o-forum-permanente-dos-prefeitos-da-bacia-do-rio-doce\/#breadcrumb\"},\"inLanguage\":\"pt-BR\",\"potentialAction\":[{\"@type\":\"ReadAction\",\"target\":[\"https:\/\/jornalfatosenoticias.com.br\/index.php\/2022\/02\/15\/13o-forum-permanente-dos-prefeitos-da-bacia-do-rio-doce\/\"]}]},{\"@type\":\"ImageObject\",\"inLanguage\":\"pt-BR\",\"@id\":\"https:\/\/jornalfatosenoticias.com.br\/index.php\/2022\/02\/15\/13o-forum-permanente-dos-prefeitos-da-bacia-do-rio-doce\/#primaryimage\",\"url\":\"https:\/\/jornalfatosenoticias.com.br\/wp-content\/uploads\/2022\/02\/DSC_0685.jpg\",\"contentUrl\":\"https:\/\/jornalfatosenoticias.com.br\/wp-content\/uploads\/2022\/02\/DSC_0685.jpg\",\"width\":1000,\"height\":584},{\"@type\":\"BreadcrumbList\",\"@id\":\"https:\/\/jornalfatosenoticias.com.br\/index.php\/2022\/02\/15\/13o-forum-permanente-dos-prefeitos-da-bacia-do-rio-doce\/#breadcrumb\",\"itemListElement\":[{\"@type\":\"ListItem\",\"position\":1,\"name\":\"In\u00edcio\",\"item\":\"https:\/\/jornalfatosenoticias.com.br\/\"},{\"@type\":\"ListItem\",\"position\":2,\"name\":\"13\u00ba F\u00f3rum Permanente dos Prefeitos da Bacia do Rio Doce\"}]},{\"@type\":\"WebSite\",\"@id\":\"https:\/\/jornalfatosenoticias.com.br\/#website\",\"url\":\"https:\/\/jornalfatosenoticias.com.br\/\",\"name\":\"Jornal Fatos e Not\u00edcias\",\"description\":\"Not\u00edcias em geral\",\"publisher\":{\"@id\":\"https:\/\/jornalfatosenoticias.com.br\/#organization\"},\"potentialAction\":[{\"@type\":\"SearchAction\",\"target\":{\"@type\":\"EntryPoint\",\"urlTemplate\":\"https:\/\/jornalfatosenoticias.com.br\/?s={search_term_string}\"},\"query-input\":{\"@type\":\"PropertyValueSpecification\",\"valueRequired\":true,\"valueName\":\"search_term_string\"}}],\"inLanguage\":\"pt-BR\"},{\"@type\":\"Organization\",\"@id\":\"https:\/\/jornalfatosenoticias.com.br\/#organization\",\"name\":\"Jornal Fatos e Not\u00edcias\",\"url\":\"https:\/\/jornalfatosenoticias.com.br\/\",\"logo\":{\"@type\":\"ImageObject\",\"inLanguage\":\"pt-BR\",\"@id\":\"https:\/\/jornalfatosenoticias.com.br\/#\/schema\/logo\/image\/\",\"url\":\"https:\/\/jornalfatosenoticias.com.br\/wp-content\/uploads\/2020\/02\/logo120.png\",\"contentUrl\":\"https:\/\/jornalfatosenoticias.com.br\/wp-content\/uploads\/2020\/02\/logo120.png\",\"width\":1227,\"height\":120,\"caption\":\"Jornal Fatos e Not\u00edcias\"},\"image\":{\"@id\":\"https:\/\/jornalfatosenoticias.com.br\/#\/schema\/logo\/image\/\"}},{\"@type\":\"Person\",\"@id\":\"https:\/\/jornalfatosenoticias.com.br\/#\/schema\/person\/05c46cc25b42a5c27e004fb0fa6b4965\",\"name\":\"Haroldo Filho\",\"image\":{\"@type\":\"ImageObject\",\"inLanguage\":\"pt-BR\",\"@id\":\"https:\/\/jornalfatosenoticias.com.br\/#\/schema\/person\/image\/\",\"url\":\"https:\/\/jornalfatosenoticias.com.br\/wp-content\/uploads\/2025\/08\/WhatsApp-Image-2025-08-18-at-15.30.28-150x150.jpeg\",\"contentUrl\":\"https:\/\/jornalfatosenoticias.com.br\/wp-content\/uploads\/2025\/08\/WhatsApp-Image-2025-08-18-at-15.30.28-150x150.jpeg\",\"caption\":\"Haroldo Filho\"},\"description\":\"Jornalista \u2013 DRT: 0003818\/ES Coordenador-geral da ONG Educar para Crescer\",\"url\":\"https:\/\/jornalfatosenoticias.com.br\/index.php\/author\/haroldo\/\"}]}<\/script>\n<!-- \/ Yoast SEO plugin. -->","yoast_head_json":{"title":"13\u00ba F\u00f3rum Permanente dos Prefeitos da Bacia do Rio Doce - Jornal Fatos e Not\u00edcias","robots":{"index":"index","follow":"follow","max-snippet":"max-snippet:-1","max-image-preview":"max-image-preview:large","max-video-preview":"max-video-preview:-1"},"canonical":"https:\/\/jornalfatosenoticias.com.br\/index.php\/2022\/02\/15\/13o-forum-permanente-dos-prefeitos-da-bacia-do-rio-doce\/","og_locale":"pt_BR","og_type":"article","og_title":"13\u00ba F\u00f3rum Permanente dos Prefeitos da Bacia do Rio Doce - Jornal Fatos e Not\u00edcias","og_description":"Prefeitos reprovam governan\u00e7a da Funda\u00e7\u00e3o Renova Aconteceu nesta semana, dias 13 e 14, no Centro de Turismo Social e Lazer de Praia Formosa (Sesc), em Aracruz, o 13\u00ba F\u00f3rum Permanente dos Prefeitos da Bacia do Rio Doce, que contou com a presen\u00e7a do ministro do Meio Ambiente, Joaquim Leite, do governador Casagrande, de deputados federais [&hellip;]","og_url":"https:\/\/jornalfatosenoticias.com.br\/index.php\/2022\/02\/15\/13o-forum-permanente-dos-prefeitos-da-bacia-do-rio-doce\/","og_site_name":"Jornal Fatos e Not\u00edcias","article_published_time":"2022-02-15T13:33:53+00:00","article_modified_time":"2022-02-15T13:33:59+00:00","og_image":[{"width":1000,"height":584,"url":"https:\/\/jornalfatosenoticias.com.br\/wp-content\/uploads\/2022\/02\/DSC_0685.jpg","type":"image\/jpeg"}],"author":"Haroldo Filho","twitter_card":"summary_large_image","twitter_misc":{"Escrito por":"Haroldo Filho","Est. tempo de leitura":"7 minutos"},"schema":{"@context":"https:\/\/schema.org","@graph":[{"@type":"Article","@id":"https:\/\/jornalfatosenoticias.com.br\/index.php\/2022\/02\/15\/13o-forum-permanente-dos-prefeitos-da-bacia-do-rio-doce\/#article","isPartOf":{"@id":"https:\/\/jornalfatosenoticias.com.br\/index.php\/2022\/02\/15\/13o-forum-permanente-dos-prefeitos-da-bacia-do-rio-doce\/"},"author":{"name":"Haroldo Filho","@id":"https:\/\/jornalfatosenoticias.com.br\/#\/schema\/person\/05c46cc25b42a5c27e004fb0fa6b4965"},"headline":"13\u00ba F\u00f3rum Permanente dos Prefeitos da Bacia do Rio Doce","datePublished":"2022-02-15T13:33:53+00:00","dateModified":"2022-02-15T13:33:59+00:00","mainEntityOfPage":{"@id":"https:\/\/jornalfatosenoticias.com.br\/index.php\/2022\/02\/15\/13o-forum-permanente-dos-prefeitos-da-bacia-do-rio-doce\/"},"wordCount":1414,"commentCount":0,"publisher":{"@id":"https:\/\/jornalfatosenoticias.com.br\/#organization"},"image":{"@id":"https:\/\/jornalfatosenoticias.com.br\/index.php\/2022\/02\/15\/13o-forum-permanente-dos-prefeitos-da-bacia-do-rio-doce\/#primaryimage"},"thumbnailUrl":"https:\/\/jornalfatosenoticias.com.br\/wp-content\/uploads\/2022\/02\/DSC_0685.jpg","keywords":["Bacia do Rio Doce","desastre ambiental","f\u00f3rum","F\u00f3rum Permanente dos Prefeitos da Bacia do Rio Doce","meio ambiente","ministro do Meio Ambiente","prefeitos","Samarco","trag\u00e9dia de Mariana"],"articleSection":["Meio ambiente"],"inLanguage":"pt-BR","potentialAction":[{"@type":"CommentAction","name":"Comment","target":["https:\/\/jornalfatosenoticias.com.br\/index.php\/2022\/02\/15\/13o-forum-permanente-dos-prefeitos-da-bacia-do-rio-doce\/#respond"]}]},{"@type":"WebPage","@id":"https:\/\/jornalfatosenoticias.com.br\/index.php\/2022\/02\/15\/13o-forum-permanente-dos-prefeitos-da-bacia-do-rio-doce\/","url":"https:\/\/jornalfatosenoticias.com.br\/index.php\/2022\/02\/15\/13o-forum-permanente-dos-prefeitos-da-bacia-do-rio-doce\/","name":"13\u00ba F\u00f3rum Permanente dos Prefeitos da Bacia do Rio Doce - Jornal Fatos e Not\u00edcias","isPartOf":{"@id":"https:\/\/jornalfatosenoticias.com.br\/#website"},"primaryImageOfPage":{"@id":"https:\/\/jornalfatosenoticias.com.br\/index.php\/2022\/02\/15\/13o-forum-permanente-dos-prefeitos-da-bacia-do-rio-doce\/#primaryimage"},"image":{"@id":"https:\/\/jornalfatosenoticias.com.br\/index.php\/2022\/02\/15\/13o-forum-permanente-dos-prefeitos-da-bacia-do-rio-doce\/#primaryimage"},"thumbnailUrl":"https:\/\/jornalfatosenoticias.com.br\/wp-content\/uploads\/2022\/02\/DSC_0685.jpg","datePublished":"2022-02-15T13:33:53+00:00","dateModified":"2022-02-15T13:33:59+00:00","breadcrumb":{"@id":"https:\/\/jornalfatosenoticias.com.br\/index.php\/2022\/02\/15\/13o-forum-permanente-dos-prefeitos-da-bacia-do-rio-doce\/#breadcrumb"},"inLanguage":"pt-BR","potentialAction":[{"@type":"ReadAction","target":["https:\/\/jornalfatosenoticias.com.br\/index.php\/2022\/02\/15\/13o-forum-permanente-dos-prefeitos-da-bacia-do-rio-doce\/"]}]},{"@type":"ImageObject","inLanguage":"pt-BR","@id":"https:\/\/jornalfatosenoticias.com.br\/index.php\/2022\/02\/15\/13o-forum-permanente-dos-prefeitos-da-bacia-do-rio-doce\/#primaryimage","url":"https:\/\/jornalfatosenoticias.com.br\/wp-content\/uploads\/2022\/02\/DSC_0685.jpg","contentUrl":"https:\/\/jornalfatosenoticias.com.br\/wp-content\/uploads\/2022\/02\/DSC_0685.jpg","width":1000,"height":584},{"@type":"BreadcrumbList","@id":"https:\/\/jornalfatosenoticias.com.br\/index.php\/2022\/02\/15\/13o-forum-permanente-dos-prefeitos-da-bacia-do-rio-doce\/#breadcrumb","itemListElement":[{"@type":"ListItem","position":1,"name":"In\u00edcio","item":"https:\/\/jornalfatosenoticias.com.br\/"},{"@type":"ListItem","position":2,"name":"13\u00ba F\u00f3rum Permanente dos Prefeitos da Bacia do Rio Doce"}]},{"@type":"WebSite","@id":"https:\/\/jornalfatosenoticias.com.br\/#website","url":"https:\/\/jornalfatosenoticias.com.br\/","name":"Jornal Fatos e Not\u00edcias","description":"Not\u00edcias em geral","publisher":{"@id":"https:\/\/jornalfatosenoticias.com.br\/#organization"},"potentialAction":[{"@type":"SearchAction","target":{"@type":"EntryPoint","urlTemplate":"https:\/\/jornalfatosenoticias.com.br\/?s={search_term_string}"},"query-input":{"@type":"PropertyValueSpecification","valueRequired":true,"valueName":"search_term_string"}}],"inLanguage":"pt-BR"},{"@type":"Organization","@id":"https:\/\/jornalfatosenoticias.com.br\/#organization","name":"Jornal Fatos e Not\u00edcias","url":"https:\/\/jornalfatosenoticias.com.br\/","logo":{"@type":"ImageObject","inLanguage":"pt-BR","@id":"https:\/\/jornalfatosenoticias.com.br\/#\/schema\/logo\/image\/","url":"https:\/\/jornalfatosenoticias.com.br\/wp-content\/uploads\/2020\/02\/logo120.png","contentUrl":"https:\/\/jornalfatosenoticias.com.br\/wp-content\/uploads\/2020\/02\/logo120.png","width":1227,"height":120,"caption":"Jornal Fatos e Not\u00edcias"},"image":{"@id":"https:\/\/jornalfatosenoticias.com.br\/#\/schema\/logo\/image\/"}},{"@type":"Person","@id":"https:\/\/jornalfatosenoticias.com.br\/#\/schema\/person\/05c46cc25b42a5c27e004fb0fa6b4965","name":"Haroldo Filho","image":{"@type":"ImageObject","inLanguage":"pt-BR","@id":"https:\/\/jornalfatosenoticias.com.br\/#\/schema\/person\/image\/","url":"https:\/\/jornalfatosenoticias.com.br\/wp-content\/uploads\/2025\/08\/WhatsApp-Image-2025-08-18-at-15.30.28-150x150.jpeg","contentUrl":"https:\/\/jornalfatosenoticias.com.br\/wp-content\/uploads\/2025\/08\/WhatsApp-Image-2025-08-18-at-15.30.28-150x150.jpeg","caption":"Haroldo Filho"},"description":"Jornalista \u2013 DRT: 0003818\/ES Coordenador-geral da ONG Educar para Crescer","url":"https:\/\/jornalfatosenoticias.com.br\/index.php\/author\/haroldo\/"}]}},"cc_featured_image_caption":{"caption_text":"(Foto: Haroldo Filho\/F&N)","source_text":"","source_url":""},"jetpack_featured_media_url":"https:\/\/jornalfatosenoticias.com.br\/wp-content\/uploads\/2022\/02\/DSC_0685.jpg","_links":{"self":[{"href":"https:\/\/jornalfatosenoticias.com.br\/index.php\/wp-json\/wp\/v2\/posts\/27901","targetHints":{"allow":["GET"]}}],"collection":[{"href":"https:\/\/jornalfatosenoticias.com.br\/index.php\/wp-json\/wp\/v2\/posts"}],"about":[{"href":"https:\/\/jornalfatosenoticias.com.br\/index.php\/wp-json\/wp\/v2\/types\/post"}],"author":[{"embeddable":true,"href":"https:\/\/jornalfatosenoticias.com.br\/index.php\/wp-json\/wp\/v2\/users\/3"}],"replies":[{"embeddable":true,"href":"https:\/\/jornalfatosenoticias.com.br\/index.php\/wp-json\/wp\/v2\/comments?post=27901"}],"version-history":[{"count":0,"href":"https:\/\/jornalfatosenoticias.com.br\/index.php\/wp-json\/wp\/v2\/posts\/27901\/revisions"}],"wp:featuredmedia":[{"embeddable":true,"href":"https:\/\/jornalfatosenoticias.com.br\/index.php\/wp-json\/wp\/v2\/media\/27906"}],"wp:attachment":[{"href":"https:\/\/jornalfatosenoticias.com.br\/index.php\/wp-json\/wp\/v2\/media?parent=27901"}],"wp:term":[{"taxonomy":"category","embeddable":true,"href":"https:\/\/jornalfatosenoticias.com.br\/index.php\/wp-json\/wp\/v2\/categories?post=27901"},{"taxonomy":"post_tag","embeddable":true,"href":"https:\/\/jornalfatosenoticias.com.br\/index.php\/wp-json\/wp\/v2\/tags?post=27901"}],"curies":[{"name":"wp","href":"https:\/\/api.w.org\/{rel}","templated":true}]}}