{"id":27949,"date":"2022-02-15T14:09:29","date_gmt":"2022-02-15T17:09:29","guid":{"rendered":"https:\/\/jornalfatosenoticias.com.br\/?p=27949"},"modified":"2022-02-15T14:09:31","modified_gmt":"2022-02-15T17:09:31","slug":"sagui-e-jiboia-sao-resgatados-avaliados-e-devolvidos-ao-meio-ambiente-em-vitoria","status":"publish","type":"post","link":"https:\/\/jornalfatosenoticias.com.br\/index.php\/2022\/02\/15\/sagui-e-jiboia-sao-resgatados-avaliados-e-devolvidos-ao-meio-ambiente-em-vitoria\/","title":{"rendered":"Sagui e jiboia s\u00e3o resgatados, avaliados e devolvidos ao meio ambiente em Vit\u00f3ria"},"content":{"rendered":"\n<p>Mais dois animais foram resgatados pelo Servi\u00e7o de Resgate de Animais Silvestres, da Secretaria Municipal de Meio Ambiente (Semmam). Ap\u00f3s o Servi\u00e7o ser acionado, o t\u00e9cnico Saulo Ramos se dirigiu a um estabelecimento comercial, no bairro Santa Luiza, para resgatar um sagui. O animal havia sido eletrocutado, mas apresentava bom estado de sa\u00fade, com apenas um ferimento cicatrizado.<br>O sagui passou por avalia\u00e7\u00e3o e foi devolvido ao meio ambiente, no Parque da Fonte Grande. Um outro chamado recebido pela equipe da Semmam foi para o resgate de uma jiboia, no bairro Santa L\u00facia. O animal passou por avalia\u00e7\u00e3o e foi devolvido ao meio ambiente, tamb\u00e9m no Parque da Fonte Grande.<\/p>\n\n\n\n<div class=\"wp-block-image\"><figure class=\"alignleft size-large is-resized\"><img loading=\"lazy\" decoding=\"async\" src=\"https:\/\/jornalfatosenoticias.com.br\/wp-content\/uploads\/2022\/02\/SAGUI.jpg\" alt=\"\" class=\"wp-image-27950\" width=\"244\" height=\"188\" srcset=\"https:\/\/jornalfatosenoticias.com.br\/wp-content\/uploads\/2022\/02\/SAGUI.jpg 1000w, https:\/\/jornalfatosenoticias.com.br\/wp-content\/uploads\/2022\/02\/SAGUI-300x230.jpg 300w, https:\/\/jornalfatosenoticias.com.br\/wp-content\/uploads\/2022\/02\/SAGUI-768x588.jpg 768w\" sizes=\"auto, (max-width: 244px) 100vw, 244px\" \/><figcaption><em><span class=\"has-inline-color has-black-color\">Sagui resgatado (Foto: Divulga\u00e7\u00e3o)<\/span><\/em><\/figcaption><\/figure><\/div>\n\n\n\n<p><strong><span class=\"has-inline-color has-vivid-green-cyan-color\">Servi\u00e7o de Recolhimento de Animais Silvestres<br><\/span><\/strong>Para quem encontrar um animal silvestre fora do seu habitat natural, a Semmam orienta ligar imediatamente para o Servi\u00e7o, seguir as orienta\u00e7\u00f5es e aguardar o profissional fazer o recolhimento. O animal ser\u00e1 avaliado e poder\u00e1 ser reintroduzido diretamente \u00e0 natureza, em um dos parques naturais de Vit\u00f3ria, ou levado ao Ipram, em Cariacica, ou para o Centro de Triagem de Animais Silvestres (Cetas), em Barcelona, na Serra.<\/p>\n\n\n\n<blockquote class=\"wp-block-quote is-layout-flow wp-block-quote-is-layout-flow\"><p><span class=\"has-inline-color has-luminous-vivid-orange-color\">&#8220;O Servi\u00e7o de Resgate de Animais Silvestres tem por objetivo recuperar o animal e depois devolv\u00ea-lo ao seu habitat natural&#8221;, explica o subsecret\u00e1rio de Qualidade Ambiental e Bem-Estar Animal, Breno Panetto.<\/span><\/p><\/blockquote>\n\n\n\n<div class=\"wp-block-image\"><figure class=\"alignright size-large is-resized\"><img loading=\"lazy\" decoding=\"async\" src=\"https:\/\/jornalfatosenoticias.com.br\/wp-content\/uploads\/2022\/02\/JIBOIA.jpg\" alt=\"\" class=\"wp-image-27951\" width=\"303\" height=\"155\" srcset=\"https:\/\/jornalfatosenoticias.com.br\/wp-content\/uploads\/2022\/02\/JIBOIA.jpg 1000w, https:\/\/jornalfatosenoticias.com.br\/wp-content\/uploads\/2022\/02\/JIBOIA-300x154.jpg 300w, https:\/\/jornalfatosenoticias.com.br\/wp-content\/uploads\/2022\/02\/JIBOIA-768x395.jpg 768w\" sizes=\"auto, (max-width: 303px) 100vw, 303px\" \/><figcaption><em><span class=\"has-inline-color has-black-color\">Jiboia resgatada (Foto: Divulga\u00e7\u00e3o)<\/span><\/em><\/figcaption><\/figure><\/div>\n\n\n\n<p>O atendimento do Servi\u00e7o de Recolhimento de Animais Silvestres \u00e9 feito pelo telefone (27) 99724-2788 ou pelo Fala Vit\u00f3ria 156.<\/p>\n\n\n\n<p><strong><em>Fonte: <a href=\"https:\/\/www.vitoria.es.gov.br\/noticia\/sagui-e-jiboia-sao-resgatados-avaliados-e-devolvidos-ao-meio-ambiente-44636\">PMV<\/a><\/em><\/strong><\/p>\n","protected":false},"excerpt":{"rendered":"<p>Mais dois animais foram resgatados pelo Servi\u00e7o de Resgate de Animais Silvestres, da Secretaria Municipal de Meio Ambiente (Semmam). Ap\u00f3s o Servi\u00e7o ser acionado, o t\u00e9cnico Saulo Ramos se dirigiu a um estabelecimento comercial, no bairro Santa Luiza, para resgatar um sagui. O animal havia sido eletrocutado, mas apresentava bom estado de sa\u00fade, com apenas [&hellip;]<\/p>\n","protected":false},"author":2,"featured_media":27952,"comment_status":"open","ping_status":"open","sticky":false,"template":"","format":"standard","meta":{"footnotes":""},"categories":[8],"tags":[13330,13332,13331,2733,882],"class_list":["post-27949","post","type-post","status-publish","format-standard","has-post-thumbnail","hentry","category-meio-ambiente","tag-jiboia","tag-resgate-de-animais","tag-sagui","tag-semmam","tag-vitoria"],"yoast_head":"<!-- This site is optimized with the Yoast SEO plugin v26.5 - https:\/\/yoast.com\/wordpress\/plugins\/seo\/ -->\n<title>Sagui e jiboia s\u00e3o resgatados, avaliados e devolvidos ao meio ambiente em Vit\u00f3ria - Jornal Fatos e Not\u00edcias<\/title>\n<meta name=\"robots\" content=\"index, follow, max-snippet:-1, max-image-preview:large, max-video-preview:-1\" \/>\n<link rel=\"canonical\" href=\"https:\/\/jornalfatosenoticias.com.br\/index.php\/2022\/02\/15\/sagui-e-jiboia-sao-resgatados-avaliados-e-devolvidos-ao-meio-ambiente-em-vitoria\/\" \/>\n<meta property=\"og:locale\" content=\"pt_BR\" \/>\n<meta property=\"og:type\" content=\"article\" \/>\n<meta property=\"og:title\" content=\"Sagui e jiboia s\u00e3o resgatados, avaliados e devolvidos ao meio ambiente em Vit\u00f3ria - Jornal Fatos e Not\u00edcias\" \/>\n<meta property=\"og:description\" content=\"Mais dois animais foram resgatados pelo Servi\u00e7o de Resgate de Animais Silvestres, da Secretaria Municipal de Meio Ambiente (Semmam). Ap\u00f3s o Servi\u00e7o ser acionado, o t\u00e9cnico Saulo Ramos se dirigiu a um estabelecimento comercial, no bairro Santa Luiza, para resgatar um sagui. O animal havia sido eletrocutado, mas apresentava bom estado de sa\u00fade, com apenas [&hellip;]\" \/>\n<meta property=\"og:url\" content=\"https:\/\/jornalfatosenoticias.com.br\/index.php\/2022\/02\/15\/sagui-e-jiboia-sao-resgatados-avaliados-e-devolvidos-ao-meio-ambiente-em-vitoria\/\" \/>\n<meta property=\"og:site_name\" content=\"Jornal Fatos e Not\u00edcias\" \/>\n<meta property=\"article:published_time\" content=\"2022-02-15T17:09:29+00:00\" \/>\n<meta property=\"article:modified_time\" content=\"2022-02-15T17:09:31+00:00\" \/>\n<meta property=\"og:image\" content=\"https:\/\/jornalfatosenoticias.com.br\/wp-content\/uploads\/2022\/02\/sagui-e-jiboia_capa.png\" \/>\n\t<meta property=\"og:image:width\" content=\"1000\" \/>\n\t<meta property=\"og:image:height\" content=\"350\" \/>\n\t<meta property=\"og:image:type\" content=\"image\/png\" \/>\n<meta name=\"author\" content=\"Luzimara Fernandes\" \/>\n<meta name=\"twitter:card\" content=\"summary_large_image\" \/>\n<meta name=\"twitter:label1\" content=\"Escrito por\" \/>\n\t<meta name=\"twitter:data1\" content=\"Luzimara Fernandes\" \/>\n\t<meta name=\"twitter:label2\" content=\"Est. tempo de leitura\" \/>\n\t<meta name=\"twitter:data2\" content=\"1 minuto\" \/>\n<script type=\"application\/ld+json\" class=\"yoast-schema-graph\">{\"@context\":\"https:\/\/schema.org\",\"@graph\":[{\"@type\":\"Article\",\"@id\":\"https:\/\/jornalfatosenoticias.com.br\/index.php\/2022\/02\/15\/sagui-e-jiboia-sao-resgatados-avaliados-e-devolvidos-ao-meio-ambiente-em-vitoria\/#article\",\"isPartOf\":{\"@id\":\"https:\/\/jornalfatosenoticias.com.br\/index.php\/2022\/02\/15\/sagui-e-jiboia-sao-resgatados-avaliados-e-devolvidos-ao-meio-ambiente-em-vitoria\/\"},\"author\":{\"name\":\"Luzimara Fernandes\",\"@id\":\"https:\/\/jornalfatosenoticias.com.br\/#\/schema\/person\/d63837fa13ac8666eb9e74e0985d6f81\"},\"headline\":\"Sagui e jiboia s\u00e3o resgatados, avaliados e devolvidos ao meio ambiente em Vit\u00f3ria\",\"datePublished\":\"2022-02-15T17:09:29+00:00\",\"dateModified\":\"2022-02-15T17:09:31+00:00\",\"mainEntityOfPage\":{\"@id\":\"https:\/\/jornalfatosenoticias.com.br\/index.php\/2022\/02\/15\/sagui-e-jiboia-sao-resgatados-avaliados-e-devolvidos-ao-meio-ambiente-em-vitoria\/\"},\"wordCount\":275,\"commentCount\":0,\"publisher\":{\"@id\":\"https:\/\/jornalfatosenoticias.com.br\/#organization\"},\"image\":{\"@id\":\"https:\/\/jornalfatosenoticias.com.br\/index.php\/2022\/02\/15\/sagui-e-jiboia-sao-resgatados-avaliados-e-devolvidos-ao-meio-ambiente-em-vitoria\/#primaryimage\"},\"thumbnailUrl\":\"https:\/\/jornalfatosenoticias.com.br\/wp-content\/uploads\/2022\/02\/sagui-e-jiboia_capa.png\",\"keywords\":[\"jiboia\",\"resgate de animais\",\"sagui\",\"Semmam\",\"Vit\u00f3ria\"],\"articleSection\":[\"Meio ambiente\"],\"inLanguage\":\"pt-BR\",\"potentialAction\":[{\"@type\":\"CommentAction\",\"name\":\"Comment\",\"target\":[\"https:\/\/jornalfatosenoticias.com.br\/index.php\/2022\/02\/15\/sagui-e-jiboia-sao-resgatados-avaliados-e-devolvidos-ao-meio-ambiente-em-vitoria\/#respond\"]}]},{\"@type\":\"WebPage\",\"@id\":\"https:\/\/jornalfatosenoticias.com.br\/index.php\/2022\/02\/15\/sagui-e-jiboia-sao-resgatados-avaliados-e-devolvidos-ao-meio-ambiente-em-vitoria\/\",\"url\":\"https:\/\/jornalfatosenoticias.com.br\/index.php\/2022\/02\/15\/sagui-e-jiboia-sao-resgatados-avaliados-e-devolvidos-ao-meio-ambiente-em-vitoria\/\",\"name\":\"Sagui e jiboia s\u00e3o resgatados, avaliados e devolvidos ao meio ambiente em Vit\u00f3ria - Jornal Fatos e Not\u00edcias\",\"isPartOf\":{\"@id\":\"https:\/\/jornalfatosenoticias.com.br\/#website\"},\"primaryImageOfPage\":{\"@id\":\"https:\/\/jornalfatosenoticias.com.br\/index.php\/2022\/02\/15\/sagui-e-jiboia-sao-resgatados-avaliados-e-devolvidos-ao-meio-ambiente-em-vitoria\/#primaryimage\"},\"image\":{\"@id\":\"https:\/\/jornalfatosenoticias.com.br\/index.php\/2022\/02\/15\/sagui-e-jiboia-sao-resgatados-avaliados-e-devolvidos-ao-meio-ambiente-em-vitoria\/#primaryimage\"},\"thumbnailUrl\":\"https:\/\/jornalfatosenoticias.com.br\/wp-content\/uploads\/2022\/02\/sagui-e-jiboia_capa.png\",\"datePublished\":\"2022-02-15T17:09:29+00:00\",\"dateModified\":\"2022-02-15T17:09:31+00:00\",\"breadcrumb\":{\"@id\":\"https:\/\/jornalfatosenoticias.com.br\/index.php\/2022\/02\/15\/sagui-e-jiboia-sao-resgatados-avaliados-e-devolvidos-ao-meio-ambiente-em-vitoria\/#breadcrumb\"},\"inLanguage\":\"pt-BR\",\"potentialAction\":[{\"@type\":\"ReadAction\",\"target\":[\"https:\/\/jornalfatosenoticias.com.br\/index.php\/2022\/02\/15\/sagui-e-jiboia-sao-resgatados-avaliados-e-devolvidos-ao-meio-ambiente-em-vitoria\/\"]}]},{\"@type\":\"ImageObject\",\"inLanguage\":\"pt-BR\",\"@id\":\"https:\/\/jornalfatosenoticias.com.br\/index.php\/2022\/02\/15\/sagui-e-jiboia-sao-resgatados-avaliados-e-devolvidos-ao-meio-ambiente-em-vitoria\/#primaryimage\",\"url\":\"https:\/\/jornalfatosenoticias.com.br\/wp-content\/uploads\/2022\/02\/sagui-e-jiboia_capa.png\",\"contentUrl\":\"https:\/\/jornalfatosenoticias.com.br\/wp-content\/uploads\/2022\/02\/sagui-e-jiboia_capa.png\",\"width\":1000,\"height\":350},{\"@type\":\"BreadcrumbList\",\"@id\":\"https:\/\/jornalfatosenoticias.com.br\/index.php\/2022\/02\/15\/sagui-e-jiboia-sao-resgatados-avaliados-e-devolvidos-ao-meio-ambiente-em-vitoria\/#breadcrumb\",\"itemListElement\":[{\"@type\":\"ListItem\",\"position\":1,\"name\":\"In\u00edcio\",\"item\":\"https:\/\/jornalfatosenoticias.com.br\/\"},{\"@type\":\"ListItem\",\"position\":2,\"name\":\"Sagui e jiboia s\u00e3o resgatados, avaliados e devolvidos ao meio ambiente em Vit\u00f3ria\"}]},{\"@type\":\"WebSite\",\"@id\":\"https:\/\/jornalfatosenoticias.com.br\/#website\",\"url\":\"https:\/\/jornalfatosenoticias.com.br\/\",\"name\":\"Jornal Fatos e Not\u00edcias\",\"description\":\"Not\u00edcias em geral\",\"publisher\":{\"@id\":\"https:\/\/jornalfatosenoticias.com.br\/#organization\"},\"potentialAction\":[{\"@type\":\"SearchAction\",\"target\":{\"@type\":\"EntryPoint\",\"urlTemplate\":\"https:\/\/jornalfatosenoticias.com.br\/?s={search_term_string}\"},\"query-input\":{\"@type\":\"PropertyValueSpecification\",\"valueRequired\":true,\"valueName\":\"search_term_string\"}}],\"inLanguage\":\"pt-BR\"},{\"@type\":\"Organization\",\"@id\":\"https:\/\/jornalfatosenoticias.com.br\/#organization\",\"name\":\"Jornal Fatos e Not\u00edcias\",\"url\":\"https:\/\/jornalfatosenoticias.com.br\/\",\"logo\":{\"@type\":\"ImageObject\",\"inLanguage\":\"pt-BR\",\"@id\":\"https:\/\/jornalfatosenoticias.com.br\/#\/schema\/logo\/image\/\",\"url\":\"https:\/\/jornalfatosenoticias.com.br\/wp-content\/uploads\/2020\/02\/logo120.png\",\"contentUrl\":\"https:\/\/jornalfatosenoticias.com.br\/wp-content\/uploads\/2020\/02\/logo120.png\",\"width\":1227,\"height\":120,\"caption\":\"Jornal Fatos e Not\u00edcias\"},\"image\":{\"@id\":\"https:\/\/jornalfatosenoticias.com.br\/#\/schema\/logo\/image\/\"}},{\"@type\":\"Person\",\"@id\":\"https:\/\/jornalfatosenoticias.com.br\/#\/schema\/person\/d63837fa13ac8666eb9e74e0985d6f81\",\"name\":\"Luzimara Fernandes\",\"image\":{\"@type\":\"ImageObject\",\"inLanguage\":\"pt-BR\",\"@id\":\"https:\/\/jornalfatosenoticias.com.br\/#\/schema\/person\/image\/\",\"url\":\"https:\/\/jornalfatosenoticias.com.br\/wp-content\/uploads\/2025\/05\/EU_portal.jpg\",\"contentUrl\":\"https:\/\/jornalfatosenoticias.com.br\/wp-content\/uploads\/2025\/05\/EU_portal.jpg\",\"caption\":\"Luzimara Fernandes\"},\"description\":\"Jornalista MTB 2358-ES\",\"sameAs\":[\"https:\/\/jornalfatosenoticias.com.br\"],\"url\":\"https:\/\/jornalfatosenoticias.com.br\/index.php\/author\/luzimara\/\"}]}<\/script>\n<!-- \/ Yoast SEO plugin. -->","yoast_head_json":{"title":"Sagui e jiboia s\u00e3o resgatados, avaliados e devolvidos ao meio ambiente em Vit\u00f3ria - Jornal Fatos e Not\u00edcias","robots":{"index":"index","follow":"follow","max-snippet":"max-snippet:-1","max-image-preview":"max-image-preview:large","max-video-preview":"max-video-preview:-1"},"canonical":"https:\/\/jornalfatosenoticias.com.br\/index.php\/2022\/02\/15\/sagui-e-jiboia-sao-resgatados-avaliados-e-devolvidos-ao-meio-ambiente-em-vitoria\/","og_locale":"pt_BR","og_type":"article","og_title":"Sagui e jiboia s\u00e3o resgatados, avaliados e devolvidos ao meio ambiente em Vit\u00f3ria - Jornal Fatos e Not\u00edcias","og_description":"Mais dois animais foram resgatados pelo Servi\u00e7o de Resgate de Animais Silvestres, da Secretaria Municipal de Meio Ambiente (Semmam). Ap\u00f3s o Servi\u00e7o ser acionado, o t\u00e9cnico Saulo Ramos se dirigiu a um estabelecimento comercial, no bairro Santa Luiza, para resgatar um sagui. O animal havia sido eletrocutado, mas apresentava bom estado de sa\u00fade, com apenas [&hellip;]","og_url":"https:\/\/jornalfatosenoticias.com.br\/index.php\/2022\/02\/15\/sagui-e-jiboia-sao-resgatados-avaliados-e-devolvidos-ao-meio-ambiente-em-vitoria\/","og_site_name":"Jornal Fatos e Not\u00edcias","article_published_time":"2022-02-15T17:09:29+00:00","article_modified_time":"2022-02-15T17:09:31+00:00","og_image":[{"width":1000,"height":350,"url":"https:\/\/jornalfatosenoticias.com.br\/wp-content\/uploads\/2022\/02\/sagui-e-jiboia_capa.png","type":"image\/png"}],"author":"Luzimara Fernandes","twitter_card":"summary_large_image","twitter_misc":{"Escrito por":"Luzimara Fernandes","Est. tempo de leitura":"1 minuto"},"schema":{"@context":"https:\/\/schema.org","@graph":[{"@type":"Article","@id":"https:\/\/jornalfatosenoticias.com.br\/index.php\/2022\/02\/15\/sagui-e-jiboia-sao-resgatados-avaliados-e-devolvidos-ao-meio-ambiente-em-vitoria\/#article","isPartOf":{"@id":"https:\/\/jornalfatosenoticias.com.br\/index.php\/2022\/02\/15\/sagui-e-jiboia-sao-resgatados-avaliados-e-devolvidos-ao-meio-ambiente-em-vitoria\/"},"author":{"name":"Luzimara Fernandes","@id":"https:\/\/jornalfatosenoticias.com.br\/#\/schema\/person\/d63837fa13ac8666eb9e74e0985d6f81"},"headline":"Sagui e jiboia s\u00e3o resgatados, avaliados e devolvidos ao meio ambiente em Vit\u00f3ria","datePublished":"2022-02-15T17:09:29+00:00","dateModified":"2022-02-15T17:09:31+00:00","mainEntityOfPage":{"@id":"https:\/\/jornalfatosenoticias.com.br\/index.php\/2022\/02\/15\/sagui-e-jiboia-sao-resgatados-avaliados-e-devolvidos-ao-meio-ambiente-em-vitoria\/"},"wordCount":275,"commentCount":0,"publisher":{"@id":"https:\/\/jornalfatosenoticias.com.br\/#organization"},"image":{"@id":"https:\/\/jornalfatosenoticias.com.br\/index.php\/2022\/02\/15\/sagui-e-jiboia-sao-resgatados-avaliados-e-devolvidos-ao-meio-ambiente-em-vitoria\/#primaryimage"},"thumbnailUrl":"https:\/\/jornalfatosenoticias.com.br\/wp-content\/uploads\/2022\/02\/sagui-e-jiboia_capa.png","keywords":["jiboia","resgate de animais","sagui","Semmam","Vit\u00f3ria"],"articleSection":["Meio ambiente"],"inLanguage":"pt-BR","potentialAction":[{"@type":"CommentAction","name":"Comment","target":["https:\/\/jornalfatosenoticias.com.br\/index.php\/2022\/02\/15\/sagui-e-jiboia-sao-resgatados-avaliados-e-devolvidos-ao-meio-ambiente-em-vitoria\/#respond"]}]},{"@type":"WebPage","@id":"https:\/\/jornalfatosenoticias.com.br\/index.php\/2022\/02\/15\/sagui-e-jiboia-sao-resgatados-avaliados-e-devolvidos-ao-meio-ambiente-em-vitoria\/","url":"https:\/\/jornalfatosenoticias.com.br\/index.php\/2022\/02\/15\/sagui-e-jiboia-sao-resgatados-avaliados-e-devolvidos-ao-meio-ambiente-em-vitoria\/","name":"Sagui e jiboia s\u00e3o resgatados, avaliados e devolvidos ao meio ambiente em Vit\u00f3ria - Jornal Fatos e Not\u00edcias","isPartOf":{"@id":"https:\/\/jornalfatosenoticias.com.br\/#website"},"primaryImageOfPage":{"@id":"https:\/\/jornalfatosenoticias.com.br\/index.php\/2022\/02\/15\/sagui-e-jiboia-sao-resgatados-avaliados-e-devolvidos-ao-meio-ambiente-em-vitoria\/#primaryimage"},"image":{"@id":"https:\/\/jornalfatosenoticias.com.br\/index.php\/2022\/02\/15\/sagui-e-jiboia-sao-resgatados-avaliados-e-devolvidos-ao-meio-ambiente-em-vitoria\/#primaryimage"},"thumbnailUrl":"https:\/\/jornalfatosenoticias.com.br\/wp-content\/uploads\/2022\/02\/sagui-e-jiboia_capa.png","datePublished":"2022-02-15T17:09:29+00:00","dateModified":"2022-02-15T17:09:31+00:00","breadcrumb":{"@id":"https:\/\/jornalfatosenoticias.com.br\/index.php\/2022\/02\/15\/sagui-e-jiboia-sao-resgatados-avaliados-e-devolvidos-ao-meio-ambiente-em-vitoria\/#breadcrumb"},"inLanguage":"pt-BR","potentialAction":[{"@type":"ReadAction","target":["https:\/\/jornalfatosenoticias.com.br\/index.php\/2022\/02\/15\/sagui-e-jiboia-sao-resgatados-avaliados-e-devolvidos-ao-meio-ambiente-em-vitoria\/"]}]},{"@type":"ImageObject","inLanguage":"pt-BR","@id":"https:\/\/jornalfatosenoticias.com.br\/index.php\/2022\/02\/15\/sagui-e-jiboia-sao-resgatados-avaliados-e-devolvidos-ao-meio-ambiente-em-vitoria\/#primaryimage","url":"https:\/\/jornalfatosenoticias.com.br\/wp-content\/uploads\/2022\/02\/sagui-e-jiboia_capa.png","contentUrl":"https:\/\/jornalfatosenoticias.com.br\/wp-content\/uploads\/2022\/02\/sagui-e-jiboia_capa.png","width":1000,"height":350},{"@type":"BreadcrumbList","@id":"https:\/\/jornalfatosenoticias.com.br\/index.php\/2022\/02\/15\/sagui-e-jiboia-sao-resgatados-avaliados-e-devolvidos-ao-meio-ambiente-em-vitoria\/#breadcrumb","itemListElement":[{"@type":"ListItem","position":1,"name":"In\u00edcio","item":"https:\/\/jornalfatosenoticias.com.br\/"},{"@type":"ListItem","position":2,"name":"Sagui e jiboia s\u00e3o resgatados, avaliados e devolvidos ao meio ambiente em Vit\u00f3ria"}]},{"@type":"WebSite","@id":"https:\/\/jornalfatosenoticias.com.br\/#website","url":"https:\/\/jornalfatosenoticias.com.br\/","name":"Jornal Fatos e Not\u00edcias","description":"Not\u00edcias em geral","publisher":{"@id":"https:\/\/jornalfatosenoticias.com.br\/#organization"},"potentialAction":[{"@type":"SearchAction","target":{"@type":"EntryPoint","urlTemplate":"https:\/\/jornalfatosenoticias.com.br\/?s={search_term_string}"},"query-input":{"@type":"PropertyValueSpecification","valueRequired":true,"valueName":"search_term_string"}}],"inLanguage":"pt-BR"},{"@type":"Organization","@id":"https:\/\/jornalfatosenoticias.com.br\/#organization","name":"Jornal Fatos e Not\u00edcias","url":"https:\/\/jornalfatosenoticias.com.br\/","logo":{"@type":"ImageObject","inLanguage":"pt-BR","@id":"https:\/\/jornalfatosenoticias.com.br\/#\/schema\/logo\/image\/","url":"https:\/\/jornalfatosenoticias.com.br\/wp-content\/uploads\/2020\/02\/logo120.png","contentUrl":"https:\/\/jornalfatosenoticias.com.br\/wp-content\/uploads\/2020\/02\/logo120.png","width":1227,"height":120,"caption":"Jornal Fatos e Not\u00edcias"},"image":{"@id":"https:\/\/jornalfatosenoticias.com.br\/#\/schema\/logo\/image\/"}},{"@type":"Person","@id":"https:\/\/jornalfatosenoticias.com.br\/#\/schema\/person\/d63837fa13ac8666eb9e74e0985d6f81","name":"Luzimara Fernandes","image":{"@type":"ImageObject","inLanguage":"pt-BR","@id":"https:\/\/jornalfatosenoticias.com.br\/#\/schema\/person\/image\/","url":"https:\/\/jornalfatosenoticias.com.br\/wp-content\/uploads\/2025\/05\/EU_portal.jpg","contentUrl":"https:\/\/jornalfatosenoticias.com.br\/wp-content\/uploads\/2025\/05\/EU_portal.jpg","caption":"Luzimara Fernandes"},"description":"Jornalista MTB 2358-ES","sameAs":["https:\/\/jornalfatosenoticias.com.br"],"url":"https:\/\/jornalfatosenoticias.com.br\/index.php\/author\/luzimara\/"}]}},"cc_featured_image_caption":{"caption_text":"(Foto: Divulga\u00e7\u00e3o)","source_text":"","source_url":""},"jetpack_featured_media_url":"https:\/\/jornalfatosenoticias.com.br\/wp-content\/uploads\/2022\/02\/sagui-e-jiboia_capa.png","_links":{"self":[{"href":"https:\/\/jornalfatosenoticias.com.br\/index.php\/wp-json\/wp\/v2\/posts\/27949","targetHints":{"allow":["GET"]}}],"collection":[{"href":"https:\/\/jornalfatosenoticias.com.br\/index.php\/wp-json\/wp\/v2\/posts"}],"about":[{"href":"https:\/\/jornalfatosenoticias.com.br\/index.php\/wp-json\/wp\/v2\/types\/post"}],"author":[{"embeddable":true,"href":"https:\/\/jornalfatosenoticias.com.br\/index.php\/wp-json\/wp\/v2\/users\/2"}],"replies":[{"embeddable":true,"href":"https:\/\/jornalfatosenoticias.com.br\/index.php\/wp-json\/wp\/v2\/comments?post=27949"}],"version-history":[{"count":0,"href":"https:\/\/jornalfatosenoticias.com.br\/index.php\/wp-json\/wp\/v2\/posts\/27949\/revisions"}],"wp:featuredmedia":[{"embeddable":true,"href":"https:\/\/jornalfatosenoticias.com.br\/index.php\/wp-json\/wp\/v2\/media\/27952"}],"wp:attachment":[{"href":"https:\/\/jornalfatosenoticias.com.br\/index.php\/wp-json\/wp\/v2\/media?parent=27949"}],"wp:term":[{"taxonomy":"category","embeddable":true,"href":"https:\/\/jornalfatosenoticias.com.br\/index.php\/wp-json\/wp\/v2\/categories?post=27949"},{"taxonomy":"post_tag","embeddable":true,"href":"https:\/\/jornalfatosenoticias.com.br\/index.php\/wp-json\/wp\/v2\/tags?post=27949"}],"curies":[{"name":"wp","href":"https:\/\/api.w.org\/{rel}","templated":true}]}}