{"id":27990,"date":"2022-02-16T13:09:35","date_gmt":"2022-02-16T16:09:35","guid":{"rendered":"https:\/\/jornalfatosenoticias.com.br\/?p=27990"},"modified":"2022-02-16T13:09:36","modified_gmt":"2022-02-16T16:09:36","slug":"cientistas-podem-ter-descoberto-a-origem-da-esquizofrenia-no-cerebro","status":"publish","type":"post","link":"https:\/\/jornalfatosenoticias.com.br\/index.php\/2022\/02\/16\/cientistas-podem-ter-descoberto-a-origem-da-esquizofrenia-no-cerebro\/","title":{"rendered":"Cientistas podem ter descoberto a origem da esquizofrenia no c\u00e9rebro"},"content":{"rendered":"\n<p>Um <a href=\"https:\/\/olhardigital.com.br\/tag\/estudo\/\" target=\"_blank\" rel=\"noreferrer noopener\">estudo<\/a>\u00a0liderado por pesquisadores da Faculdade de Letras, Artes e Ci\u00eancias da USC Dornsife e publicado on-line na \u00faltima quinta-feira (10) na Nature Communications descobriu que as muta\u00e7\u00f5es que inibem a\u00a0<a href=\"https:\/\/olhardigital.com.br\/tag\/proteina\/\" target=\"_blank\" rel=\"noreferrer noopener\">prote\u00edna<\/a> 97 associada \u00e0 sinapse, ou SAP97, podem dar origem \u00e0 esquizofrenia. De acordo com o artigo, os cientistas estavam em um processo de resolver um mist\u00e9rio de d\u00e9cadas sobre uma determinada prote\u00edna e acabaram identificando um local espec\u00edfico no <a href=\"https:\/\/olhardigital.com.br\/tag\/cerebro\/\" target=\"_blank\" rel=\"noreferrer noopener\">c\u00e9rebro<\/a> onde a esquizofrenia pode se originar.<br>Os especialistas envolvidos no estudo afirmam que essas muta\u00e7\u00f5es identificadas aumentam em 40 vezes o risco da pessoa desenvolver a esquizofrenia. Esse \u00e9 o maior aumento no risco j\u00e1 encontrado at\u00e9 o momento.<br>A demora para tal descoberta \u00e9 culpa pela falta de conhecimento sobre a fun\u00e7\u00e3o normal da SAP97. N\u00e3o saber como essa prote\u00edna funciona manteve coberta os motivos pelos quais as muta\u00e7\u00e3o levam \u00e0 esquizofrenia.<\/p>\n\n\n\n<blockquote class=\"wp-block-quote is-layout-flow wp-block-quote-is-layout-flow\"><p><span class=\"has-inline-color has-luminous-vivid-orange-color\">\u201cA fun\u00e7\u00e3o reduzida do SAP97 pode muito bem dar origem ao maior aumento no risco de esquizofrenia em humanos que conhecemos, mas a fun\u00e7\u00e3o do SAP97 tem sido um mist\u00e9rio total por d\u00e9cadas. Nosso estudo revela onde o SAP97 funciona no c\u00e9rebro e mostra exatamente o que as muta\u00e7\u00f5es associadas \u00e0 esquizofrenia nessa prote\u00edna fazem com os neur\u00f4nios\u201d, disse Bruce Herring, professor assistente de <a href=\"https:\/\/olhardigital.com.br\/tag\/ciencia\/\" target=\"_blank\" rel=\"noreferrer noopener\">ci\u00eancias<\/a> biol\u00f3gicas da USC Dornsife e principal autor do estudo.<\/span><\/p><\/blockquote>\n\n\n\n<p><strong><span class=\"has-inline-color has-black-color\">E agora?<br><\/span><\/strong>Depois da descoberta, qual o pr\u00f3ximo passo? Segundo Herring, ele e sua equipe planejam, em estudos futuros, procurar atividade SAP97 em outras \u00e1reas do c\u00e9rebro. O grupo tamb\u00e9m busca determinar se muta\u00e7\u00f5es ligadas \u00e0 esquizofrenia em outras prote\u00ednas produzem o mesmo aumento na sinaliza\u00e7\u00e3o glutamat\u00e9rgica no giro denteado.<\/p>\n\n\n\n<figure class=\"wp-block-image size-large\"><img loading=\"lazy\" decoding=\"async\" width=\"1024\" height=\"99\" src=\"https:\/\/jornalfatosenoticias.com.br\/wp-content\/uploads\/2020\/02\/Logo-Mizu-segunda-2-1024x99.png\" alt=\"\" class=\"wp-image-2353\" srcset=\"https:\/\/jornalfatosenoticias.com.br\/wp-content\/uploads\/2020\/02\/Logo-Mizu-segunda-2-1024x99.png 1024w, https:\/\/jornalfatosenoticias.com.br\/wp-content\/uploads\/2020\/02\/Logo-Mizu-segunda-2-300x29.png 300w, https:\/\/jornalfatosenoticias.com.br\/wp-content\/uploads\/2020\/02\/Logo-Mizu-segunda-2-768x74.png 768w, https:\/\/jornalfatosenoticias.com.br\/wp-content\/uploads\/2020\/02\/Logo-Mizu-segunda-2.png 1240w\" sizes=\"auto, (max-width: 1024px) 100vw, 1024px\" \/><\/figure>\n\n\n\n<p><strong><span class=\"has-inline-color has-black-color\">Dados robustos ligam abuso de maconha a casos de esquizofrenia<br><\/span><\/strong>Dados robustos de um novo estudo ligaram o abuso de maconha \u00e0 incid\u00eancia de doen\u00e7as mentais, como a esquizofrenia. Um desses estudos foi realizado na Dinamarca e os pesquisadores analisaram os registros de sa\u00fade de mais de 7,2 milh\u00f5es de pessoas e identificou uma correla\u00e7\u00e3o entre o uso indiscriminado de maconha e o desenvolvimento de esquizofrenia.<br>Os pesquisadores, por\u00e9m, ponderam que a liga\u00e7\u00e3o entre o consumo da droga e condi\u00e7\u00f5es neurol\u00f3gicas, como a esquizofrenia, se d\u00e1 quando existe o transtorno por uso de cannabis, que \u00e9 definido como uma forte depend\u00eancia de maconha. Este tipo de transtorno se d\u00e1 quando a depend\u00eancia \u00e9 t\u00e3o grande que afeta outros aspectos da vida da pessoa, como o trabalho.<\/p>\n\n\n\n<p><strong><em>Fonte: <a href=\"https:\/\/olhardigital.com.br\/2022\/02\/12\/medicina-e-saude\/cientistas-podem-ter-descoberto-a-origem-da-esquizofrenia-no-cerebro\/\">Olhar Digital<\/a><\/em><\/strong><\/p>\n","protected":false},"excerpt":{"rendered":"<p>Um estudo\u00a0liderado por pesquisadores da Faculdade de Letras, Artes e Ci\u00eancias da USC Dornsife e publicado on-line na \u00faltima quinta-feira (10) na Nature Communications descobriu que as muta\u00e7\u00f5es que inibem a\u00a0prote\u00edna 97 associada \u00e0 sinapse, ou SAP97, podem dar origem \u00e0 esquizofrenia. De acordo com o artigo, os cientistas estavam em um processo de resolver [&hellip;]<\/p>\n","protected":false},"author":2,"featured_media":27991,"comment_status":"open","ping_status":"open","sticky":false,"template":"","format":"standard","meta":{"footnotes":""},"categories":[11],"tags":[4114,714,115,74],"class_list":["post-27990","post","type-post","status-publish","format-standard","has-post-thumbnail","hentry","category-saude","tag-esquizofrenia","tag-estudo","tag-pesquisa","tag-saude"],"yoast_head":"<!-- This site is optimized with the Yoast SEO plugin v26.5 - https:\/\/yoast.com\/wordpress\/plugins\/seo\/ -->\n<title>Cientistas podem ter descoberto a origem da esquizofrenia no c\u00e9rebro - Jornal Fatos e Not\u00edcias<\/title>\n<meta name=\"robots\" content=\"index, follow, max-snippet:-1, max-image-preview:large, max-video-preview:-1\" \/>\n<link rel=\"canonical\" href=\"https:\/\/jornalfatosenoticias.com.br\/index.php\/2022\/02\/16\/cientistas-podem-ter-descoberto-a-origem-da-esquizofrenia-no-cerebro\/\" \/>\n<meta property=\"og:locale\" content=\"pt_BR\" \/>\n<meta property=\"og:type\" content=\"article\" \/>\n<meta property=\"og:title\" content=\"Cientistas podem ter descoberto a origem da esquizofrenia no c\u00e9rebro - Jornal Fatos e Not\u00edcias\" \/>\n<meta property=\"og:description\" content=\"Um estudo\u00a0liderado por pesquisadores da Faculdade de Letras, Artes e Ci\u00eancias da USC Dornsife e publicado on-line na \u00faltima quinta-feira (10) na Nature Communications descobriu que as muta\u00e7\u00f5es que inibem a\u00a0prote\u00edna 97 associada \u00e0 sinapse, ou SAP97, podem dar origem \u00e0 esquizofrenia. De acordo com o artigo, os cientistas estavam em um processo de resolver [&hellip;]\" \/>\n<meta property=\"og:url\" content=\"https:\/\/jornalfatosenoticias.com.br\/index.php\/2022\/02\/16\/cientistas-podem-ter-descoberto-a-origem-da-esquizofrenia-no-cerebro\/\" \/>\n<meta property=\"og:site_name\" content=\"Jornal Fatos e Not\u00edcias\" \/>\n<meta property=\"article:published_time\" content=\"2022-02-16T16:09:35+00:00\" \/>\n<meta property=\"article:modified_time\" content=\"2022-02-16T16:09:36+00:00\" \/>\n<meta property=\"og:image\" content=\"https:\/\/jornalfatosenoticias.com.br\/wp-content\/uploads\/2022\/02\/CEREBRO-ESQUIZOFRENIA_Shutterstock.jpg\" \/>\n\t<meta property=\"og:image:width\" content=\"1000\" \/>\n\t<meta property=\"og:image:height\" content=\"707\" \/>\n\t<meta property=\"og:image:type\" content=\"image\/jpeg\" \/>\n<meta name=\"author\" content=\"Luzimara Fernandes\" \/>\n<meta name=\"twitter:card\" content=\"summary_large_image\" \/>\n<meta name=\"twitter:label1\" content=\"Escrito por\" \/>\n\t<meta name=\"twitter:data1\" content=\"Luzimara Fernandes\" \/>\n\t<meta name=\"twitter:label2\" content=\"Est. tempo de leitura\" \/>\n\t<meta name=\"twitter:data2\" content=\"2 minutos\" \/>\n<script type=\"application\/ld+json\" class=\"yoast-schema-graph\">{\"@context\":\"https:\/\/schema.org\",\"@graph\":[{\"@type\":\"Article\",\"@id\":\"https:\/\/jornalfatosenoticias.com.br\/index.php\/2022\/02\/16\/cientistas-podem-ter-descoberto-a-origem-da-esquizofrenia-no-cerebro\/#article\",\"isPartOf\":{\"@id\":\"https:\/\/jornalfatosenoticias.com.br\/index.php\/2022\/02\/16\/cientistas-podem-ter-descoberto-a-origem-da-esquizofrenia-no-cerebro\/\"},\"author\":{\"name\":\"Luzimara Fernandes\",\"@id\":\"https:\/\/jornalfatosenoticias.com.br\/#\/schema\/person\/d63837fa13ac8666eb9e74e0985d6f81\"},\"headline\":\"Cientistas podem ter descoberto a origem da esquizofrenia no c\u00e9rebro\",\"datePublished\":\"2022-02-16T16:09:35+00:00\",\"dateModified\":\"2022-02-16T16:09:36+00:00\",\"mainEntityOfPage\":{\"@id\":\"https:\/\/jornalfatosenoticias.com.br\/index.php\/2022\/02\/16\/cientistas-podem-ter-descoberto-a-origem-da-esquizofrenia-no-cerebro\/\"},\"wordCount\":438,\"commentCount\":0,\"publisher\":{\"@id\":\"https:\/\/jornalfatosenoticias.com.br\/#organization\"},\"image\":{\"@id\":\"https:\/\/jornalfatosenoticias.com.br\/index.php\/2022\/02\/16\/cientistas-podem-ter-descoberto-a-origem-da-esquizofrenia-no-cerebro\/#primaryimage\"},\"thumbnailUrl\":\"https:\/\/jornalfatosenoticias.com.br\/wp-content\/uploads\/2022\/02\/CEREBRO-ESQUIZOFRENIA_Shutterstock.jpg\",\"keywords\":[\"esquizofrenia\",\"Estudo\",\"pesquisa\",\"sa\u00fade\"],\"articleSection\":[\"Sa\u00fade\"],\"inLanguage\":\"pt-BR\",\"potentialAction\":[{\"@type\":\"CommentAction\",\"name\":\"Comment\",\"target\":[\"https:\/\/jornalfatosenoticias.com.br\/index.php\/2022\/02\/16\/cientistas-podem-ter-descoberto-a-origem-da-esquizofrenia-no-cerebro\/#respond\"]}]},{\"@type\":\"WebPage\",\"@id\":\"https:\/\/jornalfatosenoticias.com.br\/index.php\/2022\/02\/16\/cientistas-podem-ter-descoberto-a-origem-da-esquizofrenia-no-cerebro\/\",\"url\":\"https:\/\/jornalfatosenoticias.com.br\/index.php\/2022\/02\/16\/cientistas-podem-ter-descoberto-a-origem-da-esquizofrenia-no-cerebro\/\",\"name\":\"Cientistas podem ter descoberto a origem da esquizofrenia no c\u00e9rebro - Jornal Fatos e Not\u00edcias\",\"isPartOf\":{\"@id\":\"https:\/\/jornalfatosenoticias.com.br\/#website\"},\"primaryImageOfPage\":{\"@id\":\"https:\/\/jornalfatosenoticias.com.br\/index.php\/2022\/02\/16\/cientistas-podem-ter-descoberto-a-origem-da-esquizofrenia-no-cerebro\/#primaryimage\"},\"image\":{\"@id\":\"https:\/\/jornalfatosenoticias.com.br\/index.php\/2022\/02\/16\/cientistas-podem-ter-descoberto-a-origem-da-esquizofrenia-no-cerebro\/#primaryimage\"},\"thumbnailUrl\":\"https:\/\/jornalfatosenoticias.com.br\/wp-content\/uploads\/2022\/02\/CEREBRO-ESQUIZOFRENIA_Shutterstock.jpg\",\"datePublished\":\"2022-02-16T16:09:35+00:00\",\"dateModified\":\"2022-02-16T16:09:36+00:00\",\"breadcrumb\":{\"@id\":\"https:\/\/jornalfatosenoticias.com.br\/index.php\/2022\/02\/16\/cientistas-podem-ter-descoberto-a-origem-da-esquizofrenia-no-cerebro\/#breadcrumb\"},\"inLanguage\":\"pt-BR\",\"potentialAction\":[{\"@type\":\"ReadAction\",\"target\":[\"https:\/\/jornalfatosenoticias.com.br\/index.php\/2022\/02\/16\/cientistas-podem-ter-descoberto-a-origem-da-esquizofrenia-no-cerebro\/\"]}]},{\"@type\":\"ImageObject\",\"inLanguage\":\"pt-BR\",\"@id\":\"https:\/\/jornalfatosenoticias.com.br\/index.php\/2022\/02\/16\/cientistas-podem-ter-descoberto-a-origem-da-esquizofrenia-no-cerebro\/#primaryimage\",\"url\":\"https:\/\/jornalfatosenoticias.com.br\/wp-content\/uploads\/2022\/02\/CEREBRO-ESQUIZOFRENIA_Shutterstock.jpg\",\"contentUrl\":\"https:\/\/jornalfatosenoticias.com.br\/wp-content\/uploads\/2022\/02\/CEREBRO-ESQUIZOFRENIA_Shutterstock.jpg\",\"width\":1000,\"height\":707},{\"@type\":\"BreadcrumbList\",\"@id\":\"https:\/\/jornalfatosenoticias.com.br\/index.php\/2022\/02\/16\/cientistas-podem-ter-descoberto-a-origem-da-esquizofrenia-no-cerebro\/#breadcrumb\",\"itemListElement\":[{\"@type\":\"ListItem\",\"position\":1,\"name\":\"In\u00edcio\",\"item\":\"https:\/\/jornalfatosenoticias.com.br\/\"},{\"@type\":\"ListItem\",\"position\":2,\"name\":\"Cientistas podem ter descoberto a origem da esquizofrenia no c\u00e9rebro\"}]},{\"@type\":\"WebSite\",\"@id\":\"https:\/\/jornalfatosenoticias.com.br\/#website\",\"url\":\"https:\/\/jornalfatosenoticias.com.br\/\",\"name\":\"Jornal Fatos e Not\u00edcias\",\"description\":\"Not\u00edcias em geral\",\"publisher\":{\"@id\":\"https:\/\/jornalfatosenoticias.com.br\/#organization\"},\"potentialAction\":[{\"@type\":\"SearchAction\",\"target\":{\"@type\":\"EntryPoint\",\"urlTemplate\":\"https:\/\/jornalfatosenoticias.com.br\/?s={search_term_string}\"},\"query-input\":{\"@type\":\"PropertyValueSpecification\",\"valueRequired\":true,\"valueName\":\"search_term_string\"}}],\"inLanguage\":\"pt-BR\"},{\"@type\":\"Organization\",\"@id\":\"https:\/\/jornalfatosenoticias.com.br\/#organization\",\"name\":\"Jornal Fatos e Not\u00edcias\",\"url\":\"https:\/\/jornalfatosenoticias.com.br\/\",\"logo\":{\"@type\":\"ImageObject\",\"inLanguage\":\"pt-BR\",\"@id\":\"https:\/\/jornalfatosenoticias.com.br\/#\/schema\/logo\/image\/\",\"url\":\"https:\/\/jornalfatosenoticias.com.br\/wp-content\/uploads\/2020\/02\/logo120.png\",\"contentUrl\":\"https:\/\/jornalfatosenoticias.com.br\/wp-content\/uploads\/2020\/02\/logo120.png\",\"width\":1227,\"height\":120,\"caption\":\"Jornal Fatos e Not\u00edcias\"},\"image\":{\"@id\":\"https:\/\/jornalfatosenoticias.com.br\/#\/schema\/logo\/image\/\"}},{\"@type\":\"Person\",\"@id\":\"https:\/\/jornalfatosenoticias.com.br\/#\/schema\/person\/d63837fa13ac8666eb9e74e0985d6f81\",\"name\":\"Luzimara Fernandes\",\"image\":{\"@type\":\"ImageObject\",\"inLanguage\":\"pt-BR\",\"@id\":\"https:\/\/jornalfatosenoticias.com.br\/#\/schema\/person\/image\/\",\"url\":\"https:\/\/jornalfatosenoticias.com.br\/wp-content\/uploads\/2025\/05\/EU_portal.jpg\",\"contentUrl\":\"https:\/\/jornalfatosenoticias.com.br\/wp-content\/uploads\/2025\/05\/EU_portal.jpg\",\"caption\":\"Luzimara Fernandes\"},\"description\":\"Jornalista MTB 2358-ES\",\"sameAs\":[\"https:\/\/jornalfatosenoticias.com.br\"],\"url\":\"https:\/\/jornalfatosenoticias.com.br\/index.php\/author\/luzimara\/\"}]}<\/script>\n<!-- \/ Yoast SEO plugin. -->","yoast_head_json":{"title":"Cientistas podem ter descoberto a origem da esquizofrenia no c\u00e9rebro - Jornal Fatos e Not\u00edcias","robots":{"index":"index","follow":"follow","max-snippet":"max-snippet:-1","max-image-preview":"max-image-preview:large","max-video-preview":"max-video-preview:-1"},"canonical":"https:\/\/jornalfatosenoticias.com.br\/index.php\/2022\/02\/16\/cientistas-podem-ter-descoberto-a-origem-da-esquizofrenia-no-cerebro\/","og_locale":"pt_BR","og_type":"article","og_title":"Cientistas podem ter descoberto a origem da esquizofrenia no c\u00e9rebro - Jornal Fatos e Not\u00edcias","og_description":"Um estudo\u00a0liderado por pesquisadores da Faculdade de Letras, Artes e Ci\u00eancias da USC Dornsife e publicado on-line na \u00faltima quinta-feira (10) na Nature Communications descobriu que as muta\u00e7\u00f5es que inibem a\u00a0prote\u00edna 97 associada \u00e0 sinapse, ou SAP97, podem dar origem \u00e0 esquizofrenia. De acordo com o artigo, os cientistas estavam em um processo de resolver [&hellip;]","og_url":"https:\/\/jornalfatosenoticias.com.br\/index.php\/2022\/02\/16\/cientistas-podem-ter-descoberto-a-origem-da-esquizofrenia-no-cerebro\/","og_site_name":"Jornal Fatos e Not\u00edcias","article_published_time":"2022-02-16T16:09:35+00:00","article_modified_time":"2022-02-16T16:09:36+00:00","og_image":[{"width":1000,"height":707,"url":"https:\/\/jornalfatosenoticias.com.br\/wp-content\/uploads\/2022\/02\/CEREBRO-ESQUIZOFRENIA_Shutterstock.jpg","type":"image\/jpeg"}],"author":"Luzimara Fernandes","twitter_card":"summary_large_image","twitter_misc":{"Escrito por":"Luzimara Fernandes","Est. tempo de leitura":"2 minutos"},"schema":{"@context":"https:\/\/schema.org","@graph":[{"@type":"Article","@id":"https:\/\/jornalfatosenoticias.com.br\/index.php\/2022\/02\/16\/cientistas-podem-ter-descoberto-a-origem-da-esquizofrenia-no-cerebro\/#article","isPartOf":{"@id":"https:\/\/jornalfatosenoticias.com.br\/index.php\/2022\/02\/16\/cientistas-podem-ter-descoberto-a-origem-da-esquizofrenia-no-cerebro\/"},"author":{"name":"Luzimara Fernandes","@id":"https:\/\/jornalfatosenoticias.com.br\/#\/schema\/person\/d63837fa13ac8666eb9e74e0985d6f81"},"headline":"Cientistas podem ter descoberto a origem da esquizofrenia no c\u00e9rebro","datePublished":"2022-02-16T16:09:35+00:00","dateModified":"2022-02-16T16:09:36+00:00","mainEntityOfPage":{"@id":"https:\/\/jornalfatosenoticias.com.br\/index.php\/2022\/02\/16\/cientistas-podem-ter-descoberto-a-origem-da-esquizofrenia-no-cerebro\/"},"wordCount":438,"commentCount":0,"publisher":{"@id":"https:\/\/jornalfatosenoticias.com.br\/#organization"},"image":{"@id":"https:\/\/jornalfatosenoticias.com.br\/index.php\/2022\/02\/16\/cientistas-podem-ter-descoberto-a-origem-da-esquizofrenia-no-cerebro\/#primaryimage"},"thumbnailUrl":"https:\/\/jornalfatosenoticias.com.br\/wp-content\/uploads\/2022\/02\/CEREBRO-ESQUIZOFRENIA_Shutterstock.jpg","keywords":["esquizofrenia","Estudo","pesquisa","sa\u00fade"],"articleSection":["Sa\u00fade"],"inLanguage":"pt-BR","potentialAction":[{"@type":"CommentAction","name":"Comment","target":["https:\/\/jornalfatosenoticias.com.br\/index.php\/2022\/02\/16\/cientistas-podem-ter-descoberto-a-origem-da-esquizofrenia-no-cerebro\/#respond"]}]},{"@type":"WebPage","@id":"https:\/\/jornalfatosenoticias.com.br\/index.php\/2022\/02\/16\/cientistas-podem-ter-descoberto-a-origem-da-esquizofrenia-no-cerebro\/","url":"https:\/\/jornalfatosenoticias.com.br\/index.php\/2022\/02\/16\/cientistas-podem-ter-descoberto-a-origem-da-esquizofrenia-no-cerebro\/","name":"Cientistas podem ter descoberto a origem da esquizofrenia no c\u00e9rebro - Jornal Fatos e Not\u00edcias","isPartOf":{"@id":"https:\/\/jornalfatosenoticias.com.br\/#website"},"primaryImageOfPage":{"@id":"https:\/\/jornalfatosenoticias.com.br\/index.php\/2022\/02\/16\/cientistas-podem-ter-descoberto-a-origem-da-esquizofrenia-no-cerebro\/#primaryimage"},"image":{"@id":"https:\/\/jornalfatosenoticias.com.br\/index.php\/2022\/02\/16\/cientistas-podem-ter-descoberto-a-origem-da-esquizofrenia-no-cerebro\/#primaryimage"},"thumbnailUrl":"https:\/\/jornalfatosenoticias.com.br\/wp-content\/uploads\/2022\/02\/CEREBRO-ESQUIZOFRENIA_Shutterstock.jpg","datePublished":"2022-02-16T16:09:35+00:00","dateModified":"2022-02-16T16:09:36+00:00","breadcrumb":{"@id":"https:\/\/jornalfatosenoticias.com.br\/index.php\/2022\/02\/16\/cientistas-podem-ter-descoberto-a-origem-da-esquizofrenia-no-cerebro\/#breadcrumb"},"inLanguage":"pt-BR","potentialAction":[{"@type":"ReadAction","target":["https:\/\/jornalfatosenoticias.com.br\/index.php\/2022\/02\/16\/cientistas-podem-ter-descoberto-a-origem-da-esquizofrenia-no-cerebro\/"]}]},{"@type":"ImageObject","inLanguage":"pt-BR","@id":"https:\/\/jornalfatosenoticias.com.br\/index.php\/2022\/02\/16\/cientistas-podem-ter-descoberto-a-origem-da-esquizofrenia-no-cerebro\/#primaryimage","url":"https:\/\/jornalfatosenoticias.com.br\/wp-content\/uploads\/2022\/02\/CEREBRO-ESQUIZOFRENIA_Shutterstock.jpg","contentUrl":"https:\/\/jornalfatosenoticias.com.br\/wp-content\/uploads\/2022\/02\/CEREBRO-ESQUIZOFRENIA_Shutterstock.jpg","width":1000,"height":707},{"@type":"BreadcrumbList","@id":"https:\/\/jornalfatosenoticias.com.br\/index.php\/2022\/02\/16\/cientistas-podem-ter-descoberto-a-origem-da-esquizofrenia-no-cerebro\/#breadcrumb","itemListElement":[{"@type":"ListItem","position":1,"name":"In\u00edcio","item":"https:\/\/jornalfatosenoticias.com.br\/"},{"@type":"ListItem","position":2,"name":"Cientistas podem ter descoberto a origem da esquizofrenia no c\u00e9rebro"}]},{"@type":"WebSite","@id":"https:\/\/jornalfatosenoticias.com.br\/#website","url":"https:\/\/jornalfatosenoticias.com.br\/","name":"Jornal Fatos e Not\u00edcias","description":"Not\u00edcias em geral","publisher":{"@id":"https:\/\/jornalfatosenoticias.com.br\/#organization"},"potentialAction":[{"@type":"SearchAction","target":{"@type":"EntryPoint","urlTemplate":"https:\/\/jornalfatosenoticias.com.br\/?s={search_term_string}"},"query-input":{"@type":"PropertyValueSpecification","valueRequired":true,"valueName":"search_term_string"}}],"inLanguage":"pt-BR"},{"@type":"Organization","@id":"https:\/\/jornalfatosenoticias.com.br\/#organization","name":"Jornal Fatos e Not\u00edcias","url":"https:\/\/jornalfatosenoticias.com.br\/","logo":{"@type":"ImageObject","inLanguage":"pt-BR","@id":"https:\/\/jornalfatosenoticias.com.br\/#\/schema\/logo\/image\/","url":"https:\/\/jornalfatosenoticias.com.br\/wp-content\/uploads\/2020\/02\/logo120.png","contentUrl":"https:\/\/jornalfatosenoticias.com.br\/wp-content\/uploads\/2020\/02\/logo120.png","width":1227,"height":120,"caption":"Jornal Fatos e Not\u00edcias"},"image":{"@id":"https:\/\/jornalfatosenoticias.com.br\/#\/schema\/logo\/image\/"}},{"@type":"Person","@id":"https:\/\/jornalfatosenoticias.com.br\/#\/schema\/person\/d63837fa13ac8666eb9e74e0985d6f81","name":"Luzimara Fernandes","image":{"@type":"ImageObject","inLanguage":"pt-BR","@id":"https:\/\/jornalfatosenoticias.com.br\/#\/schema\/person\/image\/","url":"https:\/\/jornalfatosenoticias.com.br\/wp-content\/uploads\/2025\/05\/EU_portal.jpg","contentUrl":"https:\/\/jornalfatosenoticias.com.br\/wp-content\/uploads\/2025\/05\/EU_portal.jpg","caption":"Luzimara Fernandes"},"description":"Jornalista MTB 2358-ES","sameAs":["https:\/\/jornalfatosenoticias.com.br"],"url":"https:\/\/jornalfatosenoticias.com.br\/index.php\/author\/luzimara\/"}]}},"cc_featured_image_caption":{"caption_text":"(Foto: Shutterstock) ","source_text":"","source_url":""},"jetpack_featured_media_url":"https:\/\/jornalfatosenoticias.com.br\/wp-content\/uploads\/2022\/02\/CEREBRO-ESQUIZOFRENIA_Shutterstock.jpg","_links":{"self":[{"href":"https:\/\/jornalfatosenoticias.com.br\/index.php\/wp-json\/wp\/v2\/posts\/27990","targetHints":{"allow":["GET"]}}],"collection":[{"href":"https:\/\/jornalfatosenoticias.com.br\/index.php\/wp-json\/wp\/v2\/posts"}],"about":[{"href":"https:\/\/jornalfatosenoticias.com.br\/index.php\/wp-json\/wp\/v2\/types\/post"}],"author":[{"embeddable":true,"href":"https:\/\/jornalfatosenoticias.com.br\/index.php\/wp-json\/wp\/v2\/users\/2"}],"replies":[{"embeddable":true,"href":"https:\/\/jornalfatosenoticias.com.br\/index.php\/wp-json\/wp\/v2\/comments?post=27990"}],"version-history":[{"count":0,"href":"https:\/\/jornalfatosenoticias.com.br\/index.php\/wp-json\/wp\/v2\/posts\/27990\/revisions"}],"wp:featuredmedia":[{"embeddable":true,"href":"https:\/\/jornalfatosenoticias.com.br\/index.php\/wp-json\/wp\/v2\/media\/27991"}],"wp:attachment":[{"href":"https:\/\/jornalfatosenoticias.com.br\/index.php\/wp-json\/wp\/v2\/media?parent=27990"}],"wp:term":[{"taxonomy":"category","embeddable":true,"href":"https:\/\/jornalfatosenoticias.com.br\/index.php\/wp-json\/wp\/v2\/categories?post=27990"},{"taxonomy":"post_tag","embeddable":true,"href":"https:\/\/jornalfatosenoticias.com.br\/index.php\/wp-json\/wp\/v2\/tags?post=27990"}],"curies":[{"name":"wp","href":"https:\/\/api.w.org\/{rel}","templated":true}]}}